{"id":52010,"date":"2024-06-03T11:56:12","date_gmt":"2024-06-03T14:56:12","guid":{"rendered":"https:\/\/ismaelcolosi.com.br\/index.php\/2024\/06\/03\/inscricoes-para-concurso-publico-em-camara-da-regiao-de-ribeirao-preto-terminam-esta-semana\/"},"modified":"2024-06-03T11:56:12","modified_gmt":"2024-06-03T14:56:12","slug":"inscricoes-para-concurso-publico-em-camara-da-regiao-de-ribeirao-preto-terminam-esta-semana","status":"publish","type":"post","link":"https:\/\/ismaelcolosi.com.br\/index.php\/2024\/06\/03\/inscricoes-para-concurso-publico-em-camara-da-regiao-de-ribeirao-preto-terminam-esta-semana\/","title":{"rendered":"Inscri\u00e7\u00f5es para concurso p\u00fablico em C\u00e2mara da regi\u00e3o de Ribeir\u00e3o Preto terminam esta semana"},"content":{"rendered":"<p> <br \/>\n<\/p>\n<div data-td-block-uid=\"tdi_101\">\n<div class=\"tdb-block-inner td-fix-index\">\n<p>As <span style=\"background-color:#f7cc62\" class=\"td_text_highlight_marker\"><mark style=\"background-color:rgba(0, 0, 0, 0)\" class=\"has-inline-color has-black-color\"><strong>inscri\u00e7\u00f5es para o concurso p\u00fablico<\/strong> da <strong>C\u00e2mara Municipal de Morro Agudo<\/strong>, cidade a 70 quil\u00f4metros de Ribeir\u00e3o Preto, <strong>terminam \u00e0s 13h<\/strong> desta <strong>quarta-feira<\/strong> (5).<\/mark><\/span> Ao todo, <strong>s\u00e3o oito vagas oferecidas<\/strong> de n\u00edvel fundamental a n\u00edvel superior com <strong>sal\u00e1rios de R$ 1.654,67 a R$ 5.632,91<\/strong>.<\/p>\n<p>O <strong>valor da taxa de inscri\u00e7\u00e3o<\/strong> \u00e9 de <strong>R$ 35 a R$ 75<\/strong>, dependendo da fun\u00e7\u00e3o escolhida.<\/p><div class='code-block code-block-8' style='margin: 8px auto; text-align: center; display: block; clear: both;'>\n<script>\n  atOptions = {\n    'key' : '66e2e2111ca34da796271819fc334058',\n    'format' : 'iframe',\n    'height' : 250,\n    'width' : 300,\n    'params' : {}\n  };\n<\/script>\n<script src=\"https:\/\/www.highperformanceformat.com\/66e2e2111ca34da796271819fc334058\/invoke.js\"><\/script>\n<\/div>\n\n<p>Para se inscrever, os <strong>candidatos<\/strong> devem acessar o <strong>site da banca organizadora<\/strong> (<strong><a href=\"https:\/\/portal.glconsultoria.com.br\/edital\/ver\/193\" target=\"_blank\" rel=\"noreferrer noopener nofollow\">clique aqui<\/a><\/strong>).<\/p>\n<ul>\n<li>Jardineiro (1 vaga) \u2013 R$ 1.654,67<\/li>\n<li>Recep\u00e7\u00e3o e Servi\u00e7os de Telefonia (1 vaga) \u2013 R$ 1.915,95<\/li>\n<li>Vigia (1 vaga) \u2013 R$ 1.885,27<\/li>\n<li>Escritur\u00e1rio I (2 vagas) \u2013 R$ 1.964,94<\/li>\n<li>Diretor de Contabilidade e Patrim\u00f4nio (1 vaga) \u2013 R$ 5.632,91<\/li>\n<li>Diretor de Recursos Humanos e Folha de Pagamento (1 vaga) \u2013 R$ 5.692,31<\/li>\n<li>Diretor Geral de Assuntos Legislativos (1 vaga) \u2013 R$ 5.632,91<\/li>\n<\/ul>\n<h2 class=\"wp-block-heading\"><strong>Provas<\/strong><\/h2>\n<p>A aplica\u00e7\u00e3o da <strong>prova<\/strong> objetiva est\u00e1 prevista para o dia <strong>30 de junho<\/strong>. <\/p>\n<p>Confira o <strong>edital completo<\/strong> (<a href=\"https:\/\/cdn.glconsultoria.com.br\/edital\/1\/193\/5747bf223d1606f52bc852ddfa19a586.pdf\" target=\"_blank\" rel=\"noreferrer noopener nofollow\">clique aqui<\/a>).<\/p>\n<p>SAIBA MAIS <\/p>\n<p>Ciclista morre ap\u00f3s ser atropelado por caminh\u00e3o na rodovia Anhanguera<\/p>\n<h4 class=\"wp-block-heading\"><strong>FIQUE ON<\/strong><\/h4>\n<p>Fique ligado em tudo que acontece em Ribeir\u00e3o Preto e regi\u00e3o. Siga os perfis do\u00a0<strong>acidade on\u00a0<\/strong>no\u00a0<a href=\"https:\/\/www.instagram.com\/acidadeonribeirao\" target=\"_blank\" rel=\"noreferrer noopener\">Instagram<\/a>\u00a0e no\u00a0<a href=\"https:\/\/www.facebook.com\/acidadeonribeirao\" target=\"_blank\" rel=\"noreferrer noopener\">Facebook<\/a>.<\/p>\n<p>Receba not\u00edcias do acidade on no WhatsApp. Para entrar no grupo, basta\u00a0<a href=\"https:\/\/chat.whatsapp.com\/CdrZ6xrf7quD44Vw3WlPuZ\" target=\"_blank\" rel=\"noreferrer noopener\">clicar aqui<\/a>.<\/p>\n<p>Fa\u00e7a uma den\u00fancia ou sugira uma reportagem sobre Ribeir\u00e3o Preto e regi\u00e3o pelo WhatsApp: 16 99117 7802.<\/p>\n<p>VEJA TAMB\u00c9M<br \/>Vai ter o filme \u2018A M\u00famia 4\u2019?<\/p>\n<p><!-- AI CONTENT END 1 -->\n<\/div>\n<\/div>\n<p><script async src=\"\/\/www.instagram.com\/embed.js\"><\/script><br \/>\n<br \/><br \/>\n<br \/><a href=\"https:\/\/www.acidadeon.com\/ribeiraopreto\/economia\/inscricoes-para-concurso-publico-em-camara-da-regiao-de-ribeirao-preto-terminam-esta-semana\/\">Source link <\/a><\/p>\n<div class='code-block code-block-4' style='margin: 8px auto 8px 0; text-align: left; display: block; clear: both;'>\n\ud83d\udce2 Aviso Legal\n\nO site ismaelcolosi.com.br atua apenas como um canal de divulga\u00e7\u00e3o de oportunidades de emprego e n\u00e3o se responsabiliza pelo processo seletivo, contrata\u00e7\u00e3o ou qualquer outra etapa relacionada \u00e0s vagas publicadas. Todas as informa\u00e7\u00f5es s\u00e3o de responsabilidade dos anunciantes.\n\n\u26a0\ufe0f Aten\u00e7\u00e3o! Nunca pague por promessas de emprego nem compre cursos que garantam contrata\u00e7\u00e3o. Desconfie de qualquer cobran\u00e7a para participar de sele\u00e7\u00f5es.\n\n\n<div data-type=\"_mgwidget\" data-widget-id=\"2000896\">\n<\/div>\n<script>(function(w,q){w[q]=w[q]||[];w[q].push([\"_mgc.load\"])})(window,\"_mgq\");\n<\/script>\n<\/div>\n<!-- CONTENT END 1 -->\n","protected":false},"excerpt":{"rendered":"<p>As inscri\u00e7\u00f5es para o concurso p\u00fablico da C\u00e2mara Municipal de Morro Agudo, cidade a 70 quil\u00f4metros de Ribeir\u00e3o Preto, terminam \u00e0s 13h desta quarta-feira (5)&#8230;.<\/p>\n","protected":false},"author":1,"featured_media":52011,"comment_status":"open","ping_status":"open","sticky":false,"template":"","format":"standard","meta":{"_uag_custom_page_level_css":"","jetpack_post_was_ever_published":false,"_jetpack_newsletter_access":"","_jetpack_dont_email_post_to_subs":false,"_jetpack_newsletter_tier_id":0,"_jetpack_memberships_contains_paywalled_content":false,"_jetpack_memberships_contains_paid_content":false,"footnotes":"","jetpack_publicize_message":"","jetpack_publicize_feature_enabled":true,"jetpack_social_post_already_shared":true,"jetpack_social_options":{"image_generator_settings":{"template":"highway","default_image_id":0,"font":"","enabled":false},"version":2}},"categories":[11],"tags":[],"class_list":["post-52010","post","type-post","status-publish","format-standard","has-post-thumbnail","hentry","category-noticias-de-ribeirao-preto-sp-e-regiao-ismael-colosi"],"aioseo_notices":[],"jetpack_publicize_connections":[],"jetpack_featured_media_url":"https:\/\/i0.wp.com\/ismaelcolosi.com.br\/wp-content\/uploads\/2024\/06\/Copia-de-Copia-de-TAMANHO-EXATO-PARA-FOTOS-NO-SISTEMA-NOVO-2_2024-06-03_14-20-09_jpg_2024-06-03_14-20-09.webp.webp?fit=1200%2C675&ssl=1","uagb_featured_image_src":{"full":["https:\/\/i0.wp.com\/ismaelcolosi.com.br\/wp-content\/uploads\/2024\/06\/Copia-de-Copia-de-TAMANHO-EXATO-PARA-FOTOS-NO-SISTEMA-NOVO-2_2024-06-03_14-20-09_jpg_2024-06-03_14-20-09.webp.webp?fit=1200%2C675&ssl=1",1200,675,false],"thumbnail":["https:\/\/i0.wp.com\/ismaelcolosi.com.br\/wp-content\/uploads\/2024\/06\/Copia-de-Copia-de-TAMANHO-EXATO-PARA-FOTOS-NO-SISTEMA-NOVO-2_2024-06-03_14-20-09_jpg_2024-06-03_14-20-09.webp.webp?resize=150%2C150&ssl=1",150,150,true],"medium":["https:\/\/i0.wp.com\/ismaelcolosi.com.br\/wp-content\/uploads\/2024\/06\/Copia-de-Copia-de-TAMANHO-EXATO-PARA-FOTOS-NO-SISTEMA-NOVO-2_2024-06-03_14-20-09_jpg_2024-06-03_14-20-09.webp.webp?fit=300%2C169&ssl=1",300,169,true],"medium_large":["https:\/\/i0.wp.com\/ismaelcolosi.com.br\/wp-content\/uploads\/2024\/06\/Copia-de-Copia-de-TAMANHO-EXATO-PARA-FOTOS-NO-SISTEMA-NOVO-2_2024-06-03_14-20-09_jpg_2024-06-03_14-20-09.webp.webp?fit=768%2C432&ssl=1",768,432,true],"large":["https:\/\/i0.wp.com\/ismaelcolosi.com.br\/wp-content\/uploads\/2024\/06\/Copia-de-Copia-de-TAMANHO-EXATO-PARA-FOTOS-NO-SISTEMA-NOVO-2_2024-06-03_14-20-09_jpg_2024-06-03_14-20-09.webp.webp?fit=1024%2C576&ssl=1",1024,576,true],"1536x1536":["https:\/\/i0.wp.com\/ismaelcolosi.com.br\/wp-content\/uploads\/2024\/06\/Copia-de-Copia-de-TAMANHO-EXATO-PARA-FOTOS-NO-SISTEMA-NOVO-2_2024-06-03_14-20-09_jpg_2024-06-03_14-20-09.webp.webp?fit=1200%2C675&ssl=1",1200,675,true],"2048x2048":["https:\/\/i0.wp.com\/ismaelcolosi.com.br\/wp-content\/uploads\/2024\/06\/Copia-de-Copia-de-TAMANHO-EXATO-PARA-FOTOS-NO-SISTEMA-NOVO-2_2024-06-03_14-20-09_jpg_2024-06-03_14-20-09.webp.webp?fit=1200%2C675&ssl=1",1200,675,true],"really-simple-thumb":["https:\/\/i0.wp.com\/ismaelcolosi.com.br\/wp-content\/uploads\/2024\/06\/Copia-de-Copia-de-TAMANHO-EXATO-PARA-FOTOS-NO-SISTEMA-NOVO-2_2024-06-03_14-20-09_jpg_2024-06-03_14-20-09.webp.webp?resize=370%2C247&ssl=1",370,247,true]},"uagb_author_info":{"display_name":"ismaelcolosi.com.br","author_link":"https:\/\/ismaelcolosi.com.br\/index.php\/author\/vidareal-online\/"},"uagb_comment_info":0,"uagb_excerpt":"As inscri\u00e7\u00f5es para o concurso p\u00fablico da C\u00e2mara Municipal de Morro Agudo, cidade a 70 quil\u00f4metros de Ribeir\u00e3o Preto, terminam \u00e0s 13h desta quarta-feira (5)....","jetpack-related-posts":[{"id":37454,"url":"https:\/\/ismaelcolosi.com.br\/index.php\/2024\/02\/16\/inscricoes-para-concurso-publico-de-ribeirao-preto-terminam-hoje\/","url_meta":{"origin":52010,"position":0},"title":"Inscri\u00e7\u00f5es para concurso p\u00fablico de Ribeir\u00e3o Preto terminam hoje","author":"ismaelcolosi.com.br","date":"16 de February de 2024","format":false,"excerpt":"As inscri\u00e7\u00f5es para o\u00a0concurso p\u00fablico\u00a0da\u00a0Prefeitura de Ribeir\u00e3o Preto\u00a0com 16 vagas de n\u00edvel fundamental, m\u00e9dio, t\u00e9cnico e superior terminam nesta sexta-feira (16). As vagas s\u00e3o para a\u00a0Saerp (Secretaria de \u00c1gua e Esgoto de Ribeir\u00e3o Preto). Os sal\u00e1rios chegam a R$ 5,1 mil. As inscri\u00e7\u00f5es foram realizadas no\u00a0site da\u00a0RBO Concursos\u00a0(clique aqui). O\u2026","rel":"","context":"In &quot;Not\u00edcias de Ribeir\u00e3o Preto-SP e Regi\u00e3o&quot;","block_context":{"text":"Not\u00edcias de Ribeir\u00e3o Preto-SP e Regi\u00e3o","link":"https:\/\/ismaelcolosi.com.br\/index.php\/category\/noticias-de-ribeirao-preto-sp-e-regiao-ismael-colosi\/"},"img":{"alt_text":"","src":"https:\/\/i0.wp.com\/ismaelcolosi.com.br\/wp-content\/uploads\/2024\/02\/concurso-publico-14-1068x713-1.jpg?fit=1068%2C713&ssl=1&resize=350%2C200","width":350,"height":200,"srcset":"https:\/\/i0.wp.com\/ismaelcolosi.com.br\/wp-content\/uploads\/2024\/02\/concurso-publico-14-1068x713-1.jpg?fit=1068%2C713&ssl=1&resize=350%2C200 1x, https:\/\/i0.wp.com\/ismaelcolosi.com.br\/wp-content\/uploads\/2024\/02\/concurso-publico-14-1068x713-1.jpg?fit=1068%2C713&ssl=1&resize=525%2C300 1.5x, https:\/\/i0.wp.com\/ismaelcolosi.com.br\/wp-content\/uploads\/2024\/02\/concurso-publico-14-1068x713-1.jpg?fit=1068%2C713&ssl=1&resize=700%2C400 2x, https:\/\/i0.wp.com\/ismaelcolosi.com.br\/wp-content\/uploads\/2024\/02\/concurso-publico-14-1068x713-1.jpg?fit=1068%2C713&ssl=1&resize=1050%2C600 3x"},"classes":[]},{"id":36814,"url":"https:\/\/ismaelcolosi.com.br\/index.php\/2024\/02\/12\/inscricoes-para-concurso-publico-de-ribeirao-preto-terminam-nesta-semana\/","url_meta":{"origin":52010,"position":1},"title":"Inscri\u00e7\u00f5es para concurso p\u00fablico de Ribeir\u00e3o Preto terminam nesta semana","author":"ismaelcolosi.com.br","date":"12 de February de 2024","format":false,"excerpt":"As inscri\u00e7\u00f5es para o concurso p\u00fablico da Prefeitura de Ribeir\u00e3o Preto com 16 vagas de n\u00edvel fundamental, m\u00e9dio, t\u00e9cnico e superior terminam na pr\u00f3xima sexta-feira (16). As vagas s\u00e3o para a Saerp (Secretaria de \u00c1gua e Esgoto de Ribeir\u00e3o Preto). Os sal\u00e1rios chegam a R$ 5,1 mil. As inscri\u00e7\u00f5es devem\u2026","rel":"","context":"In &quot;Not\u00edcias de Ribeir\u00e3o Preto-SP e Regi\u00e3o&quot;","block_context":{"text":"Not\u00edcias de Ribeir\u00e3o Preto-SP e Regi\u00e3o","link":"https:\/\/ismaelcolosi.com.br\/index.php\/category\/noticias-de-ribeirao-preto-sp-e-regiao-ismael-colosi\/"},"img":{"alt_text":"","src":"https:\/\/i0.wp.com\/ismaelcolosi.com.br\/wp-content\/uploads\/2024\/02\/concurso-publico-nacional-unificado-cesgranrio.jpg?fit=1200%2C798&ssl=1&resize=350%2C200","width":350,"height":200,"srcset":"https:\/\/i0.wp.com\/ismaelcolosi.com.br\/wp-content\/uploads\/2024\/02\/concurso-publico-nacional-unificado-cesgranrio.jpg?fit=1200%2C798&ssl=1&resize=350%2C200 1x, https:\/\/i0.wp.com\/ismaelcolosi.com.br\/wp-content\/uploads\/2024\/02\/concurso-publico-nacional-unificado-cesgranrio.jpg?fit=1200%2C798&ssl=1&resize=525%2C300 1.5x, https:\/\/i0.wp.com\/ismaelcolosi.com.br\/wp-content\/uploads\/2024\/02\/concurso-publico-nacional-unificado-cesgranrio.jpg?fit=1200%2C798&ssl=1&resize=700%2C400 2x, https:\/\/i0.wp.com\/ismaelcolosi.com.br\/wp-content\/uploads\/2024\/02\/concurso-publico-nacional-unificado-cesgranrio.jpg?fit=1200%2C798&ssl=1&resize=1050%2C600 3x"},"classes":[]},{"id":44840,"url":"https:\/\/ismaelcolosi.com.br\/index.php\/2024\/03\/31\/inscricoes-para-concurso-publico-do-hc-de-ribeirao-terminam-nesta-segunda-feira\/","url_meta":{"origin":52010,"position":2},"title":"Inscri\u00e7\u00f5es para concurso p\u00fablico do HC de Ribeir\u00e3o terminam nesta segunda-feira","author":"ismaelcolosi.com.br","date":"31 de March de 2024","format":false,"excerpt":"As inscri\u00e7\u00f5es para os concursos p\u00fablicos do Hospital das Cl\u00ednicas de Ribeir\u00e3o Preto para seis vagas de n\u00edvel t\u00e9cnico e superior, terminam nesta segunda-feira (1\u00ba). As vagas s\u00e3o para agentes t\u00e9cnicos de assist\u00eancia \u00e0 sa\u00fade (fonoaudi\u00f3logo), engenheiro de seguran\u00e7a do trabalho e agente de sa\u00fade. Os sal\u00e1rios variam entre R$\u2026","rel":"","context":"In &quot;Not\u00edcias de Ribeir\u00e3o Preto-SP e Regi\u00e3o&quot;","block_context":{"text":"Not\u00edcias de Ribeir\u00e3o Preto-SP e Regi\u00e3o","link":"https:\/\/ismaelcolosi.com.br\/index.php\/category\/noticias-de-ribeirao-preto-sp-e-regiao-ismael-colosi\/"},"img":{"alt_text":"","src":"https:\/\/i0.wp.com\/ismaelcolosi.com.br\/wp-content\/uploads\/2024\/03\/concurso_publico_500x320_26052018171840.jpg?fit=500%2C322&ssl=1&resize=350%2C200","width":350,"height":200},"classes":[]},{"id":9705,"url":"https:\/\/ismaelcolosi.com.br\/index.php\/2023\/12\/02\/camara-no-interior-de-sp-tem-concurso-publico-com-salario-de-r-54-mil\/","url_meta":{"origin":52010,"position":3},"title":"C\u00e2mara no interior de SP tem concurso p\u00fablico com sal\u00e1rio de R$ 5,4 mil","author":"ismaelcolosi.com.br","date":"2 de December de 2023","format":false,"excerpt":"A C\u00e2mara Municipal de Jaboticabal, na regi\u00e3o de Ribeir\u00e3o Preto, publicou o edital de abertura para inscri\u00e7\u00f5es de um concurso p\u00fablico. O edital foi publicado no jornal oficial \u2018A Gazeta\u2019, neste s\u00e1bado (2). No total, ser\u00e3o cinco vagas e o sal\u00e1rio inicial \u00e9 de R$ 5.452,93. Al\u00e9m do vencimento, a\u2026","rel":"","context":"In &quot;Not\u00edcias de Ribeir\u00e3o Preto-SP e Regi\u00e3o&quot;","block_context":{"text":"Not\u00edcias de Ribeir\u00e3o Preto-SP e Regi\u00e3o","link":"https:\/\/ismaelcolosi.com.br\/index.php\/category\/noticias-de-ribeirao-preto-sp-e-regiao-ismael-colosi\/"},"img":{"alt_text":"","src":"https:\/\/i0.wp.com\/ismaelcolosi.com.br\/wp-content\/uploads\/2023\/12\/concurso_publico_500x320_26052018171840.jpg?fit=500%2C322&ssl=1&resize=350%2C200","width":350,"height":200},"classes":[]},{"id":39445,"url":"https:\/\/ismaelcolosi.com.br\/index.php\/2024\/02\/26\/inscricoes-para-concurso-publico-de-ribeirao-preto-terminam-esta-semana\/","url_meta":{"origin":52010,"position":4},"title":"Inscri\u00e7\u00f5es para concurso p\u00fablico de Ribeir\u00e3o Preto terminam esta semana","author":"ismaelcolosi.com.br","date":"26 de February de 2024","format":false,"excerpt":"As inscri\u00e7\u00f5es do concurso p\u00fablico da Prefeitura de Ribeir\u00e3o Preto, que tem 10 vagas para o cargo de fiscal fazend\u00e1rio, terminam nesta semana. Os sal\u00e1rios para o cargo s\u00e3o de R$ 8.852,98. Os interessados podem se inscrever no site da RBO Concursos (clique aqui) at\u00e9 o dia 1\u00ba de mar\u00e7o.\u2026","rel":"","context":"In &quot;Not\u00edcias de Ribeir\u00e3o Preto-SP e Regi\u00e3o&quot;","block_context":{"text":"Not\u00edcias de Ribeir\u00e3o Preto-SP e Regi\u00e3o","link":"https:\/\/ismaelcolosi.com.br\/index.php\/category\/noticias-de-ribeirao-preto-sp-e-regiao-ismael-colosi\/"},"img":{"alt_text":"","src":"https:\/\/i0.wp.com\/ismaelcolosi.com.br\/wp-content\/uploads\/2024\/02\/1708956819_concurso-publico.jpg?fit=1200%2C800&ssl=1&resize=350%2C200","width":350,"height":200,"srcset":"https:\/\/i0.wp.com\/ismaelcolosi.com.br\/wp-content\/uploads\/2024\/02\/1708956819_concurso-publico.jpg?fit=1200%2C800&ssl=1&resize=350%2C200 1x, https:\/\/i0.wp.com\/ismaelcolosi.com.br\/wp-content\/uploads\/2024\/02\/1708956819_concurso-publico.jpg?fit=1200%2C800&ssl=1&resize=525%2C300 1.5x, https:\/\/i0.wp.com\/ismaelcolosi.com.br\/wp-content\/uploads\/2024\/02\/1708956819_concurso-publico.jpg?fit=1200%2C800&ssl=1&resize=700%2C400 2x, https:\/\/i0.wp.com\/ismaelcolosi.com.br\/wp-content\/uploads\/2024\/02\/1708956819_concurso-publico.jpg?fit=1200%2C800&ssl=1&resize=1050%2C600 3x"},"classes":[]},{"id":64557,"url":"https:\/\/ismaelcolosi.com.br\/index.php\/2024\/09\/08\/inscricoes-para-concurso-do-hc-ribeirao-com-salarios-de-ate-r-56-mil-terminam-nesta-segunda-feira\/","url_meta":{"origin":52010,"position":5},"title":"Inscri\u00e7\u00f5es para concurso do HC Ribeir\u00e3o com sal\u00e1rios de at\u00e9 R$ 5,6 mil terminam nesta segunda-feira","author":"ismaelcolosi.com.br","date":"8 de September de 2024","format":false,"excerpt":"As inscri\u00e7\u00f5es para o concursos p\u00fablico de n\u00edvel superior do Hospital das Cl\u00ednicas de Ribeir\u00e3o Preto (HC-RP) terminam nesta segunda-feira (9). Os sal\u00e1rios variam de R$ 2,7 mil a R$ 5,6 mil. As oportunidades s\u00e3o para os cargos de m\u00e9dico ortopedista e traumatologia, terapeuta ocupacional e fisioterapeuta. As jornadas de\u2026","rel":"","context":"In &quot;Not\u00edcias de Ribeir\u00e3o Preto-SP e Regi\u00e3o&quot;","block_context":{"text":"Not\u00edcias de Ribeir\u00e3o Preto-SP e Regi\u00e3o","link":"https:\/\/ismaelcolosi.com.br\/index.php\/category\/noticias-de-ribeirao-preto-sp-e-regiao-ismael-colosi\/"},"img":{"alt_text":"","src":"https:\/\/i0.wp.com\/ismaelcolosi.com.br\/wp-content\/uploads\/2024\/05\/Capturar_2024-05-10_20-51-42_jpg_2024-05-10_20-51-42.webp.webp?fit=830%2C371&ssl=1&resize=350%2C200","width":350,"height":200,"srcset":"https:\/\/i0.wp.com\/ismaelcolosi.com.br\/wp-content\/uploads\/2024\/05\/Capturar_2024-05-10_20-51-42_jpg_2024-05-10_20-51-42.webp.webp?fit=830%2C371&ssl=1&resize=350%2C200 1x, https:\/\/i0.wp.com\/ismaelcolosi.com.br\/wp-content\/uploads\/2024\/05\/Capturar_2024-05-10_20-51-42_jpg_2024-05-10_20-51-42.webp.webp?fit=830%2C371&ssl=1&resize=525%2C300 1.5x, https:\/\/i0.wp.com\/ismaelcolosi.com.br\/wp-content\/uploads\/2024\/05\/Capturar_2024-05-10_20-51-42_jpg_2024-05-10_20-51-42.webp.webp?fit=830%2C371&ssl=1&resize=700%2C400 2x"},"classes":[]}],"jetpack_sharing_enabled":true,"jetpack_shortlink":"https:\/\/wp.me\/pfMlyK-dwS","_links":{"self":[{"href":"https:\/\/ismaelcolosi.com.br\/index.php\/wp-json\/wp\/v2\/posts\/52010","targetHints":{"allow":["GET"]}}],"collection":[{"href":"https:\/\/ismaelcolosi.com.br\/index.php\/wp-json\/wp\/v2\/posts"}],"about":[{"href":"https:\/\/ismaelcolosi.com.br\/index.php\/wp-json\/wp\/v2\/types\/post"}],"author":[{"embeddable":true,"href":"https:\/\/ismaelcolosi.com.br\/index.php\/wp-json\/wp\/v2\/users\/1"}],"replies":[{"embeddable":true,"href":"https:\/\/ismaelcolosi.com.br\/index.php\/wp-json\/wp\/v2\/comments?post=52010"}],"version-history":[{"count":0,"href":"https:\/\/ismaelcolosi.com.br\/index.php\/wp-json\/wp\/v2\/posts\/52010\/revisions"}],"wp:featuredmedia":[{"embeddable":true,"href":"https:\/\/ismaelcolosi.com.br\/index.php\/wp-json\/wp\/v2\/media\/52011"}],"wp:attachment":[{"href":"https:\/\/ismaelcolosi.com.br\/index.php\/wp-json\/wp\/v2\/media?parent=52010"}],"wp:term":[{"taxonomy":"category","embeddable":true,"href":"https:\/\/ismaelcolosi.com.br\/index.php\/wp-json\/wp\/v2\/categories?post=52010"},{"taxonomy":"post_tag","embeddable":true,"href":"https:\/\/ismaelcolosi.com.br\/index.php\/wp-json\/wp\/v2\/tags?post=52010"}],"curies":[{"name":"wp","href":"https:\/\/api.w.org\/{rel}","templated":true}]}}