{"id":5200,"date":"2023-11-23T07:14:41","date_gmt":"2023-11-23T10:14:41","guid":{"rendered":"https:\/\/ismaelcolosi.com.br\/index.php\/2023\/11\/23\/aprenda-truque-para-ler-mensagens-apagadas-pelo-remetente-no-whatsapp\/"},"modified":"2023-11-23T07:14:41","modified_gmt":"2023-11-23T10:14:41","slug":"aprenda-truque-para-ler-mensagens-apagadas-pelo-remetente-no-whatsapp","status":"publish","type":"post","link":"https:\/\/ismaelcolosi.com.br\/index.php\/2023\/11\/23\/aprenda-truque-para-ler-mensagens-apagadas-pelo-remetente-no-whatsapp\/","title":{"rendered":"Aprenda truque para ler mensagens apagadas pelo remetente no WhatsApp"},"content":{"rendered":"<p> <br \/>\n<\/p>\n<div>\n<div id=\"attachment_2313470\" class=\"wp-caption alignnone\">\n<div class=\"d-flex justify-content-center\" data-attachment-id=\"2313470\">\n<div class=\"position-relative d-inline-block\"><img data-recalc-dims=\"1\" data-portal-copyright=\"Captura de tela do WhatsApp\" decoding=\"async\" fetchpriority=\"high\" class=\"size-full wp-image-2313470\" src=\"https:\/\/i0.wp.com\/catracalivre.com.br\/wp-content\/uploads\/2023\/11\/bf7f4809-956f-43e6-9ac7-b45a41264d5a-scaled.jpeg?resize=2560%2C1440&#038;ssl=1\" alt=\"Aprenda a ler mensagens apagadas do WhatsApp\" width=\"2560\" height=\"1440\" srcset=\"https:\/\/catracalivre.com.br\/wp-content\/uploads\/2023\/11\/bf7f4809-956f-43e6-9ac7-b45a41264d5a-scaled.jpeg 2560w, https:\/\/catracalivre.com.br\/wp-content\/uploads\/2023\/11\/bf7f4809-956f-43e6-9ac7-b45a41264d5a-450x253.jpeg 450w, https:\/\/catracalivre.com.br\/wp-content\/uploads\/2023\/11\/bf7f4809-956f-43e6-9ac7-b45a41264d5a-768x432.jpeg 768w\" sizes=\"(max-width: 2560px) 100vw, 2560px\"\/><\/p>\n<p>Cr\u00e9ditos: Captura de tela do WhatsApp<\/p><div class='code-block code-block-8' style='margin: 8px auto; text-align: center; display: block; clear: both;'>\n<script>\n  atOptions = {\n    'key' : '66e2e2111ca34da796271819fc334058',\n    'format' : 'iframe',\n    'height' : 250,\n    'width' : 300,\n    'params' : {}\n  };\n<\/script>\n<script src=\"https:\/\/www.highperformanceformat.com\/66e2e2111ca34da796271819fc334058\/invoke.js\"><\/script>\n<\/div>\n\n<\/div>\n<\/div>\n<p><span class=\"post-imagem__legenda\">Aprenda a ler mensagens apagadas do WhatsApp<\/span><\/p>\n<\/div>\n<p>Voc\u00ea entrou no <a href=\"https:\/\/www.whatsapp.com\/?lang=pt_br\">WhatsApp<\/a> e se deparou com o aviso \u201c<a href=\"https:\/\/catracalivre.com.br\/entretenimento\/um-dos-recursos-mais-aguardados-do-whatsapp-ja-esta-disponivel\/\">mensagem<\/a> apagada\u201d? Pois saiba que os celulares Android permitem que os usu\u00e1rios visualizem textos apagados sem a necessidade de instalar aplicativos adicionais.<\/p>\n<p>O recurso est\u00e1 dispon\u00edvel a partir do sistema operacional <a href=\"https:\/\/catracalivre.com.br\/entretenimento\/vazam-imagens-do-novo-visual-do-whatsapp-para-android-veja-como-ficara\/\">Android<\/a> 12. A novidade permite que usu\u00e1rios vejam todas as mensagens recebidas subsequentes, mesmo quando elas j\u00e1 foram removidas na conversa do WhatsApp.<\/p>\n<p>Utilizando o hist\u00f3rico do celular, \u00e9 poss\u00edvel visualizar esse conte\u00fado.<\/p>\n<h2>Como visualizar mensagens apagadas no WhatsApp?<\/h2>\n<p>A magia est\u00e1 no fato de que, mesmo depois de a mensagem ser apagada no aplicativo, o seu celular ainda guarda registro dela no sistema.<\/p>\n<p>A seguir, veja ent\u00e3o o passo a passo para explorar tal funcionalidade.<\/p>\n<h2>Como ativar a funcionalidade no Android?<\/h2>\n<ul>\n<li>No seu celular Android, abra as \u201cConfigura\u00e7\u00f5es\u201d;<\/li>\n<li>Em seguida, procure pela op\u00e7\u00e3o de \u201cNotifica\u00e7\u00f5es\u201d;<\/li>\n<li>Abra as \u201cConfigura\u00e7\u00f5es Avan\u00e7adas\u201d;<\/li>\n<li>Procure por \u201cHist\u00f3rico de notifica\u00e7\u00f5es\u201d e clique nessa op\u00e7\u00e3o;<\/li>\n<li>Por fim, ative o hist\u00f3rico no primeiro bot\u00e3o que aparecer.<\/li>\n<\/ul>\n<div id=\"attachment_2307655\" class=\"wp-caption alignnone\">\n<div class=\"d-flex justify-content-center\" data-attachment-id=\"2307655\">\n<div class=\"position-relative d-inline-block\"><img data-recalc-dims=\"1\" loading=\"lazy\" data-portal-copyright=\"Captura de tela\" decoding=\"async\" class=\"size-full wp-image-2307655\" src=\"https:\/\/i0.wp.com\/catracalivre.com.br\/wp-content\/uploads\/2023\/10\/mensagens-apagadas.jpg?resize=2560%2C1369&#038;ssl=1\" alt=\"Como ativar a ferramenta que mostra as mensagens apagadas\" width=\"2560\" height=\"1369\" srcset=\"https:\/\/catracalivre.com.br\/wp-content\/uploads\/2023\/10\/mensagens-apagadas.jpg 2560w, https:\/\/catracalivre.com.br\/wp-content\/uploads\/2023\/10\/mensagens-apagadas-450x241.jpg 450w, https:\/\/catracalivre.com.br\/wp-content\/uploads\/2023\/10\/mensagens-apagadas-768x411.jpg 768w\" sizes=\"auto, (max-width: 2560px) 100vw, 2560px\"\/><\/p>\n<p>Cr\u00e9ditos: Captura de tela<\/p>\n<\/div>\n<\/div>\n<p><span class=\"post-imagem__legenda\">Como ativar a ferramenta que mostra as mensagens apagadas<\/span><\/p>\n<\/div>\n<h2>O que fazer depois de ativado?<\/h2>\n<p>Depois de ativado, todas as novas mensagens recebidas \u2013 incluindo as apagadas da conversa no WhatsApp \u2013 ficar\u00e3o vis\u00edveis neste mesmo campo.<\/p>\n<p>Basta seguir o mesmo caminho nas configura\u00e7\u00f5es do celular para ver o hist\u00f3rico de notifica\u00e7\u00f5es.<\/p>\n<h2>Vantagens e desvantagens da funcionalidade<\/h2>\n<p>\u00c9 ineg\u00e1vel que este recurso pode trazer novas camadas de utilidade ao aplicativo.<\/p>\n<p>Contudo, \u00e9 importante destacar que tamb\u00e9m pode constituir uma quebra de privacidade para aqueles que, por alguma raz\u00e3o, decidem apagar as suas mensagens.<\/p>\n<p>\u00c9 fundamental que os usu\u00e1rios estejam conscientes destes fatores no momento de utilizar as ferramentas.<\/p>\n<\/div>\n<p><script>\n\t\t! function(f, b, e, v, n, t, s) {\n\t\t\tif (f.fbq) return;\n\t\t\tn = f.fbq = function() {\n\t\t\t\tn.callMethod ?\n\t\t\t\t\tn.callMethod.apply(n, arguments) : n.queue.push(arguments)\n\t\t\t};\n\t\t\tif (!f._fbq) f._fbq = n;\n\t\t\tn.push = n;\n\t\t\tn.loaded = !0;\n\t\t\tn.version = '2.0';\n\t\t\tn.queue = [];\n\t\t\tt = b.createElement(e);\n\t\t\tt.async = !0;\n\t\t\tt.src = v;\n\t\t\ts = b.getElementsByTagName(e)[0];\n\t\t\ts.parentNode.insertBefore(t, s)\n\t\t}(window, document, 'script',\n\t\t\t'https:\/\/connect.facebook.net\/en_US\/fbevents.js');\n\t\tfbq('init', '338315473262380');\n\t\tfbq('track', 'PageView');\n\t<\/script><br \/>\n<br \/><br \/>\n<br \/><a href=\"https:\/\/catracalivre.com.br\/entretenimento\/aprenda-truque-para-ler-mensagens-apagadas-pelo-remetente-no-whatsapp\/\">Source link <\/a><\/p>\n<div class='code-block code-block-4' style='margin: 8px auto 8px 0; text-align: left; display: block; clear: both;'>\n\ud83d\udce2 Aviso Legal\n\nO site ismaelcolosi.com.br atua apenas como um canal de divulga\u00e7\u00e3o de oportunidades de emprego e n\u00e3o se responsabiliza pelo processo seletivo, contrata\u00e7\u00e3o ou qualquer outra etapa relacionada \u00e0s vagas publicadas. Todas as informa\u00e7\u00f5es s\u00e3o de responsabilidade dos anunciantes.\n\n\u26a0\ufe0f Aten\u00e7\u00e3o! Nunca pague por promessas de emprego nem compre cursos que garantam contrata\u00e7\u00e3o. Desconfie de qualquer cobran\u00e7a para participar de sele\u00e7\u00f5es.\n\n\n\n<\/div>\n<!-- CONTENT END 1 -->\n","protected":false},"excerpt":{"rendered":"<p>Cr\u00e9ditos: Captura de tela do WhatsApp Aprenda a ler mensagens apagadas do WhatsApp Voc\u00ea entrou no WhatsApp e se deparou com o aviso \u201cmensagem apagada\u201d?&#8230;<\/p>\n","protected":false},"author":1,"featured_media":5201,"comment_status":"open","ping_status":"open","sticky":false,"template":"","format":"standard","meta":{"_uag_custom_page_level_css":"","advanced_seo_description":"","jetpack_seo_html_title":"","jetpack_seo_noindex":false,"jetpack_post_was_ever_published":false,"_jetpack_newsletter_access":"","_jetpack_dont_email_post_to_subs":false,"_jetpack_newsletter_tier_id":0,"_jetpack_memberships_contains_paywalled_content":false,"_jetpack_memberships_contains_paid_content":false,"footnotes":"","jetpack_publicize_message":"","jetpack_publicize_feature_enabled":true,"jetpack_social_post_already_shared":true,"jetpack_social_options":{"image_generator_settings":{"template":"highway","default_image_id":0,"font":"","enabled":false},"version":2}},"categories":[19],"tags":[],"class_list":["post-5200","post","type-post","status-publish","format-standard","has-post-thumbnail","hentry","category-variedades"],"jetpack_publicize_connections":[],"jetpack_featured_media_url":"https:\/\/i0.wp.com\/ismaelcolosi.com.br\/wp-content\/uploads\/2023\/11\/bf7f4809-956f-43e6-9ac7-b45a41264d5a-scaled.jpeg?fit=1200%2C638&ssl=1","uagb_featured_image_src":{"full":["https:\/\/i0.wp.com\/ismaelcolosi.com.br\/wp-content\/uploads\/2023\/11\/bf7f4809-956f-43e6-9ac7-b45a41264d5a-scaled.jpeg?fit=1200%2C638&ssl=1",1200,638,false],"thumbnail":["https:\/\/i0.wp.com\/ismaelcolosi.com.br\/wp-content\/uploads\/2023\/11\/bf7f4809-956f-43e6-9ac7-b45a41264d5a-scaled.jpeg?resize=150%2C150&ssl=1",150,150,true],"medium":["https:\/\/i0.wp.com\/ismaelcolosi.com.br\/wp-content\/uploads\/2023\/11\/bf7f4809-956f-43e6-9ac7-b45a41264d5a-scaled.jpeg?fit=300%2C160&ssl=1",300,160,true],"medium_large":["https:\/\/i0.wp.com\/ismaelcolosi.com.br\/wp-content\/uploads\/2023\/11\/bf7f4809-956f-43e6-9ac7-b45a41264d5a-scaled.jpeg?fit=768%2C408&ssl=1",768,408,true],"large":["https:\/\/i0.wp.com\/ismaelcolosi.com.br\/wp-content\/uploads\/2023\/11\/bf7f4809-956f-43e6-9ac7-b45a41264d5a-scaled.jpeg?fit=1024%2C544&ssl=1",1024,544,true],"1536x1536":["https:\/\/i0.wp.com\/ismaelcolosi.com.br\/wp-content\/uploads\/2023\/11\/bf7f4809-956f-43e6-9ac7-b45a41264d5a-scaled.jpeg?fit=1200%2C638&ssl=1",1200,638,true],"2048x2048":["https:\/\/i0.wp.com\/ismaelcolosi.com.br\/wp-content\/uploads\/2023\/11\/bf7f4809-956f-43e6-9ac7-b45a41264d5a-scaled.jpeg?fit=1200%2C638&ssl=1",1200,638,true],"really-simple-thumb":["https:\/\/i0.wp.com\/ismaelcolosi.com.br\/wp-content\/uploads\/2023\/11\/bf7f4809-956f-43e6-9ac7-b45a41264d5a-scaled.jpeg?resize=370%2C247&ssl=1",370,247,true]},"uagb_author_info":{"display_name":"ismaelcolosi.com.br","author_link":"https:\/\/ismaelcolosi.com.br\/index.php\/author\/vidareal-online\/"},"uagb_comment_info":0,"uagb_excerpt":"Cr\u00e9ditos: Captura de tela do WhatsApp Aprenda a ler mensagens apagadas do WhatsApp Voc\u00ea entrou no WhatsApp e se deparou com o aviso \u201cmensagem apagada\u201d?...","jetpack-related-posts":[{"id":67554,"url":"https:\/\/ismaelcolosi.com.br\/index.php\/2024\/09\/24\/jovem-morre-em-acidente-de-moto-na-regiao-de-ribeirao-preto\/","url_meta":{"origin":5200,"position":0},"title":"Jovem morre em acidente de moto na regi\u00e3o de Ribeir\u00e3o Preto","author":"ismaelcolosi.com.br","date":"24 de September de 2024","format":false,"excerpt":"Um motociclista de 22 anos morreu na noite desta segunda-feira (23), ap\u00f3s se envolver em um acidente na rodovia C\u00e2ndido Portinari (SP-334), em Franca. Segundo informa\u00e7\u00f5es, Paulo Henrique de Souza Santos bateu na traseira de um caminh\u00e3o e caiu na pista. Em seguida, um carro que vinha atr\u00e1s o atropelou.\u2026","rel":"","context":"In &quot;Not\u00edcias de Ribeir\u00e3o Preto-SP e Regi\u00e3o&quot;","block_context":{"text":"Not\u00edcias de Ribeir\u00e3o Preto-SP e Regi\u00e3o","link":"https:\/\/ismaelcolosi.com.br\/index.php\/category\/noticias-de-ribeirao-preto-sp-e-regiao-ismael-colosi\/"},"img":{"alt_text":"","src":"https:\/\/i0.wp.com\/ismaelcolosi.com.br\/wp-content\/uploads\/2024\/09\/vitima_2024-09-24_10-54-04_jpg_2024-09-24_10-54-05.webp.webp?fit=1200%2C874&ssl=1&resize=350%2C200","width":350,"height":200,"srcset":"https:\/\/i0.wp.com\/ismaelcolosi.com.br\/wp-content\/uploads\/2024\/09\/vitima_2024-09-24_10-54-04_jpg_2024-09-24_10-54-05.webp.webp?fit=1200%2C874&ssl=1&resize=350%2C200 1x, https:\/\/i0.wp.com\/ismaelcolosi.com.br\/wp-content\/uploads\/2024\/09\/vitima_2024-09-24_10-54-04_jpg_2024-09-24_10-54-05.webp.webp?fit=1200%2C874&ssl=1&resize=525%2C300 1.5x, https:\/\/i0.wp.com\/ismaelcolosi.com.br\/wp-content\/uploads\/2024\/09\/vitima_2024-09-24_10-54-04_jpg_2024-09-24_10-54-05.webp.webp?fit=1200%2C874&ssl=1&resize=700%2C400 2x, https:\/\/i0.wp.com\/ismaelcolosi.com.br\/wp-content\/uploads\/2024\/09\/vitima_2024-09-24_10-54-04_jpg_2024-09-24_10-54-05.webp.webp?fit=1200%2C874&ssl=1&resize=1050%2C600 3x"},"classes":[]},{"id":64202,"url":"https:\/\/ismaelcolosi.com.br\/index.php\/2024\/09\/06\/mais-um-homem-e-preso-por-incendio-criminoso-na-regiao-de-ribeirao-preto\/","url_meta":{"origin":5200,"position":1},"title":"Mais um homem \u00e9 preso por inc\u00eandio criminoso na regi\u00e3o de Ribeir\u00e3o Preto","author":"ismaelcolosi.com.br","date":"6 de September de 2024","format":false,"excerpt":"Um homem de 34 anos foi preso nesta quinta-feira (5) suspeito de atear fogo no mato em um terreno baldio de Franca, cidade a aproximadamente 80 quil\u00f4metros de Ribeir\u00e3o Preto. Outros dois suspeitos consegiram fugir. Em todo o\u00a0estado de S\u00e3o Paulo foram efetuadas 13 pris\u00f5es de suspeitos de inc\u00eandios criminosos,\u2026","rel":"","context":"In &quot;Not\u00edcias de Ribeir\u00e3o Preto-SP e Regi\u00e3o&quot;","block_context":{"text":"Not\u00edcias de Ribeir\u00e3o Preto-SP e Regi\u00e3o","link":"https:\/\/ismaelcolosi.com.br\/index.php\/category\/noticias-de-ribeirao-preto-sp-e-regiao-ismael-colosi\/"},"img":{"alt_text":"","src":"https:\/\/i0.wp.com\/ismaelcolosi.com.br\/wp-content\/uploads\/2024\/09\/WhatsApp-Image-2024-09-05-at-18.55.41_2024-09-06_11-23-47_jpeg_2024-09-06_11-23-47.webp.webp?fit=1200%2C900&ssl=1&resize=350%2C200","width":350,"height":200,"srcset":"https:\/\/i0.wp.com\/ismaelcolosi.com.br\/wp-content\/uploads\/2024\/09\/WhatsApp-Image-2024-09-05-at-18.55.41_2024-09-06_11-23-47_jpeg_2024-09-06_11-23-47.webp.webp?fit=1200%2C900&ssl=1&resize=350%2C200 1x, https:\/\/i0.wp.com\/ismaelcolosi.com.br\/wp-content\/uploads\/2024\/09\/WhatsApp-Image-2024-09-05-at-18.55.41_2024-09-06_11-23-47_jpeg_2024-09-06_11-23-47.webp.webp?fit=1200%2C900&ssl=1&resize=525%2C300 1.5x, https:\/\/i0.wp.com\/ismaelcolosi.com.br\/wp-content\/uploads\/2024\/09\/WhatsApp-Image-2024-09-05-at-18.55.41_2024-09-06_11-23-47_jpeg_2024-09-06_11-23-47.webp.webp?fit=1200%2C900&ssl=1&resize=700%2C400 2x, https:\/\/i0.wp.com\/ismaelcolosi.com.br\/wp-content\/uploads\/2024\/09\/WhatsApp-Image-2024-09-05-at-18.55.41_2024-09-06_11-23-47_jpeg_2024-09-06_11-23-47.webp.webp?fit=1200%2C900&ssl=1&resize=1050%2C600 3x"},"classes":[]},{"id":21974,"url":"https:\/\/ismaelcolosi.com.br\/index.php\/2023\/12\/28\/whatsapp-tera-novidade-maravilhosa-no-recurso-de-fixar-mensagens\/","url_meta":{"origin":5200,"position":2},"title":"WhatsApp ter\u00e1 novidade maravilhosa no recurso de fixar mensagens","author":"ismaelcolosi.com.br","date":"28 de December de 2023","format":false,"excerpt":"Cr\u00e9ditos: Captura de tela do WhatsAppWhatsApp prepara novidade para recurso de fixar mensagens Recentemente, o WhatsApp lan\u00e7ou para todos os usu\u00e1rios o recurso de fixar mensagens. Agora, o aplicativo de mensagens est\u00e1 preparando uma nova atualiza\u00e7\u00e3o para a funcionalidade. Conforme informa\u00e7\u00f5es divulgadas pelo site especializado no mensageiro, WABetaInfo, a fun\u00e7\u00e3o\u2026","rel":"","context":"In &quot;Variedades&quot;","block_context":{"text":"Variedades","link":"https:\/\/ismaelcolosi.com.br\/index.php\/category\/variedades\/"},"img":{"alt_text":"","src":"https:\/\/i0.wp.com\/ismaelcolosi.com.br\/wp-content\/uploads\/2023\/12\/img-20231218-wa0441.jpg?fit=1200%2C638&ssl=1&resize=350%2C200","width":350,"height":200,"srcset":"https:\/\/i0.wp.com\/ismaelcolosi.com.br\/wp-content\/uploads\/2023\/12\/img-20231218-wa0441.jpg?fit=1200%2C638&ssl=1&resize=350%2C200 1x, https:\/\/i0.wp.com\/ismaelcolosi.com.br\/wp-content\/uploads\/2023\/12\/img-20231218-wa0441.jpg?fit=1200%2C638&ssl=1&resize=525%2C300 1.5x, https:\/\/i0.wp.com\/ismaelcolosi.com.br\/wp-content\/uploads\/2023\/12\/img-20231218-wa0441.jpg?fit=1200%2C638&ssl=1&resize=700%2C400 2x, https:\/\/i0.wp.com\/ismaelcolosi.com.br\/wp-content\/uploads\/2023\/12\/img-20231218-wa0441.jpg?fit=1200%2C638&ssl=1&resize=1050%2C600 3x"},"classes":[]},{"id":14588,"url":"https:\/\/ismaelcolosi.com.br\/index.php\/2023\/12\/12\/aprenda-a-fixar-mensagens-com-nova-atualizacao-do-whatsapp\/","url_meta":{"origin":5200,"position":3},"title":"Aprenda a fixar mensagens com nova atualiza\u00e7\u00e3o do WhatsApp","author":"ismaelcolosi.com.br","date":"12 de December de 2023","format":false,"excerpt":"Cr\u00e9ditos: Depositphotos\/rclassenlayoutsAprenda a utilizar o novo recurso de mensagens no WhatsApp O ano de 2023 ficou marcado por constantes atualiza\u00e7\u00f5es no WhatsApp. A novidade da vez vem como uma maneira de proporcionar uma experi\u00eancia de uso mais completa e organizada. Recentemente, os usu\u00e1rios do aplicativo nos dispositivos iOS receberam uma\u2026","rel":"","context":"In &quot;Variedades&quot;","block_context":{"text":"Variedades","link":"https:\/\/ismaelcolosi.com.br\/index.php\/category\/variedades\/"},"img":{"alt_text":"","src":"https:\/\/i0.wp.com\/ismaelcolosi.com.br\/wp-content\/uploads\/2023\/12\/1702380081_depositphotos-382005184-xl-scaled.jpg?fit=1200%2C638&ssl=1&resize=350%2C200","width":350,"height":200,"srcset":"https:\/\/i0.wp.com\/ismaelcolosi.com.br\/wp-content\/uploads\/2023\/12\/1702380081_depositphotos-382005184-xl-scaled.jpg?fit=1200%2C638&ssl=1&resize=350%2C200 1x, https:\/\/i0.wp.com\/ismaelcolosi.com.br\/wp-content\/uploads\/2023\/12\/1702380081_depositphotos-382005184-xl-scaled.jpg?fit=1200%2C638&ssl=1&resize=525%2C300 1.5x, https:\/\/i0.wp.com\/ismaelcolosi.com.br\/wp-content\/uploads\/2023\/12\/1702380081_depositphotos-382005184-xl-scaled.jpg?fit=1200%2C638&ssl=1&resize=700%2C400 2x, https:\/\/i0.wp.com\/ismaelcolosi.com.br\/wp-content\/uploads\/2023\/12\/1702380081_depositphotos-382005184-xl-scaled.jpg?fit=1200%2C638&ssl=1&resize=1050%2C600 3x"},"classes":[]},{"id":5077,"url":"https:\/\/ismaelcolosi.com.br\/index.php\/2023\/11\/22\/whatsapp-libera-recurso-inedito-para-audios-e-surpreende-usuarios\/","url_meta":{"origin":5200,"position":4},"title":"WhatsApp libera recurso in\u00e9dito para \u00e1udios e surpreende usu\u00e1rios","author":"ismaelcolosi.com.br","date":"22 de November de 2023","format":false,"excerpt":"Cr\u00e9ditos: Captura de tela do WhatsAppAssim como v\u00eddeos e imagens, \u00e1udios tamb\u00e9m ter\u00e3o reprodu\u00e7\u00e3o \u00fanica no WhatsApp O WhatsApp, um dos aplicativos de mensagens mais populares do mundo, acaba de lan\u00e7ar uma nova funcionalidade. O recurso permite aos usu\u00e1rios selecionar quais mensagens de \u00e1udio devem permanecer na conversa ap\u00f3s serem\u2026","rel":"","context":"In &quot;Variedades&quot;","block_context":{"text":"Variedades","link":"https:\/\/ismaelcolosi.com.br\/index.php\/category\/variedades\/"},"img":{"alt_text":"","src":"https:\/\/i0.wp.com\/ismaelcolosi.com.br\/wp-content\/uploads\/2023\/11\/fotos-catraca-2023-11-22t170256836.png?fit=1200%2C638&ssl=1&resize=350%2C200","width":350,"height":200,"srcset":"https:\/\/i0.wp.com\/ismaelcolosi.com.br\/wp-content\/uploads\/2023\/11\/fotos-catraca-2023-11-22t170256836.png?fit=1200%2C638&ssl=1&resize=350%2C200 1x, https:\/\/i0.wp.com\/ismaelcolosi.com.br\/wp-content\/uploads\/2023\/11\/fotos-catraca-2023-11-22t170256836.png?fit=1200%2C638&ssl=1&resize=525%2C300 1.5x, https:\/\/i0.wp.com\/ismaelcolosi.com.br\/wp-content\/uploads\/2023\/11\/fotos-catraca-2023-11-22t170256836.png?fit=1200%2C638&ssl=1&resize=700%2C400 2x, https:\/\/i0.wp.com\/ismaelcolosi.com.br\/wp-content\/uploads\/2023\/11\/fotos-catraca-2023-11-22t170256836.png?fit=1200%2C638&ssl=1&resize=1050%2C600 3x"},"classes":[]},{"id":7451,"url":"https:\/\/ismaelcolosi.com.br\/index.php\/2023\/11\/28\/por-que-o-botao-de-mensagem-de-video-ja-nao-aparece-no-seu-whatsapp\/","url_meta":{"origin":5200,"position":5},"title":"Por que o bot\u00e3o de mensagem de v\u00eddeo j\u00e1 n\u00e3o aparece no seu WhatsApp?","author":"ismaelcolosi.com.br","date":"28 de November de 2023","format":false,"excerpt":"Cr\u00e9ditos: Reprodu\u00e7\u00e3o\/WhatsApp Como reativar mensagem de v\u00eddeo no WhatsApp? Recentemente, o WhatsApp lan\u00e7ou um recurso de mensagens r\u00e1pidas de v\u00eddeo, que \u00e9 semelhante ao formato dos \u00e1udios. Mas, por alguma raz\u00e3o, alguns usu\u00e1rios notaram que o bot\u00e3o do recurso sumiu das conversas. Acontece que o WhatsApp desabilitou a atualiza\u00e7\u00e3o para\u2026","rel":"","context":"In &quot;Variedades&quot;","block_context":{"text":"Variedades","link":"https:\/\/ismaelcolosi.com.br\/index.php\/category\/variedades\/"},"img":{"alt_text":"","src":"https:\/\/i0.wp.com\/ismaelcolosi.com.br\/wp-content\/uploads\/2023\/11\/fotos-catraca-2023-11-24t234711059.png?fit=1200%2C638&ssl=1&resize=350%2C200","width":350,"height":200,"srcset":"https:\/\/i0.wp.com\/ismaelcolosi.com.br\/wp-content\/uploads\/2023\/11\/fotos-catraca-2023-11-24t234711059.png?fit=1200%2C638&ssl=1&resize=350%2C200 1x, https:\/\/i0.wp.com\/ismaelcolosi.com.br\/wp-content\/uploads\/2023\/11\/fotos-catraca-2023-11-24t234711059.png?fit=1200%2C638&ssl=1&resize=525%2C300 1.5x, https:\/\/i0.wp.com\/ismaelcolosi.com.br\/wp-content\/uploads\/2023\/11\/fotos-catraca-2023-11-24t234711059.png?fit=1200%2C638&ssl=1&resize=700%2C400 2x, https:\/\/i0.wp.com\/ismaelcolosi.com.br\/wp-content\/uploads\/2023\/11\/fotos-catraca-2023-11-24t234711059.png?fit=1200%2C638&ssl=1&resize=1050%2C600 3x"},"classes":[]}],"jetpack_sharing_enabled":true,"jetpack_shortlink":"https:\/\/wp.me\/pfMlyK-1lS","_links":{"self":[{"href":"https:\/\/ismaelcolosi.com.br\/index.php\/wp-json\/wp\/v2\/posts\/5200","targetHints":{"allow":["GET"]}}],"collection":[{"href":"https:\/\/ismaelcolosi.com.br\/index.php\/wp-json\/wp\/v2\/posts"}],"about":[{"href":"https:\/\/ismaelcolosi.com.br\/index.php\/wp-json\/wp\/v2\/types\/post"}],"author":[{"embeddable":true,"href":"https:\/\/ismaelcolosi.com.br\/index.php\/wp-json\/wp\/v2\/users\/1"}],"replies":[{"embeddable":true,"href":"https:\/\/ismaelcolosi.com.br\/index.php\/wp-json\/wp\/v2\/comments?post=5200"}],"version-history":[{"count":0,"href":"https:\/\/ismaelcolosi.com.br\/index.php\/wp-json\/wp\/v2\/posts\/5200\/revisions"}],"wp:featuredmedia":[{"embeddable":true,"href":"https:\/\/ismaelcolosi.com.br\/index.php\/wp-json\/wp\/v2\/media\/5201"}],"wp:attachment":[{"href":"https:\/\/ismaelcolosi.com.br\/index.php\/wp-json\/wp\/v2\/media?parent=5200"}],"wp:term":[{"taxonomy":"category","embeddable":true,"href":"https:\/\/ismaelcolosi.com.br\/index.php\/wp-json\/wp\/v2\/categories?post=5200"},{"taxonomy":"post_tag","embeddable":true,"href":"https:\/\/ismaelcolosi.com.br\/index.php\/wp-json\/wp\/v2\/tags?post=5200"}],"curies":[{"name":"wp","href":"https:\/\/api.w.org\/{rel}","templated":true}]}}