{"id":51990,"date":"2024-06-03T10:31:43","date_gmt":"2024-06-03T13:31:43","guid":{"rendered":"https:\/\/ismaelcolosi.com.br\/index.php\/2024\/06\/03\/9-vagas-em-ribeirao-preto-sp-2\/"},"modified":"2024-06-03T10:31:43","modified_gmt":"2024-06-03T13:31:43","slug":"9-vagas-em-ribeirao-preto-sp-2","status":"publish","type":"post","link":"https:\/\/ismaelcolosi.com.br\/index.php\/2024\/06\/03\/9-vagas-em-ribeirao-preto-sp-2\/","title":{"rendered":"9 vagas em Ribeir\u00e3o Preto\/SP"},"content":{"rendered":"<div data-reactid=\".2d77b5wwajo.2.0.2.0\"><noscript data-reactid=\".2d77b5wwajo.2.0.2.0.0\"><\/noscript><\/p>\n<div id=\"job-alert-box\" class=\"section-group\" data-reactid=\".2d77b5wwajo.2.0.2.0.1\"><noscript data-reactid=\".2d77b5wwajo.2.0.2.0.1.0\"><\/noscript><\/div>\n<div class=\"spaced-bottom-sm\" data-reactid=\".2d77b5wwajo.2.0.2.0.2\">\n<h1 style=\"font-size:1rem;\" data-reactid=\".2d77b5wwajo.2.0.2.0.2.0\">9 vagas em Ribeir\u00e3o Preto\/SP<\/h1>\n<\/div>\n<div class=\"card-clickable\" data-reactid=\".2d77b5wwajo.2.0.2.0.3:$job--Nwz_pVBN4xkc8OA-Sj0\">\n<div data-reactid=\".2d77b5wwajo.2.0.2.0.3:$job--Nwz_pVBN4xkc8OA-Sj0.0\">\n<h2 class=\"job-card-title\" data-reactid=\".2d77b5wwajo.2.0.2.0.3:$job--Nwz_pVBN4xkc8OA-Sj0.0.0\"><a href=\"https:\/\/www.recrutasimples.com.br\/vaga\/gerente-comercial\/ribeirao-preto-sp\/-Nwz_pVBN4xkc8OA-Sj0\" data-reactid=\".2d77b5wwajo.2.0.2.0.3:$job--Nwz_pVBN4xkc8OA-Sj0.0.0.0\">GERENTE COMERCIAL<\/a><\/h2>\n<\/div>\n<div class=\"job-card-info\" data-reactid=\".2d77b5wwajo.2.0.2.0.3:$job--Nwz_pVBN4xkc8OA-Sj0.1\"><a href=\"https:\/\/www.recrutasimples.com.br\/vagas\/ribeirao-preto-sp\" data-reactid=\".2d77b5wwajo.2.0.2.0.3:$job--Nwz_pVBN4xkc8OA-Sj0.1.1\"><span data-reactid=\".2d77b5wwajo.2.0.2.0.3:$job--Nwz_pVBN4xkc8OA-Sj0.1.1.0\"><i class=\"zmdi zmdi-pin\" data-reactid=\".2d77b5wwajo.2.0.2.0.3:$job--Nwz_pVBN4xkc8OA-Sj0.1.1.0.0\"><\/i><span class=\"spaced-left-sm\" data-reactid=\".2d77b5wwajo.2.0.2.0.3:$job--Nwz_pVBN4xkc8OA-Sj0.1.1.0.1\">Ribeir\u00e3o Preto, SP<\/span><\/span><\/a><\/div>\n<div class=\"job-card-details\" data-reactid=\".2d77b5wwajo.2.0.2.0.3:$job--Nwz_pVBN4xkc8OA-Sj0.2\">\n<div data-reactid=\".2d77b5wwajo.2.0.2.0.3:$job--Nwz_pVBN4xkc8OA-Sj0.2.0\"><span class=\"secondary-label\" data-reactid=\".2d77b5wwajo.2.0.2.0.3:$job--Nwz_pVBN4xkc8OA-Sj0.2.0.0\">Sal\u00e1rio<\/span><span class=\"spaced-left-sm\" data-reactid=\".2d77b5wwajo.2.0.2.0.3:$job--Nwz_pVBN4xkc8OA-Sj0.2.0.1\">A combinar<\/span><\/div>\n<div data-reactid=\".2d77b5wwajo.2.0.2.0.3:$job--Nwz_pVBN4xkc8OA-Sj0.2.2\"><span class=\"secondary-label\" data-reactid=\".2d77b5wwajo.2.0.2.0.3:$job--Nwz_pVBN4xkc8OA-Sj0.2.2.0\">Contrato<\/span><span class=\"spaced-left-sm\" data-reactid=\".2d77b5wwajo.2.0.2.0.3:$job--Nwz_pVBN4xkc8OA-Sj0.2.2.1\">CLT (Efetivo)<\/span><\/div>\n<\/div>\n<div class=\"secondary-label spaced-top-sm\" data-reactid=\".2d77b5wwajo.2.0.2.0.3:$job--Nwz_pVBN4xkc8OA-Sj0.3\">Estamos em busca de um(a) Coordenador(a) de Vendas para se juntar ao nosso time.<\/p>\n<p>Responsabilidades:<\/p><div class='code-block code-block-8' style='margin: 8px auto; text-align: center; display: block; clear: both;'>\n<script>\n  atOptions = {\n    'key' : '66e2e2111ca34da796271819fc334058',\n    'format' : 'iframe',\n    'height' : 250,\n    'width' : 300,\n    'params' : {}\n  };\n<\/script>\n<script src=\"https:\/\/www.highperformanceformat.com\/66e2e2111ca34da796271819fc334058\/invoke.js\"><\/script>\n<\/div>\n\n<p>&#8211; Gerenciar e coordenar as atividades do time de vendas;<br \/>\n&#8211; Estabelecer regionais de vendas, cotas e metas para o time;<br \/>\n&#8211; Analisar estat\u00edsticas de vendas para identificar possibilidades de melhoras;<br \/>\n&#8211; Acompanhar resultados e tend\u00eancias regularmente para proje\u00e7\u00e3o de receitas;<br \/>\n&#8211; Dar feedback ao time e individualmente sobre performance;<br \/>\n&#8211; Desenvolver e executar estrat\u00e9gias de vendas inovadoras;<br \/>\n&#8211; Co &#8230;<\/p><\/div>\n<\/div>\n<div class=\"card-clickable\" data-reactid=\".2d77b5wwajo.2.0.2.0.3:$job--NxDVvHZxr2ihmSPOez6\">\n<div data-reactid=\".2d77b5wwajo.2.0.2.0.3:$job--NxDVvHZxr2ihmSPOez6.0\">\n<h2 class=\"job-card-title\" data-reactid=\".2d77b5wwajo.2.0.2.0.3:$job--NxDVvHZxr2ihmSPOez6.0.0\"><a href=\"https:\/\/www.recrutasimples.com.br\/vaga\/analista-rh\/ribeirao-preto-sp\/-NxDVvHZxr2ihmSPOez6\" data-reactid=\".2d77b5wwajo.2.0.2.0.3:$job--NxDVvHZxr2ihmSPOez6.0.0.0\">Analista RH<\/a><\/h2>\n<\/div>\n<div class=\"job-card-info\" data-reactid=\".2d77b5wwajo.2.0.2.0.3:$job--NxDVvHZxr2ihmSPOez6.1\"><a href=\"https:\/\/www.recrutasimples.com.br\/vagas\/ribeirao-preto-sp\" data-reactid=\".2d77b5wwajo.2.0.2.0.3:$job--NxDVvHZxr2ihmSPOez6.1.1\"><span data-reactid=\".2d77b5wwajo.2.0.2.0.3:$job--NxDVvHZxr2ihmSPOez6.1.1.0\"><i class=\"zmdi zmdi-pin\" data-reactid=\".2d77b5wwajo.2.0.2.0.3:$job--NxDVvHZxr2ihmSPOez6.1.1.0.0\"><\/i><span class=\"spaced-left-sm\" data-reactid=\".2d77b5wwajo.2.0.2.0.3:$job--NxDVvHZxr2ihmSPOez6.1.1.0.1\">Ribeir\u00e3o Preto, SP<\/span><\/span><\/a><\/div>\n<div class=\"job-card-details\" data-reactid=\".2d77b5wwajo.2.0.2.0.3:$job--NxDVvHZxr2ihmSPOez6.2\">\n<div data-reactid=\".2d77b5wwajo.2.0.2.0.3:$job--NxDVvHZxr2ihmSPOez6.2.0\"><span class=\"secondary-label\" data-reactid=\".2d77b5wwajo.2.0.2.0.3:$job--NxDVvHZxr2ihmSPOez6.2.0.0\">Sal\u00e1rio<\/span><span class=\"spaced-left-sm\" data-reactid=\".2d77b5wwajo.2.0.2.0.3:$job--NxDVvHZxr2ihmSPOez6.2.0.1\">A combinar<\/span><\/div>\n<div data-reactid=\".2d77b5wwajo.2.0.2.0.3:$job--NxDVvHZxr2ihmSPOez6.2.2\"><span class=\"secondary-label\" data-reactid=\".2d77b5wwajo.2.0.2.0.3:$job--NxDVvHZxr2ihmSPOez6.2.2.0\">Contrato<\/span><span class=\"spaced-left-sm\" data-reactid=\".2d77b5wwajo.2.0.2.0.3:$job--NxDVvHZxr2ihmSPOez6.2.2.1\">CLT (Efetivo)<\/span><\/div>\n<\/div>\n<div class=\"secondary-label spaced-top-sm\" data-reactid=\".2d77b5wwajo.2.0.2.0.3:$job--NxDVvHZxr2ihmSPOez6.3\">ATIVIDADES:<\/p>\n<p>&#8211; RESPONS\u00c1VEL POR DEPARTAMENTO RECURSOS HUMANOS;<br \/>\n&#8211; ROTINA INTEGRAL DEPARTAMENTO RH;<br \/>\n&#8211; FOLHA DE PGTO;<br \/>\n&#8211; RELOGIO DE PONTO.<\/p><\/div>\n<\/div>\n<div class=\"card-clickable\" data-reactid=\".2d77b5wwajo.2.0.2.0.3:$job--NwLaEBI8UtbKz1W-ZvL\">\n<div data-reactid=\".2d77b5wwajo.2.0.2.0.3:$job--NwLaEBI8UtbKz1W-ZvL.0\">\n<h2 class=\"job-card-title\" data-reactid=\".2d77b5wwajo.2.0.2.0.3:$job--NwLaEBI8UtbKz1W-ZvL.0.0\"><a href=\"https:\/\/www.recrutasimples.com.br\/vaga\/vendedora-tecnicoa\/ribeirao-preto-sp\/-NwLaEBI8UtbKz1W-ZvL\" data-reactid=\".2d77b5wwajo.2.0.2.0.3:$job--NwLaEBI8UtbKz1W-ZvL.0.0.0\">Vendedor(a) T\u00e9cnico(a)<\/a><\/h2>\n<\/div>\n<div class=\"job-card-info\" data-reactid=\".2d77b5wwajo.2.0.2.0.3:$job--NwLaEBI8UtbKz1W-ZvL.1\"><a href=\"https:\/\/www.recrutasimples.com.br\/vagas\/ribeirao-preto-sp\" data-reactid=\".2d77b5wwajo.2.0.2.0.3:$job--NwLaEBI8UtbKz1W-ZvL.1.1\"><span data-reactid=\".2d77b5wwajo.2.0.2.0.3:$job--NwLaEBI8UtbKz1W-ZvL.1.1.0\"><i class=\"zmdi zmdi-pin\" data-reactid=\".2d77b5wwajo.2.0.2.0.3:$job--NwLaEBI8UtbKz1W-ZvL.1.1.0.0\"><\/i><span class=\"spaced-left-sm\" data-reactid=\".2d77b5wwajo.2.0.2.0.3:$job--NwLaEBI8UtbKz1W-ZvL.1.1.0.1\">Ribeir\u00e3o Preto, SP<\/span><\/span><\/a><\/div>\n<div class=\"job-card-details\" data-reactid=\".2d77b5wwajo.2.0.2.0.3:$job--NwLaEBI8UtbKz1W-ZvL.2\">\n<div data-reactid=\".2d77b5wwajo.2.0.2.0.3:$job--NwLaEBI8UtbKz1W-ZvL.2.0\"><span class=\"secondary-label\" data-reactid=\".2d77b5wwajo.2.0.2.0.3:$job--NwLaEBI8UtbKz1W-ZvL.2.0.0\">Sal\u00e1rio<\/span><span class=\"spaced-left-sm\" data-reactid=\".2d77b5wwajo.2.0.2.0.3:$job--NwLaEBI8UtbKz1W-ZvL.2.0.1\">A combinar<\/span><\/div>\n<div data-reactid=\".2d77b5wwajo.2.0.2.0.3:$job--NwLaEBI8UtbKz1W-ZvL.2.2\"><span class=\"secondary-label\" data-reactid=\".2d77b5wwajo.2.0.2.0.3:$job--NwLaEBI8UtbKz1W-ZvL.2.2.0\">Contrato<\/span><span class=\"spaced-left-sm\" data-reactid=\".2d77b5wwajo.2.0.2.0.3:$job--NwLaEBI8UtbKz1W-ZvL.2.2.1\">CLT (Efetivo)<\/span><\/div>\n<\/div>\n<div class=\"secondary-label spaced-top-sm\" data-reactid=\".2d77b5wwajo.2.0.2.0.3:$job--NwLaEBI8UtbKz1W-ZvL.3\">N\u00f3s da  estamos em busca de um(a) Vendedor(a) T\u00e9cnico(a) para se juntar ao nosso time.<\/p>\n<p>Somos uma empresa, inovadora, consolidada da \u00e1rea de Ind\u00fastria Mec\u00e2nica<\/p>\n<p>Nosso ambiente de trabalho \u00e9 descontra\u00eddo, diversificado, profissional e gostamos de trabalhar com pessoas que colocam a m\u00e3o na massa, respons\u00e1veis, comprometidas.<\/p>\n<p>Responsabilidades:<\/p>\n<p>&#8211; Apresentar e vender produtos e servi\u00e7os para clientes novos e j\u00e1 existentes<br \/>\n&#8211; Prospectar e contatar clientes potenciais<br \/>\n&#8211; Alcan\u00e7ar metas de vendas acord &#8230;<\/p><\/div>\n<\/div>\n<div class=\"card-clickable\" data-reactid=\".2d77b5wwajo.2.0.2.0.3:$job--NwBTB51b8pobhQAZtgf\">\n<div data-reactid=\".2d77b5wwajo.2.0.2.0.3:$job--NwBTB51b8pobhQAZtgf.0\">\n<h2 class=\"job-card-title\" data-reactid=\".2d77b5wwajo.2.0.2.0.3:$job--NwBTB51b8pobhQAZtgf.0.0\"><a href=\"https:\/\/www.recrutasimples.com.br\/vaga\/supervisor-de-caldeiraria\/ribeirao-preto-sp\/-NwBTB51b8pobhQAZtgf\" data-reactid=\".2d77b5wwajo.2.0.2.0.3:$job--NwBTB51b8pobhQAZtgf.0.0.0\">Supervisor de Caldeiraria<\/a><\/h2>\n<\/div>\n<div class=\"job-card-info\" data-reactid=\".2d77b5wwajo.2.0.2.0.3:$job--NwBTB51b8pobhQAZtgf.1\"><a href=\"https:\/\/www.recrutasimples.com.br\/vagas\/ribeirao-preto-sp\" data-reactid=\".2d77b5wwajo.2.0.2.0.3:$job--NwBTB51b8pobhQAZtgf.1.1\"><span data-reactid=\".2d77b5wwajo.2.0.2.0.3:$job--NwBTB51b8pobhQAZtgf.1.1.0\"><i class=\"zmdi zmdi-pin\" data-reactid=\".2d77b5wwajo.2.0.2.0.3:$job--NwBTB51b8pobhQAZtgf.1.1.0.0\"><\/i><span class=\"spaced-left-sm\" data-reactid=\".2d77b5wwajo.2.0.2.0.3:$job--NwBTB51b8pobhQAZtgf.1.1.0.1\">Ribeir\u00e3o Preto, SP<\/span><\/span><\/a><\/div>\n<div class=\"job-card-details\" data-reactid=\".2d77b5wwajo.2.0.2.0.3:$job--NwBTB51b8pobhQAZtgf.2\">\n<div data-reactid=\".2d77b5wwajo.2.0.2.0.3:$job--NwBTB51b8pobhQAZtgf.2.0\"><span class=\"secondary-label\" data-reactid=\".2d77b5wwajo.2.0.2.0.3:$job--NwBTB51b8pobhQAZtgf.2.0.0\">Sal\u00e1rio<\/span><span class=\"spaced-left-sm\" data-reactid=\".2d77b5wwajo.2.0.2.0.3:$job--NwBTB51b8pobhQAZtgf.2.0.1\">A combinar<\/span><\/div>\n<div data-reactid=\".2d77b5wwajo.2.0.2.0.3:$job--NwBTB51b8pobhQAZtgf.2.2\"><span class=\"secondary-label\" data-reactid=\".2d77b5wwajo.2.0.2.0.3:$job--NwBTB51b8pobhQAZtgf.2.2.0\">Contrato<\/span><span class=\"spaced-left-sm\" data-reactid=\".2d77b5wwajo.2.0.2.0.3:$job--NwBTB51b8pobhQAZtgf.2.2.1\">CLT (Efetivo)<\/span><\/div>\n<\/div>\n<div class=\"secondary-label spaced-top-sm\" data-reactid=\".2d77b5wwajo.2.0.2.0.3:$job--NwBTB51b8pobhQAZtgf.3\">Estamos em busca de um(a) Supervisor de Caldeiraria altamente qualificado e motivado para liderar.<\/p>\n<p>Responsabilidades:<\/p>\n<p>&#8211; Liderar e supervisionar a equipe de caldeiraria, distribuindo tarefas e garantindo o cumprimento dos prazos de produ\u00e7\u00e3o;<br \/>\n&#8211; Certifique-se de que todos os procedimentos de seguran\u00e7a sejam rigorosamente seguidos;<br \/>\n&#8211; Coordenar e melhorar os processos de fabrica\u00e7\u00e3o e manuten\u00e7\u00e3o de equipamentos, garantindo a qualidade do trabalho;<br \/>\n&#8211; Treinar e desenvolver uma equipe, identificando ne &#8230;<\/p><\/div>\n<\/div>\n<div class=\"card-clickable\" data-reactid=\".2d77b5wwajo.2.0.2.0.3:$job--NwLb_0eacfJKAhIO4mq\">\n<div data-reactid=\".2d77b5wwajo.2.0.2.0.3:$job--NwLb_0eacfJKAhIO4mq.0\">\n<h2 class=\"job-card-title\" data-reactid=\".2d77b5wwajo.2.0.2.0.3:$job--NwLb_0eacfJKAhIO4mq.0.0\"><a href=\"https:\/\/www.recrutasimples.com.br\/vaga\/soldador-tig\/ribeirao-preto-sp\/-NwLb_0eacfJKAhIO4mq\" data-reactid=\".2d77b5wwajo.2.0.2.0.3:$job--NwLb_0eacfJKAhIO4mq.0.0.0\">SOLDADOR TIG<\/a><\/h2>\n<\/div>\n<div class=\"job-card-info\" data-reactid=\".2d77b5wwajo.2.0.2.0.3:$job--NwLb_0eacfJKAhIO4mq.1\"><a href=\"https:\/\/www.recrutasimples.com.br\/vagas\/ribeirao-preto-sp\" data-reactid=\".2d77b5wwajo.2.0.2.0.3:$job--NwLb_0eacfJKAhIO4mq.1.1\"><span data-reactid=\".2d77b5wwajo.2.0.2.0.3:$job--NwLb_0eacfJKAhIO4mq.1.1.0\"><i class=\"zmdi zmdi-pin\" data-reactid=\".2d77b5wwajo.2.0.2.0.3:$job--NwLb_0eacfJKAhIO4mq.1.1.0.0\"><\/i><span class=\"spaced-left-sm\" data-reactid=\".2d77b5wwajo.2.0.2.0.3:$job--NwLb_0eacfJKAhIO4mq.1.1.0.1\">Ribeir\u00e3o Preto, SP<\/span><\/span><\/a><\/div>\n<div class=\"job-card-details\" data-reactid=\".2d77b5wwajo.2.0.2.0.3:$job--NwLb_0eacfJKAhIO4mq.2\">\n<div data-reactid=\".2d77b5wwajo.2.0.2.0.3:$job--NwLb_0eacfJKAhIO4mq.2.0\"><span class=\"secondary-label\" data-reactid=\".2d77b5wwajo.2.0.2.0.3:$job--NwLb_0eacfJKAhIO4mq.2.0.0\">Sal\u00e1rio<\/span><span class=\"spaced-left-sm\" data-reactid=\".2d77b5wwajo.2.0.2.0.3:$job--NwLb_0eacfJKAhIO4mq.2.0.1\">A combinar<\/span><\/div>\n<div data-reactid=\".2d77b5wwajo.2.0.2.0.3:$job--NwLb_0eacfJKAhIO4mq.2.2\"><span class=\"secondary-label\" data-reactid=\".2d77b5wwajo.2.0.2.0.3:$job--NwLb_0eacfJKAhIO4mq.2.2.0\">Contrato<\/span><span class=\"spaced-left-sm\" data-reactid=\".2d77b5wwajo.2.0.2.0.3:$job--NwLb_0eacfJKAhIO4mq.2.2.1\">CLT (Efetivo)<\/span><\/div>\n<\/div>\n<div class=\"secondary-label spaced-top-sm\" data-reactid=\".2d77b5wwajo.2.0.2.0.3:$job--NwLb_0eacfJKAhIO4mq.3\">Estamos em busca de um(a) Soldador(a) TIG para fazer parte do nosso time.<\/p>\n<p>Atividades:<\/p>\n<p>&#8211; Experi\u00eancia em soldagem e montagem em solda TIG;<br \/>\n&#8211; Montagem.<\/p><\/div>\n<\/div>\n<div class=\"card-clickable\" data-reactid=\".2d77b5wwajo.2.0.2.0.3:$job--NwLalxel26kl-AZmpS-\">\n<div data-reactid=\".2d77b5wwajo.2.0.2.0.3:$job--NwLalxel26kl-AZmpS-.0\">\n<h2 class=\"job-card-title\" data-reactid=\".2d77b5wwajo.2.0.2.0.3:$job--NwLalxel26kl-AZmpS-.0.0\"><a href=\"https:\/\/www.recrutasimples.com.br\/vaga\/engenheiroa-de-vendas\/ribeirao-preto-sp\/-NwLalxel26kl-AZmpS-\" data-reactid=\".2d77b5wwajo.2.0.2.0.3:$job--NwLalxel26kl-AZmpS-.0.0.0\">Engenheiro(a) de Vendas<\/a><\/h2>\n<\/div>\n<div class=\"job-card-info\" data-reactid=\".2d77b5wwajo.2.0.2.0.3:$job--NwLalxel26kl-AZmpS-.1\"><a href=\"https:\/\/www.recrutasimples.com.br\/vagas\/ribeirao-preto-sp\" data-reactid=\".2d77b5wwajo.2.0.2.0.3:$job--NwLalxel26kl-AZmpS-.1.1\"><span data-reactid=\".2d77b5wwajo.2.0.2.0.3:$job--NwLalxel26kl-AZmpS-.1.1.0\"><i class=\"zmdi zmdi-pin\" data-reactid=\".2d77b5wwajo.2.0.2.0.3:$job--NwLalxel26kl-AZmpS-.1.1.0.0\"><\/i><span class=\"spaced-left-sm\" data-reactid=\".2d77b5wwajo.2.0.2.0.3:$job--NwLalxel26kl-AZmpS-.1.1.0.1\">Ribeir\u00e3o Preto, SP<\/span><\/span><\/a><\/div>\n<div class=\"job-card-details\" data-reactid=\".2d77b5wwajo.2.0.2.0.3:$job--NwLalxel26kl-AZmpS-.2\">\n<div data-reactid=\".2d77b5wwajo.2.0.2.0.3:$job--NwLalxel26kl-AZmpS-.2.0\"><span class=\"secondary-label\" data-reactid=\".2d77b5wwajo.2.0.2.0.3:$job--NwLalxel26kl-AZmpS-.2.0.0\">Sal\u00e1rio<\/span><span class=\"spaced-left-sm\" data-reactid=\".2d77b5wwajo.2.0.2.0.3:$job--NwLalxel26kl-AZmpS-.2.0.1\">A combinar<\/span><\/div>\n<div data-reactid=\".2d77b5wwajo.2.0.2.0.3:$job--NwLalxel26kl-AZmpS-.2.2\"><span class=\"secondary-label\" data-reactid=\".2d77b5wwajo.2.0.2.0.3:$job--NwLalxel26kl-AZmpS-.2.2.0\">Contrato<\/span><span class=\"spaced-left-sm\" data-reactid=\".2d77b5wwajo.2.0.2.0.3:$job--NwLalxel26kl-AZmpS-.2.2.1\">CLT (Efetivo)<\/span><\/div>\n<\/div>\n<div class=\"secondary-label spaced-top-sm\" data-reactid=\".2d77b5wwajo.2.0.2.0.3:$job--NwLalxel26kl-AZmpS-.3\">Estamos em busca de um(a) Engenheiro(a) de Vendas para fazer parte do nosso time.<\/p>\n<p>Atividades:<\/p>\n<p>&#8211; Vendas t\u00e9cnicas de equipamento em a\u00e7o inox para diversas finalidades industriais.<\/p><\/div>\n<\/div>\n<div class=\"card-clickable\" data-reactid=\".2d77b5wwajo.2.0.2.0.3:$job--Nxxp_uUc3Bz0jRzyKwF\">\n<div data-reactid=\".2d77b5wwajo.2.0.2.0.3:$job--Nxxp_uUc3Bz0jRzyKwF.0\">\n<h2 class=\"job-card-title\" data-reactid=\".2d77b5wwajo.2.0.2.0.3:$job--Nxxp_uUc3Bz0jRzyKwF.0.0\"><a href=\"https:\/\/www.recrutasimples.com.br\/vaga\/projetista-industrial\/ribeirao-preto-sp\/-Nxxp_uUc3Bz0jRzyKwF\" data-reactid=\".2d77b5wwajo.2.0.2.0.3:$job--Nxxp_uUc3Bz0jRzyKwF.0.0.0\">Projetista Industrial<\/a><\/h2>\n<\/div>\n<div class=\"job-card-info\" data-reactid=\".2d77b5wwajo.2.0.2.0.3:$job--Nxxp_uUc3Bz0jRzyKwF.1\"><a href=\"https:\/\/www.recrutasimples.com.br\/vagas\/ribeirao-preto-sp\" data-reactid=\".2d77b5wwajo.2.0.2.0.3:$job--Nxxp_uUc3Bz0jRzyKwF.1.1\"><span data-reactid=\".2d77b5wwajo.2.0.2.0.3:$job--Nxxp_uUc3Bz0jRzyKwF.1.1.0\"><i class=\"zmdi zmdi-pin\" data-reactid=\".2d77b5wwajo.2.0.2.0.3:$job--Nxxp_uUc3Bz0jRzyKwF.1.1.0.0\"><\/i><span class=\"spaced-left-sm\" data-reactid=\".2d77b5wwajo.2.0.2.0.3:$job--Nxxp_uUc3Bz0jRzyKwF.1.1.0.1\">Ribeir\u00e3o Preto, SP<\/span><\/span><\/a><\/div>\n<div class=\"job-card-details\" data-reactid=\".2d77b5wwajo.2.0.2.0.3:$job--Nxxp_uUc3Bz0jRzyKwF.2\">\n<div data-reactid=\".2d77b5wwajo.2.0.2.0.3:$job--Nxxp_uUc3Bz0jRzyKwF.2.0\"><span class=\"secondary-label\" data-reactid=\".2d77b5wwajo.2.0.2.0.3:$job--Nxxp_uUc3Bz0jRzyKwF.2.0.0\">Sal\u00e1rio<\/span><span class=\"spaced-left-sm\" data-reactid=\".2d77b5wwajo.2.0.2.0.3:$job--Nxxp_uUc3Bz0jRzyKwF.2.0.1\">A combinar<\/span><\/div>\n<div data-reactid=\".2d77b5wwajo.2.0.2.0.3:$job--Nxxp_uUc3Bz0jRzyKwF.2.2\"><span class=\"secondary-label\" data-reactid=\".2d77b5wwajo.2.0.2.0.3:$job--Nxxp_uUc3Bz0jRzyKwF.2.2.0\">Contrato<\/span><span class=\"spaced-left-sm\" data-reactid=\".2d77b5wwajo.2.0.2.0.3:$job--Nxxp_uUc3Bz0jRzyKwF.2.2.1\">CLT (Efetivo)<\/span><\/div>\n<\/div>\n<div class=\"secondary-label spaced-top-sm\" data-reactid=\".2d77b5wwajo.2.0.2.0.3:$job--Nxxp_uUc3Bz0jRzyKwF.3\">Estamos em busca de um Projetista Industrial para nossa equipe. <\/p>\n<p>Responsabilidades:<\/p>\n<p>&#8211; Projetar m\u00e1quinas.<br \/>\n&#8211; Projetar tanques.<br \/>\n&#8211; Vaso de Press\u00e3o.<br \/>\n&#8211; Estruturas met\u00e1licas.<br \/>\n&#8211; Desenvolver e projetar produtos industriais de acordo com especifica\u00e7\u00f5es e requisitos.<br \/>\n&#8211; Crie esbo\u00e7os, desenhos t\u00e9cnicos e modelos 3D detalhados.<br \/>\n&#8211; Colaborar com equipes multidisciplinares para garantir a previs\u00e3o do projeto.<br \/>\n&#8211; Realizar an\u00e1lises de custos e otimiza\u00e7\u00e3o de processos de fabrica\u00e7\u00e3o.<br \/>\n&#8211; Garantir a conformidade com n &#8230;<\/p><\/div>\n<\/div>\n<div class=\"card-clickable\" data-reactid=\".2d77b5wwajo.2.0.2.0.3:$job--Ny5MRT-E67TmhBpUKEX\">\n<div data-reactid=\".2d77b5wwajo.2.0.2.0.3:$job--Ny5MRT-E67TmhBpUKEX.0\">\n<h2 class=\"job-card-title\" data-reactid=\".2d77b5wwajo.2.0.2.0.3:$job--Ny5MRT-E67TmhBpUKEX.0.0\"><a href=\"https:\/\/www.recrutasimples.com.br\/vaga\/analista-contabil-senior\/ribeirao-preto-sp\/-Ny5MRT-E67TmhBpUKEX\" data-reactid=\".2d77b5wwajo.2.0.2.0.3:$job--Ny5MRT-E67TmhBpUKEX.0.0.0\">Analista Cont\u00e1bil S\u00eanior<\/a><\/h2>\n<\/div>\n<div class=\"job-card-info\" data-reactid=\".2d77b5wwajo.2.0.2.0.3:$job--Ny5MRT-E67TmhBpUKEX.1\"><a href=\"https:\/\/www.recrutasimples.com.br\/vagas\/ribeirao-preto-sp\" data-reactid=\".2d77b5wwajo.2.0.2.0.3:$job--Ny5MRT-E67TmhBpUKEX.1.1\"><span data-reactid=\".2d77b5wwajo.2.0.2.0.3:$job--Ny5MRT-E67TmhBpUKEX.1.1.0\"><i class=\"zmdi zmdi-pin\" data-reactid=\".2d77b5wwajo.2.0.2.0.3:$job--Ny5MRT-E67TmhBpUKEX.1.1.0.0\"><\/i><span class=\"spaced-left-sm\" data-reactid=\".2d77b5wwajo.2.0.2.0.3:$job--Ny5MRT-E67TmhBpUKEX.1.1.0.1\">Ribeir\u00e3o Preto, SP<\/span><\/span><\/a><\/div>\n<div class=\"job-card-details\" data-reactid=\".2d77b5wwajo.2.0.2.0.3:$job--Ny5MRT-E67TmhBpUKEX.2\">\n<div data-reactid=\".2d77b5wwajo.2.0.2.0.3:$job--Ny5MRT-E67TmhBpUKEX.2.0\"><span class=\"secondary-label\" data-reactid=\".2d77b5wwajo.2.0.2.0.3:$job--Ny5MRT-E67TmhBpUKEX.2.0.0\">Sal\u00e1rio<\/span><span class=\"spaced-left-sm\" data-reactid=\".2d77b5wwajo.2.0.2.0.3:$job--Ny5MRT-E67TmhBpUKEX.2.0.1\">A combinar<\/span><\/div>\n<div data-reactid=\".2d77b5wwajo.2.0.2.0.3:$job--Ny5MRT-E67TmhBpUKEX.2.1\"><span class=\"secondary-label\" data-reactid=\".2d77b5wwajo.2.0.2.0.3:$job--Ny5MRT-E67TmhBpUKEX.2.1.0\">Benef\u00edcios<\/span><span class=\"spaced-left-sm\" data-reactid=\".2d77b5wwajo.2.0.2.0.3:$job--Ny5MRT-E67TmhBpUKEX.2.1.1\">Vale Transporte, Vale Refei\u00e7\u00e3o, Vale Alimenta\u00e7\u00e3o, Assist\u00eancia Odontol\u00f3gica, Seguro de Vida, Assist\u00eancia M\u00e9dica<\/span><\/div>\n<div data-reactid=\".2d77b5wwajo.2.0.2.0.3:$job--Ny5MRT-E67TmhBpUKEX.2.2\"><span class=\"secondary-label\" data-reactid=\".2d77b5wwajo.2.0.2.0.3:$job--Ny5MRT-E67TmhBpUKEX.2.2.0\">Contrato<\/span><span class=\"spaced-left-sm\" data-reactid=\".2d77b5wwajo.2.0.2.0.3:$job--Ny5MRT-E67TmhBpUKEX.2.2.1\">CLT (Efetivo)<\/span><\/div>\n<\/div>\n<div class=\"secondary-label spaced-top-sm\" data-reactid=\".2d77b5wwajo.2.0.2.0.3:$job--Ny5MRT-E67TmhBpUKEX.3\">Atividades:<br \/>\n&#8211; An\u00e1lise e encerramento do balan\u00e7o;<br \/>\n&#8211; Fechamento de impostos;<br \/>\n&#8211; Entrega de obriga\u00e7\u00f5es acess\u00f3rias.<\/div>\n<\/div>\n<div class=\"card-clickable\" data-reactid=\".2d77b5wwajo.2.0.2.0.3:$job--Nxmr1llU2uqcCE6vV44\">\n<div data-reactid=\".2d77b5wwajo.2.0.2.0.3:$job--Nxmr1llU2uqcCE6vV44.0\">\n<h2 class=\"job-card-title\" data-reactid=\".2d77b5wwajo.2.0.2.0.3:$job--Nxmr1llU2uqcCE6vV44.0.0\"><a href=\"https:\/\/www.recrutasimples.com.br\/vaga\/coordenadora-de-business-intelligence-nfase-em-estatistica\/ribeirao-preto-sp\/-Nxmr1llU2uqcCE6vV44\" data-reactid=\".2d77b5wwajo.2.0.2.0.3:$job--Nxmr1llU2uqcCE6vV44.0.0.0\">Coordenador(a) de Business Intelligence | \u00canfase em Estat\u00edstica<\/a><\/h2>\n<\/div>\n<div class=\"job-card-info\" data-reactid=\".2d77b5wwajo.2.0.2.0.3:$job--Nxmr1llU2uqcCE6vV44.1\"><a href=\"https:\/\/www.recrutasimples.com.br\/vagas\/ribeirao-preto-sp\" data-reactid=\".2d77b5wwajo.2.0.2.0.3:$job--Nxmr1llU2uqcCE6vV44.1.1\"><span data-reactid=\".2d77b5wwajo.2.0.2.0.3:$job--Nxmr1llU2uqcCE6vV44.1.1.0\"><i class=\"zmdi zmdi-pin\" data-reactid=\".2d77b5wwajo.2.0.2.0.3:$job--Nxmr1llU2uqcCE6vV44.1.1.0.0\"><\/i><span class=\"spaced-left-sm\" data-reactid=\".2d77b5wwajo.2.0.2.0.3:$job--Nxmr1llU2uqcCE6vV44.1.1.0.1\">Ribeir\u00e3o Preto, SP<\/span><\/span><\/a><\/div>\n<div class=\"job-card-details\" data-reactid=\".2d77b5wwajo.2.0.2.0.3:$job--Nxmr1llU2uqcCE6vV44.2\">\n<div data-reactid=\".2d77b5wwajo.2.0.2.0.3:$job--Nxmr1llU2uqcCE6vV44.2.0\"><span class=\"secondary-label\" data-reactid=\".2d77b5wwajo.2.0.2.0.3:$job--Nxmr1llU2uqcCE6vV44.2.0.0\">Sal\u00e1rio<\/span><span class=\"spaced-left-sm\" data-reactid=\".2d77b5wwajo.2.0.2.0.3:$job--Nxmr1llU2uqcCE6vV44.2.0.1\">A combinar<\/span><\/div>\n<div data-reactid=\".2d77b5wwajo.2.0.2.0.3:$job--Nxmr1llU2uqcCE6vV44.2.1\"><span class=\"secondary-label\" data-reactid=\".2d77b5wwajo.2.0.2.0.3:$job--Nxmr1llU2uqcCE6vV44.2.1.0\">Benef\u00edcios<\/span><span class=\"spaced-left-sm\" data-reactid=\".2d77b5wwajo.2.0.2.0.3:$job--Nxmr1llU2uqcCE6vV44.2.1.1\">Vale Transporte, Vale Refei\u00e7\u00e3o, Assist\u00eancia M\u00e9dica, Estacionamento, Kit Maternidade, Assist\u00eancia Odontol\u00f3gica, PLR<\/span><\/div>\n<div data-reactid=\".2d77b5wwajo.2.0.2.0.3:$job--Nxmr1llU2uqcCE6vV44.2.2\"><span class=\"secondary-label\" data-reactid=\".2d77b5wwajo.2.0.2.0.3:$job--Nxmr1llU2uqcCE6vV44.2.2.0\">Contrato<\/span><span class=\"spaced-left-sm\" data-reactid=\".2d77b5wwajo.2.0.2.0.3:$job--Nxmr1llU2uqcCE6vV44.2.2.1\">CLT (Efetivo)<\/span><\/div>\n<\/div>\n<div class=\"secondary-label spaced-top-sm\" data-reactid=\".2d77b5wwajo.2.0.2.0.3:$job--Nxmr1llU2uqcCE6vV44.3\">Atividades:<\/p>\n<p>&#8211; Desenvolver modelos preditivos e descritivos relacionados a risco de cr\u00e9dito e cobran\u00e7a, CRM, e indicadores de or\u00e7amento;<br \/>\n&#8211; Especificar a implanta\u00e7\u00e3o de modelos em sistemas e bancos de dados;<br \/>\n&#8211; Acompanhar o desempenho de modelos;<br \/>\n&#8211; Especificar pol\u00edticas para tomada de decis\u00e3o;<br \/>\n&#8211; Realizar gest\u00e3o de equipe.<\/p><\/div>\n<\/div>\n<div class=\"text-center\" data-reactid=\".2d77b5wwajo.2.0.2.0.7\">\n<h5 data-reactid=\".2d77b5wwajo.2.0.2.0.7.0\">Curta a nossa p\u00e1gina do Facebook e receba alerta de novas vagas de interesse!<\/h5>\n<div class=\"fb-page\" data-href=\"https:\/\/www.facebook.com\/oportunidadesevagasdeemprego\/\" data-small-header=\"false\" data-adapt-container-width=\"true\" data-hide-cover=\"false\" data-show-facepile=\"true\" data-reactid=\".2d77b5wwajo.2.0.2.0.7.1\">\n<blockquote class=\"fb-xfbml-parse-ignore\" data-reactid=\".2d77b5wwajo.2.0.2.0.7.1.0\"><p><a href=\"https:\/\/www.facebook.com\/oportunidadesevagasdeemprego\/\" data-reactid=\".2d77b5wwajo.2.0.2.0.7.1.0.0\">Recruta Simples Vagas<\/a><\/p><\/blockquote>\n<\/div>\n<\/div>\n<p><noscript data-reactid=\".2d77b5wwajo.2.0.2.0.8\"><\/noscript><\/div>\n<div class='code-block code-block-4' style='margin: 8px auto 8px 0; text-align: left; display: block; clear: both;'>\n\ud83d\udce2 Aviso Legal\n\nO site ismaelcolosi.com.br atua apenas como um canal de divulga\u00e7\u00e3o de oportunidades de emprego e n\u00e3o se responsabiliza pelo processo seletivo, contrata\u00e7\u00e3o ou qualquer outra etapa relacionada \u00e0s vagas publicadas. Todas as informa\u00e7\u00f5es s\u00e3o de responsabilidade dos anunciantes.\n\n\u26a0\ufe0f Aten\u00e7\u00e3o! Nunca pague por promessas de emprego nem compre cursos que garantam contrata\u00e7\u00e3o. Desconfie de qualquer cobran\u00e7a para participar de sele\u00e7\u00f5es.\n\n\n\n<\/div>\n<!-- CONTENT END 1 -->\n","protected":false},"excerpt":{"rendered":"<p>9 vagas em Ribeir\u00e3o Preto\/SP GERENTE COMERCIAL Ribeir\u00e3o Preto, SP Sal\u00e1rioA combinar ContratoCLT (Efetivo) Estamos em busca de um(a) Coordenador(a) de Vendas para se juntar&#8230;<\/p>\n","protected":false},"author":1,"featured_media":51991,"comment_status":"open","ping_status":"open","sticky":false,"template":"","format":"standard","meta":{"_uag_custom_page_level_css":"","advanced_seo_description":"","jetpack_seo_html_title":"","jetpack_seo_noindex":false,"jetpack_post_was_ever_published":false,"_jetpack_newsletter_access":"","_jetpack_dont_email_post_to_subs":false,"_jetpack_newsletter_tier_id":0,"_jetpack_memberships_contains_paywalled_content":false,"_jetpack_memberships_contains_paid_content":false,"footnotes":"","jetpack_publicize_message":"","jetpack_publicize_feature_enabled":true,"jetpack_social_post_already_shared":true,"jetpack_social_options":{"image_generator_settings":{"template":"highway","default_image_id":0,"font":"","enabled":false},"version":2}},"categories":[7],"tags":[],"class_list":["post-51990","post","type-post","status-publish","format-standard","has-post-thumbnail","hentry","category-vagas-de-empregos-em-ribeirao-preto-regiao-brasil"],"jetpack_publicize_connections":[],"jetpack_featured_media_url":"https:\/\/i0.wp.com\/ismaelcolosi.com.br\/wp-content\/uploads\/2024\/06\/a3e97088f30f8acd4c21ea69ffbecb43.jpg?fit=1080%2C981&ssl=1","uagb_featured_image_src":{"full":["https:\/\/i0.wp.com\/ismaelcolosi.com.br\/wp-content\/uploads\/2024\/06\/a3e97088f30f8acd4c21ea69ffbecb43.jpg?fit=1080%2C981&ssl=1",1080,981,false],"thumbnail":["https:\/\/i0.wp.com\/ismaelcolosi.com.br\/wp-content\/uploads\/2024\/06\/a3e97088f30f8acd4c21ea69ffbecb43.jpg?resize=150%2C150&ssl=1",150,150,true],"medium":["https:\/\/i0.wp.com\/ismaelcolosi.com.br\/wp-content\/uploads\/2024\/06\/a3e97088f30f8acd4c21ea69ffbecb43.jpg?fit=300%2C273&ssl=1",300,273,true],"medium_large":["https:\/\/i0.wp.com\/ismaelcolosi.com.br\/wp-content\/uploads\/2024\/06\/a3e97088f30f8acd4c21ea69ffbecb43.jpg?fit=768%2C698&ssl=1",768,698,true],"large":["https:\/\/i0.wp.com\/ismaelcolosi.com.br\/wp-content\/uploads\/2024\/06\/a3e97088f30f8acd4c21ea69ffbecb43.jpg?fit=1024%2C930&ssl=1",1024,930,true],"1536x1536":["https:\/\/i0.wp.com\/ismaelcolosi.com.br\/wp-content\/uploads\/2024\/06\/a3e97088f30f8acd4c21ea69ffbecb43.jpg?fit=1080%2C981&ssl=1",1080,981,true],"2048x2048":["https:\/\/i0.wp.com\/ismaelcolosi.com.br\/wp-content\/uploads\/2024\/06\/a3e97088f30f8acd4c21ea69ffbecb43.jpg?fit=1080%2C981&ssl=1",1080,981,true],"really-simple-thumb":["https:\/\/i0.wp.com\/ismaelcolosi.com.br\/wp-content\/uploads\/2024\/06\/a3e97088f30f8acd4c21ea69ffbecb43.jpg?resize=370%2C247&ssl=1",370,247,true]},"uagb_author_info":{"display_name":"ismaelcolosi.com.br","author_link":"https:\/\/ismaelcolosi.com.br\/index.php\/author\/vidareal-online\/"},"uagb_comment_info":0,"uagb_excerpt":"9 vagas em Ribeir\u00e3o Preto\/SP GERENTE COMERCIAL Ribeir\u00e3o Preto, SP Sal\u00e1rioA combinar ContratoCLT (Efetivo) Estamos em busca de um(a) Coordenador(a) de Vendas para se juntar...","jetpack-related-posts":[{"id":26301,"url":"https:\/\/ismaelcolosi.com.br\/index.php\/2024\/01\/09\/encontre-aqui-a-sua-oportunidade-de-emprego-9\/","url_meta":{"origin":51990,"position":0},"title":"Encontre aqui a sua oportunidade de emprego","author":"ismaelcolosi.com.br","date":"9 de January de 2024","format":false,"excerpt":"Confira mais de 577 vagas dispon\u00edveis.Vagas por cidadeTodas(497)Mat\u00e3o(203)Araras(201)Ribeir\u00e3o Preto(72)Santos(9)Monte Alto(3)Andradina(2)Vagas por \u00e1reaTodas(578)Produ\u00e7\u00e3o\/Fabrica\u00e7\u00e3o(214)Industrial, Produ\u00e7\u00e3o...(209)Transporte Terrestre(76)Administra\u00e7\u00e3o Comercial...(11)Industrial,Produ\u00e7\u00e3o...(10)Log\u00edstica(9)Vagas por cargoTodas(578)Ajudante de Produ\u00e7\u00e3o -...(401)Motorista - V\u00e1rias...(72)Auxiliar de Produ\u00e7\u00e3o...(12)Operador de Produ\u00e7\u00e3o -...(9)Estagi\u00e1rio Comercial -...(5)Auxiliar de Produ\u00e7\u00e3o(5) Vagas recentes1 vaga para Lavador de Carros em S\u00e3o Paulo - SPh\u00e1 1 diaVaga para Assistente Financeiro em Ribeir\u00e3o\u2026","rel":"","context":"In &quot;Vagas de Emprego em Ribeir\u00e3o Preto-SP&quot;","block_context":{"text":"Vagas de Emprego em Ribeir\u00e3o Preto-SP","link":"https:\/\/ismaelcolosi.com.br\/index.php\/category\/empregos-classificados-vagas-trabalho\/vagas-de-empregos-em-ribeirao-preto-regiao-brasil\/"},"img":{"alt_text":"","src":"https:\/\/i0.wp.com\/ismaelcolosi.com.br\/wp-content\/uploads\/2024\/01\/1704836514_maxresdefault.jpg?fit=1200%2C675&ssl=1&resize=350%2C200","width":350,"height":200,"srcset":"https:\/\/i0.wp.com\/ismaelcolosi.com.br\/wp-content\/uploads\/2024\/01\/1704836514_maxresdefault.jpg?fit=1200%2C675&ssl=1&resize=350%2C200 1x, https:\/\/i0.wp.com\/ismaelcolosi.com.br\/wp-content\/uploads\/2024\/01\/1704836514_maxresdefault.jpg?fit=1200%2C675&ssl=1&resize=525%2C300 1.5x, https:\/\/i0.wp.com\/ismaelcolosi.com.br\/wp-content\/uploads\/2024\/01\/1704836514_maxresdefault.jpg?fit=1200%2C675&ssl=1&resize=700%2C400 2x, https:\/\/i0.wp.com\/ismaelcolosi.com.br\/wp-content\/uploads\/2024\/01\/1704836514_maxresdefault.jpg?fit=1200%2C675&ssl=1&resize=1050%2C600 3x"},"classes":[]},{"id":27897,"url":"https:\/\/ismaelcolosi.com.br\/index.php\/2024\/01\/13\/encontre-aqui-a-sua-oportunidade-de-emprego-10\/","url_meta":{"origin":51990,"position":1},"title":"Encontre aqui a sua oportunidade de emprego","author":"ismaelcolosi.com.br","date":"13 de January de 2024","format":false,"excerpt":"Confira mais de 597 vagas dispon\u00edveis.Vagas por cidadeTodas(516)Mat\u00e3o(204)Araras(201)Ribeir\u00e3o Preto(73)Monte Alto(21)Santos(9)Andradina(2)Vagas por \u00e1reaTodas(598)Produ\u00e7\u00e3o\/Fabrica\u00e7\u00e3o(233)Industrial, Produ\u00e7\u00e3o...(209)Transporte Terrestre(74)Administra\u00e7\u00e3o Comercial...(12)Industrial,Produ\u00e7\u00e3o...(10)Log\u00edstica(9)Vagas por cargoTodas(598)Ajudante de Produ\u00e7\u00e3o -...(401)Motorista - V\u00e1rias...(72)Ajudante Geral de...(20)Auxiliar de Produ\u00e7\u00e3o...(11)Operador de Produ\u00e7\u00e3o -...(9)Estagi\u00e1rio Comercial -...(5) Vagas recentes1 vaga para Operador Moagem I em Mat\u00e3o - SPh\u00e1 1 diaVaga para Analista Financeiro - Tesouraria em\u2026","rel":"","context":"In &quot;Vagas de Emprego em Ribeir\u00e3o Preto-SP&quot;","block_context":{"text":"Vagas de Emprego em Ribeir\u00e3o Preto-SP","link":"https:\/\/ismaelcolosi.com.br\/index.php\/category\/empregos-classificados-vagas-trabalho\/vagas-de-empregos-em-ribeirao-preto-regiao-brasil\/"},"img":{"alt_text":"","src":"https:\/\/i0.wp.com\/ismaelcolosi.com.br\/wp-content\/uploads\/2024\/01\/1705184011_maxresdefault.jpg?fit=1200%2C675&ssl=1&resize=350%2C200","width":350,"height":200,"srcset":"https:\/\/i0.wp.com\/ismaelcolosi.com.br\/wp-content\/uploads\/2024\/01\/1705184011_maxresdefault.jpg?fit=1200%2C675&ssl=1&resize=350%2C200 1x, https:\/\/i0.wp.com\/ismaelcolosi.com.br\/wp-content\/uploads\/2024\/01\/1705184011_maxresdefault.jpg?fit=1200%2C675&ssl=1&resize=525%2C300 1.5x, https:\/\/i0.wp.com\/ismaelcolosi.com.br\/wp-content\/uploads\/2024\/01\/1705184011_maxresdefault.jpg?fit=1200%2C675&ssl=1&resize=700%2C400 2x, https:\/\/i0.wp.com\/ismaelcolosi.com.br\/wp-content\/uploads\/2024\/01\/1705184011_maxresdefault.jpg?fit=1200%2C675&ssl=1&resize=1050%2C600 3x"},"classes":[]},{"id":32609,"url":"https:\/\/ismaelcolosi.com.br\/index.php\/2024\/01\/25\/encontre-aqui-a-sua-oportunidade-de-emprego-13\/","url_meta":{"origin":51990,"position":2},"title":"Encontre aqui a sua oportunidade de emprego","author":"ismaelcolosi.com.br","date":"25 de January de 2024","format":false,"excerpt":"Confira mais de 532 vagas dispon\u00edveis.Vagas por cidadeTodas(524)Mat\u00e3o(204)Araras(200)Ribeir\u00e3o Preto(78)Monte Alto(25)Santos(9)Cravinhos(3)Vagas por \u00e1reaTodas(533)Produ\u00e7\u00e3o\/Fabrica\u00e7\u00e3o(237)Industrial, Produ\u00e7\u00e3o...(209)Administra\u00e7\u00e3o Comercial...(14)Industrial,Produ\u00e7\u00e3o...(10)Administra\u00e7\u00e3o de...(9)Log\u00edstica(8)Vagas por cargoTodas(533)Ajudante de Produ\u00e7\u00e3o -...(401)Ajudante Geral de...(20)Auxiliar de Produ\u00e7\u00e3o...(11)Auxiliar de Produ\u00e7\u00e3o(10)Operador de Produ\u00e7\u00e3o -...(9)Estagi\u00e1rio Comercial -...(5) Vagas recentesVaga para Auxiliar Administrativo em Ribeir\u00e3o Preto - SPVaga para Analista Tribut\u00e1rio em Ribeir\u00e3o PretoVaga para Auxiliar de\u2026","rel":"","context":"In &quot;Vagas de Emprego em Ribeir\u00e3o Preto-SP&quot;","block_context":{"text":"Vagas de Emprego em Ribeir\u00e3o Preto-SP","link":"https:\/\/ismaelcolosi.com.br\/index.php\/category\/empregos-classificados-vagas-trabalho\/vagas-de-empregos-em-ribeirao-preto-regiao-brasil\/"},"img":{"alt_text":"","src":"https:\/\/i0.wp.com\/ismaelcolosi.com.br\/wp-content\/uploads\/2024\/01\/1706222190_maxresdefault.jpg?fit=1200%2C675&ssl=1&resize=350%2C200","width":350,"height":200,"srcset":"https:\/\/i0.wp.com\/ismaelcolosi.com.br\/wp-content\/uploads\/2024\/01\/1706222190_maxresdefault.jpg?fit=1200%2C675&ssl=1&resize=350%2C200 1x, https:\/\/i0.wp.com\/ismaelcolosi.com.br\/wp-content\/uploads\/2024\/01\/1706222190_maxresdefault.jpg?fit=1200%2C675&ssl=1&resize=525%2C300 1.5x, https:\/\/i0.wp.com\/ismaelcolosi.com.br\/wp-content\/uploads\/2024\/01\/1706222190_maxresdefault.jpg?fit=1200%2C675&ssl=1&resize=700%2C400 2x, https:\/\/i0.wp.com\/ismaelcolosi.com.br\/wp-content\/uploads\/2024\/01\/1706222190_maxresdefault.jpg?fit=1200%2C675&ssl=1&resize=1050%2C600 3x"},"classes":[]},{"id":31299,"url":"https:\/\/ismaelcolosi.com.br\/index.php\/2024\/01\/21\/encontre-aqui-a-sua-oportunidade-de-emprego-12\/","url_meta":{"origin":51990,"position":3},"title":"Encontre aqui a sua oportunidade de emprego","author":"ismaelcolosi.com.br","date":"21 de January de 2024","format":false,"excerpt":"Confira mais de 535 vagas dispon\u00edveis.Vagas por cidadeTodas(526)Mat\u00e3o(203)Araras(200)Ribeir\u00e3o Preto(81)Monte Alto(24)Santos(9)Cravinhos(3)Vagas por \u00e1reaTodas(536)Produ\u00e7\u00e3o\/Fabrica\u00e7\u00e3o(236)Industrial, Produ\u00e7\u00e3o...(209)Administra\u00e7\u00e3o Comercial...(13)Industrial,Produ\u00e7\u00e3o...(10)Administra\u00e7\u00e3o de...(10)Log\u00edstica(9)Vagas por cargoTodas(536)Ajudante de Produ\u00e7\u00e3o -...(401)Ajudante Geral de...(20)Auxiliar de Produ\u00e7\u00e3o...(11)Operador de Produ\u00e7\u00e3o -...(9)Auxiliar de Produ\u00e7\u00e3o(9)Auxiliar de Expedi\u00e7\u00e3o(5) Vagas recentesVaga para Assistente de Frota em CravinhosVaga para Eletricista de Manuten\u00e7\u00e3o em Ribeir\u00e3o PretoVaga para Operador de M\u00e1quina\u2026","rel":"","context":"In &quot;Vagas de Emprego em Ribeir\u00e3o Preto-SP&quot;","block_context":{"text":"Vagas de Emprego em Ribeir\u00e3o Preto-SP","link":"https:\/\/ismaelcolosi.com.br\/index.php\/category\/empregos-classificados-vagas-trabalho\/vagas-de-empregos-em-ribeirao-preto-regiao-brasil\/"},"img":{"alt_text":"","src":"https:\/\/i0.wp.com\/ismaelcolosi.com.br\/wp-content\/uploads\/2024\/01\/1705876523_maxresdefault.jpg?fit=1200%2C675&ssl=1&resize=350%2C200","width":350,"height":200,"srcset":"https:\/\/i0.wp.com\/ismaelcolosi.com.br\/wp-content\/uploads\/2024\/01\/1705876523_maxresdefault.jpg?fit=1200%2C675&ssl=1&resize=350%2C200 1x, https:\/\/i0.wp.com\/ismaelcolosi.com.br\/wp-content\/uploads\/2024\/01\/1705876523_maxresdefault.jpg?fit=1200%2C675&ssl=1&resize=525%2C300 1.5x, https:\/\/i0.wp.com\/ismaelcolosi.com.br\/wp-content\/uploads\/2024\/01\/1705876523_maxresdefault.jpg?fit=1200%2C675&ssl=1&resize=700%2C400 2x, https:\/\/i0.wp.com\/ismaelcolosi.com.br\/wp-content\/uploads\/2024\/01\/1705876523_maxresdefault.jpg?fit=1200%2C675&ssl=1&resize=1050%2C600 3x"},"classes":[]},{"id":29233,"url":"https:\/\/ismaelcolosi.com.br\/index.php\/2024\/01\/17\/encontre-aqui-a-sua-oportunidade-de-emprego-11\/","url_meta":{"origin":51990,"position":4},"title":"Encontre aqui a sua oportunidade de emprego","author":"ismaelcolosi.com.br","date":"17 de January de 2024","format":false,"excerpt":"Confira mais de 533 vagas dispon\u00edveis.Vagas por cidadeTodas(524)Mat\u00e3o(203)Araras(200)Ribeir\u00e3o Preto(78)Monte Alto(26)Santos(9)Andradina(2)Vagas por \u00e1reaTodas(534)Produ\u00e7\u00e3o\/Fabrica\u00e7\u00e3o(238)Industrial, Produ\u00e7\u00e3o...(209)Administra\u00e7\u00e3o Comercial...(13)Administra\u00e7\u00e3o de...(10)Industrial,Produ\u00e7\u00e3o...(10)Log\u00edstica(9)Vagas por cargoTodas(534)Ajudante de Produ\u00e7\u00e3o -...(401)Ajudante Geral de...(20)Auxiliar de Produ\u00e7\u00e3o...(11)Operador de Produ\u00e7\u00e3o -...(9)Auxiliar de Produ\u00e7\u00e3o(7)Auxiliar de Expedi\u00e7\u00e3o(5) Vagas recentes1 vaga para Lavador em Cravinhos - SPh\u00e1 2 horas5 vagas para Servi\u00e7os Gerais I em Monte Alto\u2026","rel":"","context":"In &quot;Vagas de Emprego em Ribeir\u00e3o Preto-SP&quot;","block_context":{"text":"Vagas de Emprego em Ribeir\u00e3o Preto-SP","link":"https:\/\/ismaelcolosi.com.br\/index.php\/category\/empregos-classificados-vagas-trabalho\/vagas-de-empregos-em-ribeirao-preto-regiao-brasil\/"},"img":{"alt_text":"","src":"https:\/\/i0.wp.com\/ismaelcolosi.com.br\/wp-content\/uploads\/2024\/01\/1705530623_maxresdefault.jpg?fit=1200%2C675&ssl=1&resize=350%2C200","width":350,"height":200,"srcset":"https:\/\/i0.wp.com\/ismaelcolosi.com.br\/wp-content\/uploads\/2024\/01\/1705530623_maxresdefault.jpg?fit=1200%2C675&ssl=1&resize=350%2C200 1x, https:\/\/i0.wp.com\/ismaelcolosi.com.br\/wp-content\/uploads\/2024\/01\/1705530623_maxresdefault.jpg?fit=1200%2C675&ssl=1&resize=525%2C300 1.5x, https:\/\/i0.wp.com\/ismaelcolosi.com.br\/wp-content\/uploads\/2024\/01\/1705530623_maxresdefault.jpg?fit=1200%2C675&ssl=1&resize=700%2C400 2x, https:\/\/i0.wp.com\/ismaelcolosi.com.br\/wp-content\/uploads\/2024\/01\/1705530623_maxresdefault.jpg?fit=1200%2C675&ssl=1&resize=1050%2C600 3x"},"classes":[]},{"id":25036,"url":"https:\/\/ismaelcolosi.com.br\/index.php\/2024\/01\/05\/encontre-aqui-a-sua-oportunidade-de-emprego-8\/","url_meta":{"origin":51990,"position":5},"title":"Encontre aqui a sua oportunidade de emprego","author":"ismaelcolosi.com.br","date":"5 de January de 2024","format":false,"excerpt":"Confira mais de 577 vagas dispon\u00edveis.Vagas por cidadeTodas(497)Mat\u00e3o(203)Araras(201)Ribeir\u00e3o Preto(72)Santos(9)Monte Alto(3)Andradina(2)Vagas por \u00e1reaTodas(578)Produ\u00e7\u00e3o\/Fabrica\u00e7\u00e3o(214)Industrial, Produ\u00e7\u00e3o...(208)Transporte Terrestre(76)Administra\u00e7\u00e3o Comercial...(11)Industrial,Produ\u00e7\u00e3o...(10)Log\u00edstica(9)Vagas por cargoTodas(578)Ajudante de Produ\u00e7\u00e3o -...(401)Motorista - V\u00e1rias...(72)Auxiliar de Produ\u00e7\u00e3o...(12)Operador de Produ\u00e7\u00e3o -...(9)Estagi\u00e1rio Comercial -...(5)Auxiliar de Produ\u00e7\u00e3o(5) Vagas recentesVaga para Vendedor Externo em Regi\u00e3o de Mar\u00edlia\/SP e Belo Horizonte\/MGh\u00e1 1 horaVaga para Estagi\u00e1rio Comercial - Home\u2026","rel":"","context":"In &quot;Vagas de Emprego em Ribeir\u00e3o Preto-SP&quot;","block_context":{"text":"Vagas de Emprego em Ribeir\u00e3o Preto-SP","link":"https:\/\/ismaelcolosi.com.br\/index.php\/category\/empregos-classificados-vagas-trabalho\/vagas-de-empregos-em-ribeirao-preto-regiao-brasil\/"},"img":{"alt_text":"","src":"https:\/\/i0.wp.com\/ismaelcolosi.com.br\/wp-content\/uploads\/2024\/01\/1704489929_maxresdefault.jpg?fit=1200%2C675&ssl=1&resize=350%2C200","width":350,"height":200,"srcset":"https:\/\/i0.wp.com\/ismaelcolosi.com.br\/wp-content\/uploads\/2024\/01\/1704489929_maxresdefault.jpg?fit=1200%2C675&ssl=1&resize=350%2C200 1x, https:\/\/i0.wp.com\/ismaelcolosi.com.br\/wp-content\/uploads\/2024\/01\/1704489929_maxresdefault.jpg?fit=1200%2C675&ssl=1&resize=525%2C300 1.5x, https:\/\/i0.wp.com\/ismaelcolosi.com.br\/wp-content\/uploads\/2024\/01\/1704489929_maxresdefault.jpg?fit=1200%2C675&ssl=1&resize=700%2C400 2x, https:\/\/i0.wp.com\/ismaelcolosi.com.br\/wp-content\/uploads\/2024\/01\/1704489929_maxresdefault.jpg?fit=1200%2C675&ssl=1&resize=1050%2C600 3x"},"classes":[]}],"jetpack_sharing_enabled":true,"jetpack_shortlink":"https:\/\/wp.me\/pfMlyK-dwy","_links":{"self":[{"href":"https:\/\/ismaelcolosi.com.br\/index.php\/wp-json\/wp\/v2\/posts\/51990","targetHints":{"allow":["GET"]}}],"collection":[{"href":"https:\/\/ismaelcolosi.com.br\/index.php\/wp-json\/wp\/v2\/posts"}],"about":[{"href":"https:\/\/ismaelcolosi.com.br\/index.php\/wp-json\/wp\/v2\/types\/post"}],"author":[{"embeddable":true,"href":"https:\/\/ismaelcolosi.com.br\/index.php\/wp-json\/wp\/v2\/users\/1"}],"replies":[{"embeddable":true,"href":"https:\/\/ismaelcolosi.com.br\/index.php\/wp-json\/wp\/v2\/comments?post=51990"}],"version-history":[{"count":0,"href":"https:\/\/ismaelcolosi.com.br\/index.php\/wp-json\/wp\/v2\/posts\/51990\/revisions"}],"wp:featuredmedia":[{"embeddable":true,"href":"https:\/\/ismaelcolosi.com.br\/index.php\/wp-json\/wp\/v2\/media\/51991"}],"wp:attachment":[{"href":"https:\/\/ismaelcolosi.com.br\/index.php\/wp-json\/wp\/v2\/media?parent=51990"}],"wp:term":[{"taxonomy":"category","embeddable":true,"href":"https:\/\/ismaelcolosi.com.br\/index.php\/wp-json\/wp\/v2\/categories?post=51990"},{"taxonomy":"post_tag","embeddable":true,"href":"https:\/\/ismaelcolosi.com.br\/index.php\/wp-json\/wp\/v2\/tags?post=51990"}],"curies":[{"name":"wp","href":"https:\/\/api.w.org\/{rel}","templated":true}]}}