{"id":51975,"date":"2024-06-03T09:42:42","date_gmt":"2024-06-03T12:42:42","guid":{"rendered":"https:\/\/ismaelcolosi.com.br\/index.php\/2024\/06\/03\/ribeirao-preto-recebe-exposicao-nacional-de-orquideas-veja-quando-e-como-participar\/"},"modified":"2024-06-03T09:42:42","modified_gmt":"2024-06-03T12:42:42","slug":"ribeirao-preto-recebe-exposicao-nacional-de-orquideas-veja-quando-e-como-participar","status":"publish","type":"post","link":"https:\/\/ismaelcolosi.com.br\/index.php\/2024\/06\/03\/ribeirao-preto-recebe-exposicao-nacional-de-orquideas-veja-quando-e-como-participar\/","title":{"rendered":"Ribeir\u00e3o Preto recebe exposi\u00e7\u00e3o nacional de orqu\u00eddeas; Veja quando e como participar"},"content":{"rendered":"<p> <br \/>\n<\/p>\n<div data-td-block-uid=\"tdi_101\">\n<div class=\"tdb-block-inner td-fix-index\">\n<p><strong>A 59\u00aa Exposi\u00e7\u00e3o Nacional de Orqu\u00eddeas acontece entre os dias 14 e 16 de junho, no Instituto Social de Desenvolvimento Caminho com Amor, no bairro Jos\u00e9 Sampaio, zona Norte de Ribeir\u00e3o Preto.<\/strong> <mark style=\"background-color:#fcb900\" class=\"has-inline-color has-black-color\">A entrada no evento \u00e9 gratuita. <\/mark><\/p>\n<p>O <strong>evento <\/strong>re\u00fane mais de <strong>3 mil vasos para exposi\u00e7\u00e3o<\/strong> e <strong>6 mil para venda<\/strong>. Ser\u00e3o reunidas flores de 25 munic\u00edpios diferentes. <\/p><div class='code-block code-block-8' style='margin: 8px auto; text-align: center; display: block; clear: both;'>\n<script>\n  atOptions = {\n    'key' : '66e2e2111ca34da796271819fc334058',\n    'format' : 'iframe',\n    'height' : 250,\n    'width' : 300,\n    'params' : {}\n  };\n<\/script>\n<script src=\"https:\/\/www.highperformanceformat.com\/66e2e2111ca34da796271819fc334058\/invoke.js\"><\/script>\n<\/div>\n\n<p>A mostra \u00e9 promovida pela<strong> Associa\u00e7\u00e3o dos Orquid\u00f3filos de Ribeir\u00e3o Preto<\/strong> <strong>(ASSORP)<\/strong>.<\/p>\n<p>Al\u00e9m de orqu\u00eddeas, os admiradores e colecionadores tamb\u00e9m encontrar\u00e3o uma grande variedade de insumos e poder\u00e3o trocar experi\u00eancias com os expositores sobre o cultivo das plantas.<\/p>\n<h2 class=\"wp-block-heading\"><strong>Hor\u00e1rios<\/strong><\/h2>\n<p>A exposi\u00e7\u00e3o conta com hor\u00e1rios diferentes de abertura em seus tr\u00eas dias, <span style=\"background-color:#f7cc62\" class=\"td_text_highlight_marker\"><mark style=\"background-color:rgba(0, 0, 0, 0)\" class=\"has-inline-color has-black-color\">confira:<\/mark><\/span><\/p>\n<ul>\n<li>14 de junho, sexta-feira | Vendas a partir das 8h e exposi\u00e7\u00e3o das 18h \u00e0s 20h<\/li>\n<li>15 de junho, s\u00e1bado | Vendas e exposi\u00e7\u00e3o das 8h \u00e0s 20h<\/li>\n<li>16 de junho, domingo | Vendas e exposi\u00e7\u00e3o das 8h \u00e0s 16h<\/li>\n<\/ul>\n<h3 class=\"wp-block-heading\"><strong>Servi\u00e7o<\/strong><\/h3>\n<p><em>59\u00aa Exposi\u00e7\u00e3o Nacional de Orqu\u00eddeas<\/em><\/p>\n<p><strong>Quando:<\/strong> 14, 15 e 16 de junho<br \/><strong>Hor\u00e1rio:<\/strong> Sexta e s\u00e1bado, das 8 \u00e0s 20h, e domingo, das 8h \u00e0s 16h <br \/><strong>Local:<\/strong> Instituto Social de Desenvolvimento Caminho com Amor <br \/><strong>Endere\u00e7o:<\/strong> Rua Coronel Am\u00e9rico Batista, 2.849 \u2013 Jardim Jos\u00e9 Sampaio <br \/>Entrada: <strong>gratuita<\/strong><\/p>\n<p>SAIBA MAIS<br \/>INSS paga segunda parcela do 13\u00ba a aposentados que recebem acima do m\u00ednimo<\/p>\n<h4 class=\"wp-block-heading\"><strong>FIQUE ON<\/strong><\/h4>\n<p>Fique ligado em tudo que acontece em Ribeir\u00e3o Preto e regi\u00e3o. Siga os perfis do <strong>acidade on <\/strong>no <a href=\"https:\/\/www.instagram.com\/acidadeonribeirao\" target=\"_blank\" rel=\"noreferrer noopener\">Instagram<\/a> e no <a href=\"https:\/\/www.facebook.com\/acidadeonribeirao\" target=\"_blank\" rel=\"noreferrer noopener\">Facebook<\/a>.<\/p>\n<p>Receba not\u00edcias do acidade on no WhatsApp. Para entrar no grupo, basta <a href=\"https:\/\/chat.whatsapp.com\/CdrZ6xrf7quD44Vw3WlPuZ\" target=\"_blank\" rel=\"noreferrer noopener\">clicar aqui<\/a>.<\/p>\n<p>Fa\u00e7a uma den\u00fancia ou sugira uma reportagem sobre Ribeir\u00e3o Preto e regi\u00e3o pelo WhatsApp: 16 99117 7802.<\/p>\n<p>VEJA TAMB\u00c9M<br \/>Pabllo Vittar vai com as cores do Brasil \u00e0 Parada LGBTQIA+<\/p>\n<p><!-- AI CONTENT END 1 -->\n<\/div>\n<\/div>\n<p><script async src=\"\/\/www.instagram.com\/embed.js\"><\/script><br \/>\n<br \/><br \/>\n<br \/><a href=\"https:\/\/www.acidadeon.com\/ribeiraopreto\/lazer-e-cultura\/ribeirao-preto-recebe-exposicao-nacional-de-orquideas-veja-quando-e-como-participar\/\">Source link <\/a><\/p>\n<div class='code-block code-block-4' style='margin: 8px auto 8px 0; text-align: left; display: block; clear: both;'>\n\ud83d\udce2 Aviso Legal\n\nO site ismaelcolosi.com.br atua apenas como um canal de divulga\u00e7\u00e3o de oportunidades de emprego e n\u00e3o se responsabiliza pelo processo seletivo, contrata\u00e7\u00e3o ou qualquer outra etapa relacionada \u00e0s vagas publicadas. Todas as informa\u00e7\u00f5es s\u00e3o de responsabilidade dos anunciantes.\n\n\u26a0\ufe0f Aten\u00e7\u00e3o! Nunca pague por promessas de emprego nem compre cursos que garantam contrata\u00e7\u00e3o. Desconfie de qualquer cobran\u00e7a para participar de sele\u00e7\u00f5es.\n\n\n\n<\/div>\n<!-- CONTENT END 1 -->\n","protected":false},"excerpt":{"rendered":"<p>A 59\u00aa Exposi\u00e7\u00e3o Nacional de Orqu\u00eddeas acontece entre os dias 14 e 16 de junho, no Instituto Social de Desenvolvimento Caminho com Amor, no bairro&#8230;<\/p>\n","protected":false},"author":1,"featured_media":51976,"comment_status":"open","ping_status":"open","sticky":false,"template":"","format":"standard","meta":{"_uag_custom_page_level_css":"","advanced_seo_description":"","jetpack_seo_html_title":"","jetpack_seo_noindex":false,"jetpack_post_was_ever_published":false,"_jetpack_newsletter_access":"","_jetpack_dont_email_post_to_subs":false,"_jetpack_newsletter_tier_id":0,"_jetpack_memberships_contains_paywalled_content":false,"_jetpack_memberships_contains_paid_content":false,"footnotes":"","jetpack_publicize_message":"","jetpack_publicize_feature_enabled":true,"jetpack_social_post_already_shared":true,"jetpack_social_options":{"image_generator_settings":{"template":"highway","default_image_id":0,"font":"","enabled":false},"version":2}},"categories":[11],"tags":[],"class_list":["post-51975","post","type-post","status-publish","format-standard","has-post-thumbnail","hentry","category-noticias-de-ribeirao-preto-sp-e-regiao-ismael-colosi"],"jetpack_publicize_connections":[],"jetpack_featured_media_url":"https:\/\/i0.wp.com\/ismaelcolosi.com.br\/wp-content\/uploads\/2024\/06\/flores_2024-06-03_11-41-00_jpeg_2024-06-03_11-41-00.webp.webp?fit=2048%2C1365&ssl=1","uagb_featured_image_src":{"full":["https:\/\/i0.wp.com\/ismaelcolosi.com.br\/wp-content\/uploads\/2024\/06\/flores_2024-06-03_11-41-00_jpeg_2024-06-03_11-41-00.webp.webp?fit=2048%2C1365&ssl=1",2048,1365,false],"thumbnail":["https:\/\/i0.wp.com\/ismaelcolosi.com.br\/wp-content\/uploads\/2024\/06\/flores_2024-06-03_11-41-00_jpeg_2024-06-03_11-41-00.webp.webp?resize=150%2C150&ssl=1",150,150,true],"medium":["https:\/\/i0.wp.com\/ismaelcolosi.com.br\/wp-content\/uploads\/2024\/06\/flores_2024-06-03_11-41-00_jpeg_2024-06-03_11-41-00.webp.webp?fit=300%2C200&ssl=1",300,200,true],"medium_large":["https:\/\/i0.wp.com\/ismaelcolosi.com.br\/wp-content\/uploads\/2024\/06\/flores_2024-06-03_11-41-00_jpeg_2024-06-03_11-41-00.webp.webp?fit=768%2C512&ssl=1",768,512,true],"large":["https:\/\/i0.wp.com\/ismaelcolosi.com.br\/wp-content\/uploads\/2024\/06\/flores_2024-06-03_11-41-00_jpeg_2024-06-03_11-41-00.webp.webp?fit=1024%2C683&ssl=1",1024,683,true],"1536x1536":["https:\/\/i0.wp.com\/ismaelcolosi.com.br\/wp-content\/uploads\/2024\/06\/flores_2024-06-03_11-41-00_jpeg_2024-06-03_11-41-00.webp.webp?fit=1536%2C1024&ssl=1",1536,1024,true],"2048x2048":["https:\/\/i0.wp.com\/ismaelcolosi.com.br\/wp-content\/uploads\/2024\/06\/flores_2024-06-03_11-41-00_jpeg_2024-06-03_11-41-00.webp.webp?fit=2048%2C1365&ssl=1",2048,1365,true],"really-simple-thumb":["https:\/\/i0.wp.com\/ismaelcolosi.com.br\/wp-content\/uploads\/2024\/06\/flores_2024-06-03_11-41-00_jpeg_2024-06-03_11-41-00.webp.webp?resize=370%2C247&ssl=1",370,247,true]},"uagb_author_info":{"display_name":"ismaelcolosi.com.br","author_link":"https:\/\/ismaelcolosi.com.br\/index.php\/author\/vidareal-online\/"},"uagb_comment_info":0,"uagb_excerpt":"A 59\u00aa Exposi\u00e7\u00e3o Nacional de Orqu\u00eddeas acontece entre os dias 14 e 16 de junho, no Instituto Social de Desenvolvimento Caminho com Amor, no bairro...","jetpack-related-posts":[{"id":55216,"url":"https:\/\/ismaelcolosi.com.br\/index.php\/2024\/07\/01\/ribeirao-preto-conta-com-exposicao-de-orquideas-em-festival-caipira\/","url_meta":{"origin":51975,"position":0},"title":"Ribeir\u00e3o Preto conta com exposi\u00e7\u00e3o de orqu\u00eddeas em festival caipira","author":"ismaelcolosi.com.br","date":"1 de July de 2024","format":false,"excerpt":"Ribeir\u00e3o Preto recebe nos dias 5, 6 e 7 de julho o 3\u00ba Festival Caipira Ribeir\u00e3o, no estacionamento do Novo Shopping, na zona Leste, com entrada gratuita. O evento contar\u00e1 com exposi\u00e7\u00e3o de orqu\u00eddeas, m\u00fasica ao vivo e queima do alho. Confira todas as tra\u00e7\u00f5es do festival. Exposi\u00e7\u00e3o de Orqu\u00eddeas\u2026","rel":"","context":"In &quot;Not\u00edcias de Ribeir\u00e3o Preto-SP e Regi\u00e3o&quot;","block_context":{"text":"Not\u00edcias de Ribeir\u00e3o Preto-SP e Regi\u00e3o","link":"https:\/\/ismaelcolosi.com.br\/index.php\/category\/noticias-de-ribeirao-preto-sp-e-regiao-ismael-colosi\/"},"img":{"alt_text":"","src":"https:\/\/i0.wp.com\/ismaelcolosi.com.br\/wp-content\/uploads\/2024\/07\/orquidea_2024-07-01_14-54-06_jpeg_2024-07-01_14-54-06.webp.webp?fit=1000%2C668&ssl=1&resize=350%2C200","width":350,"height":200,"srcset":"https:\/\/i0.wp.com\/ismaelcolosi.com.br\/wp-content\/uploads\/2024\/07\/orquidea_2024-07-01_14-54-06_jpeg_2024-07-01_14-54-06.webp.webp?fit=1000%2C668&ssl=1&resize=350%2C200 1x, https:\/\/i0.wp.com\/ismaelcolosi.com.br\/wp-content\/uploads\/2024\/07\/orquidea_2024-07-01_14-54-06_jpeg_2024-07-01_14-54-06.webp.webp?fit=1000%2C668&ssl=1&resize=525%2C300 1.5x, https:\/\/i0.wp.com\/ismaelcolosi.com.br\/wp-content\/uploads\/2024\/07\/orquidea_2024-07-01_14-54-06_jpeg_2024-07-01_14-54-06.webp.webp?fit=1000%2C668&ssl=1&resize=700%2C400 2x"},"classes":[]},{"id":40615,"url":"https:\/\/ismaelcolosi.com.br\/index.php\/2024\/03\/04\/cidade-na-regiao-de-ribeirao-recebe-festival-de-orquideas-com-entrada-gratuita\/","url_meta":{"origin":51975,"position":1},"title":"Cidade na regi\u00e3o de Ribeir\u00e3o recebe Festival de Orqu\u00eddeas com entrada gratuita","author":"ismaelcolosi.com.br","date":"4 de March de 2024","format":false,"excerpt":"Se voc\u00ea \u00e9 f\u00e3 de flores, anote na sua agenda: entre os dias 8 e 10 de mar\u00e7o, Batatais, cidade na regi\u00e3o de Ribeir\u00e3o Preto, recebe a 45\u00aa edi\u00e7\u00e3o do Festival de Orqu\u00eddeas. O evento acontecer\u00e1 Gin\u00e1sio do Centro Universit\u00e1rio Claretiano e ter\u00e1 entrada gratuita. O evento faz parte do\u2026","rel":"","context":"In &quot;Not\u00edcias de Ribeir\u00e3o Preto-SP e Regi\u00e3o&quot;","block_context":{"text":"Not\u00edcias de Ribeir\u00e3o Preto-SP e Regi\u00e3o","link":"https:\/\/ismaelcolosi.com.br\/index.php\/category\/noticias-de-ribeirao-preto-sp-e-regiao-ismael-colosi\/"},"img":{"alt_text":"","src":"https:\/\/i0.wp.com\/ismaelcolosi.com.br\/wp-content\/uploads\/2024\/03\/RibeiroPretorecebeexposiodeorqudeascomentradagratuita_Tamanho_2_image.jpg?fit=1200%2C900&ssl=1&resize=350%2C200","width":350,"height":200,"srcset":"https:\/\/i0.wp.com\/ismaelcolosi.com.br\/wp-content\/uploads\/2024\/03\/RibeiroPretorecebeexposiodeorqudeascomentradagratuita_Tamanho_2_image.jpg?fit=1200%2C900&ssl=1&resize=350%2C200 1x, https:\/\/i0.wp.com\/ismaelcolosi.com.br\/wp-content\/uploads\/2024\/03\/RibeiroPretorecebeexposiodeorqudeascomentradagratuita_Tamanho_2_image.jpg?fit=1200%2C900&ssl=1&resize=525%2C300 1.5x, https:\/\/i0.wp.com\/ismaelcolosi.com.br\/wp-content\/uploads\/2024\/03\/RibeiroPretorecebeexposiodeorqudeascomentradagratuita_Tamanho_2_image.jpg?fit=1200%2C900&ssl=1&resize=700%2C400 2x, https:\/\/i0.wp.com\/ismaelcolosi.com.br\/wp-content\/uploads\/2024\/03\/RibeiroPretorecebeexposiodeorqudeascomentradagratuita_Tamanho_2_image.jpg?fit=1200%2C900&ssl=1&resize=1050%2C600 3x"},"classes":[]},{"id":45650,"url":"https:\/\/ismaelcolosi.com.br\/index.php\/2024\/04\/05\/feira-de-orquideas-e-a-atracao-em-rp-2\/","url_meta":{"origin":51975,"position":2},"title":"Feira de orqu\u00eddeas \u00e9 a atra\u00e7\u00e3o em RP","author":"ismaelcolosi.com.br","date":"5 de April de 2024","format":false,"excerpt":"Milhares de flores est\u00e3o prestes a trazer muito mais cor para o outuno na regi\u00e3o. No pr\u00f3ximo final de semana, no s\u00e1bado (6) e no domingo, 7 de abril, a Associa\u00e7\u00e3o Orquid\u00f3fila de Ribeir\u00e3o Preto (Assorp) traz ao Dan Inn Hotel a terceira edi\u00e7\u00e3o da Feira de Orqu\u00eddeas e Suculentas,\u2026","rel":"","context":"In &quot;Not\u00edcias de Ribeir\u00e3o Preto-SP e Regi\u00e3o&quot;","block_context":{"text":"Not\u00edcias de Ribeir\u00e3o Preto-SP e Regi\u00e3o","link":"https:\/\/ismaelcolosi.com.br\/index.php\/category\/noticias-de-ribeirao-preto-sp-e-regiao-ismael-colosi\/"},"img":{"alt_text":"","src":"https:\/\/i0.wp.com\/ismaelcolosi.com.br\/wp-content\/uploads\/2024\/04\/1712337239_24c616cd-1048-476c-bff1-6d4d1d6579d0.jpg?fit=1200%2C800&ssl=1&resize=350%2C200","width":350,"height":200,"srcset":"https:\/\/i0.wp.com\/ismaelcolosi.com.br\/wp-content\/uploads\/2024\/04\/1712337239_24c616cd-1048-476c-bff1-6d4d1d6579d0.jpg?fit=1200%2C800&ssl=1&resize=350%2C200 1x, https:\/\/i0.wp.com\/ismaelcolosi.com.br\/wp-content\/uploads\/2024\/04\/1712337239_24c616cd-1048-476c-bff1-6d4d1d6579d0.jpg?fit=1200%2C800&ssl=1&resize=525%2C300 1.5x, https:\/\/i0.wp.com\/ismaelcolosi.com.br\/wp-content\/uploads\/2024\/04\/1712337239_24c616cd-1048-476c-bff1-6d4d1d6579d0.jpg?fit=1200%2C800&ssl=1&resize=700%2C400 2x, https:\/\/i0.wp.com\/ismaelcolosi.com.br\/wp-content\/uploads\/2024\/04\/1712337239_24c616cd-1048-476c-bff1-6d4d1d6579d0.jpg?fit=1200%2C800&ssl=1&resize=1050%2C600 3x"},"classes":[]},{"id":45604,"url":"https:\/\/ismaelcolosi.com.br\/index.php\/2024\/04\/05\/feira-de-orquideas-e-a-atracao-em-rp\/","url_meta":{"origin":51975,"position":3},"title":"Feira de orqu\u00eddeas \u00e9 a atra\u00e7\u00e3o em RP","author":"ismaelcolosi.com.br","date":"5 de April de 2024","format":false,"excerpt":"5 de abril de 2024 | 10:005 de abril de 2024 | 8:07 0 Milhares de flores est\u00e3o prestes a trazer muito mais cor para o outuno na regi\u00e3o. No pr\u00f3ximo final de semana, no s\u00e1bado (6) e no domingo, 7 de abril, a Associa\u00e7\u00e3o Orquid\u00f3fila de Ribeir\u00e3o Preto (Assorp)\u2026","rel":"","context":"In &quot;Not\u00edcias de Ribeir\u00e3o Preto-SP e Regi\u00e3o&quot;","block_context":{"text":"Not\u00edcias de Ribeir\u00e3o Preto-SP e Regi\u00e3o","link":"https:\/\/ismaelcolosi.com.br\/index.php\/category\/noticias-de-ribeirao-preto-sp-e-regiao-ismael-colosi\/"},"img":{"alt_text":"","src":"https:\/\/i0.wp.com\/ismaelcolosi.com.br\/wp-content\/uploads\/2024\/04\/24c616cd-1048-476c-bff1-6d4d1d6579d0.jpg?fit=1200%2C800&ssl=1&resize=350%2C200","width":350,"height":200,"srcset":"https:\/\/i0.wp.com\/ismaelcolosi.com.br\/wp-content\/uploads\/2024\/04\/24c616cd-1048-476c-bff1-6d4d1d6579d0.jpg?fit=1200%2C800&ssl=1&resize=350%2C200 1x, https:\/\/i0.wp.com\/ismaelcolosi.com.br\/wp-content\/uploads\/2024\/04\/24c616cd-1048-476c-bff1-6d4d1d6579d0.jpg?fit=1200%2C800&ssl=1&resize=525%2C300 1.5x, https:\/\/i0.wp.com\/ismaelcolosi.com.br\/wp-content\/uploads\/2024\/04\/24c616cd-1048-476c-bff1-6d4d1d6579d0.jpg?fit=1200%2C800&ssl=1&resize=700%2C400 2x, https:\/\/i0.wp.com\/ismaelcolosi.com.br\/wp-content\/uploads\/2024\/04\/24c616cd-1048-476c-bff1-6d4d1d6579d0.jpg?fit=1200%2C800&ssl=1&resize=1050%2C600 3x"},"classes":[]},{"id":53190,"url":"https:\/\/ismaelcolosi.com.br\/index.php\/2024\/06\/14\/orquideas-parada-lgbt-e-tributo-a-michael-jackson-veja-a-agenda-do-fim-semana-em-ribeirao\/","url_meta":{"origin":51975,"position":4},"title":"Orqu\u00eddeas, Parada LGBT e tributo a Michael Jackson: Veja a agenda do fim semana em Ribeir\u00e3o","author":"ismaelcolosi.com.br","date":"14 de June de 2024","format":false,"excerpt":"Ribeir\u00e3o Preto conta com uma programa\u00e7\u00e3o de eventos culturais e de lazer gratuitos e pagos neste fim de semana. Entre os destaques, est\u00e3o: Exposi\u00e7\u00e3o de Orqu\u00eddeas, Parada LGBTQIAP+ e Tributo ao Rei do Pop com Rodrigo Teaser. Confira: A tradicional Exposi\u00e7\u00e3o de Orqu\u00eddeas retorna a Ribeir\u00e3o a partir desta sexta-feira\u2026","rel":"","context":"In &quot;Not\u00edcias de Ribeir\u00e3o Preto-SP e Regi\u00e3o&quot;","block_context":{"text":"Not\u00edcias de Ribeir\u00e3o Preto-SP e Regi\u00e3o","link":"https:\/\/ismaelcolosi.com.br\/index.php\/category\/noticias-de-ribeirao-preto-sp-e-regiao-ismael-colosi\/"},"img":{"alt_text":"","src":"https:\/\/i0.wp.com\/ismaelcolosi.com.br\/wp-content\/uploads\/2024\/06\/Copia-de-Copia-de-TAMANHO-EXATO-PARA-FOTOS-NO-SISTEMA-NOVO-12_2024-06-14_12-24-00_jpg_2024-06-14_12-24-00.webp.webp?fit=1200%2C675&ssl=1&resize=350%2C200","width":350,"height":200,"srcset":"https:\/\/i0.wp.com\/ismaelcolosi.com.br\/wp-content\/uploads\/2024\/06\/Copia-de-Copia-de-TAMANHO-EXATO-PARA-FOTOS-NO-SISTEMA-NOVO-12_2024-06-14_12-24-00_jpg_2024-06-14_12-24-00.webp.webp?fit=1200%2C675&ssl=1&resize=350%2C200 1x, https:\/\/i0.wp.com\/ismaelcolosi.com.br\/wp-content\/uploads\/2024\/06\/Copia-de-Copia-de-TAMANHO-EXATO-PARA-FOTOS-NO-SISTEMA-NOVO-12_2024-06-14_12-24-00_jpg_2024-06-14_12-24-00.webp.webp?fit=1200%2C675&ssl=1&resize=525%2C300 1.5x, https:\/\/i0.wp.com\/ismaelcolosi.com.br\/wp-content\/uploads\/2024\/06\/Copia-de-Copia-de-TAMANHO-EXATO-PARA-FOTOS-NO-SISTEMA-NOVO-12_2024-06-14_12-24-00_jpg_2024-06-14_12-24-00.webp.webp?fit=1200%2C675&ssl=1&resize=700%2C400 2x, https:\/\/i0.wp.com\/ismaelcolosi.com.br\/wp-content\/uploads\/2024\/06\/Copia-de-Copia-de-TAMANHO-EXATO-PARA-FOTOS-NO-SISTEMA-NOVO-12_2024-06-14_12-24-00_jpg_2024-06-14_12-24-00.webp.webp?fit=1200%2C675&ssl=1&resize=1050%2C600 3x"},"classes":[]},{"id":45441,"url":"https:\/\/ismaelcolosi.com.br\/index.php\/2024\/04\/04\/feira-de-orquideas-e-suculentas-acontece-neste-fim-de-semana-em-ribeirao-preto\/","url_meta":{"origin":51975,"position":5},"title":"Feira de Orqu\u00eddeas e Suculentas acontece neste fim de semana em Ribeir\u00e3o Preto","author":"ismaelcolosi.com.br","date":"4 de April de 2024","format":false,"excerpt":"Acontece neste s\u00e1bado (6) e domingo (7), a 3\u00aa edi\u00e7\u00e3o da Feira de Orqu\u00eddeas e Suculentas em Ribeir\u00e3o Preto.\u00a0 Organizada pela Assorp (Associa\u00e7\u00e3o Orquid\u00f3fila de Ribeir\u00e3o Preto), o evento que reunir\u00e1 milhares de plantas, ser\u00e1 das 8h \u00e0s 20h no s\u00e1bado e das 8h \u00e0s 18h no domingo. Os expositores\u2026","rel":"","context":"In &quot;Not\u00edcias de Ribeir\u00e3o Preto-SP e Regi\u00e3o&quot;","block_context":{"text":"Not\u00edcias de Ribeir\u00e3o Preto-SP e Regi\u00e3o","link":"https:\/\/ismaelcolosi.com.br\/index.php\/category\/noticias-de-ribeirao-preto-sp-e-regiao-ismael-colosi\/"},"img":{"alt_text":"","src":"https:\/\/i0.wp.com\/ismaelcolosi.com.br\/wp-content\/uploads\/2024\/04\/Copia-de-Copia-de-TAMANHO-EXATO-PARA-FOTOS-NO-SISTEMA-NOVO-25.jpg?fit=1200%2C675&ssl=1&resize=350%2C200","width":350,"height":200,"srcset":"https:\/\/i0.wp.com\/ismaelcolosi.com.br\/wp-content\/uploads\/2024\/04\/Copia-de-Copia-de-TAMANHO-EXATO-PARA-FOTOS-NO-SISTEMA-NOVO-25.jpg?fit=1200%2C675&ssl=1&resize=350%2C200 1x, https:\/\/i0.wp.com\/ismaelcolosi.com.br\/wp-content\/uploads\/2024\/04\/Copia-de-Copia-de-TAMANHO-EXATO-PARA-FOTOS-NO-SISTEMA-NOVO-25.jpg?fit=1200%2C675&ssl=1&resize=525%2C300 1.5x, https:\/\/i0.wp.com\/ismaelcolosi.com.br\/wp-content\/uploads\/2024\/04\/Copia-de-Copia-de-TAMANHO-EXATO-PARA-FOTOS-NO-SISTEMA-NOVO-25.jpg?fit=1200%2C675&ssl=1&resize=700%2C400 2x, https:\/\/i0.wp.com\/ismaelcolosi.com.br\/wp-content\/uploads\/2024\/04\/Copia-de-Copia-de-TAMANHO-EXATO-PARA-FOTOS-NO-SISTEMA-NOVO-25.jpg?fit=1200%2C675&ssl=1&resize=1050%2C600 3x"},"classes":[]}],"jetpack_sharing_enabled":true,"jetpack_shortlink":"https:\/\/wp.me\/pfMlyK-dwj","_links":{"self":[{"href":"https:\/\/ismaelcolosi.com.br\/index.php\/wp-json\/wp\/v2\/posts\/51975","targetHints":{"allow":["GET"]}}],"collection":[{"href":"https:\/\/ismaelcolosi.com.br\/index.php\/wp-json\/wp\/v2\/posts"}],"about":[{"href":"https:\/\/ismaelcolosi.com.br\/index.php\/wp-json\/wp\/v2\/types\/post"}],"author":[{"embeddable":true,"href":"https:\/\/ismaelcolosi.com.br\/index.php\/wp-json\/wp\/v2\/users\/1"}],"replies":[{"embeddable":true,"href":"https:\/\/ismaelcolosi.com.br\/index.php\/wp-json\/wp\/v2\/comments?post=51975"}],"version-history":[{"count":0,"href":"https:\/\/ismaelcolosi.com.br\/index.php\/wp-json\/wp\/v2\/posts\/51975\/revisions"}],"wp:featuredmedia":[{"embeddable":true,"href":"https:\/\/ismaelcolosi.com.br\/index.php\/wp-json\/wp\/v2\/media\/51976"}],"wp:attachment":[{"href":"https:\/\/ismaelcolosi.com.br\/index.php\/wp-json\/wp\/v2\/media?parent=51975"}],"wp:term":[{"taxonomy":"category","embeddable":true,"href":"https:\/\/ismaelcolosi.com.br\/index.php\/wp-json\/wp\/v2\/categories?post=51975"},{"taxonomy":"post_tag","embeddable":true,"href":"https:\/\/ismaelcolosi.com.br\/index.php\/wp-json\/wp\/v2\/tags?post=51975"}],"curies":[{"name":"wp","href":"https:\/\/api.w.org\/{rel}","templated":true}]}}