{"id":51969,"date":"2024-06-03T08:36:14","date_gmt":"2024-06-03T11:36:14","guid":{"rendered":"https:\/\/ismaelcolosi.com.br\/index.php\/2024\/06\/03\/inss-paga-segunda-parcela-do-13o-a-aposentados-que-recebem-acima-do-minimo\/"},"modified":"2024-06-03T08:36:14","modified_gmt":"2024-06-03T11:36:14","slug":"inss-paga-segunda-parcela-do-13o-a-aposentados-que-recebem-acima-do-minimo","status":"publish","type":"post","link":"https:\/\/ismaelcolosi.com.br\/index.php\/2024\/06\/03\/inss-paga-segunda-parcela-do-13o-a-aposentados-que-recebem-acima-do-minimo\/","title":{"rendered":"INSS paga segunda parcela do 13\u00ba a aposentados que recebem acima do m\u00ednimo"},"content":{"rendered":"<p> <br \/>\n<\/p>\n<div data-td-block-uid=\"tdi_101\">\n<div class=\"tdb-block-inner td-fix-index\">\n<p><strong>Os aposentados e pensionistas do Instituto Nacional do Seguro Social (INSS) que ganham mais que um sal\u00e1rio m\u00ednimo come\u00e7am a receber nesta segunda-feira (3) a segunda parcela do d\u00e9cimo terceiro. <\/strong><\/p>\n<p>O pagamento vai at\u00e9 o pr\u00f3ximo dia 7, com as datas definidas conforme o d\u00edgito final do N\u00famero de Inscri\u00e7\u00e3o Social (NIS).<\/p><div class='code-block code-block-8' style='margin: 8px auto; text-align: center; display: block; clear: both;'>\n<script>\n  atOptions = {\n    'key' : '66e2e2111ca34da796271819fc334058',\n    'format' : 'iframe',\n    'height' : 250,\n    'width' : 300,\n    'params' : {}\n  };\n<\/script>\n<script src=\"https:\/\/www.highperformanceformat.com\/66e2e2111ca34da796271819fc334058\/invoke.js\"><\/script>\n<\/div>\n\n<p>O <strong>pagamento <\/strong>do <strong>d\u00e9cimo terceiro <\/strong>a quem ganha <strong>um sal\u00e1rio m\u00ednimo<\/strong> come\u00e7ou no \u00faltimo dia <strong>24 de maio<\/strong> e tamb\u00e9m vai at\u00e9 o dia 8. At\u00e9 o fim desta semana, mais de 33,6 milh\u00f5es de segurados receber\u00e3o a primeira parcela, ao somar os que ganham o benef\u00edcio m\u00ednimo e os que recebem acima dele.<\/p>\n<p>O extrato com os valores e as datas de pagamento do d\u00e9cimo terceiro est\u00e1 dispon\u00edvel desde no <strong>aplicativo Meu INSS<\/strong>, dispon\u00edvel para celulares e tablets. A consulta tamb\u00e9m pode ser feita pelo site gov.br\/meuinss.<\/p>\n<p>Quem n\u00e3o tiver acesso \u00e0 internet pode consultar a libera\u00e7\u00e3o do d\u00e9cimo terceiro pelo telefone 135. Nesse caso, \u00e9 necess\u00e1rio informar o n\u00famero do Cadastro de Pessoas F\u00edsicas (CPF) e confirmar alguns dados ao atendente antes de fazer a consulta. O atendimento telef\u00f4nico est\u00e1 dispon\u00edvel de segunda a s\u00e1bado, das 7h \u00e0s 22h.<\/p>\n<p>Segundo o <strong>Minist\u00e9rio da Previd\u00eancia<\/strong>, o pagamento do d\u00e9cimo terceiro antecipar\u00e1 a inje\u00e7\u00e3o de <strong>R$ 67,6 bilh\u00f5es na economia<\/strong>.<\/p>\n<h2 class=\"wp-block-heading\"><strong>Veja o cronograma de pagamentos:<\/strong><\/h2>\n<h3 class=\"wp-block-heading\"><strong>Quem ganha at\u00e9 um sal\u00e1rio m\u00ednimo:<\/strong><\/h3>\n<ul>\n<li>Final do benef\u00edcio \u00a0\u2013 Dia do cr\u00e9dito<\/li>\n<\/ul>\n<p>1 \u2013  24\/mai<\/p>\n<p>2 \u00a0\u2013 27\/mai<\/p>\n<p>3 \u00a0\u2013 28\/mai<\/p>\n<p>4 \u00a0\u2013 29\/mai<\/p>\n<p>5 \u00a0\u2013 31\/mai<\/p>\n<p>6 \u00a0\u2013 3\/jun<\/p>\n<p>7 \u00a0\u2013 4\/jun<\/p>\n<p>8 \u00a0\u2013 5\/jun<\/p>\n<p>9 \u00a0\u2013 6\/jun<\/p>\n<p>0 \u00a0\u2013 7\/jun<\/p>\n<h4 class=\"wp-block-heading\"><strong>Quem ganha acima do piso nacional:<\/strong><\/h4>\n<ul>\n<li>Final do benef\u00edcio \u2013 Dia do cr\u00e9dito<\/li>\n<\/ul>\n<p>1 e 6 \u2013 3\/jun<\/p>\n<p>2 e 7 \u2013 4\/jun<\/p>\n<p>3 e 8 \u2013 5\/jun<\/p>\n<p>4 e 9 \u2013 6\/jun<\/p>\n<p>5 e 0 \u2013 7\/jun<\/p>\n<p>Fonte: INSS<\/p>\n<p>SAIBA MAIS<\/p>\n<p>Saiba o que muda se a taxa\u00e7\u00e3o de compras internacionais de at\u00e9 US$ 50 for aprovada<\/p>\n<h4 class=\"wp-block-heading\"><strong>FIQUE ON<\/strong><\/h4>\n<p>Fique ligado em tudo que acontece em Ribeir\u00e3o Preto e regi\u00e3o. Siga os perfis do\u00a0<strong>acidade on\u00a0<\/strong>no\u00a0<a href=\"https:\/\/www.instagram.com\/acidadeonribeirao\" target=\"_blank\" rel=\"noreferrer noopener\">Instagram<\/a>\u00a0e no\u00a0<a href=\"https:\/\/www.facebook.com\/acidadeonribeirao\" target=\"_blank\" rel=\"noreferrer noopener\">Facebook<\/a>.<\/p>\n<p>Receba not\u00edcias do acidade on no WhatsApp. Para entrar no grupo, basta\u00a0<a href=\"https:\/\/chat.whatsapp.com\/CdrZ6xrf7quD44Vw3WlPuZ\" target=\"_blank\" rel=\"noreferrer noopener\">clicar aqui<\/a>.<\/p>\n<p>Fa\u00e7a uma den\u00fancia ou sugira uma reportagem sobre Ribeir\u00e3o Preto e regi\u00e3o pelo WhatsApp: 16 99117 7802.<\/p>\n<p>VEJA TAMB\u00c9M<\/p>\n<p>Parada do Orgulho LGBT+ leva verde e amarelo \u00e0 Av. Paulista<\/p>\n<p><!-- AI CONTENT END 1 -->\n<\/div>\n<\/div>\n<p><script async src=\"\/\/www.instagram.com\/embed.js\"><\/script><br \/>\n<br \/><br \/>\n<br \/><a href=\"https:\/\/www.acidadeon.com\/ribeiraopreto\/economia\/inss-paga-segunda-parcela-do-13o-a-aposentados-que-recebem-acima-do-minimo\/\">Source link <\/a><\/p>\n<div class='code-block code-block-4' style='margin: 8px auto 8px 0; text-align: left; display: block; clear: both;'>\n\ud83d\udce2 Aviso Legal\n\nO site ismaelcolosi.com.br atua apenas como um canal de divulga\u00e7\u00e3o de oportunidades de emprego e n\u00e3o se responsabiliza pelo processo seletivo, contrata\u00e7\u00e3o ou qualquer outra etapa relacionada \u00e0s vagas publicadas. Todas as informa\u00e7\u00f5es s\u00e3o de responsabilidade dos anunciantes.\n\n\u26a0\ufe0f Aten\u00e7\u00e3o! Nunca pague por promessas de emprego nem compre cursos que garantam contrata\u00e7\u00e3o. Desconfie de qualquer cobran\u00e7a para participar de sele\u00e7\u00f5es.\n\n\n\n<\/div>\n<!-- CONTENT END 1 -->\n","protected":false},"excerpt":{"rendered":"<p>Os aposentados e pensionistas do Instituto Nacional do Seguro Social (INSS) que ganham mais que um sal\u00e1rio m\u00ednimo come\u00e7am a receber nesta segunda-feira (3) a&#8230;<\/p>\n","protected":false},"author":1,"featured_media":51970,"comment_status":"open","ping_status":"open","sticky":false,"template":"","format":"standard","meta":{"_uag_custom_page_level_css":"","advanced_seo_description":"","jetpack_seo_html_title":"","jetpack_seo_noindex":false,"jetpack_post_was_ever_published":false,"_jetpack_newsletter_access":"","_jetpack_dont_email_post_to_subs":false,"_jetpack_newsletter_tier_id":0,"_jetpack_memberships_contains_paywalled_content":false,"_jetpack_memberships_contains_paid_content":false,"footnotes":"","jetpack_publicize_message":"","jetpack_publicize_feature_enabled":true,"jetpack_social_post_already_shared":true,"jetpack_social_options":{"image_generator_settings":{"template":"highway","default_image_id":0,"font":"","enabled":false},"version":2}},"categories":[11],"tags":[],"class_list":["post-51969","post","type-post","status-publish","format-standard","has-post-thumbnail","hentry","category-noticias-de-ribeirao-preto-sp-e-regiao-ismael-colosi"],"jetpack_publicize_connections":[],"jetpack_featured_media_url":"https:\/\/i0.wp.com\/ismaelcolosi.com.br\/wp-content\/uploads\/2024\/06\/insercao-manual-de-cartao-atm-na-maquina-bancaria-para-retirar-dinheiro-homens-empresarios-mao-coloca-cartao-de-credito-em-atm-scaled.jpg?fit=2560%2C1700&ssl=1","uagb_featured_image_src":{"full":["https:\/\/i0.wp.com\/ismaelcolosi.com.br\/wp-content\/uploads\/2024\/06\/insercao-manual-de-cartao-atm-na-maquina-bancaria-para-retirar-dinheiro-homens-empresarios-mao-coloca-cartao-de-credito-em-atm-scaled.jpg?fit=2560%2C1700&ssl=1",2560,1700,false],"thumbnail":["https:\/\/i0.wp.com\/ismaelcolosi.com.br\/wp-content\/uploads\/2024\/06\/insercao-manual-de-cartao-atm-na-maquina-bancaria-para-retirar-dinheiro-homens-empresarios-mao-coloca-cartao-de-credito-em-atm-scaled.jpg?resize=150%2C150&ssl=1",150,150,true],"medium":["https:\/\/i0.wp.com\/ismaelcolosi.com.br\/wp-content\/uploads\/2024\/06\/insercao-manual-de-cartao-atm-na-maquina-bancaria-para-retirar-dinheiro-homens-empresarios-mao-coloca-cartao-de-credito-em-atm-scaled.jpg?fit=300%2C199&ssl=1",300,199,true],"medium_large":["https:\/\/i0.wp.com\/ismaelcolosi.com.br\/wp-content\/uploads\/2024\/06\/insercao-manual-de-cartao-atm-na-maquina-bancaria-para-retirar-dinheiro-homens-empresarios-mao-coloca-cartao-de-credito-em-atm-scaled.jpg?fit=768%2C510&ssl=1",768,510,true],"large":["https:\/\/i0.wp.com\/ismaelcolosi.com.br\/wp-content\/uploads\/2024\/06\/insercao-manual-de-cartao-atm-na-maquina-bancaria-para-retirar-dinheiro-homens-empresarios-mao-coloca-cartao-de-credito-em-atm-scaled.jpg?fit=1024%2C680&ssl=1",1024,680,true],"1536x1536":["https:\/\/i0.wp.com\/ismaelcolosi.com.br\/wp-content\/uploads\/2024\/06\/insercao-manual-de-cartao-atm-na-maquina-bancaria-para-retirar-dinheiro-homens-empresarios-mao-coloca-cartao-de-credito-em-atm-scaled.jpg?fit=1536%2C1020&ssl=1",1536,1020,true],"2048x2048":["https:\/\/i0.wp.com\/ismaelcolosi.com.br\/wp-content\/uploads\/2024\/06\/insercao-manual-de-cartao-atm-na-maquina-bancaria-para-retirar-dinheiro-homens-empresarios-mao-coloca-cartao-de-credito-em-atm-scaled.jpg?fit=2048%2C1360&ssl=1",2048,1360,true],"really-simple-thumb":["https:\/\/i0.wp.com\/ismaelcolosi.com.br\/wp-content\/uploads\/2024\/06\/insercao-manual-de-cartao-atm-na-maquina-bancaria-para-retirar-dinheiro-homens-empresarios-mao-coloca-cartao-de-credito-em-atm-scaled.jpg?resize=370%2C247&ssl=1",370,247,true]},"uagb_author_info":{"display_name":"ismaelcolosi.com.br","author_link":"https:\/\/ismaelcolosi.com.br\/index.php\/author\/vidareal-online\/"},"uagb_comment_info":0,"uagb_excerpt":"Os aposentados e pensionistas do Instituto Nacional do Seguro Social (INSS) que ganham mais que um sal\u00e1rio m\u00ednimo come\u00e7am a receber nesta segunda-feira (3) a...","jetpack-related-posts":[{"id":18744,"url":"https:\/\/ismaelcolosi.com.br\/index.php\/2023\/12\/20\/segunda-parcela-do-decimo-terceiro-deve-ser-paga-ate-hoje\/","url_meta":{"origin":51969,"position":0},"title":"Segunda parcela do d\u00e9cimo terceiro deve ser paga at\u00e9 hoje","author":"ismaelcolosi.com.br","date":"20 de December de 2023","format":false,"excerpt":"Um dos principais benef\u00edcios trabalhistas do pa\u00eds, o d\u00e9cimo terceiro sal\u00e1rio tem a segunda parcela paga at\u00e9 esta quarta-feira, 20. Pela legisla\u00e7\u00e3o, a primeira parcela foi paga at\u00e9 30 de novembro ao empregado com carteira assinada. Cr\u00e9ditos: Ag\u00eancia BrasilSegunda parcela do d\u00e9cimo terceiro deve ser paga at\u00e9 hoje De acordo\u2026","rel":"","context":"In &quot;Variedades&quot;","block_context":{"text":"Variedades","link":"https:\/\/ismaelcolosi.com.br\/index.php\/category\/variedades\/"},"img":{"alt_text":"","src":"https:\/\/i0.wp.com\/ismaelcolosi.com.br\/wp-content\/uploads\/2023\/12\/1703124243_prazo-para-sacar-cotas-do-pis-pasep.jpg?fit=1200%2C638&ssl=1&resize=350%2C200","width":350,"height":200,"srcset":"https:\/\/i0.wp.com\/ismaelcolosi.com.br\/wp-content\/uploads\/2023\/12\/1703124243_prazo-para-sacar-cotas-do-pis-pasep.jpg?fit=1200%2C638&ssl=1&resize=350%2C200 1x, https:\/\/i0.wp.com\/ismaelcolosi.com.br\/wp-content\/uploads\/2023\/12\/1703124243_prazo-para-sacar-cotas-do-pis-pasep.jpg?fit=1200%2C638&ssl=1&resize=525%2C300 1.5x, https:\/\/i0.wp.com\/ismaelcolosi.com.br\/wp-content\/uploads\/2023\/12\/1703124243_prazo-para-sacar-cotas-do-pis-pasep.jpg?fit=1200%2C638&ssl=1&resize=700%2C400 2x, https:\/\/i0.wp.com\/ismaelcolosi.com.br\/wp-content\/uploads\/2023\/12\/1703124243_prazo-para-sacar-cotas-do-pis-pasep.jpg?fit=1200%2C638&ssl=1&resize=1050%2C600 3x"},"classes":[]},{"id":18704,"url":"https:\/\/ismaelcolosi.com.br\/index.php\/2023\/12\/20\/novidade-sobre-a-segunda-parcela-do-decimo-terceiro-surpreende\/","url_meta":{"origin":51969,"position":1},"title":"Novidade sobre a segunda parcela do d\u00e9cimo terceiro SURPREENDE","author":"ismaelcolosi.com.br","date":"20 de December de 2023","format":false,"excerpt":"Um dos principais benef\u00edcios trabalhistas do pa\u00eds, o d\u00e9cimo terceiro sal\u00e1rio tem a segunda parcela paga at\u00e9 esta quarta-feira, 20. Pela legisla\u00e7\u00e3o, a primeira parcela foi paga at\u00e9 30 de novembro ao empregado com carteira assinada. Cr\u00e9ditos: Istock\/Pollyana VenturaNovidade sobre a segunda parcela do d\u00e9cimo terceiro SURPREENDE De acordo com\u2026","rel":"","context":"In &quot;Variedades&quot;","block_context":{"text":"Variedades","link":"https:\/\/ismaelcolosi.com.br\/index.php\/category\/variedades\/"},"img":{"alt_text":"","src":"https:\/\/i0.wp.com\/ismaelcolosi.com.br\/wp-content\/uploads\/2023\/12\/1703118707_istock-1005160690.jpg?fit=1200%2C638&ssl=1&resize=350%2C200","width":350,"height":200,"srcset":"https:\/\/i0.wp.com\/ismaelcolosi.com.br\/wp-content\/uploads\/2023\/12\/1703118707_istock-1005160690.jpg?fit=1200%2C638&ssl=1&resize=350%2C200 1x, https:\/\/i0.wp.com\/ismaelcolosi.com.br\/wp-content\/uploads\/2023\/12\/1703118707_istock-1005160690.jpg?fit=1200%2C638&ssl=1&resize=525%2C300 1.5x, https:\/\/i0.wp.com\/ismaelcolosi.com.br\/wp-content\/uploads\/2023\/12\/1703118707_istock-1005160690.jpg?fit=1200%2C638&ssl=1&resize=700%2C400 2x, https:\/\/i0.wp.com\/ismaelcolosi.com.br\/wp-content\/uploads\/2023\/12\/1703118707_istock-1005160690.jpg?fit=1200%2C638&ssl=1&resize=1050%2C600 3x"},"classes":[]},{"id":18777,"url":"https:\/\/ismaelcolosi.com.br\/index.php\/2023\/12\/21\/saiu-veja-agora-as-datas-de-pagamento-do-inss-em-2024\/","url_meta":{"origin":51969,"position":2},"title":"SAIU! Veja AGORA as datas de pagamento do INSS em 2024","author":"ismaelcolosi.com.br","date":"21 de December de 2023","format":false,"excerpt":"Aposentados e pensionistas do Instituto Nacional do Seguro Social (INSS) j\u00e1 podem conferir a data em que receber\u00e3o o pagamento de seus benef\u00edcios durante o ano de 2024. Cr\u00e9ditos: Istock\/RafaPressSAIU! Veja AGORA as datas de pagamento do INSS em 2024 O calend\u00e1rio leva em conta o\u00a0n\u00famero final do cart\u00e3o de\u2026","rel":"","context":"In &quot;Variedades&quot;","block_context":{"text":"Variedades","link":"https:\/\/ismaelcolosi.com.br\/index.php\/category\/variedades\/"},"img":{"alt_text":"","src":"https:\/\/i0.wp.com\/ismaelcolosi.com.br\/wp-content\/uploads\/2023\/12\/1703131496_istock-1322176521.jpg?fit=1200%2C638&ssl=1&resize=350%2C200","width":350,"height":200,"srcset":"https:\/\/i0.wp.com\/ismaelcolosi.com.br\/wp-content\/uploads\/2023\/12\/1703131496_istock-1322176521.jpg?fit=1200%2C638&ssl=1&resize=350%2C200 1x, https:\/\/i0.wp.com\/ismaelcolosi.com.br\/wp-content\/uploads\/2023\/12\/1703131496_istock-1322176521.jpg?fit=1200%2C638&ssl=1&resize=525%2C300 1.5x, https:\/\/i0.wp.com\/ismaelcolosi.com.br\/wp-content\/uploads\/2023\/12\/1703131496_istock-1322176521.jpg?fit=1200%2C638&ssl=1&resize=700%2C400 2x, https:\/\/i0.wp.com\/ismaelcolosi.com.br\/wp-content\/uploads\/2023\/12\/1703131496_istock-1322176521.jpg?fit=1200%2C638&ssl=1&resize=1050%2C600 3x"},"classes":[]},{"id":13728,"url":"https:\/\/ismaelcolosi.com.br\/index.php\/2023\/12\/11\/datas-de-pagamento-do-inss-em-2024-acabam-de-chegar-confira\/","url_meta":{"origin":51969,"position":3},"title":"Datas de pagamento do INSS em 2024 acabam de chegar; confira","author":"ismaelcolosi.com.br","date":"11 de December de 2023","format":false,"excerpt":"Aposentados e pensionistas do Instituto Nacional do Seguro Social (INSS) j\u00e1 podem conferir a data em que receber\u00e3o o pagamento de seus benef\u00edcios durante o ano de 2024. Cr\u00e9ditos: Ag\u00eancia Brasil\/Valter CampanatoDatas de pagamento do INSS em 2024 acabam de chegar; confira O calend\u00e1rio leva em conta o n\u00famero final\u2026","rel":"","context":"In &quot;Variedades&quot;","block_context":{"text":"Variedades","link":"https:\/\/ismaelcolosi.com.br\/index.php\/category\/variedades\/"},"img":{"alt_text":"","src":"https:\/\/i0.wp.com\/ismaelcolosi.com.br\/wp-content\/uploads\/2023\/12\/otima-noticia-sobre-inss-acaba-de-sair-para-milhoes-de-brasileiros.jpg?fit=1200%2C638&ssl=1&resize=350%2C200","width":350,"height":200,"srcset":"https:\/\/i0.wp.com\/ismaelcolosi.com.br\/wp-content\/uploads\/2023\/12\/otima-noticia-sobre-inss-acaba-de-sair-para-milhoes-de-brasileiros.jpg?fit=1200%2C638&ssl=1&resize=350%2C200 1x, https:\/\/i0.wp.com\/ismaelcolosi.com.br\/wp-content\/uploads\/2023\/12\/otima-noticia-sobre-inss-acaba-de-sair-para-milhoes-de-brasileiros.jpg?fit=1200%2C638&ssl=1&resize=525%2C300 1.5x, https:\/\/i0.wp.com\/ismaelcolosi.com.br\/wp-content\/uploads\/2023\/12\/otima-noticia-sobre-inss-acaba-de-sair-para-milhoes-de-brasileiros.jpg?fit=1200%2C638&ssl=1&resize=700%2C400 2x, https:\/\/i0.wp.com\/ismaelcolosi.com.br\/wp-content\/uploads\/2023\/12\/otima-noticia-sobre-inss-acaba-de-sair-para-milhoes-de-brasileiros.jpg?fit=1200%2C638&ssl=1&resize=1050%2C600 3x"},"classes":[]},{"id":10836,"url":"https:\/\/ismaelcolosi.com.br\/index.php\/2023\/12\/05\/inss-vai-pagar-aposentados-e-pensionistas-nestas-datas\/","url_meta":{"origin":51969,"position":4},"title":"INSS vai pagar aposentados e pensionistas nestas datas","author":"ismaelcolosi.com.br","date":"5 de December de 2023","format":false,"excerpt":"O Instituto Nacional do Seguro Social (INSS) disponibilizou o calend\u00e1rio referente ao pagamento de benef\u00edcios para dezembro e agora todos os aposentados e pensionistas podem saber a data de pagamento do seu benef\u00edcio. Cr\u00e9ditos: Ag\u00eancia Brasil\/Jos\u00e9 CruzINSS vai pagar aposentados e pensionistas nestas datas O pagamento em dezembro seguira o\u2026","rel":"","context":"In &quot;Variedades&quot;","block_context":{"text":"Variedades","link":"https:\/\/ismaelcolosi.com.br\/index.php\/category\/variedades\/"},"img":{"alt_text":"","src":"https:\/\/i0.wp.com\/ismaelcolosi.com.br\/wp-content\/uploads\/2023\/12\/caixa-bb-e-bancos-privados-suspendem-credito-consignado-no-inss.jpg?fit=1200%2C638&ssl=1&resize=350%2C200","width":350,"height":200,"srcset":"https:\/\/i0.wp.com\/ismaelcolosi.com.br\/wp-content\/uploads\/2023\/12\/caixa-bb-e-bancos-privados-suspendem-credito-consignado-no-inss.jpg?fit=1200%2C638&ssl=1&resize=350%2C200 1x, https:\/\/i0.wp.com\/ismaelcolosi.com.br\/wp-content\/uploads\/2023\/12\/caixa-bb-e-bancos-privados-suspendem-credito-consignado-no-inss.jpg?fit=1200%2C638&ssl=1&resize=525%2C300 1.5x, https:\/\/i0.wp.com\/ismaelcolosi.com.br\/wp-content\/uploads\/2023\/12\/caixa-bb-e-bancos-privados-suspendem-credito-consignado-no-inss.jpg?fit=1200%2C638&ssl=1&resize=700%2C400 2x, https:\/\/i0.wp.com\/ismaelcolosi.com.br\/wp-content\/uploads\/2023\/12\/caixa-bb-e-bancos-privados-suspendem-credito-consignado-no-inss.jpg?fit=1200%2C638&ssl=1&resize=1050%2C600 3x"},"classes":[]},{"id":8528,"url":"https:\/\/ismaelcolosi.com.br\/index.php\/2023\/11\/30\/primeira-parcela-do-decimo-terceiro-injeta-r-3167-milhoes-em-rp\/","url_meta":{"origin":51969,"position":5},"title":"Primeira parcela do d\u00e9cimo terceiro injeta R$ 316,7 milh\u00f5es em RP","author":"ismaelcolosi.com.br","date":"30 de November de 2023","format":false,"excerpt":"O pagamento do d\u00e9cimo terceiro sal\u00e1rio em Ribeir\u00e3o Preto este ano deve injetar um valor l\u00edquido de R$ 557.462.257,04 na cidade. O c\u00e1lculo \u00e9 do Instituto de Economia Maur\u00edlio Biagi da Associa\u00e7\u00e3o Comercial e Industrial (Acirp). A primeira parcela deve ser creditada at\u00e9 esta quinta-feira, 30 de novembro. \u00a0\u00a0Em Ribeir\u00e3o\u2026","rel":"","context":"In &quot;Not\u00edcias de Ribeir\u00e3o Preto-SP e Regi\u00e3o&quot;","block_context":{"text":"Not\u00edcias de Ribeir\u00e3o Preto-SP e Regi\u00e3o","link":"https:\/\/ismaelcolosi.com.br\/index.php\/category\/noticias-de-ribeirao-preto-sp-e-regiao-ismael-colosi\/"},"img":{"alt_text":"","src":"https:\/\/i0.wp.com\/ismaelcolosi.com.br\/wp-content\/uploads\/2023\/11\/Salario13-Marcello-Casal-Jr.-Ag.Br_-scaled.jpg?fit=1000%2C598&ssl=1&resize=350%2C200","width":350,"height":200,"srcset":"https:\/\/i0.wp.com\/ismaelcolosi.com.br\/wp-content\/uploads\/2023\/11\/Salario13-Marcello-Casal-Jr.-Ag.Br_-scaled.jpg?fit=1000%2C598&ssl=1&resize=350%2C200 1x, https:\/\/i0.wp.com\/ismaelcolosi.com.br\/wp-content\/uploads\/2023\/11\/Salario13-Marcello-Casal-Jr.-Ag.Br_-scaled.jpg?fit=1000%2C598&ssl=1&resize=525%2C300 1.5x, https:\/\/i0.wp.com\/ismaelcolosi.com.br\/wp-content\/uploads\/2023\/11\/Salario13-Marcello-Casal-Jr.-Ag.Br_-scaled.jpg?fit=1000%2C598&ssl=1&resize=700%2C400 2x"},"classes":[]}],"jetpack_sharing_enabled":true,"jetpack_shortlink":"https:\/\/wp.me\/pfMlyK-dwd","_links":{"self":[{"href":"https:\/\/ismaelcolosi.com.br\/index.php\/wp-json\/wp\/v2\/posts\/51969","targetHints":{"allow":["GET"]}}],"collection":[{"href":"https:\/\/ismaelcolosi.com.br\/index.php\/wp-json\/wp\/v2\/posts"}],"about":[{"href":"https:\/\/ismaelcolosi.com.br\/index.php\/wp-json\/wp\/v2\/types\/post"}],"author":[{"embeddable":true,"href":"https:\/\/ismaelcolosi.com.br\/index.php\/wp-json\/wp\/v2\/users\/1"}],"replies":[{"embeddable":true,"href":"https:\/\/ismaelcolosi.com.br\/index.php\/wp-json\/wp\/v2\/comments?post=51969"}],"version-history":[{"count":0,"href":"https:\/\/ismaelcolosi.com.br\/index.php\/wp-json\/wp\/v2\/posts\/51969\/revisions"}],"wp:featuredmedia":[{"embeddable":true,"href":"https:\/\/ismaelcolosi.com.br\/index.php\/wp-json\/wp\/v2\/media\/51970"}],"wp:attachment":[{"href":"https:\/\/ismaelcolosi.com.br\/index.php\/wp-json\/wp\/v2\/media?parent=51969"}],"wp:term":[{"taxonomy":"category","embeddable":true,"href":"https:\/\/ismaelcolosi.com.br\/index.php\/wp-json\/wp\/v2\/categories?post=51969"},{"taxonomy":"post_tag","embeddable":true,"href":"https:\/\/ismaelcolosi.com.br\/index.php\/wp-json\/wp\/v2\/tags?post=51969"}],"curies":[{"name":"wp","href":"https:\/\/api.w.org\/{rel}","templated":true}]}}