{"id":51963,"date":"2024-06-03T06:03:55","date_gmt":"2024-06-03T09:03:55","guid":{"rendered":"https:\/\/ismaelcolosi.com.br\/index.php\/2024\/06\/03\/trabalho-presencial-1-3-dos-executivos-quer-se-demitir\/"},"modified":"2024-06-03T06:03:55","modified_gmt":"2024-06-03T09:03:55","slug":"trabalho-presencial-1-3-dos-executivos-quer-se-demitir","status":"publish","type":"post","link":"https:\/\/ismaelcolosi.com.br\/index.php\/2024\/06\/03\/trabalho-presencial-1-3-dos-executivos-quer-se-demitir\/","title":{"rendered":"Trabalho presencial: 1\/3 dos executivos quer se demitir"},"content":{"rendered":"<p> <br \/>\n<\/p>\n<div>\n<p><span style=\"font-weight: 400;\">Os profissionais encarregados de implementar <strong>pol\u00edticas de retorno ao presencial<\/strong> podem ser os mais propensos a<strong> deixar a empresa por conta das mudan\u00e7as no regime de trabalho<\/strong>, apontam duas novas pesquisas. Isso pode surpreender os CEOs que estavam mais preocupados com a resist\u00eancia dos trabalhadores menos experientes \u2013 e da<strong> gera\u00e7\u00e3o Z<\/strong> \u2013 para a volta ao escrit\u00f3rio.<\/span><\/p>\n<div class=\"accessibility\">\n<p>Acessibilidade<\/p><div class='code-block code-block-8' style='margin: 8px auto; text-align: center; display: block; clear: both;'>\n<script>\n  atOptions = {\n    'key' : '66e2e2111ca34da796271819fc334058',\n    'format' : 'iframe',\n    'height' : 250,\n    'width' : 300,\n    'params' : {}\n  };\n<\/script>\n<script src=\"https:\/\/www.highperformanceformat.com\/66e2e2111ca34da796271819fc334058\/invoke.js\"><\/script>\n<\/div>\n\n<p>\n<button onclick=\"alterFont1()\" id=\"btn1\" class=\"btn\">L<\/button><br \/>\n<button onclick=\"alterFont2()\" id=\"btn2\" class=\"btn\" style=\"font-family: Merriweather\">L<\/button><br \/>\n<button onclick=\"alterFontSmallerSize()\" id=\"btn3\" class=\"btn\">A-<\/button><br \/>\n<button onclick=\"alterFontBiggerSize()\" id=\"btn4\" class=\"btn\">A+<\/button><\/p>\n<p><button onclick=\"alterBackground()\" id=\"btn6\" class=\"btn\">\u25d0<\/button><\/p>\n<\/div>\n<p><span style=\"font-weight: 400;\">A <a href=\"https:\/\/www.gartner.com\/en\/newsroom\/press-releases\/2024-05-09-one-third-execs-given-a-rto-mandate-plan-to-leave\" target=\"_blank\" rel=\"noopener\"><strong>Gartner<\/strong>, uma empresa de consultoria e pesquisa em recursos humanos, compartilhou resultados de um estudo com 3.500 profissionais<\/a>, que mostrou que 33% dos executivos obrigados a retornar ao escrit\u00f3rio afirmaram que deixariam sua empresa atual por esse motivo. <\/span><span style=\"font-weight: 400;\">Enquanto isso, apenas 19% dos entrevistados n\u00e3o executivos disseram o mesmo.<\/span><\/p>\n<ul>\n<li>\n<h4>Siga a <a href=\"https:\/\/whatsapp.com\/channel\/0029Va9gQKwBFLgM96cJnu0u&gt;\" target=\"_blank\" rel=\"noopener\">Forbes<\/a> no WhatsApp e receba as principais not\u00edcias sobre neg\u00f3cios, carreira, tecnologia e estilo de vida<\/h4>\n<\/li>\n<\/ul>\n<div id=\"attachment_542682\" class=\"wp-caption alignnone style=\" max-width:=\"\"><img data-recalc-dims=\"1\" fetchpriority=\"high\" decoding=\"async\" class=\"alignnone wp-image-542682 size-medium\" src=\"https:\/\/i0.wp.com\/forbes.com.br\/wp-content\/uploads\/2023\/05\/carreira-trabalho-presencial-infojobs-768x512.jpg?resize=678%2C452&#038;ssl=1\" http:=\"\" alt=\"Getty Images\" width=\"678\" height=\"452\" data-lazy-src=\"https:\/\/forbes.com.br\/wp-content\/uploads\/2023\/05\/carreira-trabalho-presencial-infojobs-768x512.jpg\"\/><img data-recalc-dims=\"1\" fetchpriority=\"high\" decoding=\"async\" class=\"alignnone wp-image-542682 size-medium\" src=\"https:\/\/i0.wp.com\/forbes.com.br\/wp-content\/uploads\/2023\/05\/carreira-trabalho-presencial-infojobs-768x512.jpg?resize=678%2C452&#038;ssl=1\" alt=\"Getty Images\" width=\"678\" height=\"452\"\/><\/p>\n<p>Getty Images<\/p>\n<p class=\"wp-caption-text\">Estudos recentes mostram que profissionais seniores podem mudar de emprego ap\u00f3s exig\u00eancias de retorno ao modelo presencial<\/p>\n<\/div>\n<p><span style=\"font-weight: 400;\">A pesquisa, realizada em novembro de 2023, mas divulgada em maio deste ano, afirmou que isso ocorreu apesar de mais da metade dos executivos que foram obrigados a retornar ao escrit\u00f3rio dizerem que o motivo dado por seus empregadores foi convincente. <\/span><span style=\"font-weight: 400;\">\u201cOs l\u00edderes seniores \u2013 que muitas vezes s\u00e3o os respons\u00e1veis por comunicar e representar essas decis\u00f5es na empresa \u2013 n\u00e3o est\u00e3o imunes \u00e0s expectativas crescentes de flexibilidade que vemos em todos os funcion\u00e1rios\u201d, afirma a diretora de pesquisa da Gartner, Caroline Ogawa.<\/span><\/p>\n<h2>Retorno ao presencial nas big techs<\/h2>\n<p><span style=\"font-weight: 400;\">O estudo da consultoria foi divulgado dois dias ap\u00f3s um artigo acad\u00eamico que mostrou como a implementa\u00e7\u00e3o de pol\u00edticas de retorno ao trabalho presencial em tr\u00eas grandes empresas de tecnologia pareceu <strong>impactar as demiss\u00f5es de profissionais experientes<\/strong>.\u00a0<\/span><\/p>\n<p><span style=\"font-weight: 400;\">O artigo analisou dados de curr\u00edculos de uma empresa chamada People Data Labs ap\u00f3s as exig\u00eancias de retorno ao escrit\u00f3rio na <strong>Apple, Microsoft e SpaceX, de Elon Musk<\/strong>, comparando a sa\u00edda de funcion\u00e1rios seniores nessas empresas com outras companhias semelhantes.<\/span><\/p>\n<p><span style=\"font-weight: 400;\">Aqueles que sa\u00edram n\u00e3o sofreram para encontrar outros empregos, afirma David Van Dijcke, doutorando pela Universidade de Michigan. \u201cN\u00e3o encontramos nenhuma evid\u00eancia de que eles estejam aceitando mudan\u00e7as de cargo, rebaixamentos ou ficando desempregados\u201d, diz Dijcke, co-autor do artigo com Florian Gunsilius, da Universidade de Michigan, e Austin Wright, professor assistente da Universidade de Chicago. \u201cIsso sugere que esses profissionais seniores t\u00eam muitas outras op\u00e7\u00f5es.\u201d<\/span><\/p>\n<h2>O que dizem as empresas<\/h2>\n<p><span style=\"font-weight: 400;\">A SpaceX n\u00e3o respondeu imediatamente a um pedido para comentar sobre a pesquisa. O porta-voz da Apple, Josh Rosenstock, indicou uma declara\u00e7\u00e3o anterior da empresa que aponta \u201cconclus\u00f5es imprecisas\u201d sobre a an\u00e1lise e que ela \u201cn\u00e3o reflete a realidade do nosso neg\u00f3cio\u201d, al\u00e9m de dizer que \u201ca rotatividade est\u00e1 em n\u00edveis historicamente baixos.\u201d\u00a0<\/span><\/p>\n<p><span style=\"font-weight: 400;\">A Microsoft tamb\u00e9m refutou as conclus\u00f5es do artigo. Amy Coleman, vice-presidente corporativa de recursos humanos da empresa, escreveu em um email que os resultados dos estudos n\u00e3o correspondem aos dados internos da companhia, \u201cespecialmente em rela\u00e7\u00e3o \u00e0 rotatividade\u201d. \u201cTamb\u00e9m \u00e9 impreciso dizer que temos uma ordem de retorno ao escrit\u00f3rio. Temos um formato de trabalho h\u00edbrido que gira em torno da flexibilidade e uma combina\u00e7\u00e3o de modelos em termos de localiza\u00e7\u00e3o e hor\u00e1rio\u201d, escreveu ela.<\/span><\/p>\n<p><span style=\"font-weight: 400;\">Diversas reportagens afirmaram que, em abril de 2022, a Microsoft come\u00e7ou a pedir que os trabalhadores trabalhassem presencialmente 50% do tempo, a menos que tivessem permiss\u00e3o de seus gerentes. No entanto, a empresa tem fun\u00e7\u00f5es que podem ser executadas totalmente de forma remota, e, segundo um porta-voz, o modelo h\u00edbrido recebeu feedbacks positivos dos empregados e \u00e9 um \u201cponto de partida para a flexibilidade\u201d, e n\u00e3o uma norma r\u00edgida.<\/span><\/p>\n<p><strong>Leia tamb\u00e9m:<\/strong><\/p>\n<h2>Gera\u00e7\u00e3o Z n\u00e3o \u00e9 a \u00fanica que busca flexibilidade<\/h2>\n<p><span style=\"font-weight: 400;\">Ambos as estudos se baseiam em pesquisas anteriores ou dados que sugerem que os <strong>profissionais mais resistentes ao retorno presencial ou menos propensos a trabalhar no escrit\u00f3rio n\u00e3o s\u00e3o os da Gera\u00e7\u00e3o Z<\/strong>.\u00a0<\/span><\/p>\n<p><span style=\"font-weight: 400;\">De acordo com o economista <strong>Nick Bloom, da Universidade de Stanford<\/strong>, que pesquisa sobre o trabalho remoto, e outros especialistas, a porcentagem de dias de trabalho em casa \u00e9 mais alta entre trabalhadores de 30 at\u00e9 44 anos. Esse grupo tem maior probabilidade de ter filhos pequenos ou enfrentar longos deslocamentos entre trabalho e suas casas.\u00a0<\/span><\/p>\n<p><span style=\"font-weight: 400;\">Uma pesquisa com quase 400 trabalhadores realizada pela empresa Seramount descobriu que <strong>apenas 11% dos trabalhadores da Gera\u00e7\u00e3o Z desejam trabalhar em casa em tempo integral, em compara\u00e7\u00e3o com 34% dos trabalhadores mais velhos<\/strong>.<\/span><\/p>\n<p><span style=\"font-weight: 400;\">Outro estudo, da empresa de verifica\u00e7\u00e3o de antecedentes Checkr, constatou que <strong>68% dos gestores querem continuar no modelo remoto,<\/strong> em compara\u00e7\u00e3o com apenas 48% dos profissionais em geral.<\/span><\/p>\n<p><span style=\"font-weight: 400;\">Essas descobertas chegam em um momento em que algumas empresas est\u00e3o restringindo as op\u00e7\u00f5es de trabalho remoto. O Walmart afirmou que, al\u00e9m da redu\u00e7\u00e3o de \u201cv\u00e1rias centenas\u201d de empregos corporativos, espera que a maioria dos trabalhadores remotos se realoque at\u00e9 algum escrit\u00f3rio.<\/span><\/p>\n<p><span style=\"font-weight: 400;\">De acordo com um relat\u00f3rio recente do Flex Index, cerca de 37% das empresas \u2013 o percentual mais alto registrado at\u00e9 o momento \u2013 adotam um <strong>modelo \u201ch\u00edbrido estruturado\u201d, que permite o trabalho remoto, mas tamb\u00e9m exige algum tempo presencial no escrit\u00f3rio.\u00a0<\/strong><\/span><\/p>\n<p><span style=\"font-weight: 400;\">O estudo aponta uma diminui\u00e7\u00e3o no percentual de empresas que esperam que os funcion\u00e1rios trabalhem no modelo totalmente presencial, mesmo que algumas companhias, como UPS e Boeing, agora exijam cinco dias por semana no escrit\u00f3rio para determinados grupos de funcion\u00e1rios.<\/span><\/p>\n<p><span style=\"font-weight: 400;\">Brian Elliott, que anteriormente liderou o cons\u00f3rcio de pesquisa Future Forum da Slack e agora aconselha equipes executivas sobre modelos de trabalho flex\u00edveis, aponta para outra an\u00e1lise da Gartner, de janeiro, que mostrou que a \u201cinten\u00e7\u00e3o de permanecer na empresa\u201d entre executivos de alto escal\u00e3o foi 16% menor ap\u00f3s an\u00fancios de pol\u00edticas de retorno ao escrit\u00f3rio, o dobro da taxa dos empregados.\u00a0<\/span><\/p>\n<p><span style=\"font-weight: 400;\">Van Dijcke afirma que ele e seus co-autores estudaram as tr\u00eas empresas do relat\u00f3rio (Apple, Microsoft e SpaceX) porque elas estavam entre as primeiras a implementar algum tipo de pol\u00edtica de retorno presencial. Isso permitiu aos pesquisadores separar os resultados das demiss\u00f5es generalizadas no setor de tecnologia que ocorreram posteriormente.<\/span><\/p>\n<p><span style=\"font-weight: 400;\">A maneira como as pol\u00edticas s\u00e3o implementadas pode evoluir com o tempo, e Van Dijcke explica que os resultados podem mudar \u00e0 medida que mais empresas passem a adotar requisitos de presen\u00e7a no escrit\u00f3rio do que em 2022 \u2013 o que significa que <strong>as oportunidades de trocar de emprego buscando flexibilidade podem se tornar mais raras<\/strong>.\u00a0<\/span><\/p>\n<p><span style=\"font-weight: 400;\">Ainda assim, enquanto os l\u00edderes empresariais continuam a se preocupar com o impacto do trabalho remoto na produtividade, colabora\u00e7\u00e3o e no fortalecimento da equipe, eles devem equilibrar essas preocupa\u00e7\u00f5es com os riscos de perder talentos de alto n\u00edvel se optarem por implementar uma pol\u00edtica r\u00edgida, diz Elliott. \u201cTudo se resume \u00e0 confian\u00e7a\u201d, afirma ele. \u201cPessoas talentosas sempre t\u00eam outras op\u00e7\u00f5es.\u201d<\/span><\/p>\n<\/div>\n<p><script type=\"rocketlazyloadscript\">\n\t\t\t\t(function(d, s, id){\n\t\t\t\t\tvar js, fjs = d.getElementsByTagName(s)[0];\n\t\t\t\t\tif (d.getElementById(id)) return;\n\t\t\t\t\tjs = d.createElement(s); js.id = id;\n\t\t\t\t\tjs.src = \"\/\/connect.facebook.net\/pt_BR\/sdk.js#xfbml=1&version=v2.9\";\n\t\t\t\t\tfjs.parentNode.insertBefore(js, fjs);\n\t\t\t\t}(document, 'script', 'facebook-jssdk'));\n\t\t\t<\/script><br \/>\n<br \/><br \/>\n<br \/><a href=\"https:\/\/forbes.com.br\/carreira\/2024\/06\/contra-trabalho-presencial-1-3-dos-executivos-planeja-pedir-demissao\/\">Source link <\/a><\/p>\n<div class='code-block code-block-4' style='margin: 8px auto 8px 0; text-align: left; display: block; clear: both;'>\n\ud83d\udce2 Aviso Legal\n\nO site ismaelcolosi.com.br atua apenas como um canal de divulga\u00e7\u00e3o de oportunidades de emprego e n\u00e3o se responsabiliza pelo processo seletivo, contrata\u00e7\u00e3o ou qualquer outra etapa relacionada \u00e0s vagas publicadas. Todas as informa\u00e7\u00f5es s\u00e3o de responsabilidade dos anunciantes.\n\n\u26a0\ufe0f Aten\u00e7\u00e3o! Nunca pague por promessas de emprego nem compre cursos que garantam contrata\u00e7\u00e3o. Desconfie de qualquer cobran\u00e7a para participar de sele\u00e7\u00f5es.\n\n\n\n<\/div>\n<!-- CONTENT END 1 -->\n","protected":false},"excerpt":{"rendered":"<p>Os profissionais encarregados de implementar pol\u00edticas de retorno ao presencial podem ser os mais propensos a deixar a empresa por conta das mudan\u00e7as no regime&#8230;<\/p>\n","protected":false},"author":1,"featured_media":51964,"comment_status":"open","ping_status":"open","sticky":false,"template":"","format":"standard","meta":{"_uag_custom_page_level_css":"","advanced_seo_description":"","jetpack_seo_html_title":"","jetpack_seo_noindex":false,"jetpack_post_was_ever_published":false,"_jetpack_newsletter_access":"","_jetpack_dont_email_post_to_subs":false,"_jetpack_newsletter_tier_id":0,"_jetpack_memberships_contains_paywalled_content":false,"_jetpack_memberships_contains_paid_content":false,"footnotes":"","jetpack_publicize_message":"","jetpack_publicize_feature_enabled":true,"jetpack_social_post_already_shared":true,"jetpack_social_options":{"image_generator_settings":{"template":"highway","default_image_id":0,"font":"","enabled":false},"version":2}},"categories":[1964],"tags":[],"class_list":["post-51963","post","type-post","status-publish","format-standard","has-post-thumbnail","hentry","category-carreira-e-sucesso-dicas-para-carreira"],"jetpack_publicize_connections":[],"jetpack_featured_media_url":"https:\/\/i0.wp.com\/ismaelcolosi.com.br\/wp-content\/uploads\/2024\/06\/carreira-trabalho-presencial-infojobs-1024x683.jpg?fit=1024%2C683&ssl=1","uagb_featured_image_src":{"full":["https:\/\/i0.wp.com\/ismaelcolosi.com.br\/wp-content\/uploads\/2024\/06\/carreira-trabalho-presencial-infojobs-1024x683.jpg?fit=1024%2C683&ssl=1",1024,683,false],"thumbnail":["https:\/\/i0.wp.com\/ismaelcolosi.com.br\/wp-content\/uploads\/2024\/06\/carreira-trabalho-presencial-infojobs-1024x683.jpg?resize=150%2C150&ssl=1",150,150,true],"medium":["https:\/\/i0.wp.com\/ismaelcolosi.com.br\/wp-content\/uploads\/2024\/06\/carreira-trabalho-presencial-infojobs-1024x683.jpg?fit=300%2C200&ssl=1",300,200,true],"medium_large":["https:\/\/i0.wp.com\/ismaelcolosi.com.br\/wp-content\/uploads\/2024\/06\/carreira-trabalho-presencial-infojobs-1024x683.jpg?fit=768%2C512&ssl=1",768,512,true],"large":["https:\/\/i0.wp.com\/ismaelcolosi.com.br\/wp-content\/uploads\/2024\/06\/carreira-trabalho-presencial-infojobs-1024x683.jpg?fit=1024%2C683&ssl=1",1024,683,true],"1536x1536":["https:\/\/i0.wp.com\/ismaelcolosi.com.br\/wp-content\/uploads\/2024\/06\/carreira-trabalho-presencial-infojobs-1024x683.jpg?fit=1024%2C683&ssl=1",1024,683,true],"2048x2048":["https:\/\/i0.wp.com\/ismaelcolosi.com.br\/wp-content\/uploads\/2024\/06\/carreira-trabalho-presencial-infojobs-1024x683.jpg?fit=1024%2C683&ssl=1",1024,683,true],"really-simple-thumb":["https:\/\/i0.wp.com\/ismaelcolosi.com.br\/wp-content\/uploads\/2024\/06\/carreira-trabalho-presencial-infojobs-1024x683.jpg?resize=370%2C247&ssl=1",370,247,true]},"uagb_author_info":{"display_name":"ismaelcolosi.com.br","author_link":"https:\/\/ismaelcolosi.com.br\/index.php\/author\/vidareal-online\/"},"uagb_comment_info":0,"uagb_excerpt":"Os profissionais encarregados de implementar pol\u00edticas de retorno ao presencial podem ser os mais propensos a deixar a empresa por conta das mudan\u00e7as no regime...","jetpack-related-posts":[{"id":85727,"url":"https:\/\/ismaelcolosi.com.br\/index.php\/2025\/05\/27\/brasileiros-trocariam-de-emprego-para-fugir-de-trabalho-presencial\/","url_meta":{"origin":51963,"position":0},"title":"Brasileiros trocariam de emprego para fugir de trabalho presencial","author":"ismaelcolosi.com.br","date":"27 de May de 2025","format":false,"excerpt":"\r Getty Images\r Bem-estar e flexibilidade pesam mais do que promo\u00e7\u00f5es para profissionais no Brasil\r Acessibilidade \r L\r L\r A-\r A+\r \r \u25d0\r \r \u00a0 Enquanto empresas abandonam os dias de home office e exigem o retorno ao presencial, seis em cada dez profissionais brasileiros dizem que deixariam o atual\u2026","rel":"","context":"In &quot;Carreira e Sucesso&quot;","block_context":{"text":"Carreira e Sucesso","link":"https:\/\/ismaelcolosi.com.br\/index.php\/category\/carreira-e-sucesso-dicas-para-carreira\/"},"img":{"alt_text":"","src":"https:\/\/i0.wp.com\/ismaelcolosi.com.br\/wp-content\/uploads\/2025\/05\/carreira-demanda-escritorios-1-1200x675.jpg?fit=1200%2C675&ssl=1&resize=350%2C200","width":350,"height":200,"srcset":"https:\/\/i0.wp.com\/ismaelcolosi.com.br\/wp-content\/uploads\/2025\/05\/carreira-demanda-escritorios-1-1200x675.jpg?fit=1200%2C675&ssl=1&resize=350%2C200 1x, https:\/\/i0.wp.com\/ismaelcolosi.com.br\/wp-content\/uploads\/2025\/05\/carreira-demanda-escritorios-1-1200x675.jpg?fit=1200%2C675&ssl=1&resize=525%2C300 1.5x, https:\/\/i0.wp.com\/ismaelcolosi.com.br\/wp-content\/uploads\/2025\/05\/carreira-demanda-escritorios-1-1200x675.jpg?fit=1200%2C675&ssl=1&resize=700%2C400 2x, https:\/\/i0.wp.com\/ismaelcolosi.com.br\/wp-content\/uploads\/2025\/05\/carreira-demanda-escritorios-1-1200x675.jpg?fit=1200%2C675&ssl=1&resize=1050%2C600 3x"},"classes":[]},{"id":88129,"url":"https:\/\/ismaelcolosi.com.br\/index.php\/2025\/10\/31\/mais-dias-no-escritorio-brasileiros-preferem-pedir-demissao\/","url_meta":{"origin":51963,"position":1},"title":"Mais Dias no Escrit\u00f3rio? Brasileiros Preferem Pedir Demiss\u00e3o","author":"ismaelcolosi.com.br","date":"31 de October de 2025","format":false,"excerpt":"\r Morsa Images\/Getty Images\r Tempo de deslocamento at\u00e9 o trabalho \u00e9 o principal fator de insatisfa\u00e7\u00e3o com o modelo presencial\r Acessibilidade \r L\r L\r A-\r A+\r \r \u25d0\r \r Em meio \u00e0 acelera\u00e7\u00e3o do retorno ao trabalho presencial, defendido por bilion\u00e1rios como Elon Musk e por executivos de gigantes como\u2026","rel":"","context":"In &quot;Carreira e Sucesso&quot;","block_context":{"text":"Carreira e Sucesso","link":"https:\/\/ismaelcolosi.com.br\/index.php\/category\/carreira-e-sucesso-dicas-para-carreira\/"},"img":{"alt_text":"","src":"https:\/\/i0.wp.com\/ismaelcolosi.com.br\/wp-content\/uploads\/2025\/10\/carreira-demanda-escritorios-2-1200x675.jpg?fit=1200%2C675&ssl=1&resize=350%2C200","width":350,"height":200,"srcset":"https:\/\/i0.wp.com\/ismaelcolosi.com.br\/wp-content\/uploads\/2025\/10\/carreira-demanda-escritorios-2-1200x675.jpg?fit=1200%2C675&ssl=1&resize=350%2C200 1x, https:\/\/i0.wp.com\/ismaelcolosi.com.br\/wp-content\/uploads\/2025\/10\/carreira-demanda-escritorios-2-1200x675.jpg?fit=1200%2C675&ssl=1&resize=525%2C300 1.5x, https:\/\/i0.wp.com\/ismaelcolosi.com.br\/wp-content\/uploads\/2025\/10\/carreira-demanda-escritorios-2-1200x675.jpg?fit=1200%2C675&ssl=1&resize=700%2C400 2x, https:\/\/i0.wp.com\/ismaelcolosi.com.br\/wp-content\/uploads\/2025\/10\/carreira-demanda-escritorios-2-1200x675.jpg?fit=1200%2C675&ssl=1&resize=1050%2C600 3x"},"classes":[]},{"id":83719,"url":"https:\/\/ismaelcolosi.com.br\/index.php\/2025\/03\/12\/trabalho-presencial-vira-metrica-de-desempenho-e-bonus\/","url_meta":{"origin":51963,"position":2},"title":"Trabalho Presencial Vira M\u00e9trica de Desempenho e B\u00f4nus","author":"ismaelcolosi.com.br","date":"12 de March de 2025","format":false,"excerpt":"\r Getty Images\r Segundo pesquisa, a maioria das empresas opera em modelo de trabalho presencial, enquanto 45% adotam o formato h\u00edbrido\r Acessibilidade \r L\r L\r A-\r A+\r \r \u25d0\r \r \u00a0 Na eterna briga entre funcion\u00e1rios e empregadores sobre o retorno ao escrit\u00f3rio, a mais nova estrat\u00e9gia por parte das\u2026","rel":"","context":"In &quot;Carreira e Sucesso&quot;","block_context":{"text":"Carreira e Sucesso","link":"https:\/\/ismaelcolosi.com.br\/index.php\/category\/carreira-e-sucesso-dicas-para-carreira\/"},"img":{"alt_text":"","src":"https:\/\/i0.wp.com\/ismaelcolosi.com.br\/wp-content\/uploads\/2025\/03\/carreira-demanda-escritorios-1200x675.jpg?fit=1200%2C675&ssl=1&resize=350%2C200","width":350,"height":200,"srcset":"https:\/\/i0.wp.com\/ismaelcolosi.com.br\/wp-content\/uploads\/2025\/03\/carreira-demanda-escritorios-1200x675.jpg?fit=1200%2C675&ssl=1&resize=350%2C200 1x, https:\/\/i0.wp.com\/ismaelcolosi.com.br\/wp-content\/uploads\/2025\/03\/carreira-demanda-escritorios-1200x675.jpg?fit=1200%2C675&ssl=1&resize=525%2C300 1.5x, https:\/\/i0.wp.com\/ismaelcolosi.com.br\/wp-content\/uploads\/2025\/03\/carreira-demanda-escritorios-1200x675.jpg?fit=1200%2C675&ssl=1&resize=700%2C400 2x, https:\/\/i0.wp.com\/ismaelcolosi.com.br\/wp-content\/uploads\/2025\/03\/carreira-demanda-escritorios-1200x675.jpg?fit=1200%2C675&ssl=1&resize=1050%2C600 3x"},"classes":[]},{"id":81941,"url":"https:\/\/ismaelcolosi.com.br\/index.php\/2025\/01\/21\/trump-ordena-que-funcionarios-do-governo-retornem-ao-presencial\/","url_meta":{"origin":51963,"position":3},"title":"Trump Ordena Que Funcion\u00e1rios do Governo Retornem Ao Presencial","author":"ismaelcolosi.com.br","date":"21 de January de 2025","format":false,"excerpt":"\r Getty Images\r Medidas restauram uma ordem administrativa do primeiro mandato de Trump, que havia sido revogada por Joe Biden ao assumir a presid\u00eancia\r Acessibilidade \r L\r L\r A-\r A+\r \r \u25d0\r \r \u00a0 O presidente dos Estados Unidos, Donald Trump, ordenou que os funcion\u00e1rios federais retornem aos escrit\u00f3rios cinco\u2026","rel":"","context":"In &quot;Carreira e Sucesso&quot;","block_context":{"text":"Carreira e Sucesso","link":"https:\/\/ismaelcolosi.com.br\/index.php\/category\/carreira-e-sucesso-dicas-para-carreira\/"},"img":{"alt_text":"","src":"https:\/\/i0.wp.com\/ismaelcolosi.com.br\/wp-content\/uploads\/2025\/01\/Trump-forbes-2025-1-1200x675.jpg?fit=1200%2C675&ssl=1&resize=350%2C200","width":350,"height":200,"srcset":"https:\/\/i0.wp.com\/ismaelcolosi.com.br\/wp-content\/uploads\/2025\/01\/Trump-forbes-2025-1-1200x675.jpg?fit=1200%2C675&ssl=1&resize=350%2C200 1x, https:\/\/i0.wp.com\/ismaelcolosi.com.br\/wp-content\/uploads\/2025\/01\/Trump-forbes-2025-1-1200x675.jpg?fit=1200%2C675&ssl=1&resize=525%2C300 1.5x, https:\/\/i0.wp.com\/ismaelcolosi.com.br\/wp-content\/uploads\/2025\/01\/Trump-forbes-2025-1-1200x675.jpg?fit=1200%2C675&ssl=1&resize=700%2C400 2x, https:\/\/i0.wp.com\/ismaelcolosi.com.br\/wp-content\/uploads\/2025\/01\/Trump-forbes-2025-1-1200x675.jpg?fit=1200%2C675&ssl=1&resize=1050%2C600 3x"},"classes":[]},{"id":70008,"url":"https:\/\/ismaelcolosi.com.br\/index.php\/2024\/10\/09\/retorno-ao-escritorio-impacta-a-produtividade\/","url_meta":{"origin":51963,"position":4},"title":"retorno ao escrit\u00f3rio impacta a produtividade","author":"ismaelcolosi.com.br","date":"9 de October de 2024","format":false,"excerpt":"\u00a0 Acessibilidade L L A- A+ \u25d0 \u00a0 Em setembro, o CEO da Amazon, Andy Jassy, anunciou que vai abandonar o modelo de trabalho h\u00edbrido e implementar uma pol\u00edtica de retorno ao escrit\u00f3rio a partir do in\u00edcio do pr\u00f3ximo ano. Em vez de trabalhar presencialmente tr\u00eas dias por semana, os\u2026","rel":"","context":"In &quot;Carreira e Sucesso&quot;","block_context":{"text":"Carreira e Sucesso","link":"https:\/\/ismaelcolosi.com.br\/index.php\/category\/carreira-e-sucesso-dicas-para-carreira\/"},"img":{"alt_text":"","src":"https:\/\/i0.wp.com\/ismaelcolosi.com.br\/wp-content\/uploads\/2024\/10\/carreira-demanda-escritorios-1024x683.jpg?fit=1024%2C683&ssl=1&resize=350%2C200","width":350,"height":200,"srcset":"https:\/\/i0.wp.com\/ismaelcolosi.com.br\/wp-content\/uploads\/2024\/10\/carreira-demanda-escritorios-1024x683.jpg?fit=1024%2C683&ssl=1&resize=350%2C200 1x, https:\/\/i0.wp.com\/ismaelcolosi.com.br\/wp-content\/uploads\/2024\/10\/carreira-demanda-escritorios-1024x683.jpg?fit=1024%2C683&ssl=1&resize=525%2C300 1.5x, https:\/\/i0.wp.com\/ismaelcolosi.com.br\/wp-content\/uploads\/2024\/10\/carreira-demanda-escritorios-1024x683.jpg?fit=1024%2C683&ssl=1&resize=700%2C400 2x"},"classes":[]},{"id":82903,"url":"https:\/\/ismaelcolosi.com.br\/index.php\/2025\/02\/13\/ceo-do-jpmorgan-ridiculariza-resistencia-ao-trabalho-presencial\/","url_meta":{"origin":51963,"position":5},"title":"CEO do JPMorgan Ridiculariza Resist\u00eancia Ao Trabalho Presencial","author":"ismaelcolosi.com.br","date":"13 de February de 2025","format":false,"excerpt":"\r Getty Images\r Jamie Dimon dirige o maior banco dos EUA h\u00e1 19 anos\r Acessibilidade \r L\r L\r A-\r A+\r \r \u25d0\r \r \u00a0 \u00a0 Jamie Dimon, CEO do JPMorgan, rejeitou com desd\u00e9m os pedidos de alguns funcion\u00e1rios para flexibilizar a pol\u00edtica de retorno ao escrit\u00f3rio cinco dias por semana\u2026","rel":"","context":"In &quot;Carreira e Sucesso&quot;","block_context":{"text":"Carreira e Sucesso","link":"https:\/\/ismaelcolosi.com.br\/index.php\/category\/carreira-e-sucesso-dicas-para-carreira\/"},"img":{"alt_text":"","src":"https:\/\/i0.wp.com\/ismaelcolosi.com.br\/wp-content\/uploads\/2025\/02\/forbes-ceo-jpmorgan-jamie-dimon-1-1200x675.jpg?fit=1200%2C675&ssl=1&resize=350%2C200","width":350,"height":200,"srcset":"https:\/\/i0.wp.com\/ismaelcolosi.com.br\/wp-content\/uploads\/2025\/02\/forbes-ceo-jpmorgan-jamie-dimon-1-1200x675.jpg?fit=1200%2C675&ssl=1&resize=350%2C200 1x, https:\/\/i0.wp.com\/ismaelcolosi.com.br\/wp-content\/uploads\/2025\/02\/forbes-ceo-jpmorgan-jamie-dimon-1-1200x675.jpg?fit=1200%2C675&ssl=1&resize=525%2C300 1.5x, https:\/\/i0.wp.com\/ismaelcolosi.com.br\/wp-content\/uploads\/2025\/02\/forbes-ceo-jpmorgan-jamie-dimon-1-1200x675.jpg?fit=1200%2C675&ssl=1&resize=700%2C400 2x, https:\/\/i0.wp.com\/ismaelcolosi.com.br\/wp-content\/uploads\/2025\/02\/forbes-ceo-jpmorgan-jamie-dimon-1-1200x675.jpg?fit=1200%2C675&ssl=1&resize=1050%2C600 3x"},"classes":[]}],"jetpack_sharing_enabled":true,"jetpack_shortlink":"https:\/\/wp.me\/pfMlyK-dw7","_links":{"self":[{"href":"https:\/\/ismaelcolosi.com.br\/index.php\/wp-json\/wp\/v2\/posts\/51963","targetHints":{"allow":["GET"]}}],"collection":[{"href":"https:\/\/ismaelcolosi.com.br\/index.php\/wp-json\/wp\/v2\/posts"}],"about":[{"href":"https:\/\/ismaelcolosi.com.br\/index.php\/wp-json\/wp\/v2\/types\/post"}],"author":[{"embeddable":true,"href":"https:\/\/ismaelcolosi.com.br\/index.php\/wp-json\/wp\/v2\/users\/1"}],"replies":[{"embeddable":true,"href":"https:\/\/ismaelcolosi.com.br\/index.php\/wp-json\/wp\/v2\/comments?post=51963"}],"version-history":[{"count":0,"href":"https:\/\/ismaelcolosi.com.br\/index.php\/wp-json\/wp\/v2\/posts\/51963\/revisions"}],"wp:featuredmedia":[{"embeddable":true,"href":"https:\/\/ismaelcolosi.com.br\/index.php\/wp-json\/wp\/v2\/media\/51964"}],"wp:attachment":[{"href":"https:\/\/ismaelcolosi.com.br\/index.php\/wp-json\/wp\/v2\/media?parent=51963"}],"wp:term":[{"taxonomy":"category","embeddable":true,"href":"https:\/\/ismaelcolosi.com.br\/index.php\/wp-json\/wp\/v2\/categories?post=51963"},{"taxonomy":"post_tag","embeddable":true,"href":"https:\/\/ismaelcolosi.com.br\/index.php\/wp-json\/wp\/v2\/tags?post=51963"}],"curies":[{"name":"wp","href":"https:\/\/api.w.org\/{rel}","templated":true}]}}