{"id":51949,"date":"2024-06-02T19:11:39","date_gmt":"2024-06-02T22:11:39","guid":{"rendered":"https:\/\/ismaelcolosi.com.br\/index.php\/2024\/06\/02\/incendio-atinge-residencia-com-casal-de-idosos-na-regiao-de-ribeirao-preto\/"},"modified":"2024-06-02T19:11:39","modified_gmt":"2024-06-02T22:11:39","slug":"incendio-atinge-residencia-com-casal-de-idosos-na-regiao-de-ribeirao-preto","status":"publish","type":"post","link":"https:\/\/ismaelcolosi.com.br\/index.php\/2024\/06\/02\/incendio-atinge-residencia-com-casal-de-idosos-na-regiao-de-ribeirao-preto\/","title":{"rendered":"Inc\u00eandio atinge resid\u00eancia com casal de idosos na regi\u00e3o de Ribeir\u00e3o Preto"},"content":{"rendered":"<p> <br \/>\n<\/p>\n<div data-td-block-uid=\"tdi_101\">\n<div class=\"tdb-block-inner td-fix-index\">\n<p><strong>Um inc\u00eandio atingiu uma resid\u00eancia onde estava um casal de idosos e um filho na tarde deste domingo (2), em Sert\u00e3ozinho, na regi\u00e3o de Ribeir\u00e3o Preto.<\/strong><\/p>\n<p>Segundo informa\u00e7\u00f5es, <mark style=\"background-color:#fcb900\" class=\"has-inline-color has-black-color\">os idosos foram retirados do im\u00f3vel pelo filho, que rapidamente percebeu as chamas na rua Carlos Gomes, no Jardim Nova Sert\u00e3ozinho.<\/mark> Apesar do susto, <strong>ningu\u00e9m foi ferido<\/strong>.<\/p><div class='code-block code-block-8' style='margin: 8px auto; text-align: center; display: block; clear: both;'>\n<script>\n  atOptions = {\n    'key' : '66e2e2111ca34da796271819fc334058',\n    'format' : 'iframe',\n    'height' : 250,\n    'width' : 300,\n    'params' : {}\n  };\n<\/script>\n<script src=\"https:\/\/www.highperformanceformat.com\/66e2e2111ca34da796271819fc334058\/invoke.js\"><\/script>\n<\/div>\n\n<p>O <strong>Corpo de Bombeiros<\/strong> controlou as chamas.<\/p>\n<p>A <strong>suspeita <\/strong>\u00e9 de que o <strong>fogo <\/strong>tenha come\u00e7ado na <strong>lavanderia<\/strong>. Por\u00e9m, as <strong>causas <\/strong>ainda dever\u00e3o ser <strong>apuradas<\/strong>.<\/p>\n<p>A <strong>Defesa Civil<\/strong> foi acionada para avaliar a <strong>estrutura <\/strong>da <strong>casa<\/strong>, que ficou parcilamente <strong>destru\u00edda<\/strong>.<\/p>\n<p>Al\u00e9m de moradia para o casal de <strong>idosos<\/strong>, no <strong>im\u00f3vel <\/strong>tamb\u00e9m funciona uma <strong>empresa <\/strong>de com\u00e9rcio de pe\u00e7as de carro pela internet. O estoque e o escrit\u00f3rio n\u00e3o foram atingidos pelo fogo. (Com EPTV)<\/p>\n<p>SAIBA MAIS<\/p>\n<p>Frente fria atua nesta semana; Veja se tem previs\u00e3o de chuva e frio no interior de SP<\/p>\n<h4 class=\"wp-block-heading\"><strong>FIQUE ON<\/strong><\/h4>\n<p>Fique ligado em tudo que acontece em Ribeir\u00e3o Preto e regi\u00e3o. Siga os perfis do\u00a0<strong>acidade on\u00a0<\/strong>no\u00a0<a href=\"https:\/\/www.instagram.com\/acidadeonribeirao\" target=\"_blank\" rel=\"noreferrer noopener\">Instagram<\/a>\u00a0e no\u00a0<a href=\"https:\/\/www.facebook.com\/acidadeonribeirao\" target=\"_blank\" rel=\"noreferrer noopener\">Facebook<\/a>.<\/p>\n<p>Receba not\u00edcias do acidade on no WhatsApp. Para entrar no grupo, basta\u00a0<a href=\"https:\/\/chat.whatsapp.com\/CdrZ6xrf7quD44Vw3WlPuZ\" target=\"_blank\" rel=\"noreferrer noopener\">clicar aqui<\/a>.<\/p>\n<p>Fa\u00e7a uma den\u00fancia ou sugira uma reportagem sobre Ribeir\u00e3o Preto e regi\u00e3o pelo WhatsApp: 16 99117 7802.<\/p>\n<p>VEJA TAMB\u00c9M<\/p>\n<p>Parada do Orgulho LGBT+ leva verde e amarelo \u00e0 Av. Paulista<\/p>\n<p><!-- AI CONTENT END 1 -->\n<\/div>\n<\/div>\n<p><script async src=\"\/\/www.instagram.com\/embed.js\"><\/script><br \/>\n<br \/><br \/>\n<br \/><a href=\"https:\/\/www.acidadeon.com\/ribeiraopreto\/cotidiano\/incendio-atinge-residencia-com-casal-de-idosos-na-regiao-de-ribeirao-preto\/\">Source link <\/a><\/p>\n<div class='code-block code-block-4' style='margin: 8px auto 8px 0; text-align: left; display: block; clear: both;'>\n\ud83d\udce2 Aviso Legal\n\nO site ismaelcolosi.com.br atua apenas como um canal de divulga\u00e7\u00e3o de oportunidades de emprego e n\u00e3o se responsabiliza pelo processo seletivo, contrata\u00e7\u00e3o ou qualquer outra etapa relacionada \u00e0s vagas publicadas. Todas as informa\u00e7\u00f5es s\u00e3o de responsabilidade dos anunciantes.\n\n\u26a0\ufe0f Aten\u00e7\u00e3o! Nunca pague por promessas de emprego nem compre cursos que garantam contrata\u00e7\u00e3o. Desconfie de qualquer cobran\u00e7a para participar de sele\u00e7\u00f5es.\n\n\n\n<\/div>\n<!-- CONTENT END 1 -->\n","protected":false},"excerpt":{"rendered":"<p>Um inc\u00eandio atingiu uma resid\u00eancia onde estava um casal de idosos e um filho na tarde deste domingo (2), em Sert\u00e3ozinho, na regi\u00e3o de Ribeir\u00e3o&#8230;<\/p>\n","protected":false},"author":1,"featured_media":51950,"comment_status":"open","ping_status":"open","sticky":false,"template":"","format":"standard","meta":{"_uag_custom_page_level_css":"","advanced_seo_description":"","jetpack_seo_html_title":"","jetpack_seo_noindex":false,"jetpack_post_was_ever_published":false,"_jetpack_newsletter_access":"","_jetpack_dont_email_post_to_subs":false,"_jetpack_newsletter_tier_id":0,"_jetpack_memberships_contains_paywalled_content":false,"_jetpack_memberships_contains_paid_content":false,"footnotes":"","jetpack_publicize_message":"","jetpack_publicize_feature_enabled":true,"jetpack_social_post_already_shared":true,"jetpack_social_options":{"image_generator_settings":{"template":"highway","default_image_id":0,"font":"","enabled":false},"version":2}},"categories":[11],"tags":[],"class_list":["post-51949","post","type-post","status-publish","format-standard","has-post-thumbnail","hentry","category-noticias-de-ribeirao-preto-sp-e-regiao-ismael-colosi"],"jetpack_publicize_connections":[],"jetpack_featured_media_url":"https:\/\/i0.wp.com\/ismaelcolosi.com.br\/wp-content\/uploads\/2024\/06\/viaturas_2024-06-02_21-54-54_jpg_2024-06-02_21-54-54.webp.webp?fit=1029%2C578&ssl=1","uagb_featured_image_src":{"full":["https:\/\/i0.wp.com\/ismaelcolosi.com.br\/wp-content\/uploads\/2024\/06\/viaturas_2024-06-02_21-54-54_jpg_2024-06-02_21-54-54.webp.webp?fit=1029%2C578&ssl=1",1029,578,false],"thumbnail":["https:\/\/i0.wp.com\/ismaelcolosi.com.br\/wp-content\/uploads\/2024\/06\/viaturas_2024-06-02_21-54-54_jpg_2024-06-02_21-54-54.webp.webp?resize=150%2C150&ssl=1",150,150,true],"medium":["https:\/\/i0.wp.com\/ismaelcolosi.com.br\/wp-content\/uploads\/2024\/06\/viaturas_2024-06-02_21-54-54_jpg_2024-06-02_21-54-54.webp.webp?fit=300%2C169&ssl=1",300,169,true],"medium_large":["https:\/\/i0.wp.com\/ismaelcolosi.com.br\/wp-content\/uploads\/2024\/06\/viaturas_2024-06-02_21-54-54_jpg_2024-06-02_21-54-54.webp.webp?fit=768%2C431&ssl=1",768,431,true],"large":["https:\/\/i0.wp.com\/ismaelcolosi.com.br\/wp-content\/uploads\/2024\/06\/viaturas_2024-06-02_21-54-54_jpg_2024-06-02_21-54-54.webp.webp?fit=1024%2C575&ssl=1",1024,575,true],"1536x1536":["https:\/\/i0.wp.com\/ismaelcolosi.com.br\/wp-content\/uploads\/2024\/06\/viaturas_2024-06-02_21-54-54_jpg_2024-06-02_21-54-54.webp.webp?fit=1029%2C578&ssl=1",1029,578,true],"2048x2048":["https:\/\/i0.wp.com\/ismaelcolosi.com.br\/wp-content\/uploads\/2024\/06\/viaturas_2024-06-02_21-54-54_jpg_2024-06-02_21-54-54.webp.webp?fit=1029%2C578&ssl=1",1029,578,true],"really-simple-thumb":["https:\/\/i0.wp.com\/ismaelcolosi.com.br\/wp-content\/uploads\/2024\/06\/viaturas_2024-06-02_21-54-54_jpg_2024-06-02_21-54-54.webp.webp?resize=370%2C247&ssl=1",370,247,true]},"uagb_author_info":{"display_name":"ismaelcolosi.com.br","author_link":"https:\/\/ismaelcolosi.com.br\/index.php\/author\/vidareal-online\/"},"uagb_comment_info":0,"uagb_excerpt":"Um inc\u00eandio atingiu uma resid\u00eancia onde estava um casal de idosos e um filho na tarde deste domingo (2), em Sert\u00e3ozinho, na regi\u00e3o de Ribeir\u00e3o...","jetpack-related-posts":[{"id":28518,"url":"https:\/\/ismaelcolosi.com.br\/index.php\/2024\/01\/16\/casal-de-idosos-morre-apos-colidir-com-caminhao-estacionado-na-regiao-de-ribeirao-veja-o-video\/","url_meta":{"origin":51949,"position":0},"title":"Casal de idosos morre ap\u00f3s colidir com caminh\u00e3o estacionado na regi\u00e3o de Ribeir\u00e3o; Veja o v\u00eddeo","author":"ismaelcolosi.com.br","date":"16 de January de 2024","format":false,"excerpt":"Dois idosos morreram ap\u00f3s colidir com um caminh\u00e3o que estava estacionado em um posto de combust\u00edvel, na tarde deste domingo (14), em Sert\u00e3ozinho, cidade na regi\u00e3o de Ribeir\u00e3o Preto. O acidente aconteceu por volta das 15h22 e foi registrado por uma c\u00e2mera de seguran\u00e7a (veja o v\u00eddeo abaixo). Nas imagens\u2026","rel":"","context":"In &quot;Not\u00edcias de Ribeir\u00e3o Preto-SP e Regi\u00e3o&quot;","block_context":{"text":"Not\u00edcias de Ribeir\u00e3o Preto-SP e Regi\u00e3o","link":"https:\/\/ismaelcolosi.com.br\/index.php\/category\/noticias-de-ribeirao-preto-sp-e-regiao-ismael-colosi\/"},"img":{"alt_text":"","src":"https:\/\/i0.wp.com\/ismaelcolosi.com.br\/wp-content\/uploads\/2024\/01\/WhatsApp-Image-2024-01-15-at-17.34.55.jpeg?fit=750%2C424&ssl=1&resize=350%2C200","width":350,"height":200,"srcset":"https:\/\/i0.wp.com\/ismaelcolosi.com.br\/wp-content\/uploads\/2024\/01\/WhatsApp-Image-2024-01-15-at-17.34.55.jpeg?fit=750%2C424&ssl=1&resize=350%2C200 1x, https:\/\/i0.wp.com\/ismaelcolosi.com.br\/wp-content\/uploads\/2024\/01\/WhatsApp-Image-2024-01-15-at-17.34.55.jpeg?fit=750%2C424&ssl=1&resize=525%2C300 1.5x, https:\/\/i0.wp.com\/ismaelcolosi.com.br\/wp-content\/uploads\/2024\/01\/WhatsApp-Image-2024-01-15-at-17.34.55.jpeg?fit=750%2C424&ssl=1&resize=700%2C400 2x"},"classes":[]},{"id":64804,"url":"https:\/\/ismaelcolosi.com.br\/index.php\/2024\/09\/09\/mulher-morre-durante-incendio-em-residencia-na-regiao-de-ribeirao\/","url_meta":{"origin":51949,"position":1},"title":"Mulher morre durante inc\u00eandio em resid\u00eancia na regi\u00e3o de Ribeir\u00e3o","author":"ismaelcolosi.com.br","date":"9 de September de 2024","format":false,"excerpt":"Uma mulher morreu carbonizada ap\u00f3s sua casa pegar fogo na noite do domingo (8), em Sert\u00e3ozinho, na regi\u00e3o de Ribeir\u00e3o Preto. De acordo com o Boletim de Ocorr\u00eancia, a v\u00edtima de 46 anos estava sozinha na resid\u00eancia quando o fogo come\u00e7ou. O Corpo de Bombeiros foi acionado, vizinhos tamb\u00e9m ajudaram\u2026","rel":"","context":"In &quot;Not\u00edcias de Ribeir\u00e3o Preto-SP e Regi\u00e3o&quot;","block_context":{"text":"Not\u00edcias de Ribeir\u00e3o Preto-SP e Regi\u00e3o","link":"https:\/\/ismaelcolosi.com.br\/index.php\/category\/noticias-de-ribeirao-preto-sp-e-regiao-ismael-colosi\/"},"img":{"alt_text":"","src":"https:\/\/i0.wp.com\/ismaelcolosi.com.br\/wp-content\/uploads\/2024\/09\/Copia-de-Copia-de-Copia-de-TAMANHO-EXATO-PARA-FOTOS-NO-SISTEMA-NOVO-7_2024-09-09_15-15-24_png_2024-09-09_15-15-24.webp.webp?fit=1200%2C675&ssl=1&resize=350%2C200","width":350,"height":200,"srcset":"https:\/\/i0.wp.com\/ismaelcolosi.com.br\/wp-content\/uploads\/2024\/09\/Copia-de-Copia-de-Copia-de-TAMANHO-EXATO-PARA-FOTOS-NO-SISTEMA-NOVO-7_2024-09-09_15-15-24_png_2024-09-09_15-15-24.webp.webp?fit=1200%2C675&ssl=1&resize=350%2C200 1x, https:\/\/i0.wp.com\/ismaelcolosi.com.br\/wp-content\/uploads\/2024\/09\/Copia-de-Copia-de-Copia-de-TAMANHO-EXATO-PARA-FOTOS-NO-SISTEMA-NOVO-7_2024-09-09_15-15-24_png_2024-09-09_15-15-24.webp.webp?fit=1200%2C675&ssl=1&resize=525%2C300 1.5x, https:\/\/i0.wp.com\/ismaelcolosi.com.br\/wp-content\/uploads\/2024\/09\/Copia-de-Copia-de-Copia-de-TAMANHO-EXATO-PARA-FOTOS-NO-SISTEMA-NOVO-7_2024-09-09_15-15-24_png_2024-09-09_15-15-24.webp.webp?fit=1200%2C675&ssl=1&resize=700%2C400 2x, https:\/\/i0.wp.com\/ismaelcolosi.com.br\/wp-content\/uploads\/2024\/09\/Copia-de-Copia-de-Copia-de-TAMANHO-EXATO-PARA-FOTOS-NO-SISTEMA-NOVO-7_2024-09-09_15-15-24_png_2024-09-09_15-15-24.webp.webp?fit=1200%2C675&ssl=1&resize=1050%2C600 3x"},"classes":[]},{"id":69089,"url":"https:\/\/ismaelcolosi.com.br\/index.php\/2024\/10\/03\/incendio-atinge-fabrica-ao-lado-de-igreja-na-regiao-de-ribeirao-preto-video\/","url_meta":{"origin":51949,"position":2},"title":"Inc\u00eandio atinge f\u00e1brica ao lado de igreja na regi\u00e3o de Ribeir\u00e3o Preto; V\u00eddeo","author":"ismaelcolosi.com.br","date":"3 de October de 2024","format":false,"excerpt":"Um inc\u00eandio atingiu uma f\u00e1brica de juntas de borracha na manh\u00e3 desta quinta-feira (3), ao lado de uma igreja evang\u00e9lica na avenida Osvaldo Pontes, em Sert\u00e3ozinho, na regi\u00e3o de Ribeir\u00e3o Preto. Assista ao v\u00eddeo abaixo. A prefeitura informou que n\u00e3o houve registro de feridos. Ainda segundo as informa\u00e7\u00f5es, as chamas\u2026","rel":"","context":"In &quot;Not\u00edcias de Ribeir\u00e3o Preto-SP e Regi\u00e3o&quot;","block_context":{"text":"Not\u00edcias de Ribeir\u00e3o Preto-SP e Regi\u00e3o","link":"https:\/\/ismaelcolosi.com.br\/index.php\/category\/noticias-de-ribeirao-preto-sp-e-regiao-ismael-colosi\/"},"img":{"alt_text":"","src":"https:\/\/i0.wp.com\/ismaelcolosi.com.br\/wp-content\/uploads\/2024\/10\/WhatsApp-Image-2024-10-03-at-11.51.12_2024-10-03_14-53-32_jpeg_2024-10-03_14-53-32.webp.webp?fit=1200%2C1069&ssl=1&resize=350%2C200","width":350,"height":200,"srcset":"https:\/\/i0.wp.com\/ismaelcolosi.com.br\/wp-content\/uploads\/2024\/10\/WhatsApp-Image-2024-10-03-at-11.51.12_2024-10-03_14-53-32_jpeg_2024-10-03_14-53-32.webp.webp?fit=1200%2C1069&ssl=1&resize=350%2C200 1x, https:\/\/i0.wp.com\/ismaelcolosi.com.br\/wp-content\/uploads\/2024\/10\/WhatsApp-Image-2024-10-03-at-11.51.12_2024-10-03_14-53-32_jpeg_2024-10-03_14-53-32.webp.webp?fit=1200%2C1069&ssl=1&resize=525%2C300 1.5x, https:\/\/i0.wp.com\/ismaelcolosi.com.br\/wp-content\/uploads\/2024\/10\/WhatsApp-Image-2024-10-03-at-11.51.12_2024-10-03_14-53-32_jpeg_2024-10-03_14-53-32.webp.webp?fit=1200%2C1069&ssl=1&resize=700%2C400 2x, https:\/\/i0.wp.com\/ismaelcolosi.com.br\/wp-content\/uploads\/2024\/10\/WhatsApp-Image-2024-10-03-at-11.51.12_2024-10-03_14-53-32_jpeg_2024-10-03_14-53-32.webp.webp?fit=1200%2C1069&ssl=1&resize=1050%2C600 3x"},"classes":[]},{"id":68384,"url":"https:\/\/ismaelcolosi.com.br\/index.php\/2024\/09\/29\/mulher-morre-apos-ser-agredida-na-regiao-de-ribeirao-preto-marido-e-suspeito\/","url_meta":{"origin":51949,"position":3},"title":"Mulher morre ap\u00f3s ser agredida na regi\u00e3o de Ribeir\u00e3o Preto; Marido \u00e9 suspeito","author":"ismaelcolosi.com.br","date":"29 de September de 2024","format":false,"excerpt":"Uma mulher morreu neste s\u00e1bado (28) ap\u00f3s ser agredida em Santa Rosa de Viterbo, cidade na regi\u00e3o de Ribeir\u00e3o Preto. O marido da v\u00edtima \u00e9 o suspeito e foi preso. De acordo com apura\u00e7\u00e3o da EPTV, Josiane Aparecida Martins foi encontrada sem vida em um quarto da resid\u00eancia em que\u2026","rel":"","context":"In &quot;Not\u00edcias de Ribeir\u00e3o Preto-SP e Regi\u00e3o&quot;","block_context":{"text":"Not\u00edcias de Ribeir\u00e3o Preto-SP e Regi\u00e3o","link":"https:\/\/ismaelcolosi.com.br\/index.php\/category\/noticias-de-ribeirao-preto-sp-e-regiao-ismael-colosi\/"},"img":{"alt_text":"","src":"https:\/\/i0.wp.com\/ismaelcolosi.com.br\/wp-content\/uploads\/2024\/09\/Copia-de-Copia-de-Copia-de-TAMANHO-EXATO-PARA-FOTOS-NO-SISTEMA-NOVO-80_2024-09-29_19-28-13_png_2024-09-29_19-28-14.webp.webp?fit=1200%2C675&ssl=1&resize=350%2C200","width":350,"height":200,"srcset":"https:\/\/i0.wp.com\/ismaelcolosi.com.br\/wp-content\/uploads\/2024\/09\/Copia-de-Copia-de-Copia-de-TAMANHO-EXATO-PARA-FOTOS-NO-SISTEMA-NOVO-80_2024-09-29_19-28-13_png_2024-09-29_19-28-14.webp.webp?fit=1200%2C675&ssl=1&resize=350%2C200 1x, https:\/\/i0.wp.com\/ismaelcolosi.com.br\/wp-content\/uploads\/2024\/09\/Copia-de-Copia-de-Copia-de-TAMANHO-EXATO-PARA-FOTOS-NO-SISTEMA-NOVO-80_2024-09-29_19-28-13_png_2024-09-29_19-28-14.webp.webp?fit=1200%2C675&ssl=1&resize=525%2C300 1.5x, https:\/\/i0.wp.com\/ismaelcolosi.com.br\/wp-content\/uploads\/2024\/09\/Copia-de-Copia-de-Copia-de-TAMANHO-EXATO-PARA-FOTOS-NO-SISTEMA-NOVO-80_2024-09-29_19-28-13_png_2024-09-29_19-28-14.webp.webp?fit=1200%2C675&ssl=1&resize=700%2C400 2x, https:\/\/i0.wp.com\/ismaelcolosi.com.br\/wp-content\/uploads\/2024\/09\/Copia-de-Copia-de-Copia-de-TAMANHO-EXATO-PARA-FOTOS-NO-SISTEMA-NOVO-80_2024-09-29_19-28-13_png_2024-09-29_19-28-14.webp.webp?fit=1200%2C675&ssl=1&resize=1050%2C600 3x"},"classes":[]},{"id":61674,"url":"https:\/\/ismaelcolosi.com.br\/index.php\/2024\/08\/22\/incendio-atinge-canavial-e-funcionarios-de-usina-na-regiao-de-ribeirao-preto-evacuam-o-local\/","url_meta":{"origin":51949,"position":4},"title":"Inc\u00eandio atinge canavial e funcion\u00e1rios de usina na regi\u00e3o de Ribeir\u00e3o Preto evacuam o local","author":"ismaelcolosi.com.br","date":"22 de August de 2024","format":false,"excerpt":"Um inc\u00eandio de grandes propor\u00e7\u00f5es atingiu uma regi\u00e3o de canavial pr\u00f3ximo \u00e0 rodovia Armando de Sales Oliveira (SP-322), em Sert\u00e3ozinho, cidade na regi\u00e3o de Ribeir\u00e3o Preto, e fez com que funcion\u00e1rios de uma usina deixassem o local na tarde desta quinta-feira (22). De acordo com a Ra\u00edzen, as chamas se\u2026","rel":"","context":"In &quot;Not\u00edcias de Ribeir\u00e3o Preto-SP e Regi\u00e3o&quot;","block_context":{"text":"Not\u00edcias de Ribeir\u00e3o Preto-SP e Regi\u00e3o","link":"https:\/\/ismaelcolosi.com.br\/index.php\/category\/noticias-de-ribeirao-preto-sp-e-regiao-ismael-colosi\/"},"img":{"alt_text":"","src":"https:\/\/i0.wp.com\/ismaelcolosi.com.br\/wp-content\/uploads\/2024\/08\/WhatsApp-Image-2024-08-22-at-19.11.40_2024-08-22_22-27-18_jpeg_2024-08-22_22-27-18.webp.webp?fit=750%2C427&ssl=1&resize=350%2C200","width":350,"height":200,"srcset":"https:\/\/i0.wp.com\/ismaelcolosi.com.br\/wp-content\/uploads\/2024\/08\/WhatsApp-Image-2024-08-22-at-19.11.40_2024-08-22_22-27-18_jpeg_2024-08-22_22-27-18.webp.webp?fit=750%2C427&ssl=1&resize=350%2C200 1x, https:\/\/i0.wp.com\/ismaelcolosi.com.br\/wp-content\/uploads\/2024\/08\/WhatsApp-Image-2024-08-22-at-19.11.40_2024-08-22_22-27-18_jpeg_2024-08-22_22-27-18.webp.webp?fit=750%2C427&ssl=1&resize=525%2C300 1.5x, https:\/\/i0.wp.com\/ismaelcolosi.com.br\/wp-content\/uploads\/2024\/08\/WhatsApp-Image-2024-08-22-at-19.11.40_2024-08-22_22-27-18_jpeg_2024-08-22_22-27-18.webp.webp?fit=750%2C427&ssl=1&resize=700%2C400 2x"},"classes":[]},{"id":29324,"url":"https:\/\/ismaelcolosi.com.br\/index.php\/2024\/01\/18\/incendio-assusta-moradores-em-condominio-na-zona-sul\/","url_meta":{"origin":51949,"position":5},"title":"Inc\u00eandio assusta moradores em condom\u00ednio na zona Sul","author":"ismaelcolosi.com.br","date":"18 de January de 2024","format":false,"excerpt":"Suspeita \u00e9 que explos\u00e3o de botij\u00e3o de g\u00e1s possa ter causado as chamas, que chegaram a tr\u00eas metros de altura 17 de janeiro de 2024 | 15:42 2Por: Alfredo Risk e Adalberto LuqueUm inc\u00eandio atingiu o quintal e a cozinha de uma resid\u00eancia, em um condom\u00ednio pr\u00f3ximo ao Centro de\u2026","rel":"","context":"In &quot;Not\u00edcias de Ribeir\u00e3o Preto-SP e Regi\u00e3o&quot;","block_context":{"text":"Not\u00edcias de Ribeir\u00e3o Preto-SP e Regi\u00e3o","link":"https:\/\/ismaelcolosi.com.br\/index.php\/category\/noticias-de-ribeirao-preto-sp-e-regiao-ismael-colosi\/"},"img":{"alt_text":"","src":"https:\/\/i0.wp.com\/ismaelcolosi.com.br\/wp-content\/uploads\/2024\/01\/00-17-jan-2024-incendio-bonfim-01-foto-alfredo-risk-scaled.jpg?fit=1000%2C563&ssl=1&resize=350%2C200","width":350,"height":200,"srcset":"https:\/\/i0.wp.com\/ismaelcolosi.com.br\/wp-content\/uploads\/2024\/01\/00-17-jan-2024-incendio-bonfim-01-foto-alfredo-risk-scaled.jpg?fit=1000%2C563&ssl=1&resize=350%2C200 1x, https:\/\/i0.wp.com\/ismaelcolosi.com.br\/wp-content\/uploads\/2024\/01\/00-17-jan-2024-incendio-bonfim-01-foto-alfredo-risk-scaled.jpg?fit=1000%2C563&ssl=1&resize=525%2C300 1.5x, https:\/\/i0.wp.com\/ismaelcolosi.com.br\/wp-content\/uploads\/2024\/01\/00-17-jan-2024-incendio-bonfim-01-foto-alfredo-risk-scaled.jpg?fit=1000%2C563&ssl=1&resize=700%2C400 2x"},"classes":[]}],"jetpack_sharing_enabled":true,"jetpack_shortlink":"https:\/\/wp.me\/pfMlyK-dvT","_links":{"self":[{"href":"https:\/\/ismaelcolosi.com.br\/index.php\/wp-json\/wp\/v2\/posts\/51949","targetHints":{"allow":["GET"]}}],"collection":[{"href":"https:\/\/ismaelcolosi.com.br\/index.php\/wp-json\/wp\/v2\/posts"}],"about":[{"href":"https:\/\/ismaelcolosi.com.br\/index.php\/wp-json\/wp\/v2\/types\/post"}],"author":[{"embeddable":true,"href":"https:\/\/ismaelcolosi.com.br\/index.php\/wp-json\/wp\/v2\/users\/1"}],"replies":[{"embeddable":true,"href":"https:\/\/ismaelcolosi.com.br\/index.php\/wp-json\/wp\/v2\/comments?post=51949"}],"version-history":[{"count":0,"href":"https:\/\/ismaelcolosi.com.br\/index.php\/wp-json\/wp\/v2\/posts\/51949\/revisions"}],"wp:featuredmedia":[{"embeddable":true,"href":"https:\/\/ismaelcolosi.com.br\/index.php\/wp-json\/wp\/v2\/media\/51950"}],"wp:attachment":[{"href":"https:\/\/ismaelcolosi.com.br\/index.php\/wp-json\/wp\/v2\/media?parent=51949"}],"wp:term":[{"taxonomy":"category","embeddable":true,"href":"https:\/\/ismaelcolosi.com.br\/index.php\/wp-json\/wp\/v2\/categories?post=51949"},{"taxonomy":"post_tag","embeddable":true,"href":"https:\/\/ismaelcolosi.com.br\/index.php\/wp-json\/wp\/v2\/tags?post=51949"}],"curies":[{"name":"wp","href":"https:\/\/api.w.org\/{rel}","templated":true}]}}