{"id":51943,"date":"2024-06-02T17:04:59","date_gmt":"2024-06-02T20:04:59","guid":{"rendered":"https:\/\/ismaelcolosi.com.br\/index.php\/2024\/06\/02\/briga-por-causa-de-mesa-na-frente-de-bar-acaba-com-idosa-atingida-por-garrafa-em-ribeirao\/"},"modified":"2024-06-02T17:04:59","modified_gmt":"2024-06-02T20:04:59","slug":"briga-por-causa-de-mesa-na-frente-de-bar-acaba-com-idosa-atingida-por-garrafa-em-ribeirao","status":"publish","type":"post","link":"https:\/\/ismaelcolosi.com.br\/index.php\/2024\/06\/02\/briga-por-causa-de-mesa-na-frente-de-bar-acaba-com-idosa-atingida-por-garrafa-em-ribeirao\/","title":{"rendered":"Briga por causa de mesa na frente de bar acaba com idosa atingida por garrafa em Ribeir\u00e3o"},"content":{"rendered":"<p> <br \/>\n<\/p>\n<div data-td-block-uid=\"tdi_101\">\n<div class=\"tdb-block-inner td-fix-index\">\n<p><strong>Uma mulher de 65 anos foi atingida por uma garrafa de vidro na cabe\u00e7a na noite deste s\u00e1bado (1\u00ba), durante uma confus\u00e3o na frente em um bar do Jardim Macedo, zona Leste de Ribeir\u00e3o Preto.<\/strong><\/p>\n<p>Segundo o boletim de ocorr\u00eancia (BO), a PM (Pol\u00edcia Militar) foi chamada e ao chegar as v\u00edtimas afirmaram que estavam em uma mesa e, quando se levantaram para dan\u00e7ar, dois irm\u00e3os a ocuparam.<\/p><div class='code-block code-block-8' style='margin: 8px auto; text-align: center; display: block; clear: both;'>\n<script>\n  atOptions = {\n    'key' : '66e2e2111ca34da796271819fc334058',\n    'format' : 'iframe',\n    'height' : 250,\n    'width' : 300,\n    'params' : {}\n  };\n<\/script>\n<script src=\"https:\/\/www.highperformanceformat.com\/66e2e2111ca34da796271819fc334058\/invoke.js\"><\/script>\n<\/div>\n\n<p>Em seguida, conforme o BO, uma das v\u00edtimas foi solicitar que eles se retirassem da mesa, quando come\u00e7ou uma discuss\u00e3o e, em seguida, os autores teriam come\u00e7ado a agredir as v\u00edtimas com socos e pux\u00f5es de cabelo.<\/p>\n<p>Ainda conforme o registro, a idosa, identificada como propriet\u00e1ria do bar, foi atingida por uma garrafa de cerveja na cabe\u00e7a, enquanto fechava a porta do estabelecimento. A v\u00edtima, por\u00e9m, n\u00e3o identificou quem teria batida com a garrafa nela.<\/p>\n<p>Consta no BO que apenas um dos irm\u00e3os foi encontrado no local da confus\u00e3o. Ningu\u00e9m foi preso.<\/p>\n<p>O caso foi registrado como na CPJ (Central de Pol\u00edcia Judici\u00e1ria) Permanente como les\u00e3o corporal para investiga\u00e7\u00e3o da Pol\u00edcia Civil.<\/p>\n<p>SAIBA MAIS<\/p>\n<p>Frente fria atua nesta semana; Veja se tem previs\u00e3o de chuva e frio no interior de SP<\/p>\n<h4 class=\"wp-block-heading\"><strong>FIQUE ON<\/strong><\/h4>\n<p>Fique ligado em tudo que acontece em Ribeir\u00e3o Preto e regi\u00e3o. Siga os perfis do\u00a0<strong>acidade on\u00a0<\/strong>no\u00a0<a href=\"https:\/\/www.instagram.com\/acidadeonribeirao\" target=\"_blank\" rel=\"noreferrer noopener\">Instagram<\/a>\u00a0e no\u00a0<a href=\"https:\/\/www.facebook.com\/acidadeonribeirao\" target=\"_blank\" rel=\"noreferrer noopener\">Facebook<\/a>.<\/p>\n<p>Receba not\u00edcias do acidade on no WhatsApp. Para entrar no grupo, basta\u00a0<a href=\"https:\/\/chat.whatsapp.com\/CdrZ6xrf7quD44Vw3WlPuZ\" target=\"_blank\" rel=\"noreferrer noopener\">clicar aqui<\/a>.<\/p>\n<p>Fa\u00e7a uma den\u00fancia ou sugira uma reportagem sobre Ribeir\u00e3o Preto e regi\u00e3o pelo WhatsApp: 16 99117 7802.<\/p>\n<p>VEJA TAMB\u00c9M<\/p>\n<p>Quantos graus faz na \u00cdndia no Ver\u00e3o? Pa\u00eds enfrenta calor extremo<\/p>\n<p><!-- AI CONTENT END 3 -->\n<\/div>\n<\/div>\n<p><script async src=\"\/\/www.instagram.com\/embed.js\"><\/script><br \/>\n<br \/><br \/>\n<br \/><a href=\"https:\/\/www.acidadeon.com\/ribeiraopreto\/cotidiano\/briga-por-causa-de-mesa-na-frente-de-bar-acaba-com-idosa-atingida-por-garrafa-em-ribeirao\/\">Source link <\/a><\/p>\n<div class='code-block code-block-4' style='margin: 8px auto 8px 0; text-align: left; display: block; clear: both;'>\n\ud83d\udce2 Aviso Legal\n\nO site ismaelcolosi.com.br atua apenas como um canal de divulga\u00e7\u00e3o de oportunidades de emprego e n\u00e3o se responsabiliza pelo processo seletivo, contrata\u00e7\u00e3o ou qualquer outra etapa relacionada \u00e0s vagas publicadas. Todas as informa\u00e7\u00f5es s\u00e3o de responsabilidade dos anunciantes.\n\n\u26a0\ufe0f Aten\u00e7\u00e3o! Nunca pague por promessas de emprego nem compre cursos que garantam contrata\u00e7\u00e3o. Desconfie de qualquer cobran\u00e7a para participar de sele\u00e7\u00f5es.\n\n\n\n<\/div>\n<!-- CONTENT END 1 -->\n","protected":false},"excerpt":{"rendered":"<p>Uma mulher de 65 anos foi atingida por uma garrafa de vidro na cabe\u00e7a na noite deste s\u00e1bado (1\u00ba), durante uma confus\u00e3o na frente em&#8230;<\/p>\n","protected":false},"author":1,"featured_media":51944,"comment_status":"open","ping_status":"open","sticky":false,"template":"","format":"standard","meta":{"_uag_custom_page_level_css":"","advanced_seo_description":"","jetpack_seo_html_title":"","jetpack_seo_noindex":false,"jetpack_post_was_ever_published":false,"_jetpack_newsletter_access":"","_jetpack_dont_email_post_to_subs":false,"_jetpack_newsletter_tier_id":0,"_jetpack_memberships_contains_paywalled_content":false,"_jetpack_memberships_contains_paid_content":false,"footnotes":"","jetpack_publicize_message":"","jetpack_publicize_feature_enabled":true,"jetpack_social_post_already_shared":true,"jetpack_social_options":{"image_generator_settings":{"template":"highway","default_image_id":0,"font":"","enabled":false},"version":2}},"categories":[11],"tags":[],"class_list":["post-51943","post","type-post","status-publish","format-standard","has-post-thumbnail","hentry","category-noticias-de-ribeirao-preto-sp-e-regiao-ismael-colosi"],"jetpack_publicize_connections":[],"jetpack_featured_media_url":"https:\/\/i0.wp.com\/ismaelcolosi.com.br\/wp-content\/uploads\/2024\/06\/acidadeon_logos_Prancheta-1-copia-12_edited.jpg?fit=2250%2C2251&ssl=1","uagb_featured_image_src":{"full":["https:\/\/i0.wp.com\/ismaelcolosi.com.br\/wp-content\/uploads\/2024\/06\/acidadeon_logos_Prancheta-1-copia-12_edited.jpg?fit=2250%2C2251&ssl=1",2250,2251,false],"thumbnail":["https:\/\/i0.wp.com\/ismaelcolosi.com.br\/wp-content\/uploads\/2024\/06\/acidadeon_logos_Prancheta-1-copia-12_edited.jpg?resize=150%2C150&ssl=1",150,150,true],"medium":["https:\/\/i0.wp.com\/ismaelcolosi.com.br\/wp-content\/uploads\/2024\/06\/acidadeon_logos_Prancheta-1-copia-12_edited.jpg?fit=300%2C300&ssl=1",300,300,true],"medium_large":["https:\/\/i0.wp.com\/ismaelcolosi.com.br\/wp-content\/uploads\/2024\/06\/acidadeon_logos_Prancheta-1-copia-12_edited.jpg?fit=768%2C768&ssl=1",768,768,true],"large":["https:\/\/i0.wp.com\/ismaelcolosi.com.br\/wp-content\/uploads\/2024\/06\/acidadeon_logos_Prancheta-1-copia-12_edited.jpg?fit=1024%2C1024&ssl=1",1024,1024,true],"1536x1536":["https:\/\/i0.wp.com\/ismaelcolosi.com.br\/wp-content\/uploads\/2024\/06\/acidadeon_logos_Prancheta-1-copia-12_edited.jpg?fit=1536%2C1536&ssl=1",1536,1536,true],"2048x2048":["https:\/\/i0.wp.com\/ismaelcolosi.com.br\/wp-content\/uploads\/2024\/06\/acidadeon_logos_Prancheta-1-copia-12_edited.jpg?fit=2048%2C2048&ssl=1",2048,2048,true],"really-simple-thumb":["https:\/\/i0.wp.com\/ismaelcolosi.com.br\/wp-content\/uploads\/2024\/06\/acidadeon_logos_Prancheta-1-copia-12_edited.jpg?resize=370%2C247&ssl=1",370,247,true]},"uagb_author_info":{"display_name":"ismaelcolosi.com.br","author_link":"https:\/\/ismaelcolosi.com.br\/index.php\/author\/vidareal-online\/"},"uagb_comment_info":0,"uagb_excerpt":"Uma mulher de 65 anos foi atingida por uma garrafa de vidro na cabe\u00e7a na noite deste s\u00e1bado (1\u00ba), durante uma confus\u00e3o na frente em...","jetpack-related-posts":[{"id":70242,"url":"https:\/\/ismaelcolosi.com.br\/index.php\/2024\/10\/10\/idosa-e-baleada-durante-assalto-na-zona-norte-de-ribeirao-preto\/","url_meta":{"origin":51943,"position":0},"title":"Idosa \u00e9 baleada durante assalto na zona Norte de Ribeir\u00e3o Preto","author":"ismaelcolosi.com.br","date":"10 de October de 2024","format":false,"excerpt":"Uma mulher de 79 anos foi baleada durante um assalto na noite desta quarta-feira (9), no Jardim Joaquim Proc\u00f3pio, zona Norte de Ribeir\u00e3o Preto. Segundo o boletim de ocorr\u00eancia (BO), a v\u00edtima conversava com um vendedor, de 27 anos, na rua Orlando Bartocci, pr\u00f3ximo ao Parque Tom Jobim, quando foram\u2026","rel":"","context":"In &quot;Not\u00edcias de Ribeir\u00e3o Preto-SP e Regi\u00e3o&quot;","block_context":{"text":"Not\u00edcias de Ribeir\u00e3o Preto-SP e Regi\u00e3o","link":"https:\/\/ismaelcolosi.com.br\/index.php\/category\/noticias-de-ribeirao-preto-sp-e-regiao-ismael-colosi\/"},"img":{"alt_text":"","src":"https:\/\/i0.wp.com\/ismaelcolosi.com.br\/wp-content\/uploads\/2024\/10\/1728567041_20220620_114539075_policia_qru_1024x576_25052021184749_jpg_715985292.jpg?fit=1200%2C606&ssl=1&resize=350%2C200","width":350,"height":200,"srcset":"https:\/\/i0.wp.com\/ismaelcolosi.com.br\/wp-content\/uploads\/2024\/10\/1728567041_20220620_114539075_policia_qru_1024x576_25052021184749_jpg_715985292.jpg?fit=1200%2C606&ssl=1&resize=350%2C200 1x, https:\/\/i0.wp.com\/ismaelcolosi.com.br\/wp-content\/uploads\/2024\/10\/1728567041_20220620_114539075_policia_qru_1024x576_25052021184749_jpg_715985292.jpg?fit=1200%2C606&ssl=1&resize=525%2C300 1.5x, https:\/\/i0.wp.com\/ismaelcolosi.com.br\/wp-content\/uploads\/2024\/10\/1728567041_20220620_114539075_policia_qru_1024x576_25052021184749_jpg_715985292.jpg?fit=1200%2C606&ssl=1&resize=700%2C400 2x, https:\/\/i0.wp.com\/ismaelcolosi.com.br\/wp-content\/uploads\/2024\/10\/1728567041_20220620_114539075_policia_qru_1024x576_25052021184749_jpg_715985292.jpg?fit=1200%2C606&ssl=1&resize=1050%2C600 3x"},"classes":[]},{"id":53500,"url":"https:\/\/ismaelcolosi.com.br\/index.php\/2024\/06\/17\/idosa-e-atropelada-em-faixa-de-pedestre-e-motorista-foge-em-ribeirao-preto-veja-o-video\/","url_meta":{"origin":51943,"position":1},"title":"Idosa \u00e9 atropelada em faixa de pedestre e motorista foge em Ribeir\u00e3o Preto; Veja o v\u00eddeo","author":"ismaelcolosi.com.br","date":"17 de June de 2024","format":false,"excerpt":"Uma idosa de 62 anos foi atropelada, enquanto atravessa em cima da faixa de pedestre, no in\u00edcio da noite deste domingo (16). O acidente ocorreu no cruzamento das alamedas Josephina Brussolo Girotto com a Domingos F. Villas Boas, no bairro Parque dos Lagos, na zona Leste de Ribeir\u00e3o Preto. O\u2026","rel":"","context":"In &quot;Not\u00edcias de Ribeir\u00e3o Preto-SP e Regi\u00e3o&quot;","block_context":{"text":"Not\u00edcias de Ribeir\u00e3o Preto-SP e Regi\u00e3o","link":"https:\/\/ismaelcolosi.com.br\/index.php\/category\/noticias-de-ribeirao-preto-sp-e-regiao-ismael-colosi\/"},"img":{"alt_text":"","src":"https:\/\/i0.wp.com\/ismaelcolosi.com.br\/wp-content\/uploads\/2024\/06\/Copia-de-Copia-de-TAMANHO-EXATO-PARA-FOTOS-NO-SISTEMA-NOVO-7_2024-06-17_14-38-18_jpg_2024-06-17_14-38-18.webp.webp?fit=1200%2C675&ssl=1&resize=350%2C200","width":350,"height":200,"srcset":"https:\/\/i0.wp.com\/ismaelcolosi.com.br\/wp-content\/uploads\/2024\/06\/Copia-de-Copia-de-TAMANHO-EXATO-PARA-FOTOS-NO-SISTEMA-NOVO-7_2024-06-17_14-38-18_jpg_2024-06-17_14-38-18.webp.webp?fit=1200%2C675&ssl=1&resize=350%2C200 1x, https:\/\/i0.wp.com\/ismaelcolosi.com.br\/wp-content\/uploads\/2024\/06\/Copia-de-Copia-de-TAMANHO-EXATO-PARA-FOTOS-NO-SISTEMA-NOVO-7_2024-06-17_14-38-18_jpg_2024-06-17_14-38-18.webp.webp?fit=1200%2C675&ssl=1&resize=525%2C300 1.5x, https:\/\/i0.wp.com\/ismaelcolosi.com.br\/wp-content\/uploads\/2024\/06\/Copia-de-Copia-de-TAMANHO-EXATO-PARA-FOTOS-NO-SISTEMA-NOVO-7_2024-06-17_14-38-18_jpg_2024-06-17_14-38-18.webp.webp?fit=1200%2C675&ssl=1&resize=700%2C400 2x, https:\/\/i0.wp.com\/ismaelcolosi.com.br\/wp-content\/uploads\/2024\/06\/Copia-de-Copia-de-TAMANHO-EXATO-PARA-FOTOS-NO-SISTEMA-NOVO-7_2024-06-17_14-38-18_jpg_2024-06-17_14-38-18.webp.webp?fit=1200%2C675&ssl=1&resize=1050%2C600 3x"},"classes":[]},{"id":48463,"url":"https:\/\/ismaelcolosi.com.br\/index.php\/2024\/05\/03\/duas-pessoas-seguem-internadas-apos-acidente-na-agrishow-em-ribeirao-preto\/","url_meta":{"origin":51943,"position":2},"title":"Duas pessoas seguem internadas ap\u00f3s acidente na Agrishow em Ribeir\u00e3o Preto","author":"ismaelcolosi.com.br","date":"3 de May de 2024","format":false,"excerpt":"As duas v\u00edtimas de um acidente que envolveu um helic\u00f3ptero e a queda da estrutura de uma tenda na Agrishow, em Ribeir\u00e3o Preto, seguem hospitalizadas. As v\u00edtimas, uma mulher de 25 anos e um homem, de 27 anos, estavam, na manh\u00e3 desta quinta-feira (2), em uma tenda de distribui\u00e7\u00e3o de\u2026","rel":"","context":"In &quot;Not\u00edcias de Ribeir\u00e3o Preto-SP e Regi\u00e3o&quot;","block_context":{"text":"Not\u00edcias de Ribeir\u00e3o Preto-SP e Regi\u00e3o","link":"https:\/\/ismaelcolosi.com.br\/index.php\/category\/noticias-de-ribeirao-preto-sp-e-regiao-ismael-colosi\/"},"img":{"alt_text":"","src":"https:\/\/i0.wp.com\/ismaelcolosi.com.br\/wp-content\/uploads\/2024\/05\/WhatsApp-Image-2024-05-02-at-10.12.11_2024-05-03_11-02-57_jpeg_2024-05-03_11-02-57.webp.webp?fit=1200%2C675&ssl=1&resize=350%2C200","width":350,"height":200,"srcset":"https:\/\/i0.wp.com\/ismaelcolosi.com.br\/wp-content\/uploads\/2024\/05\/WhatsApp-Image-2024-05-02-at-10.12.11_2024-05-03_11-02-57_jpeg_2024-05-03_11-02-57.webp.webp?fit=1200%2C675&ssl=1&resize=350%2C200 1x, https:\/\/i0.wp.com\/ismaelcolosi.com.br\/wp-content\/uploads\/2024\/05\/WhatsApp-Image-2024-05-02-at-10.12.11_2024-05-03_11-02-57_jpeg_2024-05-03_11-02-57.webp.webp?fit=1200%2C675&ssl=1&resize=525%2C300 1.5x, https:\/\/i0.wp.com\/ismaelcolosi.com.br\/wp-content\/uploads\/2024\/05\/WhatsApp-Image-2024-05-02-at-10.12.11_2024-05-03_11-02-57_jpeg_2024-05-03_11-02-57.webp.webp?fit=1200%2C675&ssl=1&resize=700%2C400 2x, https:\/\/i0.wp.com\/ismaelcolosi.com.br\/wp-content\/uploads\/2024\/05\/WhatsApp-Image-2024-05-02-at-10.12.11_2024-05-03_11-02-57_jpeg_2024-05-03_11-02-57.webp.webp?fit=1200%2C675&ssl=1&resize=1050%2C600 3x"},"classes":[]},{"id":69259,"url":"https:\/\/ismaelcolosi.com.br\/index.php\/2024\/10\/04\/morre-vitima-de-acidente-no-anel-viario-sul-de-ribeirao-motociclista-foi-preso\/","url_meta":{"origin":51943,"position":3},"title":"Morre v\u00edtima de acidente no Anel Vi\u00e1rio Sul de Ribeir\u00e3o; Motociclista foi preso","author":"ismaelcolosi.com.br","date":"4 de October de 2024","format":false,"excerpt":"Uma mulher de 62 anos, v\u00edtima de um acidente que envolveu quatro ve\u00edculos na tarde desta quinta-feira (3), morreu depois de ter sido socorrida no km 312 do Anel Vi\u00e1rio Sul (rodovia Ant\u00f4nio Duarte Nogueira, SP-322), em Ribeir\u00e3o Preto. Outras quatro pessoas foram socorridas, incluindo uma beb\u00ea de cinco meses,\u2026","rel":"","context":"In &quot;Not\u00edcias de Ribeir\u00e3o Preto-SP e Regi\u00e3o&quot;","block_context":{"text":"Not\u00edcias de Ribeir\u00e3o Preto-SP e Regi\u00e3o","link":"https:\/\/ismaelcolosi.com.br\/index.php\/category\/noticias-de-ribeirao-preto-sp-e-regiao-ismael-colosi\/"},"img":{"alt_text":"","src":"https:\/\/i0.wp.com\/ismaelcolosi.com.br\/wp-content\/uploads\/2024\/10\/WhatsApp-Image-2024-10-04-at-11.52.22_2024-10-04_14-53-38_jpeg_2024-10-04_14-53-38.webp.webp?fit=1200%2C675&ssl=1&resize=350%2C200","width":350,"height":200,"srcset":"https:\/\/i0.wp.com\/ismaelcolosi.com.br\/wp-content\/uploads\/2024\/10\/WhatsApp-Image-2024-10-04-at-11.52.22_2024-10-04_14-53-38_jpeg_2024-10-04_14-53-38.webp.webp?fit=1200%2C675&ssl=1&resize=350%2C200 1x, https:\/\/i0.wp.com\/ismaelcolosi.com.br\/wp-content\/uploads\/2024\/10\/WhatsApp-Image-2024-10-04-at-11.52.22_2024-10-04_14-53-38_jpeg_2024-10-04_14-53-38.webp.webp?fit=1200%2C675&ssl=1&resize=525%2C300 1.5x, https:\/\/i0.wp.com\/ismaelcolosi.com.br\/wp-content\/uploads\/2024\/10\/WhatsApp-Image-2024-10-04-at-11.52.22_2024-10-04_14-53-38_jpeg_2024-10-04_14-53-38.webp.webp?fit=1200%2C675&ssl=1&resize=700%2C400 2x, https:\/\/i0.wp.com\/ismaelcolosi.com.br\/wp-content\/uploads\/2024\/10\/WhatsApp-Image-2024-10-04-at-11.52.22_2024-10-04_14-53-38_jpeg_2024-10-04_14-53-38.webp.webp?fit=1200%2C675&ssl=1&resize=1050%2C600 3x"},"classes":[]},{"id":58549,"url":"https:\/\/ismaelcolosi.com.br\/index.php\/2024\/07\/31\/perua-escolar-e-atingida-por-caminhao-e-tomba-em-rodovia-na-regiao-de-ribeirao-veja-o-video\/","url_meta":{"origin":51943,"position":4},"title":"Perua escolar \u00e9 atingida por caminh\u00e3o e tomba em rodovia na regi\u00e3o de Ribeir\u00e3o; Veja o v\u00eddeo","author":"ismaelcolosi.com.br","date":"31 de July de 2024","format":false,"excerpt":"Um acidente envolvendo uma perua escolar e um caminh\u00e3o, no quil\u00f4metro 19 da rodovia Jos\u00e9 Pizarro em Monte Alto, na regi\u00e3o de Ribeir\u00e3o Preto, foi registrado na tarde desta quarta-feira (31), por c\u00e2mera de seguran\u00e7a (veja o v\u00eddeo). As imagens mostram quando a perua, que estava com ao menos seis\u2026","rel":"","context":"In &quot;Not\u00edcias de Ribeir\u00e3o Preto-SP e Regi\u00e3o&quot;","block_context":{"text":"Not\u00edcias de Ribeir\u00e3o Preto-SP e Regi\u00e3o","link":"https:\/\/ismaelcolosi.com.br\/index.php\/category\/noticias-de-ribeirao-preto-sp-e-regiao-ismael-colosi\/"},"img":{"alt_text":"","src":"https:\/\/i0.wp.com\/ismaelcolosi.com.br\/wp-content\/uploads\/2024\/07\/Copia-de-Copia-de-TAMANHO-EXATO-PARA-FOTOS-NO-SISTEMA-NOVO-17_2024-07-31_20-07-56_jpg_2024-07-31_20-07-56.webp.webp?fit=1200%2C675&ssl=1&resize=350%2C200","width":350,"height":200,"srcset":"https:\/\/i0.wp.com\/ismaelcolosi.com.br\/wp-content\/uploads\/2024\/07\/Copia-de-Copia-de-TAMANHO-EXATO-PARA-FOTOS-NO-SISTEMA-NOVO-17_2024-07-31_20-07-56_jpg_2024-07-31_20-07-56.webp.webp?fit=1200%2C675&ssl=1&resize=350%2C200 1x, https:\/\/i0.wp.com\/ismaelcolosi.com.br\/wp-content\/uploads\/2024\/07\/Copia-de-Copia-de-TAMANHO-EXATO-PARA-FOTOS-NO-SISTEMA-NOVO-17_2024-07-31_20-07-56_jpg_2024-07-31_20-07-56.webp.webp?fit=1200%2C675&ssl=1&resize=525%2C300 1.5x, https:\/\/i0.wp.com\/ismaelcolosi.com.br\/wp-content\/uploads\/2024\/07\/Copia-de-Copia-de-TAMANHO-EXATO-PARA-FOTOS-NO-SISTEMA-NOVO-17_2024-07-31_20-07-56_jpg_2024-07-31_20-07-56.webp.webp?fit=1200%2C675&ssl=1&resize=700%2C400 2x, https:\/\/i0.wp.com\/ismaelcolosi.com.br\/wp-content\/uploads\/2024\/07\/Copia-de-Copia-de-TAMANHO-EXATO-PARA-FOTOS-NO-SISTEMA-NOVO-17_2024-07-31_20-07-56_jpg_2024-07-31_20-07-56.webp.webp?fit=1200%2C675&ssl=1&resize=1050%2C600 3x"},"classes":[]},{"id":53063,"url":"https:\/\/ismaelcolosi.com.br\/index.php\/2024\/06\/13\/ex-namorado-e-suspeito-de-balear-jovem-de-21-anos-em-avenida-de-ribeirao-preto\/","url_meta":{"origin":51943,"position":5},"title":"Ex-namorado \u00e9 suspeito de balear jovem de 21 anos em avenida de Ribeir\u00e3o Preto","author":"ismaelcolosi.com.br","date":"13 de June de 2024","format":false,"excerpt":"Uma jovem de 21 anos foi baleada na noite desta quarta-feira (12), na avenida Maestro Herv\u00e9 Cordovil, no bairro Marincek, zona Norte de Ribeir\u00e3o Preto. O ex-namorado da v\u00edtima \u00e9 apontado por ela como o principal suspeito do crime. Segundo informa\u00e7\u00f5es, a v\u00edtima teria sido atingida na regi\u00e3o das n\u00e1degas\u2026","rel":"","context":"In &quot;Not\u00edcias de Ribeir\u00e3o Preto-SP e Regi\u00e3o&quot;","block_context":{"text":"Not\u00edcias de Ribeir\u00e3o Preto-SP e Regi\u00e3o","link":"https:\/\/ismaelcolosi.com.br\/index.php\/category\/noticias-de-ribeirao-preto-sp-e-regiao-ismael-colosi\/"},"img":{"alt_text":"","src":"https:\/\/i0.wp.com\/ismaelcolosi.com.br\/wp-content\/uploads\/2024\/06\/BAELADA_2024-06-13_12-38-34_jpg_2024-06-13_12-38-35.webp.webp?fit=1200%2C903&ssl=1&resize=350%2C200","width":350,"height":200,"srcset":"https:\/\/i0.wp.com\/ismaelcolosi.com.br\/wp-content\/uploads\/2024\/06\/BAELADA_2024-06-13_12-38-34_jpg_2024-06-13_12-38-35.webp.webp?fit=1200%2C903&ssl=1&resize=350%2C200 1x, https:\/\/i0.wp.com\/ismaelcolosi.com.br\/wp-content\/uploads\/2024\/06\/BAELADA_2024-06-13_12-38-34_jpg_2024-06-13_12-38-35.webp.webp?fit=1200%2C903&ssl=1&resize=525%2C300 1.5x, https:\/\/i0.wp.com\/ismaelcolosi.com.br\/wp-content\/uploads\/2024\/06\/BAELADA_2024-06-13_12-38-34_jpg_2024-06-13_12-38-35.webp.webp?fit=1200%2C903&ssl=1&resize=700%2C400 2x, https:\/\/i0.wp.com\/ismaelcolosi.com.br\/wp-content\/uploads\/2024\/06\/BAELADA_2024-06-13_12-38-34_jpg_2024-06-13_12-38-35.webp.webp?fit=1200%2C903&ssl=1&resize=1050%2C600 3x"},"classes":[]}],"jetpack_sharing_enabled":true,"jetpack_shortlink":"https:\/\/wp.me\/pfMlyK-dvN","_links":{"self":[{"href":"https:\/\/ismaelcolosi.com.br\/index.php\/wp-json\/wp\/v2\/posts\/51943","targetHints":{"allow":["GET"]}}],"collection":[{"href":"https:\/\/ismaelcolosi.com.br\/index.php\/wp-json\/wp\/v2\/posts"}],"about":[{"href":"https:\/\/ismaelcolosi.com.br\/index.php\/wp-json\/wp\/v2\/types\/post"}],"author":[{"embeddable":true,"href":"https:\/\/ismaelcolosi.com.br\/index.php\/wp-json\/wp\/v2\/users\/1"}],"replies":[{"embeddable":true,"href":"https:\/\/ismaelcolosi.com.br\/index.php\/wp-json\/wp\/v2\/comments?post=51943"}],"version-history":[{"count":0,"href":"https:\/\/ismaelcolosi.com.br\/index.php\/wp-json\/wp\/v2\/posts\/51943\/revisions"}],"wp:featuredmedia":[{"embeddable":true,"href":"https:\/\/ismaelcolosi.com.br\/index.php\/wp-json\/wp\/v2\/media\/51944"}],"wp:attachment":[{"href":"https:\/\/ismaelcolosi.com.br\/index.php\/wp-json\/wp\/v2\/media?parent=51943"}],"wp:term":[{"taxonomy":"category","embeddable":true,"href":"https:\/\/ismaelcolosi.com.br\/index.php\/wp-json\/wp\/v2\/categories?post=51943"},{"taxonomy":"post_tag","embeddable":true,"href":"https:\/\/ismaelcolosi.com.br\/index.php\/wp-json\/wp\/v2\/tags?post=51943"}],"curies":[{"name":"wp","href":"https:\/\/api.w.org\/{rel}","templated":true}]}}