{"id":51939,"date":"2024-06-02T15:25:48","date_gmt":"2024-06-02T18:25:48","guid":{"rendered":"https:\/\/ismaelcolosi.com.br\/index.php\/2024\/06\/02\/jovem-e-baleado-na-cabeca-apos-confusao-em-estacionamento-no-centro-de-ribeirao\/"},"modified":"2024-06-02T15:25:48","modified_gmt":"2024-06-02T18:25:48","slug":"jovem-e-baleado-na-cabeca-apos-confusao-em-estacionamento-no-centro-de-ribeirao","status":"publish","type":"post","link":"https:\/\/ismaelcolosi.com.br\/index.php\/2024\/06\/02\/jovem-e-baleado-na-cabeca-apos-confusao-em-estacionamento-no-centro-de-ribeirao\/","title":{"rendered":"Jovem \u00e9 baleado na cabe\u00e7a ap\u00f3s confus\u00e3o em estacionamento no Centro de Ribeir\u00e3o"},"content":{"rendered":"<p> <br \/>\n<\/p>\n<div>\n<p><strong>Um jovem de 22 anos foi balado na cabe\u00e7a na madruga deste domingo (2), depois de uma confus\u00e3o em um estacionamento de ve\u00edculos, na avenida Jer\u00f4nimo Gon\u00e7alves, regi\u00e3o central de Ribeir\u00e3o Preto. <\/strong><mark style=\"background-color:#fcb900\" class=\"has-inline-color has-black-color\">O suspeito de ser o autor dos disparos fugiu e n\u00e3o havia sido identificado.<\/mark><\/p>\n<p>Segundo o boletim de ocorr\u00eancia (BO), <mark style=\"background-color:#fcb900\" class=\"has-inline-color has-black-color\">a v\u00edtima, que \u00e9 cliente do estacionamento e n\u00e3o teria se envolvido na confus\u00e3o, foi socorrida em estado grave e encaminhada ao Hospital das Cl\u00ednicas \u2013 Unidade de Emerg\u00eancia (HC-UE).<\/mark> Ele precisou se intubado e passava por atendimento quando o registro do BO foi conclu\u00eddo.<\/p><div class='code-block code-block-8' style='margin: 8px auto; text-align: center; display: block; clear: both;'>\n<script>\n  atOptions = {\n    'key' : '66e2e2111ca34da796271819fc334058',\n    'format' : 'iframe',\n    'height' : 250,\n    'width' : 300,\n    'params' : {}\n  };\n<\/script>\n<script src=\"https:\/\/www.highperformanceformat.com\/66e2e2111ca34da796271819fc334058\/invoke.js\"><\/script>\n<\/div>\n\n<h2 class=\"wp-block-heading\"><strong>Como foi a confus\u00e3o<\/strong><\/h2>\n<p>Ainda conforme o boletim de ocorr\u00eancia, a confus\u00e3o teve in\u00edcio ap\u00f3s dois outros clientes do estacionamento serem repreendidos por deixarem uma moto estacionada no local sem antes pegar o ticket de valida\u00e7\u00e3o. <\/p>\n<p>De acordo com o registro, a dupla teria deixado o local na moto e retornado momentos depois, quando um  homem, que estaria na garupa, come\u00e7ou a atirar e atingiu a v\u00edtima. <\/p>\n<p>Tanto a v\u00edtima quanto a dupla da moto estariam em uma casa de shows nas proximidades do estacionamento momentos antes do crime. A v\u00edtima teria participado de uma apresenta\u00e7\u00e3o musical no estabelecimento.<\/p>\n<p>A Pol\u00edcia Cient\u00edfica realizou a per\u00edcia, mas n\u00e3o localizou nenhum estojo de arma de fogo, o que indicaria prov\u00e1vel uso de rev\u00f3lver na a\u00e7\u00e3o.<\/p>\n<p>A Pol\u00edcia Civil apreendeu o ticket de estacionamento que seria do ve\u00edculo onde estava o suspeito de ser o autor dos disparos.<\/p>\n<p>O BO foi registrado como tentativa de Homic\u00eddio na CPJ (Central de Pol\u00edcia Judici\u00e1ria) Permanente como tentativa de homic\u00eddio.<\/p>\n<p>SAIBA MAIS<\/p>\n<p>Homem \u00e9 socorrido ap\u00f3s cair no c\u00f3rrego da avenida Francisco Junqueira em Ribeir\u00e3o<\/p>\n<h4 class=\"wp-block-heading\"><strong>FIQUE ON<\/strong><\/h4>\n<p>Fique ligado em tudo que acontece em Ribeir\u00e3o Preto e regi\u00e3o. Siga os perfis do\u00a0<strong>acidade on\u00a0<\/strong>no\u00a0<a href=\"https:\/\/www.instagram.com\/acidadeonribeirao\" target=\"_blank\" rel=\"noreferrer noopener\">Instagram<\/a>\u00a0e no\u00a0<a href=\"https:\/\/www.facebook.com\/acidadeonribeirao\" target=\"_blank\" rel=\"noreferrer noopener\">Facebook<\/a>.<\/p>\n<p>Receba not\u00edcias do acidade on no WhatsApp. Para entrar no grupo, basta\u00a0<a href=\"https:\/\/chat.whatsapp.com\/CdrZ6xrf7quD44Vw3WlPuZ\" target=\"_blank\" rel=\"noreferrer noopener\">clicar aqui<\/a>.<\/p>\n<p>Fa\u00e7a uma den\u00fancia ou sugira uma reportagem sobre Ribeir\u00e3o Preto e regi\u00e3o pelo WhatsApp: 16 99117 7802.<\/p>\n<p>VEJA TAMB\u00c9M<\/p>\n<p>Quantos graus faz na \u00cdndia no Ver\u00e3o? Pa\u00eds enfrenta calor extremo<\/p>\n<p><!-- AI CONTENT END 3 -->\n<\/div>\n<p><script async src=\"\/\/www.instagram.com\/embed.js\"><\/script><br \/>\n<br \/><br \/>\n<br \/><a href=\"https:\/\/www.acidadeon.com\/ribeiraopreto\/cotidiano\/jovem-e-baleado-na-cabeca-apos-confusao-em-estacionamento-no-centro-de-ribeirao\/\">Source link <\/a><\/p>\n<div class='code-block code-block-4' style='margin: 8px auto 8px 0; text-align: left; display: block; clear: both;'>\n\ud83d\udce2 Aviso Legal\n\nO site ismaelcolosi.com.br atua apenas como um canal de divulga\u00e7\u00e3o de oportunidades de emprego e n\u00e3o se responsabiliza pelo processo seletivo, contrata\u00e7\u00e3o ou qualquer outra etapa relacionada \u00e0s vagas publicadas. Todas as informa\u00e7\u00f5es s\u00e3o de responsabilidade dos anunciantes.\n\n\u26a0\ufe0f Aten\u00e7\u00e3o! Nunca pague por promessas de emprego nem compre cursos que garantam contrata\u00e7\u00e3o. Desconfie de qualquer cobran\u00e7a para participar de sele\u00e7\u00f5es.\n\n\n\n<\/div>\n<!-- CONTENT END 1 -->\n","protected":false},"excerpt":{"rendered":"<p>Um jovem de 22 anos foi balado na cabe\u00e7a na madruga deste domingo (2), depois de uma confus\u00e3o em um estacionamento de ve\u00edculos, na avenida&#8230;<\/p>\n","protected":false},"author":1,"featured_media":51940,"comment_status":"open","ping_status":"open","sticky":false,"template":"","format":"standard","meta":{"_uag_custom_page_level_css":"","advanced_seo_description":"","jetpack_seo_html_title":"","jetpack_seo_noindex":false,"jetpack_post_was_ever_published":false,"_jetpack_newsletter_access":"","_jetpack_dont_email_post_to_subs":false,"_jetpack_newsletter_tier_id":0,"_jetpack_memberships_contains_paywalled_content":false,"_jetpack_memberships_contains_paid_content":false,"footnotes":"","jetpack_publicize_message":"","jetpack_publicize_feature_enabled":true,"jetpack_social_post_already_shared":true,"jetpack_social_options":{"image_generator_settings":{"template":"highway","default_image_id":0,"font":"","enabled":false},"version":2}},"categories":[11],"tags":[],"class_list":["post-51939","post","type-post","status-publish","format-standard","has-post-thumbnail","hentry","category-noticias-de-ribeirao-preto-sp-e-regiao-ismael-colosi"],"jetpack_publicize_connections":[],"jetpack_featured_media_url":"https:\/\/i0.wp.com\/ismaelcolosi.com.br\/wp-content\/uploads\/2024\/06\/policia_qru_1024x576_25052021184749.jpg?fit=1024%2C576&ssl=1","uagb_featured_image_src":{"full":["https:\/\/i0.wp.com\/ismaelcolosi.com.br\/wp-content\/uploads\/2024\/06\/policia_qru_1024x576_25052021184749.jpg?fit=1024%2C576&ssl=1",1024,576,false],"thumbnail":["https:\/\/i0.wp.com\/ismaelcolosi.com.br\/wp-content\/uploads\/2024\/06\/policia_qru_1024x576_25052021184749.jpg?resize=150%2C150&ssl=1",150,150,true],"medium":["https:\/\/i0.wp.com\/ismaelcolosi.com.br\/wp-content\/uploads\/2024\/06\/policia_qru_1024x576_25052021184749.jpg?fit=300%2C169&ssl=1",300,169,true],"medium_large":["https:\/\/i0.wp.com\/ismaelcolosi.com.br\/wp-content\/uploads\/2024\/06\/policia_qru_1024x576_25052021184749.jpg?fit=768%2C432&ssl=1",768,432,true],"large":["https:\/\/i0.wp.com\/ismaelcolosi.com.br\/wp-content\/uploads\/2024\/06\/policia_qru_1024x576_25052021184749.jpg?fit=1024%2C576&ssl=1",1024,576,true],"1536x1536":["https:\/\/i0.wp.com\/ismaelcolosi.com.br\/wp-content\/uploads\/2024\/06\/policia_qru_1024x576_25052021184749.jpg?fit=1024%2C576&ssl=1",1024,576,true],"2048x2048":["https:\/\/i0.wp.com\/ismaelcolosi.com.br\/wp-content\/uploads\/2024\/06\/policia_qru_1024x576_25052021184749.jpg?fit=1024%2C576&ssl=1",1024,576,true],"really-simple-thumb":["https:\/\/i0.wp.com\/ismaelcolosi.com.br\/wp-content\/uploads\/2024\/06\/policia_qru_1024x576_25052021184749.jpg?resize=370%2C247&ssl=1",370,247,true]},"uagb_author_info":{"display_name":"ismaelcolosi.com.br","author_link":"https:\/\/ismaelcolosi.com.br\/index.php\/author\/vidareal-online\/"},"uagb_comment_info":0,"uagb_excerpt":"Um jovem de 22 anos foi balado na cabe\u00e7a na madruga deste domingo (2), depois de uma confus\u00e3o em um estacionamento de ve\u00edculos, na avenida...","jetpack-related-posts":[{"id":52219,"url":"https:\/\/ismaelcolosi.com.br\/index.php\/2024\/06\/04\/morre-jovem-baleado-por-engano-em-estacionamento-no-centro-de-ribeirao\/","url_meta":{"origin":51939,"position":0},"title":"Morre jovem baleado por engano em estacionamento no Centro de Ribeir\u00e3o","author":"ismaelcolosi.com.br","date":"4 de June de 2024","format":false,"excerpt":"Morreu na noite desta ter\u00e7a-feira (04), o jovem baleado por engano, ap\u00f3s uma confus\u00e3o em um estacionamento de ve\u00edculos, neste final de semana, em Ribeir\u00e3o Preto. A informa\u00e7\u00e3o foi confirmada pelo pai da v\u00edtima. Segundo o boletim de ocorr\u00eancia (BO), Ruan C\u00e9sar Godoi, de 22 anos, seria cliente do estacionamento\u2026","rel":"","context":"In &quot;Not\u00edcias de Ribeir\u00e3o Preto-SP e Regi\u00e3o&quot;","block_context":{"text":"Not\u00edcias de Ribeir\u00e3o Preto-SP e Regi\u00e3o","link":"https:\/\/ismaelcolosi.com.br\/index.php\/category\/noticias-de-ribeirao-preto-sp-e-regiao-ismael-colosi\/"},"img":{"alt_text":"","src":"https:\/\/i0.wp.com\/ismaelcolosi.com.br\/wp-content\/uploads\/2024\/06\/IMG_2453_2024-06-05_02-09-00_jpeg_2024-06-05_02-09-00.webp.webp?fit=611%2C340&ssl=1&resize=350%2C200","width":350,"height":200,"srcset":"https:\/\/i0.wp.com\/ismaelcolosi.com.br\/wp-content\/uploads\/2024\/06\/IMG_2453_2024-06-05_02-09-00_jpeg_2024-06-05_02-09-00.webp.webp?fit=611%2C340&ssl=1&resize=350%2C200 1x, https:\/\/i0.wp.com\/ismaelcolosi.com.br\/wp-content\/uploads\/2024\/06\/IMG_2453_2024-06-05_02-09-00_jpeg_2024-06-05_02-09-00.webp.webp?fit=611%2C340&ssl=1&resize=525%2C300 1.5x"},"classes":[]},{"id":51965,"url":"https:\/\/ismaelcolosi.com.br\/index.php\/2024\/06\/03\/o-que-se-sabe-sobre-o-caso-do-jovem-baleado-apos-confusao-em-estacionamento-de-ribeirao\/","url_meta":{"origin":51939,"position":1},"title":"O que se sabe sobre o caso do jovem baleado ap\u00f3s confus\u00e3o em estacionamento de Ribeir\u00e3o","author":"ismaelcolosi.com.br","date":"3 de June de 2024","format":false,"excerpt":"A Pol\u00edcia Civil abriu inqu\u00e9rito para investigar a tentativa de homic\u00eddio contra um jovem de 22 anos na madrugada deste domingo (2), depois de uma confus\u00e3o em um estacionamento de ve\u00edculos, na avenida Jer\u00f4nimo Gon\u00e7alves, regi\u00e3o central de Ribeir\u00e3o Preto. Imagens de c\u00e2mera de seguran\u00e7a mostram a a\u00e7\u00e3o. Assista ao\u2026","rel":"","context":"In &quot;Not\u00edcias de Ribeir\u00e3o Preto-SP e Regi\u00e3o&quot;","block_context":{"text":"Not\u00edcias de Ribeir\u00e3o Preto-SP e Regi\u00e3o","link":"https:\/\/ismaelcolosi.com.br\/index.php\/category\/noticias-de-ribeirao-preto-sp-e-regiao-ismael-colosi\/"},"img":{"alt_text":"","src":"https:\/\/i0.wp.com\/ismaelcolosi.com.br\/wp-content\/uploads\/2024\/06\/BALEADFO_2024-06-03_10-17-45_jpg_2024-06-03_10-17-46.webp.webp?fit=1200%2C873&ssl=1&resize=350%2C200","width":350,"height":200,"srcset":"https:\/\/i0.wp.com\/ismaelcolosi.com.br\/wp-content\/uploads\/2024\/06\/BALEADFO_2024-06-03_10-17-45_jpg_2024-06-03_10-17-46.webp.webp?fit=1200%2C873&ssl=1&resize=350%2C200 1x, https:\/\/i0.wp.com\/ismaelcolosi.com.br\/wp-content\/uploads\/2024\/06\/BALEADFO_2024-06-03_10-17-45_jpg_2024-06-03_10-17-46.webp.webp?fit=1200%2C873&ssl=1&resize=525%2C300 1.5x, https:\/\/i0.wp.com\/ismaelcolosi.com.br\/wp-content\/uploads\/2024\/06\/BALEADFO_2024-06-03_10-17-45_jpg_2024-06-03_10-17-46.webp.webp?fit=1200%2C873&ssl=1&resize=700%2C400 2x, https:\/\/i0.wp.com\/ismaelcolosi.com.br\/wp-content\/uploads\/2024\/06\/BALEADFO_2024-06-03_10-17-45_jpg_2024-06-03_10-17-46.webp.webp?fit=1200%2C873&ssl=1&resize=1050%2C600 3x"},"classes":[]},{"id":52019,"url":"https:\/\/ismaelcolosi.com.br\/index.php\/2024\/06\/03\/policia-detem-suspeito-de-balear-jovem-apos-confusao-em-estacionamento-de-ribeirao-preto\/","url_meta":{"origin":51939,"position":2},"title":"Pol\u00edcia det\u00e9m suspeito de balear jovem ap\u00f3s confus\u00e3o em estacionamento de Ribeir\u00e3o Preto","author":"ismaelcolosi.com.br","date":"3 de June de 2024","format":false,"excerpt":"A Pol\u00edcia Civil deteve nesta segunda-feira (3) um suspeito de balear na cabe\u00e7a o jovem\u00a0Ruan C\u00e9sar Godoi, de 22 anos, depois de uma confus\u00e3o em um estacionamento de ve\u00edculos, ocorrida na madrugada deste domingo (2), na avenida Jer\u00f4nimo Gon\u00e7alves, regi\u00e3o central de Ribeir\u00e3o Preto.\u00a0 O suspeito presta esclarecimentos na 3\u00aa\u2026","rel":"","context":"In &quot;Not\u00edcias de Ribeir\u00e3o Preto-SP e Regi\u00e3o&quot;","block_context":{"text":"Not\u00edcias de Ribeir\u00e3o Preto-SP e Regi\u00e3o","link":"https:\/\/ismaelcolosi.com.br\/index.php\/category\/noticias-de-ribeirao-preto-sp-e-regiao-ismael-colosi\/"},"img":{"alt_text":"","src":"https:\/\/i0.wp.com\/ismaelcolosi.com.br\/wp-content\/uploads\/2024\/06\/cpj_policia_1024x576_21012021082231.jpg?fit=1024%2C576&ssl=1&resize=350%2C200","width":350,"height":200,"srcset":"https:\/\/i0.wp.com\/ismaelcolosi.com.br\/wp-content\/uploads\/2024\/06\/cpj_policia_1024x576_21012021082231.jpg?fit=1024%2C576&ssl=1&resize=350%2C200 1x, https:\/\/i0.wp.com\/ismaelcolosi.com.br\/wp-content\/uploads\/2024\/06\/cpj_policia_1024x576_21012021082231.jpg?fit=1024%2C576&ssl=1&resize=525%2C300 1.5x, https:\/\/i0.wp.com\/ismaelcolosi.com.br\/wp-content\/uploads\/2024\/06\/cpj_policia_1024x576_21012021082231.jpg?fit=1024%2C576&ssl=1&resize=700%2C400 2x"},"classes":[]},{"id":52212,"url":"https:\/\/ismaelcolosi.com.br\/index.php\/2024\/06\/04\/motociclista-envolvido-em-caso-de-jovem-baleado-em-ribeirao-presta-depoimento-a-policia\/","url_meta":{"origin":51939,"position":3},"title":"Motociclista envolvido em caso de jovem baleado em Ribeir\u00e3o presta depoimento \u00e0 pol\u00edcia","author":"ismaelcolosi.com.br","date":"4 de June de 2024","format":false,"excerpt":"A Pol\u00edcia Civil ouviu o motorista da motocicleta envolvida na confus\u00e3o em um estacionamento de ve\u00edculos, que terminou com um jovem de 22 anos baleado, no \u00faltimo final de semana, em Ribeir\u00e3o Preto. Em seu depoimento, Francisco Jos\u00e9 Mussi J\u00fanior, disse que foi coagido pelo amigo e autor dos disparos,\u2026","rel":"","context":"In &quot;Not\u00edcias de Ribeir\u00e3o Preto-SP e Regi\u00e3o&quot;","block_context":{"text":"Not\u00edcias de Ribeir\u00e3o Preto-SP e Regi\u00e3o","link":"https:\/\/ismaelcolosi.com.br\/index.php\/category\/noticias-de-ribeirao-preto-sp-e-regiao-ismael-colosi\/"},"img":{"alt_text":"","src":"https:\/\/i0.wp.com\/ismaelcolosi.com.br\/wp-content\/uploads\/2024\/06\/BALEADFO_2024-06-03_10-17-45_jpg_2024-06-03_10-17-46.webp.webp?fit=1200%2C873&ssl=1&resize=350%2C200","width":350,"height":200,"srcset":"https:\/\/i0.wp.com\/ismaelcolosi.com.br\/wp-content\/uploads\/2024\/06\/BALEADFO_2024-06-03_10-17-45_jpg_2024-06-03_10-17-46.webp.webp?fit=1200%2C873&ssl=1&resize=350%2C200 1x, https:\/\/i0.wp.com\/ismaelcolosi.com.br\/wp-content\/uploads\/2024\/06\/BALEADFO_2024-06-03_10-17-45_jpg_2024-06-03_10-17-46.webp.webp?fit=1200%2C873&ssl=1&resize=525%2C300 1.5x, https:\/\/i0.wp.com\/ismaelcolosi.com.br\/wp-content\/uploads\/2024\/06\/BALEADFO_2024-06-03_10-17-45_jpg_2024-06-03_10-17-46.webp.webp?fit=1200%2C873&ssl=1&resize=700%2C400 2x, https:\/\/i0.wp.com\/ismaelcolosi.com.br\/wp-content\/uploads\/2024\/06\/BALEADFO_2024-06-03_10-17-45_jpg_2024-06-03_10-17-46.webp.webp?fit=1200%2C873&ssl=1&resize=1050%2C600 3x"},"classes":[]},{"id":52310,"url":"https:\/\/ismaelcolosi.com.br\/index.php\/2024\/06\/05\/caso-ruan-policia-pede-prisao-de-atirador-apos-morte-cerebral-de-jovem-em-ribeirao-preto\/","url_meta":{"origin":51939,"position":4},"title":"Caso Ruan: Pol\u00edcia pede pris\u00e3o de atirador ap\u00f3s morte cerebral de jovem em Ribeir\u00e3o Preto","author":"ismaelcolosi.com.br","date":"5 de June de 2024","format":false,"excerpt":"A Pol\u00edcia Civil pediu a pris\u00e3o tempor\u00e1ria do homem que confessou ser o atirador que baleou o jovem Ruan C\u00e9sar Godoi, de 22 anos, depois de uma confus\u00e3o em um estacionamento de ve\u00edculos na madrugada do \u00faltimo domingo (2), no Centro de Ribeir\u00e3o Preto. A v\u00edtima, que n\u00e3o estava envolvida\u2026","rel":"","context":"In &quot;Not\u00edcias de Ribeir\u00e3o Preto-SP e Regi\u00e3o&quot;","block_context":{"text":"Not\u00edcias de Ribeir\u00e3o Preto-SP e Regi\u00e3o","link":"https:\/\/ismaelcolosi.com.br\/index.php\/category\/noticias-de-ribeirao-preto-sp-e-regiao-ismael-colosi\/"},"img":{"alt_text":"","src":"https:\/\/i0.wp.com\/ismaelcolosi.com.br\/wp-content\/uploads\/2024\/06\/cpj_policia_1200x675_30012022162443.jpg?fit=1200%2C675&ssl=1&resize=350%2C200","width":350,"height":200,"srcset":"https:\/\/i0.wp.com\/ismaelcolosi.com.br\/wp-content\/uploads\/2024\/06\/cpj_policia_1200x675_30012022162443.jpg?fit=1200%2C675&ssl=1&resize=350%2C200 1x, https:\/\/i0.wp.com\/ismaelcolosi.com.br\/wp-content\/uploads\/2024\/06\/cpj_policia_1200x675_30012022162443.jpg?fit=1200%2C675&ssl=1&resize=525%2C300 1.5x, https:\/\/i0.wp.com\/ismaelcolosi.com.br\/wp-content\/uploads\/2024\/06\/cpj_policia_1200x675_30012022162443.jpg?fit=1200%2C675&ssl=1&resize=700%2C400 2x, https:\/\/i0.wp.com\/ismaelcolosi.com.br\/wp-content\/uploads\/2024\/06\/cpj_policia_1200x675_30012022162443.jpg?fit=1200%2C675&ssl=1&resize=1050%2C600 3x"},"classes":[]},{"id":55072,"url":"https:\/\/ismaelcolosi.com.br\/index.php\/2024\/06\/30\/pm-e-preso-apos-balear-adolescente-durante-confusao-na-regiao-de-ribeirao-preto\/","url_meta":{"origin":51939,"position":5},"title":"PM \u00e9 preso ap\u00f3s balear adolescente durante confus\u00e3o na regi\u00e3o de Ribeir\u00e3o Preto","author":"ismaelcolosi.com.br","date":"30 de June de 2024","format":false,"excerpt":"Um policial militar de 26 anos foi preso na noite desta sexta-feira (29), ap\u00f3s balear um adolescente durante uma confus\u00e3o em Brodowski, na regi\u00e3o de Ribeir\u00e3o Preto. Segundo o boletim de ocorr\u00eancia (BO), o policial teria ter\u00e1 tentado defender o pai em uma briga com um homem contratado para montar\u2026","rel":"","context":"In &quot;Not\u00edcias de Ribeir\u00e3o Preto-SP e Regi\u00e3o&quot;","block_context":{"text":"Not\u00edcias de Ribeir\u00e3o Preto-SP e Regi\u00e3o","link":"https:\/\/ismaelcolosi.com.br\/index.php\/category\/noticias-de-ribeirao-preto-sp-e-regiao-ismael-colosi\/"},"img":{"alt_text":"","src":"https:\/\/i0.wp.com\/ismaelcolosi.com.br\/wp-content\/uploads\/2024\/06\/1719758968_20220620_114539075_policia_qru_1024x576_25052021184749_jpg_715985292.jpg?fit=1200%2C606&ssl=1&resize=350%2C200","width":350,"height":200,"srcset":"https:\/\/i0.wp.com\/ismaelcolosi.com.br\/wp-content\/uploads\/2024\/06\/1719758968_20220620_114539075_policia_qru_1024x576_25052021184749_jpg_715985292.jpg?fit=1200%2C606&ssl=1&resize=350%2C200 1x, https:\/\/i0.wp.com\/ismaelcolosi.com.br\/wp-content\/uploads\/2024\/06\/1719758968_20220620_114539075_policia_qru_1024x576_25052021184749_jpg_715985292.jpg?fit=1200%2C606&ssl=1&resize=525%2C300 1.5x, https:\/\/i0.wp.com\/ismaelcolosi.com.br\/wp-content\/uploads\/2024\/06\/1719758968_20220620_114539075_policia_qru_1024x576_25052021184749_jpg_715985292.jpg?fit=1200%2C606&ssl=1&resize=700%2C400 2x, https:\/\/i0.wp.com\/ismaelcolosi.com.br\/wp-content\/uploads\/2024\/06\/1719758968_20220620_114539075_policia_qru_1024x576_25052021184749_jpg_715985292.jpg?fit=1200%2C606&ssl=1&resize=1050%2C600 3x"},"classes":[]}],"jetpack_sharing_enabled":true,"jetpack_shortlink":"https:\/\/wp.me\/pfMlyK-dvJ","_links":{"self":[{"href":"https:\/\/ismaelcolosi.com.br\/index.php\/wp-json\/wp\/v2\/posts\/51939","targetHints":{"allow":["GET"]}}],"collection":[{"href":"https:\/\/ismaelcolosi.com.br\/index.php\/wp-json\/wp\/v2\/posts"}],"about":[{"href":"https:\/\/ismaelcolosi.com.br\/index.php\/wp-json\/wp\/v2\/types\/post"}],"author":[{"embeddable":true,"href":"https:\/\/ismaelcolosi.com.br\/index.php\/wp-json\/wp\/v2\/users\/1"}],"replies":[{"embeddable":true,"href":"https:\/\/ismaelcolosi.com.br\/index.php\/wp-json\/wp\/v2\/comments?post=51939"}],"version-history":[{"count":0,"href":"https:\/\/ismaelcolosi.com.br\/index.php\/wp-json\/wp\/v2\/posts\/51939\/revisions"}],"wp:featuredmedia":[{"embeddable":true,"href":"https:\/\/ismaelcolosi.com.br\/index.php\/wp-json\/wp\/v2\/media\/51940"}],"wp:attachment":[{"href":"https:\/\/ismaelcolosi.com.br\/index.php\/wp-json\/wp\/v2\/media?parent=51939"}],"wp:term":[{"taxonomy":"category","embeddable":true,"href":"https:\/\/ismaelcolosi.com.br\/index.php\/wp-json\/wp\/v2\/categories?post=51939"},{"taxonomy":"post_tag","embeddable":true,"href":"https:\/\/ismaelcolosi.com.br\/index.php\/wp-json\/wp\/v2\/tags?post=51939"}],"curies":[{"name":"wp","href":"https:\/\/api.w.org\/{rel}","templated":true}]}}