{"id":51935,"date":"2024-06-02T13:32:20","date_gmt":"2024-06-02T16:32:20","guid":{"rendered":"https:\/\/ismaelcolosi.com.br\/index.php\/2024\/06\/02\/homem-e-socorrido-apos-cair-no-corrego-da-avenida-francisco-junqueira-em-ribeirao\/"},"modified":"2024-06-02T13:32:20","modified_gmt":"2024-06-02T16:32:20","slug":"homem-e-socorrido-apos-cair-no-corrego-da-avenida-francisco-junqueira-em-ribeirao","status":"publish","type":"post","link":"https:\/\/ismaelcolosi.com.br\/index.php\/2024\/06\/02\/homem-e-socorrido-apos-cair-no-corrego-da-avenida-francisco-junqueira-em-ribeirao\/","title":{"rendered":"Homem \u00e9 socorrido ap\u00f3s cair no c\u00f3rrego da avenida Francisco Junqueira em Ribeir\u00e3o"},"content":{"rendered":"<p> <br \/>\n<\/p>\n<div data-td-block-uid=\"tdi_101\">\n<div class=\"tdb-block-inner td-fix-index\">\n<p><strong>Um homem foi socorrido na tarde deste domingo (2), depois de cair no c\u00f3rrego Retiro Saudoso, na avenida Francisco Junqueira, em Ribeir\u00e3o Preto.<\/strong><\/p>\n<p>Segundo as primeiras informa\u00e7\u00f5es, a <strong>v\u00edtima<\/strong>, que teria entre <strong>30 e 40 anos de idade<\/strong> e estaria <strong>sem identifica\u00e7\u00e3o<\/strong>, foi retirada do c\u00f3rrego pelo <strong>Corpo de Bombeiros<\/strong>. Em seguida, uma equipe do <strong>Samu <\/strong>prosseguiu com o <strong>socorro<\/strong>.<\/p>\n<p><mark style=\"background-color:#fcb900\" class=\"has-inline-color has-black-color\">O homem estaria aparentemente a p\u00e9 e sozinho, e a suspeita \u00e9 que ele tenha sofrido fratura em uma das pernas.<\/mark><\/p>\n<p>A <strong>PM (Pol\u00edcia Militar)<\/strong> tamb\u00e9m foi mobilizada na ocorr\u00eancia. <\/p>\n<p>As <strong>causas <\/strong>da queda, contudo, ainda dever\u00e3o ser <strong>esclarecidas<\/strong>. (Com EPTV)<\/p>\n<p>SAIBA MAIS<\/p>\n<p>Morre segunda v\u00edtima de acidente com \u00f4nibus e caminh\u00f5es na regi\u00e3o de Ribeir\u00e3o Preto<\/p>\n<h4 class=\"wp-block-heading\"><strong>FIQUE ON<\/strong><\/h4>\n<p>Fique ligado em tudo que acontece em Ribeir\u00e3o Preto e regi\u00e3o. Siga os perfis do\u00a0<strong>acidade on\u00a0<\/strong>no\u00a0<a href=\"https:\/\/www.instagram.com\/acidadeonribeirao\" target=\"_blank\" rel=\"noreferrer noopener\">Instagram<\/a>\u00a0e no\u00a0<a href=\"https:\/\/www.facebook.com\/acidadeonribeirao\" target=\"_blank\" rel=\"noreferrer noopener\">Facebook<\/a>.<\/p>\n<p>Receba not\u00edcias do acidade on no WhatsApp. Para entrar no grupo, basta\u00a0<a href=\"https:\/\/chat.whatsapp.com\/CdrZ6xrf7quD44Vw3WlPuZ\" target=\"_blank\" rel=\"noreferrer noopener\">clicar aqui<\/a>.<\/p>\n<p>Fa\u00e7a uma den\u00fancia ou sugira uma reportagem sobre Ribeir\u00e3o Preto e regi\u00e3o pelo WhatsApp: 16 99117 7802.<\/p>\n<p>VEJA TAMB\u00c9M<\/p>\n<p>Quantos graus faz na \u00cdndia no Ver\u00e3o? Pa\u00eds enfrenta calor extremo<\/p>\n<p><!-- AI CONTENT END 1 -->\n<\/div>\n<\/div>\n<p><script async src=\"\/\/www.instagram.com\/embed.js\"><\/script><br \/>\n<br \/><br \/>\n<br \/><a href=\"https:\/\/www.acidadeon.com\/ribeiraopreto\/cotidiano\/homem-e-socorrido-apos-cair-no-corrego-da-avenida-francisco-junqueira-em-ribeirao\/\">Source link <\/a><\/p>\n<div class='code-block code-block-4' style='margin: 8px auto 8px 0; text-align: left; display: block; clear: both;'>\n\ud83d\udce2 Aviso Legal\n\nO site ismaelcolosi.com.br atua apenas como um canal de divulga\u00e7\u00e3o de oportunidades de emprego e n\u00e3o se responsabiliza pelo processo seletivo, contrata\u00e7\u00e3o ou qualquer outra etapa relacionada \u00e0s vagas publicadas. Todas as informa\u00e7\u00f5es s\u00e3o de responsabilidade dos anunciantes.\n\n\u26a0\ufe0f Aten\u00e7\u00e3o! Nunca pague por promessas de emprego nem compre cursos que garantam contrata\u00e7\u00e3o. Desconfie de qualquer cobran\u00e7a para participar de sele\u00e7\u00f5es.\n\n\n\n<\/div>\n<!-- CONTENT END 1 -->\n","protected":false},"excerpt":{"rendered":"<p>Um homem foi socorrido na tarde deste domingo (2), depois de cair no c\u00f3rrego Retiro Saudoso, na avenida Francisco Junqueira, em Ribeir\u00e3o Preto. Segundo as&#8230;<\/p>\n","protected":false},"author":1,"featured_media":51936,"comment_status":"open","ping_status":"open","sticky":false,"template":"","format":"standard","meta":{"_uag_custom_page_level_css":"","advanced_seo_description":"","jetpack_seo_html_title":"","jetpack_seo_noindex":false,"jetpack_post_was_ever_published":false,"_jetpack_newsletter_access":"","_jetpack_dont_email_post_to_subs":false,"_jetpack_newsletter_tier_id":0,"_jetpack_memberships_contains_paywalled_content":false,"_jetpack_memberships_contains_paid_content":false,"footnotes":"","jetpack_publicize_message":"","jetpack_publicize_feature_enabled":true,"jetpack_social_post_already_shared":true,"jetpack_social_options":{"image_generator_settings":{"template":"highway","default_image_id":0,"font":"","enabled":false},"version":2}},"categories":[11],"tags":[],"class_list":["post-51935","post","type-post","status-publish","format-standard","has-post-thumbnail","hentry","category-noticias-de-ribeirao-preto-sp-e-regiao-ismael-colosi"],"jetpack_publicize_connections":[],"jetpack_featured_media_url":"https:\/\/i0.wp.com\/ismaelcolosi.com.br\/wp-content\/uploads\/2024\/06\/SAMU_2024-06-02_16-15-10_jpg_2024-06-02_16-15-11.webp.webp?fit=2000%2C1198&ssl=1","uagb_featured_image_src":{"full":["https:\/\/i0.wp.com\/ismaelcolosi.com.br\/wp-content\/uploads\/2024\/06\/SAMU_2024-06-02_16-15-10_jpg_2024-06-02_16-15-11.webp.webp?fit=2000%2C1198&ssl=1",2000,1198,false],"thumbnail":["https:\/\/i0.wp.com\/ismaelcolosi.com.br\/wp-content\/uploads\/2024\/06\/SAMU_2024-06-02_16-15-10_jpg_2024-06-02_16-15-11.webp.webp?resize=150%2C150&ssl=1",150,150,true],"medium":["https:\/\/i0.wp.com\/ismaelcolosi.com.br\/wp-content\/uploads\/2024\/06\/SAMU_2024-06-02_16-15-10_jpg_2024-06-02_16-15-11.webp.webp?fit=300%2C180&ssl=1",300,180,true],"medium_large":["https:\/\/i0.wp.com\/ismaelcolosi.com.br\/wp-content\/uploads\/2024\/06\/SAMU_2024-06-02_16-15-10_jpg_2024-06-02_16-15-11.webp.webp?fit=768%2C460&ssl=1",768,460,true],"large":["https:\/\/i0.wp.com\/ismaelcolosi.com.br\/wp-content\/uploads\/2024\/06\/SAMU_2024-06-02_16-15-10_jpg_2024-06-02_16-15-11.webp.webp?fit=1024%2C613&ssl=1",1024,613,true],"1536x1536":["https:\/\/i0.wp.com\/ismaelcolosi.com.br\/wp-content\/uploads\/2024\/06\/SAMU_2024-06-02_16-15-10_jpg_2024-06-02_16-15-11.webp.webp?fit=1536%2C920&ssl=1",1536,920,true],"2048x2048":["https:\/\/i0.wp.com\/ismaelcolosi.com.br\/wp-content\/uploads\/2024\/06\/SAMU_2024-06-02_16-15-10_jpg_2024-06-02_16-15-11.webp.webp?fit=2000%2C1198&ssl=1",2000,1198,true],"really-simple-thumb":["https:\/\/i0.wp.com\/ismaelcolosi.com.br\/wp-content\/uploads\/2024\/06\/SAMU_2024-06-02_16-15-10_jpg_2024-06-02_16-15-11.webp.webp?resize=370%2C247&ssl=1",370,247,true]},"uagb_author_info":{"display_name":"ismaelcolosi.com.br","author_link":"https:\/\/ismaelcolosi.com.br\/index.php\/author\/vidareal-online\/"},"uagb_comment_info":0,"uagb_excerpt":"Um homem foi socorrido na tarde deste domingo (2), depois de cair no c\u00f3rrego Retiro Saudoso, na avenida Francisco Junqueira, em Ribeir\u00e3o Preto. Segundo as...","jetpack-related-posts":[{"id":51939,"url":"https:\/\/ismaelcolosi.com.br\/index.php\/2024\/06\/02\/jovem-e-baleado-na-cabeca-apos-confusao-em-estacionamento-no-centro-de-ribeirao\/","url_meta":{"origin":51935,"position":0},"title":"Jovem \u00e9 baleado na cabe\u00e7a ap\u00f3s confus\u00e3o em estacionamento no Centro de Ribeir\u00e3o","author":"ismaelcolosi.com.br","date":"2 de June de 2024","format":false,"excerpt":"Um jovem de 22 anos foi balado na cabe\u00e7a na madruga deste domingo (2), depois de uma confus\u00e3o em um estacionamento de ve\u00edculos, na avenida Jer\u00f4nimo Gon\u00e7alves, regi\u00e3o central de Ribeir\u00e3o Preto. O suspeito de ser o autor dos disparos fugiu e n\u00e3o havia sido identificado. Segundo o boletim de\u2026","rel":"","context":"In &quot;Not\u00edcias de Ribeir\u00e3o Preto-SP e Regi\u00e3o&quot;","block_context":{"text":"Not\u00edcias de Ribeir\u00e3o Preto-SP e Regi\u00e3o","link":"https:\/\/ismaelcolosi.com.br\/index.php\/category\/noticias-de-ribeirao-preto-sp-e-regiao-ismael-colosi\/"},"img":{"alt_text":"","src":"https:\/\/i0.wp.com\/ismaelcolosi.com.br\/wp-content\/uploads\/2024\/06\/policia_qru_1024x576_25052021184749.jpg?fit=1024%2C576&ssl=1&resize=350%2C200","width":350,"height":200,"srcset":"https:\/\/i0.wp.com\/ismaelcolosi.com.br\/wp-content\/uploads\/2024\/06\/policia_qru_1024x576_25052021184749.jpg?fit=1024%2C576&ssl=1&resize=350%2C200 1x, https:\/\/i0.wp.com\/ismaelcolosi.com.br\/wp-content\/uploads\/2024\/06\/policia_qru_1024x576_25052021184749.jpg?fit=1024%2C576&ssl=1&resize=525%2C300 1.5x, https:\/\/i0.wp.com\/ismaelcolosi.com.br\/wp-content\/uploads\/2024\/06\/policia_qru_1024x576_25052021184749.jpg?fit=1024%2C576&ssl=1&resize=700%2C400 2x"},"classes":[]},{"id":56653,"url":"https:\/\/ismaelcolosi.com.br\/index.php\/2024\/07\/13\/bombeiros-resgatam-homem-em-corrego-na-avenida-francisco-junqueira-em-ribeirao-video\/","url_meta":{"origin":51935,"position":1},"title":"Bombeiros resgatam homem em c\u00f3rrego na avenida Francisco Junqueira em Ribeir\u00e3o; V\u00eddeo","author":"ismaelcolosi.com.br","date":"13 de July de 2024","format":false,"excerpt":"O Corpo de Bombeiros resgatou um homem na tarde deste s\u00e1bado (13), no c\u00f3rrego Retiro Saudoso, na avenida Francisco Junqueira, em Ribeir\u00e3o Preto. Um v\u00eddeo mostra o momento em que o homem atravessa a pista sentido Centro-bairro, na altura da liga\u00e7\u00e3o da avenida com a rua General Os\u00f3rio, senta na\u2026","rel":"","context":"In &quot;Not\u00edcias de Ribeir\u00e3o Preto-SP e Regi\u00e3o&quot;","block_context":{"text":"Not\u00edcias de Ribeir\u00e3o Preto-SP e Regi\u00e3o","link":"https:\/\/ismaelcolosi.com.br\/index.php\/category\/noticias-de-ribeirao-preto-sp-e-regiao-ismael-colosi\/"},"img":{"alt_text":"","src":"https:\/\/i0.wp.com\/ismaelcolosi.com.br\/wp-content\/uploads\/2024\/07\/QUEDA-CORREGO_2024-07-13_19-38-55_jpg_2024-07-13_19-38-56.webp.webp?fit=1200%2C818&ssl=1&resize=350%2C200","width":350,"height":200,"srcset":"https:\/\/i0.wp.com\/ismaelcolosi.com.br\/wp-content\/uploads\/2024\/07\/QUEDA-CORREGO_2024-07-13_19-38-55_jpg_2024-07-13_19-38-56.webp.webp?fit=1200%2C818&ssl=1&resize=350%2C200 1x, https:\/\/i0.wp.com\/ismaelcolosi.com.br\/wp-content\/uploads\/2024\/07\/QUEDA-CORREGO_2024-07-13_19-38-55_jpg_2024-07-13_19-38-56.webp.webp?fit=1200%2C818&ssl=1&resize=525%2C300 1.5x, https:\/\/i0.wp.com\/ismaelcolosi.com.br\/wp-content\/uploads\/2024\/07\/QUEDA-CORREGO_2024-07-13_19-38-55_jpg_2024-07-13_19-38-56.webp.webp?fit=1200%2C818&ssl=1&resize=700%2C400 2x, https:\/\/i0.wp.com\/ismaelcolosi.com.br\/wp-content\/uploads\/2024\/07\/QUEDA-CORREGO_2024-07-13_19-38-55_jpg_2024-07-13_19-38-56.webp.webp?fit=1200%2C818&ssl=1&resize=1050%2C600 3x"},"classes":[]},{"id":73452,"url":"https:\/\/ismaelcolosi.com.br\/index.php\/2024\/10\/26\/acidente-deixa-feridos-em-avenida-de-ribeirao-preto-veja-o-video\/","url_meta":{"origin":51935,"position":2},"title":"Acidente deixa feridos em avenida de Ribeir\u00e3o Preto; Veja o v\u00eddeo","author":"ismaelcolosi.com.br","date":"26 de October de 2024","format":false,"excerpt":"Um carro quase caiu no c\u00f3rrego da avenida Francisco Junqueira, em Ribeir\u00e3o Preto, ap\u00f3s se envolver em um acidente na tarde deste s\u00e1bado (26). O ve\u00edculo ficou apoiado em uma mureta ap\u00f3s a batida.O acidente aconteceu pr\u00f3ximo da ponte entre as ruas Amadeu Amaral e Margarida. O motorista do carro\u2026","rel":"","context":"In &quot;Not\u00edcias de Ribeir\u00e3o Preto-SP e Regi\u00e3o&quot;","block_context":{"text":"Not\u00edcias de Ribeir\u00e3o Preto-SP e Regi\u00e3o","link":"https:\/\/ismaelcolosi.com.br\/index.php\/category\/noticias-de-ribeirao-preto-sp-e-regiao-ismael-colosi\/"},"img":{"alt_text":"","src":"https:\/\/i0.wp.com\/ismaelcolosi.com.br\/wp-content\/uploads\/2024\/10\/francisco-junqueira_2024-10-26_21-24-13_jpeg_2024-10-26_21-24-13.webp.webp?fit=926%2C695&ssl=1&resize=350%2C200","width":350,"height":200,"srcset":"https:\/\/i0.wp.com\/ismaelcolosi.com.br\/wp-content\/uploads\/2024\/10\/francisco-junqueira_2024-10-26_21-24-13_jpeg_2024-10-26_21-24-13.webp.webp?fit=926%2C695&ssl=1&resize=350%2C200 1x, https:\/\/i0.wp.com\/ismaelcolosi.com.br\/wp-content\/uploads\/2024\/10\/francisco-junqueira_2024-10-26_21-24-13_jpeg_2024-10-26_21-24-13.webp.webp?fit=926%2C695&ssl=1&resize=525%2C300 1.5x, https:\/\/i0.wp.com\/ismaelcolosi.com.br\/wp-content\/uploads\/2024\/10\/francisco-junqueira_2024-10-26_21-24-13_jpeg_2024-10-26_21-24-13.webp.webp?fit=926%2C695&ssl=1&resize=700%2C400 2x"},"classes":[]},{"id":45886,"url":"https:\/\/ismaelcolosi.com.br\/index.php\/2024\/04\/08\/pescador-morre-apos-passar-mal-e-cair-em-corrego-na-regiao-de-ribeirao-preto\/","url_meta":{"origin":51935,"position":3},"title":"Pescador morre ap\u00f3s passar mal e cair em c\u00f3rrego na regi\u00e3o de Ribeir\u00e3o Preto","author":"ismaelcolosi.com.br","date":"8 de April de 2024","format":false,"excerpt":"Um homem de 51 anos morreu na tarde do \u00faltimo s\u00e1bado (6), depois de sofrer um mal s\u00fabito e cair em um c\u00f3rrego onde pescava com um amigo, em S\u00e3o Sim\u00e3o, cidade a aproximadamente 50 quil\u00f4metros de Ribeir\u00e3o Preto. Segundo o boletim de ocorr\u00eancia (BO), a v\u00edtima, identificada como Carim\u2026","rel":"","context":"In &quot;Not\u00edcias de Ribeir\u00e3o Preto-SP e Regi\u00e3o&quot;","block_context":{"text":"Not\u00edcias de Ribeir\u00e3o Preto-SP e Regi\u00e3o","link":"https:\/\/ismaelcolosi.com.br\/index.php\/category\/noticias-de-ribeirao-preto-sp-e-regiao-ismael-colosi\/"},"img":{"alt_text":"","src":"https:\/\/i0.wp.com\/ismaelcolosi.com.br\/wp-content\/uploads\/2024\/04\/samu_ambulancia_1024x576_23072020101439.jpg?fit=1024%2C576&ssl=1&resize=350%2C200","width":350,"height":200,"srcset":"https:\/\/i0.wp.com\/ismaelcolosi.com.br\/wp-content\/uploads\/2024\/04\/samu_ambulancia_1024x576_23072020101439.jpg?fit=1024%2C576&ssl=1&resize=350%2C200 1x, https:\/\/i0.wp.com\/ismaelcolosi.com.br\/wp-content\/uploads\/2024\/04\/samu_ambulancia_1024x576_23072020101439.jpg?fit=1024%2C576&ssl=1&resize=525%2C300 1.5x, https:\/\/i0.wp.com\/ismaelcolosi.com.br\/wp-content\/uploads\/2024\/04\/samu_ambulancia_1024x576_23072020101439.jpg?fit=1024%2C576&ssl=1&resize=700%2C400 2x"},"classes":[]},{"id":54185,"url":"https:\/\/ismaelcolosi.com.br\/index.php\/2024\/06\/22\/identificado-homem-encontrado-morto-em-corrego-na-regiao-de-ribeirao-preto\/","url_meta":{"origin":51935,"position":4},"title":"Identificado homem encontrado morto em c\u00f3rrego na regi\u00e3o de Ribeir\u00e3o Preto","author":"ismaelcolosi.com.br","date":"22 de June de 2024","format":false,"excerpt":"O homem que foi encontrado morto dentro de um c\u00f3rrego que corta a avenida Ismael Alonso y Alonso, em Franca, na regi\u00e3o de Ribeir\u00e3o Preto, na manh\u00e3 de sexta-feira (21), foi identificado. O corpo foi retirado do c\u00f3rrego pelos bombeiros e em seguida identificado como Everson Jurado, de 44 anos.\u2026","rel":"","context":"In &quot;Not\u00edcias de Ribeir\u00e3o Preto-SP e Regi\u00e3o&quot;","block_context":{"text":"Not\u00edcias de Ribeir\u00e3o Preto-SP e Regi\u00e3o","link":"https:\/\/ismaelcolosi.com.br\/index.php\/category\/noticias-de-ribeirao-preto-sp-e-regiao-ismael-colosi\/"},"img":{"alt_text":"","src":"https:\/\/i0.wp.com\/ismaelcolosi.com.br\/wp-content\/uploads\/2024\/06\/AnyConv.com__everson-jurado_2024-06-22_13-45-48.webp.webp?fit=1200%2C675&ssl=1&resize=350%2C200","width":350,"height":200,"srcset":"https:\/\/i0.wp.com\/ismaelcolosi.com.br\/wp-content\/uploads\/2024\/06\/AnyConv.com__everson-jurado_2024-06-22_13-45-48.webp.webp?fit=1200%2C675&ssl=1&resize=350%2C200 1x, https:\/\/i0.wp.com\/ismaelcolosi.com.br\/wp-content\/uploads\/2024\/06\/AnyConv.com__everson-jurado_2024-06-22_13-45-48.webp.webp?fit=1200%2C675&ssl=1&resize=525%2C300 1.5x, https:\/\/i0.wp.com\/ismaelcolosi.com.br\/wp-content\/uploads\/2024\/06\/AnyConv.com__everson-jurado_2024-06-22_13-45-48.webp.webp?fit=1200%2C675&ssl=1&resize=700%2C400 2x, https:\/\/i0.wp.com\/ismaelcolosi.com.br\/wp-content\/uploads\/2024\/06\/AnyConv.com__everson-jurado_2024-06-22_13-45-48.webp.webp?fit=1200%2C675&ssl=1&resize=1050%2C600 3x"},"classes":[]},{"id":54082,"url":"https:\/\/ismaelcolosi.com.br\/index.php\/2024\/06\/21\/corpo-e-encontrado-em-corrego-na-regiao-de-ribeirao-preto\/","url_meta":{"origin":51935,"position":5},"title":"Corpo \u00e9 encontrado em c\u00f3rrego na regi\u00e3o de Ribeir\u00e3o Preto","author":"ismaelcolosi.com.br","date":"21 de June de 2024","format":false,"excerpt":"Um homem foi encontrado morto dentro de um c\u00f3rrego em Franca, na regi\u00e3o de Ribeir\u00e3o Preto, na manh\u00e3 desta sexta-feira (21). O corpo foi retirado do c\u00f3rrego Cubat\u00e3o, que corta a avenida Ismael Alonso y Alonso, pelos Bombeiros. De acordo com apura\u00e7\u00e3o da EPTV, a v\u00edtima ainda n\u00e3o foi identificada.\u2026","rel":"","context":"In &quot;Not\u00edcias de Ribeir\u00e3o Preto-SP e Regi\u00e3o&quot;","block_context":{"text":"Not\u00edcias de Ribeir\u00e3o Preto-SP e Regi\u00e3o","link":"https:\/\/ismaelcolosi.com.br\/index.php\/category\/noticias-de-ribeirao-preto-sp-e-regiao-ismael-colosi\/"},"img":{"alt_text":"","src":"https:\/\/i0.wp.com\/ismaelcolosi.com.br\/wp-content\/uploads\/2024\/06\/AnyConv.com__corpo-corrego-franca_2024-06-21_13-57-39-scaled.webp.webp?fit=1200%2C583&ssl=1&resize=350%2C200","width":350,"height":200,"srcset":"https:\/\/i0.wp.com\/ismaelcolosi.com.br\/wp-content\/uploads\/2024\/06\/AnyConv.com__corpo-corrego-franca_2024-06-21_13-57-39-scaled.webp.webp?fit=1200%2C583&ssl=1&resize=350%2C200 1x, https:\/\/i0.wp.com\/ismaelcolosi.com.br\/wp-content\/uploads\/2024\/06\/AnyConv.com__corpo-corrego-franca_2024-06-21_13-57-39-scaled.webp.webp?fit=1200%2C583&ssl=1&resize=525%2C300 1.5x, https:\/\/i0.wp.com\/ismaelcolosi.com.br\/wp-content\/uploads\/2024\/06\/AnyConv.com__corpo-corrego-franca_2024-06-21_13-57-39-scaled.webp.webp?fit=1200%2C583&ssl=1&resize=700%2C400 2x, https:\/\/i0.wp.com\/ismaelcolosi.com.br\/wp-content\/uploads\/2024\/06\/AnyConv.com__corpo-corrego-franca_2024-06-21_13-57-39-scaled.webp.webp?fit=1200%2C583&ssl=1&resize=1050%2C600 3x"},"classes":[]}],"jetpack_sharing_enabled":true,"jetpack_shortlink":"https:\/\/wp.me\/pfMlyK-dvF","_links":{"self":[{"href":"https:\/\/ismaelcolosi.com.br\/index.php\/wp-json\/wp\/v2\/posts\/51935","targetHints":{"allow":["GET"]}}],"collection":[{"href":"https:\/\/ismaelcolosi.com.br\/index.php\/wp-json\/wp\/v2\/posts"}],"about":[{"href":"https:\/\/ismaelcolosi.com.br\/index.php\/wp-json\/wp\/v2\/types\/post"}],"author":[{"embeddable":true,"href":"https:\/\/ismaelcolosi.com.br\/index.php\/wp-json\/wp\/v2\/users\/1"}],"replies":[{"embeddable":true,"href":"https:\/\/ismaelcolosi.com.br\/index.php\/wp-json\/wp\/v2\/comments?post=51935"}],"version-history":[{"count":0,"href":"https:\/\/ismaelcolosi.com.br\/index.php\/wp-json\/wp\/v2\/posts\/51935\/revisions"}],"wp:featuredmedia":[{"embeddable":true,"href":"https:\/\/ismaelcolosi.com.br\/index.php\/wp-json\/wp\/v2\/media\/51936"}],"wp:attachment":[{"href":"https:\/\/ismaelcolosi.com.br\/index.php\/wp-json\/wp\/v2\/media?parent=51935"}],"wp:term":[{"taxonomy":"category","embeddable":true,"href":"https:\/\/ismaelcolosi.com.br\/index.php\/wp-json\/wp\/v2\/categories?post=51935"},{"taxonomy":"post_tag","embeddable":true,"href":"https:\/\/ismaelcolosi.com.br\/index.php\/wp-json\/wp\/v2\/tags?post=51935"}],"curies":[{"name":"wp","href":"https:\/\/api.w.org\/{rel}","templated":true}]}}