{"id":51934,"date":"2024-06-02T12:45:11","date_gmt":"2024-06-02T15:45:11","guid":{"rendered":"https:\/\/ismaelcolosi.com.br\/index.php\/2024\/06\/02\/morre-segunda-vitima-de-acidente-com-onibus-e-caminhoes-na-regiao-de-ribeirao-preto\/"},"modified":"2024-06-02T12:45:11","modified_gmt":"2024-06-02T15:45:11","slug":"morre-segunda-vitima-de-acidente-com-onibus-e-caminhoes-na-regiao-de-ribeirao-preto","status":"publish","type":"post","link":"https:\/\/ismaelcolosi.com.br\/index.php\/2024\/06\/02\/morre-segunda-vitima-de-acidente-com-onibus-e-caminhoes-na-regiao-de-ribeirao-preto\/","title":{"rendered":"Morre segunda v\u00edtima de acidente com \u00f4nibus e caminh\u00f5es na regi\u00e3o de Ribeir\u00e3o Preto"},"content":{"rendered":"<p> <br \/>\n<\/p>\n<div data-td-block-uid=\"tdi_101\">\n<div class=\"tdb-block-inner td-fix-index\">\n<p><strong>A segunda v\u00edtima de um acidente entre um \u00f4nibus de trabalhadores e dois caminh\u00f5es, ocorrido na \u00faltima quinta-feira (31), na rodovia Altino Arantes (SP-351), em Sales Oliveira, regi\u00e3o de Ribeir\u00e3o Preto, morreu neste s\u00e1bado (1\u00ba).<\/strong> <\/p>\n<p>A <strong>v\u00edtima<\/strong>, identificada como <strong>Bianca Maria Carvalho de Sousa<\/strong>, foi <strong>sepultada <\/strong>neste <strong>domingo (2)<\/strong>, no <strong>Cemit\u00e9rio Municipal de Orl\u00e2ndia<\/strong>. O acidente tamb\u00e9m vitimou <strong>Danilo Melo de Souza, de 24 anos<\/strong>, que <strong>morreu <\/strong>no local. <\/p>\n<p>Os dois estavam no <strong>\u00f4nibus <\/strong>que transportava <strong>trabalhadores <\/strong>de um <strong>frigor\u00edfico <\/strong>de <strong>Nuporanga <\/strong>com destino a <strong>Orl\u00e2ndia <\/strong>e <strong>Sales<\/strong>. <\/p>\n<p>Ainda no \u00f4nibus, outra v\u00edtima sofreu ferimentos graves e duas leves. O motorista do outro caminh\u00e3o atingido n\u00e3o ficou ferido.<\/p>\n<p><mark style=\"background-color:#fcb900\" class=\"has-inline-color has-black-color\">O motorista do caminh\u00e3o que teria provocado o acidente negou \u00e0 pol\u00edcia ter invadido a pista. <\/mark>Ele passou pelo teste do baf\u00f4metros e o resultado deu negativo.<\/p>\n<p>As <strong>causas <\/strong>s\u00e3o <strong>investigadas <\/strong>pela <strong>Pol\u00edcia Civil<\/strong>.<\/p>\n<p>SAIBA MAIS<\/p>\n<p>Frente fria atua nesta semana; Veja se tem previs\u00e3o de chuva e frio no interior de SP<\/p>\n<h4 class=\"wp-block-heading\"><strong>FIQUE ON<\/strong><\/h4>\n<p>Fique ligado em tudo que acontece em Ribeir\u00e3o Preto e regi\u00e3o. Siga os perfis do\u00a0<strong>acidade on\u00a0<\/strong>no\u00a0<a href=\"https:\/\/www.instagram.com\/acidadeonribeirao\" target=\"_blank\" rel=\"noreferrer noopener\">Instagram<\/a>\u00a0e no\u00a0<a href=\"https:\/\/www.facebook.com\/acidadeonribeirao\" target=\"_blank\" rel=\"noreferrer noopener\">Facebook<\/a>.<\/p>\n<p>Receba not\u00edcias do acidade on no WhatsApp. Para entrar no grupo, basta\u00a0<a href=\"https:\/\/chat.whatsapp.com\/CdrZ6xrf7quD44Vw3WlPuZ\" target=\"_blank\" rel=\"noreferrer noopener\">clicar aqui<\/a>.<\/p>\n<p>Fa\u00e7a uma den\u00fancia ou sugira uma reportagem sobre Ribeir\u00e3o Preto e regi\u00e3o pelo WhatsApp: 16 99117 7802.<\/p>\n<p>VEJA TAMB\u00c9M<\/p>\n<p>Quantos graus faz na \u00cdndia no Ver\u00e3o? Pa\u00eds enfrenta calor extremo<\/p>\n<p><!-- AI CONTENT END 3 -->\n<\/div>\n<\/div>\n<p><script async src=\"\/\/www.instagram.com\/embed.js\"><\/script><br \/>\n<br \/><br \/>\n<br \/><a href=\"https:\/\/www.acidadeon.com\/ribeiraopreto\/cotidiano\/morre-segunda-vitima-de-acidente-com-onibus-e-caminhoes-na-regiao-de-ribeirao-preto\/\">Source link <\/a><\/p>\n<div class='code-block code-block-4' style='margin: 8px auto 8px 0; text-align: left; display: block; clear: both;'>\n\ud83d\udce2 Aviso Legal\n\nO site ismaelcolosi.com.br atua apenas como um canal de divulga\u00e7\u00e3o de oportunidades de emprego e n\u00e3o se responsabiliza pelo processo seletivo, contrata\u00e7\u00e3o ou qualquer outra etapa relacionada \u00e0s vagas publicadas. Todas as informa\u00e7\u00f5es s\u00e3o de responsabilidade dos anunciantes.\n\n\u26a0\ufe0f Aten\u00e7\u00e3o! Nunca pague por promessas de emprego nem compre cursos que garantam contrata\u00e7\u00e3o. Desconfie de qualquer cobran\u00e7a para participar de sele\u00e7\u00f5es.\n\n\n\n<\/div>\n<!-- CONTENT END 1 -->\n","protected":false},"excerpt":{"rendered":"<p>A segunda v\u00edtima de um acidente entre um \u00f4nibus de trabalhadores e dois caminh\u00f5es, ocorrido na \u00faltima quinta-feira (31), na rodovia Altino Arantes (SP-351), em&#8230;<\/p>\n","protected":false},"author":1,"featured_media":51768,"comment_status":"open","ping_status":"open","sticky":false,"template":"","format":"standard","meta":{"_uag_custom_page_level_css":"","advanced_seo_description":"","jetpack_seo_html_title":"","jetpack_seo_noindex":false,"jetpack_post_was_ever_published":false,"_jetpack_newsletter_access":"","_jetpack_dont_email_post_to_subs":false,"_jetpack_newsletter_tier_id":0,"_jetpack_memberships_contains_paywalled_content":false,"_jetpack_memberships_contains_paid_content":false,"footnotes":"","jetpack_publicize_message":"","jetpack_publicize_feature_enabled":true,"jetpack_social_post_already_shared":true,"jetpack_social_options":{"image_generator_settings":{"template":"highway","default_image_id":0,"font":"","enabled":false},"version":2}},"categories":[11],"tags":[],"class_list":["post-51934","post","type-post","status-publish","format-standard","has-post-thumbnail","hentry","category-noticias-de-ribeirao-preto-sp-e-regiao-ismael-colosi"],"jetpack_publicize_connections":[],"jetpack_featured_media_url":"https:\/\/i0.wp.com\/ismaelcolosi.com.br\/wp-content\/uploads\/2024\/05\/3_2024-05-30_22-14-12_jpg_2024-05-30_22-14-12.webp.webp?fit=1200%2C675&ssl=1","uagb_featured_image_src":{"full":["https:\/\/i0.wp.com\/ismaelcolosi.com.br\/wp-content\/uploads\/2024\/05\/3_2024-05-30_22-14-12_jpg_2024-05-30_22-14-12.webp.webp?fit=1200%2C675&ssl=1",1200,675,false],"thumbnail":["https:\/\/i0.wp.com\/ismaelcolosi.com.br\/wp-content\/uploads\/2024\/05\/3_2024-05-30_22-14-12_jpg_2024-05-30_22-14-12.webp.webp?resize=150%2C150&ssl=1",150,150,true],"medium":["https:\/\/i0.wp.com\/ismaelcolosi.com.br\/wp-content\/uploads\/2024\/05\/3_2024-05-30_22-14-12_jpg_2024-05-30_22-14-12.webp.webp?fit=300%2C169&ssl=1",300,169,true],"medium_large":["https:\/\/i0.wp.com\/ismaelcolosi.com.br\/wp-content\/uploads\/2024\/05\/3_2024-05-30_22-14-12_jpg_2024-05-30_22-14-12.webp.webp?fit=768%2C432&ssl=1",768,432,true],"large":["https:\/\/i0.wp.com\/ismaelcolosi.com.br\/wp-content\/uploads\/2024\/05\/3_2024-05-30_22-14-12_jpg_2024-05-30_22-14-12.webp.webp?fit=1024%2C576&ssl=1",1024,576,true],"1536x1536":["https:\/\/i0.wp.com\/ismaelcolosi.com.br\/wp-content\/uploads\/2024\/05\/3_2024-05-30_22-14-12_jpg_2024-05-30_22-14-12.webp.webp?fit=1200%2C675&ssl=1",1200,675,true],"2048x2048":["https:\/\/i0.wp.com\/ismaelcolosi.com.br\/wp-content\/uploads\/2024\/05\/3_2024-05-30_22-14-12_jpg_2024-05-30_22-14-12.webp.webp?fit=1200%2C675&ssl=1",1200,675,true],"really-simple-thumb":["https:\/\/i0.wp.com\/ismaelcolosi.com.br\/wp-content\/uploads\/2024\/05\/3_2024-05-30_22-14-12_jpg_2024-05-30_22-14-12.webp.webp?resize=370%2C247&ssl=1",370,247,true]},"uagb_author_info":{"display_name":"ismaelcolosi.com.br","author_link":"https:\/\/ismaelcolosi.com.br\/index.php\/author\/vidareal-online\/"},"uagb_comment_info":0,"uagb_excerpt":"A segunda v\u00edtima de um acidente entre um \u00f4nibus de trabalhadores e dois caminh\u00f5es, ocorrido na \u00faltima quinta-feira (31), na rodovia Altino Arantes (SP-351), em...","jetpack-related-posts":[{"id":51818,"url":"https:\/\/ismaelcolosi.com.br\/index.php\/2024\/05\/31\/o-que-se-sabe-sobre-acidente-entre-onibus-e-caminhoes-em-rodovia-da-regiao-de-ribeirao\/","url_meta":{"origin":51934,"position":0},"title":"O que se sabe sobre acidente entre \u00f4nibus e caminh\u00f5es em rodovia da regi\u00e3o de Ribeir\u00e3o","author":"ismaelcolosi.com.br","date":"31 de May de 2024","format":false,"excerpt":"O acidente envolvendo um \u00f4nibus com trabalhadores e dois caminh\u00f5es causou a morte de uma pessoa e outras quatro ficaram feridas, sendo duas em estado grave (veja abaixo). A batida ocorreu no fim da tarde de quinta-feira (30), no quil\u00f4metro 83 da rodovia Altino Arantes, em Sales Oliveira, na regi\u00e3o\u2026","rel":"","context":"In &quot;Not\u00edcias de Ribeir\u00e3o Preto-SP e Regi\u00e3o&quot;","block_context":{"text":"Not\u00edcias de Ribeir\u00e3o Preto-SP e Regi\u00e3o","link":"https:\/\/ismaelcolosi.com.br\/index.php\/category\/noticias-de-ribeirao-preto-sp-e-regiao-ismael-colosi\/"},"img":{"alt_text":"","src":"https:\/\/i0.wp.com\/ismaelcolosi.com.br\/wp-content\/uploads\/2024\/05\/3_2024-05-30_22-14-12_jpg_2024-05-30_22-14-12.webp.webp?fit=1200%2C675&ssl=1&resize=350%2C200","width":350,"height":200,"srcset":"https:\/\/i0.wp.com\/ismaelcolosi.com.br\/wp-content\/uploads\/2024\/05\/3_2024-05-30_22-14-12_jpg_2024-05-30_22-14-12.webp.webp?fit=1200%2C675&ssl=1&resize=350%2C200 1x, https:\/\/i0.wp.com\/ismaelcolosi.com.br\/wp-content\/uploads\/2024\/05\/3_2024-05-30_22-14-12_jpg_2024-05-30_22-14-12.webp.webp?fit=1200%2C675&ssl=1&resize=525%2C300 1.5x, https:\/\/i0.wp.com\/ismaelcolosi.com.br\/wp-content\/uploads\/2024\/05\/3_2024-05-30_22-14-12_jpg_2024-05-30_22-14-12.webp.webp?fit=1200%2C675&ssl=1&resize=700%2C400 2x, https:\/\/i0.wp.com\/ismaelcolosi.com.br\/wp-content\/uploads\/2024\/05\/3_2024-05-30_22-14-12_jpg_2024-05-30_22-14-12.webp.webp?fit=1200%2C675&ssl=1&resize=1050%2C600 3x"},"classes":[]},{"id":51771,"url":"https:\/\/ismaelcolosi.com.br\/index.php\/2024\/05\/30\/acidente-em-rodovia-da-regiao-de-ribeirao-preto-deixa-uma-pessoa-morta-e-cinco-feridos\/","url_meta":{"origin":51934,"position":1},"title":"Acidente em rodovia da regi\u00e3o de Ribeir\u00e3o Preto deixa uma pessoa morta e cinco feridos","author":"ismaelcolosi.com.br","date":"30 de May de 2024","format":false,"excerpt":"Um acidente envolvendo dois caminh\u00f5es e um \u00f4nibus provocou a morte de uma pessoa e outras cinco ficaram feridas, no quil\u00f4metro 83 da rodovia Altino Arantes (SP 351), entre Sales Oliveira e Orl\u00e2ndia, na regi\u00e3o de Ribeir\u00e3o Preto, no fim da tarde desta quinta-feira (30). Segundo as primeiras informa\u00e7\u00f5es da\u2026","rel":"","context":"In &quot;Not\u00edcias de Ribeir\u00e3o Preto-SP e Regi\u00e3o&quot;","block_context":{"text":"Not\u00edcias de Ribeir\u00e3o Preto-SP e Regi\u00e3o","link":"https:\/\/ismaelcolosi.com.br\/index.php\/category\/noticias-de-ribeirao-preto-sp-e-regiao-ismael-colosi\/"},"img":{"alt_text":"","src":"https:\/\/i0.wp.com\/ismaelcolosi.com.br\/wp-content\/uploads\/2024\/05\/3_2024-05-30_22-14-12_jpg_2024-05-30_22-14-12.webp.webp?fit=1200%2C675&ssl=1&resize=350%2C200","width":350,"height":200,"srcset":"https:\/\/i0.wp.com\/ismaelcolosi.com.br\/wp-content\/uploads\/2024\/05\/3_2024-05-30_22-14-12_jpg_2024-05-30_22-14-12.webp.webp?fit=1200%2C675&ssl=1&resize=350%2C200 1x, https:\/\/i0.wp.com\/ismaelcolosi.com.br\/wp-content\/uploads\/2024\/05\/3_2024-05-30_22-14-12_jpg_2024-05-30_22-14-12.webp.webp?fit=1200%2C675&ssl=1&resize=525%2C300 1.5x, https:\/\/i0.wp.com\/ismaelcolosi.com.br\/wp-content\/uploads\/2024\/05\/3_2024-05-30_22-14-12_jpg_2024-05-30_22-14-12.webp.webp?fit=1200%2C675&ssl=1&resize=700%2C400 2x, https:\/\/i0.wp.com\/ismaelcolosi.com.br\/wp-content\/uploads\/2024\/05\/3_2024-05-30_22-14-12_jpg_2024-05-30_22-14-12.webp.webp?fit=1200%2C675&ssl=1&resize=1050%2C600 3x"},"classes":[]},{"id":51817,"url":"https:\/\/ismaelcolosi.com.br\/index.php\/2024\/05\/31\/acidente-em-rodovia-da-regiao-de-ribeirao-preto-deixa-uma-pessoa-morta-e-cinco-feridos-2\/","url_meta":{"origin":51934,"position":2},"title":"Acidente em rodovia da regi\u00e3o de Ribeir\u00e3o Preto deixa uma pessoa morta e cinco feridos","author":"ismaelcolosi.com.br","date":"31 de May de 2024","format":false,"excerpt":"Um acidente envolvendo dois caminh\u00f5es e um \u00f4nibus provocou a morte de uma pessoa e outras cinco ficaram feridas, no quil\u00f4metro 83 da rodovia Altino Arantes (SP 351), entre Sales Oliveira e Orl\u00e2ndia, na regi\u00e3o de Ribeir\u00e3o Preto, no fim da tarde desta quinta-feira (30). Segundo as\u00a0primeiras informa\u00e7\u00f5es da Pol\u00edcia\u2026","rel":"","context":"In &quot;Not\u00edcias de Ribeir\u00e3o Preto-SP e Regi\u00e3o&quot;","block_context":{"text":"Not\u00edcias de Ribeir\u00e3o Preto-SP e Regi\u00e3o","link":"https:\/\/ismaelcolosi.com.br\/index.php\/category\/noticias-de-ribeirao-preto-sp-e-regiao-ismael-colosi\/"},"img":{"alt_text":"","src":"https:\/\/i0.wp.com\/ismaelcolosi.com.br\/wp-content\/uploads\/2024\/05\/3_2024-05-30_22-14-12_jpg_2024-05-30_22-14-12.webp.webp?fit=1200%2C675&ssl=1&resize=350%2C200","width":350,"height":200,"srcset":"https:\/\/i0.wp.com\/ismaelcolosi.com.br\/wp-content\/uploads\/2024\/05\/3_2024-05-30_22-14-12_jpg_2024-05-30_22-14-12.webp.webp?fit=1200%2C675&ssl=1&resize=350%2C200 1x, https:\/\/i0.wp.com\/ismaelcolosi.com.br\/wp-content\/uploads\/2024\/05\/3_2024-05-30_22-14-12_jpg_2024-05-30_22-14-12.webp.webp?fit=1200%2C675&ssl=1&resize=525%2C300 1.5x, https:\/\/i0.wp.com\/ismaelcolosi.com.br\/wp-content\/uploads\/2024\/05\/3_2024-05-30_22-14-12_jpg_2024-05-30_22-14-12.webp.webp?fit=1200%2C675&ssl=1&resize=700%2C400 2x, https:\/\/i0.wp.com\/ismaelcolosi.com.br\/wp-content\/uploads\/2024\/05\/3_2024-05-30_22-14-12_jpg_2024-05-30_22-14-12.webp.webp?fit=1200%2C675&ssl=1&resize=1050%2C600 3x"},"classes":[]},{"id":51767,"url":"https:\/\/ismaelcolosi.com.br\/index.php\/2024\/05\/30\/acidente-em-rodovia-da-regiao-de-ribeirao-deixa-um-morto-e-ao-menos-quatro-feridos\/","url_meta":{"origin":51934,"position":3},"title":"Acidente em rodovia da regi\u00e3o de Ribeir\u00e3o deixa um morto e ao menos quatro feridos","author":"ismaelcolosi.com.br","date":"30 de May de 2024","format":false,"excerpt":"Um acidente envolvendo dois caminh\u00f5es e um \u00f4nibus provocou a morte de uma pessoa e aos menos quatro pessoas ficaram gravemente feridas, no quil\u00f4metro 83 da rodovia Altino Arantes, entre Sales Oliveira e Orl\u00e2ndia, na regi\u00e3o de Ribeir\u00e3o Preto, no fim da tarde desta quinta-feira (30). Segundo as primeiras informa\u00e7\u00f5es\u2026","rel":"","context":"In &quot;Not\u00edcias de Ribeir\u00e3o Preto-SP e Regi\u00e3o&quot;","block_context":{"text":"Not\u00edcias de Ribeir\u00e3o Preto-SP e Regi\u00e3o","link":"https:\/\/ismaelcolosi.com.br\/index.php\/category\/noticias-de-ribeirao-preto-sp-e-regiao-ismael-colosi\/"},"img":{"alt_text":"","src":"https:\/\/i0.wp.com\/ismaelcolosi.com.br\/wp-content\/uploads\/2024\/05\/3_2024-05-30_22-14-12_jpg_2024-05-30_22-14-12.webp.webp?fit=1200%2C675&ssl=1&resize=350%2C200","width":350,"height":200,"srcset":"https:\/\/i0.wp.com\/ismaelcolosi.com.br\/wp-content\/uploads\/2024\/05\/3_2024-05-30_22-14-12_jpg_2024-05-30_22-14-12.webp.webp?fit=1200%2C675&ssl=1&resize=350%2C200 1x, https:\/\/i0.wp.com\/ismaelcolosi.com.br\/wp-content\/uploads\/2024\/05\/3_2024-05-30_22-14-12_jpg_2024-05-30_22-14-12.webp.webp?fit=1200%2C675&ssl=1&resize=525%2C300 1.5x, https:\/\/i0.wp.com\/ismaelcolosi.com.br\/wp-content\/uploads\/2024\/05\/3_2024-05-30_22-14-12_jpg_2024-05-30_22-14-12.webp.webp?fit=1200%2C675&ssl=1&resize=700%2C400 2x, https:\/\/i0.wp.com\/ismaelcolosi.com.br\/wp-content\/uploads\/2024\/05\/3_2024-05-30_22-14-12_jpg_2024-05-30_22-14-12.webp.webp?fit=1200%2C675&ssl=1&resize=1050%2C600 3x"},"classes":[]},{"id":64437,"url":"https:\/\/ismaelcolosi.com.br\/index.php\/2024\/09\/07\/anhanguera-e-interditada-apos-acidente-na-regiao-de-ribeirao-uma-pessoa-morreu\/","url_meta":{"origin":51934,"position":4},"title":"Anhanguera \u00e9 interditada ap\u00f3s acidente na regi\u00e3o de Ribeir\u00e3o; uma pessoa morreu","author":"ismaelcolosi.com.br","date":"7 de September de 2024","format":false,"excerpt":"Uma pessoa morreu em um acidente na rodovia Anhanguera, na altura de Ituverava, na regi\u00e3o de Ribeir\u00e3o Preto, no final da manh\u00e3 deste s\u00e1bado (7). Por conta do acidente, a Anhanguera precisou ser interditada. O bloqueio aconteceu na altura do quil\u00f4metro 426, em Buritizal, no sentido Ribeir\u00e3o Preto, e na\u2026","rel":"","context":"In &quot;Not\u00edcias de Ribeir\u00e3o Preto-SP e Regi\u00e3o&quot;","block_context":{"text":"Not\u00edcias de Ribeir\u00e3o Preto-SP e Regi\u00e3o","link":"https:\/\/ismaelcolosi.com.br\/index.php\/category\/noticias-de-ribeirao-preto-sp-e-regiao-ismael-colosi\/"},"img":{"alt_text":"","src":"https:\/\/i0.wp.com\/ismaelcolosi.com.br\/wp-content\/uploads\/2024\/09\/ACIDENTE-ANHANGUERA_2024-09-07_16-53-46_jpg_2024-09-07_16-53-46.webp.webp?fit=896%2C541&ssl=1&resize=350%2C200","width":350,"height":200,"srcset":"https:\/\/i0.wp.com\/ismaelcolosi.com.br\/wp-content\/uploads\/2024\/09\/ACIDENTE-ANHANGUERA_2024-09-07_16-53-46_jpg_2024-09-07_16-53-46.webp.webp?fit=896%2C541&ssl=1&resize=350%2C200 1x, https:\/\/i0.wp.com\/ismaelcolosi.com.br\/wp-content\/uploads\/2024\/09\/ACIDENTE-ANHANGUERA_2024-09-07_16-53-46_jpg_2024-09-07_16-53-46.webp.webp?fit=896%2C541&ssl=1&resize=525%2C300 1.5x, https:\/\/i0.wp.com\/ismaelcolosi.com.br\/wp-content\/uploads\/2024\/09\/ACIDENTE-ANHANGUERA_2024-09-07_16-53-46_jpg_2024-09-07_16-53-46.webp.webp?fit=896%2C541&ssl=1&resize=700%2C400 2x"},"classes":[]},{"id":78572,"url":"https:\/\/ismaelcolosi.com.br\/index.php\/2024\/12\/06\/um-morto-e-cinco-feridos-em-acidente-no-trecho-critico-da-anhanguera\/","url_meta":{"origin":51934,"position":5},"title":"Um morto e cinco feridos em acidente no trecho cr\u00edtico da Anhanguera","author":"ismaelcolosi.com.br","date":"6 de December de 2024","format":false,"excerpt":"Em um per\u00edodo de 15 dias, cinco pessoas j\u00e1 perderam a vida na regi\u00e3o pr\u00f3xima \u00e0 Serra de Santa Rita 6 de dezembro de 20246 de dezembro de 202410 Compartilhar2 Por: Adalberto Luque Uma pessoa morreu e cinco ficaram feridas, na madrugada desta sexta-feira (6), ap\u00f3s um acidente envolvendo um\u2026","rel":"","context":"In &quot;Not\u00edcias de Ribeir\u00e3o Preto-SP e Regi\u00e3o&quot;","block_context":{"text":"Not\u00edcias de Ribeir\u00e3o Preto-SP e Regi\u00e3o","link":"https:\/\/ismaelcolosi.com.br\/index.php\/category\/noticias-de-ribeirao-preto-sp-e-regiao-ismael-colosi\/"},"img":{"alt_text":"","src":"https:\/\/i0.wp.com\/ismaelcolosi.com.br\/wp-content\/uploads\/2024\/12\/06dez2024-morteserrinha-scaled.jpg?fit=651%2C500&ssl=1&resize=350%2C200","width":350,"height":200,"srcset":"https:\/\/i0.wp.com\/ismaelcolosi.com.br\/wp-content\/uploads\/2024\/12\/06dez2024-morteserrinha-scaled.jpg?fit=651%2C500&ssl=1&resize=350%2C200 1x, https:\/\/i0.wp.com\/ismaelcolosi.com.br\/wp-content\/uploads\/2024\/12\/06dez2024-morteserrinha-scaled.jpg?fit=651%2C500&ssl=1&resize=525%2C300 1.5x"},"classes":[]}],"jetpack_sharing_enabled":true,"jetpack_shortlink":"https:\/\/wp.me\/pfMlyK-dvE","_links":{"self":[{"href":"https:\/\/ismaelcolosi.com.br\/index.php\/wp-json\/wp\/v2\/posts\/51934","targetHints":{"allow":["GET"]}}],"collection":[{"href":"https:\/\/ismaelcolosi.com.br\/index.php\/wp-json\/wp\/v2\/posts"}],"about":[{"href":"https:\/\/ismaelcolosi.com.br\/index.php\/wp-json\/wp\/v2\/types\/post"}],"author":[{"embeddable":true,"href":"https:\/\/ismaelcolosi.com.br\/index.php\/wp-json\/wp\/v2\/users\/1"}],"replies":[{"embeddable":true,"href":"https:\/\/ismaelcolosi.com.br\/index.php\/wp-json\/wp\/v2\/comments?post=51934"}],"version-history":[{"count":0,"href":"https:\/\/ismaelcolosi.com.br\/index.php\/wp-json\/wp\/v2\/posts\/51934\/revisions"}],"wp:featuredmedia":[{"embeddable":true,"href":"https:\/\/ismaelcolosi.com.br\/index.php\/wp-json\/wp\/v2\/media\/51768"}],"wp:attachment":[{"href":"https:\/\/ismaelcolosi.com.br\/index.php\/wp-json\/wp\/v2\/media?parent=51934"}],"wp:term":[{"taxonomy":"category","embeddable":true,"href":"https:\/\/ismaelcolosi.com.br\/index.php\/wp-json\/wp\/v2\/categories?post=51934"},{"taxonomy":"post_tag","embeddable":true,"href":"https:\/\/ismaelcolosi.com.br\/index.php\/wp-json\/wp\/v2\/tags?post=51934"}],"curies":[{"name":"wp","href":"https:\/\/api.w.org\/{rel}","templated":true}]}}