{"id":51930,"date":"2024-06-02T10:32:16","date_gmt":"2024-06-02T13:32:16","guid":{"rendered":"https:\/\/ismaelcolosi.com.br\/index.php\/2024\/06\/02\/frente-fria-atua-nesta-semana-veja-se-tem-previsao-de-chuva-e-frio-no-interior-de-sp\/"},"modified":"2024-06-02T10:32:16","modified_gmt":"2024-06-02T13:32:16","slug":"frente-fria-atua-nesta-semana-veja-se-tem-previsao-de-chuva-e-frio-no-interior-de-sp","status":"publish","type":"post","link":"https:\/\/ismaelcolosi.com.br\/index.php\/2024\/06\/02\/frente-fria-atua-nesta-semana-veja-se-tem-previsao-de-chuva-e-frio-no-interior-de-sp\/","title":{"rendered":"Frente fria atua nesta semana; Veja se tem previs\u00e3o de chuva e frio no interior de SP"},"content":{"rendered":"<p> <br \/>\n<\/p>\n<div>\n<p><strong>Uma nova frente fria dever\u00e1 atuar entre as regi\u00f5es Sul e Sudeste, entre esta segunda-feira (3) e ter\u00e7a-feira (4).<\/strong><\/p>\n<p>Segundo a <a href=\"https:\/\/www.tempo.com\/\" target=\"_blank\" rel=\"noreferrer noopener\">Meteored<\/a>, os <strong>modelos meteorol\u00f3gicos <\/strong>apontam, por\u00e9m, que <mark style=\"background-color:#fcb900\" class=\"has-inline-color has-black-color\">esta frente n\u00e3o ser\u00e1 t\u00e3o intensa e ter\u00e1 uma atua\u00e7\u00e3o muito passageira<\/mark> pelas partes leste dessas regi\u00f5es, j\u00e1 que seu <strong>ciclone <\/strong>associado estar\u00e1 muito <strong>distante <\/strong>do <strong>Brasil<\/strong>, no <strong>Oceano Atl\u00e2ntico Sul<\/strong>.<\/p>\n<blockquote class=\"wp-block-quote\">\n<p>\u201cApesar da atua\u00e7\u00e3o de uma nova frente fria no in\u00edcio desta semana nas regi\u00f5es Sul e Sudeste, poucas mudan\u00e7as dever\u00e3o ocorrer no panorama meteorol\u00f3gico brasileiro e o tempo est\u00e1vel e seco continuar\u00e1 predominando sobre o Centro-Sul at\u00e9, pelo menos, o dia 10 de junho\u201d<\/p>\n<p><cite>Meteored<\/cite><\/p><\/blockquote>\n<h2 class=\"wp-block-heading\"><strong>Ar seco e quente<\/strong><\/h2>\n<p>A <a href=\"https:\/\/www.climatempo.com.br\/\" target=\"_blank\" rel=\"noreferrer noopener\">Climatempo <\/a>indica que <mark style=\"background-color:#fcb900\" class=\"has-inline-color has-black-color\">junho ser\u00e1 marcado por ar seco e mais quente no estado de S\u00e3o Paulo<\/mark>, embora n\u00e3o t\u00e3o quente quanto ocorreu no m\u00eas de maio.<\/p>\n<blockquote class=\"wp-block-quote\">\n<p>\u201cBloqueios atmosf\u00e9ricos persistentes, por\u00e9m menos intensos, ainda ocorrer\u00e3o, permitindo a chegada ocasional de frentes frias e ar frio\u201d<\/p>\n<p><cite>Climatempo <\/cite><\/p><\/blockquote>\n<h3 class=\"wp-block-heading\"><strong>Chuva e temperatura em Ribeir\u00e3o Preto<\/strong><\/h3>\n<p>Conforme a <strong>Climatempo<\/strong>, a <strong>regi\u00e3o de Ribeir\u00e3o Preto<\/strong> est\u00e1 em uma <mark style=\"background-color:#fcb900\" class=\"has-inline-color has-black-color\">faixa de transi\u00e7\u00e3o que indica chuvas dentro da m\u00e9dia e um pouco abaixo para o m\u00eas de junho<\/mark>. J\u00e1 em rela\u00e7\u00e3o \u00e0 <strong>temperatura<\/strong>, a regi\u00e3o est\u00e1 na <mark style=\"background-color:rgba(0, 0, 0, 0)\" class=\"has-inline-color has-black-color\">faixa que aponta <\/mark><mark style=\"background-color:#fcb900\" class=\"has-inline-color has-black-color\">os term\u00f4metros um pouco acima da m\u00e9dia para o m\u00eas<\/mark>.<\/p>\n<h4 class=\"wp-block-heading\"><strong>Veja a previs\u00e3o do tempo nos pr\u00f3ximos dias em Ribeir\u00e3o Preto:<\/strong><\/h4>\n<p>14\u00b0C \/ 28\u00b0C<\/p>\n<p>Sol com algumas nuvens. N\u00e3o chove.<\/p>\n<p>Chuva: 0 mm \/ 0%<\/p>\n<p>Umidade do ar: 34% \/ 84%<\/p>\n<p>16\u00b0C \/ 29\u00b0C<\/p>\n<p>Sol com algumas nuvens. N\u00e3o chove.<\/p>\n<p>Chuva: 0 mm \/ 2%<\/p>\n<p>Umidade do ar: 41% \/ 84%<\/p>\n<p>16\u00b0C \/ 28\u00b0C<\/p>\n<p>Dia de sol, com muitas nuvens \u00e0 tarde. \u00c0 noite a nebulosidade diminui.<\/p>\n<p>Chuva: 0 mm \/ 0%<\/p>\n<p>Umidade do ar: 35% \/ 85%<\/p>\n<p>15\u00b0C \/ 29\u00b0C<\/p>\n<p>Dia de sol, com algumas nuvens e nevoa ao amanhacer. Noite com pouco de nuvens.<\/p>\n<p>Chuva: 0 mm \/ 0%<\/p>\n<p>Umidade do ar: 39% \/ 88%<\/p>\n<p>14\u00b0C \/ 28\u00b0C<\/p>\n<p>Tempo ensolarado, com nevoeiro ao amanhecer. Noite de c\u00e9u limpo.<\/p>\n<p>Chuva: 0 mm \/ 0%<\/p>\n<p>Umidade do ar: 36% \/ 84%<\/p>\n<p>12\u00b0C \/ 28\u00b0C<\/p>\n<p>Sol o dia todo sem nuvens no c\u00e9u. Noite de tempo aberto ainda sem nuvens.<\/p>\n<p>Chuva: 0 mm \/ 0%<\/p>\n<p>Umidade do ar: 36% \/ 85%<\/p>\n<p>12\u00b0C \/ 28\u00b0C<\/p>\n<p>Sol com algumas nuvens ao longo do dia. Noite de c\u00e9u limpo.<\/p>\n<p>Chuva: 0 mm \/ 0%<\/p>\n<p>Umidade do ar: 34% \/ 87%<\/p>\n<p>Fonte: Climatempo<\/p>\n<p>SAIBA MAIS<\/p>\n<p>Homem \u00e9 baleado ap\u00f3s tentar agredir policial na zona Norte de Ribeir\u00e3o Preto; Veja v\u00eddeo<\/p>\n<h4 class=\"wp-block-heading\"><strong>FIQUE ON<\/strong><\/h4>\n<p>Fique ligado em tudo que acontece em Ribeir\u00e3o Preto e regi\u00e3o. Siga os perfis do\u00a0<strong>acidade on\u00a0<\/strong>no\u00a0<a href=\"https:\/\/www.instagram.com\/acidadeonribeirao\" target=\"_blank\" rel=\"noreferrer noopener\">Instagram<\/a>\u00a0e no\u00a0<a href=\"https:\/\/www.facebook.com\/acidadeonribeirao\" target=\"_blank\" rel=\"noreferrer noopener\">Facebook<\/a>.<\/p>\n<p>Receba not\u00edcias do acidade on no WhatsApp. Para entrar no grupo, basta\u00a0<a href=\"https:\/\/chat.whatsapp.com\/CdrZ6xrf7quD44Vw3WlPuZ\" target=\"_blank\" rel=\"noreferrer noopener\">clicar aqui<\/a>.<\/p>\n<p>Fa\u00e7a uma den\u00fancia ou sugira uma reportagem sobre Ribeir\u00e3o Preto e regi\u00e3o pelo WhatsApp: 16 99117 7802.<\/p>\n<p>VEJA TAMB\u00c9M<\/p>\n<p>Quantos graus faz na \u00cdndia no Ver\u00e3o? Pa\u00eds enfrenta calor extremo<\/p>\n<p><!-- AI CONTENT END 1 -->\n<\/div>\n<p><script async src=\"\/\/www.instagram.com\/embed.js\"><\/script><br \/>\n<br \/><br \/>\n<br \/><a href=\"https:\/\/www.acidadeon.com\/ribeiraopreto\/cotidiano\/frente-fria-atua-nesta-semana-veja-se-tem-previsao-de-chuva-e-frio-no-interior-de-sp\/\">Source link <\/a><\/p>\n<div class='code-block code-block-4' style='margin: 8px auto 8px 0; text-align: left; display: block; clear: both;'>\n\ud83d\udce2 Aviso Legal\n\nO site ismaelcolosi.com.br atua apenas como um canal de divulga\u00e7\u00e3o de oportunidades de emprego e n\u00e3o se responsabiliza pelo processo seletivo, contrata\u00e7\u00e3o ou qualquer outra etapa relacionada \u00e0s vagas publicadas. Todas as informa\u00e7\u00f5es s\u00e3o de responsabilidade dos anunciantes.\n\n\u26a0\ufe0f Aten\u00e7\u00e3o! Nunca pague por promessas de emprego nem compre cursos que garantam contrata\u00e7\u00e3o. Desconfie de qualquer cobran\u00e7a para participar de sele\u00e7\u00f5es.\n\n\n\n<\/div>\n<!-- CONTENT END 1 -->\n","protected":false},"excerpt":{"rendered":"<p>Uma nova frente fria dever\u00e1 atuar entre as regi\u00f5es Sul e Sudeste, entre esta segunda-feira (3) e ter\u00e7a-feira (4). Segundo a Meteored, os modelos meteorol\u00f3gicos&#8230;<\/p>\n","protected":false},"author":1,"featured_media":51931,"comment_status":"open","ping_status":"open","sticky":false,"template":"","format":"standard","meta":{"_uag_custom_page_level_css":"","advanced_seo_description":"","jetpack_seo_html_title":"","jetpack_seo_noindex":false,"jetpack_post_was_ever_published":false,"_jetpack_newsletter_access":"","_jetpack_dont_email_post_to_subs":false,"_jetpack_newsletter_tier_id":0,"_jetpack_memberships_contains_paywalled_content":false,"_jetpack_memberships_contains_paid_content":false,"footnotes":"","jetpack_publicize_message":"","jetpack_publicize_feature_enabled":true,"jetpack_social_post_already_shared":true,"jetpack_social_options":{"image_generator_settings":{"template":"highway","default_image_id":0,"font":"","enabled":false},"version":2}},"categories":[11],"tags":[],"class_list":["post-51930","post","type-post","status-publish","format-standard","has-post-thumbnail","hentry","category-noticias-de-ribeirao-preto-sp-e-regiao-ismael-colosi"],"jetpack_publicize_connections":[],"jetpack_featured_media_url":"https:\/\/i0.wp.com\/ismaelcolosi.com.br\/wp-content\/uploads\/2024\/06\/ConfiraaprevisodotempoparaRibeironoferiadodeCorpusChristi_Tamanho_2_image.jpg?fit=1200%2C900&ssl=1","uagb_featured_image_src":{"full":["https:\/\/i0.wp.com\/ismaelcolosi.com.br\/wp-content\/uploads\/2024\/06\/ConfiraaprevisodotempoparaRibeironoferiadodeCorpusChristi_Tamanho_2_image.jpg?fit=1200%2C900&ssl=1",1200,900,false],"thumbnail":["https:\/\/i0.wp.com\/ismaelcolosi.com.br\/wp-content\/uploads\/2024\/06\/ConfiraaprevisodotempoparaRibeironoferiadodeCorpusChristi_Tamanho_2_image.jpg?resize=150%2C150&ssl=1",150,150,true],"medium":["https:\/\/i0.wp.com\/ismaelcolosi.com.br\/wp-content\/uploads\/2024\/06\/ConfiraaprevisodotempoparaRibeironoferiadodeCorpusChristi_Tamanho_2_image.jpg?fit=300%2C225&ssl=1",300,225,true],"medium_large":["https:\/\/i0.wp.com\/ismaelcolosi.com.br\/wp-content\/uploads\/2024\/06\/ConfiraaprevisodotempoparaRibeironoferiadodeCorpusChristi_Tamanho_2_image.jpg?fit=768%2C576&ssl=1",768,576,true],"large":["https:\/\/i0.wp.com\/ismaelcolosi.com.br\/wp-content\/uploads\/2024\/06\/ConfiraaprevisodotempoparaRibeironoferiadodeCorpusChristi_Tamanho_2_image.jpg?fit=1024%2C768&ssl=1",1024,768,true],"1536x1536":["https:\/\/i0.wp.com\/ismaelcolosi.com.br\/wp-content\/uploads\/2024\/06\/ConfiraaprevisodotempoparaRibeironoferiadodeCorpusChristi_Tamanho_2_image.jpg?fit=1200%2C900&ssl=1",1200,900,true],"2048x2048":["https:\/\/i0.wp.com\/ismaelcolosi.com.br\/wp-content\/uploads\/2024\/06\/ConfiraaprevisodotempoparaRibeironoferiadodeCorpusChristi_Tamanho_2_image.jpg?fit=1200%2C900&ssl=1",1200,900,true],"really-simple-thumb":["https:\/\/i0.wp.com\/ismaelcolosi.com.br\/wp-content\/uploads\/2024\/06\/ConfiraaprevisodotempoparaRibeironoferiadodeCorpusChristi_Tamanho_2_image.jpg?resize=370%2C247&ssl=1",370,247,true]},"uagb_author_info":{"display_name":"ismaelcolosi.com.br","author_link":"https:\/\/ismaelcolosi.com.br\/index.php\/author\/vidareal-online\/"},"uagb_comment_info":0,"uagb_excerpt":"Uma nova frente fria dever\u00e1 atuar entre as regi\u00f5es Sul e Sudeste, entre esta segunda-feira (3) e ter\u00e7a-feira (4). Segundo a Meteored, os modelos meteorol\u00f3gicos...","jetpack-related-posts":[{"id":63755,"url":"https:\/\/ismaelcolosi.com.br\/index.php\/2024\/09\/03\/frente-fria-chega-ao-sudeste-nesta-semana-entenda\/","url_meta":{"origin":51930,"position":0},"title":"Frente fria chega ao Sudeste nesta semana; Entenda","author":"ismaelcolosi.com.br","date":"3 de September de 2024","format":false,"excerpt":"Os primeiros dias de setembro est\u00e3o sendo marcados pelo tempo seco e as altas temperaturas em todo o estado de S\u00e3o Paulo. Entretanto, de acordo com os meteorologistas, uma frente fria deve chegar ao Sudeste nesta semana e mudar o tempo em parte da regi\u00e3o. Quando chega a frente fria\u2026","rel":"","context":"In &quot;Not\u00edcias de Ribeir\u00e3o Preto-SP e Regi\u00e3o&quot;","block_context":{"text":"Not\u00edcias de Ribeir\u00e3o Preto-SP e Regi\u00e3o","link":"https:\/\/ismaelcolosi.com.br\/index.php\/category\/noticias-de-ribeirao-preto-sp-e-regiao-ismael-colosi\/"},"img":{"alt_text":"","src":"https:\/\/i0.wp.com\/ismaelcolosi.com.br\/wp-content\/uploads\/2024\/07\/frio-df_mcamgo_abr_110820221818-4_2024-07-08_17-50-52_jpg_2024-07-08_17-50-54-scaled.webp.webp?fit=1200%2C800&ssl=1&resize=350%2C200","width":350,"height":200,"srcset":"https:\/\/i0.wp.com\/ismaelcolosi.com.br\/wp-content\/uploads\/2024\/07\/frio-df_mcamgo_abr_110820221818-4_2024-07-08_17-50-52_jpg_2024-07-08_17-50-54-scaled.webp.webp?fit=1200%2C800&ssl=1&resize=350%2C200 1x, https:\/\/i0.wp.com\/ismaelcolosi.com.br\/wp-content\/uploads\/2024\/07\/frio-df_mcamgo_abr_110820221818-4_2024-07-08_17-50-52_jpg_2024-07-08_17-50-54-scaled.webp.webp?fit=1200%2C800&ssl=1&resize=525%2C300 1.5x, https:\/\/i0.wp.com\/ismaelcolosi.com.br\/wp-content\/uploads\/2024\/07\/frio-df_mcamgo_abr_110820221818-4_2024-07-08_17-50-52_jpg_2024-07-08_17-50-54-scaled.webp.webp?fit=1200%2C800&ssl=1&resize=700%2C400 2x, https:\/\/i0.wp.com\/ismaelcolosi.com.br\/wp-content\/uploads\/2024\/07\/frio-df_mcamgo_abr_110820221818-4_2024-07-08_17-50-52_jpg_2024-07-08_17-50-54-scaled.webp.webp?fit=1200%2C800&ssl=1&resize=1050%2C600 3x"},"classes":[]},{"id":67662,"url":"https:\/\/ismaelcolosi.com.br\/index.php\/2024\/09\/24\/tudo-sobre-a-nova-frente-fria-que-vai-atingir-o-interior-de-sp\/","url_meta":{"origin":51930,"position":1},"title":"Tudo sobre a nova frente fria que vai atingir o interior de SP","author":"ismaelcolosi.com.br","date":"24 de September de 2024","format":false,"excerpt":"A primavera come\u00e7ou no \u00faltimo domingo (22) e trouxe o calor\u00e3o de volta para o interior de S\u00e3o Paulo. Uma grande massa de ar seco volta a deixar o tempo est\u00e1vel, por\u00e9m, uma nova frente fria deve atingir o estado nos pr\u00f3ximos dias. O sistema est\u00e1 avan\u00e7ando pelo Sul do\u2026","rel":"","context":"In &quot;Not\u00edcias de Ribeir\u00e3o Preto-SP e Regi\u00e3o&quot;","block_context":{"text":"Not\u00edcias de Ribeir\u00e3o Preto-SP e Regi\u00e3o","link":"https:\/\/ismaelcolosi.com.br\/index.php\/category\/noticias-de-ribeirao-preto-sp-e-regiao-ismael-colosi\/"},"img":{"alt_text":"","src":"https:\/\/i0.wp.com\/ismaelcolosi.com.br\/wp-content\/uploads\/2024\/09\/1727213906_chuva_guardachuva_500x320_12022019150254.jpg?fit=500%2C322&ssl=1&resize=350%2C200","width":350,"height":200},"classes":[]},{"id":58124,"url":"https:\/\/ismaelcolosi.com.br\/index.php\/2024\/07\/28\/defesa-civil-de-sao-paulo-publica-alerta-de-ventos-fortes-frente-fria-esta-chegando\/","url_meta":{"origin":51930,"position":2},"title":"Defesa Civil de S\u00e3o Paulo publica alerta de ventos fortes; frente fria est\u00e1 chegando","author":"ismaelcolosi.com.br","date":"28 de July de 2024","format":false,"excerpt":"A Defesa Civil do Estado de S\u00e3o Paulo publicou um alerta de ventos fortes para todo o litoral paulista. O aviso \u00e9 v\u00e1lido para o per\u00edodo entre segunda-feira (29) e ter\u00e7a-feira (30). Segundo aviso, as rajadas de vento poder\u00e3o chegar em 75 km\/h. \u201cRecomendamos aten\u00e7\u00e3o \u00e0s \u00e1reas mais vulner\u00e1veis\u201d, informa\u2026","rel":"","context":"In &quot;Not\u00edcias de Ribeir\u00e3o Preto-SP e Regi\u00e3o&quot;","block_context":{"text":"Not\u00edcias de Ribeir\u00e3o Preto-SP e Regi\u00e3o","link":"https:\/\/ismaelcolosi.com.br\/index.php\/category\/noticias-de-ribeirao-preto-sp-e-regiao-ismael-colosi\/"},"img":{"alt_text":"","src":"https:\/\/i0.wp.com\/ismaelcolosi.com.br\/wp-content\/uploads\/2024\/07\/WhatsApp-Image-2024-01-14-at-10.08.20.jpeg?fit=1200%2C900&ssl=1&resize=350%2C200","width":350,"height":200,"srcset":"https:\/\/i0.wp.com\/ismaelcolosi.com.br\/wp-content\/uploads\/2024\/07\/WhatsApp-Image-2024-01-14-at-10.08.20.jpeg?fit=1200%2C900&ssl=1&resize=350%2C200 1x, https:\/\/i0.wp.com\/ismaelcolosi.com.br\/wp-content\/uploads\/2024\/07\/WhatsApp-Image-2024-01-14-at-10.08.20.jpeg?fit=1200%2C900&ssl=1&resize=525%2C300 1.5x, https:\/\/i0.wp.com\/ismaelcolosi.com.br\/wp-content\/uploads\/2024\/07\/WhatsApp-Image-2024-01-14-at-10.08.20.jpeg?fit=1200%2C900&ssl=1&resize=700%2C400 2x, https:\/\/i0.wp.com\/ismaelcolosi.com.br\/wp-content\/uploads\/2024\/07\/WhatsApp-Image-2024-01-14-at-10.08.20.jpeg?fit=1200%2C900&ssl=1&resize=1050%2C600 3x"},"classes":[]},{"id":67711,"url":"https:\/\/ismaelcolosi.com.br\/index.php\/2024\/09\/25\/muito-calor-veja-as-temperaturas-no-interior-de-sp-antes-da-frente-fria\/","url_meta":{"origin":51930,"position":3},"title":"Muito calor: Veja as temperaturas no interior de SP antes da frente fria","author":"ismaelcolosi.com.br","date":"25 de September de 2024","format":false,"excerpt":"A onda de calor que atinge o interior de S\u00e3o Paulo pode ser intensificada nos pr\u00f3ximos dias por causa da aproxima\u00e7\u00e3o de uma frente fria. Segundo a Meteored, em Ribeir\u00e3o Preto a m\u00e1xima est\u00e1 prevista em 38\u00b0C nesta quarta-feira (25) e pode atingir 40\u00b0C nesta quinta-feira (26) e sexta-feira (27).\u2026","rel":"","context":"In &quot;Not\u00edcias de Ribeir\u00e3o Preto-SP e Regi\u00e3o&quot;","block_context":{"text":"Not\u00edcias de Ribeir\u00e3o Preto-SP e Regi\u00e3o","link":"https:\/\/ismaelcolosi.com.br\/index.php\/category\/noticias-de-ribeirao-preto-sp-e-regiao-ismael-colosi\/"},"img":{"alt_text":"","src":"https:\/\/i0.wp.com\/ismaelcolosi.com.br\/wp-content\/uploads\/2024\/09\/WhatsApp-Image-2024-02-28-at-08.48.57.jpeg?fit=1200%2C900&ssl=1&resize=350%2C200","width":350,"height":200,"srcset":"https:\/\/i0.wp.com\/ismaelcolosi.com.br\/wp-content\/uploads\/2024\/09\/WhatsApp-Image-2024-02-28-at-08.48.57.jpeg?fit=1200%2C900&ssl=1&resize=350%2C200 1x, https:\/\/i0.wp.com\/ismaelcolosi.com.br\/wp-content\/uploads\/2024\/09\/WhatsApp-Image-2024-02-28-at-08.48.57.jpeg?fit=1200%2C900&ssl=1&resize=525%2C300 1.5x, https:\/\/i0.wp.com\/ismaelcolosi.com.br\/wp-content\/uploads\/2024\/09\/WhatsApp-Image-2024-02-28-at-08.48.57.jpeg?fit=1200%2C900&ssl=1&resize=700%2C400 2x, https:\/\/i0.wp.com\/ismaelcolosi.com.br\/wp-content\/uploads\/2024\/09\/WhatsApp-Image-2024-02-28-at-08.48.57.jpeg?fit=1200%2C900&ssl=1&resize=1050%2C600 3x"},"classes":[]},{"id":66494,"url":"https:\/\/ismaelcolosi.com.br\/index.php\/2024\/09\/17\/inverno-deve-terminar-com-frente-fria-e-chuva-no-estado-de-sp-veja-previsao\/","url_meta":{"origin":51930,"position":4},"title":"Inverno deve terminar com frente fria e chuva no estado de SP; Veja previs\u00e3o","author":"ismaelcolosi.com.br","date":"17 de September de 2024","format":false,"excerpt":"A \u00faltima semana do Inverno ser\u00e1 marcada por oscila\u00e7\u00f5es clim\u00e1ticas em diversas regi\u00f5es do Centro-Sul do Brasil, inclusive no estado de S\u00e3o Paulo. A primavera de 2024 come\u00e7a astronomicamente neste domingo (22), \u00e0s 9h44. A semana come\u00e7ou com o registro de chuva fraca, garoa e temperaturas mais amenas em algumas\u2026","rel":"","context":"In &quot;Not\u00edcias de Ribeir\u00e3o Preto-SP e Regi\u00e3o&quot;","block_context":{"text":"Not\u00edcias de Ribeir\u00e3o Preto-SP e Regi\u00e3o","link":"https:\/\/ismaelcolosi.com.br\/index.php\/category\/noticias-de-ribeirao-preto-sp-e-regiao-ismael-colosi\/"},"img":{"alt_text":"","src":"https:\/\/i0.wp.com\/ismaelcolosi.com.br\/wp-content\/uploads\/2024\/09\/chuva_na_cidade_de_campinas_sp_cxdigo_19_170676.jpg?fit=1200%2C800&ssl=1&resize=350%2C200","width":350,"height":200,"srcset":"https:\/\/i0.wp.com\/ismaelcolosi.com.br\/wp-content\/uploads\/2024\/09\/chuva_na_cidade_de_campinas_sp_cxdigo_19_170676.jpg?fit=1200%2C800&ssl=1&resize=350%2C200 1x, https:\/\/i0.wp.com\/ismaelcolosi.com.br\/wp-content\/uploads\/2024\/09\/chuva_na_cidade_de_campinas_sp_cxdigo_19_170676.jpg?fit=1200%2C800&ssl=1&resize=525%2C300 1.5x, https:\/\/i0.wp.com\/ismaelcolosi.com.br\/wp-content\/uploads\/2024\/09\/chuva_na_cidade_de_campinas_sp_cxdigo_19_170676.jpg?fit=1200%2C800&ssl=1&resize=700%2C400 2x, https:\/\/i0.wp.com\/ismaelcolosi.com.br\/wp-content\/uploads\/2024\/09\/chuva_na_cidade_de_campinas_sp_cxdigo_19_170676.jpg?fit=1200%2C800&ssl=1&resize=1050%2C600 3x"},"classes":[]},{"id":68401,"url":"https:\/\/ismaelcolosi.com.br\/index.php\/2024\/09\/29\/interior-de-sp-tem-alerta-para-nova-onda-de-calor-veja-previsao\/","url_meta":{"origin":51930,"position":5},"title":"Interior de SP tem alerta para nova onda de calor; Veja previs\u00e3o","author":"ismaelcolosi.com.br","date":"29 de September de 2024","format":false,"excerpt":"O ar quente e seco volta a ganhar for\u00e7a no interior de S\u00e3o Paulo a partir deste domingo (29), dando in\u00edcio a oitava onda de calor na regi\u00e3o, de acordo com a Climatempo. Conforme a previs\u00e3o do servi\u00e7o de meteorologia, nos pr\u00f3ximos dias podemos esperar qualidade do ar comprometida, potencial\u2026","rel":"","context":"In &quot;Not\u00edcias de Ribeir\u00e3o Preto-SP e Regi\u00e3o&quot;","block_context":{"text":"Not\u00edcias de Ribeir\u00e3o Preto-SP e Regi\u00e3o","link":"https:\/\/ismaelcolosi.com.br\/index.php\/category\/noticias-de-ribeirao-preto-sp-e-regiao-ismael-colosi\/"},"img":{"alt_text":"","src":"https:\/\/i0.wp.com\/ismaelcolosi.com.br\/wp-content\/uploads\/2024\/09\/20230916_171444.jpg?fit=1200%2C716&ssl=1&resize=350%2C200","width":350,"height":200,"srcset":"https:\/\/i0.wp.com\/ismaelcolosi.com.br\/wp-content\/uploads\/2024\/09\/20230916_171444.jpg?fit=1200%2C716&ssl=1&resize=350%2C200 1x, https:\/\/i0.wp.com\/ismaelcolosi.com.br\/wp-content\/uploads\/2024\/09\/20230916_171444.jpg?fit=1200%2C716&ssl=1&resize=525%2C300 1.5x, https:\/\/i0.wp.com\/ismaelcolosi.com.br\/wp-content\/uploads\/2024\/09\/20230916_171444.jpg?fit=1200%2C716&ssl=1&resize=700%2C400 2x, https:\/\/i0.wp.com\/ismaelcolosi.com.br\/wp-content\/uploads\/2024\/09\/20230916_171444.jpg?fit=1200%2C716&ssl=1&resize=1050%2C600 3x"},"classes":[]}],"jetpack_sharing_enabled":true,"jetpack_shortlink":"https:\/\/wp.me\/pfMlyK-dvA","_links":{"self":[{"href":"https:\/\/ismaelcolosi.com.br\/index.php\/wp-json\/wp\/v2\/posts\/51930","targetHints":{"allow":["GET"]}}],"collection":[{"href":"https:\/\/ismaelcolosi.com.br\/index.php\/wp-json\/wp\/v2\/posts"}],"about":[{"href":"https:\/\/ismaelcolosi.com.br\/index.php\/wp-json\/wp\/v2\/types\/post"}],"author":[{"embeddable":true,"href":"https:\/\/ismaelcolosi.com.br\/index.php\/wp-json\/wp\/v2\/users\/1"}],"replies":[{"embeddable":true,"href":"https:\/\/ismaelcolosi.com.br\/index.php\/wp-json\/wp\/v2\/comments?post=51930"}],"version-history":[{"count":0,"href":"https:\/\/ismaelcolosi.com.br\/index.php\/wp-json\/wp\/v2\/posts\/51930\/revisions"}],"wp:featuredmedia":[{"embeddable":true,"href":"https:\/\/ismaelcolosi.com.br\/index.php\/wp-json\/wp\/v2\/media\/51931"}],"wp:attachment":[{"href":"https:\/\/ismaelcolosi.com.br\/index.php\/wp-json\/wp\/v2\/media?parent=51930"}],"wp:term":[{"taxonomy":"category","embeddable":true,"href":"https:\/\/ismaelcolosi.com.br\/index.php\/wp-json\/wp\/v2\/categories?post=51930"},{"taxonomy":"post_tag","embeddable":true,"href":"https:\/\/ismaelcolosi.com.br\/index.php\/wp-json\/wp\/v2\/tags?post=51930"}],"curies":[{"name":"wp","href":"https:\/\/api.w.org\/{rel}","templated":true}]}}