{"id":51929,"date":"2024-06-02T09:17:19","date_gmt":"2024-06-02T12:17:19","guid":{"rendered":"https:\/\/ismaelcolosi.com.br\/index.php\/2024\/06\/02\/condominio-e-multado-por-ter-demitido-funcionario\/"},"modified":"2024-06-02T09:17:19","modified_gmt":"2024-06-02T12:17:19","slug":"condominio-e-multado-por-ter-demitido-funcionario","status":"publish","type":"post","link":"https:\/\/ismaelcolosi.com.br\/index.php\/2024\/06\/02\/condominio-e-multado-por-ter-demitido-funcionario\/","title":{"rendered":"Condom\u00ednio \u00e9 multado por ter demitido funcion\u00e1rio"},"content":{"rendered":"<p> <br \/>\n<\/p>\n<div>\n<p>A implementa\u00e7\u00e3o de tecnologias automatizadas em condom\u00ednios, como a portaria remota, que \u00e9 uma solu\u00e7\u00e3o tecnol\u00f3gica inovadora de seguran\u00e7a condominial que permite o controle de acesso de visitantes e prestadores de servi\u00e7os \u00e0 dist\u00e2ncia por meio de uma central de monitoramento, traz in\u00fameros benef\u00edcios em termos de seguran\u00e7a e custo, mas tamb\u00e9m gera importantes quest\u00f5es trabalhistas.<\/p>\n<h2 class=\"wp-block-heading\"><strong>Contexto e Decis\u00e3o do TST<\/strong><\/h2>\n<p>Em um caso julgado pelo TST \u2013 Tribunal Superior do Trabalho, um condom\u00ednio em Campinas foi penalizado ap\u00f3s dispensar seus funcion\u00e1rios e substituir a portaria tradicional por uma portaria remota. A corte determinou que o condom\u00ednio deveria pagar uma indeniza\u00e7\u00e3o equivalente a sete pisos salariais ao trabalhador dispensado. A decis\u00e3o foi fundamentada no entendimento de que a substitui\u00e7\u00e3o de funcion\u00e1rios por sistemas automatizados, sem a devida negocia\u00e7\u00e3o coletiva ou compensa\u00e7\u00e3o adequada, configura uma pr\u00e1tica abusiva que desconsidera os direitos trabalhistas.<\/p>\n<p>Esta decis\u00e3o acabou contrariando decis\u00f5es anteriores do pr\u00f3prio Tribunal. Em novembro de 2021, o mesmo TST, desta feita sob a relatoria do Ministro Maur\u00edcio Godinho Delgado declarou por unanimidade a nulidade de cl\u00e1usula que proibia os servi\u00e7os de monitoramento \u00e0 dist\u00e2ncia. Ainda, em 2022, para a Ministra Dela\u00edde Miranda Arantes, da Se\u00e7\u00e3o Especializada em Diss\u00eddios Coletivos (SDC), \u201ccl\u00e1usulas dessa natureza n\u00e3o podem ser toleradas pela Justi\u00e7a do Trabalho, pois afrontam os princ\u00edpios constitucionais da livre iniciativa e da livre concorr\u00eancia, al\u00e9m de contrariarem decis\u00f5es do Supremo Tribunal Federal\u201d.<\/p>\n<h2 class=\"wp-block-heading\"><strong>Implica\u00e7\u00f5es Legais<\/strong><\/h2>\n<p>A recente decis\u00e3o do TST implica em um clamoroso retrocesso na corte e estabelece um precedente que pode resultar em novas a\u00e7\u00f5es judiciais contra aqueles condom\u00ednios que demitirem os seus funcion\u00e1rios para substitu\u00ed-los por empresas terceirizadas ou mesmo por portarias chamadas \u2018remotas\u2019.<\/p>\n<h2 class=\"wp-block-heading\"><strong>Impacto da Terceiriza\u00e7\u00e3o e Automa\u00e7\u00e3o<\/strong><\/h2>\n<p>A terceiriza\u00e7\u00e3o de m\u00e3o-de-obra bem como a automa\u00e7\u00e3o de servi\u00e7os, como a portaria remota, est\u00e3o se tornando cada vez mais comuns em diversos setores, incluindo a administra\u00e7\u00e3o de condom\u00ednios. Tanto uma quanto a outra, oferecem uma s\u00e9rie de vantagens, como a redu\u00e7\u00e3o de custos operacionais, melhoria na seguran\u00e7a e efici\u00eancia na gest\u00e3o dos acessos.<\/p>\n<p>Importante lembrarmos que o condom\u00ednio n\u00e3o \u00e9 uma empresa que visa lucros. A taxa de condom\u00ednio tem a natureza de mera divis\u00e3o de despesas. Dito isto, cada condom\u00ednio, com a sua condi\u00e7\u00e3o financeira e estrutura particular, deve discutir entre os seus cond\u00f4minos, numa assembleia, o que \u00e9 melhor para aquela coletividade segundo a sua arrecada\u00e7\u00e3o.<\/p>\n<p>\u00c9, no m\u00ednimo, temer\u00e1rio que o condom\u00ednio, a exemplo de uma empresa, tenha de ficar vinculado a uma decis\u00e3o de sindicatos ou mesmo de entendimentos de tribunais, especialmente quando se trata de uma quest\u00e3o pr\u00f3pria e estrutural de cada um, assim como seria em qualquer outra empresa, onde algu\u00e9m de fora da sua estrutura ou do seu quadro social, pudesse opinar sobre o que voc\u00ea pode ou n\u00e3o fazer com seus funcion\u00e1rios.<\/p>\n<p>As teses constitucionais at\u00e9 ent\u00e3o defendidas \u2013 Livre Iniciativa e Livre Concorr\u00eancia, se mostram ser as que mais se aproximam do formato que se adequa \u00e0 vida condominial.<\/p>\n<p>Em alguns casos, a portaria remota pode diminuir em at\u00e9 50% (cinquenta por cento) a despesa relacionada a gasto com pessoal.<\/p>\n<p>\u00c9 certo que a substitui\u00e7\u00e3o de trabalhadores por sistemas automatizados pode resultar em desemprego e em alguns casos at\u00e9 a precariza\u00e7\u00e3o das condi\u00e7\u00f5es de trabalho. Por\u00e9m, no tempo da 4\u00aa. Revolu\u00e7\u00e3o Industrial este \u00e9 o panorama que se apresenta n\u00e3o somente com a portaria de condom\u00ednios, mas em muitas outras profiss\u00f5es. Muitas ser\u00e3o extintas, enquanto que outras muitas ser\u00e3o (ou j\u00e1 s\u00e3o) criadas a cada dia.<\/p>\n<p>Ainda sobre a \u00faltima decis\u00e3o do TST, os condom\u00ednios far\u00e3o bem em consultar o seu advogado de confian\u00e7a quando pretender substituir os seus porteiros org\u00e2nicos, lembrando que a palavra final sobre o assunto dever\u00e1 ser dada pelo STF \u2013 Supremo Tribunal Federal), que \u00e9 o guardi\u00e3o da Constitui\u00e7\u00e3o Federal.<\/p>\n<p><!-- AI CONTENT END 1 -->\n<\/div>\n<p><br \/>\n<br \/><a href=\"https:\/\/www.acidadeon.com\/ribeiraopreto\/cotidiano\/colunistas-ribeirao-preto\/condominio-e-multado-por-ter-demitido-funcionario\/\">Source link <\/a><\/p>\n<div class='code-block code-block-4' style='margin: 8px auto 8px 0; text-align: left; display: block; clear: both;'>\n\ud83d\udce2 Aviso Legal\n\nO site ismaelcolosi.com.br atua apenas como um canal de divulga\u00e7\u00e3o de oportunidades de emprego e n\u00e3o se responsabiliza pelo processo seletivo, contrata\u00e7\u00e3o ou qualquer outra etapa relacionada \u00e0s vagas publicadas. Todas as informa\u00e7\u00f5es s\u00e3o de responsabilidade dos anunciantes.\n\n\u26a0\ufe0f Aten\u00e7\u00e3o! Nunca pague por promessas de emprego nem compre cursos que garantam contrata\u00e7\u00e3o. Desconfie de qualquer cobran\u00e7a para participar de sele\u00e7\u00f5es.\n\n\n\n<\/div>\n<!-- CONTENT END 1 -->\n","protected":false},"excerpt":{"rendered":"<p>A implementa\u00e7\u00e3o de tecnologias automatizadas em condom\u00ednios, como a portaria remota, que \u00e9 uma solu\u00e7\u00e3o tecnol\u00f3gica inovadora de seguran\u00e7a condominial que permite o controle de&#8230;<\/p>\n","protected":false},"author":1,"featured_media":40369,"comment_status":"open","ping_status":"open","sticky":false,"template":"","format":"standard","meta":{"_uag_custom_page_level_css":"","advanced_seo_description":"","jetpack_seo_html_title":"","jetpack_seo_noindex":false,"jetpack_post_was_ever_published":false,"_jetpack_newsletter_access":"","_jetpack_dont_email_post_to_subs":false,"_jetpack_newsletter_tier_id":0,"_jetpack_memberships_contains_paywalled_content":false,"_jetpack_memberships_contains_paid_content":false,"footnotes":"","jetpack_publicize_message":"","jetpack_publicize_feature_enabled":true,"jetpack_social_post_already_shared":true,"jetpack_social_options":{"image_generator_settings":{"template":"highway","default_image_id":0,"font":"","enabled":false},"version":2}},"categories":[11],"tags":[],"class_list":["post-51929","post","type-post","status-publish","format-standard","has-post-thumbnail","hentry","category-noticias-de-ribeirao-preto-sp-e-regiao-ismael-colosi"],"jetpack_publicize_connections":[],"jetpack_featured_media_url":"https:\/\/i0.wp.com\/ismaelcolosi.com.br\/wp-content\/uploads\/2024\/03\/AnyConv.com__WhatsApp-Image-2024-02-29-at-15.18.26.webp.webp?fit=640%2C405&ssl=1","uagb_featured_image_src":{"full":["https:\/\/i0.wp.com\/ismaelcolosi.com.br\/wp-content\/uploads\/2024\/03\/AnyConv.com__WhatsApp-Image-2024-02-29-at-15.18.26.webp.webp?fit=640%2C405&ssl=1",640,405,false],"thumbnail":["https:\/\/i0.wp.com\/ismaelcolosi.com.br\/wp-content\/uploads\/2024\/03\/AnyConv.com__WhatsApp-Image-2024-02-29-at-15.18.26.webp.webp?resize=150%2C150&ssl=1",150,150,true],"medium":["https:\/\/i0.wp.com\/ismaelcolosi.com.br\/wp-content\/uploads\/2024\/03\/AnyConv.com__WhatsApp-Image-2024-02-29-at-15.18.26.webp.webp?fit=300%2C190&ssl=1",300,190,true],"medium_large":["https:\/\/i0.wp.com\/ismaelcolosi.com.br\/wp-content\/uploads\/2024\/03\/AnyConv.com__WhatsApp-Image-2024-02-29-at-15.18.26.webp.webp?fit=640%2C405&ssl=1",640,405,true],"large":["https:\/\/i0.wp.com\/ismaelcolosi.com.br\/wp-content\/uploads\/2024\/03\/AnyConv.com__WhatsApp-Image-2024-02-29-at-15.18.26.webp.webp?fit=640%2C405&ssl=1",640,405,true],"1536x1536":["https:\/\/i0.wp.com\/ismaelcolosi.com.br\/wp-content\/uploads\/2024\/03\/AnyConv.com__WhatsApp-Image-2024-02-29-at-15.18.26.webp.webp?fit=640%2C405&ssl=1",640,405,true],"2048x2048":["https:\/\/i0.wp.com\/ismaelcolosi.com.br\/wp-content\/uploads\/2024\/03\/AnyConv.com__WhatsApp-Image-2024-02-29-at-15.18.26.webp.webp?fit=640%2C405&ssl=1",640,405,true],"really-simple-thumb":["https:\/\/i0.wp.com\/ismaelcolosi.com.br\/wp-content\/uploads\/2024\/03\/AnyConv.com__WhatsApp-Image-2024-02-29-at-15.18.26.webp.webp?resize=370%2C247&ssl=1",370,247,true]},"uagb_author_info":{"display_name":"ismaelcolosi.com.br","author_link":"https:\/\/ismaelcolosi.com.br\/index.php\/author\/vidareal-online\/"},"uagb_comment_info":0,"uagb_excerpt":"A implementa\u00e7\u00e3o de tecnologias automatizadas em condom\u00ednios, como a portaria remota, que \u00e9 uma solu\u00e7\u00e3o tecnol\u00f3gica inovadora de seguran\u00e7a condominial que permite o controle de...","jetpack-related-posts":[{"id":42801,"url":"https:\/\/ismaelcolosi.com.br\/index.php\/2024\/03\/17\/condominios-na-mira-de-ladroes-e-fraudadores\/","url_meta":{"origin":51929,"position":0},"title":"Condom\u00ednios na mira de ladr\u00f5es e fraudadores\u00a0","author":"ismaelcolosi.com.br","date":"17 de March de 2024","format":false,"excerpt":"Por Adalberto Luque\u00a0Atualmente, viver em condom\u00ednio n\u00e3o significa mais, necessariamente, viver em seguran\u00e7a. Repaginando antigos golpes e criando novos, criminosos e fraudadores investem cada vez mais para a pr\u00e1tica de seus crimes contra os locais onde muitos imaginam ser verdadeiras fortalezas.\u00a0Exemplificando apenas em dois casos, ambos na zona Sul de\u2026","rel":"","context":"In &quot;Not\u00edcias de Ribeir\u00e3o Preto-SP e Regi\u00e3o&quot;","block_context":{"text":"Not\u00edcias de Ribeir\u00e3o Preto-SP e Regi\u00e3o","link":"https:\/\/ismaelcolosi.com.br\/index.php\/category\/noticias-de-ribeirao-preto-sp-e-regiao-ismael-colosi\/"},"img":{"alt_text":"","src":"https:\/\/i0.wp.com\/ismaelcolosi.com.br\/wp-content\/uploads\/2024\/03\/FOTO-03-Golpes-em-condominio-04-Foto-Alfredo-Risk-scaled.jpg?fit=968%2C645&ssl=1&resize=350%2C200","width":350,"height":200,"srcset":"https:\/\/i0.wp.com\/ismaelcolosi.com.br\/wp-content\/uploads\/2024\/03\/FOTO-03-Golpes-em-condominio-04-Foto-Alfredo-Risk-scaled.jpg?fit=968%2C645&ssl=1&resize=350%2C200 1x, https:\/\/i0.wp.com\/ismaelcolosi.com.br\/wp-content\/uploads\/2024\/03\/FOTO-03-Golpes-em-condominio-04-Foto-Alfredo-Risk-scaled.jpg?fit=968%2C645&ssl=1&resize=525%2C300 1.5x, https:\/\/i0.wp.com\/ismaelcolosi.com.br\/wp-content\/uploads\/2024\/03\/FOTO-03-Golpes-em-condominio-04-Foto-Alfredo-Risk-scaled.jpg?fit=968%2C645&ssl=1&resize=700%2C400 2x"},"classes":[]},{"id":42794,"url":"https:\/\/ismaelcolosi.com.br\/index.php\/2024\/03\/17\/a-logistica-das-entregas-em-condominios-entre-desafios-e-solucoes\/","url_meta":{"origin":51929,"position":1},"title":"A Log\u00edstica das Entregas em Condom\u00ednios: Entre Desafios e Solu\u00e7\u00f5es","author":"ismaelcolosi.com.br","date":"17 de March de 2024","format":false,"excerpt":"A era digital, com suas compras online r\u00e1pidas e entregas em domic\u00edlio, tem redefinido a experi\u00eancia do consumidor moderno. Em apenas alguns cliques, adquirimos produtos que, em tempos passados, exigiriam deslocamentos e longas esperas. No entanto, essa conveni\u00eancia n\u00e3o se limita ao n\u00edvel individual; ela tamb\u00e9m impacta os condom\u00ednios residenciais,\u2026","rel":"","context":"In &quot;Not\u00edcias de Ribeir\u00e3o Preto-SP e Regi\u00e3o&quot;","block_context":{"text":"Not\u00edcias de Ribeir\u00e3o Preto-SP e Regi\u00e3o","link":"https:\/\/ismaelcolosi.com.br\/index.php\/category\/noticias-de-ribeirao-preto-sp-e-regiao-ismael-colosi\/"},"img":{"alt_text":"","src":"https:\/\/i0.wp.com\/ismaelcolosi.com.br\/wp-content\/uploads\/2024\/03\/AnyConv.com__WhatsApp-Image-2024-02-29-at-15.18.26.webp.webp?fit=640%2C405&ssl=1&resize=350%2C200","width":350,"height":200,"srcset":"https:\/\/i0.wp.com\/ismaelcolosi.com.br\/wp-content\/uploads\/2024\/03\/AnyConv.com__WhatsApp-Image-2024-02-29-at-15.18.26.webp.webp?fit=640%2C405&ssl=1&resize=350%2C200 1x, https:\/\/i0.wp.com\/ismaelcolosi.com.br\/wp-content\/uploads\/2024\/03\/AnyConv.com__WhatsApp-Image-2024-02-29-at-15.18.26.webp.webp?fit=640%2C405&ssl=1&resize=525%2C300 1.5x"},"classes":[]},{"id":54883,"url":"https:\/\/ismaelcolosi.com.br\/index.php\/2024\/06\/28\/justica-proibe-suspeito-de-agredir-e-matar-idoso-em-ribeirao-preto-de-entrar-em-condominio\/","url_meta":{"origin":51929,"position":2},"title":"Justi\u00e7a pro\u00edbe suspeito de agredir e matar idoso em Ribeir\u00e3o Preto de entrar em condom\u00ednio","author":"ismaelcolosi.com.br","date":"28 de June de 2024","format":false,"excerpt":"A Justi\u00e7a proibiu a entrada de S\u00e9rgio Salom\u00e3o Bernardes, de 48 anos, suspeito de agredir a socos e matar, o idoso J\u00falio C\u00e9sar da Silva, de 60 anos, no condom\u00ednio Jardim das Pedras, no bairro Jardim Paulista em Ribeir\u00e3o Preto. A decis\u00e3o do TJ-SP (Tribunal de Justi\u00e7a de S\u00e3o Paulo)\u2026","rel":"","context":"In &quot;Not\u00edcias de Ribeir\u00e3o Preto-SP e Regi\u00e3o&quot;","block_context":{"text":"Not\u00edcias de Ribeir\u00e3o Preto-SP e Regi\u00e3o","link":"https:\/\/ismaelcolosi.com.br\/index.php\/category\/noticias-de-ribeirao-preto-sp-e-regiao-ismael-colosi\/"},"img":{"alt_text":"","src":"https:\/\/i0.wp.com\/ismaelcolosi.com.br\/wp-content\/uploads\/2024\/06\/suspeito-agredir-idoso_2024-06-27_23-46-06_png_2024-06-27_23-46-06.webp.webp?fit=984%2C554&ssl=1&resize=350%2C200","width":350,"height":200,"srcset":"https:\/\/i0.wp.com\/ismaelcolosi.com.br\/wp-content\/uploads\/2024\/06\/suspeito-agredir-idoso_2024-06-27_23-46-06_png_2024-06-27_23-46-06.webp.webp?fit=984%2C554&ssl=1&resize=350%2C200 1x, https:\/\/i0.wp.com\/ismaelcolosi.com.br\/wp-content\/uploads\/2024\/06\/suspeito-agredir-idoso_2024-06-27_23-46-06_png_2024-06-27_23-46-06.webp.webp?fit=984%2C554&ssl=1&resize=525%2C300 1.5x, https:\/\/i0.wp.com\/ismaelcolosi.com.br\/wp-content\/uploads\/2024\/06\/suspeito-agredir-idoso_2024-06-27_23-46-06_png_2024-06-27_23-46-06.webp.webp?fit=984%2C554&ssl=1&resize=700%2C400 2x"},"classes":[]},{"id":6713,"url":"https:\/\/ismaelcolosi.com.br\/index.php\/2023\/11\/26\/cameras-de-seguranca-flagraram-suspeito-transitando-em-predio-de-luxo-em-que-dentista-foi-encontrado-sem-vida\/","url_meta":{"origin":51929,"position":3},"title":"C\u00e2meras de seguran\u00e7a flagraram suspeito transitando em pr\u00e9dio de luxo em que dentista foi encontrado sem vida","author":"ismaelcolosi.com.br","date":"26 de November de 2023","format":false,"excerpt":"Registro de c\u00e2meras de seguran\u00e7a revelam o deslocamento do indiv\u00edduo suspeito de estar ligado \u00e0 morte do dentista Lucas Maia de Oliveira, de 36 anos.O corpo do profissional foi descoberto sem vida na tarde de s\u00e1bado (25) em seu apartamento no edif\u00edcio de alto padr\u00e3o Celebration Garibaldi, situado na cidade\u2026","rel":"","context":"In &quot;Blog&quot;","block_context":{"text":"Blog","link":"https:\/\/ismaelcolosi.com.br\/index.php\/category\/blog\/"},"img":{"alt_text":"","src":"https:\/\/i0.wp.com\/ismaelcolosi.com.br\/wp-content\/uploads\/2023\/11\/postimg-6563a41b37e2b5488.jpg?fit=1200%2C628&ssl=1&resize=350%2C200","width":350,"height":200,"srcset":"https:\/\/i0.wp.com\/ismaelcolosi.com.br\/wp-content\/uploads\/2023\/11\/postimg-6563a41b37e2b5488.jpg?fit=1200%2C628&ssl=1&resize=350%2C200 1x, https:\/\/i0.wp.com\/ismaelcolosi.com.br\/wp-content\/uploads\/2023\/11\/postimg-6563a41b37e2b5488.jpg?fit=1200%2C628&ssl=1&resize=525%2C300 1.5x, https:\/\/i0.wp.com\/ismaelcolosi.com.br\/wp-content\/uploads\/2023\/11\/postimg-6563a41b37e2b5488.jpg?fit=1200%2C628&ssl=1&resize=700%2C400 2x, https:\/\/i0.wp.com\/ismaelcolosi.com.br\/wp-content\/uploads\/2023\/11\/postimg-6563a41b37e2b5488.jpg?fit=1200%2C628&ssl=1&resize=1050%2C600 3x"},"classes":[]},{"id":39768,"url":"https:\/\/ismaelcolosi.com.br\/index.php\/2024\/02\/28\/governo-adia-por-tres-meses-portaria-sobre-trabalho-aos-feriados\/","url_meta":{"origin":51929,"position":4},"title":"Governo adia por tr\u00eas meses portaria sobre trabalho aos feriados","author":"ismaelcolosi.com.br","date":"28 de February de 2024","format":false,"excerpt":"28 de fevereiro de 2024 | 10:0027 de fevereiro de 2024 | 19:48 0Sem acordo entre o governo, trabalhadores e patr\u00f5es, o Minist\u00e9rio do Trabalho e Emprego adiou por tr\u00eas meses a publica\u00e7\u00e3o da portaria que restringe o trabalho no com\u00e9rcio aos feriados para os trabalhadores com conven\u00e7\u00e3o coletiva. As\u2026","rel":"","context":"In &quot;Not\u00edcias de Ribeir\u00e3o Preto-SP e Regi\u00e3o&quot;","block_context":{"text":"Not\u00edcias de Ribeir\u00e3o Preto-SP e Regi\u00e3o","link":"https:\/\/ismaelcolosi.com.br\/index.php\/category\/noticias-de-ribeirao-preto-sp-e-regiao-ismael-colosi\/"},"img":{"alt_text":"","src":"https:\/\/i0.wp.com\/ismaelcolosi.com.br\/wp-content\/uploads\/2024\/02\/feriados-1000x600-1.jpg?fit=1000%2C600&ssl=1&resize=350%2C200","width":350,"height":200,"srcset":"https:\/\/i0.wp.com\/ismaelcolosi.com.br\/wp-content\/uploads\/2024\/02\/feriados-1000x600-1.jpg?fit=1000%2C600&ssl=1&resize=350%2C200 1x, https:\/\/i0.wp.com\/ismaelcolosi.com.br\/wp-content\/uploads\/2024\/02\/feriados-1000x600-1.jpg?fit=1000%2C600&ssl=1&resize=525%2C300 1.5x, https:\/\/i0.wp.com\/ismaelcolosi.com.br\/wp-content\/uploads\/2024\/02\/feriados-1000x600-1.jpg?fit=1000%2C600&ssl=1&resize=700%2C400 2x"},"classes":[]},{"id":73502,"url":"https:\/\/ismaelcolosi.com.br\/index.php\/2024\/10\/27\/tutores-de-caes-em-condominios-responsabilidades-e-desafios\/","url_meta":{"origin":51929,"position":5},"title":"Tutores de c\u00e3es em condom\u00ednios: responsabilidades e desafios","author":"ismaelcolosi.com.br","date":"27 de October de 2024","format":false,"excerpt":"A conviv\u00eancia entre animais de estima\u00e7\u00e3o e moradores em condom\u00ednios tem se tornado cada vez mais comum, trazendo consigo a necessidade de estabelecer regras claras e eficazes para garantir a seguran\u00e7a e o bem-estar de todos. Num recente caso judicial no Rio Grande do Sul, no qual tutores de um\u2026","rel":"","context":"In &quot;Not\u00edcias de Ribeir\u00e3o Preto-SP e Regi\u00e3o&quot;","block_context":{"text":"Not\u00edcias de Ribeir\u00e3o Preto-SP e Regi\u00e3o","link":"https:\/\/ismaelcolosi.com.br\/index.php\/category\/noticias-de-ribeirao-preto-sp-e-regiao-ismael-colosi\/"},"img":{"alt_text":"","src":"https:\/\/i0.wp.com\/ismaelcolosi.com.br\/wp-content\/uploads\/2024\/03\/AnyConv.com__WhatsApp-Image-2024-02-29-at-15.18.26.webp.webp?fit=640%2C405&ssl=1&resize=350%2C200","width":350,"height":200,"srcset":"https:\/\/i0.wp.com\/ismaelcolosi.com.br\/wp-content\/uploads\/2024\/03\/AnyConv.com__WhatsApp-Image-2024-02-29-at-15.18.26.webp.webp?fit=640%2C405&ssl=1&resize=350%2C200 1x, https:\/\/i0.wp.com\/ismaelcolosi.com.br\/wp-content\/uploads\/2024\/03\/AnyConv.com__WhatsApp-Image-2024-02-29-at-15.18.26.webp.webp?fit=640%2C405&ssl=1&resize=525%2C300 1.5x"},"classes":[]}],"jetpack_sharing_enabled":true,"jetpack_shortlink":"https:\/\/wp.me\/pfMlyK-dvz","_links":{"self":[{"href":"https:\/\/ismaelcolosi.com.br\/index.php\/wp-json\/wp\/v2\/posts\/51929","targetHints":{"allow":["GET"]}}],"collection":[{"href":"https:\/\/ismaelcolosi.com.br\/index.php\/wp-json\/wp\/v2\/posts"}],"about":[{"href":"https:\/\/ismaelcolosi.com.br\/index.php\/wp-json\/wp\/v2\/types\/post"}],"author":[{"embeddable":true,"href":"https:\/\/ismaelcolosi.com.br\/index.php\/wp-json\/wp\/v2\/users\/1"}],"replies":[{"embeddable":true,"href":"https:\/\/ismaelcolosi.com.br\/index.php\/wp-json\/wp\/v2\/comments?post=51929"}],"version-history":[{"count":0,"href":"https:\/\/ismaelcolosi.com.br\/index.php\/wp-json\/wp\/v2\/posts\/51929\/revisions"}],"wp:featuredmedia":[{"embeddable":true,"href":"https:\/\/ismaelcolosi.com.br\/index.php\/wp-json\/wp\/v2\/media\/40369"}],"wp:attachment":[{"href":"https:\/\/ismaelcolosi.com.br\/index.php\/wp-json\/wp\/v2\/media?parent=51929"}],"wp:term":[{"taxonomy":"category","embeddable":true,"href":"https:\/\/ismaelcolosi.com.br\/index.php\/wp-json\/wp\/v2\/categories?post=51929"},{"taxonomy":"post_tag","embeddable":true,"href":"https:\/\/ismaelcolosi.com.br\/index.php\/wp-json\/wp\/v2\/tags?post=51929"}],"curies":[{"name":"wp","href":"https:\/\/api.w.org\/{rel}","templated":true}]}}