{"id":51926,"date":"2024-06-01T22:08:44","date_gmt":"2024-06-02T01:08:44","guid":{"rendered":"https:\/\/ismaelcolosi.com.br\/index.php\/2024\/06\/01\/homem-e-baleado-apos-tentar-agredir-policial-na-zona-norte-de-ribeirao-preto-veja-video\/"},"modified":"2024-06-01T22:08:44","modified_gmt":"2024-06-02T01:08:44","slug":"homem-e-baleado-apos-tentar-agredir-policial-na-zona-norte-de-ribeirao-preto-veja-video","status":"publish","type":"post","link":"https:\/\/ismaelcolosi.com.br\/index.php\/2024\/06\/01\/homem-e-baleado-apos-tentar-agredir-policial-na-zona-norte-de-ribeirao-preto-veja-video\/","title":{"rendered":"Homem \u00e9 baleado ap\u00f3s tentar agredir policial na zona Norte de Ribeir\u00e3o Preto; Veja v\u00eddeo"},"content":{"rendered":"<p> <br \/>\n<\/p>\n<div>\n<p>Uma <strong>abordagem policial <\/strong>terminou com um homem de 27 anos <strong>baleado<\/strong>, na tarde deste s\u00e1bado (1\u00ba), na\u00a0rua Paulo Marzola, no Jardim Jandaia, zona Norte de <strong>Ribeir\u00e3o Preto<\/strong>. \u00a0<\/p>\n<p>De acordo com as informa\u00e7\u00f5es do <strong>boletim de ocorr\u00eancia<\/strong>, <mark style=\"background-color:#fcb900\" class=\"has-inline-color\">o disparo foi realizado ap\u00f3s o homem <strong>tentar agredir um policial militar.<\/strong> O caso foi registrado por populares que estavam no local \u2013 veja o v\u00eddeo abaixo.\u00a0<\/mark><\/p>\n<p>Os dois policiais envolvidos, um de 34 e o outro de 36 anos, abordaram o rapaz ap\u00f3s <strong>suspeitarem de que ele estava escondendo algo sob a roupa. \u00a0<\/strong><\/p>\n<p>Consta no registro que o homem tentou fugir, entregou algo aos moradores do bairro, mas foi contido pelos pol\u00edcias. Neste momento, segundo o BO, o <strong>rapaz resistiu, xingou e agrediu um dos policiais<\/strong>.\u00a0<\/p>\n<p>Devido a situa\u00e7\u00e3o, o <strong>outro policial reage e atira na perna esquerda do homem<\/strong>. Ele foi socorrido por familiares at\u00e9 a UPA (Unidade de Pronto Atendimento) Norte.\u00a0<\/p>\n<p>Em um v\u00eddeo que circula nas redes sociais, moradores que estavam na rua no momento do ocorrido, aparecem <strong>reclamando sobre a forma que a abordagem foi feita<\/strong>. \u00a0<\/p>\n<p>At\u00e9 o registro da ocorr\u00eancia o rapaz <strong>permanecia internado na UPA do bairro Adelino Simioni<\/strong>. Por esse motivo ele <strong>n\u00e3o foi ouvido<\/strong> pelo delegado de plant\u00e3o. \u00a0<\/p>\n<p>O <strong>boletim de ocorr\u00eancia<\/strong> foi registrado como <strong>resist\u00eancia <\/strong>e <strong>les\u00e3o corporal<\/strong>. A <strong>Pol\u00edcia Civil<\/strong> solicitou que a per\u00edcia no local dos fatos.\u00a0<\/p>\n<blockquote class=\"twitter-tweet\" data-media-max-width=\"560\">\n<p lang=\"pt\" dir=\"ltr\">Uma abordagem policial terminou com um homem de 27 anos baleado, na tarde deste s\u00e1bado (1\u00ba), na rua Paulo Marzola, no Jardim Jandaia, zona Norte de Ribeir\u00e3o Preto.<\/p>\n<p>Saiba mais no site: <a href=\"https:\/\/t.co\/iGynbiHnSr\">https:\/\/t.co\/iGynbiHnSr<\/a><\/p>\n<p>\ud83c\udfa5 Redes sociais <a href=\"https:\/\/t.co\/GgPIzZVpMx\">pic.twitter.com\/GgPIzZVpMx<\/a><\/p>\n<p>\u2014 acidade on Ribeir\u00e3o e Regi\u00e3o (@acidadeonrp) <a href=\"https:\/\/twitter.com\/acidadeonrp\/status\/1797063842591100937?ref_src=twsrc%5Etfw\">June 2, 2024<\/a><\/p><\/blockquote>\n<hr class=\"wp-block-separator has-alpha-channel-opacity\"\/>\n<p>SAIBA MAIS<\/p>\n<p>C\u00e2meras de seguran\u00e7a flagram furto de motocicleta na zona Leste de Ribeir\u00e3o Preto<\/p>\n<h4 class=\"wp-block-heading\"><strong>FIQUE ON<\/strong><\/h4>\n<p>Fique ligado em tudo que acontece em Ribeir\u00e3o Preto e regi\u00e3o. Siga os perfis do\u00a0<strong>acidade on\u00a0<\/strong>no\u00a0<a href=\"https:\/\/www.instagram.com\/acidadeonribeirao\" target=\"_blank\" rel=\"noreferrer noopener\">Instagram<\/a>\u00a0e no\u00a0<a href=\"https:\/\/www.facebook.com\/acidadeonribeirao\" target=\"_blank\" rel=\"noreferrer noopener\">Facebook<\/a>.<\/p>\n<p>Receba not\u00edcias do acidade on no WhatsApp. Para entrar no grupo, basta\u00a0<a href=\"https:\/\/chat.whatsapp.com\/CdrZ6xrf7quD44Vw3WlPuZ\" target=\"_blank\" rel=\"noreferrer noopener\">clicar aqui<\/a>.<\/p>\n<p>Fa\u00e7a uma den\u00fancia ou sugira uma reportagem sobre Ribeir\u00e3o Preto e regi\u00e3o pelo WhatsApp: 16 99117 7802.<\/p>\n<p>VEJA TAMB\u00c9M<\/p>\n<p>Quantos graus faz na \u00cdndia no Ver\u00e3o? Pa\u00eds enfrenta calor extremo<\/p>\n<p><!-- AI CONTENT END 1 -->\n<\/div>\n<p><script async src=\"\/\/platform.twitter.com\/widgets.js\" charset=\"utf-8\"><\/script><script async src=\"\/\/www.instagram.com\/embed.js\"><\/script><br \/>\n<br \/><br \/>\n<br \/><a href=\"https:\/\/www.acidadeon.com\/ribeiraopreto\/cotidiano\/homem-e-baleado-apos-tentar-agredir-policial-na-zona-norte-de-ribeirao-preto-veja-video\/\">Source link <\/a><\/p>\n<div class='code-block code-block-4' style='margin: 8px auto 8px 0; text-align: left; display: block; clear: both;'>\n\ud83d\udce2 Aviso Legal\n\nO site ismaelcolosi.com.br atua apenas como um canal de divulga\u00e7\u00e3o de oportunidades de emprego e n\u00e3o se responsabiliza pelo processo seletivo, contrata\u00e7\u00e3o ou qualquer outra etapa relacionada \u00e0s vagas publicadas. Todas as informa\u00e7\u00f5es s\u00e3o de responsabilidade dos anunciantes.\n\n\u26a0\ufe0f Aten\u00e7\u00e3o! Nunca pague por promessas de emprego nem compre cursos que garantam contrata\u00e7\u00e3o. Desconfie de qualquer cobran\u00e7a para participar de sele\u00e7\u00f5es.\n\n\n\n<\/div>\n<!-- CONTENT END 1 -->\n","protected":false},"excerpt":{"rendered":"<p>Uma abordagem policial terminou com um homem de 27 anos baleado, na tarde deste s\u00e1bado (1\u00ba), na\u00a0rua Paulo Marzola, no Jardim Jandaia, zona Norte de&#8230;<\/p>\n","protected":false},"author":1,"featured_media":51927,"comment_status":"open","ping_status":"open","sticky":false,"template":"","format":"standard","meta":{"_uag_custom_page_level_css":"","advanced_seo_description":"","jetpack_seo_html_title":"","jetpack_seo_noindex":false,"jetpack_post_was_ever_published":false,"_jetpack_newsletter_access":"","_jetpack_dont_email_post_to_subs":false,"_jetpack_newsletter_tier_id":0,"_jetpack_memberships_contains_paywalled_content":false,"_jetpack_memberships_contains_paid_content":false,"footnotes":"","jetpack_publicize_message":"","jetpack_publicize_feature_enabled":true,"jetpack_social_post_already_shared":true,"jetpack_social_options":{"image_generator_settings":{"template":"highway","default_image_id":0,"font":"","enabled":false},"version":2}},"categories":[11],"tags":[],"class_list":["post-51926","post","type-post","status-publish","format-standard","has-post-thumbnail","hentry","category-noticias-de-ribeirao-preto-sp-e-regiao-ismael-colosi"],"jetpack_publicize_connections":[],"jetpack_featured_media_url":"https:\/\/i0.wp.com\/ismaelcolosi.com.br\/wp-content\/uploads\/2024\/06\/WhatsApp-Image-2024-06-01-at-21.26.29_2024-06-02_00-33-51_jpeg_2024-06-02_00-33-51.webp.webp?fit=1200%2C675&ssl=1","uagb_featured_image_src":{"full":["https:\/\/i0.wp.com\/ismaelcolosi.com.br\/wp-content\/uploads\/2024\/06\/WhatsApp-Image-2024-06-01-at-21.26.29_2024-06-02_00-33-51_jpeg_2024-06-02_00-33-51.webp.webp?fit=1200%2C675&ssl=1",1200,675,false],"thumbnail":["https:\/\/i0.wp.com\/ismaelcolosi.com.br\/wp-content\/uploads\/2024\/06\/WhatsApp-Image-2024-06-01-at-21.26.29_2024-06-02_00-33-51_jpeg_2024-06-02_00-33-51.webp.webp?resize=150%2C150&ssl=1",150,150,true],"medium":["https:\/\/i0.wp.com\/ismaelcolosi.com.br\/wp-content\/uploads\/2024\/06\/WhatsApp-Image-2024-06-01-at-21.26.29_2024-06-02_00-33-51_jpeg_2024-06-02_00-33-51.webp.webp?fit=300%2C169&ssl=1",300,169,true],"medium_large":["https:\/\/i0.wp.com\/ismaelcolosi.com.br\/wp-content\/uploads\/2024\/06\/WhatsApp-Image-2024-06-01-at-21.26.29_2024-06-02_00-33-51_jpeg_2024-06-02_00-33-51.webp.webp?fit=768%2C432&ssl=1",768,432,true],"large":["https:\/\/i0.wp.com\/ismaelcolosi.com.br\/wp-content\/uploads\/2024\/06\/WhatsApp-Image-2024-06-01-at-21.26.29_2024-06-02_00-33-51_jpeg_2024-06-02_00-33-51.webp.webp?fit=1024%2C576&ssl=1",1024,576,true],"1536x1536":["https:\/\/i0.wp.com\/ismaelcolosi.com.br\/wp-content\/uploads\/2024\/06\/WhatsApp-Image-2024-06-01-at-21.26.29_2024-06-02_00-33-51_jpeg_2024-06-02_00-33-51.webp.webp?fit=1200%2C675&ssl=1",1200,675,true],"2048x2048":["https:\/\/i0.wp.com\/ismaelcolosi.com.br\/wp-content\/uploads\/2024\/06\/WhatsApp-Image-2024-06-01-at-21.26.29_2024-06-02_00-33-51_jpeg_2024-06-02_00-33-51.webp.webp?fit=1200%2C675&ssl=1",1200,675,true],"really-simple-thumb":["https:\/\/i0.wp.com\/ismaelcolosi.com.br\/wp-content\/uploads\/2024\/06\/WhatsApp-Image-2024-06-01-at-21.26.29_2024-06-02_00-33-51_jpeg_2024-06-02_00-33-51.webp.webp?resize=370%2C247&ssl=1",370,247,true]},"uagb_author_info":{"display_name":"ismaelcolosi.com.br","author_link":"https:\/\/ismaelcolosi.com.br\/index.php\/author\/vidareal-online\/"},"uagb_comment_info":0,"uagb_excerpt":"Uma abordagem policial terminou com um homem de 27 anos baleado, na tarde deste s\u00e1bado (1\u00ba), na\u00a0rua Paulo Marzola, no Jardim Jandaia, zona Norte de...","jetpack-related-posts":[{"id":24177,"url":"https:\/\/ismaelcolosi.com.br\/index.php\/2024\/01\/03\/homem-e-baleado-por-policial-civil-apos-ameacar-escrivao-no-centro-de-ribeirao-1\/","url_meta":{"origin":51926,"position":0},"title":"Homem \u00e9 baleado por policial civil ap\u00f3s amea\u00e7ar escriv\u00e3o no Centro de Ribeir\u00e3o","author":"ismaelcolosi.com.br","date":"3 de January de 2024","format":false,"excerpt":"Um homem foi baleado na perna por um policial civil, ap\u00f3s amea\u00e7ar um escriv\u00e3o e um pedestre com uma faca, em frente \u00e0 CPJ (Central de Pol\u00edcia Judici\u00e1ria) de Ribeir\u00e3o Preto, na rua Duque de Caxias, 1048, no Centro da cidade, na tarde desta quarta-feira (3). De acordo com as\u2026","rel":"","context":"In &quot;Not\u00edcias de Ribeir\u00e3o Preto-SP e Regi\u00e3o&quot;","block_context":{"text":"Not\u00edcias de Ribeir\u00e3o Preto-SP e Regi\u00e3o","link":"https:\/\/ismaelcolosi.com.br\/index.php\/category\/noticias-de-ribeirao-preto-sp-e-regiao-ismael-colosi\/"},"img":{"alt_text":"","src":"https:\/\/i0.wp.com\/ismaelcolosi.com.br\/wp-content\/uploads\/2024\/01\/catador_de_1200x675_03012024144711.jpg?fit=1200%2C675&ssl=1&resize=350%2C200","width":350,"height":200,"srcset":"https:\/\/i0.wp.com\/ismaelcolosi.com.br\/wp-content\/uploads\/2024\/01\/catador_de_1200x675_03012024144711.jpg?fit=1200%2C675&ssl=1&resize=350%2C200 1x, https:\/\/i0.wp.com\/ismaelcolosi.com.br\/wp-content\/uploads\/2024\/01\/catador_de_1200x675_03012024144711.jpg?fit=1200%2C675&ssl=1&resize=525%2C300 1.5x, https:\/\/i0.wp.com\/ismaelcolosi.com.br\/wp-content\/uploads\/2024\/01\/catador_de_1200x675_03012024144711.jpg?fit=1200%2C675&ssl=1&resize=700%2C400 2x, https:\/\/i0.wp.com\/ismaelcolosi.com.br\/wp-content\/uploads\/2024\/01\/catador_de_1200x675_03012024144711.jpg?fit=1200%2C675&ssl=1&resize=1050%2C600 3x"},"classes":[]},{"id":8774,"url":"https:\/\/ismaelcolosi.com.br\/index.php\/2023\/11\/30\/video-homem-rouba-onibus-escolar-e-e-morto-apos-tentar-atacar-pm\/","url_meta":{"origin":51926,"position":1},"title":"V\u00cdDEO &#8211; Homem rouba \u00f4nibus escolar e \u00e9 morto ap\u00f3s tentar atacar PM","author":"ismaelcolosi.com.br","date":"30 de November de 2023","format":false,"excerpt":"Monitor do \u00f4nibus foi mantido ref\u00e9m durante negocia\u00e7\u00e3o, amea\u00e7ado com faca durante negocia\u00e7\u00e3o com policiais militares no interior de SP 30 de novembro de 2023 | 15:3030 de novembro de 2023 | 15:33 2Por: Adalberto LuqueUm homem morreu, na manh\u00e3 desta quinta-feira (30), depois de roubar um \u00f4nibus escolar e\u2026","rel":"","context":"In &quot;Not\u00edcias de Ribeir\u00e3o Preto-SP e Regi\u00e3o&quot;","block_context":{"text":"Not\u00edcias de Ribeir\u00e3o Preto-SP e Regi\u00e3o","link":"https:\/\/ismaelcolosi.com.br\/index.php\/category\/noticias-de-ribeirao-preto-sp-e-regiao-ismael-colosi\/"},"img":{"alt_text":"","src":"https:\/\/i0.wp.com\/ismaelcolosi.com.br\/wp-content\/uploads\/2023\/11\/00-30-nov-2023-sequestro-onibus-foto-redes-sociais.jpg?fit=600%2C549&ssl=1&resize=350%2C200","width":350,"height":200,"srcset":"https:\/\/i0.wp.com\/ismaelcolosi.com.br\/wp-content\/uploads\/2023\/11\/00-30-nov-2023-sequestro-onibus-foto-redes-sociais.jpg?fit=600%2C549&ssl=1&resize=350%2C200 1x, https:\/\/i0.wp.com\/ismaelcolosi.com.br\/wp-content\/uploads\/2023\/11\/00-30-nov-2023-sequestro-onibus-foto-redes-sociais.jpg?fit=600%2C549&ssl=1&resize=525%2C300 1.5x"},"classes":[]},{"id":10366,"url":"https:\/\/ismaelcolosi.com.br\/index.php\/2023\/12\/04\/ladrao-e-preso-apos-furtar-farda-de-policial-em-ribeirao-preto\/","url_meta":{"origin":51926,"position":2},"title":"Ladr\u00e3o \u00e9 preso ap\u00f3s furtar farda de policial em Ribeir\u00e3o Preto","author":"ismaelcolosi.com.br","date":"4 de December de 2023","format":false,"excerpt":"Um homem foi preso na manh\u00e3 deste domingo (3) ap\u00f3s furtar a farda de um policial militar em Ribeir\u00e3o Preto. O furto aconteceu em um posto da Pol\u00edcia Militar localizado na avenida Saudade, na zona Norte da cidade. Os policiais encontraram o suspeito, de 50 anos, usando a cal\u00e7a, o\u2026","rel":"","context":"In &quot;Not\u00edcias de Ribeir\u00e3o Preto-SP e Regi\u00e3o&quot;","block_context":{"text":"Not\u00edcias de Ribeir\u00e3o Preto-SP e Regi\u00e3o","link":"https:\/\/ismaelcolosi.com.br\/index.php\/category\/noticias-de-ribeirao-preto-sp-e-regiao-ismael-colosi\/"},"img":{"alt_text":"","src":"https:\/\/i0.wp.com\/ismaelcolosi.com.br\/wp-content\/uploads\/2023\/11\/foto_governo_estado_sp.jpg_1839041271.webp.webp?fit=404%2C452&ssl=1&resize=350%2C200","width":350,"height":200},"classes":[]},{"id":827,"url":"https:\/\/ismaelcolosi.com.br\/index.php\/2023\/11\/09\/larapio-e-baleado-na-testa-durante-fuga-apos-roubo-em-ribeirao-preto-x-tudo-ribeirao\/","url_meta":{"origin":51926,"position":3},"title":"Lar\u00e1pio \u00e9 baleado na testa durante fuga ap\u00f3s roubo em Ribeir\u00e3o Preto \u2013 X Tudo Ribeir\u00e3o","author":"ismaelcolosi.com.br","date":"9 de November de 2023","format":false,"excerpt":"Um lar\u00e1pio se deu mal e foi baleado na rua Romano Cor\u00f3, ap\u00f3s roubar um carro na tarde deste s\u00e1bado (4\/11), no bairro Campos El\u00edseos, na zona Norte de Ribeir\u00e3o Preto. Segundo informa\u00e7\u00f5es da Pol\u00edcia Militar, por volta das 13h deste s\u00e1bado, tr\u00eas bandidos armados invadiram uma empresa situada na\u2026","rel":"","context":"In &quot;Not\u00edcias de Ribeir\u00e3o Preto-SP e Regi\u00e3o&quot;","block_context":{"text":"Not\u00edcias de Ribeir\u00e3o Preto-SP e Regi\u00e3o","link":"https:\/\/ismaelcolosi.com.br\/index.php\/category\/noticias-de-ribeirao-preto-sp-e-regiao-ismael-colosi\/"},"img":{"alt_text":"","src":"https:\/\/i0.wp.com\/ismaelcolosi.com.br\/wp-content\/uploads\/2023\/11\/79f53c00-e8b8-441c-886a-85e7e254b144.jpeg?fit=1200%2C883&ssl=1&resize=350%2C200","width":350,"height":200,"srcset":"https:\/\/i0.wp.com\/ismaelcolosi.com.br\/wp-content\/uploads\/2023\/11\/79f53c00-e8b8-441c-886a-85e7e254b144.jpeg?fit=1200%2C883&ssl=1&resize=350%2C200 1x, https:\/\/i0.wp.com\/ismaelcolosi.com.br\/wp-content\/uploads\/2023\/11\/79f53c00-e8b8-441c-886a-85e7e254b144.jpeg?fit=1200%2C883&ssl=1&resize=525%2C300 1.5x, https:\/\/i0.wp.com\/ismaelcolosi.com.br\/wp-content\/uploads\/2023\/11\/79f53c00-e8b8-441c-886a-85e7e254b144.jpeg?fit=1200%2C883&ssl=1&resize=700%2C400 2x, https:\/\/i0.wp.com\/ismaelcolosi.com.br\/wp-content\/uploads\/2023\/11\/79f53c00-e8b8-441c-886a-85e7e254b144.jpeg?fit=1200%2C883&ssl=1&resize=1050%2C600 3x"},"classes":[]},{"id":56807,"url":"https:\/\/ismaelcolosi.com.br\/index.php\/2024\/07\/15\/assaltante-invade-casa-de-policial-militar-e-rouba-arma-em-ribeirao-preto\/","url_meta":{"origin":51926,"position":4},"title":"Assaltante invade casa de policial militar e rouba arma em Ribeir\u00e3o Preto","author":"ismaelcolosi.com.br","date":"15 de July de 2024","format":false,"excerpt":"Um policial militar foi rendido por um assaltante em casa e teve uma arma de fogo de uso pessoal roubada na madrugada de s\u00e1bado (13), no Jardim Recreio, zona Oeste de Ribeir\u00e3o Preto. A v\u00edtima, de 45 anos, disse no boletim de ocorr\u00eancia (BO) que dormia na companhia da namorada,\u2026","rel":"","context":"In &quot;Not\u00edcias de Ribeir\u00e3o Preto-SP e Regi\u00e3o&quot;","block_context":{"text":"Not\u00edcias de Ribeir\u00e3o Preto-SP e Regi\u00e3o","link":"https:\/\/ismaelcolosi.com.br\/index.php\/category\/noticias-de-ribeirao-preto-sp-e-regiao-ismael-colosi\/"},"img":{"alt_text":"","src":"https:\/\/i0.wp.com\/ismaelcolosi.com.br\/wp-content\/uploads\/2024\/07\/1721066051_cpj_policia_1024x576_21012021082231.jpg?fit=1024%2C576&ssl=1&resize=350%2C200","width":350,"height":200,"srcset":"https:\/\/i0.wp.com\/ismaelcolosi.com.br\/wp-content\/uploads\/2024\/07\/1721066051_cpj_policia_1024x576_21012021082231.jpg?fit=1024%2C576&ssl=1&resize=350%2C200 1x, https:\/\/i0.wp.com\/ismaelcolosi.com.br\/wp-content\/uploads\/2024\/07\/1721066051_cpj_policia_1024x576_21012021082231.jpg?fit=1024%2C576&ssl=1&resize=525%2C300 1.5x, https:\/\/i0.wp.com\/ismaelcolosi.com.br\/wp-content\/uploads\/2024\/07\/1721066051_cpj_policia_1024x576_21012021082231.jpg?fit=1024%2C576&ssl=1&resize=700%2C400 2x"},"classes":[]},{"id":38737,"url":"https:\/\/ismaelcolosi.com.br\/index.php\/2024\/02\/21\/a-esclarecer-pm-prende-autor-de-tentativa-de-homicidio-e-falso-policial\/","url_meta":{"origin":51926,"position":5},"title":"A esclarecer: PM prende autor de tentativa de homic\u00eddio e falso policial","author":"ismaelcolosi.com.br","date":"21 de February de 2024","format":false,"excerpt":"Policiais militares prenderam autor de disparos que feriu outro homem e, ao chegar \u00e0 UP\u00c1 onde a v\u00edtima estava, encontraram um falso PM da Rota 21 de fevereiro de 2024 | 13:13 0Por: Adalberto Luque e Alfredo RiskA manh\u00e3 foi bem agitada para policiais militares que atuaram na busca do\u2026","rel":"","context":"In &quot;Not\u00edcias de Ribeir\u00e3o Preto-SP e Regi\u00e3o&quot;","block_context":{"text":"Not\u00edcias de Ribeir\u00e3o Preto-SP e Regi\u00e3o","link":"https:\/\/ismaelcolosi.com.br\/index.php\/category\/noticias-de-ribeirao-preto-sp-e-regiao-ismael-colosi\/"},"img":{"alt_text":"","src":"https:\/\/i0.wp.com\/ismaelcolosi.com.br\/wp-content\/uploads\/2024\/02\/00-21-fev-2024-falso-pm-01-foto-alfredo-risk-scaled.jpg?fit=1000%2C562&ssl=1&resize=350%2C200","width":350,"height":200,"srcset":"https:\/\/i0.wp.com\/ismaelcolosi.com.br\/wp-content\/uploads\/2024\/02\/00-21-fev-2024-falso-pm-01-foto-alfredo-risk-scaled.jpg?fit=1000%2C562&ssl=1&resize=350%2C200 1x, https:\/\/i0.wp.com\/ismaelcolosi.com.br\/wp-content\/uploads\/2024\/02\/00-21-fev-2024-falso-pm-01-foto-alfredo-risk-scaled.jpg?fit=1000%2C562&ssl=1&resize=525%2C300 1.5x, https:\/\/i0.wp.com\/ismaelcolosi.com.br\/wp-content\/uploads\/2024\/02\/00-21-fev-2024-falso-pm-01-foto-alfredo-risk-scaled.jpg?fit=1000%2C562&ssl=1&resize=700%2C400 2x"},"classes":[]}],"jetpack_sharing_enabled":true,"jetpack_shortlink":"https:\/\/wp.me\/pfMlyK-dvw","_links":{"self":[{"href":"https:\/\/ismaelcolosi.com.br\/index.php\/wp-json\/wp\/v2\/posts\/51926","targetHints":{"allow":["GET"]}}],"collection":[{"href":"https:\/\/ismaelcolosi.com.br\/index.php\/wp-json\/wp\/v2\/posts"}],"about":[{"href":"https:\/\/ismaelcolosi.com.br\/index.php\/wp-json\/wp\/v2\/types\/post"}],"author":[{"embeddable":true,"href":"https:\/\/ismaelcolosi.com.br\/index.php\/wp-json\/wp\/v2\/users\/1"}],"replies":[{"embeddable":true,"href":"https:\/\/ismaelcolosi.com.br\/index.php\/wp-json\/wp\/v2\/comments?post=51926"}],"version-history":[{"count":0,"href":"https:\/\/ismaelcolosi.com.br\/index.php\/wp-json\/wp\/v2\/posts\/51926\/revisions"}],"wp:featuredmedia":[{"embeddable":true,"href":"https:\/\/ismaelcolosi.com.br\/index.php\/wp-json\/wp\/v2\/media\/51927"}],"wp:attachment":[{"href":"https:\/\/ismaelcolosi.com.br\/index.php\/wp-json\/wp\/v2\/media?parent=51926"}],"wp:term":[{"taxonomy":"category","embeddable":true,"href":"https:\/\/ismaelcolosi.com.br\/index.php\/wp-json\/wp\/v2\/categories?post=51926"},{"taxonomy":"post_tag","embeddable":true,"href":"https:\/\/ismaelcolosi.com.br\/index.php\/wp-json\/wp\/v2\/tags?post=51926"}],"curies":[{"name":"wp","href":"https:\/\/api.w.org\/{rel}","templated":true}]}}