{"id":51921,"date":"2024-06-01T18:13:03","date_gmt":"2024-06-01T21:13:03","guid":{"rendered":"https:\/\/ismaelcolosi.com.br\/index.php\/2024\/06\/01\/encontro-com-mais-de-mil-carros-antigos-acontece-em-ribeirao-preto-veja-quando\/"},"modified":"2024-06-01T18:13:03","modified_gmt":"2024-06-01T21:13:03","slug":"encontro-com-mais-de-mil-carros-antigos-acontece-em-ribeirao-preto-veja-quando","status":"publish","type":"post","link":"https:\/\/ismaelcolosi.com.br\/index.php\/2024\/06\/01\/encontro-com-mais-de-mil-carros-antigos-acontece-em-ribeirao-preto-veja-quando\/","title":{"rendered":"Encontro com mais de mil carros antigos acontece em Ribeir\u00e3o Preto; Veja quando\u00a0"},"content":{"rendered":"<p> <br \/>\n<\/p>\n<div>\n<p>A <strong>12\u00aa edi\u00e7\u00e3o<\/strong> do \u201c<strong>California Volks Brothers<\/strong>\u201d, evento que vai reunir cerca de <strong>mil autom\u00f3veis cl\u00e1ssicos<\/strong>, especialmente o Fusca, acontece no dia 14 de julho, em <strong>Ribeir\u00e3o Pret<\/strong>o.<\/p>\n<p>O encontro vai ser realizado no campus do Centro Universit\u00e1rio Moura Lacerda, das 8h \u00e0s 17h, e vai receber diversas pessoas de todo o Brasil.<\/p><div class='code-block code-block-8' style='margin: 8px auto; text-align: center; display: block; clear: both;'>\n<script>\n  atOptions = {\n    'key' : '66e2e2111ca34da796271819fc334058',\n    'format' : 'iframe',\n    'height' : 250,\n    'width' : 300,\n    'params' : {}\n  };\n<\/script>\n<script src=\"https:\/\/www.highperformanceformat.com\/66e2e2111ca34da796271819fc334058\/invoke.js\"><\/script>\n<\/div>\n\n<p><mark style=\"background-color:#fcb900\" class=\"has-inline-color\">Segundo a organiza\u00e7\u00e3o do evento, al\u00e9m da exposi\u00e7\u00e3o, o evento tamb\u00e9m ter\u00e1 <strong>mercado de antiguidades<\/strong>,<strong> estandes<\/strong>,<strong> m\u00fasica ao vivo<\/strong>,<strong> food trucks<\/strong>, <strong>sorteios <\/strong>e <strong>brincadeira para crian\u00e7as<\/strong>.<\/mark><\/p>\n<h2 class=\"wp-block-heading\"><strong>Exposi\u00e7\u00e3o de carros<\/strong><\/h2>\n<p>Al\u00e9m de <strong>Fuscas<\/strong>, o evento tamb\u00e9m ter\u00e1 exposi\u00e7\u00e3o de diversos modelos <strong>aircooleds<\/strong>, ou seja, carros em que o sistema usa o pr\u00f3prio ar para refrigerar o motor.<\/p>\n<p>Para participar do evento ou expor o seu ve\u00edculo, os interessados devem <strong>adquirir uma entrada solid\u00e1ria<\/strong> \u2013 confira os valores abaixo. O evento \u00e9 realizado pelo <a href=\"https:\/\/www.instagram.com\/californiavolks\/\" target=\"_blank\" rel=\"noreferrer noopener\">California Volks<\/a>.<\/p>\n<h3 class=\"wp-block-heading\"><strong>Entrada no evento<\/strong><\/h3>\n<p>A entrada para o evento acontece mediante a <strong>doa\u00e7\u00e3o de dois quilos de alimentos n\u00e3o perec\u00edveis<\/strong>, que ser\u00e3o destinados ao programa Mesa Brasil, al\u00e9m de uma <strong>taxa simb\u00f3lica<\/strong>. Confira os valores:<\/p>\n<ul>\n<li><strong>Visitantes<\/strong>: Ingresso R$ 5 + 2 kg de alimentos n\u00e3o perec\u00edveis<\/li>\n<\/ul>\n<ul>\n<li><strong>Expositores<\/strong>: Ingresso R$ 20 + 2 kg de alimentos n\u00e3o perec\u00edveis por ve\u00edculo exposto<\/li>\n<\/ul>\n<p>Os expositores tamb\u00e9m poder\u00e3o adquirir o passaporte \u2018<strong>Fura Fila<\/strong>\u2019 de forma on-line (<a href=\"https:\/\/acessoingressos.com.br\/CaliforniaVolksBrothers\" target=\"_blank\" rel=\"noreferrer noopener\">clique aqui<\/a>), para maior comodidade.<\/p>\n<p>Esta modalidade conta com um kit exclusivo (contendo camiseta, bon\u00e9 e \u201csacochila\u201d) e vaga para estacionar em local privilegiado. Vale ressaltar que os valores dos ingressos podem ser alterados.<\/p>\n<h4 class=\"wp-block-heading\"><strong>Servi\u00e7o<\/strong><\/h4>\n<p><em>12\u00aa edi\u00e7\u00e3o do \u201cCalifornia Volks Brothers\u201d<\/em><\/p>\n<p>Data: 14 de julho<\/p>\n<p>Hor\u00e1rio: das 8h \u00e0s 17h<\/p>\n<p>Local: Centro Universit\u00e1rio Moura Lacerda Campus \u2013 Av. Dr. Oscar de Moura Lacerda, 1520 \u2013 Independ\u00eancia, Ribeir\u00e3o Preto<\/p>\n<p>Ingressos: <a href=\"https:\/\/acessoingressos.com.br\/CaliforniaVolksBrothers\" target=\"_blank\" rel=\"noreferrer noopener\">clique aqui<\/a><\/p>\n<hr class=\"wp-block-separator has-alpha-channel-opacity\"\/>\n<p>SAIBA MAIS<\/p>\n<p>Rede de cinemas em Ribeir\u00e3o Preto anuncia promo\u00e7\u00e3o de ingressos; Veja at\u00e9 quando<\/p>\n<h4 class=\"wp-block-heading\"><strong>FIQUE ON<\/strong><\/h4>\n<p>Fique ligado em tudo que acontece em Ribeir\u00e3o Preto e regi\u00e3o. Siga os perfis do\u00a0<strong>acidade on\u00a0<\/strong>no\u00a0<a href=\"https:\/\/www.instagram.com\/acidadeonribeirao\" target=\"_blank\" rel=\"noreferrer noopener\">Instagram<\/a>\u00a0e no\u00a0<a href=\"https:\/\/www.facebook.com\/acidadeonribeirao\" target=\"_blank\" rel=\"noreferrer noopener\">Facebook<\/a>.<\/p>\n<p>Receba not\u00edcias do acidade on no WhatsApp. Para entrar no grupo, basta\u00a0<a href=\"https:\/\/chat.whatsapp.com\/CdrZ6xrf7quD44Vw3WlPuZ\" target=\"_blank\" rel=\"noreferrer noopener\">clicar aqui<\/a>.<\/p>\n<p>Fa\u00e7a uma den\u00fancia ou sugira uma reportagem sobre Ribeir\u00e3o Preto e regi\u00e3o pelo WhatsApp: 16 99117 7802.<\/p>\n<p>VEJA TAMB\u00c9M<\/p>\n<p>Vai ter \u2018Godzilla Minus One 2\u2019?<\/p>\n<p><!-- AI CONTENT END 1 -->\n<\/div>\n<p><script async src=\"\/\/www.instagram.com\/embed.js\"><\/script><br \/>\n<br \/><br \/>\n<br \/><a href=\"https:\/\/www.acidadeon.com\/ribeiraopreto\/lazer-e-cultura\/encontro-com-mais-de-mil-carros-antigos-acontece-em-ribeirao-preto-veja-quando\/\">Source link <\/a><\/p>\n<div class='code-block code-block-4' style='margin: 8px auto 8px 0; text-align: left; display: block; clear: both;'>\n\ud83d\udce2 Aviso Legal\n\nO site ismaelcolosi.com.br atua apenas como um canal de divulga\u00e7\u00e3o de oportunidades de emprego e n\u00e3o se responsabiliza pelo processo seletivo, contrata\u00e7\u00e3o ou qualquer outra etapa relacionada \u00e0s vagas publicadas. Todas as informa\u00e7\u00f5es s\u00e3o de responsabilidade dos anunciantes.\n\n\u26a0\ufe0f Aten\u00e7\u00e3o! Nunca pague por promessas de emprego nem compre cursos que garantam contrata\u00e7\u00e3o. Desconfie de qualquer cobran\u00e7a para participar de sele\u00e7\u00f5es.\n\n\n<div data-type=\"_mgwidget\" data-widget-id=\"2000896\">\n<\/div>\n<script>(function(w,q){w[q]=w[q]||[];w[q].push([\"_mgc.load\"])})(window,\"_mgq\");\n<\/script>\n<\/div>\n<!-- CONTENT END 1 -->\n","protected":false},"excerpt":{"rendered":"<p>A 12\u00aa edi\u00e7\u00e3o do \u201cCalifornia Volks Brothers\u201d, evento que vai reunir cerca de mil autom\u00f3veis cl\u00e1ssicos, especialmente o Fusca, acontece no dia 14 de julho,&#8230;<\/p>\n","protected":false},"author":1,"featured_media":51922,"comment_status":"open","ping_status":"open","sticky":false,"template":"","format":"standard","meta":{"_uag_custom_page_level_css":"","jetpack_post_was_ever_published":false,"_jetpack_newsletter_access":"","_jetpack_dont_email_post_to_subs":false,"_jetpack_newsletter_tier_id":0,"_jetpack_memberships_contains_paywalled_content":false,"_jetpack_memberships_contains_paid_content":false,"footnotes":"","jetpack_publicize_message":"","jetpack_publicize_feature_enabled":true,"jetpack_social_post_already_shared":true,"jetpack_social_options":{"image_generator_settings":{"template":"highway","default_image_id":0,"font":"","enabled":false},"version":2}},"categories":[11],"tags":[],"class_list":["post-51921","post","type-post","status-publish","format-standard","has-post-thumbnail","hentry","category-noticias-de-ribeirao-preto-sp-e-regiao-ismael-colosi"],"aioseo_notices":[],"jetpack_publicize_connections":[],"jetpack_featured_media_url":"https:\/\/i0.wp.com\/ismaelcolosi.com.br\/wp-content\/uploads\/2024\/06\/IMG-8261_2024-06-01_20-40-39_jpg_2024-06-01_20-40-40-scaled.webp.webp?fit=2560%2C1238&ssl=1","uagb_featured_image_src":{"full":["https:\/\/i0.wp.com\/ismaelcolosi.com.br\/wp-content\/uploads\/2024\/06\/IMG-8261_2024-06-01_20-40-39_jpg_2024-06-01_20-40-40-scaled.webp.webp?fit=2560%2C1238&ssl=1",2560,1238,false],"thumbnail":["https:\/\/i0.wp.com\/ismaelcolosi.com.br\/wp-content\/uploads\/2024\/06\/IMG-8261_2024-06-01_20-40-39_jpg_2024-06-01_20-40-40-scaled.webp.webp?resize=150%2C150&ssl=1",150,150,true],"medium":["https:\/\/i0.wp.com\/ismaelcolosi.com.br\/wp-content\/uploads\/2024\/06\/IMG-8261_2024-06-01_20-40-39_jpg_2024-06-01_20-40-40-scaled.webp.webp?fit=300%2C145&ssl=1",300,145,true],"medium_large":["https:\/\/i0.wp.com\/ismaelcolosi.com.br\/wp-content\/uploads\/2024\/06\/IMG-8261_2024-06-01_20-40-39_jpg_2024-06-01_20-40-40-scaled.webp.webp?fit=768%2C371&ssl=1",768,371,true],"large":["https:\/\/i0.wp.com\/ismaelcolosi.com.br\/wp-content\/uploads\/2024\/06\/IMG-8261_2024-06-01_20-40-39_jpg_2024-06-01_20-40-40-scaled.webp.webp?fit=1024%2C495&ssl=1",1024,495,true],"1536x1536":["https:\/\/i0.wp.com\/ismaelcolosi.com.br\/wp-content\/uploads\/2024\/06\/IMG-8261_2024-06-01_20-40-39_jpg_2024-06-01_20-40-40-scaled.webp.webp?fit=1536%2C743&ssl=1",1536,743,true],"2048x2048":["https:\/\/i0.wp.com\/ismaelcolosi.com.br\/wp-content\/uploads\/2024\/06\/IMG-8261_2024-06-01_20-40-39_jpg_2024-06-01_20-40-40-scaled.webp.webp?fit=2048%2C990&ssl=1",2048,990,true],"really-simple-thumb":["https:\/\/i0.wp.com\/ismaelcolosi.com.br\/wp-content\/uploads\/2024\/06\/IMG-8261_2024-06-01_20-40-39_jpg_2024-06-01_20-40-40-scaled.webp.webp?resize=370%2C247&ssl=1",370,247,true]},"uagb_author_info":{"display_name":"ismaelcolosi.com.br","author_link":"https:\/\/ismaelcolosi.com.br\/index.php\/author\/vidareal-online\/"},"uagb_comment_info":0,"uagb_excerpt":"A 12\u00aa edi\u00e7\u00e3o do \u201cCalifornia Volks Brothers\u201d, evento que vai reunir cerca de mil autom\u00f3veis cl\u00e1ssicos, especialmente o Fusca, acontece no dia 14 de julho,...","jetpack-related-posts":[{"id":46579,"url":"https:\/\/ismaelcolosi.com.br\/index.php\/2024\/04\/12\/ribeirao-preto-recebe-encontro-com-mais-de-mil-carros-antigos-veja-quando\/","url_meta":{"origin":51921,"position":0},"title":"Ribeir\u00e3o Preto recebe encontro com mais de mil carros antigos; Veja quando","author":"ismaelcolosi.com.br","date":"12 de April de 2024","format":false,"excerpt":"Ribeir\u00e3o Preto recebe a 12\u00aa edi\u00e7\u00e3o do \u201cCalifornia Volks Brothers\u201d, evento que vai reunir cerca de mil autom\u00f3veis cl\u00e1ssicos, especialmente o Fusca. O encontro acontece no dia 14 de julho, no campus do Centro Universit\u00e1rio Moura Lacerda, das 8h \u00e0s 17h, e vai receber diversas pessoas de todo o Brasil.\u2026","rel":"","context":"In &quot;Not\u00edcias de Ribeir\u00e3o Preto-SP e Regi\u00e3o&quot;","block_context":{"text":"Not\u00edcias de Ribeir\u00e3o Preto-SP e Regi\u00e3o","link":"https:\/\/ismaelcolosi.com.br\/index.php\/category\/noticias-de-ribeirao-preto-sp-e-regiao-ismael-colosi\/"},"img":{"alt_text":"","src":"https:\/\/i0.wp.com\/ismaelcolosi.com.br\/wp-content\/uploads\/2024\/04\/AnyConv.com__IMG-8265-scaled.webp.webp?fit=1200%2C623&ssl=1&resize=350%2C200","width":350,"height":200,"srcset":"https:\/\/i0.wp.com\/ismaelcolosi.com.br\/wp-content\/uploads\/2024\/04\/AnyConv.com__IMG-8265-scaled.webp.webp?fit=1200%2C623&ssl=1&resize=350%2C200 1x, https:\/\/i0.wp.com\/ismaelcolosi.com.br\/wp-content\/uploads\/2024\/04\/AnyConv.com__IMG-8265-scaled.webp.webp?fit=1200%2C623&ssl=1&resize=525%2C300 1.5x, https:\/\/i0.wp.com\/ismaelcolosi.com.br\/wp-content\/uploads\/2024\/04\/AnyConv.com__IMG-8265-scaled.webp.webp?fit=1200%2C623&ssl=1&resize=700%2C400 2x, https:\/\/i0.wp.com\/ismaelcolosi.com.br\/wp-content\/uploads\/2024\/04\/AnyConv.com__IMG-8265-scaled.webp.webp?fit=1200%2C623&ssl=1&resize=1050%2C600 3x"},"classes":[]},{"id":42037,"url":"https:\/\/ismaelcolosi.com.br\/index.php\/2024\/03\/12\/exposicao-reune-carros-antigos-na-regiao-de-ribeirao-preto\/","url_meta":{"origin":51921,"position":1},"title":"Exposi\u00e7\u00e3o re\u00fane carros antigos na regi\u00e3o de Ribeir\u00e3o Preto","author":"ismaelcolosi.com.br","date":"12 de March de 2024","format":false,"excerpt":"O 5\u00ba Encontro de Antigomobilismo acontece no pr\u00f3ximo domingo (17) em Batatais, cidade a 44 quil\u00f4metros de Ribeir\u00e3o Preto. O evento faz parte da programa\u00e7\u00e3o do anivers\u00e1rio dos 185 anos de Batatais, comemorado em 14 de mar\u00e7o.\u00a0 De acordo com o diretor de patrim\u00f4nio da ABA (Associa\u00e7\u00e3o Batataense de Antigomobilismo)\u2026","rel":"","context":"In &quot;Not\u00edcias de Ribeir\u00e3o Preto-SP e Regi\u00e3o&quot;","block_context":{"text":"Not\u00edcias de Ribeir\u00e3o Preto-SP e Regi\u00e3o","link":"https:\/\/ismaelcolosi.com.br\/index.php\/category\/noticias-de-ribeirao-preto-sp-e-regiao-ismael-colosi\/"},"img":{"alt_text":"","src":"https:\/\/i0.wp.com\/ismaelcolosi.com.br\/wp-content\/uploads\/2024\/03\/Copia-de-Copia-de-TAMANHO-EXATO-PARA-FOTOS-NO-SISTEMA-NOVO-43.jpg?fit=1200%2C675&ssl=1&resize=350%2C200","width":350,"height":200,"srcset":"https:\/\/i0.wp.com\/ismaelcolosi.com.br\/wp-content\/uploads\/2024\/03\/Copia-de-Copia-de-TAMANHO-EXATO-PARA-FOTOS-NO-SISTEMA-NOVO-43.jpg?fit=1200%2C675&ssl=1&resize=350%2C200 1x, https:\/\/i0.wp.com\/ismaelcolosi.com.br\/wp-content\/uploads\/2024\/03\/Copia-de-Copia-de-TAMANHO-EXATO-PARA-FOTOS-NO-SISTEMA-NOVO-43.jpg?fit=1200%2C675&ssl=1&resize=525%2C300 1.5x, https:\/\/i0.wp.com\/ismaelcolosi.com.br\/wp-content\/uploads\/2024\/03\/Copia-de-Copia-de-TAMANHO-EXATO-PARA-FOTOS-NO-SISTEMA-NOVO-43.jpg?fit=1200%2C675&ssl=1&resize=700%2C400 2x, https:\/\/i0.wp.com\/ismaelcolosi.com.br\/wp-content\/uploads\/2024\/03\/Copia-de-Copia-de-TAMANHO-EXATO-PARA-FOTOS-NO-SISTEMA-NOVO-43.jpg?fit=1200%2C675&ssl=1&resize=1050%2C600 3x"},"classes":[]},{"id":47195,"url":"https:\/\/ismaelcolosi.com.br\/index.php\/2024\/04\/25\/shopping-da-zona-sul-de-ribeirao-preto-recebe-exposicao-de-carros-antigos-veja-quando\/","url_meta":{"origin":51921,"position":2},"title":"Shopping da zona Sul de Ribeir\u00e3o Preto recebe exposi\u00e7\u00e3o de carros antigos; Veja quando","author":"ismaelcolosi.com.br","date":"25 de April de 2024","format":false,"excerpt":"O shopping Iguatemi de Ribeir\u00e3o Preto recebe neste s\u00e1bado (27), um evento gratuito para quem \u00e9 apaixonado por carros antigos. O empreendimento vai receber uma exposi\u00e7\u00e3o de carros antigos, rel\u00edquias e raridades, reunindo cerca de 50 autom\u00f3veis de modelos variados, alguns com mais de 90% de originalidade e outros de\u2026","rel":"","context":"In &quot;Not\u00edcias de Ribeir\u00e3o Preto-SP e Regi\u00e3o&quot;","block_context":{"text":"Not\u00edcias de Ribeir\u00e3o Preto-SP e Regi\u00e3o","link":"https:\/\/ismaelcolosi.com.br\/index.php\/category\/noticias-de-ribeirao-preto-sp-e-regiao-ismael-colosi\/"},"img":{"alt_text":"","src":"https:\/\/i0.wp.com\/ismaelcolosi.com.br\/wp-content\/uploads\/2024\/04\/90d5187b9cacc33433269f3cf094ecc2_2024-04-25_00-14-20_jpeg.webp.webp?fit=1200%2C803&ssl=1&resize=350%2C200","width":350,"height":200,"srcset":"https:\/\/i0.wp.com\/ismaelcolosi.com.br\/wp-content\/uploads\/2024\/04\/90d5187b9cacc33433269f3cf094ecc2_2024-04-25_00-14-20_jpeg.webp.webp?fit=1200%2C803&ssl=1&resize=350%2C200 1x, https:\/\/i0.wp.com\/ismaelcolosi.com.br\/wp-content\/uploads\/2024\/04\/90d5187b9cacc33433269f3cf094ecc2_2024-04-25_00-14-20_jpeg.webp.webp?fit=1200%2C803&ssl=1&resize=525%2C300 1.5x, https:\/\/i0.wp.com\/ismaelcolosi.com.br\/wp-content\/uploads\/2024\/04\/90d5187b9cacc33433269f3cf094ecc2_2024-04-25_00-14-20_jpeg.webp.webp?fit=1200%2C803&ssl=1&resize=700%2C400 2x, https:\/\/i0.wp.com\/ismaelcolosi.com.br\/wp-content\/uploads\/2024\/04\/90d5187b9cacc33433269f3cf094ecc2_2024-04-25_00-14-20_jpeg.webp.webp?fit=1200%2C803&ssl=1&resize=1050%2C600 3x"},"classes":[]},{"id":53012,"url":"https:\/\/ismaelcolosi.com.br\/index.php\/2024\/06\/12\/encontro-de-carros-antigos-tem-musica-ao-vivo-e-brindes-na-regiao-de-ribeirao-veja-quando\/","url_meta":{"origin":51921,"position":3},"title":"Encontro de carros antigos tem m\u00fasica ao vivo e brindes na regi\u00e3o de Ribeir\u00e3o; Veja quando","author":"ismaelcolosi.com.br","date":"12 de June de 2024","format":false,"excerpt":"O \u201c3\u00ba Encontro Anual de Carros Antigos Sert\u00e3o Volks\u201d acontece neste domingo (16), na pra\u00e7a 21 de Abril, em Sert\u00e3ozinho, cidade na regi\u00e3o de Ribeir\u00e3o Preto, a partir das 9h. O evento \u00e9 aberto ao p\u00fablico. Al\u00e9m da exposi\u00e7\u00e3o de ve\u00edculos, o evento tamb\u00e9m contar\u00e1 com DJ e m\u00fasica ao\u2026","rel":"","context":"In &quot;Not\u00edcias de Ribeir\u00e3o Preto-SP e Regi\u00e3o&quot;","block_context":{"text":"Not\u00edcias de Ribeir\u00e3o Preto-SP e Regi\u00e3o","link":"https:\/\/ismaelcolosi.com.br\/index.php\/category\/noticias-de-ribeirao-preto-sp-e-regiao-ismael-colosi\/"},"img":{"alt_text":"","src":"https:\/\/i0.wp.com\/ismaelcolosi.com.br\/wp-content\/uploads\/2024\/06\/Copia-de-Copia-de-TAMANHO-EXATO-PARA-FOTOS-NO-SISTEMA-NOVO-10_2024-06-10_12-20-58_jpg_2024-06-10_12-20-58.webp.webp?fit=1200%2C675&ssl=1&resize=350%2C200","width":350,"height":200,"srcset":"https:\/\/i0.wp.com\/ismaelcolosi.com.br\/wp-content\/uploads\/2024\/06\/Copia-de-Copia-de-TAMANHO-EXATO-PARA-FOTOS-NO-SISTEMA-NOVO-10_2024-06-10_12-20-58_jpg_2024-06-10_12-20-58.webp.webp?fit=1200%2C675&ssl=1&resize=350%2C200 1x, https:\/\/i0.wp.com\/ismaelcolosi.com.br\/wp-content\/uploads\/2024\/06\/Copia-de-Copia-de-TAMANHO-EXATO-PARA-FOTOS-NO-SISTEMA-NOVO-10_2024-06-10_12-20-58_jpg_2024-06-10_12-20-58.webp.webp?fit=1200%2C675&ssl=1&resize=525%2C300 1.5x, https:\/\/i0.wp.com\/ismaelcolosi.com.br\/wp-content\/uploads\/2024\/06\/Copia-de-Copia-de-TAMANHO-EXATO-PARA-FOTOS-NO-SISTEMA-NOVO-10_2024-06-10_12-20-58_jpg_2024-06-10_12-20-58.webp.webp?fit=1200%2C675&ssl=1&resize=700%2C400 2x, https:\/\/i0.wp.com\/ismaelcolosi.com.br\/wp-content\/uploads\/2024\/06\/Copia-de-Copia-de-TAMANHO-EXATO-PARA-FOTOS-NO-SISTEMA-NOVO-10_2024-06-10_12-20-58_jpg_2024-06-10_12-20-58.webp.webp?fit=1200%2C675&ssl=1&resize=1050%2C600 3x"},"classes":[]},{"id":52647,"url":"https:\/\/ismaelcolosi.com.br\/index.php\/2024\/06\/09\/ribeirao-preto-tem-nova-exposicao-gratuita-de-carros-antigos-veja-quando\/","url_meta":{"origin":51921,"position":4},"title":"Ribeir\u00e3o Preto tem nova exposi\u00e7\u00e3o gratuita de carros antigos; Veja quando","author":"ismaelcolosi.com.br","date":"9 de June de 2024","format":false,"excerpt":"Ribeir\u00e3o Preto recebe nova exposi\u00e7\u00e3o gratuita de carros antigos, nos dias 15 e 16 de junho, na sede do Clube Faixa Branca, localizada na rua Luciana Mara Ign\u00e1cio, 825, no Jardim Bot\u00e2nico, zona Sul do munic\u00edpio. O evento faz parte da celebra\u00e7\u00e3o dos 35 anos de funda\u00e7\u00e3o do clube de\u2026","rel":"","context":"In &quot;Not\u00edcias de Ribeir\u00e3o Preto-SP e Regi\u00e3o&quot;","block_context":{"text":"Not\u00edcias de Ribeir\u00e3o Preto-SP e Regi\u00e3o","link":"https:\/\/ismaelcolosi.com.br\/index.php\/category\/noticias-de-ribeirao-preto-sp-e-regiao-ismael-colosi\/"},"img":{"alt_text":"","src":"https:\/\/i0.wp.com\/ismaelcolosi.com.br\/wp-content\/uploads\/2024\/06\/IMG_2514_2024-06-09_15-13-31_jpg_2024-06-09_15-13-31.webp.webp?fit=1200%2C800&ssl=1&resize=350%2C200","width":350,"height":200,"srcset":"https:\/\/i0.wp.com\/ismaelcolosi.com.br\/wp-content\/uploads\/2024\/06\/IMG_2514_2024-06-09_15-13-31_jpg_2024-06-09_15-13-31.webp.webp?fit=1200%2C800&ssl=1&resize=350%2C200 1x, https:\/\/i0.wp.com\/ismaelcolosi.com.br\/wp-content\/uploads\/2024\/06\/IMG_2514_2024-06-09_15-13-31_jpg_2024-06-09_15-13-31.webp.webp?fit=1200%2C800&ssl=1&resize=525%2C300 1.5x, https:\/\/i0.wp.com\/ismaelcolosi.com.br\/wp-content\/uploads\/2024\/06\/IMG_2514_2024-06-09_15-13-31_jpg_2024-06-09_15-13-31.webp.webp?fit=1200%2C800&ssl=1&resize=700%2C400 2x, https:\/\/i0.wp.com\/ismaelcolosi.com.br\/wp-content\/uploads\/2024\/06\/IMG_2514_2024-06-09_15-13-31_jpg_2024-06-09_15-13-31.webp.webp?fit=1200%2C800&ssl=1&resize=1050%2C600 3x"},"classes":[]},{"id":37583,"url":"https:\/\/ismaelcolosi.com.br\/index.php\/2024\/02\/16\/praca-de-ribeirao-preto-tem-feira-com-artesanato-e-exposicao-de-carros-antigos\/","url_meta":{"origin":51921,"position":5},"title":"Pra\u00e7a de Ribeir\u00e3o Preto tem feira com artesanato e exposi\u00e7\u00e3o de carros antigos","author":"ismaelcolosi.com.br","date":"16 de February de 2024","format":false,"excerpt":"Ribeir\u00e3o Preto recebe, neste domingo (18), mais uma Feira de Artesanato na pra\u00e7a Jos\u00e9 Mortari, entre as ruas Padre Anchieta, Dois de Julho, 21 de Abril e Monte Alverne, na Vila Tib\u00e9rio. O evento gratuito come\u00e7a \u00e0s 9h e vai reunir cerca de 70 artes\u00e3os. Al\u00e9m dos trabalhos manuais, a\u2026","rel":"","context":"In &quot;Not\u00edcias de Ribeir\u00e3o Preto-SP e Regi\u00e3o&quot;","block_context":{"text":"Not\u00edcias de Ribeir\u00e3o Preto-SP e Regi\u00e3o","link":"https:\/\/ismaelcolosi.com.br\/index.php\/category\/noticias-de-ribeirao-preto-sp-e-regiao-ismael-colosi\/"},"img":{"alt_text":"","src":"https:\/\/i0.wp.com\/ismaelcolosi.com.br\/wp-content\/uploads\/2024\/02\/WhatsApp-Image-2024-01-17-at-17.46.28.jpeg?fit=1200%2C675&ssl=1&resize=350%2C200","width":350,"height":200,"srcset":"https:\/\/i0.wp.com\/ismaelcolosi.com.br\/wp-content\/uploads\/2024\/02\/WhatsApp-Image-2024-01-17-at-17.46.28.jpeg?fit=1200%2C675&ssl=1&resize=350%2C200 1x, https:\/\/i0.wp.com\/ismaelcolosi.com.br\/wp-content\/uploads\/2024\/02\/WhatsApp-Image-2024-01-17-at-17.46.28.jpeg?fit=1200%2C675&ssl=1&resize=525%2C300 1.5x, https:\/\/i0.wp.com\/ismaelcolosi.com.br\/wp-content\/uploads\/2024\/02\/WhatsApp-Image-2024-01-17-at-17.46.28.jpeg?fit=1200%2C675&ssl=1&resize=700%2C400 2x, https:\/\/i0.wp.com\/ismaelcolosi.com.br\/wp-content\/uploads\/2024\/02\/WhatsApp-Image-2024-01-17-at-17.46.28.jpeg?fit=1200%2C675&ssl=1&resize=1050%2C600 3x"},"classes":[]}],"jetpack_sharing_enabled":true,"jetpack_shortlink":"https:\/\/wp.me\/pfMlyK-dvr","_links":{"self":[{"href":"https:\/\/ismaelcolosi.com.br\/index.php\/wp-json\/wp\/v2\/posts\/51921","targetHints":{"allow":["GET"]}}],"collection":[{"href":"https:\/\/ismaelcolosi.com.br\/index.php\/wp-json\/wp\/v2\/posts"}],"about":[{"href":"https:\/\/ismaelcolosi.com.br\/index.php\/wp-json\/wp\/v2\/types\/post"}],"author":[{"embeddable":true,"href":"https:\/\/ismaelcolosi.com.br\/index.php\/wp-json\/wp\/v2\/users\/1"}],"replies":[{"embeddable":true,"href":"https:\/\/ismaelcolosi.com.br\/index.php\/wp-json\/wp\/v2\/comments?post=51921"}],"version-history":[{"count":0,"href":"https:\/\/ismaelcolosi.com.br\/index.php\/wp-json\/wp\/v2\/posts\/51921\/revisions"}],"wp:featuredmedia":[{"embeddable":true,"href":"https:\/\/ismaelcolosi.com.br\/index.php\/wp-json\/wp\/v2\/media\/51922"}],"wp:attachment":[{"href":"https:\/\/ismaelcolosi.com.br\/index.php\/wp-json\/wp\/v2\/media?parent=51921"}],"wp:term":[{"taxonomy":"category","embeddable":true,"href":"https:\/\/ismaelcolosi.com.br\/index.php\/wp-json\/wp\/v2\/categories?post=51921"},{"taxonomy":"post_tag","embeddable":true,"href":"https:\/\/ismaelcolosi.com.br\/index.php\/wp-json\/wp\/v2\/tags?post=51921"}],"curies":[{"name":"wp","href":"https:\/\/api.w.org\/{rel}","templated":true}]}}