{"id":51919,"date":"2024-06-01T17:02:13","date_gmt":"2024-06-01T20:02:13","guid":{"rendered":"https:\/\/ismaelcolosi.com.br\/index.php\/2024\/06\/01\/cameras-de-seguranca-flagram-furto-de-motocicleta-na-zona-leste-de-ribeirao-preto\/"},"modified":"2024-06-01T17:02:13","modified_gmt":"2024-06-01T20:02:13","slug":"cameras-de-seguranca-flagram-furto-de-motocicleta-na-zona-leste-de-ribeirao-preto","status":"publish","type":"post","link":"https:\/\/ismaelcolosi.com.br\/index.php\/2024\/06\/01\/cameras-de-seguranca-flagram-furto-de-motocicleta-na-zona-leste-de-ribeirao-preto\/","title":{"rendered":"C\u00e2meras de seguran\u00e7a flagram furto de motocicleta na zona Leste de Ribeir\u00e3o Preto"},"content":{"rendered":"<p> <br \/>\n<\/p>\n<div data-td-block-uid=\"tdi_101\">\n<div class=\"tdb-block-inner td-fix-index\">\n<p><strong>C\u00e2meras de seguran\u00e7a<\/strong> registraram o momento em que um homem <strong>furta uma motocicleta<\/strong> no bairro Lagoinha, zona Leste de <strong>Ribeir\u00e3o Preto<\/strong>, na noite desta sexta-feira (31) \u2013 veja o v\u00eddeo abaixo.<\/p>\n<p>O caso aconteceu por volta das 22h45, na rua Augusto Bortoloti, pr\u00f3ximo a um pr\u00e9dio residencial, enquanto o propriet\u00e1rio visitava alguns amigos.<\/p>\n<p><mark style=\"background-color:#fcb900\" class=\"has-inline-color\">Nas imagens \u00e9 poss\u00edvel ver um homem andando pelo local e se aproximando da motocicleta, uma <strong>Yamaha Fazer, da cor vermelha<\/strong>, que estava estacionada. <strong>Ele pega a moto, sai empurrando e foge do local.<\/strong><\/mark><\/p>\n<p>O dono da motocicleta \u00e9 eletricista e utiliza o ve\u00edculo para trabalhar. De acordo com ele, a moto n\u00e3o possui seguro e o preju\u00edzo est\u00e1 em torno de <strong>R$ 10 mil<\/strong>.<\/p>\n<p>Um<strong> boletim de ocorr\u00eancia<\/strong> foi registrado de forma eletr\u00f4nica.<\/p>\n<blockquote class=\"twitter-tweet\" data-media-max-width=\"560\">\n<p lang=\"pt\" dir=\"ltr\">C\u00e2meras de seguran\u00e7a registraram o momento em que um homem furta uma motocicleta no bairro Lagoinha, zona Leste de Ribeir\u00e3o Preto, na noite desta sexta-feira (31).<\/p>\n<p>Saiba mais no site: <a href=\"https:\/\/t.co\/iGynbiHnSr\">https:\/\/t.co\/iGynbiHnSr<\/a><\/p>\n<p>\ud83c\udfa5 C\u00e2mera de seguran\u00e7a <a href=\"https:\/\/t.co\/DAQX3skrPZ\">pic.twitter.com\/DAQX3skrPZ<\/a><\/p>\n<p>\u2014 acidade on Ribeir\u00e3o e Regi\u00e3o (@acidadeonrp) <a href=\"https:\/\/twitter.com\/acidadeonrp\/status\/1796983735440589279?ref_src=twsrc%5Etfw\">June 1, 2024<\/a><\/p><\/blockquote>\n<hr class=\"wp-block-separator has-alpha-channel-opacity\"\/>\n<p>SAIBA MAIS<\/p>\n<p>Rede de cinemas em Ribeir\u00e3o Preto anuncia promo\u00e7\u00e3o de ingressos; Veja at\u00e9 quando<\/p>\n<h4 class=\"wp-block-heading\"><strong>FIQUE ON<\/strong><\/h4>\n<p>Fique ligado em tudo que acontece em Ribeir\u00e3o Preto e regi\u00e3o. Siga os perfis do\u00a0<strong>acidade on\u00a0<\/strong>no\u00a0<a href=\"https:\/\/www.instagram.com\/acidadeonribeirao\" target=\"_blank\" rel=\"noreferrer noopener\">Instagram<\/a>\u00a0e no\u00a0<a href=\"https:\/\/www.facebook.com\/acidadeonribeirao\" target=\"_blank\" rel=\"noreferrer noopener\">Facebook<\/a>.<\/p>\n<p>Receba not\u00edcias do acidade on no WhatsApp. Para entrar no grupo, basta\u00a0<a href=\"https:\/\/chat.whatsapp.com\/CdrZ6xrf7quD44Vw3WlPuZ\" target=\"_blank\" rel=\"noreferrer noopener\">clicar aqui<\/a>.<\/p>\n<p>Fa\u00e7a uma den\u00fancia ou sugira uma reportagem sobre Ribeir\u00e3o Preto e regi\u00e3o pelo WhatsApp: 16 99117 7802.<\/p>\n<p>VEJA TAMB\u00c9M<\/p>\n<p>Quantos graus faz na \u00cdndia no Ver\u00e3o? Pa\u00eds enfrenta calor extremo<\/p>\n<p><!-- AI CONTENT END 1 -->\n<\/div>\n<\/div>\n<p><script async src=\"\/\/platform.twitter.com\/widgets.js\" charset=\"utf-8\"><\/script><script async src=\"\/\/www.instagram.com\/embed.js\"><\/script><br \/>\n<br \/><br \/>\n<br \/><a href=\"https:\/\/www.acidadeon.com\/ribeiraopreto\/cotidiano\/cameras-de-seguranca-flagram-furto-de-motocicleta-na-zona-leste-de-ribeirao-preto\/\">Source link <\/a><\/p>\n<div class='code-block code-block-4' style='margin: 8px auto 8px 0; text-align: left; display: block; clear: both;'>\n\ud83d\udce2 Aviso Legal\n\nO site ismaelcolosi.com.br atua apenas como um canal de divulga\u00e7\u00e3o de oportunidades de emprego e n\u00e3o se responsabiliza pelo processo seletivo, contrata\u00e7\u00e3o ou qualquer outra etapa relacionada \u00e0s vagas publicadas. Todas as informa\u00e7\u00f5es s\u00e3o de responsabilidade dos anunciantes.\n\n\u26a0\ufe0f Aten\u00e7\u00e3o! Nunca pague por promessas de emprego nem compre cursos que garantam contrata\u00e7\u00e3o. Desconfie de qualquer cobran\u00e7a para participar de sele\u00e7\u00f5es.\n\n\n\n<\/div>\n<!-- CONTENT END 1 -->\n","protected":false},"excerpt":{"rendered":"<p>C\u00e2meras de seguran\u00e7a registraram o momento em que um homem furta uma motocicleta no bairro Lagoinha, zona Leste de Ribeir\u00e3o Preto, na noite desta sexta-feira&#8230;<\/p>\n","protected":false},"author":1,"featured_media":51920,"comment_status":"open","ping_status":"open","sticky":false,"template":"","format":"standard","meta":{"_uag_custom_page_level_css":"","advanced_seo_description":"","jetpack_seo_html_title":"","jetpack_seo_noindex":false,"jetpack_post_was_ever_published":false,"_jetpack_newsletter_access":"","_jetpack_dont_email_post_to_subs":false,"_jetpack_newsletter_tier_id":0,"_jetpack_memberships_contains_paywalled_content":false,"_jetpack_memberships_contains_paid_content":false,"footnotes":"","jetpack_publicize_message":"","jetpack_publicize_feature_enabled":true,"jetpack_social_post_already_shared":true,"jetpack_social_options":{"image_generator_settings":{"template":"highway","default_image_id":0,"font":"","enabled":false},"version":2}},"categories":[11],"tags":[],"class_list":["post-51919","post","type-post","status-publish","format-standard","has-post-thumbnail","hentry","category-noticias-de-ribeirao-preto-sp-e-regiao-ismael-colosi"],"jetpack_publicize_connections":[],"jetpack_featured_media_url":"https:\/\/i0.wp.com\/ismaelcolosi.com.br\/wp-content\/uploads\/2024\/06\/WhatsApp-Image-2024-06-01-at-16.18.10_2024-06-01_19-18-25_jpeg_2024-06-01_19-18-25.webp.webp?fit=750%2C421&ssl=1","uagb_featured_image_src":{"full":["https:\/\/i0.wp.com\/ismaelcolosi.com.br\/wp-content\/uploads\/2024\/06\/WhatsApp-Image-2024-06-01-at-16.18.10_2024-06-01_19-18-25_jpeg_2024-06-01_19-18-25.webp.webp?fit=750%2C421&ssl=1",750,421,false],"thumbnail":["https:\/\/i0.wp.com\/ismaelcolosi.com.br\/wp-content\/uploads\/2024\/06\/WhatsApp-Image-2024-06-01-at-16.18.10_2024-06-01_19-18-25_jpeg_2024-06-01_19-18-25.webp.webp?resize=150%2C150&ssl=1",150,150,true],"medium":["https:\/\/i0.wp.com\/ismaelcolosi.com.br\/wp-content\/uploads\/2024\/06\/WhatsApp-Image-2024-06-01-at-16.18.10_2024-06-01_19-18-25_jpeg_2024-06-01_19-18-25.webp.webp?fit=300%2C168&ssl=1",300,168,true],"medium_large":["https:\/\/i0.wp.com\/ismaelcolosi.com.br\/wp-content\/uploads\/2024\/06\/WhatsApp-Image-2024-06-01-at-16.18.10_2024-06-01_19-18-25_jpeg_2024-06-01_19-18-25.webp.webp?fit=750%2C421&ssl=1",750,421,true],"large":["https:\/\/i0.wp.com\/ismaelcolosi.com.br\/wp-content\/uploads\/2024\/06\/WhatsApp-Image-2024-06-01-at-16.18.10_2024-06-01_19-18-25_jpeg_2024-06-01_19-18-25.webp.webp?fit=750%2C421&ssl=1",750,421,true],"1536x1536":["https:\/\/i0.wp.com\/ismaelcolosi.com.br\/wp-content\/uploads\/2024\/06\/WhatsApp-Image-2024-06-01-at-16.18.10_2024-06-01_19-18-25_jpeg_2024-06-01_19-18-25.webp.webp?fit=750%2C421&ssl=1",750,421,true],"2048x2048":["https:\/\/i0.wp.com\/ismaelcolosi.com.br\/wp-content\/uploads\/2024\/06\/WhatsApp-Image-2024-06-01-at-16.18.10_2024-06-01_19-18-25_jpeg_2024-06-01_19-18-25.webp.webp?fit=750%2C421&ssl=1",750,421,true],"really-simple-thumb":["https:\/\/i0.wp.com\/ismaelcolosi.com.br\/wp-content\/uploads\/2024\/06\/WhatsApp-Image-2024-06-01-at-16.18.10_2024-06-01_19-18-25_jpeg_2024-06-01_19-18-25.webp.webp?resize=370%2C247&ssl=1",370,247,true]},"uagb_author_info":{"display_name":"ismaelcolosi.com.br","author_link":"https:\/\/ismaelcolosi.com.br\/index.php\/author\/vidareal-online\/"},"uagb_comment_info":0,"uagb_excerpt":"C\u00e2meras de seguran\u00e7a registraram o momento em que um homem furta uma motocicleta no bairro Lagoinha, zona Leste de Ribeir\u00e3o Preto, na noite desta sexta-feira...","jetpack-related-posts":[{"id":56599,"url":"https:\/\/ismaelcolosi.com.br\/index.php\/2024\/07\/12\/homem-morre-apos-ser-atropelado-por-moto-em-ribeirao-preto\/","url_meta":{"origin":51919,"position":0},"title":"Homem morre ap\u00f3s ser atropelado por moto em Ribeir\u00e3o Preto","author":"ismaelcolosi.com.br","date":"12 de July de 2024","format":false,"excerpt":"Um homem, de 63 anos, morreu ap\u00f3s ser atropelado por uma moto no final da tarde desta sexta-feira (12), na avenida F\u00e1bio Barretos, no bairro Campos El\u00edseos, em Ribeir\u00e3o Preto. C\u00e2meras de seguran\u00e7a registraram o momento em que o homem estava atravessando na faixa de pedestres da avenida e foi\u2026","rel":"","context":"In &quot;Not\u00edcias de Ribeir\u00e3o Preto-SP e Regi\u00e3o&quot;","block_context":{"text":"Not\u00edcias de Ribeir\u00e3o Preto-SP e Regi\u00e3o","link":"https:\/\/ismaelcolosi.com.br\/index.php\/category\/noticias-de-ribeirao-preto-sp-e-regiao-ismael-colosi\/"},"img":{"alt_text":"","src":"https:\/\/i0.wp.com\/ismaelcolosi.com.br\/wp-content\/uploads\/2024\/07\/Copia-de-Copia-de-TAMANHO-EXATO-PARA-FOTOS-NO-SISTEMA-NOVO-2024-07-12T180659.153_2024-07-12_21-07-28_png_2024-07-12_21-07-28.webp.webp?fit=1200%2C675&ssl=1&resize=350%2C200","width":350,"height":200,"srcset":"https:\/\/i0.wp.com\/ismaelcolosi.com.br\/wp-content\/uploads\/2024\/07\/Copia-de-Copia-de-TAMANHO-EXATO-PARA-FOTOS-NO-SISTEMA-NOVO-2024-07-12T180659.153_2024-07-12_21-07-28_png_2024-07-12_21-07-28.webp.webp?fit=1200%2C675&ssl=1&resize=350%2C200 1x, https:\/\/i0.wp.com\/ismaelcolosi.com.br\/wp-content\/uploads\/2024\/07\/Copia-de-Copia-de-TAMANHO-EXATO-PARA-FOTOS-NO-SISTEMA-NOVO-2024-07-12T180659.153_2024-07-12_21-07-28_png_2024-07-12_21-07-28.webp.webp?fit=1200%2C675&ssl=1&resize=525%2C300 1.5x, https:\/\/i0.wp.com\/ismaelcolosi.com.br\/wp-content\/uploads\/2024\/07\/Copia-de-Copia-de-TAMANHO-EXATO-PARA-FOTOS-NO-SISTEMA-NOVO-2024-07-12T180659.153_2024-07-12_21-07-28_png_2024-07-12_21-07-28.webp.webp?fit=1200%2C675&ssl=1&resize=700%2C400 2x, https:\/\/i0.wp.com\/ismaelcolosi.com.br\/wp-content\/uploads\/2024\/07\/Copia-de-Copia-de-TAMANHO-EXATO-PARA-FOTOS-NO-SISTEMA-NOVO-2024-07-12T180659.153_2024-07-12_21-07-28_png_2024-07-12_21-07-28.webp.webp?fit=1200%2C675&ssl=1&resize=1050%2C600 3x"},"classes":[]},{"id":10326,"url":"https:\/\/ismaelcolosi.com.br\/index.php\/2023\/12\/04\/homem-e-morto-apos-supostamente-furtar-medidor-de-energia-em-rp\/","url_meta":{"origin":51919,"position":1},"title":"Homem \u00e9 morto ap\u00f3s supostamente furtar medidor de energia em RP","author":"ismaelcolosi.com.br","date":"4 de December de 2023","format":false,"excerpt":"Dono da casa teria visto a\u00e7\u00e3o dos ladr\u00f5es e perseguiu um deles, que tentou se esconder em terreno onde acabou morto a tiros 4 de dezembro de 2023 | 10:36 0Por: Adalberto LuqueUm homem morreu, na manh\u00e3 deste s\u00e1bado (02), na Rua Clementino Dias da Silva, Planalto Verde, zona Oeste\u2026","rel":"","context":"In &quot;Not\u00edcias de Ribeir\u00e3o Preto-SP e Regi\u00e3o&quot;","block_context":{"text":"Not\u00edcias de Ribeir\u00e3o Preto-SP e Regi\u00e3o","link":"https:\/\/ismaelcolosi.com.br\/index.php\/category\/noticias-de-ribeirao-preto-sp-e-regiao-ismael-colosi\/"},"img":{"alt_text":"","src":"https:\/\/i0.wp.com\/ismaelcolosi.com.br\/wp-content\/uploads\/2023\/12\/00-04-dez-2023-morto-furtando-01-foto-x-tudo-scaled.jpg?fit=1000%2C592&ssl=1&resize=350%2C200","width":350,"height":200,"srcset":"https:\/\/i0.wp.com\/ismaelcolosi.com.br\/wp-content\/uploads\/2023\/12\/00-04-dez-2023-morto-furtando-01-foto-x-tudo-scaled.jpg?fit=1000%2C592&ssl=1&resize=350%2C200 1x, https:\/\/i0.wp.com\/ismaelcolosi.com.br\/wp-content\/uploads\/2023\/12\/00-04-dez-2023-morto-furtando-01-foto-x-tudo-scaled.jpg?fit=1000%2C592&ssl=1&resize=525%2C300 1.5x, https:\/\/i0.wp.com\/ismaelcolosi.com.br\/wp-content\/uploads\/2023\/12\/00-04-dez-2023-morto-furtando-01-foto-x-tudo-scaled.jpg?fit=1000%2C592&ssl=1&resize=700%2C400 2x"},"classes":[]},{"id":42207,"url":"https:\/\/ismaelcolosi.com.br\/index.php\/2024\/03\/13\/moto-furtada-na-capitao-salomao-e-achada-na-zona-oeste\/","url_meta":{"origin":51919,"position":2},"title":"Moto furtada na Capit\u00e3o Salom\u00e3o \u00e9 achada na zona Oeste","author":"ismaelcolosi.com.br","date":"13 de March de 2024","format":false,"excerpt":"Dupla havia escondido motocicleta no matagal e acabou surpreendida pela PM 13 de mar\u00e7o de 2024 | 11:31 2Por: Adalberto LuqueUma motocicleta furtada momentos antes na Avenida Capit\u00e3o Salom\u00e3o, em frente ao Senac, Campos El\u00edseos, zona Norte da cidade, foi encontrada poucos minutos depois. A motocicleta Twister foi furtada na\u2026","rel":"","context":"In &quot;Not\u00edcias de Ribeir\u00e3o Preto-SP e Regi\u00e3o&quot;","block_context":{"text":"Not\u00edcias de Ribeir\u00e3o Preto-SP e Regi\u00e3o","link":"https:\/\/ismaelcolosi.com.br\/index.php\/category\/noticias-de-ribeirao-preto-sp-e-regiao-ismael-colosi\/"},"img":{"alt_text":"","src":"https:\/\/i0.wp.com\/ismaelcolosi.com.br\/wp-content\/uploads\/2024\/03\/00-13-mar-2024-furto-e-assalto-senac-01-foto-baep-scaled.jpg?fit=821%2C645&ssl=1&resize=350%2C200","width":350,"height":200,"srcset":"https:\/\/i0.wp.com\/ismaelcolosi.com.br\/wp-content\/uploads\/2024\/03\/00-13-mar-2024-furto-e-assalto-senac-01-foto-baep-scaled.jpg?fit=821%2C645&ssl=1&resize=350%2C200 1x, https:\/\/i0.wp.com\/ismaelcolosi.com.br\/wp-content\/uploads\/2024\/03\/00-13-mar-2024-furto-e-assalto-senac-01-foto-baep-scaled.jpg?fit=821%2C645&ssl=1&resize=525%2C300 1.5x, https:\/\/i0.wp.com\/ismaelcolosi.com.br\/wp-content\/uploads\/2024\/03\/00-13-mar-2024-furto-e-assalto-senac-01-foto-baep-scaled.jpg?fit=821%2C645&ssl=1&resize=700%2C400 2x"},"classes":[]},{"id":39778,"url":"https:\/\/ismaelcolosi.com.br\/index.php\/2024\/02\/28\/motociclista-e-pego-com-drogas-na-anhanguera\/","url_meta":{"origin":51919,"position":3},"title":"Motociclista \u00e9 pego com drogas na Anhanguera","author":"ismaelcolosi.com.br","date":"28 de February de 2024","format":false,"excerpt":"Apesar da tentativa de fuga, suspeito foi detido pr\u00f3ximo ao Jardim Palmares 28 de fevereiro de 2024 | 11:07 0Por: Adalberto LuqueUm homem foi preso, na noite desta ter\u00e7a-feira (27) ao tentar escapar de uma abordagem policial. O suspeito foi parado na Rodovia Anhanguera (SP-330), altura do km 310, sentido\u2026","rel":"","context":"In &quot;Not\u00edcias de Ribeir\u00e3o Preto-SP e Regi\u00e3o&quot;","block_context":{"text":"Not\u00edcias de Ribeir\u00e3o Preto-SP e Regi\u00e3o","link":"https:\/\/ismaelcolosi.com.br\/index.php\/category\/noticias-de-ribeirao-preto-sp-e-regiao-ismael-colosi\/"},"img":{"alt_text":"","src":"https:\/\/i0.wp.com\/ismaelcolosi.com.br\/wp-content\/uploads\/2024\/02\/00-28-fev-2024-moto-trafico-foto-pmrv.jpg?fit=797%2C630&ssl=1&resize=350%2C200","width":350,"height":200,"srcset":"https:\/\/i0.wp.com\/ismaelcolosi.com.br\/wp-content\/uploads\/2024\/02\/00-28-fev-2024-moto-trafico-foto-pmrv.jpg?fit=797%2C630&ssl=1&resize=350%2C200 1x, https:\/\/i0.wp.com\/ismaelcolosi.com.br\/wp-content\/uploads\/2024\/02\/00-28-fev-2024-moto-trafico-foto-pmrv.jpg?fit=797%2C630&ssl=1&resize=525%2C300 1.5x, https:\/\/i0.wp.com\/ismaelcolosi.com.br\/wp-content\/uploads\/2024\/02\/00-28-fev-2024-moto-trafico-foto-pmrv.jpg?fit=797%2C630&ssl=1&resize=700%2C400 2x"},"classes":[]},{"id":36508,"url":"https:\/\/ismaelcolosi.com.br\/index.php\/2024\/02\/09\/mulher-com-bebe-no-colo-e-assaltada-em-ribeirao-preto-veja-o-video\/","url_meta":{"origin":51919,"position":4},"title":"Mulher com beb\u00ea no colo \u00e9 assaltada em Ribeir\u00e3o Preto; Veja o v\u00eddeo","author":"ismaelcolosi.com.br","date":"9 de February de 2024","format":false,"excerpt":"C\u00e2meras de seguran\u00e7a flagraram o momento em que uma mulher com um beb\u00ea no colo foi assaltada, na tarde desta sexta-feira (9), em Ribeir\u00e3o Preto \u2013 veja o v\u00eddeo abaixo. O caso aconteceu na rua Epit\u00e1cio Pessoa, no bairro Vila Tib\u00e9rio, zona Oeste do munic\u00edpio. De acordo com as imagens\u2026","rel":"","context":"In &quot;Not\u00edcias de Ribeir\u00e3o Preto-SP e Regi\u00e3o&quot;","block_context":{"text":"Not\u00edcias de Ribeir\u00e3o Preto-SP e Regi\u00e3o","link":"https:\/\/ismaelcolosi.com.br\/index.php\/category\/noticias-de-ribeirao-preto-sp-e-regiao-ismael-colosi\/"},"img":{"alt_text":"","src":"https:\/\/i0.wp.com\/ismaelcolosi.com.br\/wp-content\/uploads\/2024\/02\/1707529833_a116a0e8-8913-47de-8c0f-52f3062a769f.jpg?fit=750%2C615&ssl=1&resize=350%2C200","width":350,"height":200,"srcset":"https:\/\/i0.wp.com\/ismaelcolosi.com.br\/wp-content\/uploads\/2024\/02\/1707529833_a116a0e8-8913-47de-8c0f-52f3062a769f.jpg?fit=750%2C615&ssl=1&resize=350%2C200 1x, https:\/\/i0.wp.com\/ismaelcolosi.com.br\/wp-content\/uploads\/2024\/02\/1707529833_a116a0e8-8913-47de-8c0f-52f3062a769f.jpg?fit=750%2C615&ssl=1&resize=525%2C300 1.5x, https:\/\/i0.wp.com\/ismaelcolosi.com.br\/wp-content\/uploads\/2024\/02\/1707529833_a116a0e8-8913-47de-8c0f-52f3062a769f.jpg?fit=750%2C615&ssl=1&resize=700%2C400 2x"},"classes":[]},{"id":51926,"url":"https:\/\/ismaelcolosi.com.br\/index.php\/2024\/06\/01\/homem-e-baleado-apos-tentar-agredir-policial-na-zona-norte-de-ribeirao-preto-veja-video\/","url_meta":{"origin":51919,"position":5},"title":"Homem \u00e9 baleado ap\u00f3s tentar agredir policial na zona Norte de Ribeir\u00e3o Preto; Veja v\u00eddeo","author":"ismaelcolosi.com.br","date":"1 de June de 2024","format":false,"excerpt":"Uma abordagem policial terminou com um homem de 27 anos baleado, na tarde deste s\u00e1bado (1\u00ba), na\u00a0rua Paulo Marzola, no Jardim Jandaia, zona Norte de Ribeir\u00e3o Preto. \u00a0 De acordo com as informa\u00e7\u00f5es do boletim de ocorr\u00eancia, o disparo foi realizado ap\u00f3s o homem tentar agredir um policial militar. O\u2026","rel":"","context":"In &quot;Not\u00edcias de Ribeir\u00e3o Preto-SP e Regi\u00e3o&quot;","block_context":{"text":"Not\u00edcias de Ribeir\u00e3o Preto-SP e Regi\u00e3o","link":"https:\/\/ismaelcolosi.com.br\/index.php\/category\/noticias-de-ribeirao-preto-sp-e-regiao-ismael-colosi\/"},"img":{"alt_text":"","src":"https:\/\/i0.wp.com\/ismaelcolosi.com.br\/wp-content\/uploads\/2024\/06\/WhatsApp-Image-2024-06-01-at-21.26.29_2024-06-02_00-33-51_jpeg_2024-06-02_00-33-51.webp.webp?fit=1200%2C675&ssl=1&resize=350%2C200","width":350,"height":200,"srcset":"https:\/\/i0.wp.com\/ismaelcolosi.com.br\/wp-content\/uploads\/2024\/06\/WhatsApp-Image-2024-06-01-at-21.26.29_2024-06-02_00-33-51_jpeg_2024-06-02_00-33-51.webp.webp?fit=1200%2C675&ssl=1&resize=350%2C200 1x, https:\/\/i0.wp.com\/ismaelcolosi.com.br\/wp-content\/uploads\/2024\/06\/WhatsApp-Image-2024-06-01-at-21.26.29_2024-06-02_00-33-51_jpeg_2024-06-02_00-33-51.webp.webp?fit=1200%2C675&ssl=1&resize=525%2C300 1.5x, https:\/\/i0.wp.com\/ismaelcolosi.com.br\/wp-content\/uploads\/2024\/06\/WhatsApp-Image-2024-06-01-at-21.26.29_2024-06-02_00-33-51_jpeg_2024-06-02_00-33-51.webp.webp?fit=1200%2C675&ssl=1&resize=700%2C400 2x, https:\/\/i0.wp.com\/ismaelcolosi.com.br\/wp-content\/uploads\/2024\/06\/WhatsApp-Image-2024-06-01-at-21.26.29_2024-06-02_00-33-51_jpeg_2024-06-02_00-33-51.webp.webp?fit=1200%2C675&ssl=1&resize=1050%2C600 3x"},"classes":[]}],"jetpack_sharing_enabled":true,"jetpack_shortlink":"https:\/\/wp.me\/pfMlyK-dvp","_links":{"self":[{"href":"https:\/\/ismaelcolosi.com.br\/index.php\/wp-json\/wp\/v2\/posts\/51919","targetHints":{"allow":["GET"]}}],"collection":[{"href":"https:\/\/ismaelcolosi.com.br\/index.php\/wp-json\/wp\/v2\/posts"}],"about":[{"href":"https:\/\/ismaelcolosi.com.br\/index.php\/wp-json\/wp\/v2\/types\/post"}],"author":[{"embeddable":true,"href":"https:\/\/ismaelcolosi.com.br\/index.php\/wp-json\/wp\/v2\/users\/1"}],"replies":[{"embeddable":true,"href":"https:\/\/ismaelcolosi.com.br\/index.php\/wp-json\/wp\/v2\/comments?post=51919"}],"version-history":[{"count":0,"href":"https:\/\/ismaelcolosi.com.br\/index.php\/wp-json\/wp\/v2\/posts\/51919\/revisions"}],"wp:featuredmedia":[{"embeddable":true,"href":"https:\/\/ismaelcolosi.com.br\/index.php\/wp-json\/wp\/v2\/media\/51920"}],"wp:attachment":[{"href":"https:\/\/ismaelcolosi.com.br\/index.php\/wp-json\/wp\/v2\/media?parent=51919"}],"wp:term":[{"taxonomy":"category","embeddable":true,"href":"https:\/\/ismaelcolosi.com.br\/index.php\/wp-json\/wp\/v2\/categories?post=51919"},{"taxonomy":"post_tag","embeddable":true,"href":"https:\/\/ismaelcolosi.com.br\/index.php\/wp-json\/wp\/v2\/tags?post=51919"}],"curies":[{"name":"wp","href":"https:\/\/api.w.org\/{rel}","templated":true}]}}