{"id":51917,"date":"2024-06-01T15:52:41","date_gmt":"2024-06-01T18:52:41","guid":{"rendered":"https:\/\/ismaelcolosi.com.br\/index.php\/2024\/06\/01\/ator-que-participou-de-filme-sobre-sidney-magal-se-apresenta-em-ribeirao-preto\/"},"modified":"2024-06-01T15:52:41","modified_gmt":"2024-06-01T18:52:41","slug":"ator-que-participou-de-filme-sobre-sidney-magal-se-apresenta-em-ribeirao-preto","status":"publish","type":"post","link":"https:\/\/ismaelcolosi.com.br\/index.php\/2024\/06\/01\/ator-que-participou-de-filme-sobre-sidney-magal-se-apresenta-em-ribeirao-preto\/","title":{"rendered":"Ator que participou de filme sobre Sidney Magal se apresenta em Ribeir\u00e3o Preto"},"content":{"rendered":"<p> <br \/>\n<\/p>\n<div>\n<p>O ator <strong>Sidney Santiago Kuanza<\/strong>, que atuou recentemente no filme sobre a hist\u00f3ria de <strong>Sidney Magal<\/strong>,<strong> \u201cMeu<\/strong> <strong>Sangue Ferve por Voc\u00ea\u201d<\/strong>, se apresenta em <strong>Ribeir\u00e3o Preto<\/strong> na <strong>quarta-feira (5)<\/strong>, no <strong>Teatro Municipal<\/strong> da cidade.<\/p>\n<p>O palco vai receber o espet\u00e1culo <strong>\u201cA Solid\u00e3o de Um Feio<\/strong>\u201d, que recria fragmentos da trajet\u00f3ria da vida e obra do escritor <strong>Afonso Henrique de Lima Barreto<\/strong>.<\/p><div class='code-block code-block-8' style='margin: 8px auto; text-align: center; display: block; clear: both;'>\n<script>\n  atOptions = {\n    'key' : '66e2e2111ca34da796271819fc334058',\n    'format' : 'iframe',\n    'height' : 250,\n    'width' : 300,\n    'params' : {}\n  };\n<\/script>\n<script src=\"https:\/\/www.highperformanceformat.com\/66e2e2111ca34da796271819fc334058\/invoke.js\"><\/script>\n<\/div>\n\n<p><mark style=\"background-color:#fcb900\" class=\"has-inline-color\">A pe\u00e7a faz parte de um projeto acerca dos estudos e reflex\u00f5es sobre as masculinidades negras no Brasil e seus di\u00e1logos com a <strong>Di\u00e1spora Negra<\/strong>, que desde 2014, pesquisa os impactos do racismo na psique, afetividade e subjetividade de homens negros.<\/mark><\/p>\n<h2 class=\"wp-block-heading\"><strong>O ator<\/strong><\/h2>\n<p>Al\u00e9m de recentemente ter dado vida a \u201c<strong>Sandra Pink<\/strong>\u201d, no filme que estreou na \u00faltima<strong> quinta-feira (30)<\/strong>, sobre a hist\u00f3ria de amor de <strong>Sidney Magal<\/strong> e <strong>Magali West<\/strong>, <strong>Sidney Santiago<\/strong> j\u00e1 atuou em \u201c<strong>Segunda Chamada<\/strong>\u201d, \u201c<strong>Caminho das \u00cdndias<\/strong>\u201d e \u201c<strong>Rensga Hits!<\/strong>\u201d.<\/p>\n<h3 class=\"wp-block-heading\"><strong>Ingressos<\/strong><\/h3>\n<p>Os <strong>ingressos<\/strong> podem ser adquiridos on-line pelo site (<a href=\"https:\/\/www.sescsp.org.br\/programacao\/a-solidao-do-feio-3\/\" target=\"_blank\" rel=\"noreferrer noopener\">clique aqui<\/a>) e presencialmente na bilheteria do <strong>Sesc<\/strong>. No dia da apresenta\u00e7\u00e3o, a partir das <strong>19h<\/strong>, tamb\u00e9m ser\u00e3o disponibilizadas vendas na bilheteria do <strong>Teatro Municipal<\/strong>. <span style=\"background-color:#f7cc62\" class=\"td_text_highlight_marker\">Veja valores:<\/span><\/p>\n<ul>\n<li>Credencial Plena | R$ 12<\/li>\n<li>Meia-entrada | R$ 20<\/li>\n<li>Inteira | R$ 40<\/li>\n<\/ul>\n<p>A pe\u00e7a tem <strong>classifica\u00e7\u00e3o indicativa<\/strong> de <strong>16 anos<\/strong> e tem hor\u00e1rio marcado para iniciar \u00e0s <strong>20h<\/strong>. Para maiores informa\u00e7\u00f5es, entre em contato com o <strong>Sesc<\/strong> pelo telefone: <strong>(16) 3977-4477<\/strong>.<\/p>\n<hr class=\"wp-block-separator has-alpha-channel-opacity\"\/>\n<p>SAIBA MAIS<br \/>Rede de cinemas em Ribeir\u00e3o Preto anuncia promo\u00e7\u00e3o de ingressos; Veja at\u00e9 quando<\/p>\n<h4 class=\"wp-block-heading\"><strong>FIQUE ON<\/strong><\/h4>\n<p>Fique ligado em tudo que acontece em Ribeir\u00e3o Preto e regi\u00e3o. Siga os perfis do <strong>acidade on <\/strong>no <a href=\"https:\/\/www.instagram.com\/acidadeonribeirao\" target=\"_blank\" rel=\"noreferrer noopener\">Instagram<\/a> e no <a href=\"https:\/\/www.facebook.com\/acidadeonribeirao\" target=\"_blank\" rel=\"noreferrer noopener\">Facebook<\/a>.<\/p>\n<p>Receba not\u00edcias do acidade on no WhatsApp. Para entrar no grupo, basta <a href=\"https:\/\/chat.whatsapp.com\/CdrZ6xrf7quD44Vw3WlPuZ\" target=\"_blank\" rel=\"noreferrer noopener\">clicar aqui<\/a>.<\/p>\n<p>Fa\u00e7a uma den\u00fancia ou sugira uma reportagem sobre Ribeir\u00e3o Preto e regi\u00e3o pelo WhatsApp: 16 99117 7802.<\/p>\n<p>VEJA TAMB\u00c9M<br \/>Onde est\u00e1 J\u00falia Andrade Cathermol Pimenta, caso do \u201cFant\u00e1stico\u201d?<\/p>\n<p><!-- AI CONTENT END 1 -->\n<\/div>\n<p><script async src=\"\/\/www.instagram.com\/embed.js\"><\/script><br \/>\n<br \/><br \/>\n<br \/><a href=\"https:\/\/www.acidadeon.com\/ribeiraopreto\/lazer-e-cultura\/ator-que-participou-de-filme-sobre-sidney-magal-se-apresenta-em-ribeirao-preto\/\">Source link <\/a><\/p>\n<div class='code-block code-block-4' style='margin: 8px auto 8px 0; text-align: left; display: block; clear: both;'>\n\ud83d\udce2 Aviso Legal\n\nO site ismaelcolosi.com.br atua apenas como um canal de divulga\u00e7\u00e3o de oportunidades de emprego e n\u00e3o se responsabiliza pelo processo seletivo, contrata\u00e7\u00e3o ou qualquer outra etapa relacionada \u00e0s vagas publicadas. Todas as informa\u00e7\u00f5es s\u00e3o de responsabilidade dos anunciantes.\n\n\u26a0\ufe0f Aten\u00e7\u00e3o! Nunca pague por promessas de emprego nem compre cursos que garantam contrata\u00e7\u00e3o. Desconfie de qualquer cobran\u00e7a para participar de sele\u00e7\u00f5es.\n\n\n\n<\/div>\n<!-- CONTENT END 1 -->\n","protected":false},"excerpt":{"rendered":"<p>O ator Sidney Santiago Kuanza, que atuou recentemente no filme sobre a hist\u00f3ria de Sidney Magal, \u201cMeu Sangue Ferve por Voc\u00ea\u201d, se apresenta em Ribeir\u00e3o&#8230;<\/p>\n","protected":false},"author":1,"featured_media":51918,"comment_status":"open","ping_status":"open","sticky":false,"template":"","format":"standard","meta":{"_uag_custom_page_level_css":"","advanced_seo_description":"","jetpack_seo_html_title":"","jetpack_seo_noindex":false,"jetpack_post_was_ever_published":false,"_jetpack_newsletter_access":"","_jetpack_dont_email_post_to_subs":false,"_jetpack_newsletter_tier_id":0,"_jetpack_memberships_contains_paywalled_content":false,"_jetpack_memberships_contains_paid_content":false,"footnotes":"","jetpack_publicize_message":"","jetpack_publicize_feature_enabled":true,"jetpack_social_post_already_shared":true,"jetpack_social_options":{"image_generator_settings":{"template":"highway","default_image_id":0,"font":"","enabled":false},"version":2}},"categories":[11],"tags":[],"class_list":["post-51917","post","type-post","status-publish","format-standard","has-post-thumbnail","hentry","category-noticias-de-ribeirao-preto-sp-e-regiao-ismael-colosi"],"jetpack_publicize_connections":[],"jetpack_featured_media_url":"https:\/\/i0.wp.com\/ismaelcolosi.com.br\/wp-content\/uploads\/2024\/06\/06.2024-Teatro-A-solidao-do-feio-Fredo-Peixoto-664x332-1_2024-06-01_17-04-11_png_2024-06-01_17-04-11.webp.webp?fit=664%2C332&ssl=1","uagb_featured_image_src":{"full":["https:\/\/i0.wp.com\/ismaelcolosi.com.br\/wp-content\/uploads\/2024\/06\/06.2024-Teatro-A-solidao-do-feio-Fredo-Peixoto-664x332-1_2024-06-01_17-04-11_png_2024-06-01_17-04-11.webp.webp?fit=664%2C332&ssl=1",664,332,false],"thumbnail":["https:\/\/i0.wp.com\/ismaelcolosi.com.br\/wp-content\/uploads\/2024\/06\/06.2024-Teatro-A-solidao-do-feio-Fredo-Peixoto-664x332-1_2024-06-01_17-04-11_png_2024-06-01_17-04-11.webp.webp?resize=150%2C150&ssl=1",150,150,true],"medium":["https:\/\/i0.wp.com\/ismaelcolosi.com.br\/wp-content\/uploads\/2024\/06\/06.2024-Teatro-A-solidao-do-feio-Fredo-Peixoto-664x332-1_2024-06-01_17-04-11_png_2024-06-01_17-04-11.webp.webp?fit=300%2C150&ssl=1",300,150,true],"medium_large":["https:\/\/i0.wp.com\/ismaelcolosi.com.br\/wp-content\/uploads\/2024\/06\/06.2024-Teatro-A-solidao-do-feio-Fredo-Peixoto-664x332-1_2024-06-01_17-04-11_png_2024-06-01_17-04-11.webp.webp?fit=664%2C332&ssl=1",664,332,true],"large":["https:\/\/i0.wp.com\/ismaelcolosi.com.br\/wp-content\/uploads\/2024\/06\/06.2024-Teatro-A-solidao-do-feio-Fredo-Peixoto-664x332-1_2024-06-01_17-04-11_png_2024-06-01_17-04-11.webp.webp?fit=664%2C332&ssl=1",664,332,true],"1536x1536":["https:\/\/i0.wp.com\/ismaelcolosi.com.br\/wp-content\/uploads\/2024\/06\/06.2024-Teatro-A-solidao-do-feio-Fredo-Peixoto-664x332-1_2024-06-01_17-04-11_png_2024-06-01_17-04-11.webp.webp?fit=664%2C332&ssl=1",664,332,true],"2048x2048":["https:\/\/i0.wp.com\/ismaelcolosi.com.br\/wp-content\/uploads\/2024\/06\/06.2024-Teatro-A-solidao-do-feio-Fredo-Peixoto-664x332-1_2024-06-01_17-04-11_png_2024-06-01_17-04-11.webp.webp?fit=664%2C332&ssl=1",664,332,true],"really-simple-thumb":["https:\/\/i0.wp.com\/ismaelcolosi.com.br\/wp-content\/uploads\/2024\/06\/06.2024-Teatro-A-solidao-do-feio-Fredo-Peixoto-664x332-1_2024-06-01_17-04-11_png_2024-06-01_17-04-11.webp.webp?resize=370%2C247&ssl=1",370,247,true]},"uagb_author_info":{"display_name":"ismaelcolosi.com.br","author_link":"https:\/\/ismaelcolosi.com.br\/index.php\/author\/vidareal-online\/"},"uagb_comment_info":0,"uagb_excerpt":"O ator Sidney Santiago Kuanza, que atuou recentemente no filme sobre a hist\u00f3ria de Sidney Magal, \u201cMeu Sangue Ferve por Voc\u00ea\u201d, se apresenta em Ribeir\u00e3o...","jetpack-related-posts":[{"id":28670,"url":"https:\/\/ismaelcolosi.com.br\/index.php\/2024\/01\/16\/sidney-magal-expoe-que-e-bissexual-e-conta-experiencia-com-amigo-bailarino-video\/","url_meta":{"origin":51917,"position":0},"title":"Sidney Magal exp\u00f5e que \u00e9 bissexual e conta experi\u00eancia com amigo bailarino; v\u00eddeo","author":"ismaelcolosi.com.br","date":"16 de January de 2024","format":false,"excerpt":"O famoso cantor Sidney Magal, aos 73 anos de idade, revelou sua bissexualidade ao participar de uma entrevista no programa \u2018Roda Viva\u2019, da TV Cultura, a situa\u00e7\u00e3o aconteceu nesta \u00faltima segunda-feira, dia 15 de janeiro.Ao falar sobre o assunto, Magal enfatizou a import\u00e2nica da liberdade sexual e se abriu sobre\u2026","rel":"","context":"In &quot;Blog&quot;","block_context":{"text":"Blog","link":"https:\/\/ismaelcolosi.com.br\/index.php\/category\/blog\/"},"img":{"alt_text":"","src":"https:\/\/i0.wp.com\/ismaelcolosi.com.br\/wp-content\/uploads\/2024\/01\/postimg-65a69e18a432f9653.jpg?fit=1200%2C628&ssl=1&resize=350%2C200","width":350,"height":200,"srcset":"https:\/\/i0.wp.com\/ismaelcolosi.com.br\/wp-content\/uploads\/2024\/01\/postimg-65a69e18a432f9653.jpg?fit=1200%2C628&ssl=1&resize=350%2C200 1x, https:\/\/i0.wp.com\/ismaelcolosi.com.br\/wp-content\/uploads\/2024\/01\/postimg-65a69e18a432f9653.jpg?fit=1200%2C628&ssl=1&resize=525%2C300 1.5x, https:\/\/i0.wp.com\/ismaelcolosi.com.br\/wp-content\/uploads\/2024\/01\/postimg-65a69e18a432f9653.jpg?fit=1200%2C628&ssl=1&resize=700%2C400 2x, https:\/\/i0.wp.com\/ismaelcolosi.com.br\/wp-content\/uploads\/2024\/01\/postimg-65a69e18a432f9653.jpg?fit=1200%2C628&ssl=1&resize=1050%2C600 3x"},"classes":[]},{"id":34805,"url":"https:\/\/ismaelcolosi.com.br\/index.php\/2024\/02\/03\/amaury-lorenzo-se-apresenta-no-teatro-municipal-de-ribeirao-preto-saiba-como-comprar-ingressos\/","url_meta":{"origin":51917,"position":1},"title":"Amaury Lorenzo se apresenta no Teatro Municipal de Ribeir\u00e3o Preto; Saiba como comprar ingressos","author":"ismaelcolosi.com.br","date":"3 de February de 2024","format":false,"excerpt":"O ator Amaury Lorenzo vai se apresentar em Ribeir\u00e3o Preto nos dias 23 e 24 de mar\u00e7o com o espet\u00e1culo \u201cA Luta\u201d no Teatro Municipal. Os ingressos podem ser adquiridos on-line e os pre\u00e7os variam entre R$ 60 a R$ 120. O ator ganhou destaque recentemente na TV ap\u00f3s dar\u2026","rel":"","context":"In &quot;Not\u00edcias de Ribeir\u00e3o Preto-SP e Regi\u00e3o&quot;","block_context":{"text":"Not\u00edcias de Ribeir\u00e3o Preto-SP e Regi\u00e3o","link":"https:\/\/ismaelcolosi.com.br\/index.php\/category\/noticias-de-ribeirao-preto-sp-e-regiao-ismael-colosi\/"},"img":{"alt_text":"","src":"https:\/\/i0.wp.com\/ismaelcolosi.com.br\/wp-content\/uploads\/2024\/02\/Copia-de-Copia-de-TAMANHO-EXATO-PARA-FOTOS-NO-SISTEMA-NOVO-2.jpg?fit=1200%2C675&ssl=1&resize=350%2C200","width":350,"height":200,"srcset":"https:\/\/i0.wp.com\/ismaelcolosi.com.br\/wp-content\/uploads\/2024\/02\/Copia-de-Copia-de-TAMANHO-EXATO-PARA-FOTOS-NO-SISTEMA-NOVO-2.jpg?fit=1200%2C675&ssl=1&resize=350%2C200 1x, https:\/\/i0.wp.com\/ismaelcolosi.com.br\/wp-content\/uploads\/2024\/02\/Copia-de-Copia-de-TAMANHO-EXATO-PARA-FOTOS-NO-SISTEMA-NOVO-2.jpg?fit=1200%2C675&ssl=1&resize=525%2C300 1.5x, https:\/\/i0.wp.com\/ismaelcolosi.com.br\/wp-content\/uploads\/2024\/02\/Copia-de-Copia-de-TAMANHO-EXATO-PARA-FOTOS-NO-SISTEMA-NOVO-2.jpg?fit=1200%2C675&ssl=1&resize=700%2C400 2x, https:\/\/i0.wp.com\/ismaelcolosi.com.br\/wp-content\/uploads\/2024\/02\/Copia-de-Copia-de-TAMANHO-EXATO-PARA-FOTOS-NO-SISTEMA-NOVO-2.jpg?fit=1200%2C675&ssl=1&resize=1050%2C600 3x"},"classes":[]},{"id":43853,"url":"https:\/\/ismaelcolosi.com.br\/index.php\/2024\/03\/23\/voce-sabia-que-ribeirao-preto-ja-foi-cenario-de-filme-de-faroeste\/","url_meta":{"origin":51917,"position":2},"title":"Voc\u00ea sabia que Ribeir\u00e3o Preto j\u00e1 foi cen\u00e1rio de filme de faroeste?","author":"ismaelcolosi.com.br","date":"23 de March de 2024","format":false,"excerpt":"Ribeir\u00e3o Preto j\u00e1 serviu de cen\u00e1rio para um filme de faroeste que contou com a participa\u00e7\u00e3o de integrantes de uma banda de rock que fez sucesso no Brasil entre os anos 1960 e 1970. \u201cConflito em San Diego\u201d, foi dirigido por Maur\u00edcio Miguel em 1972, mas lan\u00e7ado apenas em 1981.\u2026","rel":"","context":"In &quot;Not\u00edcias de Ribeir\u00e3o Preto-SP e Regi\u00e3o&quot;","block_context":{"text":"Not\u00edcias de Ribeir\u00e3o Preto-SP e Regi\u00e3o","link":"https:\/\/ismaelcolosi.com.br\/index.php\/category\/noticias-de-ribeirao-preto-sp-e-regiao-ismael-colosi\/"},"img":{"alt_text":"","src":"https:\/\/i0.wp.com\/ismaelcolosi.com.br\/wp-content\/uploads\/2024\/03\/AnyConv.com__conflito-em-san-diego.webp.webp?fit=786%2C473&ssl=1&resize=350%2C200","width":350,"height":200,"srcset":"https:\/\/i0.wp.com\/ismaelcolosi.com.br\/wp-content\/uploads\/2024\/03\/AnyConv.com__conflito-em-san-diego.webp.webp?fit=786%2C473&ssl=1&resize=350%2C200 1x, https:\/\/i0.wp.com\/ismaelcolosi.com.br\/wp-content\/uploads\/2024\/03\/AnyConv.com__conflito-em-san-diego.webp.webp?fit=786%2C473&ssl=1&resize=525%2C300 1.5x, https:\/\/i0.wp.com\/ismaelcolosi.com.br\/wp-content\/uploads\/2024\/03\/AnyConv.com__conflito-em-san-diego.webp.webp?fit=786%2C473&ssl=1&resize=700%2C400 2x"},"classes":[]},{"id":58967,"url":"https:\/\/ismaelcolosi.com.br\/index.php\/2024\/08\/05\/protagonista-de-novela-apresenta-monologo-no-teatro-municipal-de-ribeirao-preto\/","url_meta":{"origin":51917,"position":3},"title":"Protagonista de novela apresenta mon\u00f3logo no Teatro Municipal de Ribeir\u00e3o Preto","author":"ismaelcolosi.com.br","date":"5 de August de 2024","format":false,"excerpt":"O ator Samuel de Assis, que ganhou destaque em seu personagem \u2018Ben\u2019, um dos protagonistas da novela \u2018Vai Na F\u00e9\u2019, da TV Globo\/EPTV, ir\u00e1 apresentar gratuitamente no dia 16 de agosto, \u00e0s 20h, no Teatro Municipal de Ribeir\u00e3o Preto, o mon\u00f3logo sobre racismo, \u201cE Voc\u00eas, Quem S\u00e3o?\u201d. O solo conta\u2026","rel":"","context":"In &quot;Not\u00edcias de Ribeir\u00e3o Preto-SP e Regi\u00e3o&quot;","block_context":{"text":"Not\u00edcias de Ribeir\u00e3o Preto-SP e Regi\u00e3o","link":"https:\/\/ismaelcolosi.com.br\/index.php\/category\/noticias-de-ribeirao-preto-sp-e-regiao-ismael-colosi\/"},"img":{"alt_text":"","src":"https:\/\/i0.wp.com\/ismaelcolosi.com.br\/wp-content\/uploads\/2024\/08\/Copia-de-Copia-de-TAMANHO-EXATO-PARA-FOTOS-NO-SISTEMA-NOVO-28_2024-08-05_12-19-11_jpg_2024-08-05_12-19-11.webp.webp?fit=1200%2C675&ssl=1&resize=350%2C200","width":350,"height":200,"srcset":"https:\/\/i0.wp.com\/ismaelcolosi.com.br\/wp-content\/uploads\/2024\/08\/Copia-de-Copia-de-TAMANHO-EXATO-PARA-FOTOS-NO-SISTEMA-NOVO-28_2024-08-05_12-19-11_jpg_2024-08-05_12-19-11.webp.webp?fit=1200%2C675&ssl=1&resize=350%2C200 1x, https:\/\/i0.wp.com\/ismaelcolosi.com.br\/wp-content\/uploads\/2024\/08\/Copia-de-Copia-de-TAMANHO-EXATO-PARA-FOTOS-NO-SISTEMA-NOVO-28_2024-08-05_12-19-11_jpg_2024-08-05_12-19-11.webp.webp?fit=1200%2C675&ssl=1&resize=525%2C300 1.5x, https:\/\/i0.wp.com\/ismaelcolosi.com.br\/wp-content\/uploads\/2024\/08\/Copia-de-Copia-de-TAMANHO-EXATO-PARA-FOTOS-NO-SISTEMA-NOVO-28_2024-08-05_12-19-11_jpg_2024-08-05_12-19-11.webp.webp?fit=1200%2C675&ssl=1&resize=700%2C400 2x, https:\/\/i0.wp.com\/ismaelcolosi.com.br\/wp-content\/uploads\/2024\/08\/Copia-de-Copia-de-TAMANHO-EXATO-PARA-FOTOS-NO-SISTEMA-NOVO-28_2024-08-05_12-19-11_jpg_2024-08-05_12-19-11.webp.webp?fit=1200%2C675&ssl=1&resize=1050%2C600 3x"},"classes":[]},{"id":50334,"url":"https:\/\/ismaelcolosi.com.br\/index.php\/2024\/05\/15\/ator-de-2-filhos-de-francisco-se-apresenta-de-forma-gratuita-em-ribeirao-preto-veja-quando\/","url_meta":{"origin":51917,"position":4},"title":"Ator de \u20182 Filhos de Francisco\u2019 se apresenta de forma gratuita em Ribeir\u00e3o Preto; Veja quando","author":"ismaelcolosi.com.br","date":"15 de May de 2024","format":false,"excerpt":"O ator \u00c2ngelo Ant\u00f4nio, que atuou nos sucessos \u20182 Filhos de Franscisco\u2019, \u2018O Cravo e a Rosa\u2019 e \u2018Pantanal\u2019 se apresenta nos dias 27 e 28 de maio, \u00e0s 20h, com o mon\u00f3logo \u2018Um Precip\u00edcio no Mar\u2019 no Sesi de Ribeir\u00e3o Preto. O mon\u00f3logo \u00e9 um texto do ingl\u00eas Simon\u2026","rel":"","context":"In &quot;Not\u00edcias de Ribeir\u00e3o Preto-SP e Regi\u00e3o&quot;","block_context":{"text":"Not\u00edcias de Ribeir\u00e3o Preto-SP e Regi\u00e3o","link":"https:\/\/ismaelcolosi.com.br\/index.php\/category\/noticias-de-ribeirao-preto-sp-e-regiao-ismael-colosi\/"},"img":{"alt_text":"","src":"https:\/\/i0.wp.com\/ismaelcolosi.com.br\/wp-content\/uploads\/2024\/05\/e377abf3-a05d-4558-875f-00bd1f383937_2024-05-15_22-09-25_png_2024-05-15_22-09-26.webp.webp?fit=1066%2C600&ssl=1&resize=350%2C200","width":350,"height":200,"srcset":"https:\/\/i0.wp.com\/ismaelcolosi.com.br\/wp-content\/uploads\/2024\/05\/e377abf3-a05d-4558-875f-00bd1f383937_2024-05-15_22-09-25_png_2024-05-15_22-09-26.webp.webp?fit=1066%2C600&ssl=1&resize=350%2C200 1x, https:\/\/i0.wp.com\/ismaelcolosi.com.br\/wp-content\/uploads\/2024\/05\/e377abf3-a05d-4558-875f-00bd1f383937_2024-05-15_22-09-25_png_2024-05-15_22-09-26.webp.webp?fit=1066%2C600&ssl=1&resize=525%2C300 1.5x, https:\/\/i0.wp.com\/ismaelcolosi.com.br\/wp-content\/uploads\/2024\/05\/e377abf3-a05d-4558-875f-00bd1f383937_2024-05-15_22-09-25_png_2024-05-15_22-09-26.webp.webp?fit=1066%2C600&ssl=1&resize=700%2C400 2x, https:\/\/i0.wp.com\/ismaelcolosi.com.br\/wp-content\/uploads\/2024\/05\/e377abf3-a05d-4558-875f-00bd1f383937_2024-05-15_22-09-25_png_2024-05-15_22-09-26.webp.webp?fit=1066%2C600&ssl=1&resize=1050%2C600 3x"},"classes":[]},{"id":76186,"url":"https:\/\/ismaelcolosi.com.br\/index.php\/2024\/11\/11\/curta-metragem-antony-sera-lancado-em-rp\/","url_meta":{"origin":51917,"position":5},"title":"Curta-metragem Antony ser\u00e1 lan\u00e7ado em RP","author":"ismaelcolosi.com.br","date":"11 de November de 2024","format":false,"excerpt":"O curta-metragem \u201cAntony\u201d ser\u00e1 lan\u00e7ado em Ribeir\u00e3o Preto no dia 12 de novembro (ter\u00e7a-feira), \u00e0s 20h, no Cine Caium (Rua Olavo Bilac, 135). A entrada \u00e9 gratuita e aberta ao p\u00fablico. Ap\u00f3s a exibi\u00e7\u00e3o, haver\u00e1 um bate-papo com o diretor e atores.\u00a0 \u00a0A produ\u00e7\u00e3o \u00e9 resultado de um projeto que\u2026","rel":"","context":"In &quot;Not\u00edcias de Ribeir\u00e3o Preto-SP e Regi\u00e3o&quot;","block_context":{"text":"Not\u00edcias de Ribeir\u00e3o Preto-SP e Regi\u00e3o","link":"https:\/\/ismaelcolosi.com.br\/index.php\/category\/noticias-de-ribeirao-preto-sp-e-regiao-ismael-colosi\/"},"img":{"alt_text":"","src":"https:\/\/i0.wp.com\/ismaelcolosi.com.br\/wp-content\/uploads\/2024\/11\/2-curta-metragem_antony-scaled.jpeg?fit=749%2C500&ssl=1&resize=350%2C200","width":350,"height":200,"srcset":"https:\/\/i0.wp.com\/ismaelcolosi.com.br\/wp-content\/uploads\/2024\/11\/2-curta-metragem_antony-scaled.jpeg?fit=749%2C500&ssl=1&resize=350%2C200 1x, https:\/\/i0.wp.com\/ismaelcolosi.com.br\/wp-content\/uploads\/2024\/11\/2-curta-metragem_antony-scaled.jpeg?fit=749%2C500&ssl=1&resize=525%2C300 1.5x, https:\/\/i0.wp.com\/ismaelcolosi.com.br\/wp-content\/uploads\/2024\/11\/2-curta-metragem_antony-scaled.jpeg?fit=749%2C500&ssl=1&resize=700%2C400 2x"},"classes":[]}],"jetpack_sharing_enabled":true,"jetpack_shortlink":"https:\/\/wp.me\/pfMlyK-dvn","_links":{"self":[{"href":"https:\/\/ismaelcolosi.com.br\/index.php\/wp-json\/wp\/v2\/posts\/51917","targetHints":{"allow":["GET"]}}],"collection":[{"href":"https:\/\/ismaelcolosi.com.br\/index.php\/wp-json\/wp\/v2\/posts"}],"about":[{"href":"https:\/\/ismaelcolosi.com.br\/index.php\/wp-json\/wp\/v2\/types\/post"}],"author":[{"embeddable":true,"href":"https:\/\/ismaelcolosi.com.br\/index.php\/wp-json\/wp\/v2\/users\/1"}],"replies":[{"embeddable":true,"href":"https:\/\/ismaelcolosi.com.br\/index.php\/wp-json\/wp\/v2\/comments?post=51917"}],"version-history":[{"count":0,"href":"https:\/\/ismaelcolosi.com.br\/index.php\/wp-json\/wp\/v2\/posts\/51917\/revisions"}],"wp:featuredmedia":[{"embeddable":true,"href":"https:\/\/ismaelcolosi.com.br\/index.php\/wp-json\/wp\/v2\/media\/51918"}],"wp:attachment":[{"href":"https:\/\/ismaelcolosi.com.br\/index.php\/wp-json\/wp\/v2\/media?parent=51917"}],"wp:term":[{"taxonomy":"category","embeddable":true,"href":"https:\/\/ismaelcolosi.com.br\/index.php\/wp-json\/wp\/v2\/categories?post=51917"},{"taxonomy":"post_tag","embeddable":true,"href":"https:\/\/ismaelcolosi.com.br\/index.php\/wp-json\/wp\/v2\/tags?post=51917"}],"curies":[{"name":"wp","href":"https:\/\/api.w.org\/{rel}","templated":true}]}}