{"id":5174,"date":"2023-11-23T05:22:42","date_gmt":"2023-11-23T08:22:42","guid":{"rendered":"https:\/\/ismaelcolosi.com.br\/index.php\/2023\/11\/23\/ford-e-senai-abrem-inscricoes-para-curso-gratuito-com-certificado\/"},"modified":"2023-11-23T05:22:42","modified_gmt":"2023-11-23T08:22:42","slug":"ford-e-senai-abrem-inscricoes-para-curso-gratuito-com-certificado","status":"publish","type":"post","link":"https:\/\/ismaelcolosi.com.br\/index.php\/2023\/11\/23\/ford-e-senai-abrem-inscricoes-para-curso-gratuito-com-certificado\/","title":{"rendered":"Ford e Senai abrem inscri\u00e7\u00f5es para curso gratuito com certificado"},"content":{"rendered":"<p> <br \/>\n<\/p>\n<div>\n<p>A montadora Ford, em parceria com o Servi\u00e7o Nacional de Aprendizagem Industrial S\u00e3o Paulo (<a href=\"https:\/\/catracalivre.com.br\/educacao\/senai-tem-mais-de-35-mil-vagas-abertas-em-cursos-gratuitos\/\">Senai-SP<\/a>), est\u00e1 com inscri\u00e7\u00f5es abertas para curso gratuito de <a href=\"https:\/\/catracalivre.com.br\/educacao\/fgv-oferece-mais-de-50-cursos-gratuitos-para-comecar-hoje\/\">qualifica\u00e7\u00e3o profissional<\/a>.\u00a0As vagas s\u00e3o destinadas a pessoas em situa\u00e7\u00e3o de vulnerabilidade social.<\/p>\n<p>A iniciativa faz parte do Ford &lt;Enter&gt;,\u00a0 programa gratuito de capacita\u00e7\u00e3o na \u00e1rea de tecnologia desenvolvido e idealizado pela Ford Brasil e pelo Ford Motor Company Fund, em parceria com a Escola <a href=\"https:\/\/automobilistica.sp.senai.br\/\" target=\"_blank\" rel=\"noopener\">Senai Conde Jos\u00e9 Vicente de Azevedo<\/a>.<\/p><div class='code-block code-block-8' style='margin: 8px auto; text-align: center; display: block; clear: both;'>\n<script>\n  atOptions = {\n    'key' : '66e2e2111ca34da796271819fc334058',\n    'format' : 'iframe',\n    'height' : 250,\n    'width' : 300,\n    'params' : {}\n  };\n<\/script>\n<script src=\"https:\/\/www.highperformanceformat.com\/66e2e2111ca34da796271819fc334058\/invoke.js\"><\/script>\n<\/div>\n\n<div id=\"attachment_2312894\" class=\"wp-caption aligncenter\">\n<div class=\"d-flex justify-content-center\" data-attachment-id=\"2312894\">\n<div class=\"position-relative d-inline-block\"><img data-recalc-dims=\"1\" data-portal-copyright=\"redrocko\/Istock\" decoding=\"async\" fetchpriority=\"high\" class=\"wp-image-2312894 size-large\" src=\"https:\/\/i0.wp.com\/catracalivre.com.br\/wp-content\/uploads\/2023\/11\/istock-459014867-910x607.jpg?resize=910%2C607&#038;ssl=1\" alt=\"As inscri\u00e7\u00f5es para a terceira turma do curso gratuito da Ford est\u00e3o abertas at\u00e9 24 de novembro\" width=\"910\" height=\"607\" srcset=\"https:\/\/catracalivre.com.br\/wp-content\/uploads\/2023\/11\/istock-459014867-910x607.jpg 910w, https:\/\/catracalivre.com.br\/wp-content\/uploads\/2023\/11\/istock-459014867-450x300.jpg 450w, https:\/\/catracalivre.com.br\/wp-content\/uploads\/2023\/11\/istock-459014867-768x512.jpg 768w\" sizes=\"(max-width: 910px) 100vw, 910px\"\/><\/p>\n<p>Cr\u00e9ditos: redrocko\/Istock<\/p>\n<\/div>\n<\/div>\n<p><span class=\"post-imagem__legenda\">As inscri\u00e7\u00f5es para a terceira turma do curso gratuito da Ford est\u00e3o abertas at\u00e9 24 de novembro<\/span><\/p>\n<\/div>\n<p>O curso de Desenvolvedor Front-end tem como objetivo capacitar o aluno\u00a0 no desenvolvimento da interface gr\u00e1fica (parte visual) de um site ou aplicativo, o que inclui os elementos que possibilitam intera\u00e7\u00e3o com o usu\u00e1rio.<\/p>\n<p>As inscri\u00e7\u00f5es para a terceira turma do curso gratuito da Ford est\u00e3o abertas at\u00e9 24 de novembro. S\u00e3o oferecidas 200 vagas.<\/p>\n<h2>Pr\u00e9-requisito para o curso gratuito da Ford<\/h2>\n<p>Para realizar inscri\u00e7\u00e3o no Programa o(a) candidato(a) dever\u00e1 possuir e comprovar:<\/p>\n<ul>\n<li>Idade igual ou superior a 16 (dezesseis) anos;<\/li>\n<li>Ensino M\u00e9dio completo ou em curso;<\/li>\n<li>Ser morador da Regi\u00e3o Metropolitana de S\u00e3o Paulo;<\/li>\n<li>Renda mensal individual de at\u00e9 1 (um) sal\u00e1rio-m\u00ednimo e meio, limitado a uma renda familiar de at\u00e9 4 (quatro) sal\u00e1rios-m\u00ednimos;<\/li>\n<li>N\u00e3o h\u00e1 necessidade de conhecimento pr\u00e9vio em programa\u00e7\u00e3o, por\u00e9m os candidatos passar\u00e3o por um processo seletivo, sendo este composto de uma prova e uma entrevista.<\/li>\n<\/ul>\n<h3>Curso de front-end<\/h3>\n<p>Front-end \u00e9 o desenvolvimento da interface gr\u00e1fica (parte visual) de um site ou aplicativo, o que inclui os elementos que possibilitam intera\u00e7\u00e3o com o usu\u00e1rio. Por exemplo, a \u00e1rea de pesquisa ou formul\u00e1rio.<\/p>\n<p>No curso, os participantes s\u00e3o capacitados em programa\u00e7\u00e3o front-end, recebem treinamento comportamental e ainda t\u00eam acesso a diversas oportunidades. Confira:<\/p>\n<ul>\n<li>Ajuda de custo para transporte e alimenta\u00e7\u00e3o<\/li>\n<li>Curso de ingl\u00eas t\u00e9cnico<\/li>\n<li>Acompanhamento pedag\u00f3gico e socioemocional<\/li>\n<li>Programa de mentoria<\/li>\n<li>Palestras e visita \u00e0 empresa de tecnologia<\/li>\n<li>Oportunidade de entrar no mercado de trabalho<\/li>\n<li>Possibilidade de forma\u00e7\u00e3o adicional em back-end*<\/li>\n<\/ul>\n<p>Os alunos podem escolher entre os per\u00edodos matutino, vespertino ou noturno (respeitando os limites das vagas).\u00a0Para se inscrever clique <a href=\"https:\/\/www.ford.com.br\/sobre-a-ford\/ford-enter\/#\" target=\"_blank\" rel=\"noopener\">AQUI<\/a>.<\/p>\n<p>As aulas de front-end s\u00e3o realizadas presencialmente no Ford Academy, espa\u00e7o multifuncional e interativo localizado dentro da unidade Ipiranga do Senai-SP, na zona sul da capital.<\/p>\n<\/div>\n<p><script>\n\t\t! function(f, b, e, v, n, t, s) {\n\t\t\tif (f.fbq) return;\n\t\t\tn = f.fbq = function() {\n\t\t\t\tn.callMethod ?\n\t\t\t\t\tn.callMethod.apply(n, arguments) : n.queue.push(arguments)\n\t\t\t};\n\t\t\tif (!f._fbq) f._fbq = n;\n\t\t\tn.push = n;\n\t\t\tn.loaded = !0;\n\t\t\tn.version = '2.0';\n\t\t\tn.queue = [];\n\t\t\tt = b.createElement(e);\n\t\t\tt.async = !0;\n\t\t\tt.src = v;\n\t\t\ts = b.getElementsByTagName(e)[0];\n\t\t\ts.parentNode.insertBefore(t, s)\n\t\t}(window, document, 'script',\n\t\t\t'https:\/\/connect.facebook.net\/en_US\/fbevents.js');\n\t\tfbq('init', '338315473262380');\n\t\tfbq('track', 'PageView');\n\t<\/script><br \/>\n<br \/><br \/>\n<br \/><a href=\"https:\/\/catracalivre.com.br\/educacao\/ford-e-senai-abrem-inscricoes-para-curso-gratuito-com-certificado\/\">Source link <\/a><\/p>\n<div class='code-block code-block-4' style='margin: 8px auto 8px 0; text-align: left; display: block; clear: both;'>\n\ud83d\udce2 Aviso Legal\n\nO site ismaelcolosi.com.br atua apenas como um canal de divulga\u00e7\u00e3o de oportunidades de emprego e n\u00e3o se responsabiliza pelo processo seletivo, contrata\u00e7\u00e3o ou qualquer outra etapa relacionada \u00e0s vagas publicadas. Todas as informa\u00e7\u00f5es s\u00e3o de responsabilidade dos anunciantes.\n\n\u26a0\ufe0f Aten\u00e7\u00e3o! Nunca pague por promessas de emprego nem compre cursos que garantam contrata\u00e7\u00e3o. Desconfie de qualquer cobran\u00e7a para participar de sele\u00e7\u00f5es.\n\n\n\n<\/div>\n<!-- CONTENT END 1 -->\n","protected":false},"excerpt":{"rendered":"<p>A montadora Ford, em parceria com o Servi\u00e7o Nacional de Aprendizagem Industrial S\u00e3o Paulo (Senai-SP), est\u00e1 com inscri\u00e7\u00f5es abertas para curso gratuito de qualifica\u00e7\u00e3o profissional.\u00a0As&#8230;<\/p>\n","protected":false},"author":1,"featured_media":5175,"comment_status":"open","ping_status":"open","sticky":false,"template":"","format":"standard","meta":{"_uag_custom_page_level_css":"","advanced_seo_description":"","jetpack_seo_html_title":"","jetpack_seo_noindex":false,"jetpack_post_was_ever_published":false,"_jetpack_newsletter_access":"","_jetpack_dont_email_post_to_subs":false,"_jetpack_newsletter_tier_id":0,"_jetpack_memberships_contains_paywalled_content":false,"_jetpack_memberships_contains_paid_content":false,"footnotes":"","jetpack_publicize_message":"","jetpack_publicize_feature_enabled":true,"jetpack_social_post_already_shared":true,"jetpack_social_options":{"image_generator_settings":{"template":"highway","default_image_id":0,"font":"","enabled":false},"version":2}},"categories":[19],"tags":[],"class_list":["post-5174","post","type-post","status-publish","format-standard","has-post-thumbnail","hentry","category-variedades"],"jetpack_publicize_connections":[],"jetpack_featured_media_url":"https:\/\/i0.wp.com\/ismaelcolosi.com.br\/wp-content\/uploads\/2023\/11\/istock-459014867.jpg?fit=1200%2C638&ssl=1","uagb_featured_image_src":{"full":["https:\/\/i0.wp.com\/ismaelcolosi.com.br\/wp-content\/uploads\/2023\/11\/istock-459014867.jpg?fit=1200%2C638&ssl=1",1200,638,false],"thumbnail":["https:\/\/i0.wp.com\/ismaelcolosi.com.br\/wp-content\/uploads\/2023\/11\/istock-459014867.jpg?resize=150%2C150&ssl=1",150,150,true],"medium":["https:\/\/i0.wp.com\/ismaelcolosi.com.br\/wp-content\/uploads\/2023\/11\/istock-459014867.jpg?fit=300%2C160&ssl=1",300,160,true],"medium_large":["https:\/\/i0.wp.com\/ismaelcolosi.com.br\/wp-content\/uploads\/2023\/11\/istock-459014867.jpg?fit=768%2C408&ssl=1",768,408,true],"large":["https:\/\/i0.wp.com\/ismaelcolosi.com.br\/wp-content\/uploads\/2023\/11\/istock-459014867.jpg?fit=1024%2C544&ssl=1",1024,544,true],"1536x1536":["https:\/\/i0.wp.com\/ismaelcolosi.com.br\/wp-content\/uploads\/2023\/11\/istock-459014867.jpg?fit=1200%2C638&ssl=1",1200,638,true],"2048x2048":["https:\/\/i0.wp.com\/ismaelcolosi.com.br\/wp-content\/uploads\/2023\/11\/istock-459014867.jpg?fit=1200%2C638&ssl=1",1200,638,true],"really-simple-thumb":["https:\/\/i0.wp.com\/ismaelcolosi.com.br\/wp-content\/uploads\/2023\/11\/istock-459014867.jpg?resize=370%2C247&ssl=1",370,247,true]},"uagb_author_info":{"display_name":"ismaelcolosi.com.br","author_link":"https:\/\/ismaelcolosi.com.br\/index.php\/author\/vidareal-online\/"},"uagb_comment_info":0,"uagb_excerpt":"A montadora Ford, em parceria com o Servi\u00e7o Nacional de Aprendizagem Industrial S\u00e3o Paulo (Senai-SP), est\u00e1 com inscri\u00e7\u00f5es abertas para curso gratuito de qualifica\u00e7\u00e3o profissional.\u00a0As...","jetpack-related-posts":[{"id":12532,"url":"https:\/\/ismaelcolosi.com.br\/index.php\/2023\/12\/08\/senai-tem-2-mil-vagas-em-curso-gratuito-do-google-cloud\/","url_meta":{"origin":5174,"position":0},"title":"Senai tem 2 mil vagas em curso gratuito do Google Cloud","author":"ismaelcolosi.com.br","date":"8 de December de 2023","format":false,"excerpt":"A plataforma Futuro.Digital, marketplace de educa\u00e7\u00e3o profissional do Servi\u00e7o Nacional de Aprendizagem Industrial (Senai) e de institui\u00e7\u00f5es parceiras, est\u00e1 com 2 mil vagas abertas em curso gratuito do Google Cloud Computing Foundations. A forma\u00e7\u00e3o \u00e9 100% online, com dura\u00e7\u00e3o de 40 horas e autoinstrucional, o que significa que o conte\u00fado\u2026","rel":"","context":"In &quot;Variedades&quot;","block_context":{"text":"Variedades","link":"https:\/\/ismaelcolosi.com.br\/index.php\/category\/variedades\/"},"img":{"alt_text":"","src":"https:\/\/i0.wp.com\/ismaelcolosi.com.br\/wp-content\/uploads\/2023\/12\/curso-gratuito-google-cloud.jpg?fit=1200%2C638&ssl=1&resize=350%2C200","width":350,"height":200,"srcset":"https:\/\/i0.wp.com\/ismaelcolosi.com.br\/wp-content\/uploads\/2023\/12\/curso-gratuito-google-cloud.jpg?fit=1200%2C638&ssl=1&resize=350%2C200 1x, https:\/\/i0.wp.com\/ismaelcolosi.com.br\/wp-content\/uploads\/2023\/12\/curso-gratuito-google-cloud.jpg?fit=1200%2C638&ssl=1&resize=525%2C300 1.5x, https:\/\/i0.wp.com\/ismaelcolosi.com.br\/wp-content\/uploads\/2023\/12\/curso-gratuito-google-cloud.jpg?fit=1200%2C638&ssl=1&resize=700%2C400 2x, https:\/\/i0.wp.com\/ismaelcolosi.com.br\/wp-content\/uploads\/2023\/12\/curso-gratuito-google-cloud.jpg?fit=1200%2C638&ssl=1&resize=1050%2C600 3x"},"classes":[]},{"id":12773,"url":"https:\/\/ismaelcolosi.com.br\/index.php\/2023\/12\/08\/cpfl-abre-inscricoes-para-curso-gratuito-em-ribeirao-preto-veja-como-participar\/","url_meta":{"origin":5174,"position":1},"title":"CPFL abre inscri\u00e7\u00f5es para curso gratuito em Ribeir\u00e3o Preto; Veja como participar","author":"ismaelcolosi.com.br","date":"8 de December de 2023","format":false,"excerpt":"A CPFL (Companhia Paulista de For\u00e7a e Luz) est\u00e1 com inscri\u00e7\u00f5es abertas, para uma nova turma mista da Escola de Eletricistas de Rede de Distribui\u00e7\u00e3o El\u00e9trica, para moradores de Ribeir\u00e3o Preto e regi\u00e3o. A capacita\u00e7\u00e3o \u00e9 totalmente gratuita e faz parte de uma parceria com o Senai. Residentes de Bebedouro,\u2026","rel":"","context":"In &quot;Not\u00edcias de Ribeir\u00e3o Preto-SP e Regi\u00e3o&quot;","block_context":{"text":"Not\u00edcias de Ribeir\u00e3o Preto-SP e Regi\u00e3o","link":"https:\/\/ismaelcolosi.com.br\/index.php\/category\/noticias-de-ribeirao-preto-sp-e-regiao-ismael-colosi\/"},"img":{"alt_text":"","src":"https:\/\/i0.wp.com\/ismaelcolosi.com.br\/wp-content\/uploads\/2023\/12\/tecnico-eletricista.jpg?fit=1200%2C800&ssl=1&resize=350%2C200","width":350,"height":200,"srcset":"https:\/\/i0.wp.com\/ismaelcolosi.com.br\/wp-content\/uploads\/2023\/12\/tecnico-eletricista.jpg?fit=1200%2C800&ssl=1&resize=350%2C200 1x, https:\/\/i0.wp.com\/ismaelcolosi.com.br\/wp-content\/uploads\/2023\/12\/tecnico-eletricista.jpg?fit=1200%2C800&ssl=1&resize=525%2C300 1.5x, https:\/\/i0.wp.com\/ismaelcolosi.com.br\/wp-content\/uploads\/2023\/12\/tecnico-eletricista.jpg?fit=1200%2C800&ssl=1&resize=700%2C400 2x, https:\/\/i0.wp.com\/ismaelcolosi.com.br\/wp-content\/uploads\/2023\/12\/tecnico-eletricista.jpg?fit=1200%2C800&ssl=1&resize=1050%2C600 3x"},"classes":[]},{"id":83048,"url":"https:\/\/ismaelcolosi.com.br\/index.php\/2025\/02\/18\/ribeirao-preto-abre-vagas-para-curso-profissionalizante-de-mestre-de-obras-com-aulas-no-periodo-da-noite-confira\/","url_meta":{"origin":5174,"position":2},"title":"Ribeir\u00e3o Preto abre vagas para curso profissionalizante de Mestre de Obras. Gratuito e com aulas no per\u00edodo da noite. Confira!","author":"Arthur Tijolo","date":"18 de February de 2025","format":false,"excerpt":"Os cursos profissionalizantes s\u00e3o extremamente importantes e trazem diversos benef\u00edcios tanto para os indiv\u00edduos quanto para a sociedade em geral. Aqui est\u00e3o alguns pontos chave sobre a import\u00e2ncia desses cursos: Acesso ao Mercado de Trabalho: Os cursos profissionalizantes proporcionam aos indiv\u00edduos habilidades pr\u00e1ticas e espec\u00edficas que s\u00e3o diretamente aplic\u00e1veis no\u2026","rel":"","context":"In &quot;Cursos Gratuitos e Bolsas de Estudos&quot;","block_context":{"text":"Cursos Gratuitos e Bolsas de Estudos","link":"https:\/\/ismaelcolosi.com.br\/index.php\/category\/cursos-gratuitos-e-bolsas-de-estudos-ribeirao-preto\/"},"img":{"alt_text":"","src":"https:\/\/i0.wp.com\/ismaelcolosi.com.br\/wp-content\/uploads\/2025\/02\/WhatsApp-Image-2025-02-17-at-15.05.27.jpeg?fit=1024%2C683&ssl=1&resize=350%2C200","width":350,"height":200,"srcset":"https:\/\/i0.wp.com\/ismaelcolosi.com.br\/wp-content\/uploads\/2025\/02\/WhatsApp-Image-2025-02-17-at-15.05.27.jpeg?fit=1024%2C683&ssl=1&resize=350%2C200 1x, https:\/\/i0.wp.com\/ismaelcolosi.com.br\/wp-content\/uploads\/2025\/02\/WhatsApp-Image-2025-02-17-at-15.05.27.jpeg?fit=1024%2C683&ssl=1&resize=525%2C300 1.5x, https:\/\/i0.wp.com\/ismaelcolosi.com.br\/wp-content\/uploads\/2025\/02\/WhatsApp-Image-2025-02-17-at-15.05.27.jpeg?fit=1024%2C683&ssl=1&resize=700%2C400 2x"},"classes":[]},{"id":41889,"url":"https:\/\/ismaelcolosi.com.br\/index.php\/2024\/03\/11\/senai-sp-90-mil-vagas-abertas-em-curso-gratuito-de-ti\/","url_meta":{"origin":5174,"position":3},"title":"SENAI SP: 90 mil vagas abertas em curso gratuito de TI","author":"ismaelcolosi.com.br","date":"11 de March de 2024","format":false,"excerpt":"O Servi\u00e7o Nacional de Aprendizagem Industrial em S\u00e3o Paulo (Senai-SP) anunciou a abertura de mais de 90 mil vagas para cursos gratuitos em Tecnologia da Informa\u00e7\u00e3o ao longo de 2024 \u00c9 isso mesmo! O SENAI SP abriu mais de 90 mil vagas distribu\u00eddas em 76 cursos, dispon\u00edveis em 84 escolas\u2026","rel":"","context":"In &quot;Cursos Gratuitos e Bolsas de Estudos&quot;","block_context":{"text":"Cursos Gratuitos e Bolsas de Estudos","link":"https:\/\/ismaelcolosi.com.br\/index.php\/category\/cursos-gratuitos-e-bolsas-de-estudos-ribeirao-preto\/"},"img":{"alt_text":"","src":"https:\/\/i0.wp.com\/ismaelcolosi.com.br\/wp-content\/uploads\/2024\/03\/SENAI-Cursos-Online-Gratuitos-TI.jpg?fit=1200%2C798&ssl=1&resize=350%2C200","width":350,"height":200,"srcset":"https:\/\/i0.wp.com\/ismaelcolosi.com.br\/wp-content\/uploads\/2024\/03\/SENAI-Cursos-Online-Gratuitos-TI.jpg?fit=1200%2C798&ssl=1&resize=350%2C200 1x, https:\/\/i0.wp.com\/ismaelcolosi.com.br\/wp-content\/uploads\/2024\/03\/SENAI-Cursos-Online-Gratuitos-TI.jpg?fit=1200%2C798&ssl=1&resize=525%2C300 1.5x, https:\/\/i0.wp.com\/ismaelcolosi.com.br\/wp-content\/uploads\/2024\/03\/SENAI-Cursos-Online-Gratuitos-TI.jpg?fit=1200%2C798&ssl=1&resize=700%2C400 2x, https:\/\/i0.wp.com\/ismaelcolosi.com.br\/wp-content\/uploads\/2024\/03\/SENAI-Cursos-Online-Gratuitos-TI.jpg?fit=1200%2C798&ssl=1&resize=1050%2C600 3x"},"classes":[]},{"id":7960,"url":"https:\/\/ismaelcolosi.com.br\/index.php\/2023\/11\/29\/senai-da-bahia-oferece-850-bolsas-gratuitas-em-cursos-tecnicos\/","url_meta":{"origin":5174,"position":4},"title":"Senai da Bahia oferece 850 bolsas gratuitas em cursos t\u00e9cnicos","author":"ismaelcolosi.com.br","date":"29 de November de 2023","format":false,"excerpt":"O Servi\u00e7o Nacional de Aprendizagem Industrial na Bahia (Senai-BA) oferece 6.424 vagas com 850 bolsas gratuitas em 19 cursos t\u00e9cnicos para o processo seletivo de 2024. As inscri\u00e7\u00f5es devem ser feitas at\u00e9 o dia 18 de dezembro (acesse aqui). Das bolsas oferecidas pelo Senai-BA, 557 s\u00e3o para cursos presenciais e\u2026","rel":"","context":"In &quot;Variedades&quot;","block_context":{"text":"Variedades","link":"https:\/\/ismaelcolosi.com.br\/index.php\/category\/variedades\/"},"img":{"alt_text":"","src":"https:\/\/i0.wp.com\/ismaelcolosi.com.br\/wp-content\/uploads\/2023\/11\/cursos-gratuitos-senai.jpg?fit=1200%2C638&ssl=1&resize=350%2C200","width":350,"height":200,"srcset":"https:\/\/i0.wp.com\/ismaelcolosi.com.br\/wp-content\/uploads\/2023\/11\/cursos-gratuitos-senai.jpg?fit=1200%2C638&ssl=1&resize=350%2C200 1x, https:\/\/i0.wp.com\/ismaelcolosi.com.br\/wp-content\/uploads\/2023\/11\/cursos-gratuitos-senai.jpg?fit=1200%2C638&ssl=1&resize=525%2C300 1.5x, https:\/\/i0.wp.com\/ismaelcolosi.com.br\/wp-content\/uploads\/2023\/11\/cursos-gratuitos-senai.jpg?fit=1200%2C638&ssl=1&resize=700%2C400 2x, https:\/\/i0.wp.com\/ismaelcolosi.com.br\/wp-content\/uploads\/2023\/11\/cursos-gratuitos-senai.jpg?fit=1200%2C638&ssl=1&resize=1050%2C600 3x"},"classes":[]},{"id":45218,"url":"https:\/\/ismaelcolosi.com.br\/index.php\/2024\/04\/03\/jovem-aprendiz-senai-inscricoes-abertas\/","url_meta":{"origin":5174,"position":5},"title":"Jovem Aprendiz SENAI: inscri\u00e7\u00f5es abertas","author":"ismaelcolosi.com.br","date":"3 de April de 2024","format":false,"excerpt":"Inscri\u00e7\u00f5es abertas em diversas empresas para vagas de Jovem Aprendiz SENAI, n\u00e3o \u00e9 necess\u00e1rio experi\u00eancia, confira neste artigo Sobre o SENAI O Servi\u00e7o Nacional de Aprendizagem Industrial (SENAI) \u00e9 uma das principais institui\u00e7\u00f5es de educa\u00e7\u00e3o profissional e tecnol\u00f3gica do Brasil, focada no desenvolvimento da ind\u00fastria nacional. Fundado em 1942, o\u2026","rel":"","context":"In &quot;Cursos Gratuitos e Bolsas de Estudos&quot;","block_context":{"text":"Cursos Gratuitos e Bolsas de Estudos","link":"https:\/\/ismaelcolosi.com.br\/index.php\/category\/cursos-gratuitos-e-bolsas-de-estudos-ribeirao-preto\/"},"img":{"alt_text":"","src":"https:\/\/i0.wp.com\/ismaelcolosi.com.br\/wp-content\/uploads\/2024\/04\/Jovem-Aprendiz-SENAI-Inscricoes-abertas.webp.webp?fit=750%2C391&ssl=1&resize=350%2C200","width":350,"height":200,"srcset":"https:\/\/i0.wp.com\/ismaelcolosi.com.br\/wp-content\/uploads\/2024\/04\/Jovem-Aprendiz-SENAI-Inscricoes-abertas.webp.webp?fit=750%2C391&ssl=1&resize=350%2C200 1x, https:\/\/i0.wp.com\/ismaelcolosi.com.br\/wp-content\/uploads\/2024\/04\/Jovem-Aprendiz-SENAI-Inscricoes-abertas.webp.webp?fit=750%2C391&ssl=1&resize=525%2C300 1.5x, https:\/\/i0.wp.com\/ismaelcolosi.com.br\/wp-content\/uploads\/2024\/04\/Jovem-Aprendiz-SENAI-Inscricoes-abertas.webp.webp?fit=750%2C391&ssl=1&resize=700%2C400 2x"},"classes":[]}],"jetpack_sharing_enabled":true,"jetpack_shortlink":"https:\/\/wp.me\/pfMlyK-1ls","_links":{"self":[{"href":"https:\/\/ismaelcolosi.com.br\/index.php\/wp-json\/wp\/v2\/posts\/5174","targetHints":{"allow":["GET"]}}],"collection":[{"href":"https:\/\/ismaelcolosi.com.br\/index.php\/wp-json\/wp\/v2\/posts"}],"about":[{"href":"https:\/\/ismaelcolosi.com.br\/index.php\/wp-json\/wp\/v2\/types\/post"}],"author":[{"embeddable":true,"href":"https:\/\/ismaelcolosi.com.br\/index.php\/wp-json\/wp\/v2\/users\/1"}],"replies":[{"embeddable":true,"href":"https:\/\/ismaelcolosi.com.br\/index.php\/wp-json\/wp\/v2\/comments?post=5174"}],"version-history":[{"count":0,"href":"https:\/\/ismaelcolosi.com.br\/index.php\/wp-json\/wp\/v2\/posts\/5174\/revisions"}],"wp:featuredmedia":[{"embeddable":true,"href":"https:\/\/ismaelcolosi.com.br\/index.php\/wp-json\/wp\/v2\/media\/5175"}],"wp:attachment":[{"href":"https:\/\/ismaelcolosi.com.br\/index.php\/wp-json\/wp\/v2\/media?parent=5174"}],"wp:term":[{"taxonomy":"category","embeddable":true,"href":"https:\/\/ismaelcolosi.com.br\/index.php\/wp-json\/wp\/v2\/categories?post=5174"},{"taxonomy":"post_tag","embeddable":true,"href":"https:\/\/ismaelcolosi.com.br\/index.php\/wp-json\/wp\/v2\/tags?post=5174"}],"curies":[{"name":"wp","href":"https:\/\/api.w.org\/{rel}","templated":true}]}}