{"id":5154,"date":"2023-11-23T03:04:47","date_gmt":"2023-11-23T06:04:47","guid":{"rendered":"https:\/\/ismaelcolosi.com.br\/index.php\/2023\/11\/23\/receita-de-pudim-de-leite-condensado-de-comer-rezando\/"},"modified":"2023-11-23T03:04:47","modified_gmt":"2023-11-23T06:04:47","slug":"receita-de-pudim-de-leite-condensado-de-comer-rezando","status":"publish","type":"post","link":"https:\/\/ismaelcolosi.com.br\/index.php\/2023\/11\/23\/receita-de-pudim-de-leite-condensado-de-comer-rezando\/","title":{"rendered":"Receita de pudim de leite condensado de comer rezando"},"content":{"rendered":"<p> <br \/>\n<\/p>\n<div>\n<div id=\"attachment_2311887\" class=\"wp-caption alignnone\">\n<div class=\"d-flex justify-content-center\" data-attachment-id=\"2311887\">\n<div class=\"position-relative d-inline-block\"><img data-recalc-dims=\"1\" data-portal-copyright=\"IStock\" decoding=\"async\" fetchpriority=\"high\" class=\"size-medium wp-image-2311887\" src=\"https:\/\/i0.wp.com\/catracalivre.com.br\/wp-content\/uploads\/2023\/11\/istock-821162242-450x299.jpg?resize=450%2C299&#038;ssl=1\" alt=\"Pudim de Leite Condensado\" width=\"450\" height=\"299\" srcset=\"https:\/\/catracalivre.com.br\/wp-content\/uploads\/2023\/11\/istock-821162242-450x299.jpg 450w, https:\/\/catracalivre.com.br\/wp-content\/uploads\/2023\/11\/istock-821162242-910x604.jpg 910w, https:\/\/catracalivre.com.br\/wp-content\/uploads\/2023\/11\/istock-821162242-768x510.jpg 768w, https:\/\/catracalivre.com.br\/wp-content\/uploads\/2023\/11\/istock-821162242.jpg 1257w\" sizes=\"(max-width: 450px) 100vw, 450px\"\/><\/p>\n<p>Cr\u00e9ditos: IStock<\/p><div class='code-block code-block-8' style='margin: 8px auto; text-align: center; display: block; clear: both;'>\n<script>\n  atOptions = {\n    'key' : '66e2e2111ca34da796271819fc334058',\n    'format' : 'iframe',\n    'height' : 250,\n    'width' : 300,\n    'params' : {}\n  };\n<\/script>\n<script src=\"https:\/\/www.highperformanceformat.com\/66e2e2111ca34da796271819fc334058\/invoke.js\"><\/script>\n<\/div>\n\n<\/div>\n<\/div>\n<p><span class=\"post-imagem__legenda\">Pudim de Leite Condensado<\/span><\/p>\n<\/div>\n<p>Em uma busca incans\u00e1vel pelos segredos culin\u00e1rios mais bem guardados, trazemos at\u00e9 voc\u00ea a <a href=\"https:\/\/catracalivre.com.br\/gastronomia\/receita-de-cocada-branca-com-gostinho-de-casa-de-vo\/\">receita<\/a> que vai conquistar o paladar de todos: o Pudim de Leite Condensado. Com sua textura cremosa e sabor inconfund\u00edvel, este cl\u00e1ssico da<a href=\"https:\/\/catracalivre.com.br\/gastronomia\/a-receita-pratica-de-tortilha-espanhola-que-vai-fazer-sua-boca-encher-dagua\/\"> gastronomia<\/a> brasileira \u00e9 o protagonista de muitas celebra\u00e7\u00f5es. Vamos desvendar os passos simples para voc\u00ea reproduzir essa del\u00edcia em sua pr\u00f3pria cozinha.<\/p>\n<h2>Ingredientes<\/h2>\n<p>1 lata de leite condensado<br \/>2 latas de leite (utilize a lata de leite condensado como medida)<br \/>3 ovos<br \/>1 x\u00edcara (ch\u00e1) de a\u00e7\u00facar (para a calda)<br \/>\u00c1gua para a calda (o suficiente para dissolver o a\u00e7\u00facar)<\/p>\n<h2>Modo de Preparo<\/h2>\n<p><strong>Calda:<\/strong><br \/>Em uma panela, coloque o a\u00e7\u00facar e leve ao fogo m\u00e9dio.<br \/>Mexa delicadamente at\u00e9 que o a\u00e7\u00facar se dissolva e a mistura adquira uma cor dourada.<br \/>Adicione a \u00e1gua aos poucos, mexendo sempre, at\u00e9 formar uma calda homog\u00eanea.<br \/>Despeje a calda em uma forma para pudim, espalhando-a por todo o fundo.<\/p>\n<p><strong>Pudim:<\/strong><br \/>Pr\u00e9-aque\u00e7a o forno a 180\u00b0C.<br \/>No liquidificador, coloque o leite condensado, o leite e os ovos.<br \/>Bata a mistura por aproximadamente 3 minutos, at\u00e9 obter uma massa homog\u00eanea.<br \/>Despeje a mistura na forma caramelizada.<br \/>Cubra a forma com papel-alum\u00ednio e leve ao forno preaquecido em banho-maria por cerca de 1 hora.<br \/>Ap\u00f3s esse per\u00edodo, retire o papel-alum\u00ednio e deixe assar por mais 30 minutos, ou at\u00e9 que o pudim esteja firme e dourado.<br \/>Retire do forno e deixe esfriar completamente antes de desenformar.<br \/>Leve \u00e0 geladeira por algumas horas antes de servir.<br \/>Sirva com amor e aproveite cada peda\u00e7o dessa obra-prima culin\u00e1ria!<\/p>\n<p>Esta receita \u00e9 a combina\u00e7\u00e3o perfeita de simplicidade e sabor, garantindo que at\u00e9 mesmo os chefs mais iniciantes possam surpreender com um pudim irresist\u00edvel. Experimente e compartilhe essa experi\u00eancia deliciosa com amigos e familiares. Bom apetite!<\/p>\n<div class=\"partner d-flex rounded shadow-sm p-2 mb-3 align-items-center\" id=\"partner\" data-print=\"ignore\">\n<div class=\"image mr-2\">\n<img data-recalc-dims=\"1\" src=\"https:\/\/i0.wp.com\/robohash.org\/b730afd4cf5c5d237c7f93163ed023b6.png?resize=110%2C110&#038;ssl=1\" width=\"110\" height=\"110\" title=\"Thatyana Costa\" loading=\"lazy\" decoding=\"async\" class=\"rounded-circle\"\/>\n<\/div>\n<\/div>\n<\/div>\n<p><script>\n\t\t! function(f, b, e, v, n, t, s) {\n\t\t\tif (f.fbq) return;\n\t\t\tn = f.fbq = function() {\n\t\t\t\tn.callMethod ?\n\t\t\t\t\tn.callMethod.apply(n, arguments) : n.queue.push(arguments)\n\t\t\t};\n\t\t\tif (!f._fbq) f._fbq = n;\n\t\t\tn.push = n;\n\t\t\tn.loaded = !0;\n\t\t\tn.version = '2.0';\n\t\t\tn.queue = [];\n\t\t\tt = b.createElement(e);\n\t\t\tt.async = !0;\n\t\t\tt.src = v;\n\t\t\ts = b.getElementsByTagName(e)[0];\n\t\t\ts.parentNode.insertBefore(t, s)\n\t\t}(window, document, 'script',\n\t\t\t'https:\/\/connect.facebook.net\/en_US\/fbevents.js');\n\t\tfbq('init', '338315473262380');\n\t\tfbq('track', 'PageView');\n\t<\/script><br \/>\n<br \/><br \/>\n<br \/><a href=\"https:\/\/catracalivre.com.br\/gastronomia\/receita-de-pudim-de-leite-condensado-de-comer-rezando\/\">Source link <\/a><\/p>\n<div class='code-block code-block-4' style='margin: 8px auto 8px 0; text-align: left; display: block; clear: both;'>\n\ud83d\udce2 Aviso Legal\n\nO site ismaelcolosi.com.br atua apenas como um canal de divulga\u00e7\u00e3o de oportunidades de emprego e n\u00e3o se responsabiliza pelo processo seletivo, contrata\u00e7\u00e3o ou qualquer outra etapa relacionada \u00e0s vagas publicadas. Todas as informa\u00e7\u00f5es s\u00e3o de responsabilidade dos anunciantes.\n\n\u26a0\ufe0f Aten\u00e7\u00e3o! Nunca pague por promessas de emprego nem compre cursos que garantam contrata\u00e7\u00e3o. Desconfie de qualquer cobran\u00e7a para participar de sele\u00e7\u00f5es.\n\n\n\n<\/div>\n<!-- CONTENT END 1 -->\n","protected":false},"excerpt":{"rendered":"<p>Cr\u00e9ditos: IStock Pudim de Leite Condensado Em uma busca incans\u00e1vel pelos segredos culin\u00e1rios mais bem guardados, trazemos at\u00e9 voc\u00ea a receita que vai conquistar o&#8230;<\/p>\n","protected":false},"author":1,"featured_media":5155,"comment_status":"open","ping_status":"open","sticky":false,"template":"","format":"standard","meta":{"_uag_custom_page_level_css":"","advanced_seo_description":"","jetpack_seo_html_title":"","jetpack_seo_noindex":false,"jetpack_post_was_ever_published":false,"_jetpack_newsletter_access":"","_jetpack_dont_email_post_to_subs":false,"_jetpack_newsletter_tier_id":0,"_jetpack_memberships_contains_paywalled_content":false,"_jetpack_memberships_contains_paid_content":false,"footnotes":"","jetpack_publicize_message":"","jetpack_publicize_feature_enabled":true,"jetpack_social_post_already_shared":true,"jetpack_social_options":{"image_generator_settings":{"template":"highway","default_image_id":0,"font":"","enabled":false},"version":2}},"categories":[19],"tags":[],"class_list":["post-5154","post","type-post","status-publish","format-standard","has-post-thumbnail","hentry","category-variedades"],"jetpack_publicize_connections":[],"jetpack_featured_media_url":"https:\/\/i0.wp.com\/ismaelcolosi.com.br\/wp-content\/uploads\/2023\/11\/istock-821162242.jpg?fit=1200%2C638&ssl=1","uagb_featured_image_src":{"full":["https:\/\/i0.wp.com\/ismaelcolosi.com.br\/wp-content\/uploads\/2023\/11\/istock-821162242.jpg?fit=1200%2C638&ssl=1",1200,638,false],"thumbnail":["https:\/\/i0.wp.com\/ismaelcolosi.com.br\/wp-content\/uploads\/2023\/11\/istock-821162242.jpg?resize=150%2C150&ssl=1",150,150,true],"medium":["https:\/\/i0.wp.com\/ismaelcolosi.com.br\/wp-content\/uploads\/2023\/11\/istock-821162242.jpg?fit=300%2C160&ssl=1",300,160,true],"medium_large":["https:\/\/i0.wp.com\/ismaelcolosi.com.br\/wp-content\/uploads\/2023\/11\/istock-821162242.jpg?fit=768%2C408&ssl=1",768,408,true],"large":["https:\/\/i0.wp.com\/ismaelcolosi.com.br\/wp-content\/uploads\/2023\/11\/istock-821162242.jpg?fit=1024%2C544&ssl=1",1024,544,true],"1536x1536":["https:\/\/i0.wp.com\/ismaelcolosi.com.br\/wp-content\/uploads\/2023\/11\/istock-821162242.jpg?fit=1200%2C638&ssl=1",1200,638,true],"2048x2048":["https:\/\/i0.wp.com\/ismaelcolosi.com.br\/wp-content\/uploads\/2023\/11\/istock-821162242.jpg?fit=1200%2C638&ssl=1",1200,638,true],"really-simple-thumb":["https:\/\/i0.wp.com\/ismaelcolosi.com.br\/wp-content\/uploads\/2023\/11\/istock-821162242.jpg?resize=370%2C247&ssl=1",370,247,true]},"uagb_author_info":{"display_name":"ismaelcolosi.com.br","author_link":"https:\/\/ismaelcolosi.com.br\/index.php\/author\/vidareal-online\/"},"uagb_comment_info":0,"uagb_excerpt":"Cr\u00e9ditos: IStock Pudim de Leite Condensado Em uma busca incans\u00e1vel pelos segredos culin\u00e1rios mais bem guardados, trazemos at\u00e9 voc\u00ea a receita que vai conquistar o...","jetpack-related-posts":[{"id":20152,"url":"https:\/\/ismaelcolosi.com.br\/index.php\/2023\/12\/24\/delicia-de-natal-com-menos-oleo-e-muito-sabor\/","url_meta":{"origin":5154,"position":0},"title":"del\u00edcia de Natal com menos \u00f3leo e muito sabor","author":"ismaelcolosi.com.br","date":"24 de December de 2023","format":false,"excerpt":"Com a aproxima\u00e7\u00e3o do Natal, muitas fam\u00edlias j\u00e1 come\u00e7am a organizar o cortejo das receitas tradicionais que ornamentam a mesa nessa \u00e9poca. Uma das iguarias que mais desperta o paladar dos brasileiros \u00e9 a rabanada. Por\u00e9m, h\u00e1 quem resista \u00e0 tenta\u00e7\u00e3o por conta do m\u00e9todo de preparo usual, que consiste\u2026","rel":"","context":"In &quot;Variedades&quot;","block_context":{"text":"Variedades","link":"https:\/\/ismaelcolosi.com.br\/index.php\/category\/variedades\/"},"img":{"alt_text":"","src":"https:\/\/i0.wp.com\/ismaelcolosi.com.br\/wp-content\/uploads\/2023\/12\/doces-de-natal-rabanada.jpg?fit=1200%2C638&ssl=1&resize=350%2C200","width":350,"height":200,"srcset":"https:\/\/i0.wp.com\/ismaelcolosi.com.br\/wp-content\/uploads\/2023\/12\/doces-de-natal-rabanada.jpg?fit=1200%2C638&ssl=1&resize=350%2C200 1x, https:\/\/i0.wp.com\/ismaelcolosi.com.br\/wp-content\/uploads\/2023\/12\/doces-de-natal-rabanada.jpg?fit=1200%2C638&ssl=1&resize=525%2C300 1.5x, https:\/\/i0.wp.com\/ismaelcolosi.com.br\/wp-content\/uploads\/2023\/12\/doces-de-natal-rabanada.jpg?fit=1200%2C638&ssl=1&resize=700%2C400 2x, https:\/\/i0.wp.com\/ismaelcolosi.com.br\/wp-content\/uploads\/2023\/12\/doces-de-natal-rabanada.jpg?fit=1200%2C638&ssl=1&resize=1050%2C600 3x"},"classes":[]},{"id":14362,"url":"https:\/\/ismaelcolosi.com.br\/index.php\/2023\/12\/12\/sobremesa-brasileira-e-eleita-uma-das-melhores-do-mundo-veja-o-top-10\/","url_meta":{"origin":5154,"position":1},"title":"Sobremesa brasileira \u00e9 eleita uma das melhores do mundo; veja o top 10","author":"ismaelcolosi.com.br","date":"12 de December de 2023","format":false,"excerpt":"O Brasil emplacou sete guloseimas na lista das 100 melhores sobremesas do mundo, segundo o o site gastron\u00f4mico TasteAtlas. A melhor classifica\u00e7\u00e3o entre os doces nacionais \u00e9 o bombocado, que conquistou 4\u00b0 lugar na classifica\u00e7\u00e3o geral, ficando \u00e0 frente do italiano tiramissu (6\u00b0 lugar) e do franc\u00eas cr\u00e8me br\u00fbl\u00e9e. Cr\u00e9ditos:\u2026","rel":"","context":"In &quot;Variedades&quot;","block_context":{"text":"Variedades","link":"https:\/\/ismaelcolosi.com.br\/index.php\/category\/variedades\/"},"img":{"alt_text":"","src":"https:\/\/i0.wp.com\/ismaelcolosi.com.br\/wp-content\/uploads\/2023\/12\/istock-1534860314.jpg?fit=1200%2C638&ssl=1&resize=350%2C200","width":350,"height":200,"srcset":"https:\/\/i0.wp.com\/ismaelcolosi.com.br\/wp-content\/uploads\/2023\/12\/istock-1534860314.jpg?fit=1200%2C638&ssl=1&resize=350%2C200 1x, https:\/\/i0.wp.com\/ismaelcolosi.com.br\/wp-content\/uploads\/2023\/12\/istock-1534860314.jpg?fit=1200%2C638&ssl=1&resize=525%2C300 1.5x, https:\/\/i0.wp.com\/ismaelcolosi.com.br\/wp-content\/uploads\/2023\/12\/istock-1534860314.jpg?fit=1200%2C638&ssl=1&resize=700%2C400 2x, https:\/\/i0.wp.com\/ismaelcolosi.com.br\/wp-content\/uploads\/2023\/12\/istock-1534860314.jpg?fit=1200%2C638&ssl=1&resize=1050%2C600 3x"},"classes":[]},{"id":79339,"url":"https:\/\/ismaelcolosi.com.br\/index.php\/2024\/12\/15\/vagas-de-empregos-na-nestle-purina-em-ribeirao-preto-sp\/","url_meta":{"origin":5154,"position":2},"title":"Vagas de empregos\u00a0na Nestle-Purina em Ribeir\u00e3o Preto-SP","author":"ismaelcolosi.com.br","date":"15 de December de 2024","format":false,"excerpt":"Vagas de empregos\u00a0 na Nestle-Purina em Ribeir\u00e3o Preto-SP 10 cuiosidades sobre a empresa Nestle Origem Su\u00ed\u00e7a: A Nestl\u00e9 foi fundada em 1866, na Su\u00ed\u00e7a, por Henri Nestl\u00e9, inicialmente para produzir uma f\u00f3rmula infantil destinada a beb\u00eas que n\u00e3o podiam ser amamentados. Primeiro Produto: O primeiro produto da Nestl\u00e9 foi o\u2026","rel":"","context":"In &quot;Vagas de Emprego em Ribeir\u00e3o Preto-SP&quot;","block_context":{"text":"Vagas de Emprego em Ribeir\u00e3o Preto-SP","link":"https:\/\/ismaelcolosi.com.br\/index.php\/category\/empregos-classificados-vagas-trabalho\/vagas-de-empregos-em-ribeirao-preto-regiao-brasil\/"},"img":{"alt_text":"","src":"https:\/\/i0.wp.com\/ismaelcolosi.com.br\/wp-content\/uploads\/2023\/11\/noticiasconcursos.com_.br-nestle-esta-contratando-profissionais-veja-cargos-locais-e-beneficios-nestle-.png?fit=1200%2C628&ssl=1&resize=350%2C200","width":350,"height":200,"srcset":"https:\/\/i0.wp.com\/ismaelcolosi.com.br\/wp-content\/uploads\/2023\/11\/noticiasconcursos.com_.br-nestle-esta-contratando-profissionais-veja-cargos-locais-e-beneficios-nestle-.png?fit=1200%2C628&ssl=1&resize=350%2C200 1x, https:\/\/i0.wp.com\/ismaelcolosi.com.br\/wp-content\/uploads\/2023\/11\/noticiasconcursos.com_.br-nestle-esta-contratando-profissionais-veja-cargos-locais-e-beneficios-nestle-.png?fit=1200%2C628&ssl=1&resize=525%2C300 1.5x, https:\/\/i0.wp.com\/ismaelcolosi.com.br\/wp-content\/uploads\/2023\/11\/noticiasconcursos.com_.br-nestle-esta-contratando-profissionais-veja-cargos-locais-e-beneficios-nestle-.png?fit=1200%2C628&ssl=1&resize=700%2C400 2x, https:\/\/i0.wp.com\/ismaelcolosi.com.br\/wp-content\/uploads\/2023\/11\/noticiasconcursos.com_.br-nestle-esta-contratando-profissionais-veja-cargos-locais-e-beneficios-nestle-.png?fit=1200%2C628&ssl=1&resize=1050%2C600 3x"},"classes":[]},{"id":52647,"url":"https:\/\/ismaelcolosi.com.br\/index.php\/2024\/06\/09\/ribeirao-preto-tem-nova-exposicao-gratuita-de-carros-antigos-veja-quando\/","url_meta":{"origin":5154,"position":3},"title":"Ribeir\u00e3o Preto tem nova exposi\u00e7\u00e3o gratuita de carros antigos; Veja quando","author":"ismaelcolosi.com.br","date":"9 de June de 2024","format":false,"excerpt":"Ribeir\u00e3o Preto recebe nova exposi\u00e7\u00e3o gratuita de carros antigos, nos dias 15 e 16 de junho, na sede do Clube Faixa Branca, localizada na rua Luciana Mara Ign\u00e1cio, 825, no Jardim Bot\u00e2nico, zona Sul do munic\u00edpio. O evento faz parte da celebra\u00e7\u00e3o dos 35 anos de funda\u00e7\u00e3o do clube de\u2026","rel":"","context":"In &quot;Not\u00edcias de Ribeir\u00e3o Preto-SP e Regi\u00e3o&quot;","block_context":{"text":"Not\u00edcias de Ribeir\u00e3o Preto-SP e Regi\u00e3o","link":"https:\/\/ismaelcolosi.com.br\/index.php\/category\/noticias-de-ribeirao-preto-sp-e-regiao-ismael-colosi\/"},"img":{"alt_text":"","src":"https:\/\/i0.wp.com\/ismaelcolosi.com.br\/wp-content\/uploads\/2024\/06\/IMG_2514_2024-06-09_15-13-31_jpg_2024-06-09_15-13-31.webp.webp?fit=1200%2C800&ssl=1&resize=350%2C200","width":350,"height":200,"srcset":"https:\/\/i0.wp.com\/ismaelcolosi.com.br\/wp-content\/uploads\/2024\/06\/IMG_2514_2024-06-09_15-13-31_jpg_2024-06-09_15-13-31.webp.webp?fit=1200%2C800&ssl=1&resize=350%2C200 1x, https:\/\/i0.wp.com\/ismaelcolosi.com.br\/wp-content\/uploads\/2024\/06\/IMG_2514_2024-06-09_15-13-31_jpg_2024-06-09_15-13-31.webp.webp?fit=1200%2C800&ssl=1&resize=525%2C300 1.5x, https:\/\/i0.wp.com\/ismaelcolosi.com.br\/wp-content\/uploads\/2024\/06\/IMG_2514_2024-06-09_15-13-31_jpg_2024-06-09_15-13-31.webp.webp?fit=1200%2C800&ssl=1&resize=700%2C400 2x, https:\/\/i0.wp.com\/ismaelcolosi.com.br\/wp-content\/uploads\/2024\/06\/IMG_2514_2024-06-09_15-13-31_jpg_2024-06-09_15-13-31.webp.webp?fit=1200%2C800&ssl=1&resize=1050%2C600 3x"},"classes":[]},{"id":16756,"url":"https:\/\/ismaelcolosi.com.br\/index.php\/2023\/12\/16\/nao-sentir-bem-estes-cheiros-pode-indicar-doenca\/","url_meta":{"origin":5154,"position":4},"title":"N\u00e3o sentir bem estes cheiros pode indicar doen\u00e7a","author":"ismaelcolosi.com.br","date":"16 de December de 2023","format":false,"excerpt":"Cr\u00e9ditos: Getty ImagesEstudo se prop\u00f5e a investigar rela\u00e7\u00e3o entre cheiros e aumento do risco de dem\u00eancia \u2013 iStock\/Getty Images Caracterizada pelo decl\u00ednio progressivo da fun\u00e7\u00e3o cognitiva, a dem\u00eancia ainda \u00e9 uma doen\u00e7a sem cura, embora in\u00fameras pesquisas se dediquem \u00e0 investiga\u00e7\u00e3o de marcadores precoces do decl\u00ednio cerebral. O objetivo \u00e9\u2026","rel":"","context":"In &quot;Variedades&quot;","block_context":{"text":"Variedades","link":"https:\/\/ismaelcolosi.com.br\/index.php\/category\/variedades\/"},"img":{"alt_text":"","src":"https:\/\/i0.wp.com\/ismaelcolosi.com.br\/wp-content\/uploads\/2023\/12\/istock-1497106386.jpg?fit=1200%2C638&ssl=1&resize=350%2C200","width":350,"height":200,"srcset":"https:\/\/i0.wp.com\/ismaelcolosi.com.br\/wp-content\/uploads\/2023\/12\/istock-1497106386.jpg?fit=1200%2C638&ssl=1&resize=350%2C200 1x, https:\/\/i0.wp.com\/ismaelcolosi.com.br\/wp-content\/uploads\/2023\/12\/istock-1497106386.jpg?fit=1200%2C638&ssl=1&resize=525%2C300 1.5x, https:\/\/i0.wp.com\/ismaelcolosi.com.br\/wp-content\/uploads\/2023\/12\/istock-1497106386.jpg?fit=1200%2C638&ssl=1&resize=700%2C400 2x, https:\/\/i0.wp.com\/ismaelcolosi.com.br\/wp-content\/uploads\/2023\/12\/istock-1497106386.jpg?fit=1200%2C638&ssl=1&resize=1050%2C600 3x"},"classes":[]},{"id":75150,"url":"https:\/\/ismaelcolosi.com.br\/index.php\/2024\/11\/04\/ribeirao-preto-aprova-campanha-permanente-de-incentivo-a-doacao-de-leite-materno\/","url_meta":{"origin":5154,"position":5},"title":"Ribeir\u00e3o Preto Aprova Campanha Permanente de Incentivo \u00e0 Doa\u00e7\u00e3o de Leite Materno","author":"ismaelcolosi.com.br","date":"4 de November de 2024","format":false,"excerpt":"A C\u00e2mara Municipal de Ribeir\u00e3o Preto aprovou um projeto de lei que institui uma campanha permanente de incentivo \u00e0 doa\u00e7\u00e3o de leite materno na cidade. A medida visa promover a conscientiza\u00e7\u00e3o da popula\u00e7\u00e3o sobre a import\u00e2ncia dessa doa\u00e7\u00e3o, essencial para a sa\u00fade de rec\u00e9m-nascidos prematuros e beb\u00eas internados em unidades\u2026","rel":"","context":"In &quot;Not\u00edcias de Ribeir\u00e3o Preto-SP e Regi\u00e3o&quot;","block_context":{"text":"Not\u00edcias de Ribeir\u00e3o Preto-SP e Regi\u00e3o","link":"https:\/\/ismaelcolosi.com.br\/index.php\/category\/noticias-de-ribeirao-preto-sp-e-regiao-ismael-colosi\/"},"img":{"alt_text":"","src":"https:\/\/i0.wp.com\/ismaelcolosi.com.br\/wp-content\/uploads\/2024\/11\/DSC8272-scaled.jpg?fit=1200%2C800&ssl=1&resize=350%2C200","width":350,"height":200,"srcset":"https:\/\/i0.wp.com\/ismaelcolosi.com.br\/wp-content\/uploads\/2024\/11\/DSC8272-scaled.jpg?fit=1200%2C800&ssl=1&resize=350%2C200 1x, https:\/\/i0.wp.com\/ismaelcolosi.com.br\/wp-content\/uploads\/2024\/11\/DSC8272-scaled.jpg?fit=1200%2C800&ssl=1&resize=525%2C300 1.5x, https:\/\/i0.wp.com\/ismaelcolosi.com.br\/wp-content\/uploads\/2024\/11\/DSC8272-scaled.jpg?fit=1200%2C800&ssl=1&resize=700%2C400 2x, https:\/\/i0.wp.com\/ismaelcolosi.com.br\/wp-content\/uploads\/2024\/11\/DSC8272-scaled.jpg?fit=1200%2C800&ssl=1&resize=1050%2C600 3x"},"classes":[]}],"jetpack_sharing_enabled":true,"jetpack_shortlink":"https:\/\/wp.me\/pfMlyK-1l8","_links":{"self":[{"href":"https:\/\/ismaelcolosi.com.br\/index.php\/wp-json\/wp\/v2\/posts\/5154","targetHints":{"allow":["GET"]}}],"collection":[{"href":"https:\/\/ismaelcolosi.com.br\/index.php\/wp-json\/wp\/v2\/posts"}],"about":[{"href":"https:\/\/ismaelcolosi.com.br\/index.php\/wp-json\/wp\/v2\/types\/post"}],"author":[{"embeddable":true,"href":"https:\/\/ismaelcolosi.com.br\/index.php\/wp-json\/wp\/v2\/users\/1"}],"replies":[{"embeddable":true,"href":"https:\/\/ismaelcolosi.com.br\/index.php\/wp-json\/wp\/v2\/comments?post=5154"}],"version-history":[{"count":0,"href":"https:\/\/ismaelcolosi.com.br\/index.php\/wp-json\/wp\/v2\/posts\/5154\/revisions"}],"wp:featuredmedia":[{"embeddable":true,"href":"https:\/\/ismaelcolosi.com.br\/index.php\/wp-json\/wp\/v2\/media\/5155"}],"wp:attachment":[{"href":"https:\/\/ismaelcolosi.com.br\/index.php\/wp-json\/wp\/v2\/media?parent=5154"}],"wp:term":[{"taxonomy":"category","embeddable":true,"href":"https:\/\/ismaelcolosi.com.br\/index.php\/wp-json\/wp\/v2\/categories?post=5154"},{"taxonomy":"post_tag","embeddable":true,"href":"https:\/\/ismaelcolosi.com.br\/index.php\/wp-json\/wp\/v2\/tags?post=5154"}],"curies":[{"name":"wp","href":"https:\/\/api.w.org\/{rel}","templated":true}]}}