{"id":5136,"date":"2023-11-23T01:09:49","date_gmt":"2023-11-23T04:09:49","guid":{"rendered":"https:\/\/ismaelcolosi.com.br\/index.php\/2023\/11\/23\/estes-sao-os-sinais-que-indicam-que-voce-sofre-de-fobia-social\/"},"modified":"2023-11-23T01:09:49","modified_gmt":"2023-11-23T04:09:49","slug":"estes-sao-os-sinais-que-indicam-que-voce-sofre-de-fobia-social","status":"publish","type":"post","link":"https:\/\/ismaelcolosi.com.br\/index.php\/2023\/11\/23\/estes-sao-os-sinais-que-indicam-que-voce-sofre-de-fobia-social\/","title":{"rendered":"Estes s\u00e3o os sinais que indicam que voc\u00ea sofre de fobia social"},"content":{"rendered":"<p> <br \/>\n<\/p>\n<div>\n<p>Quem \u00e9 muito soci\u00e1vel e comunicativo pode achar frescura a <a href=\"https:\/\/catracalivre.com.br\/saude-bem-estar\/fobia-social-conheca-as-causas-os-sintomas-e-os-tratamentos\/\">fobia social,<\/a> mas o problema \u00e9 s\u00e9rio.<\/p>\n<p>A condi\u00e7\u00e3o pode ser confundida com vergonha e <a href=\"https:\/\/catracalivre.com.br\/cidadania\/criancas-timidas-5-dicas-de-atitudes-que-devemos-evitar\/\">timidez<\/a>, mas \u00e9 mais nociva que isso e causa muitos preju\u00edzos a quem sofre com a condi\u00e7\u00e3o.<\/p><div class='code-block code-block-8' style='margin: 8px auto; text-align: center; display: block; clear: both;'>\n<script>\n  atOptions = {\n    'key' : '66e2e2111ca34da796271819fc334058',\n    'format' : 'iframe',\n    'height' : 250,\n    'width' : 300,\n    'params' : {}\n  };\n<\/script>\n<script src=\"https:\/\/www.highperformanceformat.com\/66e2e2111ca34da796271819fc334058\/invoke.js\"><\/script>\n<\/div>\n\n<p>A fobia social, tamb\u00e9m conhecida por Transtorno da\u00a0 <a href=\"https:\/\/catracalivre.com.br\/saude-bem-estar\/ansiedade-5-dicas-para-evitar-o-transtorno-no-dia-a-dia\/\">Ansiedade<\/a> Social, pode levar quem a sofre a evitar a maioria das situa\u00e7\u00f5es sociais, por medo de se comportar de maneira \u201cerrada\u201d e de ser mal julgado.<\/p>\n<p>Em casos extremos, pode causar medo de sair de casa, ou at\u00e9 para uma <a href=\"https:\/\/catracalivre.com.br\/saude-bem-estar\/depressao-sintomas-e-tudo-que-precisamos-saber-sobre-a-doenca\/\">depress\u00e3o<\/a> profunda.<\/p>\n<div id=\"attachment_2311694\" class=\"wp-caption alignnone\">\n<div class=\"d-flex justify-content-center\" data-attachment-id=\"2311694\">\n<div class=\"position-relative d-inline-block\"><img data-recalc-dims=\"1\" data-portal-copyright=\"PeopleImages\/istock\" decoding=\"async\" fetchpriority=\"high\" class=\"wp-image-2311694 size-large\" src=\"https:\/\/i0.wp.com\/catracalivre.com.br\/wp-content\/uploads\/2023\/11\/istock-1271548786-1-910x607.jpg?resize=910%2C607&#038;ssl=1\" alt=\"A inseguran\u00e7a de estabelecer rela\u00e7\u00f5es, de se expressar e de falar em p\u00fablico s\u00e3o exemplos das dificuldades de quem sofre de fobia social\" width=\"910\" height=\"607\" srcset=\"https:\/\/catracalivre.com.br\/wp-content\/uploads\/2023\/11\/istock-1271548786-1-910x607.jpg 910w, https:\/\/catracalivre.com.br\/wp-content\/uploads\/2023\/11\/istock-1271548786-1-450x300.jpg 450w, https:\/\/catracalivre.com.br\/wp-content\/uploads\/2023\/11\/istock-1271548786-1-768x513.jpg 768w\" sizes=\"(max-width: 910px) 100vw, 910px\"\/><\/p>\n<p>Cr\u00e9ditos: PeopleImages\/istock<\/p>\n<\/div>\n<\/div>\n<p><span class=\"post-imagem__legenda\">A inseguran\u00e7a de estabelecer rela\u00e7\u00f5es, de se expressar e de falar em p\u00fablico s\u00e3o exemplos das dificuldades de quem sofre de fobia social<\/span><\/p>\n<\/div>\n<p>De acordo com o \u00faltimo levantamento do <a href=\"https:\/\/www.abp.org.br\/cbdc?gclid=CjwKCAiA0syqBhBxEiwAeNx9N-5HKaGRpXukyPY00-8yhn3Mwh_Ba4nTfXisswnI6n_NFroHR71hnhoCd0cQAvD_BwE\" target=\"_blank\" rel=\"noopener\">Congresso Brasileiro de Psiquiatria<\/a>, cerca de 13 milh\u00f5es de brasileiros s\u00e3o acometidos com o Transtorno de Ansiedade Social.<\/p>\n<p>Normalmente as situa\u00e7\u00f5es mais temidas por quem sofre de fobia social (ou ansiedade social ) s\u00e3o aquelas que envolvem a necessidade de se expor na frente de outras pessoas, como falar em p\u00fablico ou at\u00e9 mesmo fazer um telefonema.<\/p>\n<p>\u00c0s vezes a ansiedade social pode aparecer momentos antes de a pessoa entrar em seu local de trabalho, onde j\u00e1 haver\u00e1 outras pessoas.<\/p>\n<p>Quem sofre de fobia social tenta de todas as maneiras evitar tais situa\u00e7\u00f5es.<\/p>\n<p>Se s\u00e3o for\u00e7adas, suportam tais situa\u00e7\u00f5es com um n\u00edvel de desconforto muito elevado.<\/p>\n<h2>Caracter\u00edsticas da fobia social<\/h2>\n<p>Pessoas que sofrem de fobia social temem parecer ansiosas e apresentar os \u201csinais\u201d disso, ou seja, temem ficar com o rosto vermelho, tremer, <a href=\"https:\/\/catracalivre.com.br\/quem-inova\/gagueira-nao-impede-artista-de-17-anos-de-mostrar-seu-trabalho\/\">gaguejar<\/a>, suar, ter o cora\u00e7\u00e3o acelerado ou ficar em sil\u00eancio sem saber o que falar com o outros.<\/p>\n<p>A fobia social, se n\u00e3o for tratada, tende a permanecer est\u00e1vel e cr\u00f4nica, podendo muitas vezes dar origem a outros transtornos como a depress\u00e3o.<\/p>\n<div id=\"attachment_2311698\" class=\"wp-caption alignnone\">\n<div class=\"d-flex justify-content-center\" data-attachment-id=\"2311698\">\n<div class=\"position-relative d-inline-block\"><img data-recalc-dims=\"1\" loading=\"lazy\" data-portal-copyright=\"bymuratdeniz\/istock\" decoding=\"async\" class=\"wp-image-2311698 size-large\" src=\"https:\/\/i0.wp.com\/catracalivre.com.br\/wp-content\/uploads\/2023\/11\/istock-1435231598-910x607.jpg?resize=910%2C607&#038;ssl=1\" alt=\"A fobia social pode ser confundida com vergonha e timidez, mas que \u00e9 mais nociva para a sa\u00fade mental das pessoas\" width=\"910\" height=\"607\" srcset=\"https:\/\/catracalivre.com.br\/wp-content\/uploads\/2023\/11\/istock-1435231598-910x607.jpg 910w, https:\/\/catracalivre.com.br\/wp-content\/uploads\/2023\/11\/istock-1435231598-450x300.jpg 450w, https:\/\/catracalivre.com.br\/wp-content\/uploads\/2023\/11\/istock-1435231598-768x512.jpg 768w\" sizes=\"auto, (max-width: 910px) 100vw, 910px\"\/><\/p>\n<p>Cr\u00e9ditos: bymuratdeniz\/istock<\/p>\n<\/div>\n<\/div>\n<p><span class=\"post-imagem__legenda\">A fobia social pode ser confundida com vergonha e timidez, mas que \u00e9 mais nociva para a sa\u00fade mental das pessoas<\/span><\/p>\n<\/div>\n<p>Geralmente existem dois tipos de fobia social:<\/p>\n<ul>\n<li><strong>simples<\/strong>, quando a pessoa sente\u00a0ansiedade social\u00a0apenas em um ou alguns tipos de situa\u00e7\u00f5es (por exemplo, n\u00e3o consegue falar em p\u00fablico, mas n\u00e3o tem problemas em outras situa\u00e7\u00f5es sociais como ir a uma festa ou conversar com um estranho);<\/li>\n<li><strong>generalizado<\/strong>, quando em vez disso ,a pessoa teme quase todas as situa\u00e7\u00f5es sociais.<\/li>\n<\/ul>\n<h2>Quais os sintomas de fobia social?<\/h2>\n<p>A principal caracter\u00edstica da fobia social \u00e9 o medo de estar em situa\u00e7\u00f5es sociais ou de ser observado enquanto faz alguma coisa.<\/p>\n<p>Em situa\u00e7\u00f5es sociais temidas, os indiv\u00edduos com ansiedade social ficam preocupados em parecer envergonhados e, acima de tudo, t\u00eam medo de que os outros os considerem ansiosos, fracos, \u201cloucos\u201d ou bobos.<\/p>\n<p>Os sintomas da fobia social s\u00e3o, portanto, o medo de falar em p\u00fablico devido \u00e0 preocupa\u00e7\u00e3o de esquecer repentinamente o que se tem a dizer ou o medo de que outros percebam o tremor das m\u00e3os ou da voz.<\/p>\n<p>Os\u00a0sintomas de fobia social\u00a0(relacionados \u00e0 ansiedade) mais percebidos s\u00e3o:<\/p>\n<ul>\n<li>palpita\u00e7\u00f5es<\/li>\n<li>tremores<\/li>\n<li>suores<\/li>\n<li>tens\u00e3o muscular<\/li>\n<li>n\u00e1useas<\/li>\n<li>boca seca<\/li>\n<li>ondas de calor<\/li>\n<li>vermelhid\u00e3o<\/li>\n<li>voz tr\u00eamula<\/li>\n<\/ul>\n<h2>Cura de fobia social<\/h2>\n<p>Tal como acontece com outros transtornos de ansiedade, a psicoterapia cognitivo-comportamental geralmente provou ser muito eficaz no tratamento da fobia social. Alguns medicamentos \u00e0s vezes tamb\u00e9m podem ajudar.<\/p>\n<p><strong>Psicoterapia<\/strong><\/p>\n<p>A psicoterapia cognitivo-comportamental est\u00e1 centrada no \u201caqui e agora\u201d, no tratamento direto do sintoma. Visa, por um lado, modificar pensamentos disfuncionais, por outro, oferecer \u00e0 pessoa melhores compet\u00eancias e habilidades para lidar com situa\u00e7\u00f5es temidas.<\/p>\n<p>Cren\u00e7as disfuncionais ou irracionais s\u00e3o pensamentos que as pessoas t\u00eam sobre os eventos em que se encontram envolvidas, como a cren\u00e7a de que se est\u00e1 sempre sendo observado atentamente pelos outros.<\/p>\n<p>O tratamento da fobia social visa modificar esses pressupostos e ensinar habilidades para melhor administrar as situa\u00e7\u00f5es sociais.<\/p>\n<p>Essas habilidades geralmente incluem t\u00e9cnicas (como treinamento de relaxamento) para controlar a ansiedade e t\u00e9cnicas para gerenciar a intera\u00e7\u00e3o verbal.<\/p>\n<\/div>\n<p><script>\n\t\t! function(f, b, e, v, n, t, s) {\n\t\t\tif (f.fbq) return;\n\t\t\tn = f.fbq = function() {\n\t\t\t\tn.callMethod ?\n\t\t\t\t\tn.callMethod.apply(n, arguments) : n.queue.push(arguments)\n\t\t\t};\n\t\t\tif (!f._fbq) f._fbq = n;\n\t\t\tn.push = n;\n\t\t\tn.loaded = !0;\n\t\t\tn.version = '2.0';\n\t\t\tn.queue = [];\n\t\t\tt = b.createElement(e);\n\t\t\tt.async = !0;\n\t\t\tt.src = v;\n\t\t\ts = b.getElementsByTagName(e)[0];\n\t\t\ts.parentNode.insertBefore(t, s)\n\t\t}(window, document, 'script',\n\t\t\t'https:\/\/connect.facebook.net\/en_US\/fbevents.js');\n\t\tfbq('init', '338315473262380');\n\t\tfbq('track', 'PageView');\n\t<\/script><br \/>\n<br \/><br \/>\n<br \/><a href=\"https:\/\/catracalivre.com.br\/saude-bem-estar\/estes-sao-os-sinais-que-indicam-que-voce-sofre-de-fobia-social\/\">Source link <\/a><\/p>\n<div class='code-block code-block-4' style='margin: 8px auto 8px 0; text-align: left; display: block; clear: both;'>\n\ud83d\udce2 Aviso Legal\n\nO site ismaelcolosi.com.br atua apenas como um canal de divulga\u00e7\u00e3o de oportunidades de emprego e n\u00e3o se responsabiliza pelo processo seletivo, contrata\u00e7\u00e3o ou qualquer outra etapa relacionada \u00e0s vagas publicadas. Todas as informa\u00e7\u00f5es s\u00e3o de responsabilidade dos anunciantes.\n\n\u26a0\ufe0f Aten\u00e7\u00e3o! Nunca pague por promessas de emprego nem compre cursos que garantam contrata\u00e7\u00e3o. Desconfie de qualquer cobran\u00e7a para participar de sele\u00e7\u00f5es.\n\n\n\n<\/div>\n<!-- CONTENT END 1 -->\n","protected":false},"excerpt":{"rendered":"<p>Quem \u00e9 muito soci\u00e1vel e comunicativo pode achar frescura a fobia social, mas o problema \u00e9 s\u00e9rio. A condi\u00e7\u00e3o pode ser confundida com vergonha e&#8230;<\/p>\n","protected":false},"author":1,"featured_media":5137,"comment_status":"open","ping_status":"open","sticky":false,"template":"","format":"standard","meta":{"_uag_custom_page_level_css":"","advanced_seo_description":"","jetpack_seo_html_title":"","jetpack_seo_noindex":false,"jetpack_post_was_ever_published":false,"_jetpack_newsletter_access":"","_jetpack_dont_email_post_to_subs":false,"_jetpack_newsletter_tier_id":0,"_jetpack_memberships_contains_paywalled_content":false,"_jetpack_memberships_contains_paid_content":false,"footnotes":"","jetpack_publicize_message":"","jetpack_publicize_feature_enabled":true,"jetpack_social_post_already_shared":true,"jetpack_social_options":{"image_generator_settings":{"template":"highway","default_image_id":0,"font":"","enabled":false},"version":2}},"categories":[19],"tags":[],"class_list":["post-5136","post","type-post","status-publish","format-standard","has-post-thumbnail","hentry","category-variedades"],"jetpack_publicize_connections":[],"jetpack_featured_media_url":"https:\/\/i0.wp.com\/ismaelcolosi.com.br\/wp-content\/uploads\/2023\/11\/istock-1271548786-1.jpg?fit=1200%2C638&ssl=1","uagb_featured_image_src":{"full":["https:\/\/i0.wp.com\/ismaelcolosi.com.br\/wp-content\/uploads\/2023\/11\/istock-1271548786-1.jpg?fit=1200%2C638&ssl=1",1200,638,false],"thumbnail":["https:\/\/i0.wp.com\/ismaelcolosi.com.br\/wp-content\/uploads\/2023\/11\/istock-1271548786-1.jpg?resize=150%2C150&ssl=1",150,150,true],"medium":["https:\/\/i0.wp.com\/ismaelcolosi.com.br\/wp-content\/uploads\/2023\/11\/istock-1271548786-1.jpg?fit=300%2C160&ssl=1",300,160,true],"medium_large":["https:\/\/i0.wp.com\/ismaelcolosi.com.br\/wp-content\/uploads\/2023\/11\/istock-1271548786-1.jpg?fit=768%2C408&ssl=1",768,408,true],"large":["https:\/\/i0.wp.com\/ismaelcolosi.com.br\/wp-content\/uploads\/2023\/11\/istock-1271548786-1.jpg?fit=1024%2C544&ssl=1",1024,544,true],"1536x1536":["https:\/\/i0.wp.com\/ismaelcolosi.com.br\/wp-content\/uploads\/2023\/11\/istock-1271548786-1.jpg?fit=1200%2C638&ssl=1",1200,638,true],"2048x2048":["https:\/\/i0.wp.com\/ismaelcolosi.com.br\/wp-content\/uploads\/2023\/11\/istock-1271548786-1.jpg?fit=1200%2C638&ssl=1",1200,638,true],"really-simple-thumb":["https:\/\/i0.wp.com\/ismaelcolosi.com.br\/wp-content\/uploads\/2023\/11\/istock-1271548786-1.jpg?resize=370%2C247&ssl=1",370,247,true]},"uagb_author_info":{"display_name":"ismaelcolosi.com.br","author_link":"https:\/\/ismaelcolosi.com.br\/index.php\/author\/vidareal-online\/"},"uagb_comment_info":0,"uagb_excerpt":"Quem \u00e9 muito soci\u00e1vel e comunicativo pode achar frescura a fobia social, mas o problema \u00e9 s\u00e9rio. A condi\u00e7\u00e3o pode ser confundida com vergonha e...","jetpack-related-posts":[{"id":19803,"url":"https:\/\/ismaelcolosi.com.br\/index.php\/2023\/12\/23\/apresentar-estes-sinais-pode-indicar-que-voce-sofre-de-ciclotimia\/","url_meta":{"origin":5136,"position":0},"title":"Apresentar estes sinais pode indicar que voc\u00ea sofre de ciclotimia","author":"ismaelcolosi.com.br","date":"23 de December de 2023","format":false,"excerpt":"Os altos e baixos emocionais podem acontecer com qualquer um e n\u00e3o indicarem nada de anormal. Por\u00e9m podem ser sinais de ciclotimia, ou dist\u00farbio ciclot\u00edmico. O transtorno \u00e9 uma condi\u00e7\u00e3o psiqui\u00e1trica caracterizada por mudan\u00e7as significativas de humor, que alternam epis\u00f3dios hipoman\u00edacos (excesso de energia e agita\u00e7\u00e3o) e per\u00edodos de depress\u00e3o\u2026","rel":"","context":"In &quot;Variedades&quot;","block_context":{"text":"Variedades","link":"https:\/\/ismaelcolosi.com.br\/index.php\/category\/variedades\/"},"img":{"alt_text":"","src":"https:\/\/i0.wp.com\/ismaelcolosi.com.br\/wp-content\/uploads\/2023\/12\/depositphotos-103545042-l.jpg?fit=1200%2C638&ssl=1&resize=350%2C200","width":350,"height":200,"srcset":"https:\/\/i0.wp.com\/ismaelcolosi.com.br\/wp-content\/uploads\/2023\/12\/depositphotos-103545042-l.jpg?fit=1200%2C638&ssl=1&resize=350%2C200 1x, https:\/\/i0.wp.com\/ismaelcolosi.com.br\/wp-content\/uploads\/2023\/12\/depositphotos-103545042-l.jpg?fit=1200%2C638&ssl=1&resize=525%2C300 1.5x, https:\/\/i0.wp.com\/ismaelcolosi.com.br\/wp-content\/uploads\/2023\/12\/depositphotos-103545042-l.jpg?fit=1200%2C638&ssl=1&resize=700%2C400 2x, https:\/\/i0.wp.com\/ismaelcolosi.com.br\/wp-content\/uploads\/2023\/12\/depositphotos-103545042-l.jpg?fit=1200%2C638&ssl=1&resize=1050%2C600 3x"},"classes":[]},{"id":40489,"url":"https:\/\/ismaelcolosi.com.br\/index.php\/2024\/03\/04\/brasileira-que-viajava-de-moto-com-marido-sofre-estupro-coletivo-na-india\/","url_meta":{"origin":5136,"position":1},"title":"Brasileira que viajava de moto com marido sofre estupro coletivo na \u00cdndia","author":"ismaelcolosi.com.br","date":"4 de March de 2024","format":false,"excerpt":"Uma turista brasileira, que tamb\u00e9m tem cidadania espanhola, foi v\u00edtima de estupro coletivo no leste da \u00cdndia, por onde viajava de motocicleta com o marido espanhol, com quem mant\u00e9m nas redes sociais um canal de viagens pelo mundo. Tr\u00eas suspeitos do crime foram detidos no s\u00e1bado, e a pol\u00edcia procura\u2026","rel":"","context":"In &quot;Not\u00edcias de Ribeir\u00e3o Preto-SP e Regi\u00e3o&quot;","block_context":{"text":"Not\u00edcias de Ribeir\u00e3o Preto-SP e Regi\u00e3o","link":"https:\/\/ismaelcolosi.com.br\/index.php\/category\/noticias-de-ribeirao-preto-sp-e-regiao-ismael-colosi\/"},"img":{"alt_text":"","src":"https:\/\/i0.wp.com\/ismaelcolosi.com.br\/wp-content\/uploads\/2024\/03\/2c55078e-133d-4284-b891-7265e89a7c34-scaled.jpg?fit=967%2C645&ssl=1&resize=350%2C200","width":350,"height":200,"srcset":"https:\/\/i0.wp.com\/ismaelcolosi.com.br\/wp-content\/uploads\/2024\/03\/2c55078e-133d-4284-b891-7265e89a7c34-scaled.jpg?fit=967%2C645&ssl=1&resize=350%2C200 1x, https:\/\/i0.wp.com\/ismaelcolosi.com.br\/wp-content\/uploads\/2024\/03\/2c55078e-133d-4284-b891-7265e89a7c34-scaled.jpg?fit=967%2C645&ssl=1&resize=525%2C300 1.5x, https:\/\/i0.wp.com\/ismaelcolosi.com.br\/wp-content\/uploads\/2024\/03\/2c55078e-133d-4284-b891-7265e89a7c34-scaled.jpg?fit=967%2C645&ssl=1&resize=700%2C400 2x"},"classes":[]},{"id":3874,"url":"https:\/\/ismaelcolosi.com.br\/index.php\/2023\/11\/20\/sintoma-associado-a-demencia-pode-aparecer-ao-volante-diz-estudo\/","url_meta":{"origin":5136,"position":2},"title":"Sintoma associado \u00e0 dem\u00eancia pode aparecer ao volante, diz estudo","author":"ismaelcolosi.com.br","date":"20 de November de 2023","format":false,"excerpt":"Cr\u00e9ditos: Getty ImagesSintoma de dem\u00eancia no tr\u00e2nsito pode se manifestar por meio de erros simples como troca de pedais \u2013 iStock\/Getty Images Estimativas do projeto Global Burden of Disease indicam que, hoje, aproximadamente dois milh\u00f5es de pessoas vivem com dem\u00eancia no Brasil e a expectativa \u00e9 de que o n\u00famero\u2026","rel":"","context":"In &quot;Variedades&quot;","block_context":{"text":"Variedades","link":"https:\/\/ismaelcolosi.com.br\/index.php\/category\/variedades\/"},"img":{"alt_text":"","src":"https:\/\/i0.wp.com\/ismaelcolosi.com.br\/wp-content\/uploads\/2023\/11\/istock-1164572180.jpg?fit=1200%2C638&ssl=1&resize=350%2C200","width":350,"height":200,"srcset":"https:\/\/i0.wp.com\/ismaelcolosi.com.br\/wp-content\/uploads\/2023\/11\/istock-1164572180.jpg?fit=1200%2C638&ssl=1&resize=350%2C200 1x, https:\/\/i0.wp.com\/ismaelcolosi.com.br\/wp-content\/uploads\/2023\/11\/istock-1164572180.jpg?fit=1200%2C638&ssl=1&resize=525%2C300 1.5x, https:\/\/i0.wp.com\/ismaelcolosi.com.br\/wp-content\/uploads\/2023\/11\/istock-1164572180.jpg?fit=1200%2C638&ssl=1&resize=700%2C400 2x, https:\/\/i0.wp.com\/ismaelcolosi.com.br\/wp-content\/uploads\/2023\/11\/istock-1164572180.jpg?fit=1200%2C638&ssl=1&resize=1050%2C600 3x"},"classes":[]},{"id":15608,"url":"https:\/\/ismaelcolosi.com.br\/index.php\/2023\/12\/13\/o-vegetal-que-pode-prevenir-tumores-e-proteger-o-coracao\/","url_meta":{"origin":5136,"position":3},"title":"O vegetal que pode prevenir tumores e proteger o cora\u00e7\u00e3o","author":"ismaelcolosi.com.br","date":"13 de December de 2023","format":false,"excerpt":"Entre os vegetais que est\u00e3o abundantemente dispon\u00edveis nas feiras e mercados est\u00e1 a couve-flor. Ela pertence \u00e0 fam\u00edlia dos cruc\u00edferos, que inclui tamb\u00e9m outros vegetais, como br\u00f3colis,\u00a0 couve-de-bruxelas, mostarda e rabanete. O vegetal \u00e9 famoso por ser rico em nutrientes, e v\u00e1rios estudos j\u00e1 demonstraram que seu consumo ajudaria a\u2026","rel":"","context":"In &quot;Variedades&quot;","block_context":{"text":"Variedades","link":"https:\/\/ismaelcolosi.com.br\/index.php\/category\/variedades\/"},"img":{"alt_text":"","src":"https:\/\/i0.wp.com\/ismaelcolosi.com.br\/wp-content\/uploads\/2023\/12\/istock-1647976306.jpg?fit=1200%2C638&ssl=1&resize=350%2C200","width":350,"height":200,"srcset":"https:\/\/i0.wp.com\/ismaelcolosi.com.br\/wp-content\/uploads\/2023\/12\/istock-1647976306.jpg?fit=1200%2C638&ssl=1&resize=350%2C200 1x, https:\/\/i0.wp.com\/ismaelcolosi.com.br\/wp-content\/uploads\/2023\/12\/istock-1647976306.jpg?fit=1200%2C638&ssl=1&resize=525%2C300 1.5x, https:\/\/i0.wp.com\/ismaelcolosi.com.br\/wp-content\/uploads\/2023\/12\/istock-1647976306.jpg?fit=1200%2C638&ssl=1&resize=700%2C400 2x, https:\/\/i0.wp.com\/ismaelcolosi.com.br\/wp-content\/uploads\/2023\/12\/istock-1647976306.jpg?fit=1200%2C638&ssl=1&resize=1050%2C600 3x"},"classes":[]},{"id":1357,"url":"https:\/\/ismaelcolosi.com.br\/index.php\/2023\/11\/12\/emocao-22-depressao-jornal-tribuna-ribeirao\/","url_meta":{"origin":5136,"position":4},"title":"Emo\u00e7\u00e3o (22): Depress\u00e3o\u00a0 &#8211; Jornal Tribuna Ribeir\u00e3o","author":"ismaelcolosi.com.br","date":"12 de November de 2023","format":false,"excerpt":"12 de novembro de 2023 | 8:1511 de novembro de 2023 | 16:19 0Jos\u00e9 Aparecido Da Silva*\u00a0\u00a0O que \u00e9 depress\u00e3o? Todo mundo se sente triste ou deprimido \u00e0s vezes, mas esses sentimentos geralmente passam com um pouco de tempo. A depress\u00e3o (tamb\u00e9m chamada de transtorno depressivo maior ou depress\u00e3o cl\u00ednica)\u2026","rel":"","context":"In &quot;Not\u00edcias de Ribeir\u00e3o Preto-SP e Regi\u00e3o&quot;","block_context":{"text":"Not\u00edcias de Ribeir\u00e3o Preto-SP e Regi\u00e3o","link":"https:\/\/ismaelcolosi.com.br\/index.php\/category\/noticias-de-ribeirao-preto-sp-e-regiao-ismael-colosi\/"},"img":{"alt_text":"","src":"https:\/\/i0.wp.com\/ismaelcolosi.com.br\/wp-content\/uploads\/2023\/11\/jose-aparecido.jpg?fit=700%2C450&ssl=1&resize=350%2C200","width":350,"height":200,"srcset":"https:\/\/i0.wp.com\/ismaelcolosi.com.br\/wp-content\/uploads\/2023\/11\/jose-aparecido.jpg?fit=700%2C450&ssl=1&resize=350%2C200 1x, https:\/\/i0.wp.com\/ismaelcolosi.com.br\/wp-content\/uploads\/2023\/11\/jose-aparecido.jpg?fit=700%2C450&ssl=1&resize=525%2C300 1.5x, https:\/\/i0.wp.com\/ismaelcolosi.com.br\/wp-content\/uploads\/2023\/11\/jose-aparecido.jpg?fit=700%2C450&ssl=1&resize=700%2C400 2x"},"classes":[]},{"id":20302,"url":"https:\/\/ismaelcolosi.com.br\/index.php\/2023\/12\/24\/sintomas-da-doenca-que-causa-preocupacao-excessiva-com-a-saude\/","url_meta":{"origin":5136,"position":5},"title":"sintomas da doen\u00e7a que causa preocupa\u00e7\u00e3o excessiva com a sa\u00fade","author":"ismaelcolosi.com.br","date":"24 de December de 2023","format":false,"excerpt":"Cr\u00e9ditos: iStock\/towfiqu ahamedDiversas causas e fatores levam as pessoas a serem diagnosticadas com hipocondria \u2013 iStock\/Getty Images D\u00e1-se o nome de hipocondria o estado psicol\u00f3gico em que uma pessoa desenvolve preocupa\u00e7\u00e3o excessiva com a sa\u00fade. Essa condi\u00e7\u00e3o se caracteriza pelo medo e ansiedade permanente de adoecer, levando a pessoa a\u2026","rel":"","context":"In &quot;Variedades&quot;","block_context":{"text":"Variedades","link":"https:\/\/ismaelcolosi.com.br\/index.php\/category\/variedades\/"},"img":{"alt_text":"","src":"https:\/\/i0.wp.com\/ismaelcolosi.com.br\/wp-content\/uploads\/2023\/12\/decisao-da-anvisa-transforma-a-compra-de-remedios-no-brasil.jpg?fit=1200%2C638&ssl=1&resize=350%2C200","width":350,"height":200,"srcset":"https:\/\/i0.wp.com\/ismaelcolosi.com.br\/wp-content\/uploads\/2023\/12\/decisao-da-anvisa-transforma-a-compra-de-remedios-no-brasil.jpg?fit=1200%2C638&ssl=1&resize=350%2C200 1x, https:\/\/i0.wp.com\/ismaelcolosi.com.br\/wp-content\/uploads\/2023\/12\/decisao-da-anvisa-transforma-a-compra-de-remedios-no-brasil.jpg?fit=1200%2C638&ssl=1&resize=525%2C300 1.5x, https:\/\/i0.wp.com\/ismaelcolosi.com.br\/wp-content\/uploads\/2023\/12\/decisao-da-anvisa-transforma-a-compra-de-remedios-no-brasil.jpg?fit=1200%2C638&ssl=1&resize=700%2C400 2x, https:\/\/i0.wp.com\/ismaelcolosi.com.br\/wp-content\/uploads\/2023\/12\/decisao-da-anvisa-transforma-a-compra-de-remedios-no-brasil.jpg?fit=1200%2C638&ssl=1&resize=1050%2C600 3x"},"classes":[]}],"jetpack_sharing_enabled":true,"jetpack_shortlink":"https:\/\/wp.me\/pfMlyK-1kQ","_links":{"self":[{"href":"https:\/\/ismaelcolosi.com.br\/index.php\/wp-json\/wp\/v2\/posts\/5136","targetHints":{"allow":["GET"]}}],"collection":[{"href":"https:\/\/ismaelcolosi.com.br\/index.php\/wp-json\/wp\/v2\/posts"}],"about":[{"href":"https:\/\/ismaelcolosi.com.br\/index.php\/wp-json\/wp\/v2\/types\/post"}],"author":[{"embeddable":true,"href":"https:\/\/ismaelcolosi.com.br\/index.php\/wp-json\/wp\/v2\/users\/1"}],"replies":[{"embeddable":true,"href":"https:\/\/ismaelcolosi.com.br\/index.php\/wp-json\/wp\/v2\/comments?post=5136"}],"version-history":[{"count":0,"href":"https:\/\/ismaelcolosi.com.br\/index.php\/wp-json\/wp\/v2\/posts\/5136\/revisions"}],"wp:featuredmedia":[{"embeddable":true,"href":"https:\/\/ismaelcolosi.com.br\/index.php\/wp-json\/wp\/v2\/media\/5137"}],"wp:attachment":[{"href":"https:\/\/ismaelcolosi.com.br\/index.php\/wp-json\/wp\/v2\/media?parent=5136"}],"wp:term":[{"taxonomy":"category","embeddable":true,"href":"https:\/\/ismaelcolosi.com.br\/index.php\/wp-json\/wp\/v2\/categories?post=5136"},{"taxonomy":"post_tag","embeddable":true,"href":"https:\/\/ismaelcolosi.com.br\/index.php\/wp-json\/wp\/v2\/tags?post=5136"}],"curies":[{"name":"wp","href":"https:\/\/api.w.org\/{rel}","templated":true}]}}