{"id":5124,"date":"2023-11-23T00:09:08","date_gmt":"2023-11-23T03:09:08","guid":{"rendered":"https:\/\/ismaelcolosi.com.br\/index.php\/2023\/11\/23\/fundec-abre-inscricoes-para-cursos-gratuitos-veja-requisitos\/"},"modified":"2023-11-23T00:09:08","modified_gmt":"2023-11-23T03:09:08","slug":"fundec-abre-inscricoes-para-cursos-gratuitos-veja-requisitos","status":"publish","type":"post","link":"https:\/\/ismaelcolosi.com.br\/index.php\/2023\/11\/23\/fundec-abre-inscricoes-para-cursos-gratuitos-veja-requisitos\/","title":{"rendered":"Fundec abre inscri\u00e7\u00f5es para cursos gratuitos; veja requisitos"},"content":{"rendered":"<p> <br \/>\n<\/p>\n<div>\n<p>A Funda\u00e7\u00e3o de Desenvolvimento Cultural (Fundec) de Sorocaba, no interior de SP, est\u00e1 com inscri\u00e7\u00f5es abertas para o processo seletivo de cursos gratuitos oferecidos pelo Instituto Municipal de M\u00fasica de Sorocaba com <a href=\"https:\/\/catracalivre.com.br\/educacao\/sebrae-abre-vagas-em-cursos-gratuitos-online-com-certificado\/\">in\u00edcio para 2024<\/a>.<\/p>\n<p>Interessados devem fazer as inscri\u00e7\u00f5es somente nos dias 1\u00ba e 2 de dezembro. Ao todo, s\u00e3o mais de 100 vagas ofertadas.<\/p><div class='code-block code-block-8' style='margin: 8px auto; text-align: center; display: block; clear: both;'>\n<script>\n  atOptions = {\n    'key' : '66e2e2111ca34da796271819fc334058',\n    'format' : 'iframe',\n    'height' : 250,\n    'width' : 300,\n    'params' : {}\n  };\n<\/script>\n<script src=\"https:\/\/www.highperformanceformat.com\/66e2e2111ca34da796271819fc334058\/invoke.js\"><\/script>\n<\/div>\n\n<div id=\"attachment_2312809\" class=\"wp-caption aligncenter\">\n<div class=\"d-flex justify-content-center\" data-attachment-id=\"2312809\">\n<div class=\"position-relative d-inline-block\"><img data-recalc-dims=\"1\" data-portal-copyright=\"Prefeitura de Sorocaba\/Divulga\u00e7\u00e3o   A Funda\u00e7\u00e3o de Desenvolvimento\" decoding=\"async\" fetchpriority=\"high\" class=\"wp-image-2312809 size-large\" src=\"https:\/\/i0.wp.com\/catracalivre.com.br\/wp-content\/uploads\/2023\/11\/fundec-cursos-gratuitos-910x610.jpg?resize=910%2C610&#038;ssl=1\" alt=\"Fundec abre inscri\u00e7\u00f5es para processo seletivo de cursos gratuitos em Sorocaba\" width=\"910\" height=\"610\" srcset=\"https:\/\/catracalivre.com.br\/wp-content\/uploads\/2023\/11\/fundec-cursos-gratuitos-910x610.jpg 910w, https:\/\/catracalivre.com.br\/wp-content\/uploads\/2023\/11\/fundec-cursos-gratuitos-450x302.jpg 450w, https:\/\/catracalivre.com.br\/wp-content\/uploads\/2023\/11\/fundec-cursos-gratuitos-768x515.jpg 768w\" sizes=\"(max-width: 910px) 100vw, 910px\"\/><\/p>\n<p>Cr\u00e9ditos: Prefeitura de Sorocaba\/Divulga\u00e7\u00e3o A Funda\u00e7\u00e3o de Desenvolvimento<\/p>\n<\/div>\n<\/div>\n<p><span class=\"post-imagem__legenda\">Fundec abre inscri\u00e7\u00f5es para processo seletivo de cursos gratuitos em Sorocaba<\/span><\/p>\n<\/div>\n<p>Para quem deseja participar do processo seletivo, s\u00e3o necess\u00e1rios alguns requisitos. Al\u00e9m de\u00a0ser morador de Sorocaba, em casos em que o candidato seja menor de idade, \u00e9 necess\u00e1rio que esteja\u00a0regularmente matriculado em escola da rede p\u00fablica ou particular de ensino.<\/p>\n<p>\u00c9 requisito, tamb\u00e9m, que o interessado\u00a0n\u00e3o exer\u00e7a nenhuma atividade profissional na Fundec.<\/p>\n<p>A taxa de matr\u00edcula tem o valor de R$ 35. O candidato que n\u00e3o puder arcar com o pagamento poder\u00e1 ficar isento da mesma, mas \u00e9 necess\u00e1ria uma declara\u00e7\u00e3o, que dever\u00e1 ser preenchida na sede da Fundec, no ato da matr\u00edcula.<\/p>\n<h2>As vagas nos cursos gratuitos da Fundec<\/h2>\n<ul>\n<li>72 vagas para o curso de musicaliza\u00e7\u00e3o infantil (tarde);<\/li>\n<li>48 vagas para musicaliza\u00e7\u00e3o infantil (manh\u00e3);<\/li>\n<li>30 vagas para interpreta\u00e7\u00e3o para v\u00eddeo (ter\u00e7a-feira, das 18h30 \u00e0s 20h30);<\/li>\n<li>30 vagas para coral adulto (segunda-feira, das 19h30 \u00e0s 21h30);<\/li>\n<li>25 vagas para coral infantojuvenil (segunda-feira, das 18h \u00e0s 19h30);<\/li>\n<li>13 vagas para teatro infantojuvenil (segunda-feira, das 14h \u00e0s 16h);<\/li>\n<li>Tr\u00eas vagas para flauta transversal;<\/li>\n<li>Tr\u00eas vagas para piano;<\/li>\n<li>Duas vagas para trombone;<\/li>\n<li>Duas vagas para violino.<\/li>\n<\/ul>\n<p>Para os cursos de trompa, trompete, saxofone, percuss\u00e3o sinf\u00f4nica, obo\u00e9, fagote, violoncelo, contrabaixo ac\u00fastico, viol\u00e3o erudito e canto l\u00edrico, ser\u00e1 feito um cadastro-reserva, ou seja, em caso de disponibilidade de vaga para o curso, seja por desist\u00eancia, mudan\u00e7a de cidade, reprova ou faltas de alunos j\u00e1 matriculados, por exemplo.<\/p>\n<p>A vaga ser\u00e1 disponibilizada ao candidato que participou desse processo seletivo.<\/p>\n<\/div>\n<p><script>\n\t\t! function(f, b, e, v, n, t, s) {\n\t\t\tif (f.fbq) return;\n\t\t\tn = f.fbq = function() {\n\t\t\t\tn.callMethod ?\n\t\t\t\t\tn.callMethod.apply(n, arguments) : n.queue.push(arguments)\n\t\t\t};\n\t\t\tif (!f._fbq) f._fbq = n;\n\t\t\tn.push = n;\n\t\t\tn.loaded = !0;\n\t\t\tn.version = '2.0';\n\t\t\tn.queue = [];\n\t\t\tt = b.createElement(e);\n\t\t\tt.async = !0;\n\t\t\tt.src = v;\n\t\t\ts = b.getElementsByTagName(e)[0];\n\t\t\ts.parentNode.insertBefore(t, s)\n\t\t}(window, document, 'script',\n\t\t\t'https:\/\/connect.facebook.net\/en_US\/fbevents.js');\n\t\tfbq('init', '338315473262380');\n\t\tfbq('track', 'PageView');\n\t<\/script><br \/>\n<br \/><br \/>\n<br \/><a href=\"https:\/\/catracalivre.com.br\/educacao\/fundec-abre-inscricoes-para-cursos-gratuitos-veja-requisitos\/\">Source link <\/a><\/p>\n<div class='code-block code-block-4' style='margin: 8px auto 8px 0; text-align: left; display: block; clear: both;'>\n\ud83d\udce2 Aviso Legal\n\nO site ismaelcolosi.com.br atua apenas como um canal de divulga\u00e7\u00e3o de oportunidades de emprego e n\u00e3o se responsabiliza pelo processo seletivo, contrata\u00e7\u00e3o ou qualquer outra etapa relacionada \u00e0s vagas publicadas. Todas as informa\u00e7\u00f5es s\u00e3o de responsabilidade dos anunciantes.\n\n\u26a0\ufe0f Aten\u00e7\u00e3o! Nunca pague por promessas de emprego nem compre cursos que garantam contrata\u00e7\u00e3o. Desconfie de qualquer cobran\u00e7a para participar de sele\u00e7\u00f5es.\n\n\n\n<\/div>\n<!-- CONTENT END 1 -->\n","protected":false},"excerpt":{"rendered":"<p>A Funda\u00e7\u00e3o de Desenvolvimento Cultural (Fundec) de Sorocaba, no interior de SP, est\u00e1 com inscri\u00e7\u00f5es abertas para o processo seletivo de cursos gratuitos oferecidos pelo&#8230;<\/p>\n","protected":false},"author":1,"featured_media":5125,"comment_status":"open","ping_status":"open","sticky":false,"template":"","format":"standard","meta":{"_uag_custom_page_level_css":"","advanced_seo_description":"","jetpack_seo_html_title":"","jetpack_seo_noindex":false,"jetpack_post_was_ever_published":false,"_jetpack_newsletter_access":"","_jetpack_dont_email_post_to_subs":false,"_jetpack_newsletter_tier_id":0,"_jetpack_memberships_contains_paywalled_content":false,"_jetpack_memberships_contains_paid_content":false,"footnotes":"","jetpack_publicize_message":"","jetpack_publicize_feature_enabled":true,"jetpack_social_post_already_shared":true,"jetpack_social_options":{"image_generator_settings":{"template":"highway","default_image_id":0,"font":"","enabled":false},"version":2}},"categories":[19],"tags":[],"class_list":["post-5124","post","type-post","status-publish","format-standard","has-post-thumbnail","hentry","category-variedades"],"jetpack_publicize_connections":[],"jetpack_featured_media_url":"https:\/\/i0.wp.com\/ismaelcolosi.com.br\/wp-content\/uploads\/2023\/11\/fundec-cursos-gratuitos.jpg?fit=1200%2C638&ssl=1","uagb_featured_image_src":{"full":["https:\/\/i0.wp.com\/ismaelcolosi.com.br\/wp-content\/uploads\/2023\/11\/fundec-cursos-gratuitos.jpg?fit=1200%2C638&ssl=1",1200,638,false],"thumbnail":["https:\/\/i0.wp.com\/ismaelcolosi.com.br\/wp-content\/uploads\/2023\/11\/fundec-cursos-gratuitos.jpg?resize=150%2C150&ssl=1",150,150,true],"medium":["https:\/\/i0.wp.com\/ismaelcolosi.com.br\/wp-content\/uploads\/2023\/11\/fundec-cursos-gratuitos.jpg?fit=300%2C160&ssl=1",300,160,true],"medium_large":["https:\/\/i0.wp.com\/ismaelcolosi.com.br\/wp-content\/uploads\/2023\/11\/fundec-cursos-gratuitos.jpg?fit=768%2C408&ssl=1",768,408,true],"large":["https:\/\/i0.wp.com\/ismaelcolosi.com.br\/wp-content\/uploads\/2023\/11\/fundec-cursos-gratuitos.jpg?fit=1024%2C544&ssl=1",1024,544,true],"1536x1536":["https:\/\/i0.wp.com\/ismaelcolosi.com.br\/wp-content\/uploads\/2023\/11\/fundec-cursos-gratuitos.jpg?fit=1200%2C638&ssl=1",1200,638,true],"2048x2048":["https:\/\/i0.wp.com\/ismaelcolosi.com.br\/wp-content\/uploads\/2023\/11\/fundec-cursos-gratuitos.jpg?fit=1200%2C638&ssl=1",1200,638,true],"really-simple-thumb":["https:\/\/i0.wp.com\/ismaelcolosi.com.br\/wp-content\/uploads\/2023\/11\/fundec-cursos-gratuitos.jpg?resize=370%2C247&ssl=1",370,247,true]},"uagb_author_info":{"display_name":"ismaelcolosi.com.br","author_link":"https:\/\/ismaelcolosi.com.br\/index.php\/author\/vidareal-online\/"},"uagb_comment_info":0,"uagb_excerpt":"A Funda\u00e7\u00e3o de Desenvolvimento Cultural (Fundec) de Sorocaba, no interior de SP, est\u00e1 com inscri\u00e7\u00f5es abertas para o processo seletivo de cursos gratuitos oferecidos pelo...","jetpack-related-posts":[{"id":13100,"url":"https:\/\/ismaelcolosi.com.br\/index.php\/2023\/12\/09\/senai-abre-vagas-em-cursos-tecnicos-gratuitos-no-interior-de-sp\/","url_meta":{"origin":5124,"position":0},"title":"Senai abre vagas em cursos t\u00e9cnicos gratuitos no interior de SP","author":"ismaelcolosi.com.br","date":"9 de December de 2023","format":false,"excerpt":"O Servi\u00e7o Nacional de Aprendizagem Industrial em S\u00e3o Paulo (Senai-SP) est\u00e1 com inscri\u00e7\u00f5es abertas para mais de 40 cursos t\u00e9cnicos gratuitos de curta dura\u00e7\u00e3o no interior do estado. As vagas s\u00e3o para cursos presencial e na modalidade de ensino a dist\u00e2ncia (EaD). Cr\u00e9ditos: Divulga\u00e7\u00e3oSenai est\u00e1 com inscri\u00e7\u00f5es abertas para cursos\u2026","rel":"","context":"In &quot;Variedades&quot;","block_context":{"text":"Variedades","link":"https:\/\/ismaelcolosi.com.br\/index.php\/category\/variedades\/"},"img":{"alt_text":"","src":"https:\/\/i0.wp.com\/ismaelcolosi.com.br\/wp-content\/uploads\/2023\/12\/cursos-gratuitos-senai-botucatu.jpg?fit=1200%2C638&ssl=1&resize=350%2C200","width":350,"height":200,"srcset":"https:\/\/i0.wp.com\/ismaelcolosi.com.br\/wp-content\/uploads\/2023\/12\/cursos-gratuitos-senai-botucatu.jpg?fit=1200%2C638&ssl=1&resize=350%2C200 1x, https:\/\/i0.wp.com\/ismaelcolosi.com.br\/wp-content\/uploads\/2023\/12\/cursos-gratuitos-senai-botucatu.jpg?fit=1200%2C638&ssl=1&resize=525%2C300 1.5x, https:\/\/i0.wp.com\/ismaelcolosi.com.br\/wp-content\/uploads\/2023\/12\/cursos-gratuitos-senai-botucatu.jpg?fit=1200%2C638&ssl=1&resize=700%2C400 2x, https:\/\/i0.wp.com\/ismaelcolosi.com.br\/wp-content\/uploads\/2023\/12\/cursos-gratuitos-senai-botucatu.jpg?fit=1200%2C638&ssl=1&resize=1050%2C600 3x"},"classes":[]},{"id":26341,"url":"https:\/\/ismaelcolosi.com.br\/index.php\/2024\/01\/09\/funtec-abre-600-vagas-para-cursos-de-qualificacao\/","url_meta":{"origin":5124,"position":1},"title":"Funtec abre 600 vagas para cursos de qualifica\u00e7\u00e3o","author":"ismaelcolosi.com.br","date":"9 de January de 2024","format":false,"excerpt":"9 de janeiro de 2024 | 19:08 0O ano de 2024 come\u00e7a com oportunidades de qualifica\u00e7\u00e3o e aprimoramento profissional. A Funda\u00e7\u00e3o de Forma\u00e7\u00e3o Tecnol\u00f3gica de Ribeir\u00e3o Preto (Funtec), institui\u00e7\u00e3o ligada \u00e0 Prefeitura Municipal, est\u00e1 com 600 vagas abertas para 29 cursos.Os cursos s\u00e3o de gra\u00e7a, inclusive o material de apoio\u2026","rel":"","context":"In &quot;Not\u00edcias de Ribeir\u00e3o Preto-SP e Regi\u00e3o&quot;","block_context":{"text":"Not\u00edcias de Ribeir\u00e3o Preto-SP e Regi\u00e3o","link":"https:\/\/ismaelcolosi.com.br\/index.php\/category\/noticias-de-ribeirao-preto-sp-e-regiao-ismael-colosi\/"},"img":{"alt_text":"","src":"https:\/\/i0.wp.com\/ismaelcolosi.com.br\/wp-content\/uploads\/2024\/01\/funtec_17_02_22_3_foto_fernando_gonzaga-scaled.jpg?fit=970%2C645&ssl=1&resize=350%2C200","width":350,"height":200,"srcset":"https:\/\/i0.wp.com\/ismaelcolosi.com.br\/wp-content\/uploads\/2024\/01\/funtec_17_02_22_3_foto_fernando_gonzaga-scaled.jpg?fit=970%2C645&ssl=1&resize=350%2C200 1x, https:\/\/i0.wp.com\/ismaelcolosi.com.br\/wp-content\/uploads\/2024\/01\/funtec_17_02_22_3_foto_fernando_gonzaga-scaled.jpg?fit=970%2C645&ssl=1&resize=525%2C300 1.5x, https:\/\/i0.wp.com\/ismaelcolosi.com.br\/wp-content\/uploads\/2024\/01\/funtec_17_02_22_3_foto_fernando_gonzaga-scaled.jpg?fit=970%2C645&ssl=1&resize=700%2C400 2x"},"classes":[]},{"id":26469,"url":"https:\/\/ismaelcolosi.com.br\/index.php\/2024\/01\/10\/a-funtec-comeca-o-ano-com-varias-opcoes-de-qualificacao\/","url_meta":{"origin":5124,"position":2},"title":"A Funtec come\u00e7a o ano com v\u00e1rias op\u00e7\u00f5es de qualifica\u00e7\u00e3o \u2013 Folha de Ribeir\u00e3o","author":"ismaelcolosi.com.br","date":"10 de January de 2024","format":false,"excerpt":"O ano de 2024 come\u00e7a com oportunidades de qualifica\u00e7\u00e3o e aprimoramento profissional. A Funda\u00e7\u00e3o de Forma\u00e7\u00e3o Tecnol\u00f3gica de Ribeir\u00e3o Preto (Funtec), institui\u00e7\u00e3o ligada \u00e0 Prefeitura Municipal, est\u00e1 com 600 vagas abertas para 29 cursos. Os cursos s\u00e3o de gra\u00e7a, inclusive o material de apoio para o ensino e aprendizagem, e\u2026","rel":"","context":"In &quot;Not\u00edcias de Ribeir\u00e3o Preto-SP e Regi\u00e3o&quot;","block_context":{"text":"Not\u00edcias de Ribeir\u00e3o Preto-SP e Regi\u00e3o","link":"https:\/\/ismaelcolosi.com.br\/index.php\/category\/noticias-de-ribeirao-preto-sp-e-regiao-ismael-colosi\/"},"img":{"alt_text":"","src":"https:\/\/i0.wp.com\/ismaelcolosi.com.br\/wp-content\/uploads\/2024\/01\/novas_turmas_funtec_-_foto_fernando_gonzaga_4.jpg?fit=1200%2C800&ssl=1&resize=350%2C200","width":350,"height":200,"srcset":"https:\/\/i0.wp.com\/ismaelcolosi.com.br\/wp-content\/uploads\/2024\/01\/novas_turmas_funtec_-_foto_fernando_gonzaga_4.jpg?fit=1200%2C800&ssl=1&resize=350%2C200 1x, https:\/\/i0.wp.com\/ismaelcolosi.com.br\/wp-content\/uploads\/2024\/01\/novas_turmas_funtec_-_foto_fernando_gonzaga_4.jpg?fit=1200%2C800&ssl=1&resize=525%2C300 1.5x, https:\/\/i0.wp.com\/ismaelcolosi.com.br\/wp-content\/uploads\/2024\/01\/novas_turmas_funtec_-_foto_fernando_gonzaga_4.jpg?fit=1200%2C800&ssl=1&resize=700%2C400 2x, https:\/\/i0.wp.com\/ismaelcolosi.com.br\/wp-content\/uploads\/2024\/01\/novas_turmas_funtec_-_foto_fernando_gonzaga_4.jpg?fit=1200%2C800&ssl=1&resize=1050%2C600 3x"},"classes":[]},{"id":11054,"url":"https:\/\/ismaelcolosi.com.br\/index.php\/2023\/12\/05\/ufscar-recebe-inscricoes-em-8-cursos-gratuitos-de-pos-graduacao\/","url_meta":{"origin":5124,"position":3},"title":"UFSCar recebe inscri\u00e7\u00f5es em 8 cursos gratuitos de p\u00f3s-gradua\u00e7\u00e3o","author":"ismaelcolosi.com.br","date":"5 de December de 2023","format":false,"excerpt":"A Universidade Federal de S\u00e3o Carlos (UFSCar) est\u00e1 com inscri\u00e7\u00f5es abertas em oito cursos gratuitos de p\u00f3s-gradua\u00e7\u00e3o \u2013todos com certificado ao final. Ao todo, s\u00e3o 357 vagas ofertadas, distribu\u00eddas entre mestrado e doutorado. Cr\u00e9ditos: Milanetto\/Divulga\u00e7\u00e3oUFSCar recebe inscri\u00e7\u00f5es em 8 cursos gratuitos de p\u00f3s-gradua\u00e7\u00e3o Para conferir detalhes a respeito dos programas\u2026","rel":"","context":"In &quot;Variedades&quot;","block_context":{"text":"Variedades","link":"https:\/\/ismaelcolosi.com.br\/index.php\/category\/variedades\/"},"img":{"alt_text":"","src":"https:\/\/i0.wp.com\/ismaelcolosi.com.br\/wp-content\/uploads\/2023\/12\/ufscar-cursos-gratuitos-scaled.jpg?fit=1200%2C638&ssl=1&resize=350%2C200","width":350,"height":200,"srcset":"https:\/\/i0.wp.com\/ismaelcolosi.com.br\/wp-content\/uploads\/2023\/12\/ufscar-cursos-gratuitos-scaled.jpg?fit=1200%2C638&ssl=1&resize=350%2C200 1x, https:\/\/i0.wp.com\/ismaelcolosi.com.br\/wp-content\/uploads\/2023\/12\/ufscar-cursos-gratuitos-scaled.jpg?fit=1200%2C638&ssl=1&resize=525%2C300 1.5x, https:\/\/i0.wp.com\/ismaelcolosi.com.br\/wp-content\/uploads\/2023\/12\/ufscar-cursos-gratuitos-scaled.jpg?fit=1200%2C638&ssl=1&resize=700%2C400 2x, https:\/\/i0.wp.com\/ismaelcolosi.com.br\/wp-content\/uploads\/2023\/12\/ufscar-cursos-gratuitos-scaled.jpg?fit=1200%2C638&ssl=1&resize=1050%2C600 3x"},"classes":[]},{"id":12673,"url":"https:\/\/ismaelcolosi.com.br\/index.php\/2023\/12\/08\/usp-esta-com-inscricoes-abertas-para-48-cursos-gratuitos-veja-a-lista\/","url_meta":{"origin":5124,"position":4},"title":"USP est\u00e1 com inscri\u00e7\u00f5es abertas para 48 cursos gratuitos; veja a lista","author":"ismaelcolosi.com.br","date":"8 de December de 2023","format":false,"excerpt":"Cr\u00e9ditos: Cec\u00edlia Bastos\/USP ImagensCursos gratuitos para realizar na USPEm um mundo onde a forma\u00e7\u00e3o cont\u00ednua \u00e9 a chave para o sucesso profissional, surgem oportunidades interessantes como os cursos gratuitos oferecidos pela Universidade de S\u00e3o Paulo (USP), que est\u00e3o com inscri\u00e7\u00f5es abertas.A USP \u00e9 uma das universidades mais respeitadas e tem\u2026","rel":"","context":"In &quot;Variedades&quot;","block_context":{"text":"Variedades","link":"https:\/\/ismaelcolosi.com.br\/index.php\/category\/variedades\/"},"img":{"alt_text":"","src":"https:\/\/i0.wp.com\/ismaelcolosi.com.br\/wp-content\/uploads\/2023\/12\/fotos-catraca-2023-12-08t104530672.png?fit=1200%2C638&ssl=1&resize=350%2C200","width":350,"height":200,"srcset":"https:\/\/i0.wp.com\/ismaelcolosi.com.br\/wp-content\/uploads\/2023\/12\/fotos-catraca-2023-12-08t104530672.png?fit=1200%2C638&ssl=1&resize=350%2C200 1x, https:\/\/i0.wp.com\/ismaelcolosi.com.br\/wp-content\/uploads\/2023\/12\/fotos-catraca-2023-12-08t104530672.png?fit=1200%2C638&ssl=1&resize=525%2C300 1.5x, https:\/\/i0.wp.com\/ismaelcolosi.com.br\/wp-content\/uploads\/2023\/12\/fotos-catraca-2023-12-08t104530672.png?fit=1200%2C638&ssl=1&resize=700%2C400 2x, https:\/\/i0.wp.com\/ismaelcolosi.com.br\/wp-content\/uploads\/2023\/12\/fotos-catraca-2023-12-08t104530672.png?fit=1200%2C638&ssl=1&resize=1050%2C600 3x"},"classes":[]},{"id":28336,"url":"https:\/\/ismaelcolosi.com.br\/index.php\/2024\/01\/15\/ribeirao-preto-tem-inscricoes-para-cursos-gratuitos-de-musica-danca-e-teatro\/","url_meta":{"origin":5124,"position":5},"title":"Ribeir\u00e3o Preto tem inscri\u00e7\u00f5es para cursos gratuitos de m\u00fasica, dan\u00e7a e teatro","author":"ismaelcolosi.com.br","date":"15 de January de 2024","format":false,"excerpt":"A Alma (Academia Livre de M\u00fasica e Artes) de Ribeir\u00e3o Preto abriu nesta segunda-feira (18) as inscri\u00e7\u00f5es para cursos gratuitos de dan\u00e7a, m\u00fasica e teatro. As inscri\u00e7\u00f5es podem ser realizadas at\u00e9 o dia 2 de fevereiro pelo site (clique aqui). O processo de audi\u00e7\u00e3o do curso varia conforme a modalidade\u2026","rel":"","context":"In &quot;Not\u00edcias de Ribeir\u00e3o Preto-SP e Regi\u00e3o&quot;","block_context":{"text":"Not\u00edcias de Ribeir\u00e3o Preto-SP e Regi\u00e3o","link":"https:\/\/ismaelcolosi.com.br\/index.php\/category\/noticias-de-ribeirao-preto-sp-e-regiao-ismael-colosi\/"},"img":{"alt_text":"","src":"https:\/\/i0.wp.com\/ismaelcolosi.com.br\/wp-content\/uploads\/2024\/01\/foto_foto-20200511171145img-8965.jpg?fit=900%2C600&ssl=1&resize=350%2C200","width":350,"height":200,"srcset":"https:\/\/i0.wp.com\/ismaelcolosi.com.br\/wp-content\/uploads\/2024\/01\/foto_foto-20200511171145img-8965.jpg?fit=900%2C600&ssl=1&resize=350%2C200 1x, https:\/\/i0.wp.com\/ismaelcolosi.com.br\/wp-content\/uploads\/2024\/01\/foto_foto-20200511171145img-8965.jpg?fit=900%2C600&ssl=1&resize=525%2C300 1.5x, https:\/\/i0.wp.com\/ismaelcolosi.com.br\/wp-content\/uploads\/2024\/01\/foto_foto-20200511171145img-8965.jpg?fit=900%2C600&ssl=1&resize=700%2C400 2x"},"classes":[]}],"jetpack_sharing_enabled":true,"jetpack_shortlink":"https:\/\/wp.me\/pfMlyK-1kE","_links":{"self":[{"href":"https:\/\/ismaelcolosi.com.br\/index.php\/wp-json\/wp\/v2\/posts\/5124","targetHints":{"allow":["GET"]}}],"collection":[{"href":"https:\/\/ismaelcolosi.com.br\/index.php\/wp-json\/wp\/v2\/posts"}],"about":[{"href":"https:\/\/ismaelcolosi.com.br\/index.php\/wp-json\/wp\/v2\/types\/post"}],"author":[{"embeddable":true,"href":"https:\/\/ismaelcolosi.com.br\/index.php\/wp-json\/wp\/v2\/users\/1"}],"replies":[{"embeddable":true,"href":"https:\/\/ismaelcolosi.com.br\/index.php\/wp-json\/wp\/v2\/comments?post=5124"}],"version-history":[{"count":0,"href":"https:\/\/ismaelcolosi.com.br\/index.php\/wp-json\/wp\/v2\/posts\/5124\/revisions"}],"wp:featuredmedia":[{"embeddable":true,"href":"https:\/\/ismaelcolosi.com.br\/index.php\/wp-json\/wp\/v2\/media\/5125"}],"wp:attachment":[{"href":"https:\/\/ismaelcolosi.com.br\/index.php\/wp-json\/wp\/v2\/media?parent=5124"}],"wp:term":[{"taxonomy":"category","embeddable":true,"href":"https:\/\/ismaelcolosi.com.br\/index.php\/wp-json\/wp\/v2\/categories?post=5124"},{"taxonomy":"post_tag","embeddable":true,"href":"https:\/\/ismaelcolosi.com.br\/index.php\/wp-json\/wp\/v2\/tags?post=5124"}],"curies":[{"name":"wp","href":"https:\/\/api.w.org\/{rel}","templated":true}]}}