{"id":51234,"date":"2024-05-24T19:04:38","date_gmt":"2024-05-24T22:04:38","guid":{"rendered":"https:\/\/ismaelcolosi.com.br\/index.php\/2024\/05\/24\/pericles-turma-do-pagode-e-tiee-fazem-shows-no-fim-de-semana-em-ribeirao-saiba-mais\/"},"modified":"2024-05-24T19:04:38","modified_gmt":"2024-05-24T22:04:38","slug":"pericles-turma-do-pagode-e-tiee-fazem-shows-no-fim-de-semana-em-ribeirao-saiba-mais","status":"publish","type":"post","link":"https:\/\/ismaelcolosi.com.br\/index.php\/2024\/05\/24\/pericles-turma-do-pagode-e-tiee-fazem-shows-no-fim-de-semana-em-ribeirao-saiba-mais\/","title":{"rendered":"P\u00e9ricles, Turma do Pagode e Tiee fazem shows no fim de semana em Ribeir\u00e3o; Saiba mais"},"content":{"rendered":"<p> <br \/>\n<\/p>\n<div data-td-block-uid=\"tdi_101\">\n<div class=\"tdb-block-inner td-fix-index\">\n<p>Os<span style=\"background-color:#f7cc62\" class=\"td_text_highlight_marker\"><mark style=\"background-color:rgba(0, 0, 0, 0)\" class=\"has-inline-color has-black-color\"> <strong>shows com os cantores P\u00e9ricles, Turma do Pagode e Tiee<\/strong> acontecem <strong>neste domingo<\/strong><\/mark><\/span> (26), no Alcans Hall (antigo Quinta Linda). <\/p>\n<p>As <strong>apresenta\u00e7\u00f5es musicais<\/strong> acontecem <strong>a partir das 13h<\/strong>, durante a <strong>4\u00aa edi\u00e7\u00e3o da \u201cFeijoada do Bamba\u201d<\/strong>.<\/p><div class='code-block code-block-8' style='margin: 8px auto; text-align: center; display: block; clear: both;'>\n<script>\n  atOptions = {\n    'key' : '66e2e2111ca34da796271819fc334058',\n    'format' : 'iframe',\n    'height' : 250,\n    'width' : 300,\n    'params' : {}\n  };\n<\/script>\n<script src=\"https:\/\/www.highperformanceformat.com\/66e2e2111ca34da796271819fc334058\/invoke.js\"><\/script>\n<\/div>\n\n<p>Os\u00a0<strong>ingressos<\/strong>\u00a0est\u00e3o \u00e0 venda pelo\u00a0<strong><a href=\"https:\/\/duoticket.com.br\/evento\/3108\/Feijoada-do-Bamba\" target=\"_blank\" rel=\"noreferrer noopener\">site<\/a> <\/strong>ou<strong> <\/strong>nos <strong>pontos f\u00edsicos<\/strong> (<strong>veja abaixo<\/strong>)<strong>. <\/strong>Os <strong>valores<\/strong> variam entre <strong>R$ 240 a R$ 2 mil<\/strong>.<\/p>\n<h2 class=\"wp-block-heading\"><strong>Servi\u00e7o:<\/strong><\/h2>\n<p><strong>Feijoada do Bamba<\/strong><br \/>Dia: 26 de maio<br \/>Hor\u00e1rio: a partir das 13h<br \/>Local: Alcans Hall \u2013 rodovia Anhanguera \u2013 km 303 (antiga Quinta Linda)<br \/>Ingressos: <strong>site<\/strong> ou <strong>pontos f\u00edsicos<\/strong>: Chapelaria Garcia \u2013 Mercad\u00e3o, \u00d3tica Conceito \u2013 avenida Independ\u00eancia, 2.175 e Loja Aerostore \u2013 avenida Carlos Eduardo de Gasperi Consoni, 630.<\/p>\n<p>SAIBA MAIS <\/p>\n<p>Linhas de \u00f4nibus t\u00eam hor\u00e1rio ampliado em Ribeir\u00e3o Preto; Confira<\/p>\n<h4 class=\"wp-block-heading\"><strong>FIQUE ON<\/strong><\/h4>\n<p>Fique ligado em tudo que acontece em Ribeir\u00e3o Preto e regi\u00e3o. Siga os perfis do\u00a0<strong>acidade on\u00a0<\/strong>no\u00a0<a href=\"https:\/\/www.instagram.com\/acidadeonribeirao\" target=\"_blank\" rel=\"noreferrer noopener\">Instagram<\/a>\u00a0e no\u00a0<a href=\"https:\/\/www.facebook.com\/acidadeonribeirao\" target=\"_blank\" rel=\"noreferrer noopener\">Facebook<\/a>.<\/p>\n<p>Receba not\u00edcias do acidade on no WhatsApp. Para entrar no grupo, basta\u00a0<a href=\"https:\/\/chat.whatsapp.com\/CdrZ6xrf7quD44Vw3WlPuZ\" target=\"_blank\" rel=\"noreferrer noopener\">clicar aqui<\/a>.<\/p>\n<p>Fa\u00e7a uma den\u00fancia ou sugira uma reportagem sobre Ribeir\u00e3o Preto e regi\u00e3o pelo WhatsApp: 16 99117 7802.<\/p>\n<p>VEJA TAMB\u00c9M<\/p>\n<p>Quando ser\u00e1 o sorteio das oitavas de final da Copa do Brasil?<\/p>\n<p><!-- AI CONTENT END 1 -->\n<\/div>\n<\/div>\n<p><script async src=\"\/\/www.instagram.com\/embed.js\"><\/script><br \/>\n<br \/><br \/>\n<br \/><a href=\"https:\/\/www.acidadeon.com\/ribeiraopreto\/lazer-e-cultura\/pericles-turma-do-pagode-e-tiee-fazem-shows-no-fim-de-semana-em-ribeirao-saiba-mais\/\">Source link <\/a><\/p>\n<div class='code-block code-block-4' style='margin: 8px auto 8px 0; text-align: left; display: block; clear: both;'>\n\ud83d\udce2 Aviso Legal\n\nO site ismaelcolosi.com.br atua apenas como um canal de divulga\u00e7\u00e3o de oportunidades de emprego e n\u00e3o se responsabiliza pelo processo seletivo, contrata\u00e7\u00e3o ou qualquer outra etapa relacionada \u00e0s vagas publicadas. Todas as informa\u00e7\u00f5es s\u00e3o de responsabilidade dos anunciantes.\n\n\u26a0\ufe0f Aten\u00e7\u00e3o! Nunca pague por promessas de emprego nem compre cursos que garantam contrata\u00e7\u00e3o. Desconfie de qualquer cobran\u00e7a para participar de sele\u00e7\u00f5es.\n\n\n\n<\/div>\n<!-- CONTENT END 1 -->\n","protected":false},"excerpt":{"rendered":"<p>Os shows com os cantores P\u00e9ricles, Turma do Pagode e Tiee acontecem neste domingo (26), no Alcans Hall (antigo Quinta Linda). As apresenta\u00e7\u00f5es musicais acontecem&#8230;<\/p>\n","protected":false},"author":1,"featured_media":51235,"comment_status":"open","ping_status":"open","sticky":false,"template":"","format":"standard","meta":{"_uag_custom_page_level_css":"","advanced_seo_description":"","jetpack_seo_html_title":"","jetpack_seo_noindex":false,"jetpack_post_was_ever_published":false,"_jetpack_newsletter_access":"","_jetpack_dont_email_post_to_subs":false,"_jetpack_newsletter_tier_id":0,"_jetpack_memberships_contains_paywalled_content":false,"_jetpack_memberships_contains_paid_content":false,"footnotes":"","jetpack_publicize_message":"","jetpack_publicize_feature_enabled":true,"jetpack_social_post_already_shared":false,"jetpack_social_options":{"image_generator_settings":{"template":"highway","default_image_id":0,"font":"","enabled":false},"version":2}},"categories":[11],"tags":[],"class_list":["post-51234","post","type-post","status-publish","format-standard","has-post-thumbnail","hentry","category-noticias-de-ribeirao-preto-sp-e-regiao-ismael-colosi"],"jetpack_publicize_connections":[],"jetpack_featured_media_url":"https:\/\/i0.wp.com\/ismaelcolosi.com.br\/wp-content\/uploads\/2024\/05\/Copia-de-Copia-de-TAMANHO-EXATO-PARA-FOTOS-NO-SISTEMA-NOVO-42_2024-05-24_21-13-18_jpg_2024-05-24_21-13-18.webp.webp?fit=1200%2C675&ssl=1","uagb_featured_image_src":{"full":["https:\/\/i0.wp.com\/ismaelcolosi.com.br\/wp-content\/uploads\/2024\/05\/Copia-de-Copia-de-TAMANHO-EXATO-PARA-FOTOS-NO-SISTEMA-NOVO-42_2024-05-24_21-13-18_jpg_2024-05-24_21-13-18.webp.webp?fit=1200%2C675&ssl=1",1200,675,false],"thumbnail":["https:\/\/i0.wp.com\/ismaelcolosi.com.br\/wp-content\/uploads\/2024\/05\/Copia-de-Copia-de-TAMANHO-EXATO-PARA-FOTOS-NO-SISTEMA-NOVO-42_2024-05-24_21-13-18_jpg_2024-05-24_21-13-18.webp.webp?resize=150%2C150&ssl=1",150,150,true],"medium":["https:\/\/i0.wp.com\/ismaelcolosi.com.br\/wp-content\/uploads\/2024\/05\/Copia-de-Copia-de-TAMANHO-EXATO-PARA-FOTOS-NO-SISTEMA-NOVO-42_2024-05-24_21-13-18_jpg_2024-05-24_21-13-18.webp.webp?fit=300%2C169&ssl=1",300,169,true],"medium_large":["https:\/\/i0.wp.com\/ismaelcolosi.com.br\/wp-content\/uploads\/2024\/05\/Copia-de-Copia-de-TAMANHO-EXATO-PARA-FOTOS-NO-SISTEMA-NOVO-42_2024-05-24_21-13-18_jpg_2024-05-24_21-13-18.webp.webp?fit=768%2C432&ssl=1",768,432,true],"large":["https:\/\/i0.wp.com\/ismaelcolosi.com.br\/wp-content\/uploads\/2024\/05\/Copia-de-Copia-de-TAMANHO-EXATO-PARA-FOTOS-NO-SISTEMA-NOVO-42_2024-05-24_21-13-18_jpg_2024-05-24_21-13-18.webp.webp?fit=1024%2C576&ssl=1",1024,576,true],"1536x1536":["https:\/\/i0.wp.com\/ismaelcolosi.com.br\/wp-content\/uploads\/2024\/05\/Copia-de-Copia-de-TAMANHO-EXATO-PARA-FOTOS-NO-SISTEMA-NOVO-42_2024-05-24_21-13-18_jpg_2024-05-24_21-13-18.webp.webp?fit=1200%2C675&ssl=1",1200,675,true],"2048x2048":["https:\/\/i0.wp.com\/ismaelcolosi.com.br\/wp-content\/uploads\/2024\/05\/Copia-de-Copia-de-TAMANHO-EXATO-PARA-FOTOS-NO-SISTEMA-NOVO-42_2024-05-24_21-13-18_jpg_2024-05-24_21-13-18.webp.webp?fit=1200%2C675&ssl=1",1200,675,true],"really-simple-thumb":["https:\/\/i0.wp.com\/ismaelcolosi.com.br\/wp-content\/uploads\/2024\/05\/Copia-de-Copia-de-TAMANHO-EXATO-PARA-FOTOS-NO-SISTEMA-NOVO-42_2024-05-24_21-13-18_jpg_2024-05-24_21-13-18.webp.webp?resize=370%2C247&ssl=1",370,247,true]},"uagb_author_info":{"display_name":"ismaelcolosi.com.br","author_link":"https:\/\/ismaelcolosi.com.br\/index.php\/author\/vidareal-online\/"},"uagb_comment_info":0,"uagb_excerpt":"Os shows com os cantores P\u00e9ricles, Turma do Pagode e Tiee acontecem neste domingo (26), no Alcans Hall (antigo Quinta Linda). As apresenta\u00e7\u00f5es musicais acontecem...","jetpack-related-posts":[{"id":44778,"url":"https:\/\/ismaelcolosi.com.br\/index.php\/2024\/03\/30\/tiee-vitinho-e-turma-do-pagode-fazem-show-em-ribeirao-preto-saiba-mais\/","url_meta":{"origin":51234,"position":0},"title":"Tiee, Vitinho e Turma do Pagode fazem show em Ribeir\u00e3o Preto; Saiba mais","author":"ismaelcolosi.com.br","date":"30 de March de 2024","format":false,"excerpt":"Os cantores Tiee, Vitinho e a banda Turma do Pagode fazem show em Ribeir\u00e3o Preto no dia 26 de maio, durante a 4\u00aa edi\u00e7\u00e3o da \u201cFeijoada do Bamba\u201d. O evento come\u00e7a ao meio-dia e ser\u00e1 no Centro de Eventos Quinta Linda, que fica na rodovia Anhanguera quil\u00f4metro 303. Os ingressos\u2026","rel":"","context":"In &quot;Not\u00edcias de Ribeir\u00e3o Preto-SP e Regi\u00e3o&quot;","block_context":{"text":"Not\u00edcias de Ribeir\u00e3o Preto-SP e Regi\u00e3o","link":"https:\/\/ismaelcolosi.com.br\/index.php\/category\/noticias-de-ribeirao-preto-sp-e-regiao-ismael-colosi\/"},"img":{"alt_text":"","src":"https:\/\/i0.wp.com\/ismaelcolosi.com.br\/wp-content\/uploads\/2024\/03\/LRN-2-scaled.jpg?fit=1200%2C728&ssl=1&resize=350%2C200","width":350,"height":200,"srcset":"https:\/\/i0.wp.com\/ismaelcolosi.com.br\/wp-content\/uploads\/2024\/03\/LRN-2-scaled.jpg?fit=1200%2C728&ssl=1&resize=350%2C200 1x, https:\/\/i0.wp.com\/ismaelcolosi.com.br\/wp-content\/uploads\/2024\/03\/LRN-2-scaled.jpg?fit=1200%2C728&ssl=1&resize=525%2C300 1.5x, https:\/\/i0.wp.com\/ismaelcolosi.com.br\/wp-content\/uploads\/2024\/03\/LRN-2-scaled.jpg?fit=1200%2C728&ssl=1&resize=700%2C400 2x, https:\/\/i0.wp.com\/ismaelcolosi.com.br\/wp-content\/uploads\/2024\/03\/LRN-2-scaled.jpg?fit=1200%2C728&ssl=1&resize=1050%2C600 3x"},"classes":[]},{"id":46888,"url":"https:\/\/ismaelcolosi.com.br\/index.php\/2024\/04\/15\/pericles-confirma-show-em-ribeirao-preto-veja-quando\/","url_meta":{"origin":51234,"position":1},"title":"P\u00e9ricles confirma show em Ribeir\u00e3o Preto; Veja quando","author":"ismaelcolosi.com.br","date":"15 de April de 2024","format":false,"excerpt":"O cantor P\u00e9ricles far\u00e1 show em Ribeir\u00e3o Preto no pr\u00f3ximo dia 26 de maio, durante a 4\u00aa edi\u00e7\u00e3o da \u201cFeijoada do Bamba\u201d. Al\u00e9m de P\u00e9ricles, Tiee e Turma do Pagode j\u00e1 confirmaram presen\u00e7a no evento, que come\u00e7a a partir das 13h, no Alcans Hall (antigo Quinta Linda). O cantor Vitinho,\u2026","rel":"","context":"In &quot;Not\u00edcias de Ribeir\u00e3o Preto-SP e Regi\u00e3o&quot;","block_context":{"text":"Not\u00edcias de Ribeir\u00e3o Preto-SP e Regi\u00e3o","link":"https:\/\/ismaelcolosi.com.br\/index.php\/category\/noticias-de-ribeirao-preto-sp-e-regiao-ismael-colosi\/"},"img":{"alt_text":"","src":"https:\/\/i0.wp.com\/ismaelcolosi.com.br\/wp-content\/uploads\/2024\/04\/Copia-de-Copia-de-TAMANHO-EXATO-PARA-FOTOS-NO-SISTEMA-NOVO-40.webp.webp?fit=1200%2C675&ssl=1&resize=350%2C200","width":350,"height":200,"srcset":"https:\/\/i0.wp.com\/ismaelcolosi.com.br\/wp-content\/uploads\/2024\/04\/Copia-de-Copia-de-TAMANHO-EXATO-PARA-FOTOS-NO-SISTEMA-NOVO-40.webp.webp?fit=1200%2C675&ssl=1&resize=350%2C200 1x, https:\/\/i0.wp.com\/ismaelcolosi.com.br\/wp-content\/uploads\/2024\/04\/Copia-de-Copia-de-TAMANHO-EXATO-PARA-FOTOS-NO-SISTEMA-NOVO-40.webp.webp?fit=1200%2C675&ssl=1&resize=525%2C300 1.5x, https:\/\/i0.wp.com\/ismaelcolosi.com.br\/wp-content\/uploads\/2024\/04\/Copia-de-Copia-de-TAMANHO-EXATO-PARA-FOTOS-NO-SISTEMA-NOVO-40.webp.webp?fit=1200%2C675&ssl=1&resize=700%2C400 2x, https:\/\/i0.wp.com\/ismaelcolosi.com.br\/wp-content\/uploads\/2024\/04\/Copia-de-Copia-de-TAMANHO-EXATO-PARA-FOTOS-NO-SISTEMA-NOVO-40.webp.webp?fit=1200%2C675&ssl=1&resize=1050%2C600 3x"},"classes":[]},{"id":46488,"url":"https:\/\/ismaelcolosi.com.br\/index.php\/2024\/04\/11\/capital-do-samba-traz-shows-de-leo-santana-ferrugem-pericles-e-mais-atracoes\/","url_meta":{"origin":51234,"position":2},"title":"Capital do Samba traz shows de L\u00e9o Santana, Ferrugem, P\u00e9ricles e mais atra\u00e7\u00f5es","author":"ismaelcolosi.com.br","date":"11 de April de 2024","format":false,"excerpt":"Capital do Samba traz shows de L\u00e9o Santana, Ferrugem, P\u00e9ricles e mais atra\u00e7\u00f5esTerceira edi\u00e7\u00e3o do festival acontecer\u00e1 na Marina da Gl\u00f3ria, no Rio de Janeiro, nos dias 18 e 19 de maio Grandes nomes do samba e do pagode nacional subir\u00e3o, em maio, ao palco do\u00a0Capital do Samba, festival que\u2026","rel":"","context":"In &quot;Not\u00edcias de Ribeir\u00e3o Preto-SP e Regi\u00e3o&quot;","block_context":{"text":"Not\u00edcias de Ribeir\u00e3o Preto-SP e Regi\u00e3o","link":"https:\/\/ismaelcolosi.com.br\/index.php\/category\/noticias-de-ribeirao-preto-sp-e-regiao-ismael-colosi\/"},"img":{"alt_text":"","src":"https:\/\/i0.wp.com\/ismaelcolosi.com.br\/wp-content\/uploads\/2024\/04\/1027180684.jpg?fit=894%2C1200&ssl=1&resize=350%2C200","width":350,"height":200,"srcset":"https:\/\/i0.wp.com\/ismaelcolosi.com.br\/wp-content\/uploads\/2024\/04\/1027180684.jpg?fit=894%2C1200&ssl=1&resize=350%2C200 1x, https:\/\/i0.wp.com\/ismaelcolosi.com.br\/wp-content\/uploads\/2024\/04\/1027180684.jpg?fit=894%2C1200&ssl=1&resize=525%2C300 1.5x, https:\/\/i0.wp.com\/ismaelcolosi.com.br\/wp-content\/uploads\/2024\/04\/1027180684.jpg?fit=894%2C1200&ssl=1&resize=700%2C400 2x"},"classes":[]},{"id":31207,"url":"https:\/\/ismaelcolosi.com.br\/index.php\/2024\/01\/21\/top-10-pagode-samba-mais-tocadas-em-2024\/","url_meta":{"origin":51234,"position":3},"title":"Top 10 Pagode\/Samba Mais Tocadas em 2024","author":"ismaelcolosi.com.br","date":"21 de January de 2024","format":false,"excerpt":"Confira quais s\u00e3o as m\u00fasicas de pagode e samba mais tocadas. Ou\u00e7a a playlist das melhores m\u00fasicas de pagode e samba mais tocadas nas r\u00e1dios do Brasil. S\u00e3o os maiores sucessos do pagode e samba que os ouvintes mais pedem para tocar. Desse modo, aproveite para ouvir ranking do top\u2026","rel":"","context":"In &quot;Blog&quot;","block_context":{"text":"Blog","link":"https:\/\/ismaelcolosi.com.br\/index.php\/category\/blog\/"},"img":{"alt_text":"","src":"https:\/\/i0.wp.com\/ismaelcolosi.com.br\/wp-content\/uploads\/2024\/01\/Pagode-e-samba-mais-tocadas.jpg?fit=1200%2C750&ssl=1&resize=350%2C200","width":350,"height":200,"srcset":"https:\/\/i0.wp.com\/ismaelcolosi.com.br\/wp-content\/uploads\/2024\/01\/Pagode-e-samba-mais-tocadas.jpg?fit=1200%2C750&ssl=1&resize=350%2C200 1x, https:\/\/i0.wp.com\/ismaelcolosi.com.br\/wp-content\/uploads\/2024\/01\/Pagode-e-samba-mais-tocadas.jpg?fit=1200%2C750&ssl=1&resize=525%2C300 1.5x, https:\/\/i0.wp.com\/ismaelcolosi.com.br\/wp-content\/uploads\/2024\/01\/Pagode-e-samba-mais-tocadas.jpg?fit=1200%2C750&ssl=1&resize=700%2C400 2x, https:\/\/i0.wp.com\/ismaelcolosi.com.br\/wp-content\/uploads\/2024\/01\/Pagode-e-samba-mais-tocadas.jpg?fit=1200%2C750&ssl=1&resize=1050%2C600 3x"},"classes":[]},{"id":44834,"url":"https:\/\/ismaelcolosi.com.br\/index.php\/2024\/03\/31\/veja-como-comprar-ingressos-para-o-mirage-circus-em-ribeirao-preto\/","url_meta":{"origin":51234,"position":4},"title":"Veja como comprar ingressos para o Mirage Circus em Ribeir\u00e3o Preto","author":"ismaelcolosi.com.br","date":"31 de March de 2024","format":false,"excerpt":"O Mirage Circus, instalado na via Dr. Jeremias de Paula Martins, em frente a um shopping da zona Leste de Ribeir\u00e3o Preto, estreia nesta sexta-feira (5). Os ingressos est\u00e3o dispon\u00edveis e podem ser adquiridos de forma on-line \u2013 veja abaixo. Agentes de tr\u00e2nsito montaram um esquema para receber o comboio\u2026","rel":"","context":"In &quot;Not\u00edcias de Ribeir\u00e3o Preto-SP e Regi\u00e3o&quot;","block_context":{"text":"Not\u00edcias de Ribeir\u00e3o Preto-SP e Regi\u00e3o","link":"https:\/\/ismaelcolosi.com.br\/index.php\/category\/noticias-de-ribeirao-preto-sp-e-regiao-ismael-colosi\/"},"img":{"alt_text":"","src":"https:\/\/i0.wp.com\/ismaelcolosi.com.br\/wp-content\/uploads\/2024\/03\/3b600f435879e2d866b38d9d9a0a0e87.jpg?fit=1200%2C800&ssl=1&resize=350%2C200","width":350,"height":200,"srcset":"https:\/\/i0.wp.com\/ismaelcolosi.com.br\/wp-content\/uploads\/2024\/03\/3b600f435879e2d866b38d9d9a0a0e87.jpg?fit=1200%2C800&ssl=1&resize=350%2C200 1x, https:\/\/i0.wp.com\/ismaelcolosi.com.br\/wp-content\/uploads\/2024\/03\/3b600f435879e2d866b38d9d9a0a0e87.jpg?fit=1200%2C800&ssl=1&resize=525%2C300 1.5x, https:\/\/i0.wp.com\/ismaelcolosi.com.br\/wp-content\/uploads\/2024\/03\/3b600f435879e2d866b38d9d9a0a0e87.jpg?fit=1200%2C800&ssl=1&resize=700%2C400 2x, https:\/\/i0.wp.com\/ismaelcolosi.com.br\/wp-content\/uploads\/2024\/03\/3b600f435879e2d866b38d9d9a0a0e87.jpg?fit=1200%2C800&ssl=1&resize=1050%2C600 3x"},"classes":[]},{"id":47791,"url":"https:\/\/ismaelcolosi.com.br\/index.php\/2024\/04\/28\/mc-marks-abraca-o-pagode-e-a-fe-em-novo-disco\/","url_meta":{"origin":51234,"position":5},"title":"MC Marks abra\u00e7a o pagode e a f\u00e9 em novo disco","author":"ismaelcolosi.com.br","date":"28 de April de 2024","format":false,"excerpt":"Casa \/ M\u00fasica \/ MC Marks abra\u00e7a o pagode e a f\u00e9 em novo discoMC Marks abra\u00e7a o pagode e a f\u00e9 em novo disco\u201cMenino de F\u00e9\u201d conta com participa\u00e7\u00f5es de Xande de Pilares, Ferrugem, Marvvila, Belo e outros artistas Se o corpo \u00e9 uma tela por onde a vida\u2026","rel":"","context":"In &quot;Not\u00edcias de Ribeir\u00e3o Preto-SP e Regi\u00e3o&quot;","block_context":{"text":"Not\u00edcias de Ribeir\u00e3o Preto-SP e Regi\u00e3o","link":"https:\/\/ismaelcolosi.com.br\/index.php\/category\/noticias-de-ribeirao-preto-sp-e-regiao-ismael-colosi\/"},"img":{"alt_text":"","src":"","width":0,"height":0},"classes":[]}],"jetpack_sharing_enabled":true,"jetpack_shortlink":"https:\/\/wp.me\/pfMlyK-dkm","_links":{"self":[{"href":"https:\/\/ismaelcolosi.com.br\/index.php\/wp-json\/wp\/v2\/posts\/51234","targetHints":{"allow":["GET"]}}],"collection":[{"href":"https:\/\/ismaelcolosi.com.br\/index.php\/wp-json\/wp\/v2\/posts"}],"about":[{"href":"https:\/\/ismaelcolosi.com.br\/index.php\/wp-json\/wp\/v2\/types\/post"}],"author":[{"embeddable":true,"href":"https:\/\/ismaelcolosi.com.br\/index.php\/wp-json\/wp\/v2\/users\/1"}],"replies":[{"embeddable":true,"href":"https:\/\/ismaelcolosi.com.br\/index.php\/wp-json\/wp\/v2\/comments?post=51234"}],"version-history":[{"count":0,"href":"https:\/\/ismaelcolosi.com.br\/index.php\/wp-json\/wp\/v2\/posts\/51234\/revisions"}],"wp:featuredmedia":[{"embeddable":true,"href":"https:\/\/ismaelcolosi.com.br\/index.php\/wp-json\/wp\/v2\/media\/51235"}],"wp:attachment":[{"href":"https:\/\/ismaelcolosi.com.br\/index.php\/wp-json\/wp\/v2\/media?parent=51234"}],"wp:term":[{"taxonomy":"category","embeddable":true,"href":"https:\/\/ismaelcolosi.com.br\/index.php\/wp-json\/wp\/v2\/categories?post=51234"},{"taxonomy":"post_tag","embeddable":true,"href":"https:\/\/ismaelcolosi.com.br\/index.php\/wp-json\/wp\/v2\/tags?post=51234"}],"curies":[{"name":"wp","href":"https:\/\/api.w.org\/{rel}","templated":true}]}}