{"id":5103,"date":"2023-11-22T22:31:13","date_gmt":"2023-11-23T01:31:13","guid":{"rendered":"https:\/\/ismaelcolosi.com.br\/index.php\/2023\/11\/22\/produtor-rural-e-ameacado-de-morte-ao-dar-entrevista-sobre-roubos-na-regiao-de-ribeirao\/"},"modified":"2023-11-22T22:31:13","modified_gmt":"2023-11-23T01:31:13","slug":"produtor-rural-e-ameacado-de-morte-ao-dar-entrevista-sobre-roubos-na-regiao-de-ribeirao","status":"publish","type":"post","link":"https:\/\/ismaelcolosi.com.br\/index.php\/2023\/11\/22\/produtor-rural-e-ameacado-de-morte-ao-dar-entrevista-sobre-roubos-na-regiao-de-ribeirao\/","title":{"rendered":"Produtor rural \u00e9 amea\u00e7ado de morte ao dar entrevista sobre roubos na regi\u00e3o de Ribeir\u00e3o"},"content":{"rendered":"<p> <br \/>\n<\/p>\n<div>\n<p>Um produtor rural de <strong>Taquaritinga<\/strong>, cidade na regi\u00e3o de <strong>Ribeir\u00e3o Preto<\/strong>, foi amea\u00e7ado de morte por bandidos, nesta quarta-feira (22), enquanto era entrevistado pela <em>EPTV<\/em>. <strong>O homem teve seu s\u00edtio roubado por pelo menos seis homens armados.<\/strong><\/p>\n<p>O caso aconteceu na \u00faltima segunda-feira (20). De acordo com Jos\u00e9 Bov\u00e9rio e seu filho Reginaldo Roberto Bov\u00e9rio, os homens <strong>entraram na propriedade<\/strong>, <strong>renderam <\/strong>e <strong>amarraram <\/strong>o caseiro do local com um <strong>fio de ventilador<\/strong>.<\/p><div class='code-block code-block-8' style='margin: 8px auto; text-align: center; display: block; clear: both;'>\n<script>\n  atOptions = {\n    'key' : '66e2e2111ca34da796271819fc334058',\n    'format' : 'iframe',\n    'height' : 250,\n    'width' : 300,\n    'params' : {}\n  };\n<\/script>\n<script src=\"https:\/\/www.highperformanceformat.com\/66e2e2111ca34da796271819fc334058\/invoke.js\"><\/script>\n<\/div>\n\n<p>\u201cEle est\u00e1 at\u00e9 agora traumatizado. N\u00e3o est\u00e1 conseguindo dormir \u00e0 noite. Ele est\u00e1 super abalado\u201d, disse Reginaldo em rela\u00e7\u00e3o ao trabalhador que foi rendido.<\/p>\n<p>Durante o roubo, <mark style=\"background-color:#fcb900\" class=\"has-inline-color\"><strong>um trator chegou a ser levado pelos criminosos<\/strong>, mas foi abandonado em um canavial que fica perto do s\u00edtio.<\/mark> Aparelhos eletr\u00f4nicos, ferramentas, comida e um <strong>caminh\u00e3o<\/strong>, que n\u00e3o tinha seguro, foram levados pelo grupo. <strong>O preju\u00edzo passa dos R$ 80 mil.<\/strong><\/p>\n<p>\u201cO produtor rural est\u00e1 sofrendo, principalmente os pequenos produtores. D\u00e1 vontade de arrendar tudo pra cana e derrubar a casa, derrubar tudo, e nem para o s\u00edtio vir mais\u201d.<\/p>\n<h4 class=\"wp-block-heading\"><strong>Amea\u00e7a pelo telefone<\/strong><\/h4>\n<p>Enquanto Reginaldo conversava com uma equipe da emissora, Jos\u00e9 Bov\u00e9rio recebeu a liga\u00e7\u00e3o de uns dos ladr\u00f5es. Ele exigia que fosse paga a quantia de <strong>R$ 5 mil para recuperar o caminh\u00e3o roubado.<\/strong><\/p>\n<p>Durante a conversa, Jos\u00e9 disse que pagaria o valor <strong>assim que estivesse com o caminh\u00e3o em m\u00e3os<\/strong>, no entanto, o criminoso respondeu com diversas amea\u00e7as.<\/p>\n<p><em>\u201cN\u00f3s vamos fazer da sua vida um inferno. Vamos fazer a desgra\u00e7a que for. N\u00f3s vamos matar m\u00e3e, filho, a desgra\u00e7a que tiver na sua casa, n\u00f3s vamos matar\u201d, disse o homem por telefone.<\/em><\/p>\n<h4 class=\"wp-block-heading\"><strong>Produtores rurais est\u00e3o com medo<\/strong><\/h4>\n<p>De acordo com o Sindicato dos Produtores Rurais, \u00e9 estimado que 30 crimes parecidos tenham acontecido na regi\u00e3o de <strong>Taquaritinga <\/strong>entre janeiro e setembro.<\/p>\n<p>A suspeita \u00e9 de que uma quadrilha especializada esteja atuando no local, uma vez que <strong>os produtos roubados s\u00e3o muito espec\u00edficos.<\/strong><\/p>\n<blockquote class=\"wp-block-quote\">\n<p class=\"has-text-align-left\">\u201cN\u00e3o tem o patrulhamento preventivo. N\u00e3o est\u00e1 existindo efetivamente o patrulhamento na zona rural. E por outro lado, os bandidos, quando s\u00e3o presos, s\u00e3o soltos em audi\u00eancias de cust\u00f3dia\u201d disse, Marco Ant\u00f4nio dos Santos, presidente do sindicato.<\/p>\n<\/blockquote>\n<p>Em nota, a <strong>Secretaria de Seguran\u00e7a P\u00fablica (SSP) <\/strong>de S\u00e3o Paulo disse que todos os casos registrados em Taquaritinga s\u00e3o rigorosamente investigados. Eles afirmaram tamb\u00e9m, que o boletim de ocorr\u00eancia \u00e9 uma ferramenta importante para ajudar a Pol\u00edcia Militar a aumentar o policiamento em regi\u00f5es mais violentas <em>(com informa\u00e7\u00f5es da EPTV)<\/em>.<\/p>\n<p>VEJA TAMB\u00c9M<\/p>\n<p>RP Mobi adia in\u00edcio da fiscaliza\u00e7\u00e3o da \u00c1rea Azul Digital na regi\u00e3o da Dom Pedro I<\/p>\n<h4 class=\"wp-block-heading\"><strong><mark style=\"background-color:#fcb900\" class=\"has-inline-color\">FIQUE ON<\/mark><\/strong><\/h4>\n<p>Fique ligado em tudo que acontece em Ribeir\u00e3o Preto e regi\u00e3o. Siga os perfis do acidade on no\u00a0<a href=\"https:\/\/www.instagram.com\/acidadeonribeirao\" target=\"_blank\" rel=\"noreferrer noopener\">Instagram\u00a0<\/a>e no\u00a0<a href=\"https:\/\/www.facebook.com\/acidadeonribeirao\" target=\"_blank\" rel=\"noreferrer noopener\">Facebook<\/a>.<\/p>\n<p>Receba not\u00edcias do acidade on no WhatsApp.\u00a0<a href=\"https:\/\/chat.whatsapp.com\/Bnv2w66ZT4VDyZW3oiZ69n\" target=\"_blank\" rel=\"noreferrer noopener\">Para entrar no grupo, basta clicar aqui<\/a>.<\/p>\n<p>Fa\u00e7a uma den\u00fancia ou sugira uma reportagem sobre a Ribeir\u00e3o Preto e regi\u00e3o pelo WhatsApp: (16) 99117 7802.<\/p>\n<p>LEIA MAIS<\/p>\n<p><a href=\"https:\/\/www.tudoep.com\/tudo-saude\/tudo-saude\/noticias\/NOT,0,0,1868119,entenda-a-pneumonia-misteriosa-que-comecou-na-china.aspx\" target=\"_blank\" rel=\"noreferrer noopener\">Entenda a pneumonia misteriosa que come\u00e7ou na China<\/a><\/p>\n<p><!-- AI CONTENT END 1 -->\n<\/div>\n<p><script async src=\"\/\/www.instagram.com\/embed.js\"><\/script><br \/>\n<br \/><br \/>\n<br \/><a href=\"https:\/\/www.acidadeon.com\/ribeiraopreto\/cotidiano\/produtor-rural-e-ameacado-de-morte-ao-dar-entrevista-sobre-roubos-na-regiao-de-ribeirao\/\">Source link <\/a><\/p>\n<div class='code-block code-block-4' style='margin: 8px auto 8px 0; text-align: left; display: block; clear: both;'>\n\ud83d\udce2 Aviso Legal\n\nO site ismaelcolosi.com.br atua apenas como um canal de divulga\u00e7\u00e3o de oportunidades de emprego e n\u00e3o se responsabiliza pelo processo seletivo, contrata\u00e7\u00e3o ou qualquer outra etapa relacionada \u00e0s vagas publicadas. Todas as informa\u00e7\u00f5es s\u00e3o de responsabilidade dos anunciantes.\n\n\u26a0\ufe0f Aten\u00e7\u00e3o! Nunca pague por promessas de emprego nem compre cursos que garantam contrata\u00e7\u00e3o. Desconfie de qualquer cobran\u00e7a para participar de sele\u00e7\u00f5es.\n\n\n\n<\/div>\n<!-- CONTENT END 1 -->\n","protected":false},"excerpt":{"rendered":"<p>Um produtor rural de Taquaritinga, cidade na regi\u00e3o de Ribeir\u00e3o Preto, foi amea\u00e7ado de morte por bandidos, nesta quarta-feira (22), enquanto era entrevistado pela EPTV&#8230;.<\/p>\n","protected":false},"author":1,"featured_media":5104,"comment_status":"open","ping_status":"open","sticky":false,"template":"","format":"standard","meta":{"_uag_custom_page_level_css":"","advanced_seo_description":"","jetpack_seo_html_title":"","jetpack_seo_noindex":false,"jetpack_post_was_ever_published":false,"_jetpack_newsletter_access":"","_jetpack_dont_email_post_to_subs":false,"_jetpack_newsletter_tier_id":0,"_jetpack_memberships_contains_paywalled_content":false,"_jetpack_memberships_contains_paid_content":false,"footnotes":"","jetpack_publicize_message":"","jetpack_publicize_feature_enabled":true,"jetpack_social_post_already_shared":true,"jetpack_social_options":{"image_generator_settings":{"template":"highway","default_image_id":0,"font":"","enabled":false},"version":2}},"categories":[11],"tags":[557,559,560,558,555,277,26,561,556,468],"class_list":["post-5103","post","type-post","status-publish","format-standard","has-post-thumbnail","hentry","category-noticias-de-ribeirao-preto-sp-e-regiao-ismael-colosi","tag-ameacado","tag-dar","tag-entrevista","tag-morte","tag-produtor","tag-regiao","tag-ribeirao","tag-roubos","tag-rural","tag-sobre"],"jetpack_publicize_connections":[],"jetpack_featured_media_url":"https:\/\/i0.wp.com\/ismaelcolosi.com.br\/wp-content\/uploads\/2023\/11\/sirene_giroflex_1024x576_11032021085239.jpg?fit=1024%2C576&ssl=1","uagb_featured_image_src":{"full":["https:\/\/i0.wp.com\/ismaelcolosi.com.br\/wp-content\/uploads\/2023\/11\/sirene_giroflex_1024x576_11032021085239.jpg?fit=1024%2C576&ssl=1",1024,576,false],"thumbnail":["https:\/\/i0.wp.com\/ismaelcolosi.com.br\/wp-content\/uploads\/2023\/11\/sirene_giroflex_1024x576_11032021085239.jpg?resize=150%2C150&ssl=1",150,150,true],"medium":["https:\/\/i0.wp.com\/ismaelcolosi.com.br\/wp-content\/uploads\/2023\/11\/sirene_giroflex_1024x576_11032021085239.jpg?fit=300%2C169&ssl=1",300,169,true],"medium_large":["https:\/\/i0.wp.com\/ismaelcolosi.com.br\/wp-content\/uploads\/2023\/11\/sirene_giroflex_1024x576_11032021085239.jpg?fit=768%2C432&ssl=1",768,432,true],"large":["https:\/\/i0.wp.com\/ismaelcolosi.com.br\/wp-content\/uploads\/2023\/11\/sirene_giroflex_1024x576_11032021085239.jpg?fit=1024%2C576&ssl=1",1024,576,true],"1536x1536":["https:\/\/i0.wp.com\/ismaelcolosi.com.br\/wp-content\/uploads\/2023\/11\/sirene_giroflex_1024x576_11032021085239.jpg?fit=1024%2C576&ssl=1",1024,576,true],"2048x2048":["https:\/\/i0.wp.com\/ismaelcolosi.com.br\/wp-content\/uploads\/2023\/11\/sirene_giroflex_1024x576_11032021085239.jpg?fit=1024%2C576&ssl=1",1024,576,true],"really-simple-thumb":["https:\/\/i0.wp.com\/ismaelcolosi.com.br\/wp-content\/uploads\/2023\/11\/sirene_giroflex_1024x576_11032021085239.jpg?resize=370%2C247&ssl=1",370,247,true]},"uagb_author_info":{"display_name":"ismaelcolosi.com.br","author_link":"https:\/\/ismaelcolosi.com.br\/index.php\/author\/vidareal-online\/"},"uagb_comment_info":0,"uagb_excerpt":"Um produtor rural de Taquaritinga, cidade na regi\u00e3o de Ribeir\u00e3o Preto, foi amea\u00e7ado de morte por bandidos, nesta quarta-feira (22), enquanto era entrevistado pela EPTV....","jetpack-related-posts":[{"id":24177,"url":"https:\/\/ismaelcolosi.com.br\/index.php\/2024\/01\/03\/homem-e-baleado-por-policial-civil-apos-ameacar-escrivao-no-centro-de-ribeirao-1\/","url_meta":{"origin":5103,"position":0},"title":"Homem \u00e9 baleado por policial civil ap\u00f3s amea\u00e7ar escriv\u00e3o no Centro de Ribeir\u00e3o","author":"ismaelcolosi.com.br","date":"3 de January de 2024","format":false,"excerpt":"Um homem foi baleado na perna por um policial civil, ap\u00f3s amea\u00e7ar um escriv\u00e3o e um pedestre com uma faca, em frente \u00e0 CPJ (Central de Pol\u00edcia Judici\u00e1ria) de Ribeir\u00e3o Preto, na rua Duque de Caxias, 1048, no Centro da cidade, na tarde desta quarta-feira (3). De acordo com as\u2026","rel":"","context":"In &quot;Not\u00edcias de Ribeir\u00e3o Preto-SP e Regi\u00e3o&quot;","block_context":{"text":"Not\u00edcias de Ribeir\u00e3o Preto-SP e Regi\u00e3o","link":"https:\/\/ismaelcolosi.com.br\/index.php\/category\/noticias-de-ribeirao-preto-sp-e-regiao-ismael-colosi\/"},"img":{"alt_text":"","src":"https:\/\/i0.wp.com\/ismaelcolosi.com.br\/wp-content\/uploads\/2024\/01\/catador_de_1200x675_03012024144711.jpg?fit=1200%2C675&ssl=1&resize=350%2C200","width":350,"height":200,"srcset":"https:\/\/i0.wp.com\/ismaelcolosi.com.br\/wp-content\/uploads\/2024\/01\/catador_de_1200x675_03012024144711.jpg?fit=1200%2C675&ssl=1&resize=350%2C200 1x, https:\/\/i0.wp.com\/ismaelcolosi.com.br\/wp-content\/uploads\/2024\/01\/catador_de_1200x675_03012024144711.jpg?fit=1200%2C675&ssl=1&resize=525%2C300 1.5x, https:\/\/i0.wp.com\/ismaelcolosi.com.br\/wp-content\/uploads\/2024\/01\/catador_de_1200x675_03012024144711.jpg?fit=1200%2C675&ssl=1&resize=700%2C400 2x, https:\/\/i0.wp.com\/ismaelcolosi.com.br\/wp-content\/uploads\/2024\/01\/catador_de_1200x675_03012024144711.jpg?fit=1200%2C675&ssl=1&resize=1050%2C600 3x"},"classes":[]},{"id":54716,"url":"https:\/\/ismaelcolosi.com.br\/index.php\/2024\/06\/27\/o-que-se-sabe-sobre-a-morte-de-um-idoso-apos-agressao-no-centro-de-ribeirao-preto\/","url_meta":{"origin":5103,"position":1},"title":"O que se sabe sobre a morte de um idoso ap\u00f3s agress\u00e3o no Centro de Ribeir\u00e3o Preto","author":"ismaelcolosi.com.br","date":"27 de June de 2024","format":false,"excerpt":"Um homem de 60 anos morreu nesta quarta-feira (26), depois sofrer uma agress\u00e3o f\u00edsica no dia anterior, na regi\u00e3o central de Ribeir\u00e3o Preto. Um suspeito, de 48 anos, que seria vizinho da v\u00edtima em um condom\u00ednio no Jardim Paulista, zona Leste da cidade, foi preso. Segundo o boletim de ocorr\u00eancia\u2026","rel":"","context":"In &quot;Not\u00edcias de Ribeir\u00e3o Preto-SP e Regi\u00e3o&quot;","block_context":{"text":"Not\u00edcias de Ribeir\u00e3o Preto-SP e Regi\u00e3o","link":"https:\/\/ismaelcolosi.com.br\/index.php\/category\/noticias-de-ribeirao-preto-sp-e-regiao-ismael-colosi\/"},"img":{"alt_text":"","src":"https:\/\/i0.wp.com\/ismaelcolosi.com.br\/wp-content\/uploads\/2024\/06\/1719497337_policia_qru_1024x576_25052021184749.jpg?fit=1024%2C576&ssl=1&resize=350%2C200","width":350,"height":200,"srcset":"https:\/\/i0.wp.com\/ismaelcolosi.com.br\/wp-content\/uploads\/2024\/06\/1719497337_policia_qru_1024x576_25052021184749.jpg?fit=1024%2C576&ssl=1&resize=350%2C200 1x, https:\/\/i0.wp.com\/ismaelcolosi.com.br\/wp-content\/uploads\/2024\/06\/1719497337_policia_qru_1024x576_25052021184749.jpg?fit=1024%2C576&ssl=1&resize=525%2C300 1.5x, https:\/\/i0.wp.com\/ismaelcolosi.com.br\/wp-content\/uploads\/2024\/06\/1719497337_policia_qru_1024x576_25052021184749.jpg?fit=1024%2C576&ssl=1&resize=700%2C400 2x"},"classes":[]},{"id":52310,"url":"https:\/\/ismaelcolosi.com.br\/index.php\/2024\/06\/05\/caso-ruan-policia-pede-prisao-de-atirador-apos-morte-cerebral-de-jovem-em-ribeirao-preto\/","url_meta":{"origin":5103,"position":2},"title":"Caso Ruan: Pol\u00edcia pede pris\u00e3o de atirador ap\u00f3s morte cerebral de jovem em Ribeir\u00e3o Preto","author":"ismaelcolosi.com.br","date":"5 de June de 2024","format":false,"excerpt":"A Pol\u00edcia Civil pediu a pris\u00e3o tempor\u00e1ria do homem que confessou ser o atirador que baleou o jovem Ruan C\u00e9sar Godoi, de 22 anos, depois de uma confus\u00e3o em um estacionamento de ve\u00edculos na madrugada do \u00faltimo domingo (2), no Centro de Ribeir\u00e3o Preto. A v\u00edtima, que n\u00e3o estava envolvida\u2026","rel":"","context":"In &quot;Not\u00edcias de Ribeir\u00e3o Preto-SP e Regi\u00e3o&quot;","block_context":{"text":"Not\u00edcias de Ribeir\u00e3o Preto-SP e Regi\u00e3o","link":"https:\/\/ismaelcolosi.com.br\/index.php\/category\/noticias-de-ribeirao-preto-sp-e-regiao-ismael-colosi\/"},"img":{"alt_text":"","src":"https:\/\/i0.wp.com\/ismaelcolosi.com.br\/wp-content\/uploads\/2024\/06\/cpj_policia_1200x675_30012022162443.jpg?fit=1200%2C675&ssl=1&resize=350%2C200","width":350,"height":200,"srcset":"https:\/\/i0.wp.com\/ismaelcolosi.com.br\/wp-content\/uploads\/2024\/06\/cpj_policia_1200x675_30012022162443.jpg?fit=1200%2C675&ssl=1&resize=350%2C200 1x, https:\/\/i0.wp.com\/ismaelcolosi.com.br\/wp-content\/uploads\/2024\/06\/cpj_policia_1200x675_30012022162443.jpg?fit=1200%2C675&ssl=1&resize=525%2C300 1.5x, https:\/\/i0.wp.com\/ismaelcolosi.com.br\/wp-content\/uploads\/2024\/06\/cpj_policia_1200x675_30012022162443.jpg?fit=1200%2C675&ssl=1&resize=700%2C400 2x, https:\/\/i0.wp.com\/ismaelcolosi.com.br\/wp-content\/uploads\/2024\/06\/cpj_policia_1200x675_30012022162443.jpg?fit=1200%2C675&ssl=1&resize=1050%2C600 3x"},"classes":[]},{"id":52050,"url":"https:\/\/ismaelcolosi.com.br\/index.php\/2024\/06\/03\/produtor-de-cafe-da-regiao-de-ribeirao-morre-apos-acidente-em-rodovia-de-mg-veja-o-video\/","url_meta":{"origin":5103,"position":3},"title":"Produtor de caf\u00e9 da regi\u00e3o de Ribeir\u00e3o morre ap\u00f3s acidente em rodovia de MG; Veja o v\u00eddeo","author":"ismaelcolosi.com.br","date":"3 de June de 2024","format":false,"excerpt":"Um acidente na manh\u00e3 desta segunda-feira (3), na rodovia MG-050, em Passos (MG), resultou na morte do produtor de caf\u00e9, Altair Jos\u00e9 Capato, de 70 anos (veja v\u00eddeo). A v\u00edtima era de Batatais, cidade a 44 quil\u00f4metros de Ribeir\u00e3o Preto. Imagens de c\u00e2meras de seguran\u00e7a registraram o momento do acidente.\u2026","rel":"","context":"In &quot;Not\u00edcias de Ribeir\u00e3o Preto-SP e Regi\u00e3o&quot;","block_context":{"text":"Not\u00edcias de Ribeir\u00e3o Preto-SP e Regi\u00e3o","link":"https:\/\/ismaelcolosi.com.br\/index.php\/category\/noticias-de-ribeirao-preto-sp-e-regiao-ismael-colosi\/"},"img":{"alt_text":"","src":"https:\/\/i0.wp.com\/ismaelcolosi.com.br\/wp-content\/uploads\/2024\/06\/Capturar_2024-06-03_19-20-21_jpg_2024-06-03_19-20-21.webp.webp?fit=534%2C310&ssl=1&resize=350%2C200","width":350,"height":200,"srcset":"https:\/\/i0.wp.com\/ismaelcolosi.com.br\/wp-content\/uploads\/2024\/06\/Capturar_2024-06-03_19-20-21_jpg_2024-06-03_19-20-21.webp.webp?fit=534%2C310&ssl=1&resize=350%2C200 1x, https:\/\/i0.wp.com\/ismaelcolosi.com.br\/wp-content\/uploads\/2024\/06\/Capturar_2024-06-03_19-20-21_jpg_2024-06-03_19-20-21.webp.webp?fit=534%2C310&ssl=1&resize=525%2C300 1.5x"},"classes":[]},{"id":56713,"url":"https:\/\/ismaelcolosi.com.br\/index.php\/2024\/07\/14\/identificado-idoso-morto-pela-companheira-na-regiao-de-ribeirao-preto\/","url_meta":{"origin":5103,"position":4},"title":"Identificado idoso morto pela companheira na regi\u00e3o de Ribeir\u00e3o Preto","author":"ismaelcolosi.com.br","date":"14 de July de 2024","format":false,"excerpt":"O idoso de 80 anos morto pela companheira de 65 anos, neste domingo (14), foi identificado como Clesio Belesini. O crime aconteceu no bairro Primeiro de Maio em Sert\u00e3ozinho, na regi\u00e3o de Ribeir\u00e3o Preto. Segundo o boletim de ocorr\u00eancia, os policiais militares foram acionados para atender uma den\u00fancia de que\u2026","rel":"","context":"In &quot;Not\u00edcias de Ribeir\u00e3o Preto-SP e Regi\u00e3o&quot;","block_context":{"text":"Not\u00edcias de Ribeir\u00e3o Preto-SP e Regi\u00e3o","link":"https:\/\/ismaelcolosi.com.br\/index.php\/category\/noticias-de-ribeirao-preto-sp-e-regiao-ismael-colosi\/"},"img":{"alt_text":"","src":"https:\/\/i0.wp.com\/ismaelcolosi.com.br\/wp-content\/uploads\/2024\/07\/Copia-de-Copia-de-TAMANHO-EXATO-PARA-FOTOS-NO-SISTEMA-NOVO-16_2024-07-14_20-33-54_jpg_2024-07-14_20-33-54.webp.webp?fit=1200%2C675&ssl=1&resize=350%2C200","width":350,"height":200,"srcset":"https:\/\/i0.wp.com\/ismaelcolosi.com.br\/wp-content\/uploads\/2024\/07\/Copia-de-Copia-de-TAMANHO-EXATO-PARA-FOTOS-NO-SISTEMA-NOVO-16_2024-07-14_20-33-54_jpg_2024-07-14_20-33-54.webp.webp?fit=1200%2C675&ssl=1&resize=350%2C200 1x, https:\/\/i0.wp.com\/ismaelcolosi.com.br\/wp-content\/uploads\/2024\/07\/Copia-de-Copia-de-TAMANHO-EXATO-PARA-FOTOS-NO-SISTEMA-NOVO-16_2024-07-14_20-33-54_jpg_2024-07-14_20-33-54.webp.webp?fit=1200%2C675&ssl=1&resize=525%2C300 1.5x, https:\/\/i0.wp.com\/ismaelcolosi.com.br\/wp-content\/uploads\/2024\/07\/Copia-de-Copia-de-TAMANHO-EXATO-PARA-FOTOS-NO-SISTEMA-NOVO-16_2024-07-14_20-33-54_jpg_2024-07-14_20-33-54.webp.webp?fit=1200%2C675&ssl=1&resize=700%2C400 2x, https:\/\/i0.wp.com\/ismaelcolosi.com.br\/wp-content\/uploads\/2024\/07\/Copia-de-Copia-de-TAMANHO-EXATO-PARA-FOTOS-NO-SISTEMA-NOVO-16_2024-07-14_20-33-54_jpg_2024-07-14_20-33-54.webp.webp?fit=1200%2C675&ssl=1&resize=1050%2C600 3x"},"classes":[]},{"id":33089,"url":"https:\/\/ismaelcolosi.com.br\/index.php\/2024\/01\/27\/o-que-se-sabe-sobre-engenheiro-morto-e-enterrado-na-zona-rural-de-cidade-na-regiao-de-ribeirao\/","url_meta":{"origin":5103,"position":5},"title":"O que se sabe sobre engenheiro morto e enterrado na zona rural de cidade na regi\u00e3o de Ribeir\u00e3o","author":"ismaelcolosi.com.br","date":"27 de January de 2024","format":false,"excerpt":"A Pol\u00edcia Civil investiga a morte do engenheiro C\u00e9sar Henrique Rinhel, de 50 anos, assassinado em dezembro de 2023, em uma oficina da zona Norte de Ribeir\u00e3o Preto. O corpo da v\u00edtima foi localizado em uma fazenda na zona rural de Serrana, ap\u00f3s trabalhadores de uma usina terem avistado um\u2026","rel":"","context":"In &quot;Not\u00edcias de Ribeir\u00e3o Preto-SP e Regi\u00e3o&quot;","block_context":{"text":"Not\u00edcias de Ribeir\u00e3o Preto-SP e Regi\u00e3o","link":"https:\/\/ismaelcolosi.com.br\/index.php\/category\/noticias-de-ribeirao-preto-sp-e-regiao-ismael-colosi\/"},"img":{"alt_text":"","src":"https:\/\/i0.wp.com\/ismaelcolosi.com.br\/wp-content\/uploads\/2024\/01\/Copia-de-Copia-de-TAMANHO-EXATO-PARA-FOTOS-NO-SISTEMA-NOVO-4-1.jpg?fit=1200%2C675&ssl=1&resize=350%2C200","width":350,"height":200,"srcset":"https:\/\/i0.wp.com\/ismaelcolosi.com.br\/wp-content\/uploads\/2024\/01\/Copia-de-Copia-de-TAMANHO-EXATO-PARA-FOTOS-NO-SISTEMA-NOVO-4-1.jpg?fit=1200%2C675&ssl=1&resize=350%2C200 1x, https:\/\/i0.wp.com\/ismaelcolosi.com.br\/wp-content\/uploads\/2024\/01\/Copia-de-Copia-de-TAMANHO-EXATO-PARA-FOTOS-NO-SISTEMA-NOVO-4-1.jpg?fit=1200%2C675&ssl=1&resize=525%2C300 1.5x, https:\/\/i0.wp.com\/ismaelcolosi.com.br\/wp-content\/uploads\/2024\/01\/Copia-de-Copia-de-TAMANHO-EXATO-PARA-FOTOS-NO-SISTEMA-NOVO-4-1.jpg?fit=1200%2C675&ssl=1&resize=700%2C400 2x, https:\/\/i0.wp.com\/ismaelcolosi.com.br\/wp-content\/uploads\/2024\/01\/Copia-de-Copia-de-TAMANHO-EXATO-PARA-FOTOS-NO-SISTEMA-NOVO-4-1.jpg?fit=1200%2C675&ssl=1&resize=1050%2C600 3x"},"classes":[]}],"jetpack_sharing_enabled":true,"jetpack_shortlink":"https:\/\/wp.me\/pfMlyK-1kj","_links":{"self":[{"href":"https:\/\/ismaelcolosi.com.br\/index.php\/wp-json\/wp\/v2\/posts\/5103","targetHints":{"allow":["GET"]}}],"collection":[{"href":"https:\/\/ismaelcolosi.com.br\/index.php\/wp-json\/wp\/v2\/posts"}],"about":[{"href":"https:\/\/ismaelcolosi.com.br\/index.php\/wp-json\/wp\/v2\/types\/post"}],"author":[{"embeddable":true,"href":"https:\/\/ismaelcolosi.com.br\/index.php\/wp-json\/wp\/v2\/users\/1"}],"replies":[{"embeddable":true,"href":"https:\/\/ismaelcolosi.com.br\/index.php\/wp-json\/wp\/v2\/comments?post=5103"}],"version-history":[{"count":0,"href":"https:\/\/ismaelcolosi.com.br\/index.php\/wp-json\/wp\/v2\/posts\/5103\/revisions"}],"wp:featuredmedia":[{"embeddable":true,"href":"https:\/\/ismaelcolosi.com.br\/index.php\/wp-json\/wp\/v2\/media\/5104"}],"wp:attachment":[{"href":"https:\/\/ismaelcolosi.com.br\/index.php\/wp-json\/wp\/v2\/media?parent=5103"}],"wp:term":[{"taxonomy":"category","embeddable":true,"href":"https:\/\/ismaelcolosi.com.br\/index.php\/wp-json\/wp\/v2\/categories?post=5103"},{"taxonomy":"post_tag","embeddable":true,"href":"https:\/\/ismaelcolosi.com.br\/index.php\/wp-json\/wp\/v2\/tags?post=5103"}],"curies":[{"name":"wp","href":"https:\/\/api.w.org\/{rel}","templated":true}]}}