{"id":5095,"date":"2023-11-22T22:33:32","date_gmt":"2023-11-23T01:33:32","guid":{"rendered":"https:\/\/ismaelcolosi.com.br\/index.php\/2023\/11\/22\/segundo-jornalista-carros-de-ana-hickmann-e-marido-sao-bloqueados-por-divida\/"},"modified":"2023-11-22T22:33:32","modified_gmt":"2023-11-23T01:33:32","slug":"segundo-jornalista-carros-de-ana-hickmann-e-marido-sao-bloqueados-por-divida","status":"publish","type":"post","link":"https:\/\/ismaelcolosi.com.br\/index.php\/2023\/11\/22\/segundo-jornalista-carros-de-ana-hickmann-e-marido-sao-bloqueados-por-divida\/","title":{"rendered":"Segundo jornalista, carros de Ana Hickmann e marido s\u00e3o bloqueados por d\u00edvida"},"content":{"rendered":"<p> <br \/>\n<\/p>\n<div itemprop=\"text\">\n<p>A apresentadora Ana Hickmann tem vivido no m\u00ednimo um furac\u00e3o de coisas tendo a vida exposta de maneira repentina ap\u00f3s sua briga com o marido Alexandre Correa virar caso policial.<\/p>\n<p>Acontece que os problemas da famosa n\u00e3o est\u00e1 somente no relacionamento com pai de seu filho. A empresa que ela e o marido tem est\u00e1 com uma d\u00edvida que chega a 2 milh\u00f5es.<\/p><div class='code-block code-block-8' style='margin: 8px auto; text-align: center; display: block; clear: both;'>\n<script>\n  atOptions = {\n    'key' : '66e2e2111ca34da796271819fc334058',\n    'format' : 'iframe',\n    'height' : 250,\n    'width' : 300,\n    'params' : {}\n  };\n<\/script>\n<script src=\"https:\/\/www.highperformanceformat.com\/66e2e2111ca34da796271819fc334058\/invoke.js\"><\/script>\n<\/div>\n\n<p>Segundo a jornalista F\u00e1bia Oliveira, ela obteve informa\u00e7\u00f5es de que o Detran de S\u00e3o Paulo chegou a bloquear cinco ve\u00edculos da empresa de Ana e o marido da loira teve dois ve\u00edculos bloqueados.<\/p>\n<p>Ainda nessas informa\u00e7\u00f5es do Detran de S\u00e3o Paulo, a pr\u00f3pria Ana teria um ve\u00edculo apreendido tamb\u00e9m, mas n\u00e3o foi. Pois este est\u00e1 registrado no Rio Grande do Sul.<\/p>\n<p>As d\u00edvidas s\u00e3o da empresa Hickmann Servi\u00e7os. A empresa est\u00e1 em d\u00edvida com o banco por causa de um empr\u00e9stimo no valor de mais de 2 milh\u00f5es. O acordo de pagamento n\u00e3o foi cumprido.<\/p>\n<p>Sem o pagamento das parcelas feitas em 72 vezes paga quitar o empr\u00e9stimo, a a\u00e7\u00e3o judicial for\u00e7ava o casal que pagasse o valor, que j\u00e1 foi recalculado sob juros, fosse quitado at\u00e9 outubro sob pena de penhora.<\/p>\n<p>Com o descumprimento, o casal teria recebido um \u201caviso de recebimento\u201d , que segundo a empresa de Ana, n\u00e3o chegou a receber. O aviso no endere\u00e7o da empresa foi cumprido mas recebeu como resposta que a empresa n\u00e3o estaria mais naquele endere\u00e7o..<\/p>\n<\/div>\n<p><br \/>\n<br \/><a href=\"https:\/\/fnmais.com\/segundo-jornalista-carros-ana-hickmann-marido-sao-bloqueados-por-divida\/\">Source link <\/a><\/p>\n<div class='code-block code-block-4' style='margin: 8px auto 8px 0; text-align: left; display: block; clear: both;'>\n\ud83d\udce2 Aviso Legal\n\nO site ismaelcolosi.com.br atua apenas como um canal de divulga\u00e7\u00e3o de oportunidades de emprego e n\u00e3o se responsabiliza pelo processo seletivo, contrata\u00e7\u00e3o ou qualquer outra etapa relacionada \u00e0s vagas publicadas. Todas as informa\u00e7\u00f5es s\u00e3o de responsabilidade dos anunciantes.\n\n\u26a0\ufe0f Aten\u00e7\u00e3o! Nunca pague por promessas de emprego nem compre cursos que garantam contrata\u00e7\u00e3o. Desconfie de qualquer cobran\u00e7a para participar de sele\u00e7\u00f5es.\n\n\n\n<\/div>\n<!-- CONTENT END 1 -->\n","protected":false},"excerpt":{"rendered":"<p>A apresentadora Ana Hickmann tem vivido no m\u00ednimo um furac\u00e3o de coisas tendo a vida exposta de maneira repentina ap\u00f3s sua briga com o marido&#8230;<\/p>\n","protected":false},"author":1,"featured_media":5096,"comment_status":"open","ping_status":"open","sticky":false,"template":"","format":"standard","meta":{"_uag_custom_page_level_css":"","advanced_seo_description":"","jetpack_seo_html_title":"","jetpack_seo_noindex":false,"jetpack_post_was_ever_published":false,"_jetpack_newsletter_access":"","_jetpack_dont_email_post_to_subs":false,"_jetpack_newsletter_tier_id":0,"_jetpack_memberships_contains_paywalled_content":false,"_jetpack_memberships_contains_paid_content":false,"footnotes":"","jetpack_publicize_message":"","jetpack_publicize_feature_enabled":true,"jetpack_social_post_already_shared":true,"jetpack_social_options":{"image_generator_settings":{"template":"highway","default_image_id":0,"font":"","enabled":false},"version":2}},"categories":[1],"tags":[],"class_list":["post-5095","post","type-post","status-publish","format-standard","has-post-thumbnail","hentry","category-blog"],"jetpack_publicize_connections":[],"jetpack_featured_media_url":"https:\/\/i0.wp.com\/ismaelcolosi.com.br\/wp-content\/uploads\/2023\/11\/postimg-655ea98383b2b9767.jpg?fit=1200%2C628&ssl=1","uagb_featured_image_src":{"full":["https:\/\/i0.wp.com\/ismaelcolosi.com.br\/wp-content\/uploads\/2023\/11\/postimg-655ea98383b2b9767.jpg?fit=1200%2C628&ssl=1",1200,628,false],"thumbnail":["https:\/\/i0.wp.com\/ismaelcolosi.com.br\/wp-content\/uploads\/2023\/11\/postimg-655ea98383b2b9767.jpg?resize=150%2C150&ssl=1",150,150,true],"medium":["https:\/\/i0.wp.com\/ismaelcolosi.com.br\/wp-content\/uploads\/2023\/11\/postimg-655ea98383b2b9767.jpg?fit=300%2C157&ssl=1",300,157,true],"medium_large":["https:\/\/i0.wp.com\/ismaelcolosi.com.br\/wp-content\/uploads\/2023\/11\/postimg-655ea98383b2b9767.jpg?fit=768%2C402&ssl=1",768,402,true],"large":["https:\/\/i0.wp.com\/ismaelcolosi.com.br\/wp-content\/uploads\/2023\/11\/postimg-655ea98383b2b9767.jpg?fit=1024%2C536&ssl=1",1024,536,true],"1536x1536":["https:\/\/i0.wp.com\/ismaelcolosi.com.br\/wp-content\/uploads\/2023\/11\/postimg-655ea98383b2b9767.jpg?fit=1200%2C628&ssl=1",1200,628,true],"2048x2048":["https:\/\/i0.wp.com\/ismaelcolosi.com.br\/wp-content\/uploads\/2023\/11\/postimg-655ea98383b2b9767.jpg?fit=1200%2C628&ssl=1",1200,628,true],"really-simple-thumb":["https:\/\/i0.wp.com\/ismaelcolosi.com.br\/wp-content\/uploads\/2023\/11\/postimg-655ea98383b2b9767.jpg?resize=370%2C247&ssl=1",370,247,true]},"uagb_author_info":{"display_name":"ismaelcolosi.com.br","author_link":"https:\/\/ismaelcolosi.com.br\/index.php\/author\/vidareal-online\/"},"uagb_comment_info":0,"uagb_excerpt":"A apresentadora Ana Hickmann tem vivido no m\u00ednimo um furac\u00e3o de coisas tendo a vida exposta de maneira repentina ap\u00f3s sua briga com o marido...","jetpack-related-posts":[{"id":5930,"url":"https:\/\/ismaelcolosi.com.br\/index.php\/2023\/11\/24\/policia-arromba-apartamento-do-marido-de-ana-hickmann-e-motivo-sombrio-vem-a-tona\/","url_meta":{"origin":5095,"position":0},"title":"Policia arromba apartamento do marido de Ana Hickmann e motivo sombrio vem \u00e0 tona","author":"ismaelcolosi.com.br","date":"24 de November de 2023","format":false,"excerpt":"Em mais uma situa\u00e7\u00e3o surpreendente, policiais arrombaram o apartamento de Alexandre Correa, marido da famosa apresentadora Ana Hickmann, no bairro da Pompeia, em S\u00e3o Paulo. A a\u00e7\u00e3o policial, aconteceu nesta sexta, 24 de novembro.Este incidente \u00e9 o mais recente em uma s\u00e9rie de eventos tumultuados para o casal. H\u00e1 cerca\u2026","rel":"","context":"In &quot;Blog&quot;","block_context":{"text":"Blog","link":"https:\/\/ismaelcolosi.com.br\/index.php\/category\/blog\/"},"img":{"alt_text":"","src":"https:\/\/i0.wp.com\/ismaelcolosi.com.br\/wp-content\/uploads\/2023\/11\/postimg-656109f4d70b16281.jpg?fit=1200%2C628&ssl=1&resize=350%2C200","width":350,"height":200,"srcset":"https:\/\/i0.wp.com\/ismaelcolosi.com.br\/wp-content\/uploads\/2023\/11\/postimg-656109f4d70b16281.jpg?fit=1200%2C628&ssl=1&resize=350%2C200 1x, https:\/\/i0.wp.com\/ismaelcolosi.com.br\/wp-content\/uploads\/2023\/11\/postimg-656109f4d70b16281.jpg?fit=1200%2C628&ssl=1&resize=525%2C300 1.5x, https:\/\/i0.wp.com\/ismaelcolosi.com.br\/wp-content\/uploads\/2023\/11\/postimg-656109f4d70b16281.jpg?fit=1200%2C628&ssl=1&resize=700%2C400 2x, https:\/\/i0.wp.com\/ismaelcolosi.com.br\/wp-content\/uploads\/2023\/11\/postimg-656109f4d70b16281.jpg?fit=1200%2C628&ssl=1&resize=1050%2C600 3x"},"classes":[]},{"id":1571,"url":"https:\/\/ismaelcolosi.com.br\/index.php\/2023\/11\/13\/ana-hickmann-o-que-se-sabe-sobre-a-denuncia-contra-o-marido\/","url_meta":{"origin":5095,"position":1},"title":"Ana Hickmann: o que se sabe sobre a den\u00fancia contra o marido","author":"ismaelcolosi.com.br","date":"13 de November de 2023","format":false,"excerpt":"A apresentadora e ex-modelo Ana Hickmann registrou um boletim de ocorr\u00eancia por viol\u00eancia dom\u00e9stica e les\u00e3o corporal contra o marido, o empres\u00e1rio Alexandre Correa, no \u00faltimo s\u00e1bado, 11. Em nota divulgada neste domingo, 12, Ana afirmou que teve um \u201cdesentendimento\u201d com o parceiro. Em outra nota, Correa negou a agress\u00e3o.Em\u2026","rel":"","context":"In &quot;Not\u00edcias de Ribeir\u00e3o Preto-SP e Regi\u00e3o&quot;","block_context":{"text":"Not\u00edcias de Ribeir\u00e3o Preto-SP e Regi\u00e3o","link":"https:\/\/ismaelcolosi.com.br\/index.php\/category\/noticias-de-ribeirao-preto-sp-e-regiao-ismael-colosi\/"},"img":{"alt_text":"","src":"https:\/\/i0.wp.com\/ismaelcolosi.com.br\/wp-content\/uploads\/2023\/11\/ana-scaled.jpg?fit=1000%2C552&ssl=1&resize=350%2C200","width":350,"height":200,"srcset":"https:\/\/i0.wp.com\/ismaelcolosi.com.br\/wp-content\/uploads\/2023\/11\/ana-scaled.jpg?fit=1000%2C552&ssl=1&resize=350%2C200 1x, https:\/\/i0.wp.com\/ismaelcolosi.com.br\/wp-content\/uploads\/2023\/11\/ana-scaled.jpg?fit=1000%2C552&ssl=1&resize=525%2C300 1.5x, https:\/\/i0.wp.com\/ismaelcolosi.com.br\/wp-content\/uploads\/2023\/11\/ana-scaled.jpg?fit=1000%2C552&ssl=1&resize=700%2C400 2x"},"classes":[]},{"id":8038,"url":"https:\/\/ismaelcolosi.com.br\/index.php\/2023\/11\/29\/ana-hickmann-tem-pedido-negado-pela-justica-apos-pedir-divorcio-pela-maria-da-penha-contra-marido\/","url_meta":{"origin":5095,"position":2},"title":"Ana Hickmann tem pedido negado pela justi\u00e7a ap\u00f3s pedir div\u00f3rcio pela Maria da Penha contra marido","author":"ismaelcolosi.com.br","date":"29 de November de 2023","format":false,"excerpt":"A apresentadora Ana Hickmann tem vivido dias dif\u00edceis nas \u00faltimas semanas. Isso porque a famosa, que tem 42 anos, foi agredida pelo marido, o empres\u00e1rio Alexandre Corr\u00eaa, com quem \u00e9 casada h\u00e1 15 anos.No total, Ana e Alexandre j\u00e1 estavam juntos h\u00e1 25 anos. Os dois s\u00e3o pais do pequeno\u2026","rel":"","context":"In &quot;Blog&quot;","block_context":{"text":"Blog","link":"https:\/\/ismaelcolosi.com.br\/index.php\/category\/blog\/"},"img":{"alt_text":"","src":"https:\/\/i0.wp.com\/ismaelcolosi.com.br\/wp-content\/uploads\/2023\/11\/postimg-6567392438ac57662.jpg?fit=1200%2C628&ssl=1&resize=350%2C200","width":350,"height":200,"srcset":"https:\/\/i0.wp.com\/ismaelcolosi.com.br\/wp-content\/uploads\/2023\/11\/postimg-6567392438ac57662.jpg?fit=1200%2C628&ssl=1&resize=350%2C200 1x, https:\/\/i0.wp.com\/ismaelcolosi.com.br\/wp-content\/uploads\/2023\/11\/postimg-6567392438ac57662.jpg?fit=1200%2C628&ssl=1&resize=525%2C300 1.5x, https:\/\/i0.wp.com\/ismaelcolosi.com.br\/wp-content\/uploads\/2023\/11\/postimg-6567392438ac57662.jpg?fit=1200%2C628&ssl=1&resize=700%2C400 2x, https:\/\/i0.wp.com\/ismaelcolosi.com.br\/wp-content\/uploads\/2023\/11\/postimg-6567392438ac57662.jpg?fit=1200%2C628&ssl=1&resize=1050%2C600 3x"},"classes":[]},{"id":18448,"url":"https:\/\/ismaelcolosi.com.br\/index.php\/2023\/12\/20\/bomba-alem-de-agressao-ana-hickmann-denuncia-outros-crimes-graves-de-alexandre-correa\/","url_meta":{"origin":5095,"position":3},"title":"Bomba! Al\u00e9m de agress\u00e3o, Ana Hickmann denuncia outros crimes graves de Alexandre Correa","author":"ismaelcolosi.com.br","date":"20 de December de 2023","format":false,"excerpt":"A vida pessoal da apresentadora Ana Hickmann n\u00e3o para de render assunto nos portais de not\u00edcias e redes sociais desde que ela denunciou o marido por agress\u00e3o. A famosa, de 42 anos, foi agredida fisicamente por Alexandre Correa e fez um boletim de ocorr\u00eancia na delegacia de Itu, no interior\u2026","rel":"","context":"In &quot;Blog&quot;","block_context":{"text":"Blog","link":"https:\/\/ismaelcolosi.com.br\/index.php\/category\/blog\/"},"img":{"alt_text":"","src":"https:\/\/i0.wp.com\/ismaelcolosi.com.br\/wp-content\/uploads\/2023\/12\/postimg-6582eaee3d2f03256.jpg?fit=1200%2C628&ssl=1&resize=350%2C200","width":350,"height":200,"srcset":"https:\/\/i0.wp.com\/ismaelcolosi.com.br\/wp-content\/uploads\/2023\/12\/postimg-6582eaee3d2f03256.jpg?fit=1200%2C628&ssl=1&resize=350%2C200 1x, https:\/\/i0.wp.com\/ismaelcolosi.com.br\/wp-content\/uploads\/2023\/12\/postimg-6582eaee3d2f03256.jpg?fit=1200%2C628&ssl=1&resize=525%2C300 1.5x, https:\/\/i0.wp.com\/ismaelcolosi.com.br\/wp-content\/uploads\/2023\/12\/postimg-6582eaee3d2f03256.jpg?fit=1200%2C628&ssl=1&resize=700%2C400 2x, https:\/\/i0.wp.com\/ismaelcolosi.com.br\/wp-content\/uploads\/2023\/12\/postimg-6582eaee3d2f03256.jpg?fit=1200%2C628&ssl=1&resize=1050%2C600 3x"},"classes":[]},{"id":14125,"url":"https:\/\/ismaelcolosi.com.br\/index.php\/2023\/12\/11\/ana-hickmann-descobre-que-marido-se-uniu-a-duas-mulheres-para-dar-golpe-detalhes-sao-expostos\/","url_meta":{"origin":5095,"position":4},"title":"Ana Hickmann descobre que marido se uniu a duas mulheres para dar golpe; detalhes s\u00e3o expostos","author":"ismaelcolosi.com.br","date":"11 de December de 2023","format":false,"excerpt":"A apresentadora Ana Hickmann deu novas declara\u00e7\u00f5es bomb\u00e1sticas envolvendo o marido, o empres\u00e1rio Alexandre Correa. De acordo com as informa\u00e7\u00f5es divulgadas pela famosa, o pai de seu filho teria se unido a outras pessoas para lhe dar um grande golpe financeiro.Alexandre, de acordo com o documento protocolado pelos advogados de\u2026","rel":"","context":"In &quot;Blog&quot;","block_context":{"text":"Blog","link":"https:\/\/ismaelcolosi.com.br\/index.php\/category\/blog\/"},"img":{"alt_text":"","src":"https:\/\/i0.wp.com\/ismaelcolosi.com.br\/wp-content\/uploads\/2023\/12\/postimg-6577791e3bc225734.jpg?fit=1200%2C628&ssl=1&resize=350%2C200","width":350,"height":200,"srcset":"https:\/\/i0.wp.com\/ismaelcolosi.com.br\/wp-content\/uploads\/2023\/12\/postimg-6577791e3bc225734.jpg?fit=1200%2C628&ssl=1&resize=350%2C200 1x, https:\/\/i0.wp.com\/ismaelcolosi.com.br\/wp-content\/uploads\/2023\/12\/postimg-6577791e3bc225734.jpg?fit=1200%2C628&ssl=1&resize=525%2C300 1.5x, https:\/\/i0.wp.com\/ismaelcolosi.com.br\/wp-content\/uploads\/2023\/12\/postimg-6577791e3bc225734.jpg?fit=1200%2C628&ssl=1&resize=700%2C400 2x, https:\/\/i0.wp.com\/ismaelcolosi.com.br\/wp-content\/uploads\/2023\/12\/postimg-6577791e3bc225734.jpg?fit=1200%2C628&ssl=1&resize=1050%2C600 3x"},"classes":[]},{"id":10638,"url":"https:\/\/ismaelcolosi.com.br\/index.php\/2023\/12\/04\/apos-gesto-surpreendente-do-ex-de-ana-hickmann-advogado-explica-desistiu-inicialmente\/","url_meta":{"origin":5095,"position":5},"title":"Ap\u00f3s gesto surpreendente do ex de Ana Hickmann, advogado explica: &#8220;Desistiu inicialmente&#8221;","author":"ismaelcolosi.com.br","date":"4 de December de 2023","format":false,"excerpt":"O caso Ana Hickmann tem vivido algumas reviravoltas por ambas as partes. A apresentadora j\u00e1 veio a p\u00fablico desmentir algumas not\u00edcias e agora o motivo de uma postagem dela sobre uma suposta boa noticia pode ter sido revelado.Ap\u00f3s divulga\u00e7\u00e3o do jornal O Estado de S\u00e3o Paulo que o ex marido,\u2026","rel":"","context":"In &quot;Blog&quot;","block_context":{"text":"Blog","link":"https:\/\/ismaelcolosi.com.br\/index.php\/category\/blog\/"},"img":{"alt_text":"","src":"https:\/\/i0.wp.com\/ismaelcolosi.com.br\/wp-content\/uploads\/2023\/12\/postimg-656e55537ad333948.jpg?fit=1200%2C628&ssl=1&resize=350%2C200","width":350,"height":200,"srcset":"https:\/\/i0.wp.com\/ismaelcolosi.com.br\/wp-content\/uploads\/2023\/12\/postimg-656e55537ad333948.jpg?fit=1200%2C628&ssl=1&resize=350%2C200 1x, https:\/\/i0.wp.com\/ismaelcolosi.com.br\/wp-content\/uploads\/2023\/12\/postimg-656e55537ad333948.jpg?fit=1200%2C628&ssl=1&resize=525%2C300 1.5x, https:\/\/i0.wp.com\/ismaelcolosi.com.br\/wp-content\/uploads\/2023\/12\/postimg-656e55537ad333948.jpg?fit=1200%2C628&ssl=1&resize=700%2C400 2x, https:\/\/i0.wp.com\/ismaelcolosi.com.br\/wp-content\/uploads\/2023\/12\/postimg-656e55537ad333948.jpg?fit=1200%2C628&ssl=1&resize=1050%2C600 3x"},"classes":[]}],"jetpack_sharing_enabled":true,"jetpack_shortlink":"https:\/\/wp.me\/pfMlyK-1kb","_links":{"self":[{"href":"https:\/\/ismaelcolosi.com.br\/index.php\/wp-json\/wp\/v2\/posts\/5095","targetHints":{"allow":["GET"]}}],"collection":[{"href":"https:\/\/ismaelcolosi.com.br\/index.php\/wp-json\/wp\/v2\/posts"}],"about":[{"href":"https:\/\/ismaelcolosi.com.br\/index.php\/wp-json\/wp\/v2\/types\/post"}],"author":[{"embeddable":true,"href":"https:\/\/ismaelcolosi.com.br\/index.php\/wp-json\/wp\/v2\/users\/1"}],"replies":[{"embeddable":true,"href":"https:\/\/ismaelcolosi.com.br\/index.php\/wp-json\/wp\/v2\/comments?post=5095"}],"version-history":[{"count":0,"href":"https:\/\/ismaelcolosi.com.br\/index.php\/wp-json\/wp\/v2\/posts\/5095\/revisions"}],"wp:featuredmedia":[{"embeddable":true,"href":"https:\/\/ismaelcolosi.com.br\/index.php\/wp-json\/wp\/v2\/media\/5096"}],"wp:attachment":[{"href":"https:\/\/ismaelcolosi.com.br\/index.php\/wp-json\/wp\/v2\/media?parent=5095"}],"wp:term":[{"taxonomy":"category","embeddable":true,"href":"https:\/\/ismaelcolosi.com.br\/index.php\/wp-json\/wp\/v2\/categories?post=5095"},{"taxonomy":"post_tag","embeddable":true,"href":"https:\/\/ismaelcolosi.com.br\/index.php\/wp-json\/wp\/v2\/tags?post=5095"}],"curies":[{"name":"wp","href":"https:\/\/api.w.org\/{rel}","templated":true}]}}