{"id":50946,"date":"2024-05-21T23:16:29","date_gmt":"2024-05-22T02:16:29","guid":{"rendered":"https:\/\/ismaelcolosi.com.br\/index.php\/2024\/05\/21\/warner-bros-discovery-e-destaque-no-evento-reconhecimento-em-praticas-e-acoes-de-diversidade\/"},"modified":"2024-05-21T23:16:29","modified_gmt":"2024-05-22T02:16:29","slug":"warner-bros-discovery-e-destaque-no-evento-reconhecimento-em-praticas-e-acoes-de-diversidade","status":"publish","type":"post","link":"https:\/\/ismaelcolosi.com.br\/index.php\/2024\/05\/21\/warner-bros-discovery-e-destaque-no-evento-reconhecimento-em-praticas-e-acoes-de-diversidade\/","title":{"rendered":"Warner Bros. Discovery \u00e9 destaque no evento &#8220;Reconhecimento em Pr\u00e1ticas e A\u00e7\u00f5es de Diversidade&#8221;"},"content":{"rendered":"<p> <br \/>\n<\/p>\n<div>\n<h3 class=\"fn__maintitle\"><span>Warner Bros. Discovery \u00e9 destaque no evento \u201cReconhecimento em Pr\u00e1ticas e A\u00e7\u00f5es de Diversidade\u201d<\/span><\/h3>\n<\/div>\n<div>\n<p style=\"text-align: center;\"><strong><i>O programa \u201cNarrativas Negras N\u00e3o Contadas \u2013 Black Brazil Unspoken\u201d foi premiado na categoria \u201cAscens\u00e3o de profissionais negros\u201d<\/i><\/strong><\/p>\n<p>A Warner Bros. Discovery foi condecorada na terceira edi\u00e7\u00e3o do evento \u201cReconhecimento das Melhores e A\u00e7\u00f5es de Diversidade\u201d, realizado pela Iniciativa Empresarial de Igualdade Racial, pelo programa de acelera\u00e7\u00e3o e desenvolvimento de talentos\u00a0<strong>Narrativas Negras N\u00e3o Contadas \u2013 Black Brazil Unspoken<\/strong>.<\/p>\n<p><strong>Narrativas Negras N\u00e3o Contadas \u2013 Black Brazil Unspoken<\/strong>\u00a0\u00e9 desenvolvido em parceria com a\u00a0<strong>WIP Ventures<\/strong>\u00a0\u2013 gestora de propriedades intelectuais e desenvolvedora de neg\u00f3cios no entretenimento \u2013 e tem como objetivo gerar acesso e desenvolvimento para roteiristas e diretores da comunidade negra, que ter\u00e3o suas hist\u00f3rias produzidas e veiculadas nas plataformas da empresa. Ap\u00f3s tr\u00eas meses de ciclo formativo remunerado para 10 participantes, com aulas ministradas por profissionais negros renomados do mercado audiovisual, como\u00a0<strong>Em\u00edlio Domingues,<\/strong>\u00a0<strong>Everlane Moraes<\/strong>\u00a0e\u00a0<strong>Chica Andrade<\/strong>, al\u00e9m de talentos internos da WBD, tr\u00eas projetos de curtas documentais foram selecionados e j\u00e1 est\u00e3o sendo produzidos. A previs\u00e3o \u00e9 de que sejam lan\u00e7ados pela WBD ainda esse ano.<\/p>\n<div id=\"attachment_2722\" style=\"width: 1610px\" class=\"wp-caption aligncenter\"><\/p>\n<p id=\"caption-attachment-2722\" class=\"wp-caption-text\">Maristela Zago, gerente de Diversidade<\/p>\n<\/div>\n<p>A iniciativa faz parte da plataforma de Diversidade, Equidade e Inclus\u00e3o da companhia, a\u00a0<strong>WBD Access<\/strong>, que atua por meio de programas de desenvolvimento e mentoria, gerando oportunidades e exposi\u00e7\u00e3o na m\u00eddia, operando como um poderoso canal que conecta talentos de grupos subrepresentados aos nossos conte\u00fados e marcas.<\/p>\n<p>A terceira edi\u00e7\u00e3o do evento \u201cReconhecimento das Melhores Empresas em Pr\u00e1ticas e A\u00e7\u00f5es da Diversidade\u201d \u00e9 uma celebra\u00e7\u00e3o ao 13 de maio, data que marca os 136 anos da aboli\u00e7\u00e3o da escravatura. A a\u00e7\u00e3o tem como parceiros a C\u00e2mara Brasil-Alemanha e o apoio do Movimento Mulher 360, ABRH, APP Brasil, F\u00f3rum de Empresas e Direitos LGBTI+. Uma banca formada por integrantes da Comiss\u00e3o Organizadora e especialistas t\u00e9cnicos (com conhecimentos relativos ao eixo tem\u00e1tico do concurso) avaliaram mais de 60 projetos de organiza\u00e7\u00f5es de m\u00e9dio e grande porte, dos mais variados segmentos.<\/p>\n<div class=\"popito_fn_votewrap\">\n<h3 class=\"vote_title\">Como voc\u00ea vota? <\/h3>\n<div class=\"popito_fn_votes \" data-id=\"2719\">\n<p>0 People voted this article. 0 Upvotes &#8211; 0 Downvotes.<\/p>\n<\/div>\n<\/div>\n<\/div>\n<p><br \/>\n<br \/><a href=\"https:\/\/popito.com.br\/warner-bros-discovery-e-destaque-no-evento-reconhecimento-em-praticas-e-acoes-de-diversidade\/\">Source link <\/a><\/p>\n<div class='code-block code-block-4' style='margin: 8px auto 8px 0; text-align: left; display: block; clear: both;'>\n\ud83d\udce2 Aviso Legal\n\nO site ismaelcolosi.com.br atua apenas como um canal de divulga\u00e7\u00e3o de oportunidades de emprego e n\u00e3o se responsabiliza pelo processo seletivo, contrata\u00e7\u00e3o ou qualquer outra etapa relacionada \u00e0s vagas publicadas. Todas as informa\u00e7\u00f5es s\u00e3o de responsabilidade dos anunciantes.\n\n\u26a0\ufe0f Aten\u00e7\u00e3o! Nunca pague por promessas de emprego nem compre cursos que garantam contrata\u00e7\u00e3o. Desconfie de qualquer cobran\u00e7a para participar de sele\u00e7\u00f5es.\n\n\n\n<\/div>\n<!-- CONTENT END 1 -->\n","protected":false},"excerpt":{"rendered":"<p>Warner Bros. Discovery \u00e9 destaque no evento \u201cReconhecimento em Pr\u00e1ticas e A\u00e7\u00f5es de Diversidade\u201d O programa \u201cNarrativas Negras N\u00e3o Contadas \u2013 Black Brazil Unspoken\u201d foi&#8230;<\/p>\n","protected":false},"author":1,"featured_media":50947,"comment_status":"open","ping_status":"open","sticky":false,"template":"","format":"standard","meta":{"_uag_custom_page_level_css":"","advanced_seo_description":"","jetpack_seo_html_title":"","jetpack_seo_noindex":false,"jetpack_post_was_ever_published":false,"_jetpack_newsletter_access":"","_jetpack_dont_email_post_to_subs":false,"_jetpack_newsletter_tier_id":0,"_jetpack_memberships_contains_paywalled_content":false,"_jetpack_memberships_contains_paid_content":false,"footnotes":"","jetpack_publicize_message":"","jetpack_publicize_feature_enabled":true,"jetpack_social_post_already_shared":false,"jetpack_social_options":{"image_generator_settings":{"template":"highway","default_image_id":0,"font":"","enabled":false},"version":2}},"categories":[11],"tags":[1459,5359,1431,5805,5845,773,5423,5844,5358],"class_list":["post-50946","post","type-post","status-publish","format-standard","has-post-thumbnail","hentry","category-noticias-de-ribeirao-preto-sp-e-regiao-ismael-colosi","tag-acoes","tag-bros","tag-destaque","tag-discovery","tag-diversidade","tag-evento","tag-praticas","tag-reconhecimento","tag-warner"],"jetpack_publicize_connections":[],"jetpack_featured_media_url":"https:\/\/i0.wp.com\/ismaelcolosi.com.br\/wp-content\/uploads\/2024\/05\/FEF7160.jpg?fit=1600%2C900&ssl=1","uagb_featured_image_src":{"full":["https:\/\/i0.wp.com\/ismaelcolosi.com.br\/wp-content\/uploads\/2024\/05\/FEF7160.jpg?fit=1600%2C900&ssl=1",1600,900,false],"thumbnail":["https:\/\/i0.wp.com\/ismaelcolosi.com.br\/wp-content\/uploads\/2024\/05\/FEF7160.jpg?resize=150%2C150&ssl=1",150,150,true],"medium":["https:\/\/i0.wp.com\/ismaelcolosi.com.br\/wp-content\/uploads\/2024\/05\/FEF7160.jpg?fit=300%2C169&ssl=1",300,169,true],"medium_large":["https:\/\/i0.wp.com\/ismaelcolosi.com.br\/wp-content\/uploads\/2024\/05\/FEF7160.jpg?fit=768%2C432&ssl=1",768,432,true],"large":["https:\/\/i0.wp.com\/ismaelcolosi.com.br\/wp-content\/uploads\/2024\/05\/FEF7160.jpg?fit=1024%2C576&ssl=1",1024,576,true],"1536x1536":["https:\/\/i0.wp.com\/ismaelcolosi.com.br\/wp-content\/uploads\/2024\/05\/FEF7160.jpg?fit=1536%2C864&ssl=1",1536,864,true],"2048x2048":["https:\/\/i0.wp.com\/ismaelcolosi.com.br\/wp-content\/uploads\/2024\/05\/FEF7160.jpg?fit=1600%2C900&ssl=1",1600,900,true],"really-simple-thumb":["https:\/\/i0.wp.com\/ismaelcolosi.com.br\/wp-content\/uploads\/2024\/05\/FEF7160.jpg?resize=370%2C247&ssl=1",370,247,true]},"uagb_author_info":{"display_name":"ismaelcolosi.com.br","author_link":"https:\/\/ismaelcolosi.com.br\/index.php\/author\/vidareal-online\/"},"uagb_comment_info":0,"uagb_excerpt":"Warner Bros. Discovery \u00e9 destaque no evento \u201cReconhecimento em Pr\u00e1ticas e A\u00e7\u00f5es de Diversidade\u201d O programa \u201cNarrativas Negras N\u00e3o Contadas \u2013 Black Brazil Unspoken\u201d foi...","jetpack-related-posts":[{"id":86642,"url":"https:\/\/ismaelcolosi.com.br\/index.php\/2025\/07\/15\/qualificacao-cresce-mas-presenca-ainda-e-timida-2\/","url_meta":{"origin":50946,"position":0},"title":"Qualifica\u00e7\u00e3o Cresce, Mas Presen\u00e7a Ainda \u00e9 T\u00edmida","author":"ismaelcolosi.com.br","date":"15 de July de 2025","format":false,"excerpt":"\r Bevan Goldswain\/Getty Images\r Mulheres ocupam apenas 12% das cadeiras em conselhos de administra\u00e7\u00e3o no Brasil, e recorte racial torna o cen\u00e1rio ainda mais excludente\r Acessibilidade \r L\r L\r A-\r A+\r \r \u25d0\r \r \u00a0 O Senado aprovou, em junho deste ano, o Projeto de Lei 1246\/2021, que determina que\u2026","rel":"","context":"In &quot;Carreira e Sucesso&quot;","block_context":{"text":"Carreira e Sucesso","link":"https:\/\/ismaelcolosi.com.br\/index.php\/category\/carreira-e-sucesso-dicas-para-carreira\/"},"img":{"alt_text":"","src":"https:\/\/i0.wp.com\/ismaelcolosi.com.br\/wp-content\/uploads\/2025\/07\/1752566902_forbes-mulheres-negras-em-conselhos-1200x675.jpg?fit=1200%2C675&ssl=1&resize=350%2C200","width":350,"height":200,"srcset":"https:\/\/i0.wp.com\/ismaelcolosi.com.br\/wp-content\/uploads\/2025\/07\/1752566902_forbes-mulheres-negras-em-conselhos-1200x675.jpg?fit=1200%2C675&ssl=1&resize=350%2C200 1x, https:\/\/i0.wp.com\/ismaelcolosi.com.br\/wp-content\/uploads\/2025\/07\/1752566902_forbes-mulheres-negras-em-conselhos-1200x675.jpg?fit=1200%2C675&ssl=1&resize=525%2C300 1.5x, https:\/\/i0.wp.com\/ismaelcolosi.com.br\/wp-content\/uploads\/2025\/07\/1752566902_forbes-mulheres-negras-em-conselhos-1200x675.jpg?fit=1200%2C675&ssl=1&resize=700%2C400 2x, https:\/\/i0.wp.com\/ismaelcolosi.com.br\/wp-content\/uploads\/2025\/07\/1752566902_forbes-mulheres-negras-em-conselhos-1200x675.jpg?fit=1200%2C675&ssl=1&resize=1050%2C600 3x"},"classes":[]},{"id":57845,"url":"https:\/\/ismaelcolosi.com.br\/index.php\/2024\/07\/25\/conheca-executivas-negras-a-frente-de-grandes-empresas\/","url_meta":{"origin":50946,"position":1},"title":"Conhe\u00e7a executivas negras \u00e0 frente de grandes empresas","author":"ismaelcolosi.com.br","date":"25 de July de 2024","format":false,"excerpt":"\u00a0 Acessibilidade L L A- A+ \u25d0 Ser a \u00fanica no processo seletivo, na reuni\u00e3o, no time. A primeira no cargo, na diretoria, na empresa. A solid\u00e3o vivida por mulheres negras no mundo corporativo se intensifica ao passo que elas quebram o teto de vidro e assumem posi\u00e7\u00f5es de destaque\u2026","rel":"","context":"In &quot;Carreira e Sucesso&quot;","block_context":{"text":"Carreira e Sucesso","link":"https:\/\/ismaelcolosi.com.br\/index.php\/category\/carreira-e-sucesso-dicas-para-carreira\/"},"img":{"alt_text":"","src":"https:\/\/i0.wp.com\/ismaelcolosi.com.br\/wp-content\/uploads\/2024\/07\/mulher-samantha-almeida-1-1024x683.jpg?fit=1024%2C683&ssl=1&resize=350%2C200","width":350,"height":200,"srcset":"https:\/\/i0.wp.com\/ismaelcolosi.com.br\/wp-content\/uploads\/2024\/07\/mulher-samantha-almeida-1-1024x683.jpg?fit=1024%2C683&ssl=1&resize=350%2C200 1x, https:\/\/i0.wp.com\/ismaelcolosi.com.br\/wp-content\/uploads\/2024\/07\/mulher-samantha-almeida-1-1024x683.jpg?fit=1024%2C683&ssl=1&resize=525%2C300 1.5x, https:\/\/i0.wp.com\/ismaelcolosi.com.br\/wp-content\/uploads\/2024\/07\/mulher-samantha-almeida-1-1024x683.jpg?fit=1024%2C683&ssl=1&resize=700%2C400 2x"},"classes":[]},{"id":86630,"url":"https:\/\/ismaelcolosi.com.br\/index.php\/2025\/07\/14\/qualificacao-cresce-mas-presenca-ainda-e-timida\/","url_meta":{"origin":50946,"position":2},"title":"Qualifica\u00e7\u00e3o Cresce, Mas Presen\u00e7a Ainda \u00e9 T\u00edmida","author":"ismaelcolosi.com.br","date":"14 de July de 2025","format":false,"excerpt":"\r Bevan Goldswain\/Getty Images\r Mulheres ocupam apenas 12% das cadeiras em conselhos de administra\u00e7\u00e3o no Brasil, e recorte racial torna o cen\u00e1rio ainda mais excludente\r Acessibilidade \r L\r L\r A-\r A+\r \r \u25d0\r \r \u00a0 O Senado aprovou, em junho deste ano, o Projeto de Lei 1246\/2021, que determina que\u2026","rel":"","context":"In &quot;Carreira e Sucesso&quot;","block_context":{"text":"Carreira e Sucesso","link":"https:\/\/ismaelcolosi.com.br\/index.php\/category\/carreira-e-sucesso-dicas-para-carreira\/"},"img":{"alt_text":"","src":"https:\/\/i0.wp.com\/ismaelcolosi.com.br\/wp-content\/uploads\/2025\/07\/forbes-mulheres-negras-em-conselhos-1200x675.jpg?fit=1200%2C675&ssl=1&resize=350%2C200","width":350,"height":200,"srcset":"https:\/\/i0.wp.com\/ismaelcolosi.com.br\/wp-content\/uploads\/2025\/07\/forbes-mulheres-negras-em-conselhos-1200x675.jpg?fit=1200%2C675&ssl=1&resize=350%2C200 1x, https:\/\/i0.wp.com\/ismaelcolosi.com.br\/wp-content\/uploads\/2025\/07\/forbes-mulheres-negras-em-conselhos-1200x675.jpg?fit=1200%2C675&ssl=1&resize=525%2C300 1.5x, https:\/\/i0.wp.com\/ismaelcolosi.com.br\/wp-content\/uploads\/2025\/07\/forbes-mulheres-negras-em-conselhos-1200x675.jpg?fit=1200%2C675&ssl=1&resize=700%2C400 2x, https:\/\/i0.wp.com\/ismaelcolosi.com.br\/wp-content\/uploads\/2025\/07\/forbes-mulheres-negras-em-conselhos-1200x675.jpg?fit=1200%2C675&ssl=1&resize=1050%2C600 3x"},"classes":[]},{"id":75833,"url":"https:\/\/ismaelcolosi.com.br\/index.php\/2024\/11\/08\/heineken-passa-a-ter-36-de-negros-em-cargos-de-chefia-no-brasil-e-quer-40-ate-2030\/","url_meta":{"origin":50946,"position":3},"title":"Heineken passa a ter 36% de negros em cargos de chefia no Brasil e quer 40% at\u00e9 2030","author":"ismaelcolosi.com.br","date":"8 de November de 2024","format":false,"excerpt":"Matheus Almeidai Matheus Almeida 08\/11\/2024 - 7:30 O grupo Heineken anunciou avan\u00e7os no compromisso firmado com o Movimento pela Equidade Racial (Mover) de ter 40% de pessoas pretas e pardas em cargos de lideran\u00e7a no Brasil at\u00e9 2030. A empresa assinou a promessa em 2021, ent\u00e3o com 26% dos l\u00edderes\u2026","rel":"","context":"In &quot;Empregos - Classificados&quot;","block_context":{"text":"Empregos - Classificados","link":"https:\/\/ismaelcolosi.com.br\/index.php\/category\/empregos-classificados-vagas-trabalho\/"},"img":{"alt_text":"","src":"https:\/\/i0.wp.com\/ismaelcolosi.com.br\/wp-content\/uploads\/2024\/11\/vetusa.jpg?fit=830%2C583&ssl=1&resize=350%2C200","width":350,"height":200,"srcset":"https:\/\/i0.wp.com\/ismaelcolosi.com.br\/wp-content\/uploads\/2024\/11\/vetusa.jpg?fit=830%2C583&ssl=1&resize=350%2C200 1x, https:\/\/i0.wp.com\/ismaelcolosi.com.br\/wp-content\/uploads\/2024\/11\/vetusa.jpg?fit=830%2C583&ssl=1&resize=525%2C300 1.5x, https:\/\/i0.wp.com\/ismaelcolosi.com.br\/wp-content\/uploads\/2024\/11\/vetusa.jpg?fit=830%2C583&ssl=1&resize=700%2C400 2x"},"classes":[]},{"id":47311,"url":"https:\/\/ismaelcolosi.com.br\/index.php\/2024\/04\/25\/onde-estao-os-indigenas-no-mercado-de-trabalho\/","url_meta":{"origin":50946,"position":4},"title":"Onde est\u00e3o os ind\u00edgenas no mercado de trabalho?","author":"ismaelcolosi.com.br","date":"25 de April de 2024","format":false,"excerpt":"Ellen Acioli, executiva de um banco de desenvolvimento que atua na Am\u00e9rica Latina e no Caribe, conta como se reconheceu ind\u00edgena ao longo da carreira Os ind\u00edgenas representam 1% dos trabalhadores nas maiores empresas do Brasil, segundo levantamento do Instituto Ethos. Na lideran\u00e7a, esse n\u00famero cai para 0,1% (apenas em\u2026","rel":"","context":"In &quot;Carreira e Sucesso&quot;","block_context":{"text":"Carreira e Sucesso","link":"https:\/\/ismaelcolosi.com.br\/index.php\/category\/carreira-e-sucesso-dicas-para-carreira\/"},"img":{"alt_text":"","src":"https:\/\/i0.wp.com\/ismaelcolosi.com.br\/wp-content\/uploads\/2024\/04\/carreira-indigenas-mercado-trabalho-1024x683.jpg?fit=1024%2C683&ssl=1&resize=350%2C200","width":350,"height":200,"srcset":"https:\/\/i0.wp.com\/ismaelcolosi.com.br\/wp-content\/uploads\/2024\/04\/carreira-indigenas-mercado-trabalho-1024x683.jpg?fit=1024%2C683&ssl=1&resize=350%2C200 1x, https:\/\/i0.wp.com\/ismaelcolosi.com.br\/wp-content\/uploads\/2024\/04\/carreira-indigenas-mercado-trabalho-1024x683.jpg?fit=1024%2C683&ssl=1&resize=525%2C300 1.5x, https:\/\/i0.wp.com\/ismaelcolosi.com.br\/wp-content\/uploads\/2024\/04\/carreira-indigenas-mercado-trabalho-1024x683.jpg?fit=1024%2C683&ssl=1&resize=700%2C400 2x"},"classes":[]},{"id":45009,"url":"https:\/\/ismaelcolosi.com.br\/index.php\/2024\/04\/01\/warner-bros-reune-fas-do-monsterverse-em-pre-estreia-de-godzilla-e-kong-o-novo-imperio\/","url_meta":{"origin":50946,"position":5},"title":"Warner Bros. re\u00fane f\u00e3s do monsterverse em pr\u00e9-estreia de Godzilla e Kong: O Novo Imp\u00e9rio","author":"ismaelcolosi.com.br","date":"1 de April de 2024","format":false,"excerpt":"Warner Bros. re\u00fane f\u00e3s do monsterverse em pr\u00e9-estreia de Godzilla e Kong: O Novo Imp\u00e9rioA Warner Bros. Pictures agitou S\u00e3o Paulo nesta quarta-feira (27) com a pr\u00e9-estreia de Godzilla e Kong: O Novo Imp\u00e9rio, nova produ\u00e7\u00e3o do Monsterverse da franquia cinematogr\u00e1fica da Legendary Pictures. Com f\u00e3s e admiradores da saga,\u2026","rel":"","context":"In &quot;Not\u00edcias de Ribeir\u00e3o Preto-SP e Regi\u00e3o&quot;","block_context":{"text":"Not\u00edcias de Ribeir\u00e3o Preto-SP e Regi\u00e3o","link":"https:\/\/ismaelcolosi.com.br\/index.php\/category\/noticias-de-ribeirao-preto-sp-e-regiao-ismael-colosi\/"},"img":{"alt_text":"","src":"https:\/\/i0.wp.com\/ismaelcolosi.com.br\/wp-content\/uploads\/2024\/04\/1712008231_maxresdefault.jpg?fit=1200%2C675&ssl=1&resize=350%2C200","width":350,"height":200,"srcset":"https:\/\/i0.wp.com\/ismaelcolosi.com.br\/wp-content\/uploads\/2024\/04\/1712008231_maxresdefault.jpg?fit=1200%2C675&ssl=1&resize=350%2C200 1x, https:\/\/i0.wp.com\/ismaelcolosi.com.br\/wp-content\/uploads\/2024\/04\/1712008231_maxresdefault.jpg?fit=1200%2C675&ssl=1&resize=525%2C300 1.5x, https:\/\/i0.wp.com\/ismaelcolosi.com.br\/wp-content\/uploads\/2024\/04\/1712008231_maxresdefault.jpg?fit=1200%2C675&ssl=1&resize=700%2C400 2x, https:\/\/i0.wp.com\/ismaelcolosi.com.br\/wp-content\/uploads\/2024\/04\/1712008231_maxresdefault.jpg?fit=1200%2C675&ssl=1&resize=1050%2C600 3x"},"classes":[]}],"jetpack_sharing_enabled":true,"jetpack_shortlink":"https:\/\/wp.me\/pfMlyK-dfI","_links":{"self":[{"href":"https:\/\/ismaelcolosi.com.br\/index.php\/wp-json\/wp\/v2\/posts\/50946","targetHints":{"allow":["GET"]}}],"collection":[{"href":"https:\/\/ismaelcolosi.com.br\/index.php\/wp-json\/wp\/v2\/posts"}],"about":[{"href":"https:\/\/ismaelcolosi.com.br\/index.php\/wp-json\/wp\/v2\/types\/post"}],"author":[{"embeddable":true,"href":"https:\/\/ismaelcolosi.com.br\/index.php\/wp-json\/wp\/v2\/users\/1"}],"replies":[{"embeddable":true,"href":"https:\/\/ismaelcolosi.com.br\/index.php\/wp-json\/wp\/v2\/comments?post=50946"}],"version-history":[{"count":0,"href":"https:\/\/ismaelcolosi.com.br\/index.php\/wp-json\/wp\/v2\/posts\/50946\/revisions"}],"wp:featuredmedia":[{"embeddable":true,"href":"https:\/\/ismaelcolosi.com.br\/index.php\/wp-json\/wp\/v2\/media\/50947"}],"wp:attachment":[{"href":"https:\/\/ismaelcolosi.com.br\/index.php\/wp-json\/wp\/v2\/media?parent=50946"}],"wp:term":[{"taxonomy":"category","embeddable":true,"href":"https:\/\/ismaelcolosi.com.br\/index.php\/wp-json\/wp\/v2\/categories?post=50946"},{"taxonomy":"post_tag","embeddable":true,"href":"https:\/\/ismaelcolosi.com.br\/index.php\/wp-json\/wp\/v2\/tags?post=50946"}],"curies":[{"name":"wp","href":"https:\/\/api.w.org\/{rel}","templated":true}]}}