{"id":5089,"date":"2023-11-22T21:59:28","date_gmt":"2023-11-23T00:59:28","guid":{"rendered":"https:\/\/ismaelcolosi.com.br\/index.php\/2023\/11\/22\/utm_sourcerssutm_mediumrssutm_campaignhomem-e-preso-apos-esfaquear-ex-na-vila-tiberio\/"},"modified":"2023-11-22T21:59:28","modified_gmt":"2023-11-23T00:59:28","slug":"utm_sourcerssutm_mediumrssutm_campaignhomem-e-preso-apos-esfaquear-ex-na-vila-tiberio","status":"publish","type":"post","link":"https:\/\/ismaelcolosi.com.br\/index.php\/2023\/11\/22\/utm_sourcerssutm_mediumrssutm_campaignhomem-e-preso-apos-esfaquear-ex-na-vila-tiberio\/","title":{"rendered":"Homem \u00e9 preso ap\u00f3s esfaquear ex na Vila Tib\u00e9rio \u2013 X Tudo Ribeir\u00e3o"},"content":{"rendered":"<p> <br \/>\n<\/p>\n<div>\n<p>Um homem de 55 anos foi preso, na noite desta ter\u00e7a-feira (21), suspeito de ter esfaqueado a ex-companheira ap\u00f3s uma discuss\u00e3o. A briga do casal ocorreu na Rua Padre Feij\u00f3, Vila Tib\u00e9rio, zona Oeste de Ribeir\u00e3o Preto.<\/p>\n<p>Segundo testemunhas, o casal estaria discutindo na cal\u00e7ada quando o homem teria apanhado uma faca e partido para cima da ex-companheira, desferindo uma facada no bra\u00e7o da v\u00edtima. Ele foi contido por pessoas que estavam acompanhando a discuss\u00e3o. Um caminh\u00e3o de coleta de lixo estava passando pela rua e bloqueou o carro do suspeito, que tentava fugir.<\/p>\n<p>A faca que ele usava teria sido jogada no caminh\u00e3o por uma das pessoas que teriam desarmado o homem. Uma viatura da Guarda Civil Metropolitana (GCM) fazia ronda na regi\u00e3o e foi acionada por uma pessoa gritando por socorro.<\/p>\n<p>Eles chegaram e conseguiram deter o homem. A mulher foi socorrida por uma viatura de resgate e levada para a Unidade de Pronto Atendimento (UPA) da Avenida 13 de Maio, zona Leste da cidade. Seu estado de sa\u00fade n\u00e3o foi informado.<\/p>\n<p>O homem foi conduzido pela equipe da GCM at\u00e9 a Central de Pol\u00edcia Judici\u00e1ria (CPJ), no Centro da cidade. A princ\u00edpio ele negou ter desferido a facada contra a ex-companheira. Depois admitiu. O Boletim de Ocorr\u00eancia foi registrado como les\u00e3o corporal e viol\u00eancia dom\u00e9stica. O homem foi preso em flagrante e encaminhado para uma unidade prisional, permanecendo \u00e0 disposi\u00e7\u00e3o da Justi\u00e7a<\/p>\n<\/p><\/div>\n<p><br \/>\n<br \/><a href=\"https:\/\/xtudoribeirao.com.br\/2023\/11\/22\/homem-e-preso-apos-esfaquear-ex-na-vila-tiberio\/?utm_source=rss&#038;utm_medium=rss&#038;utm_campaign=homem-e-preso-apos-esfaquear-ex-na-vila-tiberio\">Source link <\/a><\/p>\n<div class='code-block code-block-4' style='margin: 8px auto 8px 0; text-align: left; display: block; clear: both;'>\n\ud83d\udce2 Aviso Legal\n\nO site ismaelcolosi.com.br atua apenas como um canal de divulga\u00e7\u00e3o de oportunidades de emprego e n\u00e3o se responsabiliza pelo processo seletivo, contrata\u00e7\u00e3o ou qualquer outra etapa relacionada \u00e0s vagas publicadas. Todas as informa\u00e7\u00f5es s\u00e3o de responsabilidade dos anunciantes.\n\n\u26a0\ufe0f Aten\u00e7\u00e3o! Nunca pague por promessas de emprego nem compre cursos que garantam contrata\u00e7\u00e3o. Desconfie de qualquer cobran\u00e7a para participar de sele\u00e7\u00f5es.\n\n\n\n<\/div>\n<!-- CONTENT END 1 -->\n","protected":false},"excerpt":{"rendered":"<p>Um homem de 55 anos foi preso, na noite desta ter\u00e7a-feira (21), suspeito de ter esfaqueado a ex-companheira ap\u00f3s uma discuss\u00e3o. A briga do casal&#8230;<\/p>\n","protected":false},"author":1,"featured_media":5090,"comment_status":"open","ping_status":"open","sticky":false,"template":"","format":"standard","meta":{"_uag_custom_page_level_css":"","advanced_seo_description":"","jetpack_seo_html_title":"","jetpack_seo_noindex":false,"jetpack_post_was_ever_published":false,"_jetpack_newsletter_access":"","_jetpack_dont_email_post_to_subs":false,"_jetpack_newsletter_tier_id":0,"_jetpack_memberships_contains_paywalled_content":false,"_jetpack_memberships_contains_paid_content":false,"footnotes":"","jetpack_publicize_message":"","jetpack_publicize_feature_enabled":true,"jetpack_social_post_already_shared":true,"jetpack_social_options":{"image_generator_settings":{"template":"highway","default_image_id":0,"font":"","enabled":false},"version":2}},"categories":[11],"tags":[37,552,59,36,26,554,43,553],"class_list":["post-5089","post","type-post","status-publish","format-standard","has-post-thumbnail","hentry","category-noticias-de-ribeirao-preto-sp-e-regiao-ismael-colosi","tag-apos","tag-esfaquear","tag-homem","tag-preso","tag-ribeirao","tag-tiberio","tag-tudo","tag-vila"],"jetpack_publicize_connections":[],"jetpack_featured_media_url":"https:\/\/i0.wp.com\/ismaelcolosi.com.br\/wp-content\/uploads\/2023\/11\/00-26-out-2023-prisao-lei-protetiva-foto-gcm.jpg?fit=679%2C645&ssl=1","uagb_featured_image_src":{"full":["https:\/\/i0.wp.com\/ismaelcolosi.com.br\/wp-content\/uploads\/2023\/11\/00-26-out-2023-prisao-lei-protetiva-foto-gcm.jpg?fit=679%2C645&ssl=1",679,645,false],"thumbnail":["https:\/\/i0.wp.com\/ismaelcolosi.com.br\/wp-content\/uploads\/2023\/11\/00-26-out-2023-prisao-lei-protetiva-foto-gcm.jpg?resize=150%2C150&ssl=1",150,150,true],"medium":["https:\/\/i0.wp.com\/ismaelcolosi.com.br\/wp-content\/uploads\/2023\/11\/00-26-out-2023-prisao-lei-protetiva-foto-gcm.jpg?fit=300%2C285&ssl=1",300,285,true],"medium_large":["https:\/\/i0.wp.com\/ismaelcolosi.com.br\/wp-content\/uploads\/2023\/11\/00-26-out-2023-prisao-lei-protetiva-foto-gcm.jpg?fit=679%2C645&ssl=1",679,645,true],"large":["https:\/\/i0.wp.com\/ismaelcolosi.com.br\/wp-content\/uploads\/2023\/11\/00-26-out-2023-prisao-lei-protetiva-foto-gcm.jpg?fit=679%2C645&ssl=1",679,645,true],"1536x1536":["https:\/\/i0.wp.com\/ismaelcolosi.com.br\/wp-content\/uploads\/2023\/11\/00-26-out-2023-prisao-lei-protetiva-foto-gcm.jpg?fit=679%2C645&ssl=1",679,645,true],"2048x2048":["https:\/\/i0.wp.com\/ismaelcolosi.com.br\/wp-content\/uploads\/2023\/11\/00-26-out-2023-prisao-lei-protetiva-foto-gcm.jpg?fit=679%2C645&ssl=1",679,645,true],"really-simple-thumb":["https:\/\/i0.wp.com\/ismaelcolosi.com.br\/wp-content\/uploads\/2023\/11\/00-26-out-2023-prisao-lei-protetiva-foto-gcm.jpg?resize=370%2C247&ssl=1",370,247,true]},"uagb_author_info":{"display_name":"ismaelcolosi.com.br","author_link":"https:\/\/ismaelcolosi.com.br\/index.php\/author\/vidareal-online\/"},"uagb_comment_info":0,"uagb_excerpt":"Um homem de 55 anos foi preso, na noite desta ter\u00e7a-feira (21), suspeito de ter esfaqueado a ex-companheira ap\u00f3s uma discuss\u00e3o. A briga do casal...","jetpack-related-posts":[{"id":72397,"url":"https:\/\/ismaelcolosi.com.br\/index.php\/2024\/10\/21\/engenheiro-e-preso-apos-esfaquear-ex-mulher-filha-e-ex-sogra-na-regiao-de-ribeirao\/","url_meta":{"origin":5089,"position":0},"title":"Engenheiro \u00e9 preso ap\u00f3s esfaquear ex-mulher, filha e ex-sogra na regi\u00e3o de Ribeir\u00e3o","author":"ismaelcolosi.com.br","date":"21 de October de 2024","format":false,"excerpt":"Um engenheiro civil foi preso ap\u00f3s esfaquear a ex-companheira, a filha e a ex-sogra, na manh\u00e3 desta segunda-feira (21), em Franca, cidade na regi\u00e3o de Ribeir\u00e3o Preto. O caso aconteceu dentro de um condom\u00ednio fechado, localizado na Vila Santa Cruz. Conforme apura\u00e7\u00e3o da EPTV, o homem n\u00e3o aceitava o fim\u2026","rel":"","context":"In &quot;Not\u00edcias de Ribeir\u00e3o Preto-SP e Regi\u00e3o&quot;","block_context":{"text":"Not\u00edcias de Ribeir\u00e3o Preto-SP e Regi\u00e3o","link":"https:\/\/ismaelcolosi.com.br\/index.php\/category\/noticias-de-ribeirao-preto-sp-e-regiao-ismael-colosi\/"},"img":{"alt_text":"","src":"https:\/\/i0.wp.com\/ismaelcolosi.com.br\/wp-content\/uploads\/2024\/10\/Capturar-11.jpg?fit=730%2C480&ssl=1&resize=350%2C200","width":350,"height":200,"srcset":"https:\/\/i0.wp.com\/ismaelcolosi.com.br\/wp-content\/uploads\/2024\/10\/Capturar-11.jpg?fit=730%2C480&ssl=1&resize=350%2C200 1x, https:\/\/i0.wp.com\/ismaelcolosi.com.br\/wp-content\/uploads\/2024\/10\/Capturar-11.jpg?fit=730%2C480&ssl=1&resize=525%2C300 1.5x, https:\/\/i0.wp.com\/ismaelcolosi.com.br\/wp-content\/uploads\/2024\/10\/Capturar-11.jpg?fit=730%2C480&ssl=1&resize=700%2C400 2x"},"classes":[]},{"id":63906,"url":"https:\/\/ismaelcolosi.com.br\/index.php\/2024\/09\/04\/homem-morre-apos-ser-agredido-com-golpe-de-facao-no-centro-de-ribeirao\/","url_meta":{"origin":5089,"position":1},"title":"Homem morre ap\u00f3s ser agredido com golpe de fac\u00e3o no Centro de Ribeir\u00e3o","author":"ismaelcolosi.com.br","date":"4 de September de 2024","format":false,"excerpt":"Um homem de 29 anos morreu nesta ter\u00e7a-feira (3), depois de ser atingido por um golpe de fac\u00e3o, no Centro de Ribeir\u00e3o Preto. Um suspeito foi preso pelo crime, ocorrido na madrugada do \u00faltimo dia 29 de julho. Segundo o boletim de ocorr\u00eancia (BO), a v\u00edtima, identificada como Shesler Eduardo\u2026","rel":"","context":"In &quot;Not\u00edcias de Ribeir\u00e3o Preto-SP e Regi\u00e3o&quot;","block_context":{"text":"Not\u00edcias de Ribeir\u00e3o Preto-SP e Regi\u00e3o","link":"https:\/\/ismaelcolosi.com.br\/index.php\/category\/noticias-de-ribeirao-preto-sp-e-regiao-ismael-colosi\/"},"img":{"alt_text":"","src":"https:\/\/i0.wp.com\/ismaelcolosi.com.br\/wp-content\/uploads\/2024\/09\/cpj_policia_1200x675_30012022162443.jpg?fit=1200%2C675&ssl=1&resize=350%2C200","width":350,"height":200,"srcset":"https:\/\/i0.wp.com\/ismaelcolosi.com.br\/wp-content\/uploads\/2024\/09\/cpj_policia_1200x675_30012022162443.jpg?fit=1200%2C675&ssl=1&resize=350%2C200 1x, https:\/\/i0.wp.com\/ismaelcolosi.com.br\/wp-content\/uploads\/2024\/09\/cpj_policia_1200x675_30012022162443.jpg?fit=1200%2C675&ssl=1&resize=525%2C300 1.5x, https:\/\/i0.wp.com\/ismaelcolosi.com.br\/wp-content\/uploads\/2024\/09\/cpj_policia_1200x675_30012022162443.jpg?fit=1200%2C675&ssl=1&resize=700%2C400 2x, https:\/\/i0.wp.com\/ismaelcolosi.com.br\/wp-content\/uploads\/2024\/09\/cpj_policia_1200x675_30012022162443.jpg?fit=1200%2C675&ssl=1&resize=1050%2C600 3x"},"classes":[]},{"id":27939,"url":"https:\/\/ismaelcolosi.com.br\/index.php\/2024\/01\/13\/utm_sourcerssutm_mediumrssutm_campaignhomem-e-preso-suspeito-de-matar-sua-companheira-uma-transexual-na-vila-virginia\/","url_meta":{"origin":5089,"position":2},"title":"Homem \u00e9 preso suspeito de matar sua companheira uma transexual na Vila Virg\u00ednia \u2013 X Tudo Ribeir\u00e3o","author":"ismaelcolosi.com.br","date":"13 de January de 2024","format":false,"excerpt":"Um homem foi preso suspeito de matar sua companheira uma transexual na Vila Virg\u00ednia, na zona Oeste de Ribeir\u00e3o Preto. Segundo informa\u00e7\u00f5es da PM, profissionais do SAMU (Servi\u00e7o de Atendimento M\u00e9dico de Urg\u00eancia) acionaram os Policiais versando que estavam atendendo um homic\u00eddio pela rua L\u00facio de Mendon\u00e7a. Rapidamente os PMs\u2026","rel":"","context":"In &quot;Not\u00edcias de Ribeir\u00e3o Preto-SP e Regi\u00e3o&quot;","block_context":{"text":"Not\u00edcias de Ribeir\u00e3o Preto-SP e Regi\u00e3o","link":"https:\/\/ismaelcolosi.com.br\/index.php\/category\/noticias-de-ribeirao-preto-sp-e-regiao-ismael-colosi\/"},"img":{"alt_text":"","src":"https:\/\/i0.wp.com\/ismaelcolosi.com.br\/wp-content\/uploads\/2024\/01\/06174121-05a8-428c-a34c-9d715f405fdc.jpeg?fit=1200%2C540&ssl=1&resize=350%2C200","width":350,"height":200,"srcset":"https:\/\/i0.wp.com\/ismaelcolosi.com.br\/wp-content\/uploads\/2024\/01\/06174121-05a8-428c-a34c-9d715f405fdc.jpeg?fit=1200%2C540&ssl=1&resize=350%2C200 1x, https:\/\/i0.wp.com\/ismaelcolosi.com.br\/wp-content\/uploads\/2024\/01\/06174121-05a8-428c-a34c-9d715f405fdc.jpeg?fit=1200%2C540&ssl=1&resize=525%2C300 1.5x, https:\/\/i0.wp.com\/ismaelcolosi.com.br\/wp-content\/uploads\/2024\/01\/06174121-05a8-428c-a34c-9d715f405fdc.jpeg?fit=1200%2C540&ssl=1&resize=700%2C400 2x, https:\/\/i0.wp.com\/ismaelcolosi.com.br\/wp-content\/uploads\/2024\/01\/06174121-05a8-428c-a34c-9d715f405fdc.jpeg?fit=1200%2C540&ssl=1&resize=1050%2C600 3x"},"classes":[]},{"id":78105,"url":"https:\/\/ismaelcolosi.com.br\/index.php\/2024\/12\/02\/homem-e-preso-por-feminicidio-na-regiao\/","url_meta":{"origin":5089,"position":3},"title":"Homem \u00e9 preso por feminic\u00eddio na regi\u00e3o","author":"ismaelcolosi.com.br","date":"2 de December de 2024","format":false,"excerpt":"Por: Adalberto Luque Um homem de 46 anos foi preso, na noite de sexta-feira (29), suspeito de atropelar propositalmente sua ex-companheira, de 27 anos. O crime, registrado como feminic\u00eddio, ocorreu no cruzamento das ruas Em\u00edlia Marcondes com Paulo Balbu\u00edno Cintra Mendes, no Jardim Paulistano, em Franca, a 80 km de\u2026","rel":"","context":"In &quot;Not\u00edcias de Ribeir\u00e3o Preto-SP e Regi\u00e3o&quot;","block_context":{"text":"Not\u00edcias de Ribeir\u00e3o Preto-SP e Regi\u00e3o","link":"https:\/\/ismaelcolosi.com.br\/index.php\/category\/noticias-de-ribeirao-preto-sp-e-regiao-ismael-colosi\/"},"img":{"alt_text":"","src":"https:\/\/i0.wp.com\/ismaelcolosi.com.br\/wp-content\/uploads\/2024\/12\/02dez2024-feminicidiofranca2-scaled.jpg?fit=716%2C500&ssl=1&resize=350%2C200","width":350,"height":200,"srcset":"https:\/\/i0.wp.com\/ismaelcolosi.com.br\/wp-content\/uploads\/2024\/12\/02dez2024-feminicidiofranca2-scaled.jpg?fit=716%2C500&ssl=1&resize=350%2C200 1x, https:\/\/i0.wp.com\/ismaelcolosi.com.br\/wp-content\/uploads\/2024\/12\/02dez2024-feminicidiofranca2-scaled.jpg?fit=716%2C500&ssl=1&resize=525%2C300 1.5x, https:\/\/i0.wp.com\/ismaelcolosi.com.br\/wp-content\/uploads\/2024\/12\/02dez2024-feminicidiofranca2-scaled.jpg?fit=716%2C500&ssl=1&resize=700%2C400 2x"},"classes":[]},{"id":68753,"url":"https:\/\/ismaelcolosi.com.br\/index.php\/2024\/10\/01\/homem-e-preso-suspeito-de-envolvimento-no-desaparecimento-da-ex-companheira-na-regiao-de-ribeirao\/","url_meta":{"origin":5089,"position":4},"title":"Homem \u00e9 preso suspeito de envolvimento no desaparecimento da ex-companheira na regi\u00e3o de Ribeir\u00e3o","author":"ismaelcolosi.com.br","date":"1 de October de 2024","format":false,"excerpt":"Um homem de 49 anos foi preso nesta ter\u00e7a-feira (1\u00ba), pela suspeita de envolvimento no desaparecimento da ex-companheira, em Igarapava, cidade na regi\u00e3o de Ribeir\u00e3o Preto. Maria de F\u00e1tima Batista Silva, de 31 anos, foi vista pela \u00faltima vez na quinta-feira (26), quando foi at\u00e9 a casa de Cleber Baldu\u00edno\u2026","rel":"","context":"In &quot;Not\u00edcias de Ribeir\u00e3o Preto-SP e Regi\u00e3o&quot;","block_context":{"text":"Not\u00edcias de Ribeir\u00e3o Preto-SP e Regi\u00e3o","link":"https:\/\/ismaelcolosi.com.br\/index.php\/category\/noticias-de-ribeirao-preto-sp-e-regiao-ismael-colosi\/"},"img":{"alt_text":"","src":"https:\/\/i0.wp.com\/ismaelcolosi.com.br\/wp-content\/uploads\/2024\/10\/Copia-de-Copia-de-Copia-de-TAMANHO-EXATO-PARA-FOTOS-NO-SISTEMA-NOVO-85_2024-10-01_22-50-15_png_2024-10-01_22-50-15.webp.webp?fit=1200%2C675&ssl=1&resize=350%2C200","width":350,"height":200,"srcset":"https:\/\/i0.wp.com\/ismaelcolosi.com.br\/wp-content\/uploads\/2024\/10\/Copia-de-Copia-de-Copia-de-TAMANHO-EXATO-PARA-FOTOS-NO-SISTEMA-NOVO-85_2024-10-01_22-50-15_png_2024-10-01_22-50-15.webp.webp?fit=1200%2C675&ssl=1&resize=350%2C200 1x, https:\/\/i0.wp.com\/ismaelcolosi.com.br\/wp-content\/uploads\/2024\/10\/Copia-de-Copia-de-Copia-de-TAMANHO-EXATO-PARA-FOTOS-NO-SISTEMA-NOVO-85_2024-10-01_22-50-15_png_2024-10-01_22-50-15.webp.webp?fit=1200%2C675&ssl=1&resize=525%2C300 1.5x, https:\/\/i0.wp.com\/ismaelcolosi.com.br\/wp-content\/uploads\/2024\/10\/Copia-de-Copia-de-Copia-de-TAMANHO-EXATO-PARA-FOTOS-NO-SISTEMA-NOVO-85_2024-10-01_22-50-15_png_2024-10-01_22-50-15.webp.webp?fit=1200%2C675&ssl=1&resize=700%2C400 2x, https:\/\/i0.wp.com\/ismaelcolosi.com.br\/wp-content\/uploads\/2024\/10\/Copia-de-Copia-de-Copia-de-TAMANHO-EXATO-PARA-FOTOS-NO-SISTEMA-NOVO-85_2024-10-01_22-50-15_png_2024-10-01_22-50-15.webp.webp?fit=1200%2C675&ssl=1&resize=1050%2C600 3x"},"classes":[]},{"id":39421,"url":"https:\/\/ismaelcolosi.com.br\/index.php\/2024\/02\/26\/idoso-e-preso-suspeito-de-agredir-e-atropelar-vizinhas-durante-confusao-em-ribeirao\/","url_meta":{"origin":5089,"position":5},"title":"Idoso \u00e9 preso suspeito de agredir e atropelar vizinhas durante confus\u00e3o em Ribeir\u00e3o","author":"ismaelcolosi.com.br","date":"26 de February de 2024","format":false,"excerpt":"Um homem de 72 anos foi preso neste s\u00e1bado (24), suspeito de agredir e atropelar vizinhas durante uma confus\u00e3o, na Vila Abranches, zona Leste de Ribeir\u00e3o Preto. De acordo com o\u00a0boletim de ocorr\u00eancia (BO), uma equipe da\u00a0PM (Pol\u00edcia Militar)\u00a0foi acionada por volta das 1h para atender a um chamado por\u2026","rel":"","context":"In &quot;Not\u00edcias de Ribeir\u00e3o Preto-SP e Regi\u00e3o&quot;","block_context":{"text":"Not\u00edcias de Ribeir\u00e3o Preto-SP e Regi\u00e3o","link":"https:\/\/ismaelcolosi.com.br\/index.php\/category\/noticias-de-ribeirao-preto-sp-e-regiao-ismael-colosi\/"},"img":{"alt_text":"","src":"https:\/\/i0.wp.com\/ismaelcolosi.com.br\/wp-content\/uploads\/2024\/02\/1708953228_HomemmorreapscairdeandaimeenquantotrabalhavaemRibeiroPreto_Tamanho_2_image.jpg?fit=1200%2C900&ssl=1&resize=350%2C200","width":350,"height":200,"srcset":"https:\/\/i0.wp.com\/ismaelcolosi.com.br\/wp-content\/uploads\/2024\/02\/1708953228_HomemmorreapscairdeandaimeenquantotrabalhavaemRibeiroPreto_Tamanho_2_image.jpg?fit=1200%2C900&ssl=1&resize=350%2C200 1x, https:\/\/i0.wp.com\/ismaelcolosi.com.br\/wp-content\/uploads\/2024\/02\/1708953228_HomemmorreapscairdeandaimeenquantotrabalhavaemRibeiroPreto_Tamanho_2_image.jpg?fit=1200%2C900&ssl=1&resize=525%2C300 1.5x, https:\/\/i0.wp.com\/ismaelcolosi.com.br\/wp-content\/uploads\/2024\/02\/1708953228_HomemmorreapscairdeandaimeenquantotrabalhavaemRibeiroPreto_Tamanho_2_image.jpg?fit=1200%2C900&ssl=1&resize=700%2C400 2x, https:\/\/i0.wp.com\/ismaelcolosi.com.br\/wp-content\/uploads\/2024\/02\/1708953228_HomemmorreapscairdeandaimeenquantotrabalhavaemRibeiroPreto_Tamanho_2_image.jpg?fit=1200%2C900&ssl=1&resize=1050%2C600 3x"},"classes":[]}],"jetpack_sharing_enabled":true,"jetpack_shortlink":"https:\/\/wp.me\/pfMlyK-1k5","_links":{"self":[{"href":"https:\/\/ismaelcolosi.com.br\/index.php\/wp-json\/wp\/v2\/posts\/5089","targetHints":{"allow":["GET"]}}],"collection":[{"href":"https:\/\/ismaelcolosi.com.br\/index.php\/wp-json\/wp\/v2\/posts"}],"about":[{"href":"https:\/\/ismaelcolosi.com.br\/index.php\/wp-json\/wp\/v2\/types\/post"}],"author":[{"embeddable":true,"href":"https:\/\/ismaelcolosi.com.br\/index.php\/wp-json\/wp\/v2\/users\/1"}],"replies":[{"embeddable":true,"href":"https:\/\/ismaelcolosi.com.br\/index.php\/wp-json\/wp\/v2\/comments?post=5089"}],"version-history":[{"count":0,"href":"https:\/\/ismaelcolosi.com.br\/index.php\/wp-json\/wp\/v2\/posts\/5089\/revisions"}],"wp:featuredmedia":[{"embeddable":true,"href":"https:\/\/ismaelcolosi.com.br\/index.php\/wp-json\/wp\/v2\/media\/5090"}],"wp:attachment":[{"href":"https:\/\/ismaelcolosi.com.br\/index.php\/wp-json\/wp\/v2\/media?parent=5089"}],"wp:term":[{"taxonomy":"category","embeddable":true,"href":"https:\/\/ismaelcolosi.com.br\/index.php\/wp-json\/wp\/v2\/categories?post=5089"},{"taxonomy":"post_tag","embeddable":true,"href":"https:\/\/ismaelcolosi.com.br\/index.php\/wp-json\/wp\/v2\/tags?post=5089"}],"curies":[{"name":"wp","href":"https:\/\/api.w.org\/{rel}","templated":true}]}}