{"id":50758,"date":"2024-05-18T20:02:18","date_gmt":"2024-05-18T23:02:18","guid":{"rendered":"https:\/\/ismaelcolosi.com.br\/index.php\/2024\/05\/18\/rock-in-rio-2024-faltando-apenas-cinco-dias-para-as-vendas-gerais-contagem-regressiva\/"},"modified":"2024-05-18T20:02:18","modified_gmt":"2024-05-18T23:02:18","slug":"rock-in-rio-2024-faltando-apenas-cinco-dias-para-as-vendas-gerais-contagem-regressiva","status":"publish","type":"post","link":"https:\/\/ismaelcolosi.com.br\/index.php\/2024\/05\/18\/rock-in-rio-2024-faltando-apenas-cinco-dias-para-as-vendas-gerais-contagem-regressiva\/","title":{"rendered":"Rock in Rio 2024: Faltando apenas cinco dias para as vendas gerais, contagem regressiva"},"content":{"rendered":"<p> <br \/>\n<\/p>\n<div>\n<div class=\"popito_fn_breadcrumbs\">\n<ul id=\"breadcrumbs\" class=\"breadcrumbs\">\n<li class=\"item-home\">Casa<\/li>\n<li class=\"separator separator-home\"> <span>\/<\/span> <\/li>\n<li class=\"item-cat\">Surper F\u00e3<\/li>\n<li class=\"separator\"> <span>\/<\/span> <\/li>\n<li class=\"item-current item-2698\"><span class=\"bread-current bread-2698\" title=\"Rock in Rio 2024: Faltando apenas cinco dias para as vendas gerais, contagem regressiva\">Rock in Rio 2024: Faltando apenas cinco dias para as vendas gerais, contagem regressiva<\/span><\/li>\n<\/ul>\n<\/div>\n<h3 class=\"fn__maintitle\"><span>Rock in Rio 2024: Faltando apenas cinco dias para as vendas gerais, contagem regressiva<\/span><\/h3>\n<\/div>\n<div>\n<p style=\"text-align: center;\"><strong><i>S\u00e3o mais d<\/i><i>e 50 artistas<\/i><i>\u00a0nacionais e internacionais que completam a edi\u00e7\u00e3o que celebra os 40 anos do festival, entre eles: Cat Dealers, Illusionize, Bhaskar, Jetlag, Kaskade, TZ da Coronel e Borges, Poze do Rodo, Olodum e BaianaSystem, Gaby Amarantos, Ney Matogrosso, Ferrugem convida Gilsons, Filipe Ret convida Caio Luccas e Pedro Sampaio<\/i><\/strong><\/p>\n<p>A cinco dias para o in\u00edcio da venda geral de ingressos para a edi\u00e7\u00e3o que celebra os 40 anos do maior festival de m\u00fasica e entretenimento do mundo, o Rock in Rio divulga o line-up dos palcos New Dance Order e Espa\u00e7o Favela, al\u00e9m de completar os dias 19 e 22 de setembro no Palco Sunset. E as novidades n\u00e3o param por a\u00ed: A cantora Luisa Sonza \u00e9 anunciada para abrir as apresenta\u00e7\u00f5es do Palco Mundo no \u00faltimo dia do festival, 22 de setembro, que conta com as apresenta\u00e7\u00f5es de Shawn Mendes, Akon e NE-YO e a Gaby Amarantos, que entra para o show \u201cPara Sempre: MPB\u201d, do Dia Brasil. Com um line-up formado por nomes nacionais e internacionais, no total mais de 50 artistas completam estes palcos da Cidade do Rock, entre eles Kevin o Chris, MC Hariel, Fundo de Quintal, MC Dricka, Ferrugem, Pedro Sampaio, uma homenagem a cantora Alcione com Diogo Nogueira, Mart\u2019n\u00e1lia, Majur, P\u00e9ricles e Maria Rita, Olodum e BaianaSystem, entre outros, al\u00e9m dos DJs do New Dance Order, que prometem colocar todo mundo para dan\u00e7ar. O Rock in Rio tamb\u00e9m anuncia que o NDO chega com uma proposta diferente para 2024, ao seguir uma organiza\u00e7\u00e3o semelhante aos palcos Mundo e Sunset, passando a contar com quatro atra\u00e7\u00f5es por dia, com um headliner fazendo o \u00faltimo show do palco todos os dias. O hor\u00e1rio tamb\u00e9m muda: agora ele come\u00e7a \u00e0s 22h e encerra suas atividades \u00e0s 4h da manh\u00e3, cabendo ao palco encerrar o festival todos os dias.<\/p><div class='code-block code-block-8' style='margin: 8px auto; text-align: center; display: block; clear: both;'>\n<script>\n  atOptions = {\n    'key' : '66e2e2111ca34da796271819fc334058',\n    'format' : 'iframe',\n    'height' : 250,\n    'width' : 300,\n    'params' : {}\n  };\n<\/script>\n<script src=\"https:\/\/www.highperformanceformat.com\/66e2e2111ca34da796271819fc334058\/invoke.js\"><\/script>\n<\/div>\n\n<blockquote>\n<p><i>\u201cEstamos na reta final para a venda geral de ingressos para o Rock in Rio e sabemos que os nossos f\u00e3s est\u00e3o super ansiosos para ver o cen\u00e1rio completo desta edi\u00e7\u00e3o, que comemora nossos 40 anos de hist\u00f3ria. A espera acabou e o p\u00fablico j\u00e1 pode se preparar para o dia 23 de maio! Hoje completamos o line-up dos palcos Mundo, Sunset, Espa\u00e7o Favela e New Dance Order. O New Dance Order tamb\u00e9m cresce e ganha ainda mais destaque, o Favela extrapola as terras cariocas, o Sunset ter\u00e1 a mesma boca de cena que o gigante Palco Mundo, al\u00e9m de uma Cidade do Rock totalmente repaginada. Anunciamos tamb\u00e9m as apresenta\u00e7\u00f5es de palco e de rua do Global Village, que vai proporcionar uma verdadeira jornada musical pelos continentes do mundo e recentemente convidamos todos a refletir sobre a necessidade da uni\u00e3o e da mobiliza\u00e7\u00e3o, ao lan\u00e7ar o movimento do Dia Brasil, que vai celebrar toda a pot\u00eancia da cultura e ritmos musicais do pa\u00eds. Os direitos da can\u00e7\u00e3o \u201cDeixa o Cora\u00e7\u00e3o Falar\u201d e as doa\u00e7\u00f5es realizadas pelos f\u00e3s seguir\u00e3o para as v\u00edtimas das chuvas no Rio Grande do Sul. Preparamos line-ups potentes com artistas que s\u00e3o sucesso absoluto e far\u00e3o shows hist\u00f3ricos. A edi\u00e7\u00e3o que celebra nossa jornada para se tornar o maior festival de m\u00fasica e entretenimento do mundo est\u00e1 quase completa\u201d<\/i>, conta Z\u00e9 Ricardo, vice-presidente art\u00edstico da Rock World, empresa que criou, organiza e produz o Rock in Rio e o The Town. Os palcos Supernova e Highway Stage, da Rota 85, ter\u00e3o seu line-up anunciado em breve.<\/p>\n<\/blockquote>\n<p><strong>Saiba mais sobre os ingressos para o Rock in Rio 2024<\/strong><\/p>\n<p>Para a edi\u00e7\u00e3o do Rock in Rio Brasil 2024, o valor do ingresso ser\u00e1 R$ 795 (inteira) e R$ 397,50 (meia-entrada) e n\u00e3o h\u00e1 cobran\u00e7a de taxa de servi\u00e7o. O pagamento pode ser feito por PIX ou cart\u00e3o de cr\u00e9dito e o valor parcelado em at\u00e9 seis vezes. Clientes que efetuarem o pagamento com os cart\u00f5es de cr\u00e9dito Ita\u00fa, Credicard e Iti t\u00eam 15% de desconto na compra de ingressos, por R\uff04675,75 (n\u00e3o cumulativos com a meia-entrada) e poder\u00e3o parcelar sua compra em at\u00e9 oito vezes sem juros.<\/p>\n<p>O limite de compra do p\u00fablico em geral \u00e9 de at\u00e9 4 (quatro) ingressos por CPF, sendo uma meia-entrada, com exce\u00e7\u00e3o para meia-entrada para pessoas portadoras de necessidade especial, que t\u00eam direito a comprar outra meia-entrada tamb\u00e9m para seu acompanhante. Os clientes que adquirirem ingressos nesta modalidade ter\u00e3o que informar no pr\u00f3prio site todas as informa\u00e7\u00f5es referentes ao documento que comprove tal condi\u00e7\u00e3o, para posterior valida\u00e7\u00e3o, assim como ser\u00e1 necess\u00e1rio apresent\u00e1-lo no acesso \u00e0 Cidade do Rock, no dia do evento.<\/p>\n<p>O ingresso de meia-entrada \u00e9 garantido por lei para estudantes, menores de 21 anos, maiores de 60 anos, deficientes e seu acompanhante, profissionais e professores da rede de ensino do Rio de Janeiro e jovens de baixa renda.<\/p>\n<div class=\"popito_fn_votewrap\">\n<h3 class=\"vote_title\">Como voc\u00ea vota? <\/h3>\n<div class=\"popito_fn_votes \" data-id=\"2698\">\n<p>0 People voted this article. 0 Upvotes &#8211; 0 Downvotes.<\/p>\n<\/div>\n<\/div>\n<\/div>\n<p><br \/>\n<br \/><a href=\"https:\/\/popito.com.br\/rock-in-rio-2024-faltando-apenas-cinco-dias-para-as-vendas-gerais-contagem-regressiva\/\">Source link <\/a><\/p>\n<div class='code-block code-block-4' style='margin: 8px auto 8px 0; text-align: left; display: block; clear: both;'>\n\ud83d\udce2 Aviso Legal\n\nO site ismaelcolosi.com.br atua apenas como um canal de divulga\u00e7\u00e3o de oportunidades de emprego e n\u00e3o se responsabiliza pelo processo seletivo, contrata\u00e7\u00e3o ou qualquer outra etapa relacionada \u00e0s vagas publicadas. Todas as informa\u00e7\u00f5es s\u00e3o de responsabilidade dos anunciantes.\n\n\u26a0\ufe0f Aten\u00e7\u00e3o! Nunca pague por promessas de emprego nem compre cursos que garantam contrata\u00e7\u00e3o. Desconfie de qualquer cobran\u00e7a para participar de sele\u00e7\u00f5es.\n\n\n<div data-type=\"_mgwidget\" data-widget-id=\"2000896\">\n<\/div>\n<script>(function(w,q){w[q]=w[q]||[];w[q].push([\"_mgc.load\"])})(window,\"_mgq\");\n<\/script>\n<\/div>\n<!-- CONTENT END 1 -->\n","protected":false},"excerpt":{"rendered":"<p>Casa \/ Surper F\u00e3 \/ Rock in Rio 2024: Faltando apenas cinco dias para as vendas gerais, contagem regressiva Rock in Rio 2024: Faltando apenas&#8230;<\/p>\n","protected":false},"author":1,"featured_media":50759,"comment_status":"open","ping_status":"open","sticky":false,"template":"","format":"standard","meta":{"om_disable_all_campaigns":false,"_uag_custom_page_level_css":"","jetpack_post_was_ever_published":false,"_jetpack_newsletter_access":"","_jetpack_dont_email_post_to_subs":false,"_jetpack_newsletter_tier_id":0,"_jetpack_memberships_contains_paywalled_content":false,"_jetpack_memberships_contains_paid_content":false,"_joinchat":[],"footnotes":"","jetpack_publicize_message":"","jetpack_publicize_feature_enabled":true,"jetpack_social_post_already_shared":false,"jetpack_social_options":{"image_generator_settings":{"template":"highway","default_image_id":0,"font":"","enabled":false},"version":2}},"categories":[11],"tags":[1967,481,5833,493,5832,4975,71,5834,1181,1603,105],"class_list":["post-50758","post","type-post","status-publish","format-standard","has-post-thumbnail","hentry","category-noticias-de-ribeirao-preto-sp-e-regiao-ismael-colosi","tag-apenas","tag-cinco","tag-contagem","tag-dias","tag-faltando","tag-gerais","tag-para","tag-regressiva","tag-rio","tag-rock","tag-vendas"],"aioseo_notices":[],"jetpack_publicize_connections":[],"jetpack_featured_media_url":"https:\/\/i0.wp.com\/ismaelcolosi.com.br\/wp-content\/uploads\/2024\/05\/foto-anuncio-1.jpg?fit=1800%2C1004&ssl=1","uagb_featured_image_src":{"full":["https:\/\/i0.wp.com\/ismaelcolosi.com.br\/wp-content\/uploads\/2024\/05\/foto-anuncio-1.jpg?fit=1800%2C1004&ssl=1",1800,1004,false],"thumbnail":["https:\/\/i0.wp.com\/ismaelcolosi.com.br\/wp-content\/uploads\/2024\/05\/foto-anuncio-1.jpg?resize=150%2C150&ssl=1",150,150,true],"medium":["https:\/\/i0.wp.com\/ismaelcolosi.com.br\/wp-content\/uploads\/2024\/05\/foto-anuncio-1.jpg?fit=300%2C167&ssl=1",300,167,true],"medium_large":["https:\/\/i0.wp.com\/ismaelcolosi.com.br\/wp-content\/uploads\/2024\/05\/foto-anuncio-1.jpg?fit=768%2C428&ssl=1",768,428,true],"large":["https:\/\/i0.wp.com\/ismaelcolosi.com.br\/wp-content\/uploads\/2024\/05\/foto-anuncio-1.jpg?fit=1024%2C571&ssl=1",1024,571,true],"1536x1536":["https:\/\/i0.wp.com\/ismaelcolosi.com.br\/wp-content\/uploads\/2024\/05\/foto-anuncio-1.jpg?fit=1536%2C857&ssl=1",1536,857,true],"2048x2048":["https:\/\/i0.wp.com\/ismaelcolosi.com.br\/wp-content\/uploads\/2024\/05\/foto-anuncio-1.jpg?fit=1800%2C1004&ssl=1",1800,1004,true],"really-simple-thumb":["https:\/\/i0.wp.com\/ismaelcolosi.com.br\/wp-content\/uploads\/2024\/05\/foto-anuncio-1.jpg?resize=370%2C247&ssl=1",370,247,true]},"uagb_author_info":{"display_name":"ismaelcolosi.com.br","author_link":"https:\/\/ismaelcolosi.com.br\/index.php\/author\/vidareal-online\/"},"uagb_comment_info":0,"uagb_excerpt":"Casa \/ Surper F\u00e3 \/ Rock in Rio 2024: Faltando apenas cinco dias para as vendas gerais, contagem regressiva Rock in Rio 2024: Faltando apenas...","jetpack-related-posts":[{"id":51311,"url":"https:\/\/ismaelcolosi.com.br\/index.php\/2024\/05\/26\/rock-in-rio-2024-com-quatro-dias-esgotados-grandes-numeros-das-vendas-de-ingresso\/","url_meta":{"origin":50758,"position":0},"title":"Rock in Rio 2024: Com quatro dias esgotados, grandes n\u00fameros das vendas de ingresso","author":"ismaelcolosi.com.br","date":"26 de May de 2024","format":false,"excerpt":"Rock in Rio 2024: Com quatro dias esgotados, grandes n\u00fameros das vendas de ingressoCom n\u00fameros que impressionam no site da Ticketmaster e nos canais de comunica\u00e7\u00e3o do festival, somente no dia de ontem o Rock in Rio somou dois milh\u00f5es de acessos nas p\u00e1ginas de compra de ingresso A venda\u2026","rel":"","context":"In &quot;Not\u00edcias de Ribeir\u00e3o Preto-SP e Regi\u00e3o&quot;","block_context":{"text":"Not\u00edcias de Ribeir\u00e3o Preto-SP e Regi\u00e3o","link":"https:\/\/ismaelcolosi.com.br\/index.php\/category\/noticias-de-ribeirao-preto-sp-e-regiao-ismael-colosi\/"},"img":{"alt_text":"","src":"https:\/\/i0.wp.com\/ismaelcolosi.com.br\/wp-content\/uploads\/2024\/04\/rock-in-rio.webp.webp?fit=1200%2C800&ssl=1&resize=350%2C200","width":350,"height":200,"srcset":"https:\/\/i0.wp.com\/ismaelcolosi.com.br\/wp-content\/uploads\/2024\/04\/rock-in-rio.webp.webp?fit=1200%2C800&ssl=1&resize=350%2C200 1x, https:\/\/i0.wp.com\/ismaelcolosi.com.br\/wp-content\/uploads\/2024\/04\/rock-in-rio.webp.webp?fit=1200%2C800&ssl=1&resize=525%2C300 1.5x, https:\/\/i0.wp.com\/ismaelcolosi.com.br\/wp-content\/uploads\/2024\/04\/rock-in-rio.webp.webp?fit=1200%2C800&ssl=1&resize=700%2C400 2x, https:\/\/i0.wp.com\/ismaelcolosi.com.br\/wp-content\/uploads\/2024\/04\/rock-in-rio.webp.webp?fit=1200%2C800&ssl=1&resize=1050%2C600 3x"},"classes":[]},{"id":47827,"url":"https:\/\/ismaelcolosi.com.br\/index.php\/2024\/04\/28\/rock-in-rio-inova-e-estreita-um-canal-de-comunicacao-no-whatsapp\/","url_meta":{"origin":50758,"position":1},"title":"Rock in Rio inova e estreita um canal de comunica\u00e7\u00e3o no Whatsapp","author":"ismaelcolosi.com.br","date":"28 de April de 2024","format":false,"excerpt":"Por meio da ferramenta, o p\u00fablico receber\u00e1 conte\u00fados exclusivos e novidades da Cidade do Rock em primeira m\u00e3o, al\u00e9m de ter acesso a todos os an\u00fancios e informa\u00e7\u00f5es relevantes da edi\u00e7\u00e3o que celebra os 40 anos de hist\u00f3ria do festival. Aplicativo oficial do festival recebe atualiza\u00e7\u00e3o e j\u00e1 est\u00e1 dispon\u00edvel\u2026","rel":"","context":"In &quot;Not\u00edcias de Ribeir\u00e3o Preto-SP e Regi\u00e3o&quot;","block_context":{"text":"Not\u00edcias de Ribeir\u00e3o Preto-SP e Regi\u00e3o","link":"https:\/\/ismaelcolosi.com.br\/index.php\/category\/noticias-de-ribeirao-preto-sp-e-regiao-ismael-colosi\/"},"img":{"alt_text":"","src":"https:\/\/i0.wp.com\/ismaelcolosi.com.br\/wp-content\/uploads\/2024\/04\/rock-in-rio.webp.webp?fit=1200%2C800&ssl=1&resize=350%2C200","width":350,"height":200,"srcset":"https:\/\/i0.wp.com\/ismaelcolosi.com.br\/wp-content\/uploads\/2024\/04\/rock-in-rio.webp.webp?fit=1200%2C800&ssl=1&resize=350%2C200 1x, https:\/\/i0.wp.com\/ismaelcolosi.com.br\/wp-content\/uploads\/2024\/04\/rock-in-rio.webp.webp?fit=1200%2C800&ssl=1&resize=525%2C300 1.5x, https:\/\/i0.wp.com\/ismaelcolosi.com.br\/wp-content\/uploads\/2024\/04\/rock-in-rio.webp.webp?fit=1200%2C800&ssl=1&resize=700%2C400 2x, https:\/\/i0.wp.com\/ismaelcolosi.com.br\/wp-content\/uploads\/2024\/04\/rock-in-rio.webp.webp?fit=1200%2C800&ssl=1&resize=1050%2C600 3x"},"classes":[]},{"id":27567,"url":"https:\/\/ismaelcolosi.com.br\/index.php\/2024\/01\/12\/grandes-volumes-de-chuva-podem-chegar-ao-sudeste-nos-proximos-dias\/","url_meta":{"origin":50758,"position":2},"title":"Grandes volumes de chuva podem chegar ao Sudeste nos pr\u00f3ximos dias \u2013 Folha de Ribeir\u00e3o","author":"ismaelcolosi.com.br","date":"12 de January de 2024","format":false,"excerpt":"O Instituto Nacional de Meteorologia (Inmet) alerta para a ocorr\u00eancia de grandes volumes de chuva nos pr\u00f3ximos dias em \u00e1reas do Sudeste, devido ao aumento da converg\u00eancia de umidade sobre a regi\u00e3o.\u00a0 Nesta sexta-feira (12), de acordo com a previs\u00e3o do Inmet, a combina\u00e7\u00e3o de calor, alta umidade do ar\u2026","rel":"","context":"In &quot;Not\u00edcias de Ribeir\u00e3o Preto-SP e Regi\u00e3o&quot;","block_context":{"text":"Not\u00edcias de Ribeir\u00e3o Preto-SP e Regi\u00e3o","link":"https:\/\/ismaelcolosi.com.br\/index.php\/category\/noticias-de-ribeirao-preto-sp-e-regiao-ismael-colosi\/"},"img":{"alt_text":"","src":"","width":0,"height":0},"classes":[]},{"id":77352,"url":"https:\/\/ismaelcolosi.com.br\/index.php\/2024\/11\/24\/50-vagas-de-emprego-para-trabalhar-de-casa-na-area-de-atendimento-ao-cliente-sac-vagas-home-office-clique-em-candidatar-36\/","url_meta":{"origin":50758,"position":3},"title":"50 vagas de emprego para trabalhar de casa na \u00e1rea de Atendimento ao Cliente &#8211; SAC. Vagas Home Office, clique em candidatar","author":"ismaelcolosi.com.br","date":"24 de November de 2024","format":false,"excerpt":"Atendente Action Store S\u00e3o Paulo - SP SAC Publicado h\u00e1 12 horas Candidatar Representante De Atendimento Ribeir\u00e3o Preto BrasilCenter S\u00e3o Paulo - SP SAC Publicado h\u00e1 12 horas Candidatar Analista de Customer Service \u2013 SP Soulan Recursos Humanos Barueri - SP SAC Publicado h\u00e1 2 dias Candidatar ESPECIALISTA DE ATENDIMENTO\u2026","rel":"","context":"In &quot;Vagas de Emprego Remoto - Home Office&quot;","block_context":{"text":"Vagas de Emprego Remoto - Home Office","link":"https:\/\/ismaelcolosi.com.br\/index.php\/category\/empregos-classificados-vagas-trabalho\/vagas-de-empregos-em-ribeirao-preto-regiao-brasil\/vagas-de-emprego-para-trabalhar-de-casa-home-office-remoto\/"},"img":{"alt_text":"","src":"https:\/\/i0.wp.com\/ismaelcolosi.com.br\/wp-content\/uploads\/2024\/11\/1732461701_entenda-a-importancia-do-sac-como-uma-estrategia-de-marketing.jpeg?fit=1000%2C1000&ssl=1&resize=350%2C200","width":350,"height":200,"srcset":"https:\/\/i0.wp.com\/ismaelcolosi.com.br\/wp-content\/uploads\/2024\/11\/1732461701_entenda-a-importancia-do-sac-como-uma-estrategia-de-marketing.jpeg?fit=1000%2C1000&ssl=1&resize=350%2C200 1x, https:\/\/i0.wp.com\/ismaelcolosi.com.br\/wp-content\/uploads\/2024\/11\/1732461701_entenda-a-importancia-do-sac-como-uma-estrategia-de-marketing.jpeg?fit=1000%2C1000&ssl=1&resize=525%2C300 1.5x, https:\/\/i0.wp.com\/ismaelcolosi.com.br\/wp-content\/uploads\/2024\/11\/1732461701_entenda-a-importancia-do-sac-como-uma-estrategia-de-marketing.jpeg?fit=1000%2C1000&ssl=1&resize=700%2C400 2x"},"classes":[]},{"id":22574,"url":"https:\/\/ismaelcolosi.com.br\/index.php\/2023\/12\/30\/para-comecar-2024-empregado-confira-vagas-abertas-em-diversas-regioes-do-brasil\/","url_meta":{"origin":50758,"position":4},"title":"Para come\u00e7ar 2024 empregado: confira vagas abertas em diversas regi\u00f5es do Brasil","author":"ismaelcolosi.com.br","date":"30 de December de 2023","format":false,"excerpt":"Da reda\u00e7\u00e3oi Da reda\u00e7\u00e3o 30\/12\/2023 - 10:01 Faltando 2 dias para o fim de 2023, quem est\u00e1 na procura por vaga no mercado de trabalho pode aproveitar as oportunidades abaixo. A Dinheiro listou pelo menos 14 empresas que est\u00e3o com inscri\u00e7\u00f5es abertas em processos seletivos em diversas regi\u00f5es do pa\u00eds.De\u2026","rel":"","context":"In &quot;Vagas de Emprego em Ribeir\u00e3o Preto-SP&quot;","block_context":{"text":"Vagas de Emprego em Ribeir\u00e3o Preto-SP","link":"https:\/\/ismaelcolosi.com.br\/index.php\/category\/empregos-classificados-vagas-trabalho\/vagas-de-empregos-em-ribeirao-preto-regiao-brasil\/"},"img":{"alt_text":"","src":"https:\/\/i0.wp.com\/ismaelcolosi.com.br\/wp-content\/uploads\/2023\/12\/clt.jpeg?fit=700%2C418&ssl=1&resize=350%2C200","width":350,"height":200,"srcset":"https:\/\/i0.wp.com\/ismaelcolosi.com.br\/wp-content\/uploads\/2023\/12\/clt.jpeg?fit=700%2C418&ssl=1&resize=350%2C200 1x, https:\/\/i0.wp.com\/ismaelcolosi.com.br\/wp-content\/uploads\/2023\/12\/clt.jpeg?fit=700%2C418&ssl=1&resize=525%2C300 1.5x, https:\/\/i0.wp.com\/ismaelcolosi.com.br\/wp-content\/uploads\/2023\/12\/clt.jpeg?fit=700%2C418&ssl=1&resize=700%2C400 2x"},"classes":[]},{"id":35577,"url":"https:\/\/ismaelcolosi.com.br\/index.php\/2024\/02\/06\/vagas-de-emprego-no-carrefour-em-ribeirao-preto-sp-5\/","url_meta":{"origin":50758,"position":5},"title":"Vagas de emprego no Carrefour em Ribeir\u00e3o Preto-SP","author":"ismaelcolosi.com.br","date":"6 de February de 2024","format":false,"excerpt":"Sobre a empresa Somos l\u00edderes no mercado brasileiro de varejo alimentar, com bandeiras e marcas devidamente estabelecidas e reconhecidas pelos consumidores brasileiros. Possu\u00edmos mais de quinhentos pontos de vendas, presentes em todos os estados, entre hipermercados, supermercados, lojas de proximidade, atacados, e-commerce, postos de combust\u00edveis e drogarias. H\u00e1 mais de\u2026","rel":"","context":"In &quot;Vagas de Emprego em Ribeir\u00e3o Preto-SP&quot;","block_context":{"text":"Vagas de Emprego em Ribeir\u00e3o Preto-SP","link":"https:\/\/ismaelcolosi.com.br\/index.php\/category\/empregos-classificados-vagas-trabalho\/vagas-de-empregos-em-ribeirao-preto-regiao-brasil\/"},"img":{"alt_text":"","src":"https:\/\/i0.wp.com\/ismaelcolosi.com.br\/wp-content\/uploads\/2024\/02\/WhatsApp-Image-2022-05-12-at-14.36.49.jpeg?fit=1200%2C628&ssl=1&resize=350%2C200","width":350,"height":200,"srcset":"https:\/\/i0.wp.com\/ismaelcolosi.com.br\/wp-content\/uploads\/2024\/02\/WhatsApp-Image-2022-05-12-at-14.36.49.jpeg?fit=1200%2C628&ssl=1&resize=350%2C200 1x, https:\/\/i0.wp.com\/ismaelcolosi.com.br\/wp-content\/uploads\/2024\/02\/WhatsApp-Image-2022-05-12-at-14.36.49.jpeg?fit=1200%2C628&ssl=1&resize=525%2C300 1.5x, https:\/\/i0.wp.com\/ismaelcolosi.com.br\/wp-content\/uploads\/2024\/02\/WhatsApp-Image-2022-05-12-at-14.36.49.jpeg?fit=1200%2C628&ssl=1&resize=700%2C400 2x, https:\/\/i0.wp.com\/ismaelcolosi.com.br\/wp-content\/uploads\/2024\/02\/WhatsApp-Image-2022-05-12-at-14.36.49.jpeg?fit=1200%2C628&ssl=1&resize=1050%2C600 3x"},"classes":[]}],"jetpack_sharing_enabled":true,"jetpack_shortlink":"https:\/\/wp.me\/pfMlyK-dcG","_links":{"self":[{"href":"https:\/\/ismaelcolosi.com.br\/index.php\/wp-json\/wp\/v2\/posts\/50758","targetHints":{"allow":["GET"]}}],"collection":[{"href":"https:\/\/ismaelcolosi.com.br\/index.php\/wp-json\/wp\/v2\/posts"}],"about":[{"href":"https:\/\/ismaelcolosi.com.br\/index.php\/wp-json\/wp\/v2\/types\/post"}],"author":[{"embeddable":true,"href":"https:\/\/ismaelcolosi.com.br\/index.php\/wp-json\/wp\/v2\/users\/1"}],"replies":[{"embeddable":true,"href":"https:\/\/ismaelcolosi.com.br\/index.php\/wp-json\/wp\/v2\/comments?post=50758"}],"version-history":[{"count":0,"href":"https:\/\/ismaelcolosi.com.br\/index.php\/wp-json\/wp\/v2\/posts\/50758\/revisions"}],"wp:featuredmedia":[{"embeddable":true,"href":"https:\/\/ismaelcolosi.com.br\/index.php\/wp-json\/wp\/v2\/media\/50759"}],"wp:attachment":[{"href":"https:\/\/ismaelcolosi.com.br\/index.php\/wp-json\/wp\/v2\/media?parent=50758"}],"wp:term":[{"taxonomy":"category","embeddable":true,"href":"https:\/\/ismaelcolosi.com.br\/index.php\/wp-json\/wp\/v2\/categories?post=50758"},{"taxonomy":"post_tag","embeddable":true,"href":"https:\/\/ismaelcolosi.com.br\/index.php\/wp-json\/wp\/v2\/tags?post=50758"}],"curies":[{"name":"wp","href":"https:\/\/api.w.org\/{rel}","templated":true}]}}