{"id":50505,"date":"2024-05-16T13:57:58","date_gmt":"2024-05-16T16:57:58","guid":{"rendered":"https:\/\/ismaelcolosi.com.br\/index.php\/2024\/05\/16\/em-entrevista-maisa-estrela-uma-das-capas-da-glamour-brasil-impressa-de-maio\/"},"modified":"2024-05-16T13:57:58","modified_gmt":"2024-05-16T16:57:58","slug":"em-entrevista-maisa-estrela-uma-das-capas-da-glamour-brasil-impressa-de-maio","status":"publish","type":"post","link":"https:\/\/ismaelcolosi.com.br\/index.php\/2024\/05\/16\/em-entrevista-maisa-estrela-uma-das-capas-da-glamour-brasil-impressa-de-maio\/","title":{"rendered":"Em entrevista: Maisa estrela uma das capas da Glamour Brasil impressa de maio"},"content":{"rendered":"<p> <br \/>\n<\/p>\n<div>\n<h3 class=\"fn__maintitle\"><span>Em entrevista: Maisa estrela uma das capas da Glamour Brasil impressa de maio<\/span><\/h3>\n<\/div>\n<div>\n<p style=\"text-align: center;\"><strong><i>A atriz e apresentadora compartilha sobre as consequ\u00eancias da fama na juventude, influ\u00eancia, futuro, vida pessoal e muito mais.<\/i><\/strong><\/p>\n<p>No auge dos 22 anos, que ser\u00e3o completados neste m\u00eas, Maisa j\u00e1 \u00e9 uma figura bem conhecida do p\u00fablico. Aos 3 anos de idade, subiu pela primeira vez em um palco, no\u00a0<i>Programa Raul Gil<\/i>, na Rede Bandeirantes. Dali, n\u00e3o parou mais de brilhar! Aos 5, assinou um contrato com o\u00a0<i>SBT<\/i>, que durou 13 anos, passando por diversos programas da casa at\u00e9 apresentar seu pr\u00f3prio\u00a0<i>talk show,\u00a0<\/i>al\u00e9m de papeis como atriz nas novelas infantojuvenis.<\/p><div class='code-block code-block-8' style='margin: 8px auto; text-align: center; display: block; clear: both;'>\n<script>\n  atOptions = {\n    'key' : '66e2e2111ca34da796271819fc334058',\n    'format' : 'iframe',\n    'height' : 250,\n    'width' : 300,\n    'params' : {}\n  };\n<\/script>\n<script src=\"https:\/\/www.highperformanceformat.com\/66e2e2111ca34da796271819fc334058\/invoke.js\"><\/script>\n<\/div>\n\n<p>O rompimento com a emissora veio junto com a abertura de sua ag\u00eancia de marketing de influ\u00eancia, ao lado seu s\u00f3cio e empres\u00e1rio, Guilherme Oliveira. H\u00e1 tr\u00eas anos, assinou um contrato com a Netflix, onde, entre tantos projetos, deu vida a Anita, personagem de <i>De Volta aos 15<\/i>, que tem sua terceira e \u00faltima temporada programada para este ano.<\/p>\n<p>Em conversa com a Glamour Brasil, Maisa reflete sobre como a fama desde pequena interferiu no seu crescimento, trajet\u00f3ria, planos para carreira internacional, como busca influenciar as pessoas, gest\u00e3o de carreira e muito mais.<\/p>\n<p>A pr\u00e9via da entrevista voc\u00ea confere no <a href=\"https:\/\/glamour.globo.com\/lifestyle\/capas\/noticia\/2024\/05\/maisa-e-capa-da-glamour-de-maio.ghtml\" target=\"_blank\" rel=\"noopener noreferrer\">site da Glamour Brasil<\/a>\u00a0e no app Globo+. A entrevista na \u00edntegra e todas as fotos do ensaio, voc\u00ea poder\u00e1 conferir nas principais bancas, a partir de sexta-feira, 17.<\/p>\n<p>\u00a0<\/p>\n<div id=\"attachment_2687\" style=\"width: 810px\" class=\"wp-caption aligncenter\"><\/p>\n<p id=\"caption-attachment-2687\" class=\"wp-caption-text\">Hick Duarte<\/p>\n<\/div>\n<p><strong>Glamour: Voc\u00ea cresceu aos olhos do p\u00fablico. Como foi ser observada em todas as fases da sua vida?<\/strong><\/p>\n<p>Maisa: A resposta, para mim, \u00e9 muito simples: \u00e9 a \u00fanica vida que eu conhe\u00e7o. Comecei minha carreira com 3 anos, n\u00e3o tenho exatamente do que sentir falta. Sou feliz com a minha vida e com as escolhas que eu fiz. Por incr\u00edvel que pare\u00e7a, estar aos olhos do p\u00fablico, para mim, \u00e9 o normal.<\/p>\n<p><strong>Glamour: Por conta do seu trabalho, voc\u00ea precisou adquirir certa maturidade muito cedo. Sente que perdeu ritos de passagem importantes por causa da fama?<\/strong><\/p>\n<p>Maisa: Eu n\u00e3o perdi, s\u00f3 escolhi n\u00e3o mostrar a maioria deles. Alguns aconteceram em frente ao p\u00fablico, como quando eu fiz 15 anos ou o meu primeiro namoro. Meus ritos de passagem se misturam entre a minha vida pessoal e minha carreira art\u00edstica, mas escolhi resguardar minhas escolhas mais \u00edntimas. Esse \u00e9 o segredo para o equil\u00edbrio da minha vida. Preciso de um pouco de privacidade para me sentir normal tamb\u00e9m.<\/p>\n<p><strong>Glamour: Raramente voc\u00ea se v\u00ea envolvida em pol\u00eamicas ou esc\u00e2ndalos, como \u00e9 feita a gest\u00e3o da sua carreira? O controle vem de voc\u00ea ou da sua equipe?<\/strong><\/p>\n<p>Maisa: \u00c9 um pouco do dois. Tenho uma gest\u00e3o interna muito forte, sou super-racional. Pondero tudo, penso muito antes de falar e fazer. \u00c0s vezes queria ser mais impulsiva, mas n\u00e3o consigo. N\u00e3o gosto de me meter em pol\u00eamicas alheias, embora j\u00e1 tenha feito isso quando mais nova. Parto do ponto de que n\u00e3o sei de tudo e n\u00e3o sou dona da verdade, por isso, resguardo o que acho desnecess\u00e1rio. Conhe\u00e7o meus limites.<\/p>\n<div id=\"attachment_2686\" style=\"width: 810px\" class=\"wp-caption aligncenter\"><img data-recalc-dims=\"1\" loading=\"lazy\" decoding=\"async\" aria-describedby=\"caption-attachment-2686\" class=\"wp-image-2686 size-full\" src=\"https:\/\/i0.wp.com\/popito.com.br\/wp-content\/uploads\/2024\/05\/handler-1-2.jpeg?resize=800%2C1000&#038;ssl=1\" alt=\"\" width=\"800\" height=\"1000\" srcset=\"https:\/\/popito.com.br\/wp-content\/uploads\/2024\/05\/handler-1-2.jpeg 800w, https:\/\/popito.com.br\/wp-content\/uploads\/2024\/05\/handler-1-2-240x300.jpeg 240w, https:\/\/popito.com.br\/wp-content\/uploads\/2024\/05\/handler-1-2-768x960.jpeg 768w, https:\/\/popito.com.br\/wp-content\/uploads\/2024\/05\/handler-1-2-10x12.jpeg 10w, https:\/\/popito.com.br\/wp-content\/uploads\/2024\/05\/handler-1-2-600x750.jpeg 600w\" sizes=\"auto, (max-width: 800px) 100vw, 800px\"\/><\/p>\n<p id=\"caption-attachment-2686\" class=\"wp-caption-text\">Hick Duarte<\/p>\n<\/div>\n<div class=\"popito_fn_votewrap\">\n<h3 class=\"vote_title\">Como voc\u00ea vota? <\/h3>\n<div class=\"popito_fn_votes \" data-id=\"2681\">\n<p>0 People voted this article. 0 Upvotes &#8211; 0 Downvotes.<\/p>\n<\/div>\n<\/div>\n<\/div>\n<p><br \/>\n<br \/><a href=\"https:\/\/popito.com.br\/em-entrevista-maisa-estrela-uma-das-capas-da-glamour-brasil-impressa-de-maio\/\">Source link <\/a><\/p>\n<div class='code-block code-block-4' style='margin: 8px auto 8px 0; text-align: left; display: block; clear: both;'>\n\ud83d\udce2 Aviso Legal\n\nO site ismaelcolosi.com.br atua apenas como um canal de divulga\u00e7\u00e3o de oportunidades de emprego e n\u00e3o se responsabiliza pelo processo seletivo, contrata\u00e7\u00e3o ou qualquer outra etapa relacionada \u00e0s vagas publicadas. Todas as informa\u00e7\u00f5es s\u00e3o de responsabilidade dos anunciantes.\n\n\u26a0\ufe0f Aten\u00e7\u00e3o! Nunca pague por promessas de emprego nem compre cursos que garantam contrata\u00e7\u00e3o. Desconfie de qualquer cobran\u00e7a para participar de sele\u00e7\u00f5es.\n\n\n\n<\/div>\n<!-- CONTENT END 1 -->\n","protected":false},"excerpt":{"rendered":"<p>Em entrevista: Maisa estrela uma das capas da Glamour Brasil impressa de maio A atriz e apresentadora compartilha sobre as consequ\u00eancias da fama na juventude,&#8230;<\/p>\n","protected":false},"author":1,"featured_media":50506,"comment_status":"open","ping_status":"open","sticky":false,"template":"","format":"standard","meta":{"_uag_custom_page_level_css":"","advanced_seo_description":"","jetpack_seo_html_title":"","jetpack_seo_noindex":false,"jetpack_post_was_ever_published":false,"_jetpack_newsletter_access":"","_jetpack_dont_email_post_to_subs":false,"_jetpack_newsletter_tier_id":0,"_jetpack_memberships_contains_paywalled_content":false,"_jetpack_memberships_contains_paid_content":false,"footnotes":"","jetpack_publicize_message":"","jetpack_publicize_feature_enabled":true,"jetpack_social_post_already_shared":false,"jetpack_social_options":{"image_generator_settings":{"template":"highway","default_image_id":0,"font":"","enabled":false},"version":2}},"categories":[11],"tags":[137,5823,429,560,5603,5824,5825,1969,5822,85],"class_list":["post-50505","post","type-post","status-publish","format-standard","has-post-thumbnail","hentry","category-noticias-de-ribeirao-preto-sp-e-regiao-ismael-colosi","tag-brasil","tag-capas","tag-das","tag-entrevista","tag-estrela","tag-glamour","tag-impressa","tag-maio","tag-maisa","tag-uma"],"jetpack_publicize_connections":[],"jetpack_featured_media_url":"https:\/\/i0.wp.com\/ismaelcolosi.com.br\/wp-content\/uploads\/2024\/05\/handler-4.jpeg?fit=800%2C1000&ssl=1","uagb_featured_image_src":{"full":["https:\/\/i0.wp.com\/ismaelcolosi.com.br\/wp-content\/uploads\/2024\/05\/handler-4.jpeg?fit=800%2C1000&ssl=1",800,1000,false],"thumbnail":["https:\/\/i0.wp.com\/ismaelcolosi.com.br\/wp-content\/uploads\/2024\/05\/handler-4.jpeg?resize=150%2C150&ssl=1",150,150,true],"medium":["https:\/\/i0.wp.com\/ismaelcolosi.com.br\/wp-content\/uploads\/2024\/05\/handler-4.jpeg?fit=240%2C300&ssl=1",240,300,true],"medium_large":["https:\/\/i0.wp.com\/ismaelcolosi.com.br\/wp-content\/uploads\/2024\/05\/handler-4.jpeg?fit=768%2C960&ssl=1",768,960,true],"large":["https:\/\/i0.wp.com\/ismaelcolosi.com.br\/wp-content\/uploads\/2024\/05\/handler-4.jpeg?fit=800%2C1000&ssl=1",800,1000,true],"1536x1536":["https:\/\/i0.wp.com\/ismaelcolosi.com.br\/wp-content\/uploads\/2024\/05\/handler-4.jpeg?fit=800%2C1000&ssl=1",800,1000,true],"2048x2048":["https:\/\/i0.wp.com\/ismaelcolosi.com.br\/wp-content\/uploads\/2024\/05\/handler-4.jpeg?fit=800%2C1000&ssl=1",800,1000,true],"really-simple-thumb":["https:\/\/i0.wp.com\/ismaelcolosi.com.br\/wp-content\/uploads\/2024\/05\/handler-4.jpeg?resize=370%2C247&ssl=1",370,247,true]},"uagb_author_info":{"display_name":"ismaelcolosi.com.br","author_link":"https:\/\/ismaelcolosi.com.br\/index.php\/author\/vidareal-online\/"},"uagb_comment_info":0,"uagb_excerpt":"Em entrevista: Maisa estrela uma das capas da Glamour Brasil impressa de maio A atriz e apresentadora compartilha sobre as consequ\u00eancias da fama na juventude,...","jetpack-related-posts":[{"id":6842,"url":"https:\/\/ismaelcolosi.com.br\/index.php\/2023\/11\/27\/sandy-revela-que-nao-se-acha-bonita-e-entrega-dependencia-de-maquiagem-nao-ando-sem\/","url_meta":{"origin":50505,"position":0},"title":"Sandy revela que n\u00e3o se acha bonita e entrega depend\u00eancia de maquiagem: &#8216;n\u00e3o ando sem&#8217;","author":"ismaelcolosi.com.br","date":"27 de November de 2023","format":false,"excerpt":"Aos 40 anos de idade, Sandy estaria facilmente na lista de mulheres mais bonitas do Brasil de muita gente. No entanto, se engana quem pensa que a apresentadora tem uma boa rela\u00e7\u00e3o com sua auto-estima.Durante entrevista \u00e0 Ang\u00e9lica, em seu novo programa, a cantora surpreendeu ao afirmar que n\u00e3o se\u2026","rel":"","context":"In &quot;Blog&quot;","block_context":{"text":"Blog","link":"https:\/\/ismaelcolosi.com.br\/index.php\/category\/blog\/"},"img":{"alt_text":"","src":"https:\/\/i0.wp.com\/ismaelcolosi.com.br\/wp-content\/uploads\/2023\/11\/postimg-65642cdc457281030.jpg?fit=1200%2C628&ssl=1&resize=350%2C200","width":350,"height":200,"srcset":"https:\/\/i0.wp.com\/ismaelcolosi.com.br\/wp-content\/uploads\/2023\/11\/postimg-65642cdc457281030.jpg?fit=1200%2C628&ssl=1&resize=350%2C200 1x, https:\/\/i0.wp.com\/ismaelcolosi.com.br\/wp-content\/uploads\/2023\/11\/postimg-65642cdc457281030.jpg?fit=1200%2C628&ssl=1&resize=525%2C300 1.5x, https:\/\/i0.wp.com\/ismaelcolosi.com.br\/wp-content\/uploads\/2023\/11\/postimg-65642cdc457281030.jpg?fit=1200%2C628&ssl=1&resize=700%2C400 2x, https:\/\/i0.wp.com\/ismaelcolosi.com.br\/wp-content\/uploads\/2023\/11\/postimg-65642cdc457281030.jpg?fit=1200%2C628&ssl=1&resize=1050%2C600 3x"},"classes":[]},{"id":81064,"url":"https:\/\/ismaelcolosi.com.br\/index.php\/2025\/01\/07\/a-trajetoria-da-vencedora-do-globo-de-ouro\/","url_meta":{"origin":50505,"position":1},"title":"A Trajet\u00f3ria da Vencedora do Globo de Ouro","author":"ismaelcolosi.com.br","date":"7 de January de 2025","format":false,"excerpt":"\r Getty Images\r Fernanda Torres levou o Globo de Ouro pela atua\u00e7\u00e3o em \"Ainda Estou Aqui\"\r \u00a0 Acessibilidade \r L\r L\r A-\r A+\r \r \u25d0\r \r \u00a0 Fernanda Torres fez hist\u00f3ria para o Brasil na madrugada de segunda-feira (6), ao vencer a categoria de Melhor Atriz em Filme Dram\u00e1tico no\u2026","rel":"","context":"In &quot;Carreira e Sucesso&quot;","block_context":{"text":"Carreira e Sucesso","link":"https:\/\/ismaelcolosi.com.br\/index.php\/category\/carreira-e-sucesso-dicas-para-carreira\/"},"img":{"alt_text":"","src":"https:\/\/i0.wp.com\/ismaelcolosi.com.br\/wp-content\/uploads\/2025\/01\/fernanda-torres-globo-de-ouro-1-1200x675.jpg?fit=1200%2C675&ssl=1&resize=350%2C200","width":350,"height":200,"srcset":"https:\/\/i0.wp.com\/ismaelcolosi.com.br\/wp-content\/uploads\/2025\/01\/fernanda-torres-globo-de-ouro-1-1200x675.jpg?fit=1200%2C675&ssl=1&resize=350%2C200 1x, https:\/\/i0.wp.com\/ismaelcolosi.com.br\/wp-content\/uploads\/2025\/01\/fernanda-torres-globo-de-ouro-1-1200x675.jpg?fit=1200%2C675&ssl=1&resize=525%2C300 1.5x, https:\/\/i0.wp.com\/ismaelcolosi.com.br\/wp-content\/uploads\/2025\/01\/fernanda-torres-globo-de-ouro-1-1200x675.jpg?fit=1200%2C675&ssl=1&resize=700%2C400 2x, https:\/\/i0.wp.com\/ismaelcolosi.com.br\/wp-content\/uploads\/2025\/01\/fernanda-torres-globo-de-ouro-1-1200x675.jpg?fit=1200%2C675&ssl=1&resize=1050%2C600 3x"},"classes":[]},{"id":81122,"url":"https:\/\/ismaelcolosi.com.br\/index.php\/2025\/01\/08\/a-trajetoria-da-vencedora-do-globo-de-ouro-2\/","url_meta":{"origin":50505,"position":2},"title":"A Trajet\u00f3ria da Vencedora do Globo de Ouro","author":"ismaelcolosi.com.br","date":"8 de January de 2025","format":false,"excerpt":"\r Getty Images\r Fernanda Torres levou o Globo de Ouro pela atua\u00e7\u00e3o em \"Ainda Estou Aqui\"\r \u00a0 Acessibilidade \r L\r L\r A-\r A+\r \r \u25d0\r \r \u00a0 Fernanda Torres fez hist\u00f3ria para o Brasil na madrugada de segunda-feira (6), ao vencer a categoria de Melhor Atriz em Filme Dram\u00e1tico no\u2026","rel":"","context":"In &quot;Carreira e Sucesso&quot;","block_context":{"text":"Carreira e Sucesso","link":"https:\/\/ismaelcolosi.com.br\/index.php\/category\/carreira-e-sucesso-dicas-para-carreira\/"},"img":{"alt_text":"","src":"https:\/\/i0.wp.com\/ismaelcolosi.com.br\/wp-content\/uploads\/2025\/01\/1736325693_fernanda-torres-globo-de-ouro-1-1200x675.jpg?fit=1200%2C675&ssl=1&resize=350%2C200","width":350,"height":200,"srcset":"https:\/\/i0.wp.com\/ismaelcolosi.com.br\/wp-content\/uploads\/2025\/01\/1736325693_fernanda-torres-globo-de-ouro-1-1200x675.jpg?fit=1200%2C675&ssl=1&resize=350%2C200 1x, https:\/\/i0.wp.com\/ismaelcolosi.com.br\/wp-content\/uploads\/2025\/01\/1736325693_fernanda-torres-globo-de-ouro-1-1200x675.jpg?fit=1200%2C675&ssl=1&resize=525%2C300 1.5x, https:\/\/i0.wp.com\/ismaelcolosi.com.br\/wp-content\/uploads\/2025\/01\/1736325693_fernanda-torres-globo-de-ouro-1-1200x675.jpg?fit=1200%2C675&ssl=1&resize=700%2C400 2x, https:\/\/i0.wp.com\/ismaelcolosi.com.br\/wp-content\/uploads\/2025\/01\/1736325693_fernanda-torres-globo-de-ouro-1-1200x675.jpg?fit=1200%2C675&ssl=1&resize=1050%2C600 3x"},"classes":[]},{"id":68124,"url":"https:\/\/ismaelcolosi.com.br\/index.php\/2024\/09\/27\/maggie-smith-estrela-de-harry-potter-e-downton-abbey-morre-aos-89-anos\/","url_meta":{"origin":50505,"position":3},"title":"Maggie Smith, estrela de Harry Potter e Downton Abbey, morre aos 89 anos","author":"ismaelcolosi.com.br","date":"27 de September de 2024","format":false,"excerpt":"A atriz Maggie Smith, conhecida por seus personagens em Harry Potter e Downton Abbey, morreu aos 89 anos, na manh\u00e3 desta sexta-feira (27). A informa\u00e7\u00e3o foi confirmada pelos filhos, contudo a causa da morte n\u00e3o foi divulgada. \u201cEla faleceu pacificamente no hospital na manh\u00e3 de sexta-feira, 27 de setembro\u201c, escreveu\u2026","rel":"","context":"In &quot;Not\u00edcias de Ribeir\u00e3o Preto-SP e Regi\u00e3o&quot;","block_context":{"text":"Not\u00edcias de Ribeir\u00e3o Preto-SP e Regi\u00e3o","link":"https:\/\/ismaelcolosi.com.br\/index.php\/category\/noticias-de-ribeirao-preto-sp-e-regiao-ismael-colosi\/"},"img":{"alt_text":"","src":"https:\/\/i0.wp.com\/ismaelcolosi.com.br\/wp-content\/uploads\/2024\/09\/maggie-smith_wcke.960_2024-09-27_14-09-50.webp.webp?fit=960%2C540&ssl=1&resize=350%2C200","width":350,"height":200,"srcset":"https:\/\/i0.wp.com\/ismaelcolosi.com.br\/wp-content\/uploads\/2024\/09\/maggie-smith_wcke.960_2024-09-27_14-09-50.webp.webp?fit=960%2C540&ssl=1&resize=350%2C200 1x, https:\/\/i0.wp.com\/ismaelcolosi.com.br\/wp-content\/uploads\/2024\/09\/maggie-smith_wcke.960_2024-09-27_14-09-50.webp.webp?fit=960%2C540&ssl=1&resize=525%2C300 1.5x, https:\/\/i0.wp.com\/ismaelcolosi.com.br\/wp-content\/uploads\/2024\/09\/maggie-smith_wcke.960_2024-09-27_14-09-50.webp.webp?fit=960%2C540&ssl=1&resize=700%2C400 2x"},"classes":[]},{"id":25810,"url":"https:\/\/ismaelcolosi.com.br\/index.php\/2024\/01\/08\/atriz-que-viveu-romance-com-alexandre-frota-tem-falecimento-confirmado-e-ator-lamenta\/","url_meta":{"origin":50505,"position":4},"title":"Atriz que viveu romance com Alexandre Frota tem falecimento confirmado e ator lamenta","author":"ismaelcolosi.com.br","date":"8 de January de 2024","format":false,"excerpt":"De forma recente, no dia 4 de janeiro, foi confirmado o falecimento da atriz portuguesa Ana Afonso. Ela morreu aos 47 anos de idade, e at\u00e9 o momento, a causa de sua morte n\u00e3o foi exposta.Com uma carreira que abrangeu a moda e a televis\u00e3o, Ana, nascida no Algarve, destacou-se\u2026","rel":"","context":"In &quot;Blog&quot;","block_context":{"text":"Blog","link":"https:\/\/ismaelcolosi.com.br\/index.php\/category\/blog\/"},"img":{"alt_text":"","src":"https:\/\/i0.wp.com\/ismaelcolosi.com.br\/wp-content\/uploads\/2024\/01\/postimg-659c349fda8443608.jpg?fit=1200%2C628&ssl=1&resize=350%2C200","width":350,"height":200,"srcset":"https:\/\/i0.wp.com\/ismaelcolosi.com.br\/wp-content\/uploads\/2024\/01\/postimg-659c349fda8443608.jpg?fit=1200%2C628&ssl=1&resize=350%2C200 1x, https:\/\/i0.wp.com\/ismaelcolosi.com.br\/wp-content\/uploads\/2024\/01\/postimg-659c349fda8443608.jpg?fit=1200%2C628&ssl=1&resize=525%2C300 1.5x, https:\/\/i0.wp.com\/ismaelcolosi.com.br\/wp-content\/uploads\/2024\/01\/postimg-659c349fda8443608.jpg?fit=1200%2C628&ssl=1&resize=700%2C400 2x, https:\/\/i0.wp.com\/ismaelcolosi.com.br\/wp-content\/uploads\/2024\/01\/postimg-659c349fda8443608.jpg?fit=1200%2C628&ssl=1&resize=1050%2C600 3x"},"classes":[]},{"id":55289,"url":"https:\/\/ismaelcolosi.com.br\/index.php\/2024\/07\/01\/policia-civil-conclui-inquerito-do-caso-de-idoso-espancado-pelo-vizinho-no-centro-de-ribeirao\/","url_meta":{"origin":50505,"position":5},"title":"Pol\u00edcia Civil conclui inqu\u00e9rito do caso de idoso espancado pelo vizinho no Centro de Ribeir\u00e3o","author":"ismaelcolosi.com.br","date":"1 de July de 2024","format":false,"excerpt":"A Pol\u00edcia Civil concluiu o inqu\u00e9rito do caso do idoso que morreu ap\u00f3s ser espancado pelo vizinho, no dia 25 de junho, no Centro de Ribeir\u00e3o Preto. J\u00falio C\u00e9sar da Silva, de 60 anos, e S\u00e9rgio Salom\u00e3o, de 48 anos, eram moradores de um condom\u00ednio no Jardim Paulista, zona Leste\u2026","rel":"","context":"In &quot;Not\u00edcias de Ribeir\u00e3o Preto-SP e Regi\u00e3o&quot;","block_context":{"text":"Not\u00edcias de Ribeir\u00e3o Preto-SP e Regi\u00e3o","link":"https:\/\/ismaelcolosi.com.br\/index.php\/category\/noticias-de-ribeirao-preto-sp-e-regiao-ismael-colosi\/"},"img":{"alt_text":"","src":"https:\/\/i0.wp.com\/ismaelcolosi.com.br\/wp-content\/uploads\/2024\/06\/suspeito-agredir-idoso_2024-06-27_23-46-06_png_2024-06-27_23-46-06.webp.webp?fit=984%2C554&ssl=1&resize=350%2C200","width":350,"height":200,"srcset":"https:\/\/i0.wp.com\/ismaelcolosi.com.br\/wp-content\/uploads\/2024\/06\/suspeito-agredir-idoso_2024-06-27_23-46-06_png_2024-06-27_23-46-06.webp.webp?fit=984%2C554&ssl=1&resize=350%2C200 1x, https:\/\/i0.wp.com\/ismaelcolosi.com.br\/wp-content\/uploads\/2024\/06\/suspeito-agredir-idoso_2024-06-27_23-46-06_png_2024-06-27_23-46-06.webp.webp?fit=984%2C554&ssl=1&resize=525%2C300 1.5x, https:\/\/i0.wp.com\/ismaelcolosi.com.br\/wp-content\/uploads\/2024\/06\/suspeito-agredir-idoso_2024-06-27_23-46-06_png_2024-06-27_23-46-06.webp.webp?fit=984%2C554&ssl=1&resize=700%2C400 2x"},"classes":[]}],"jetpack_sharing_enabled":true,"jetpack_shortlink":"https:\/\/wp.me\/pfMlyK-d8B","_links":{"self":[{"href":"https:\/\/ismaelcolosi.com.br\/index.php\/wp-json\/wp\/v2\/posts\/50505","targetHints":{"allow":["GET"]}}],"collection":[{"href":"https:\/\/ismaelcolosi.com.br\/index.php\/wp-json\/wp\/v2\/posts"}],"about":[{"href":"https:\/\/ismaelcolosi.com.br\/index.php\/wp-json\/wp\/v2\/types\/post"}],"author":[{"embeddable":true,"href":"https:\/\/ismaelcolosi.com.br\/index.php\/wp-json\/wp\/v2\/users\/1"}],"replies":[{"embeddable":true,"href":"https:\/\/ismaelcolosi.com.br\/index.php\/wp-json\/wp\/v2\/comments?post=50505"}],"version-history":[{"count":0,"href":"https:\/\/ismaelcolosi.com.br\/index.php\/wp-json\/wp\/v2\/posts\/50505\/revisions"}],"wp:featuredmedia":[{"embeddable":true,"href":"https:\/\/ismaelcolosi.com.br\/index.php\/wp-json\/wp\/v2\/media\/50506"}],"wp:attachment":[{"href":"https:\/\/ismaelcolosi.com.br\/index.php\/wp-json\/wp\/v2\/media?parent=50505"}],"wp:term":[{"taxonomy":"category","embeddable":true,"href":"https:\/\/ismaelcolosi.com.br\/index.php\/wp-json\/wp\/v2\/categories?post=50505"},{"taxonomy":"post_tag","embeddable":true,"href":"https:\/\/ismaelcolosi.com.br\/index.php\/wp-json\/wp\/v2\/tags?post=50505"}],"curies":[{"name":"wp","href":"https:\/\/api.w.org\/{rel}","templated":true}]}}