{"id":5015,"date":"2023-11-22T18:12:22","date_gmt":"2023-11-22T21:12:22","guid":{"rendered":"https:\/\/ismaelcolosi.com.br\/index.php\/2023\/11\/22\/rp-mobi-adia-inicio-da-fiscalizacao-da-area-azul-digital-na-regiao-da-dom-pedro-i\/"},"modified":"2023-11-22T18:12:22","modified_gmt":"2023-11-22T21:12:22","slug":"rp-mobi-adia-inicio-da-fiscalizacao-da-area-azul-digital-na-regiao-da-dom-pedro-i","status":"publish","type":"post","link":"https:\/\/ismaelcolosi.com.br\/index.php\/2023\/11\/22\/rp-mobi-adia-inicio-da-fiscalizacao-da-area-azul-digital-na-regiao-da-dom-pedro-i\/","title":{"rendered":"RP Mobi adia in\u00edcio da fiscaliza\u00e7\u00e3o da \u00c1rea Azul Digital na regi\u00e3o da Dom Pedro I"},"content":{"rendered":"<p> <br \/>\n<\/p>\n<div>\n<p><strong>A<a href=\"https:\/\/www.ribeiraopreto.sp.gov.br\/portal\/rpmobi\/\" target=\"_blank\" rel=\"noreferrer noopener nofollow\"> RP Mobi <\/a>informou que vai adiar para o dia 4 de dezembro o in\u00edcio da fiscaliza\u00e7\u00e3o das vagas da \u00c1rea Azul Digital na regi\u00e3o da avenida Dom Pedro I, em Ribeir\u00e3o Preto. Inicialmente, a aplica\u00e7\u00e3o de multas estava programada para esta quinta-feira (23).<\/strong><\/p>\n<p>Ao todo, <mark style=\"background-color:#fcb900\" class=\"has-inline-color has-black-color\">s\u00e3o 302 vagas de estacionamento rotativo nas ruas do entorno da avenida,<\/mark> al\u00e9m de 16 vagas para idosos, oito vagas para deficientes f\u00edsicos, 25 vagas para opera\u00e7\u00e3o de carga e descarga e 11 \u00e1reas para o estacionamento de motocicletas e similares.<\/p><div class='code-block code-block-8' style='margin: 8px auto; text-align: center; display: block; clear: both;'>\n<script>\n  atOptions = {\n    'key' : '66e2e2111ca34da796271819fc334058',\n    'format' : 'iframe',\n    'height' : 250,\n    'width' : 300,\n    'params' : {}\n  };\n<\/script>\n<script src=\"https:\/\/www.highperformanceformat.com\/66e2e2111ca34da796271819fc334058\/invoke.js\"><\/script>\n<\/div>\n\n<h4 class=\"wp-block-heading\"><strong>Hor\u00e1rios<\/strong><\/h4>\n<p>A \u00c1rea Azul Digital, na regi\u00e3o da Dom Pedro I, funcionar\u00e1 de segunda a sexta-feira, das 9h \u00e0s 18h, e aos s\u00e1bados, das 9h \u00e0s 13h.<\/p>\n<h4 class=\"wp-block-heading\"><strong>Tarifas<\/strong><\/h4>\n<p>Os usu\u00e1rios da \u00c1rea Azul podem comprar cr\u00e9ditos de R$ 1,50, para uma hora, ou de R$ 3 para duas horas.<\/p>\n<h4 class=\"wp-block-heading\"><strong>Toler\u00e2ncia<\/strong><\/h4>\n<p><mark style=\"background-color:#fcb900\" class=\"has-inline-color has-black-color\">O usu\u00e1rio tem a toler\u00e2ncia de at\u00e9 15 minutos exclusivamente para aquisi\u00e7\u00e3o do cr\u00e9dito avulso de qualquer valor.<\/mark> O mesmo cr\u00e9dito adquirido pode ser utilizado em diferentes vagas, at\u00e9 o limite do seu vencimento.<\/p>\n<h4 class=\"wp-block-heading\"><strong>Pagamento<\/strong><\/h4>\n<p>Os parqu\u00edmetros est\u00e3o instalados nas vias perpendiculares \u00e0 avenida Dom Pedro I, e funcionam com moedas, cart\u00f5es de cr\u00e9dito e d\u00e9bito, al\u00e9m de cart\u00e3o pr\u00e9-pago.<\/p>\n<p>Localiza\u00e7\u00e3o dos novos equipamentos:<\/p>\n<ul>\n<li> Avenida Dom Pedro I com a rua Japur\u00e1<\/li>\n<\/ul>\n<ul>\n<li> Avenida Dom Pedro I com a rua General C\u00e2mara<\/li>\n<\/ul>\n<ul>\n<li> Avenida Dom Pedro I com a travessa Jamil Jorge<\/li>\n<\/ul>\n<ul>\n<li> Avenida Dom Pedro I com a rua Esp\u00edrito Santo<\/li>\n<\/ul>\n<ul>\n<li> Avenida Dom Pedro I com a travessa Cantareira<\/li>\n<\/ul>\n<p>Os motoristas tamb\u00e9m podem realizar o pagamento pelos aplicativos <strong>Sigapay <\/strong>e <strong>Digipare <\/strong>ou pelo QRCode do Pix da \u00c1rea Azul, que foram colocados nos parqu\u00edmetros e estabelecimentos comerciais.<\/p>\n<p>VEJA TAMB\u00c9M<br \/>Clube tradicional de Ribeir\u00e3o Preto vai a leil\u00e3o novamente; Entenda<\/p>\n<h4 class=\"wp-block-heading\"><strong>FIQUE ON<\/strong><\/h4>\n<p>Fique ligado em tudo que acontece em Ribeir\u00e3o Preto e regi\u00e3o. Siga os perfis do<strong> acidade on <\/strong>no <a href=\"https:\/\/www.instagram.com\/acidadeonribeirao\" target=\"_blank\" rel=\"noreferrer noopener nofollow\">Instagram<\/a> e no <a href=\"https:\/\/www.facebook.com\/acidadeonribeirao\" target=\"_blank\" rel=\"noreferrer noopener nofollow\">Facebook<\/a>.<\/p>\n<p>Receba not\u00edcias do <strong>acidade on <\/strong>no WhatsApp.<a href=\"https:\/\/chat.whatsapp.com\/Bnv2w66ZT4VDyZW3oiZ69n\" target=\"_blank\" rel=\"noreferrer noopener nofollow\"> Para entrar no grupo, basta clicar aqui.<\/a><\/p>\n<p>Fa\u00e7a uma den\u00fancia ou sugira uma reportagem sobre a Ribeir\u00e3o Preto e regi\u00e3o pelo WhatsApp: (16) 99117 7802.<\/p>\n<p>LEIA MAIS<br \/><a href=\"https:\/\/www.tudoep.com\/tudo-receitas\/NOT,0,0,1868100,nhoque-de-batata-confira-a-melhor-forma-de-fazer-essa-deliciosa-receita.aspx\" target=\"_blank\" rel=\"noreferrer noopener nofollow\">Nhoque de batata: confira a melhor forma de fazer essa deliciosa receita<\/a><\/p>\n<p><!-- AI CONTENT END 1 -->\n<\/div>\n<p><script async src=\"\/\/www.instagram.com\/embed.js\"><\/script><br \/>\n<br \/><br \/>\n<br \/><a href=\"https:\/\/www.acidadeon.com\/ribeiraopreto\/cotidiano\/rp-mobi-adia-inicio-da-fiscalizacao-da-area-azul-digital-na-regiao-da-dom-pedro-i\/\">Source link <\/a><\/p>\n<div class='code-block code-block-4' style='margin: 8px auto 8px 0; text-align: left; display: block; clear: both;'>\n\ud83d\udce2 Aviso Legal\n\nO site ismaelcolosi.com.br atua apenas como um canal de divulga\u00e7\u00e3o de oportunidades de emprego e n\u00e3o se responsabiliza pelo processo seletivo, contrata\u00e7\u00e3o ou qualquer outra etapa relacionada \u00e0s vagas publicadas. Todas as informa\u00e7\u00f5es s\u00e3o de responsabilidade dos anunciantes.\n\n\u26a0\ufe0f Aten\u00e7\u00e3o! Nunca pague por promessas de emprego nem compre cursos que garantam contrata\u00e7\u00e3o. Desconfie de qualquer cobran\u00e7a para participar de sele\u00e7\u00f5es.\n\n\n<div data-type=\"_mgwidget\" data-widget-id=\"2000896\">\n<\/div>\n<script>(function(w,q){w[q]=w[q]||[];w[q].push([\"_mgc.load\"])})(window,\"_mgq\");\n<\/script>\n<\/div>\n<!-- CONTENT END 1 -->\n","protected":false},"excerpt":{"rendered":"<p>A RP Mobi informou que vai adiar para o dia 4 de dezembro o in\u00edcio da fiscaliza\u00e7\u00e3o das vagas da \u00c1rea Azul Digital na regi\u00e3o&#8230;<\/p>\n","protected":false},"author":1,"featured_media":5016,"comment_status":"open","ping_status":"open","sticky":false,"template":"","format":"standard","meta":{"_uag_custom_page_level_css":"","jetpack_post_was_ever_published":false,"_jetpack_newsletter_access":"","_jetpack_dont_email_post_to_subs":false,"_jetpack_newsletter_tier_id":0,"_jetpack_memberships_contains_paywalled_content":false,"_jetpack_memberships_contains_paid_content":false,"footnotes":"","jetpack_publicize_message":"","jetpack_publicize_feature_enabled":true,"jetpack_social_post_already_shared":true,"jetpack_social_options":{"image_generator_settings":{"template":"highway","default_image_id":0,"font":"","enabled":false},"version":2}},"categories":[11],"tags":[538,541,542,159,543,540,539,40,58,277],"class_list":["post-5015","post","type-post","status-publish","format-standard","has-post-thumbnail","hentry","category-noticias-de-ribeirao-preto-sp-e-regiao-ismael-colosi","tag-adia","tag-area","tag-azul","tag-digital","tag-dom","tag-fiscalizacao","tag-inicio","tag-mobi","tag-pedro","tag-regiao"],"aioseo_notices":[],"jetpack_publicize_connections":[],"jetpack_featured_media_url":"https:\/\/i0.wp.com\/ismaelcolosi.com.br\/wp-content\/uploads\/2023\/11\/area-azul-dom-pedro.jpeg?fit=1440%2C1080&ssl=1","uagb_featured_image_src":{"full":["https:\/\/i0.wp.com\/ismaelcolosi.com.br\/wp-content\/uploads\/2023\/11\/area-azul-dom-pedro.jpeg?fit=1440%2C1080&ssl=1",1440,1080,false],"thumbnail":["https:\/\/i0.wp.com\/ismaelcolosi.com.br\/wp-content\/uploads\/2023\/11\/area-azul-dom-pedro.jpeg?resize=150%2C150&ssl=1",150,150,true],"medium":["https:\/\/i0.wp.com\/ismaelcolosi.com.br\/wp-content\/uploads\/2023\/11\/area-azul-dom-pedro.jpeg?fit=300%2C225&ssl=1",300,225,true],"medium_large":["https:\/\/i0.wp.com\/ismaelcolosi.com.br\/wp-content\/uploads\/2023\/11\/area-azul-dom-pedro.jpeg?fit=768%2C576&ssl=1",768,576,true],"large":["https:\/\/i0.wp.com\/ismaelcolosi.com.br\/wp-content\/uploads\/2023\/11\/area-azul-dom-pedro.jpeg?fit=1024%2C768&ssl=1",1024,768,true],"1536x1536":["https:\/\/i0.wp.com\/ismaelcolosi.com.br\/wp-content\/uploads\/2023\/11\/area-azul-dom-pedro.jpeg?fit=1440%2C1080&ssl=1",1440,1080,true],"2048x2048":["https:\/\/i0.wp.com\/ismaelcolosi.com.br\/wp-content\/uploads\/2023\/11\/area-azul-dom-pedro.jpeg?fit=1440%2C1080&ssl=1",1440,1080,true],"really-simple-thumb":["https:\/\/i0.wp.com\/ismaelcolosi.com.br\/wp-content\/uploads\/2023\/11\/area-azul-dom-pedro.jpeg?resize=370%2C247&ssl=1",370,247,true]},"uagb_author_info":{"display_name":"ismaelcolosi.com.br","author_link":"https:\/\/ismaelcolosi.com.br\/index.php\/author\/vidareal-online\/"},"uagb_comment_info":0,"uagb_excerpt":"A RP Mobi informou que vai adiar para o dia 4 de dezembro o in\u00edcio da fiscaliza\u00e7\u00e3o das vagas da \u00c1rea Azul Digital na regi\u00e3o...","jetpack-related-posts":[{"id":9606,"url":"https:\/\/ismaelcolosi.com.br\/index.php\/2023\/12\/02\/fiscalizacao-comeca-segunda-no-ipiranga\/","url_meta":{"origin":5015,"position":0},"title":"Fiscaliza\u00e7\u00e3o come\u00e7a\u00a0segunda no Ipiranga \u00a0","author":"ismaelcolosi.com.br","date":"2 de December de 2023","format":false,"excerpt":"2 de dezembro de 2023 | 11:002 de dezembro de 2023 | 10:55 0A RP Mobi, empresa que gerencia o tr\u00e2nsito e o transporte urbano de Ribeir\u00e3o Preto (ex-Transerp), passou a operar, em 7 de novembro, a \u00c1rea Azul Digital em 302 vagas distribu\u00eddas em ruas perpendiculares \u00e0 avenida Dom\u2026","rel":"","context":"In &quot;Not\u00edcias de Ribeir\u00e3o Preto-SP e Regi\u00e3o&quot;","block_context":{"text":"Not\u00edcias de Ribeir\u00e3o Preto-SP e Regi\u00e3o","link":"https:\/\/ismaelcolosi.com.br\/index.php\/category\/noticias-de-ribeirao-preto-sp-e-regiao-ismael-colosi\/"},"img":{"alt_text":"","src":"https:\/\/i0.wp.com\/ismaelcolosi.com.br\/wp-content\/uploads\/2023\/12\/areaazul.jpeg?fit=1200%2C900&ssl=1&resize=350%2C200","width":350,"height":200,"srcset":"https:\/\/i0.wp.com\/ismaelcolosi.com.br\/wp-content\/uploads\/2023\/12\/areaazul.jpeg?fit=1200%2C900&ssl=1&resize=350%2C200 1x, https:\/\/i0.wp.com\/ismaelcolosi.com.br\/wp-content\/uploads\/2023\/12\/areaazul.jpeg?fit=1200%2C900&ssl=1&resize=525%2C300 1.5x, https:\/\/i0.wp.com\/ismaelcolosi.com.br\/wp-content\/uploads\/2023\/12\/areaazul.jpeg?fit=1200%2C900&ssl=1&resize=700%2C400 2x, https:\/\/i0.wp.com\/ismaelcolosi.com.br\/wp-content\/uploads\/2023\/12\/areaazul.jpeg?fit=1200%2C900&ssl=1&resize=1050%2C600 3x"},"classes":[]},{"id":58788,"url":"https:\/\/ismaelcolosi.com.br\/index.php\/2024\/08\/02\/regiao-da-avenida-dom-pedro-i-ganha-novas-vagas-de-area-azul-veja-onde\/","url_meta":{"origin":5015,"position":1},"title":"Regi\u00e3o da avenida Dom Pedro I ganha novas vagas de \u00e1rea azul; Veja onde","author":"ismaelcolosi.com.br","date":"2 de August de 2024","format":false,"excerpt":"O entorno da pra\u00e7a Pedro Biagi, no bairro Ipiranga, na zona Norte de Ribeir\u00e3o Preto, ter\u00e1 novas vagas de estacionamento nos pr\u00f3ximos dias. Os locais j\u00e1 est\u00e3o demarcados e sinalizados, mas a cobran\u00e7a da \u00e1rea azul, ainda, n\u00e3o tem data definida. A solicita\u00e7\u00e3o da Acirp (Associa\u00e7\u00e3o Comercial e Industrial de\u2026","rel":"","context":"In &quot;Not\u00edcias de Ribeir\u00e3o Preto-SP e Regi\u00e3o&quot;","block_context":{"text":"Not\u00edcias de Ribeir\u00e3o Preto-SP e Regi\u00e3o","link":"https:\/\/ismaelcolosi.com.br\/index.php\/category\/noticias-de-ribeirao-preto-sp-e-regiao-ismael-colosi\/"},"img":{"alt_text":"","src":"https:\/\/i0.wp.com\/ismaelcolosi.com.br\/wp-content\/uploads\/2024\/08\/4_2024-08-02_16-01-17_jpg_2024-08-02_16-01-17.webp.webp?fit=1200%2C675&ssl=1&resize=350%2C200","width":350,"height":200,"srcset":"https:\/\/i0.wp.com\/ismaelcolosi.com.br\/wp-content\/uploads\/2024\/08\/4_2024-08-02_16-01-17_jpg_2024-08-02_16-01-17.webp.webp?fit=1200%2C675&ssl=1&resize=350%2C200 1x, https:\/\/i0.wp.com\/ismaelcolosi.com.br\/wp-content\/uploads\/2024\/08\/4_2024-08-02_16-01-17_jpg_2024-08-02_16-01-17.webp.webp?fit=1200%2C675&ssl=1&resize=525%2C300 1.5x, https:\/\/i0.wp.com\/ismaelcolosi.com.br\/wp-content\/uploads\/2024\/08\/4_2024-08-02_16-01-17_jpg_2024-08-02_16-01-17.webp.webp?fit=1200%2C675&ssl=1&resize=700%2C400 2x, https:\/\/i0.wp.com\/ismaelcolosi.com.br\/wp-content\/uploads\/2024\/08\/4_2024-08-02_16-01-17_jpg_2024-08-02_16-01-17.webp.webp?fit=1200%2C675&ssl=1&resize=1050%2C600 3x"},"classes":[]},{"id":35306,"url":"https:\/\/ismaelcolosi.com.br\/index.php\/2024\/02\/05\/area-azul-voltara-a-funcionar-na-avenida-saudade-em-ribeirao-veja-quando\/","url_meta":{"origin":5015,"position":2},"title":"\u00c1rea Azul voltar\u00e1 a funcionar na avenida Saudade em Ribeir\u00e3o; Veja quando","author":"ismaelcolosi.com.br","date":"5 de February de 2024","format":false,"excerpt":"A Prefeitura de Ribeir\u00e3o Preto informou, nesta segunda-feira (5), que o funcionamento da \u00c1rea Azul na avenida Saudade, no trecho da pista Bairro\/Centro, ser\u00e1 retomado nesta quarta-feira (7). O sistema rotativo do local estava suspenso devido \u00e0 obra do corredor de \u00f4nibus da via. A opera\u00e7\u00e3o retornar\u00e1 no formato digital,\u2026","rel":"","context":"In &quot;Not\u00edcias de Ribeir\u00e3o Preto-SP e Regi\u00e3o&quot;","block_context":{"text":"Not\u00edcias de Ribeir\u00e3o Preto-SP e Regi\u00e3o","link":"https:\/\/ismaelcolosi.com.br\/index.php\/category\/noticias-de-ribeirao-preto-sp-e-regiao-ismael-colosi\/"},"img":{"alt_text":"","src":"https:\/\/i0.wp.com\/ismaelcolosi.com.br\/wp-content\/uploads\/2024\/02\/1707175120_area_azul_saudade__22.jpeg?fit=960%2C693&ssl=1&resize=350%2C200","width":350,"height":200,"srcset":"https:\/\/i0.wp.com\/ismaelcolosi.com.br\/wp-content\/uploads\/2024\/02\/1707175120_area_azul_saudade__22.jpeg?fit=960%2C693&ssl=1&resize=350%2C200 1x, https:\/\/i0.wp.com\/ismaelcolosi.com.br\/wp-content\/uploads\/2024\/02\/1707175120_area_azul_saudade__22.jpeg?fit=960%2C693&ssl=1&resize=525%2C300 1.5x, https:\/\/i0.wp.com\/ismaelcolosi.com.br\/wp-content\/uploads\/2024\/02\/1707175120_area_azul_saudade__22.jpeg?fit=960%2C693&ssl=1&resize=700%2C400 2x"},"classes":[]},{"id":35302,"url":"https:\/\/ismaelcolosi.com.br\/index.php\/2024\/02\/05\/area-azul-volta-a-funcionar-na-avenida-saudade\/","url_meta":{"origin":5015,"position":3},"title":"\u00c1rea Azul volta a funcionar na avenida Saudade","author":"ismaelcolosi.com.br","date":"5 de February de 2024","format":false,"excerpt":"A RP Mobi retornar\u00e1 na pr\u00f3xima quarta-feira, dia 7 de fevereiro, o funcionamento da \u00c1rea Azul em um trecho da pista Bairro\/Centro da avenida Saudade.A opera\u00e7\u00e3o do estacionamento ser\u00e1 retomada no formato digital, como j\u00e1 ocorre em outras regi\u00f5es da cidade.\u00a0 Ao todo, ser\u00e3o 96 vagas, e a fiscaliza\u00e7\u00e3o ocorrer\u00e1\u2026","rel":"","context":"In &quot;Not\u00edcias de Ribeir\u00e3o Preto-SP e Regi\u00e3o&quot;","block_context":{"text":"Not\u00edcias de Ribeir\u00e3o Preto-SP e Regi\u00e3o","link":"https:\/\/ismaelcolosi.com.br\/index.php\/category\/noticias-de-ribeirao-preto-sp-e-regiao-ismael-colosi\/"},"img":{"alt_text":"","src":"https:\/\/i0.wp.com\/ismaelcolosi.com.br\/wp-content\/uploads\/2024\/02\/area_azul_saudade__22.jpeg?fit=894%2C645&ssl=1&resize=350%2C200","width":350,"height":200,"srcset":"https:\/\/i0.wp.com\/ismaelcolosi.com.br\/wp-content\/uploads\/2024\/02\/area_azul_saudade__22.jpeg?fit=894%2C645&ssl=1&resize=350%2C200 1x, https:\/\/i0.wp.com\/ismaelcolosi.com.br\/wp-content\/uploads\/2024\/02\/area_azul_saudade__22.jpeg?fit=894%2C645&ssl=1&resize=525%2C300 1.5x, https:\/\/i0.wp.com\/ismaelcolosi.com.br\/wp-content\/uploads\/2024\/02\/area_azul_saudade__22.jpeg?fit=894%2C645&ssl=1&resize=700%2C400 2x"},"classes":[]},{"id":35716,"url":"https:\/\/ismaelcolosi.com.br\/index.php\/2024\/02\/07\/area-azul-comeca-hoje-na-9-de-julho\/","url_meta":{"origin":5015,"position":4},"title":"\u00c1rea Azul come\u00e7a hoje na 9 de Julho\u00a0","author":"ismaelcolosi.com.br","date":"7 de February de 2024","format":false,"excerpt":"Por causa da paralisa\u00e7\u00e3o das obras de revitaliza\u00e7\u00e3o, restaura\u00e7\u00e3o e constru\u00e7\u00e3o de corredor de \u00f4nibus na Nove de Julho, em Ribeir\u00e3o Preto, a RP Mobi come\u00e7a a operar, nesta quarta-feira, 7 de fevereiro, 54 vagas de \u00c1rea Azul Digital na centen\u00e1ria via e nas ruas Comandante Marcondes Salgado e S\u00e3o\u2026","rel":"","context":"In &quot;Not\u00edcias de Ribeir\u00e3o Preto-SP e Regi\u00e3o&quot;","block_context":{"text":"Not\u00edcias de Ribeir\u00e3o Preto-SP e Regi\u00e3o","link":"https:\/\/ismaelcolosi.com.br\/index.php\/category\/noticias-de-ribeirao-preto-sp-e-regiao-ismael-colosi\/"},"img":{"alt_text":"","src":"https:\/\/i0.wp.com\/ismaelcolosi.com.br\/wp-content\/uploads\/2024\/02\/AreaAzul-Vag-Alfredo-Risk-scaled.jpg?fit=1000%2C515&ssl=1&resize=350%2C200","width":350,"height":200,"srcset":"https:\/\/i0.wp.com\/ismaelcolosi.com.br\/wp-content\/uploads\/2024\/02\/AreaAzul-Vag-Alfredo-Risk-scaled.jpg?fit=1000%2C515&ssl=1&resize=350%2C200 1x, https:\/\/i0.wp.com\/ismaelcolosi.com.br\/wp-content\/uploads\/2024\/02\/AreaAzul-Vag-Alfredo-Risk-scaled.jpg?fit=1000%2C515&ssl=1&resize=525%2C300 1.5x, https:\/\/i0.wp.com\/ismaelcolosi.com.br\/wp-content\/uploads\/2024\/02\/AreaAzul-Vag-Alfredo-Risk-scaled.jpg?fit=1000%2C515&ssl=1&resize=700%2C400 2x"},"classes":[]},{"id":34624,"url":"https:\/\/ismaelcolosi.com.br\/index.php\/2024\/02\/02\/avenida-nove-de-julho-comeca-a-receber-sinalizacao-para-area-azul-digital\/","url_meta":{"origin":5015,"position":5},"title":"Avenida Nove de Julho come\u00e7a a receber sinaliza\u00e7\u00e3o para \u00c1rea Azul Digital","author":"ismaelcolosi.com.br","date":"2 de February de 2024","format":false,"excerpt":"A Prefeitura de Ribeir\u00e3o Preto informou, nesta sexta-feira (2), que a avenida Nove de Julho come\u00e7ou a receber sinaliza\u00e7\u00e3o para a \u00c1rea Azul Digital no trecho entre as ruas S\u00e3o Jos\u00e9 e Comandante Marcondes Salgado. O local est\u00e1 interditado desde dezembro do ano passado, ap\u00f3s a Prefeitura romper o contrato\u2026","rel":"","context":"In &quot;Not\u00edcias de Ribeir\u00e3o Preto-SP e Regi\u00e3o&quot;","block_context":{"text":"Not\u00edcias de Ribeir\u00e3o Preto-SP e Regi\u00e3o","link":"https:\/\/ismaelcolosi.com.br\/index.php\/category\/noticias-de-ribeirao-preto-sp-e-regiao-ismael-colosi\/"},"img":{"alt_text":"","src":"https:\/\/i0.wp.com\/ismaelcolosi.com.br\/wp-content\/uploads\/2024\/02\/gradil_instalacao_rpmobi_-_foto_fernando_gonzaga_5.jpg?fit=1200%2C800&ssl=1&resize=350%2C200","width":350,"height":200,"srcset":"https:\/\/i0.wp.com\/ismaelcolosi.com.br\/wp-content\/uploads\/2024\/02\/gradil_instalacao_rpmobi_-_foto_fernando_gonzaga_5.jpg?fit=1200%2C800&ssl=1&resize=350%2C200 1x, https:\/\/i0.wp.com\/ismaelcolosi.com.br\/wp-content\/uploads\/2024\/02\/gradil_instalacao_rpmobi_-_foto_fernando_gonzaga_5.jpg?fit=1200%2C800&ssl=1&resize=525%2C300 1.5x, https:\/\/i0.wp.com\/ismaelcolosi.com.br\/wp-content\/uploads\/2024\/02\/gradil_instalacao_rpmobi_-_foto_fernando_gonzaga_5.jpg?fit=1200%2C800&ssl=1&resize=700%2C400 2x, https:\/\/i0.wp.com\/ismaelcolosi.com.br\/wp-content\/uploads\/2024\/02\/gradil_instalacao_rpmobi_-_foto_fernando_gonzaga_5.jpg?fit=1200%2C800&ssl=1&resize=1050%2C600 3x"},"classes":[]}],"jetpack_sharing_enabled":true,"jetpack_shortlink":"https:\/\/wp.me\/pfMlyK-1iT","_links":{"self":[{"href":"https:\/\/ismaelcolosi.com.br\/index.php\/wp-json\/wp\/v2\/posts\/5015","targetHints":{"allow":["GET"]}}],"collection":[{"href":"https:\/\/ismaelcolosi.com.br\/index.php\/wp-json\/wp\/v2\/posts"}],"about":[{"href":"https:\/\/ismaelcolosi.com.br\/index.php\/wp-json\/wp\/v2\/types\/post"}],"author":[{"embeddable":true,"href":"https:\/\/ismaelcolosi.com.br\/index.php\/wp-json\/wp\/v2\/users\/1"}],"replies":[{"embeddable":true,"href":"https:\/\/ismaelcolosi.com.br\/index.php\/wp-json\/wp\/v2\/comments?post=5015"}],"version-history":[{"count":0,"href":"https:\/\/ismaelcolosi.com.br\/index.php\/wp-json\/wp\/v2\/posts\/5015\/revisions"}],"wp:featuredmedia":[{"embeddable":true,"href":"https:\/\/ismaelcolosi.com.br\/index.php\/wp-json\/wp\/v2\/media\/5016"}],"wp:attachment":[{"href":"https:\/\/ismaelcolosi.com.br\/index.php\/wp-json\/wp\/v2\/media?parent=5015"}],"wp:term":[{"taxonomy":"category","embeddable":true,"href":"https:\/\/ismaelcolosi.com.br\/index.php\/wp-json\/wp\/v2\/categories?post=5015"},{"taxonomy":"post_tag","embeddable":true,"href":"https:\/\/ismaelcolosi.com.br\/index.php\/wp-json\/wp\/v2\/tags?post=5015"}],"curies":[{"name":"wp","href":"https:\/\/api.w.org\/{rel}","templated":true}]}}