{"id":49997,"date":"2024-05-14T11:14:25","date_gmt":"2024-05-14T14:14:25","guid":{"rendered":"https:\/\/ismaelcolosi.com.br\/index.php\/2024\/05\/14\/nova-animacao-brasileira-lupi-e-baduki-estreia-na-max-e-no-discovery-kids-em-17-de-junho\/"},"modified":"2024-05-14T11:14:25","modified_gmt":"2024-05-14T14:14:25","slug":"nova-animacao-brasileira-lupi-e-baduki-estreia-na-max-e-no-discovery-kids-em-17-de-junho","status":"publish","type":"post","link":"https:\/\/ismaelcolosi.com.br\/index.php\/2024\/05\/14\/nova-animacao-brasileira-lupi-e-baduki-estreia-na-max-e-no-discovery-kids-em-17-de-junho\/","title":{"rendered":"Nova anima\u00e7\u00e3o brasileira &#8216;Lupi e Baduki&#8217; estreia na Max e no Discovery Kids em 17 de junho"},"content":{"rendered":"<p> <br \/>\n<\/p>\n<div>\n<div class=\"popito_fn_breadcrumbs\">\n<ul id=\"breadcrumbs\" class=\"breadcrumbs\">\n<li class=\"item-home\">Casa<\/li>\n<li class=\"separator separator-home\"> <span>\/<\/span> <\/li>\n<li class=\"item-cat\">Televis\u00e3o<\/li>\n<li class=\"separator\"> <span>\/<\/span> <\/li>\n<li class=\"item-current item-2635\"><span class=\"bread-current bread-2635\" title=\"Nova anima\u00e7\u00e3o brasileira \u2018Lupi e Baduki\u2019 estreia na Max e no Discovery Kids em 17 de junho\">Nova anima\u00e7\u00e3o brasileira \u2018Lupi e Baduki\u2019 estreia na Max e no Discovery Kids em 17 de junho<\/span><\/li>\n<\/ul>\n<\/div>\n<h3 class=\"fn__maintitle\"><span>Nova anima\u00e7\u00e3o brasileira \u2018Lupi e Baduki\u2019 estreia na Max e no Discovery Kids em 17 de junho<\/span><\/h3>\n<\/div>\n<div>\n<p style=\"text-align: center;\"><strong><i>Com 13 epis\u00f3dios, anima\u00e7\u00e3o aborda temas como alteridade, coragem e curiosidade e tem can\u00e7\u00f5es originais<\/i>\u00a0<\/strong><\/p>\n<p>Os melhores amigos Lupi, uma Loba Guar\u00e1, e Baduki, um bicho pregui\u00e7a, est\u00e3o chegando com muitas descobertas!\u00a0<strong>LUPI &amp; BADUKI<\/strong>, nova anima\u00e7\u00e3o brasileira, estreia em 17 de junho na\u00a0<strong>Max<\/strong>\u00a0e no\u00a0<strong>Discovery Kids\u00a0<\/strong>e o trailer acaba de ser divulgado.<\/p><div class='code-block code-block-8' style='margin: 8px auto; text-align: center; display: block; clear: both;'>\n<script>\n  atOptions = {\n    'key' : '66e2e2111ca34da796271819fc334058',\n    'format' : 'iframe',\n    'height' : 250,\n    'width' : 300,\n    'params' : {}\n  };\n<\/script>\n<script src=\"https:\/\/www.highperformanceformat.com\/66e2e2111ca34da796271819fc334058\/invoke.js\"><\/script>\n<\/div>\n\n<p>A s\u00e9rie acompanha Lupi e Baduki ao lado de sua turma na Vila Figueira conforme eles fazem descobertas, desvendam mist\u00e9rios, criam inven\u00e7\u00f5es e desfrutam de muitos momentos juntos em uma flora nativamente brasileira.<\/p>\n<p>Al\u00e9m de muitas aventuras, cada epis\u00f3dio mostra como conviver com a alteridade e diferen\u00e7as. A curiosidade, coragem e empatia s\u00e3o elementos essenciais para a conviv\u00eancia da turma. A anima\u00e7\u00e3o conta com 13 epis\u00f3dios, cada um com uma can\u00e7\u00e3o original.<\/p>\n<p><strong>LUPI &amp; BADUKI<\/strong>\u00a0estreia dia 17 de junho na Max e a partir do mesmo dia, no Discovery Kids, novos epis\u00f3dios v\u00e3o ao ar de segunda a sexta-feira, \u00e0s 8h30.<\/p>\n<p><strong>LUPI &amp; BADUKI\u00a0<\/strong>\u00e9 uma coprodu\u00e7\u00e3o Warner Bros. Discovery e Flamma, com contribui\u00e7\u00e3o da Birdo e Elo Studios. Com cria\u00e7\u00e3o e produ\u00e7\u00e3o de Reynaldo Marchesini pela Flamma e supervis\u00e3o de Marina Filipe por parte da WBD.<\/p>\n<p><i><strong>*Hor\u00e1rio de Bras\u00edlia. Programa\u00e7\u00e3o sujeita a altera\u00e7\u00f5es sem aviso pr\u00e9vio.<\/strong><\/i><\/p>\n<div class=\"popito_fn_votewrap\">\n<h3 class=\"vote_title\">Como voc\u00ea vota? <\/h3>\n<div class=\"popito_fn_votes \" data-id=\"2635\">\n<p>1 People voted this article. 1 Upvotes &#8211; 0 Downvotes.<\/p>\n<\/div>\n<\/div>\n<\/div>\n<p><br \/>\n<br \/><a href=\"https:\/\/popito.com.br\/nova-animacao-brasileira-lupi-e-baduki-estreia-na-max-e-no-discovery-kids-em-17-de-junho\/\">Source link <\/a><\/p>\n<div class='code-block code-block-4' style='margin: 8px auto 8px 0; text-align: left; display: block; clear: both;'>\n\ud83d\udce2 Aviso Legal\n\nO site ismaelcolosi.com.br atua apenas como um canal de divulga\u00e7\u00e3o de oportunidades de emprego e n\u00e3o se responsabiliza pelo processo seletivo, contrata\u00e7\u00e3o ou qualquer outra etapa relacionada \u00e0s vagas publicadas. Todas as informa\u00e7\u00f5es s\u00e3o de responsabilidade dos anunciantes.\n\n\u26a0\ufe0f Aten\u00e7\u00e3o! Nunca pague por promessas de emprego nem compre cursos que garantam contrata\u00e7\u00e3o. Desconfie de qualquer cobran\u00e7a para participar de sele\u00e7\u00f5es.\n\n\n\n<\/div>\n<!-- CONTENT END 1 -->\n","protected":false},"excerpt":{"rendered":"<p>Casa \/ Televis\u00e3o \/ Nova anima\u00e7\u00e3o brasileira \u2018Lupi e Baduki\u2019 estreia na Max e no Discovery Kids em 17 de junho Nova anima\u00e7\u00e3o brasileira \u2018Lupi&#8230;<\/p>\n","protected":false},"author":1,"featured_media":49998,"comment_status":"open","ping_status":"open","sticky":false,"template":"","format":"standard","meta":{"_uag_custom_page_level_css":"","advanced_seo_description":"","jetpack_seo_html_title":"","jetpack_seo_noindex":false,"jetpack_post_was_ever_published":false,"_jetpack_newsletter_access":"","_jetpack_dont_email_post_to_subs":false,"_jetpack_newsletter_tier_id":0,"_jetpack_memberships_contains_paywalled_content":false,"_jetpack_memberships_contains_paid_content":false,"footnotes":"","jetpack_publicize_message":"","jetpack_publicize_feature_enabled":true,"jetpack_social_post_already_shared":true,"jetpack_social_options":{"image_generator_settings":{"template":"highway","default_image_id":0,"font":"","enabled":false},"version":2}},"categories":[11],"tags":[5802,5804,743,5805,1785,2324,5806,5803,5582,422],"class_list":["post-49997","post","type-post","status-publish","format-standard","has-post-thumbnail","hentry","category-noticias-de-ribeirao-preto-sp-e-regiao-ismael-colosi","tag-animacao","tag-baduki","tag-brasileira","tag-discovery","tag-estreia","tag-junho","tag-kids","tag-lupi","tag-max","tag-nova"],"jetpack_publicize_connections":[],"jetpack_featured_media_url":"https:\/\/i0.wp.com\/ismaelcolosi.com.br\/wp-content\/uploads\/2024\/05\/MV5BYzI5N2RjZTMtYTA5YS00MzA2LWI5OWItYzAzMDMxOGRmZmFjXkEyXkFqcGdeQXVyMTY5NzMzNDI3._V1_.jpg?fit=2500%2C1406&ssl=1","uagb_featured_image_src":{"full":["https:\/\/i0.wp.com\/ismaelcolosi.com.br\/wp-content\/uploads\/2024\/05\/MV5BYzI5N2RjZTMtYTA5YS00MzA2LWI5OWItYzAzMDMxOGRmZmFjXkEyXkFqcGdeQXVyMTY5NzMzNDI3._V1_.jpg?fit=2500%2C1406&ssl=1",2500,1406,false],"thumbnail":["https:\/\/i0.wp.com\/ismaelcolosi.com.br\/wp-content\/uploads\/2024\/05\/MV5BYzI5N2RjZTMtYTA5YS00MzA2LWI5OWItYzAzMDMxOGRmZmFjXkEyXkFqcGdeQXVyMTY5NzMzNDI3._V1_.jpg?resize=150%2C150&ssl=1",150,150,true],"medium":["https:\/\/i0.wp.com\/ismaelcolosi.com.br\/wp-content\/uploads\/2024\/05\/MV5BYzI5N2RjZTMtYTA5YS00MzA2LWI5OWItYzAzMDMxOGRmZmFjXkEyXkFqcGdeQXVyMTY5NzMzNDI3._V1_.jpg?fit=300%2C169&ssl=1",300,169,true],"medium_large":["https:\/\/i0.wp.com\/ismaelcolosi.com.br\/wp-content\/uploads\/2024\/05\/MV5BYzI5N2RjZTMtYTA5YS00MzA2LWI5OWItYzAzMDMxOGRmZmFjXkEyXkFqcGdeQXVyMTY5NzMzNDI3._V1_.jpg?fit=768%2C432&ssl=1",768,432,true],"large":["https:\/\/i0.wp.com\/ismaelcolosi.com.br\/wp-content\/uploads\/2024\/05\/MV5BYzI5N2RjZTMtYTA5YS00MzA2LWI5OWItYzAzMDMxOGRmZmFjXkEyXkFqcGdeQXVyMTY5NzMzNDI3._V1_.jpg?fit=1024%2C576&ssl=1",1024,576,true],"1536x1536":["https:\/\/i0.wp.com\/ismaelcolosi.com.br\/wp-content\/uploads\/2024\/05\/MV5BYzI5N2RjZTMtYTA5YS00MzA2LWI5OWItYzAzMDMxOGRmZmFjXkEyXkFqcGdeQXVyMTY5NzMzNDI3._V1_.jpg?fit=1536%2C864&ssl=1",1536,864,true],"2048x2048":["https:\/\/i0.wp.com\/ismaelcolosi.com.br\/wp-content\/uploads\/2024\/05\/MV5BYzI5N2RjZTMtYTA5YS00MzA2LWI5OWItYzAzMDMxOGRmZmFjXkEyXkFqcGdeQXVyMTY5NzMzNDI3._V1_.jpg?fit=2048%2C1152&ssl=1",2048,1152,true],"really-simple-thumb":["https:\/\/i0.wp.com\/ismaelcolosi.com.br\/wp-content\/uploads\/2024\/05\/MV5BYzI5N2RjZTMtYTA5YS00MzA2LWI5OWItYzAzMDMxOGRmZmFjXkEyXkFqcGdeQXVyMTY5NzMzNDI3._V1_.jpg?resize=370%2C247&ssl=1",370,247,true]},"uagb_author_info":{"display_name":"ismaelcolosi.com.br","author_link":"https:\/\/ismaelcolosi.com.br\/index.php\/author\/vidareal-online\/"},"uagb_comment_info":0,"uagb_excerpt":"Casa \/ Televis\u00e3o \/ Nova anima\u00e7\u00e3o brasileira \u2018Lupi e Baduki\u2019 estreia na Max e no Discovery Kids em 17 de junho Nova anima\u00e7\u00e3o brasileira \u2018Lupi...","jetpack-related-posts":[{"id":7116,"url":"https:\/\/ismaelcolosi.com.br\/index.php\/2023\/11\/27\/novo-filme-com-ingrid-guimaraes-e-tata-werneck-ganha-trailer-assista\/","url_meta":{"origin":49997,"position":0},"title":"Novo filme com Ingrid Guimar\u00e3es e Tat\u00e1 Werneck ganha trailer; assista","author":"ismaelcolosi.com.br","date":"27 de November de 2023","format":false,"excerpt":"Cr\u00e9ditos: reprodu\u00e7\u00e3o\/Globo FilmesNovo filme de com\u00e9dia tem Ingrid Guimar\u00e3es e Tat\u00e1 Werneck Est\u00e1 no ar o trailer do filme nacional \u201cMinha Irm\u00e3 e Eu\u201d, cujo lan\u00e7amento \u00e9 uma iniciativa da Paris Filmes. O longa de com\u00e9dia \u00e9 protagonizado pelas atrizes Ingrid Guimar\u00e3es e Tat\u00e1 Werneck. Nesta nova produ\u00e7\u00e3o, elas interpretam\u2026","rel":"","context":"In &quot;Variedades&quot;","block_context":{"text":"Variedades","link":"https:\/\/ismaelcolosi.com.br\/index.php\/category\/variedades\/"},"img":{"alt_text":"","src":"https:\/\/i0.wp.com\/ismaelcolosi.com.br\/wp-content\/uploads\/2023\/11\/fotos-catraca-2023-11-27t100028322.png?fit=1200%2C638&ssl=1&resize=350%2C200","width":350,"height":200,"srcset":"https:\/\/i0.wp.com\/ismaelcolosi.com.br\/wp-content\/uploads\/2023\/11\/fotos-catraca-2023-11-27t100028322.png?fit=1200%2C638&ssl=1&resize=350%2C200 1x, https:\/\/i0.wp.com\/ismaelcolosi.com.br\/wp-content\/uploads\/2023\/11\/fotos-catraca-2023-11-27t100028322.png?fit=1200%2C638&ssl=1&resize=525%2C300 1.5x, https:\/\/i0.wp.com\/ismaelcolosi.com.br\/wp-content\/uploads\/2023\/11\/fotos-catraca-2023-11-27t100028322.png?fit=1200%2C638&ssl=1&resize=700%2C400 2x, https:\/\/i0.wp.com\/ismaelcolosi.com.br\/wp-content\/uploads\/2023\/11\/fotos-catraca-2023-11-27t100028322.png?fit=1200%2C638&ssl=1&resize=1050%2C600 3x"},"classes":[]},{"id":46490,"url":"https:\/\/ismaelcolosi.com.br\/index.php\/2024\/04\/11\/quilos-mortais-brasil-estreia-dia-9-de-maio-na-max\/","url_meta":{"origin":49997,"position":1},"title":"Quilos Mortais Brasil estreia dia 9 de maio na Max","author":"ismaelcolosi.com.br","date":"11 de April de 2024","format":false,"excerpt":"Quilos Mortais Brasil estreia dia 9 de maio na MaxNove brasileiros mostram suas jornadas de supera\u00e7\u00e3o e mudan\u00e7a de vida na primeira vers\u00e3o nacional da s\u00e9rie de sucesso Ap\u00f3s 12 temporadas, que acompanharam mais de 130 pacientes, uma das s\u00e9ries mais consagradas do Discovery,\u00a0QUILOS MORTAIS\u00a0(My 600-lb Life), ganha sua vers\u00e3o\u2026","rel":"","context":"In &quot;Not\u00edcias de Ribeir\u00e3o Preto-SP e Regi\u00e3o&quot;","block_context":{"text":"Not\u00edcias de Ribeir\u00e3o Preto-SP e Regi\u00e3o","link":"https:\/\/ismaelcolosi.com.br\/index.php\/category\/noticias-de-ribeirao-preto-sp-e-regiao-ismael-colosi\/"},"img":{"alt_text":"","src":"https:\/\/i0.wp.com\/ismaelcolosi.com.br\/wp-content\/uploads\/2024\/04\/9819efbc07831a85cb6bb529fcebba78.jpeg?fit=1200%2C675&ssl=1&resize=350%2C200","width":350,"height":200,"srcset":"https:\/\/i0.wp.com\/ismaelcolosi.com.br\/wp-content\/uploads\/2024\/04\/9819efbc07831a85cb6bb529fcebba78.jpeg?fit=1200%2C675&ssl=1&resize=350%2C200 1x, https:\/\/i0.wp.com\/ismaelcolosi.com.br\/wp-content\/uploads\/2024\/04\/9819efbc07831a85cb6bb529fcebba78.jpeg?fit=1200%2C675&ssl=1&resize=525%2C300 1.5x, https:\/\/i0.wp.com\/ismaelcolosi.com.br\/wp-content\/uploads\/2024\/04\/9819efbc07831a85cb6bb529fcebba78.jpeg?fit=1200%2C675&ssl=1&resize=700%2C400 2x, https:\/\/i0.wp.com\/ismaelcolosi.com.br\/wp-content\/uploads\/2024\/04\/9819efbc07831a85cb6bb529fcebba78.jpeg?fit=1200%2C675&ssl=1&resize=1050%2C600 3x"},"classes":[]},{"id":37530,"url":"https:\/\/ismaelcolosi.com.br\/index.php\/2024\/02\/16\/cbf-define-local-da-estreia-do-botafogo-na-copa-do-brasil-2024\/","url_meta":{"origin":49997,"position":2},"title":"CBF define local da estreia do Botafogo na Copa do Brasil 2024","author":"ismaelcolosi.com.br","date":"16 de February de 2024","format":false,"excerpt":"A CBF (Confedera\u00e7\u00e3o Brasileira de Futebol) definiu o local da partida entre Botafogo e Nova Ven\u00e9cia, pela primeira fase da Copa do Brasil 2024. O confronto ser\u00e1 realizado no est\u00e1dio Jos\u00e9 Ol\u00edmpio da Rocha, em \u00c1guia Branca-ES, na pr\u00f3xima ter\u00e7a-feira (20), a partir das 20h. A partida ter\u00e1 transmiss\u00e3o do\u2026","rel":"","context":"In &quot;Not\u00edcias de Ribeir\u00e3o Preto-SP e Regi\u00e3o&quot;","block_context":{"text":"Not\u00edcias de Ribeir\u00e3o Preto-SP e Regi\u00e3o","link":"https:\/\/ismaelcolosi.com.br\/index.php\/category\/noticias-de-ribeirao-preto-sp-e-regiao-ismael-colosi\/"},"img":{"alt_text":"","src":"https:\/\/i0.wp.com\/ismaelcolosi.com.br\/wp-content\/uploads\/2024\/02\/botafogo.jpg?fit=1200%2C800&ssl=1&resize=350%2C200","width":350,"height":200,"srcset":"https:\/\/i0.wp.com\/ismaelcolosi.com.br\/wp-content\/uploads\/2024\/02\/botafogo.jpg?fit=1200%2C800&ssl=1&resize=350%2C200 1x, https:\/\/i0.wp.com\/ismaelcolosi.com.br\/wp-content\/uploads\/2024\/02\/botafogo.jpg?fit=1200%2C800&ssl=1&resize=525%2C300 1.5x, https:\/\/i0.wp.com\/ismaelcolosi.com.br\/wp-content\/uploads\/2024\/02\/botafogo.jpg?fit=1200%2C800&ssl=1&resize=700%2C400 2x, https:\/\/i0.wp.com\/ismaelcolosi.com.br\/wp-content\/uploads\/2024\/02\/botafogo.jpg?fit=1200%2C800&ssl=1&resize=1050%2C600 3x"},"classes":[]},{"id":50020,"url":"https:\/\/ismaelcolosi.com.br\/index.php\/2024\/05\/14\/paramount-divulga-trailer-oficial-da-nova-temporada-de-transformers-a-centelha-da-terra\/","url_meta":{"origin":49997,"position":3},"title":"Paramount+ divulga trailer oficial da nova temporada de Transformers: A Centelha da Terra","author":"ismaelcolosi.com.br","date":"14 de May de 2024","format":false,"excerpt":"Casa \/ Televis\u00e3o \/ Paramount+ divulga trailer oficial da nova temporada de Transformers: A Centelha da TerraParamount+ divulga trailer oficial da nova temporada de Transformers: A Centelha da TerraSegunda Temporada Da S\u00e9rie De Anima\u00e7\u00e3o Estrear\u00e1 Dia 06 De Julho Exclusivamente No Paramount+ Produzida Pela Nickelodeon E Hasbro Entertainment, A Nova\u2026","rel":"","context":"In &quot;Not\u00edcias de Ribeir\u00e3o Preto-SP e Regi\u00e3o&quot;","block_context":{"text":"Not\u00edcias de Ribeir\u00e3o Preto-SP e Regi\u00e3o","link":"https:\/\/ismaelcolosi.com.br\/index.php\/category\/noticias-de-ribeirao-preto-sp-e-regiao-ismael-colosi\/"},"img":{"alt_text":"","src":"https:\/\/i0.wp.com\/ismaelcolosi.com.br\/wp-content\/uploads\/2024\/05\/5b06e90b762468f309d1f7675ad366371168846025b8a2a481487aba1b1109df.png?fit=1200%2C675&ssl=1&resize=350%2C200","width":350,"height":200,"srcset":"https:\/\/i0.wp.com\/ismaelcolosi.com.br\/wp-content\/uploads\/2024\/05\/5b06e90b762468f309d1f7675ad366371168846025b8a2a481487aba1b1109df.png?fit=1200%2C675&ssl=1&resize=350%2C200 1x, https:\/\/i0.wp.com\/ismaelcolosi.com.br\/wp-content\/uploads\/2024\/05\/5b06e90b762468f309d1f7675ad366371168846025b8a2a481487aba1b1109df.png?fit=1200%2C675&ssl=1&resize=525%2C300 1.5x, https:\/\/i0.wp.com\/ismaelcolosi.com.br\/wp-content\/uploads\/2024\/05\/5b06e90b762468f309d1f7675ad366371168846025b8a2a481487aba1b1109df.png?fit=1200%2C675&ssl=1&resize=700%2C400 2x, https:\/\/i0.wp.com\/ismaelcolosi.com.br\/wp-content\/uploads\/2024\/05\/5b06e90b762468f309d1f7675ad366371168846025b8a2a481487aba1b1109df.png?fit=1200%2C675&ssl=1&resize=1050%2C600 3x"},"classes":[]},{"id":51252,"url":"https:\/\/ismaelcolosi.com.br\/index.php\/2024\/05\/24\/utm_sourcerssutm_mediumrssutm_campaigngarfield-fora-de-casa-bate-o-recorde-de-maior-dia-de-abertura-de-2024\/","url_meta":{"origin":49997,"position":4},"title":"\u201cGarfield \u2013 Fora de Casa\u201d bate o recorde de maior dia de abertura de 2024","author":"ismaelcolosi.com.br","date":"24 de May de 2024","format":false,"excerpt":"Casa \/ Cinema \/ \u201cGarfield \u2013 Fora de Casa\u201d bate o recorde de maior dia de abertura de 2024\u201cGarfield \u2013 Fora de Casa\u201d bate o recorde de maior dia de abertura de 2024Em cartaz nos cinemas, filme tamb\u00e9m \u00e9 a maior abertura de anima\u00e7\u00e3o distribu\u00edda pela Sony Pictures Garfield deixou\u2026","rel":"","context":"In &quot;Not\u00edcias de Ribeir\u00e3o Preto-SP e Regi\u00e3o&quot;","block_context":{"text":"Not\u00edcias de Ribeir\u00e3o Preto-SP e Regi\u00e3o","link":"https:\/\/ismaelcolosi.com.br\/index.php\/category\/noticias-de-ribeirao-preto-sp-e-regiao-ismael-colosi\/"},"img":{"alt_text":"","src":"","width":0,"height":0},"classes":[]},{"id":50867,"url":"https:\/\/ismaelcolosi.com.br\/index.php\/2024\/05\/20\/garfield-fora-de-casa-bate-o-recorde-de-maior-dia-de-abertura-de-2024\/","url_meta":{"origin":49997,"position":5},"title":"&#8220;Garfield \u2013 Fora de Casa&#8221; bate o recorde de maior dia de abertura de 2024","author":"ismaelcolosi.com.br","date":"20 de May de 2024","format":false,"excerpt":"Casa \/ Cinema \/ \u201cGarfield \u2013 Fora de Casa\u201d bate o recorde de maior dia de abertura de 2024\u201cGarfield \u2013 Fora de Casa\u201d bate o recorde de maior dia de abertura de 2024Em cartaz nos cinemas, filme tamb\u00e9m \u00e9 a maior abertura de anima\u00e7\u00e3o distribu\u00edda pela Sony Pictures Garfield deixou\u2026","rel":"","context":"In &quot;Not\u00edcias de Ribeir\u00e3o Preto-SP e Regi\u00e3o&quot;","block_context":{"text":"Not\u00edcias de Ribeir\u00e3o Preto-SP e Regi\u00e3o","link":"https:\/\/ismaelcolosi.com.br\/index.php\/category\/noticias-de-ribeirao-preto-sp-e-regiao-ismael-colosi\/"},"img":{"alt_text":"","src":"https:\/\/i0.wp.com\/ismaelcolosi.com.br\/wp-content\/uploads\/2024\/05\/handler-2-3.jpeg?fit=1200%2C649&ssl=1&resize=350%2C200","width":350,"height":200,"srcset":"https:\/\/i0.wp.com\/ismaelcolosi.com.br\/wp-content\/uploads\/2024\/05\/handler-2-3.jpeg?fit=1200%2C649&ssl=1&resize=350%2C200 1x, https:\/\/i0.wp.com\/ismaelcolosi.com.br\/wp-content\/uploads\/2024\/05\/handler-2-3.jpeg?fit=1200%2C649&ssl=1&resize=525%2C300 1.5x, https:\/\/i0.wp.com\/ismaelcolosi.com.br\/wp-content\/uploads\/2024\/05\/handler-2-3.jpeg?fit=1200%2C649&ssl=1&resize=700%2C400 2x, https:\/\/i0.wp.com\/ismaelcolosi.com.br\/wp-content\/uploads\/2024\/05\/handler-2-3.jpeg?fit=1200%2C649&ssl=1&resize=1050%2C600 3x"},"classes":[]}],"jetpack_sharing_enabled":true,"jetpack_shortlink":"https:\/\/wp.me\/pfMlyK-d0p","_links":{"self":[{"href":"https:\/\/ismaelcolosi.com.br\/index.php\/wp-json\/wp\/v2\/posts\/49997","targetHints":{"allow":["GET"]}}],"collection":[{"href":"https:\/\/ismaelcolosi.com.br\/index.php\/wp-json\/wp\/v2\/posts"}],"about":[{"href":"https:\/\/ismaelcolosi.com.br\/index.php\/wp-json\/wp\/v2\/types\/post"}],"author":[{"embeddable":true,"href":"https:\/\/ismaelcolosi.com.br\/index.php\/wp-json\/wp\/v2\/users\/1"}],"replies":[{"embeddable":true,"href":"https:\/\/ismaelcolosi.com.br\/index.php\/wp-json\/wp\/v2\/comments?post=49997"}],"version-history":[{"count":0,"href":"https:\/\/ismaelcolosi.com.br\/index.php\/wp-json\/wp\/v2\/posts\/49997\/revisions"}],"wp:featuredmedia":[{"embeddable":true,"href":"https:\/\/ismaelcolosi.com.br\/index.php\/wp-json\/wp\/v2\/media\/49998"}],"wp:attachment":[{"href":"https:\/\/ismaelcolosi.com.br\/index.php\/wp-json\/wp\/v2\/media?parent=49997"}],"wp:term":[{"taxonomy":"category","embeddable":true,"href":"https:\/\/ismaelcolosi.com.br\/index.php\/wp-json\/wp\/v2\/categories?post=49997"},{"taxonomy":"post_tag","embeddable":true,"href":"https:\/\/ismaelcolosi.com.br\/index.php\/wp-json\/wp\/v2\/tags?post=49997"}],"curies":[{"name":"wp","href":"https:\/\/api.w.org\/{rel}","templated":true}]}}