{"id":4997,"date":"2023-11-22T17:35:58","date_gmt":"2023-11-22T20:35:58","guid":{"rendered":"https:\/\/ismaelcolosi.com.br\/index.php\/2023\/11\/22\/homem-e-preso-apos-matar-ex-namorada-gravida-e-o-motivo-causa-perplexidade\/"},"modified":"2023-11-22T17:35:58","modified_gmt":"2023-11-22T20:35:58","slug":"homem-e-preso-apos-matar-ex-namorada-gravida-e-o-motivo-causa-perplexidade","status":"publish","type":"post","link":"https:\/\/ismaelcolosi.com.br\/index.php\/2023\/11\/22\/homem-e-preso-apos-matar-ex-namorada-gravida-e-o-motivo-causa-perplexidade\/","title":{"rendered":"Homem \u00e9 preso ap\u00f3s matar ex-namorada gr\u00e1vida e o motivo causa perplexidade"},"content":{"rendered":"<p> <br \/>\n<\/p>\n<div itemprop=\"text\">\n<p>Uma trag\u00e9dia chocante abalou Manaus, onde um homem foi preso preventivamente ap\u00f3s ser apontado como autor do brutal assassinato de sua ex-namorada, Karine Sevalho Lima, de apenas 19 anos que estava gr\u00e1vida de sete meses.<\/p>\n<p>Victor de Souza Rocha, 21 anos, foi detido quase um ano e meio depois do crime que chocou a regi\u00e3o. De acordo com as autoridades policiais, o motivo que levou a essa trag\u00e9dia estarrecedora foi um ato de racismo repugnante.<\/p>\n<p>Segundo relatos do delegado Ricardo Cunha, titular da Delegacia Especializada em Homic\u00eddios e Sequestros (DEHS) da Pol\u00edcia Civil do Amazonas, Victor n\u00e3o aceitava ter um filho negro e pressionava insistentemente Karine para que ela realizasse um aborto.<\/p>\n<p>A situa\u00e7\u00e3o piorou no dia fat\u00eddico em que Karine foi ao encontro de Victor para informar que sua fam\u00edlia tinha conhecimento de que ele seria o pai da crian\u00e7a e que n\u00e3o faria o aborto. O desentendimento entre os dois foi descrito como intenso, culminando com a brutal e tr\u00e1gica perda de vida da jovem gestante.<\/p>\n<p>O crime foi marcado por tortura e agress\u00f5es e o corpo de Karine foi descoberto com o rosto desfigurado e diversas perfura\u00e7\u00f5es, deixando a comunidade local horrorizada com tamanha viol\u00eancia.<\/p>\n<p>As autoridades est\u00e3o avaliando o caso para tipific\u00e1-lo como feminic\u00eddio e tamb\u00e9m investigando a quest\u00e3o do crime de racismo. Com a pris\u00e3o preventiva de Victor, ele dever\u00e1 responder por homic\u00eddio qualificado, aguardando a decis\u00e3o da Justi\u00e7a diante de um ato t\u00e3o b\u00e1rbaro e cruel.<\/p>\n<\/div>\n<p><br \/>\n<br \/><a href=\"https:\/\/fnmais.com\/homem-preso-apos-matar-ex-namorada-gravida-motivo-causa-perplexidade\/\">Source link <\/a><\/p>\n<div class='code-block code-block-4' style='margin: 8px auto 8px 0; text-align: left; display: block; clear: both;'>\n\ud83d\udce2 Aviso Legal\n\nO site ismaelcolosi.com.br atua apenas como um canal de divulga\u00e7\u00e3o de oportunidades de emprego e n\u00e3o se responsabiliza pelo processo seletivo, contrata\u00e7\u00e3o ou qualquer outra etapa relacionada \u00e0s vagas publicadas. Todas as informa\u00e7\u00f5es s\u00e3o de responsabilidade dos anunciantes.\n\n\u26a0\ufe0f Aten\u00e7\u00e3o! Nunca pague por promessas de emprego nem compre cursos que garantam contrata\u00e7\u00e3o. Desconfie de qualquer cobran\u00e7a para participar de sele\u00e7\u00f5es.\n\n\n\n<\/div>\n<!-- CONTENT END 1 -->\n","protected":false},"excerpt":{"rendered":"<p>Uma trag\u00e9dia chocante abalou Manaus, onde um homem foi preso preventivamente ap\u00f3s ser apontado como autor do brutal assassinato de sua ex-namorada, Karine Sevalho Lima,&#8230;<\/p>\n","protected":false},"author":1,"featured_media":4998,"comment_status":"open","ping_status":"open","sticky":false,"template":"","format":"standard","meta":{"_uag_custom_page_level_css":"","advanced_seo_description":"","jetpack_seo_html_title":"","jetpack_seo_noindex":false,"jetpack_post_was_ever_published":false,"_jetpack_newsletter_access":"","_jetpack_dont_email_post_to_subs":false,"_jetpack_newsletter_tier_id":0,"_jetpack_memberships_contains_paywalled_content":false,"_jetpack_memberships_contains_paid_content":false,"footnotes":"","jetpack_publicize_message":"","jetpack_publicize_feature_enabled":true,"jetpack_social_post_already_shared":true,"jetpack_social_options":{"image_generator_settings":{"template":"highway","default_image_id":0,"font":"","enabled":false},"version":2}},"categories":[1],"tags":[],"class_list":["post-4997","post","type-post","status-publish","format-standard","has-post-thumbnail","hentry","category-blog"],"jetpack_publicize_connections":[],"jetpack_featured_media_url":"https:\/\/i0.wp.com\/ismaelcolosi.com.br\/wp-content\/uploads\/2023\/11\/postimg-655e5500f16595941.jpg?fit=1200%2C628&ssl=1","uagb_featured_image_src":{"full":["https:\/\/i0.wp.com\/ismaelcolosi.com.br\/wp-content\/uploads\/2023\/11\/postimg-655e5500f16595941.jpg?fit=1200%2C628&ssl=1",1200,628,false],"thumbnail":["https:\/\/i0.wp.com\/ismaelcolosi.com.br\/wp-content\/uploads\/2023\/11\/postimg-655e5500f16595941.jpg?resize=150%2C150&ssl=1",150,150,true],"medium":["https:\/\/i0.wp.com\/ismaelcolosi.com.br\/wp-content\/uploads\/2023\/11\/postimg-655e5500f16595941.jpg?fit=300%2C157&ssl=1",300,157,true],"medium_large":["https:\/\/i0.wp.com\/ismaelcolosi.com.br\/wp-content\/uploads\/2023\/11\/postimg-655e5500f16595941.jpg?fit=768%2C402&ssl=1",768,402,true],"large":["https:\/\/i0.wp.com\/ismaelcolosi.com.br\/wp-content\/uploads\/2023\/11\/postimg-655e5500f16595941.jpg?fit=1024%2C536&ssl=1",1024,536,true],"1536x1536":["https:\/\/i0.wp.com\/ismaelcolosi.com.br\/wp-content\/uploads\/2023\/11\/postimg-655e5500f16595941.jpg?fit=1200%2C628&ssl=1",1200,628,true],"2048x2048":["https:\/\/i0.wp.com\/ismaelcolosi.com.br\/wp-content\/uploads\/2023\/11\/postimg-655e5500f16595941.jpg?fit=1200%2C628&ssl=1",1200,628,true],"really-simple-thumb":["https:\/\/i0.wp.com\/ismaelcolosi.com.br\/wp-content\/uploads\/2023\/11\/postimg-655e5500f16595941.jpg?resize=370%2C247&ssl=1",370,247,true]},"uagb_author_info":{"display_name":"ismaelcolosi.com.br","author_link":"https:\/\/ismaelcolosi.com.br\/index.php\/author\/vidareal-online\/"},"uagb_comment_info":0,"uagb_excerpt":"Uma trag\u00e9dia chocante abalou Manaus, onde um homem foi preso preventivamente ap\u00f3s ser apontado como autor do brutal assassinato de sua ex-namorada, Karine Sevalho Lima,...","jetpack-related-posts":[{"id":54507,"url":"https:\/\/ismaelcolosi.com.br\/index.php\/2024\/06\/25\/preso-homem-que-tentou-matar-ex-namorada-na-zona-norte-de-ribeirao-preto\/","url_meta":{"origin":4997,"position":0},"title":"Preso homem que tentou matar ex-namorada na zona Norte de Ribeir\u00e3o Preto","author":"ismaelcolosi.com.br","date":"25 de June de 2024","format":false,"excerpt":"O suspeito de atirar contra a ex-namorada de 21 anos, na avenida Maestro Herv\u00e9 Cordovil, no bairro Marincek, na zona Norte de Ribeir\u00e3o Preto, foi preso preventivamente na tarde desta ter\u00e7a-feira (25). A tentativa de feminic\u00eddio aconteceu no \u00faltimo dia 12. Segundo a delegada da DDM (Delegacia de Defesa da\u2026","rel":"","context":"In &quot;Not\u00edcias de Ribeir\u00e3o Preto-SP e Regi\u00e3o&quot;","block_context":{"text":"Not\u00edcias de Ribeir\u00e3o Preto-SP e Regi\u00e3o","link":"https:\/\/ismaelcolosi.com.br\/index.php\/category\/noticias-de-ribeirao-preto-sp-e-regiao-ismael-colosi\/"},"img":{"alt_text":"","src":"https:\/\/i0.wp.com\/ismaelcolosi.com.br\/wp-content\/uploads\/2024\/06\/Copia-de-Copia-de-TAMANHO-EXATO-PARA-FOTOS-NO-SISTEMA-NOVO-18_2024-06-25_21-18-38_jpg_2024-06-25_21-18-38.webp.webp?fit=1200%2C675&ssl=1&resize=350%2C200","width":350,"height":200,"srcset":"https:\/\/i0.wp.com\/ismaelcolosi.com.br\/wp-content\/uploads\/2024\/06\/Copia-de-Copia-de-TAMANHO-EXATO-PARA-FOTOS-NO-SISTEMA-NOVO-18_2024-06-25_21-18-38_jpg_2024-06-25_21-18-38.webp.webp?fit=1200%2C675&ssl=1&resize=350%2C200 1x, https:\/\/i0.wp.com\/ismaelcolosi.com.br\/wp-content\/uploads\/2024\/06\/Copia-de-Copia-de-TAMANHO-EXATO-PARA-FOTOS-NO-SISTEMA-NOVO-18_2024-06-25_21-18-38_jpg_2024-06-25_21-18-38.webp.webp?fit=1200%2C675&ssl=1&resize=525%2C300 1.5x, https:\/\/i0.wp.com\/ismaelcolosi.com.br\/wp-content\/uploads\/2024\/06\/Copia-de-Copia-de-TAMANHO-EXATO-PARA-FOTOS-NO-SISTEMA-NOVO-18_2024-06-25_21-18-38_jpg_2024-06-25_21-18-38.webp.webp?fit=1200%2C675&ssl=1&resize=700%2C400 2x, https:\/\/i0.wp.com\/ismaelcolosi.com.br\/wp-content\/uploads\/2024\/06\/Copia-de-Copia-de-TAMANHO-EXATO-PARA-FOTOS-NO-SISTEMA-NOVO-18_2024-06-25_21-18-38_jpg_2024-06-25_21-18-38.webp.webp?fit=1200%2C675&ssl=1&resize=1050%2C600 3x"},"classes":[]},{"id":50587,"url":"https:\/\/ismaelcolosi.com.br\/index.php\/2024\/05\/17\/preso-homem-foragido-ha-dois-anos-apos-matar-namorada-em-ribeirao-preto\/","url_meta":{"origin":4997,"position":1},"title":"Preso homem foragido h\u00e1 dois anos ap\u00f3s matar namorada em Ribeir\u00e3o Preto","author":"ismaelcolosi.com.br","date":"17 de May de 2024","format":false,"excerpt":"A Pol\u00edcia de Minas Gerais prendeu o homem acusado de matar a namorada com uma facada no pesco\u00e7o, em outubro de 2022, no Centro de Ribeir\u00e3o Preto. A pris\u00e3o de Gabriel Francisco Barbosa, ocorreu no dia 7 de maio em Uberl\u00e2ndia. O homem estava foragido h\u00e1 dois anos, desde que\u2026","rel":"","context":"In &quot;Not\u00edcias de Ribeir\u00e3o Preto-SP e Regi\u00e3o&quot;","block_context":{"text":"Not\u00edcias de Ribeir\u00e3o Preto-SP e Regi\u00e3o","link":"https:\/\/ismaelcolosi.com.br\/index.php\/category\/noticias-de-ribeirao-preto-sp-e-regiao-ismael-colosi\/"},"img":{"alt_text":"","src":"https:\/\/i0.wp.com\/ismaelcolosi.com.br\/wp-content\/uploads\/2024\/05\/AnyConv.com__Copia-de-Copia-de-TAMANHO-EXATO-PARA-FOTOS-NO-SISTEMA-NOVO-13_2024-05-17_15-59-23.webp.webp?fit=1200%2C675&ssl=1&resize=350%2C200","width":350,"height":200,"srcset":"https:\/\/i0.wp.com\/ismaelcolosi.com.br\/wp-content\/uploads\/2024\/05\/AnyConv.com__Copia-de-Copia-de-TAMANHO-EXATO-PARA-FOTOS-NO-SISTEMA-NOVO-13_2024-05-17_15-59-23.webp.webp?fit=1200%2C675&ssl=1&resize=350%2C200 1x, https:\/\/i0.wp.com\/ismaelcolosi.com.br\/wp-content\/uploads\/2024\/05\/AnyConv.com__Copia-de-Copia-de-TAMANHO-EXATO-PARA-FOTOS-NO-SISTEMA-NOVO-13_2024-05-17_15-59-23.webp.webp?fit=1200%2C675&ssl=1&resize=525%2C300 1.5x, https:\/\/i0.wp.com\/ismaelcolosi.com.br\/wp-content\/uploads\/2024\/05\/AnyConv.com__Copia-de-Copia-de-TAMANHO-EXATO-PARA-FOTOS-NO-SISTEMA-NOVO-13_2024-05-17_15-59-23.webp.webp?fit=1200%2C675&ssl=1&resize=700%2C400 2x, https:\/\/i0.wp.com\/ismaelcolosi.com.br\/wp-content\/uploads\/2024\/05\/AnyConv.com__Copia-de-Copia-de-TAMANHO-EXATO-PARA-FOTOS-NO-SISTEMA-NOVO-13_2024-05-17_15-59-23.webp.webp?fit=1200%2C675&ssl=1&resize=1050%2C600 3x"},"classes":[]},{"id":74060,"url":"https:\/\/ismaelcolosi.com.br\/index.php\/2024\/10\/29\/engenheiro-e-indiciado-por-tentativa-de-feminicidio-tentativa-de-homicidio-estupro-e-violencia-psicologica\/","url_meta":{"origin":4997,"position":2},"title":"Engenheiro \u00e9 indiciado por tentativa de feminic\u00eddio, tentativa de homic\u00eddio, estupro e viol\u00eancia psicol\u00f3gica","author":"ismaelcolosi.com.br","date":"29 de October de 2024","format":false,"excerpt":"A delegada Juliana da Silva Paiva, da Delegacia de Defesa da Mulher (DDM) de Franca, informou que vai indiciar o engenheiro Lu\u00eds Fernando Moreira Bentivoglio Silveira pelos crimes de tentativa de feminic\u00eddio, estupro e viol\u00eancia psicol\u00f3gica contra a mulher, al\u00e9m de tentativa de homic\u00eddio contra a ex-sogra e contra sua\u2026","rel":"","context":"In &quot;Not\u00edcias de Ribeir\u00e3o Preto-SP e Regi\u00e3o&quot;","block_context":{"text":"Not\u00edcias de Ribeir\u00e3o Preto-SP e Regi\u00e3o","link":"https:\/\/ismaelcolosi.com.br\/index.php\/category\/noticias-de-ribeirao-preto-sp-e-regiao-ismael-colosi\/"},"img":{"alt_text":"","src":"https:\/\/i0.wp.com\/ismaelcolosi.com.br\/wp-content\/uploads\/2024\/10\/28out2024luizfernandosilveira-scaled.jpg?fit=750%2C500&ssl=1&resize=350%2C200","width":350,"height":200,"srcset":"https:\/\/i0.wp.com\/ismaelcolosi.com.br\/wp-content\/uploads\/2024\/10\/28out2024luizfernandosilveira-scaled.jpg?fit=750%2C500&ssl=1&resize=350%2C200 1x, https:\/\/i0.wp.com\/ismaelcolosi.com.br\/wp-content\/uploads\/2024\/10\/28out2024luizfernandosilveira-scaled.jpg?fit=750%2C500&ssl=1&resize=525%2C300 1.5x, https:\/\/i0.wp.com\/ismaelcolosi.com.br\/wp-content\/uploads\/2024\/10\/28out2024luizfernandosilveira-scaled.jpg?fit=750%2C500&ssl=1&resize=700%2C400 2x"},"classes":[]},{"id":51506,"url":"https:\/\/ismaelcolosi.com.br\/index.php\/2024\/05\/28\/policia-prende-homem-condenado-a-30-anos-por-matar-a-namorada-na-regiao-de-ribeirao\/","url_meta":{"origin":4997,"position":3},"title":"Pol\u00edcia prende homem condenado a 30 anos por matar a namorada na regi\u00e3o de Ribeir\u00e3o","author":"ismaelcolosi.com.br","date":"28 de May de 2024","format":false,"excerpt":"A Pol\u00edcia Civil de Sert\u00e3ozinho prendeu nesta ter\u00e7a-feira (28) Junio Cezar Roza Giorgetti, condenado a 30 anos de pris\u00e3o pelo assassinato da namorada em Sert\u00e3ozinho, na regi\u00e3o de Ribeir\u00e3o Preto. O crime ocorreu em 2013, quando a v\u00edtima, Vanessa Nobre Martins, tinha 19 anos. Segundo a pol\u00edcia, Junio, que est\u00e1\u2026","rel":"","context":"In &quot;Not\u00edcias de Ribeir\u00e3o Preto-SP e Regi\u00e3o&quot;","block_context":{"text":"Not\u00edcias de Ribeir\u00e3o Preto-SP e Regi\u00e3o","link":"https:\/\/ismaelcolosi.com.br\/index.php\/category\/noticias-de-ribeirao-preto-sp-e-regiao-ismael-colosi\/"},"img":{"alt_text":"","src":"https:\/\/i0.wp.com\/ismaelcolosi.com.br\/wp-content\/uploads\/2024\/05\/WhatsApp-Image-2024-05-28-at-08.40.33_2024-05-28_11-40-46_jpeg_2024-05-28_11-40-46.webp.webp?fit=1200%2C675&ssl=1&resize=350%2C200","width":350,"height":200,"srcset":"https:\/\/i0.wp.com\/ismaelcolosi.com.br\/wp-content\/uploads\/2024\/05\/WhatsApp-Image-2024-05-28-at-08.40.33_2024-05-28_11-40-46_jpeg_2024-05-28_11-40-46.webp.webp?fit=1200%2C675&ssl=1&resize=350%2C200 1x, https:\/\/i0.wp.com\/ismaelcolosi.com.br\/wp-content\/uploads\/2024\/05\/WhatsApp-Image-2024-05-28-at-08.40.33_2024-05-28_11-40-46_jpeg_2024-05-28_11-40-46.webp.webp?fit=1200%2C675&ssl=1&resize=525%2C300 1.5x, https:\/\/i0.wp.com\/ismaelcolosi.com.br\/wp-content\/uploads\/2024\/05\/WhatsApp-Image-2024-05-28-at-08.40.33_2024-05-28_11-40-46_jpeg_2024-05-28_11-40-46.webp.webp?fit=1200%2C675&ssl=1&resize=700%2C400 2x, https:\/\/i0.wp.com\/ismaelcolosi.com.br\/wp-content\/uploads\/2024\/05\/WhatsApp-Image-2024-05-28-at-08.40.33_2024-05-28_11-40-46_jpeg_2024-05-28_11-40-46.webp.webp?fit=1200%2C675&ssl=1&resize=1050%2C600 3x"},"classes":[]},{"id":29608,"url":"https:\/\/ismaelcolosi.com.br\/index.php\/2024\/01\/18\/ex-namorada-e-presa-em-flagrante-apos-envenenar-o-pm-e-confessar-o-crime\/","url_meta":{"origin":4997,"position":4},"title":"Ex-namorada \u00e9 presa em flagrante ap\u00f3s envenenar o PM e confessar o crime","author":"ismaelcolosi.com.br","date":"18 de January de 2024","format":false,"excerpt":"Na Para\u00edba, uma mulher de 23 anos foi presa ap\u00f3s confessar ter tentado matar o ex-namorado. O homem, um policial militar, come\u00e7ou a passar mal ap\u00f3s beber \u00e1gua em uma garrafinha e logo pediu ajuda.O caso aconteceu na \u00faltima quarta-feira (17), o PM precisou ser internado ap\u00f3s apresentar sintomas. O\u2026","rel":"","context":"In &quot;Blog&quot;","block_context":{"text":"Blog","link":"https:\/\/ismaelcolosi.com.br\/index.php\/category\/blog\/"},"img":{"alt_text":"","src":"https:\/\/i0.wp.com\/ismaelcolosi.com.br\/wp-content\/uploads\/2024\/01\/postimg-65a9b398437cc6772.jpg?fit=1200%2C628&ssl=1&resize=350%2C200","width":350,"height":200,"srcset":"https:\/\/i0.wp.com\/ismaelcolosi.com.br\/wp-content\/uploads\/2024\/01\/postimg-65a9b398437cc6772.jpg?fit=1200%2C628&ssl=1&resize=350%2C200 1x, https:\/\/i0.wp.com\/ismaelcolosi.com.br\/wp-content\/uploads\/2024\/01\/postimg-65a9b398437cc6772.jpg?fit=1200%2C628&ssl=1&resize=525%2C300 1.5x, https:\/\/i0.wp.com\/ismaelcolosi.com.br\/wp-content\/uploads\/2024\/01\/postimg-65a9b398437cc6772.jpg?fit=1200%2C628&ssl=1&resize=700%2C400 2x, https:\/\/i0.wp.com\/ismaelcolosi.com.br\/wp-content\/uploads\/2024\/01\/postimg-65a9b398437cc6772.jpg?fit=1200%2C628&ssl=1&resize=1050%2C600 3x"},"classes":[]},{"id":9178,"url":"https:\/\/ismaelcolosi.com.br\/index.php\/2023\/12\/01\/utm_sourcerssutm_mediumrssutm_campaignvalentao-e-preso-apos-tentar-matar-a-ex-gravida-em-rp\/","url_meta":{"origin":4997,"position":5},"title":"Valent\u00e3o \u00e9 preso ap\u00f3s tentar matar a ex gr\u00e1vida em RP \u2013 X Tudo Ribeir\u00e3o","author":"ismaelcolosi.com.br","date":"1 de December de 2023","format":false,"excerpt":"Um homem foi preso pela Pol\u00edcia Militar na tarde desta sexta-feira (1\/12), ap\u00f3s tentar matar sua ex-mulher gr\u00e1vida de 4 meses a paulada na Favela do SBT, na zona Oeste de Ribeir\u00e3o Preto. Segundo informa\u00e7\u00f5es preliminares da PM, populares acionaram os Policiais versando sobre um fato, onde uma mulher gr\u00e1vida\u2026","rel":"","context":"In &quot;Not\u00edcias de Ribeir\u00e3o Preto-SP e Regi\u00e3o&quot;","block_context":{"text":"Not\u00edcias de Ribeir\u00e3o Preto-SP e Regi\u00e3o","link":"https:\/\/ismaelcolosi.com.br\/index.php\/category\/noticias-de-ribeirao-preto-sp-e-regiao-ismael-colosi\/"},"img":{"alt_text":"","src":"https:\/\/i0.wp.com\/ismaelcolosi.com.br\/wp-content\/uploads\/2023\/12\/28d53e90-3eab-40b4-a308-082b2c2a22f3.jpeg?fit=1200%2C897&ssl=1&resize=350%2C200","width":350,"height":200,"srcset":"https:\/\/i0.wp.com\/ismaelcolosi.com.br\/wp-content\/uploads\/2023\/12\/28d53e90-3eab-40b4-a308-082b2c2a22f3.jpeg?fit=1200%2C897&ssl=1&resize=350%2C200 1x, https:\/\/i0.wp.com\/ismaelcolosi.com.br\/wp-content\/uploads\/2023\/12\/28d53e90-3eab-40b4-a308-082b2c2a22f3.jpeg?fit=1200%2C897&ssl=1&resize=525%2C300 1.5x, https:\/\/i0.wp.com\/ismaelcolosi.com.br\/wp-content\/uploads\/2023\/12\/28d53e90-3eab-40b4-a308-082b2c2a22f3.jpeg?fit=1200%2C897&ssl=1&resize=700%2C400 2x, https:\/\/i0.wp.com\/ismaelcolosi.com.br\/wp-content\/uploads\/2023\/12\/28d53e90-3eab-40b4-a308-082b2c2a22f3.jpeg?fit=1200%2C897&ssl=1&resize=1050%2C600 3x"},"classes":[]}],"jetpack_sharing_enabled":true,"jetpack_shortlink":"https:\/\/wp.me\/pfMlyK-1iB","_links":{"self":[{"href":"https:\/\/ismaelcolosi.com.br\/index.php\/wp-json\/wp\/v2\/posts\/4997","targetHints":{"allow":["GET"]}}],"collection":[{"href":"https:\/\/ismaelcolosi.com.br\/index.php\/wp-json\/wp\/v2\/posts"}],"about":[{"href":"https:\/\/ismaelcolosi.com.br\/index.php\/wp-json\/wp\/v2\/types\/post"}],"author":[{"embeddable":true,"href":"https:\/\/ismaelcolosi.com.br\/index.php\/wp-json\/wp\/v2\/users\/1"}],"replies":[{"embeddable":true,"href":"https:\/\/ismaelcolosi.com.br\/index.php\/wp-json\/wp\/v2\/comments?post=4997"}],"version-history":[{"count":0,"href":"https:\/\/ismaelcolosi.com.br\/index.php\/wp-json\/wp\/v2\/posts\/4997\/revisions"}],"wp:featuredmedia":[{"embeddable":true,"href":"https:\/\/ismaelcolosi.com.br\/index.php\/wp-json\/wp\/v2\/media\/4998"}],"wp:attachment":[{"href":"https:\/\/ismaelcolosi.com.br\/index.php\/wp-json\/wp\/v2\/media?parent=4997"}],"wp:term":[{"taxonomy":"category","embeddable":true,"href":"https:\/\/ismaelcolosi.com.br\/index.php\/wp-json\/wp\/v2\/categories?post=4997"},{"taxonomy":"post_tag","embeddable":true,"href":"https:\/\/ismaelcolosi.com.br\/index.php\/wp-json\/wp\/v2\/tags?post=4997"}],"curies":[{"name":"wp","href":"https:\/\/api.w.org\/{rel}","templated":true}]}}