{"id":49886,"date":"2024-05-13T20:18:30","date_gmt":"2024-05-13T23:18:30","guid":{"rendered":"https:\/\/ismaelcolosi.com.br\/index.php\/2024\/05\/13\/estrelado-por-hilary-swank-e-baseado-em-uma-historia-real-uma-vida-de-esperanca-ganha-trailer\/"},"modified":"2024-05-13T20:18:30","modified_gmt":"2024-05-13T23:18:30","slug":"estrelado-por-hilary-swank-e-baseado-em-uma-historia-real-uma-vida-de-esperanca-ganha-trailer","status":"publish","type":"post","link":"https:\/\/ismaelcolosi.com.br\/index.php\/2024\/05\/13\/estrelado-por-hilary-swank-e-baseado-em-uma-historia-real-uma-vida-de-esperanca-ganha-trailer\/","title":{"rendered":"Estrelado por Hilary Swank e baseado em uma hist\u00f3ria real, &#8216;Uma Vida de Esperan\u00e7a&#8217; ganha trailer"},"content":{"rendered":"<p> <br \/>\n<\/p>\n<div>\n<div class=\"popito_fn_breadcrumbs\">\n<ul id=\"breadcrumbs\" class=\"breadcrumbs\">\n<li class=\"item-home\">Casa<\/li>\n<li class=\"separator separator-home\"> <span>\/<\/span> <\/li>\n<li class=\"item-cat\">Cinema<\/li>\n<li class=\"separator\"> <span>\/<\/span> <\/li>\n<li class=\"item-current item-2564\"><span class=\"bread-current bread-2564\" title=\"Estrelado por Hilary Swank e baseado em uma hist\u00f3ria real, \u2018Uma Vida de Esperan\u00e7a\u2019 ganha trailer\">Estrelado por Hilary Swank e baseado em uma hist\u00f3ria real, \u2018Uma Vida de Esperan\u00e7a\u2019 ganha trailer<\/span><\/li>\n<\/ul>\n<\/div>\n<h3 class=\"fn__maintitle\"><span>Estrelado por Hilary Swank e baseado em uma hist\u00f3ria real, \u2018Uma Vida de Esperan\u00e7a\u2019 ganha trailer<\/span><\/h3>\n<\/div>\n<div>\n<p style=\"text-align: center;\"><strong><i>Sucesso nos Estados Unidos, filme chega aos cinemas brasileiros em 13 de junho<\/i><\/strong><\/p>\n<p>A Sony Pictures divulga o p\u00f4ster e o trailer de \u201cUma Vida de Esperan\u00e7a\u201d (Ordinary Angels), filme que se tornou sucesso de bilheteria nos Estados Unidos. Estrelado pela atriz vencedora do Oscar Hilary Swank e baseado em uma emocionante hist\u00f3ria real, o filme teve sua estreia antecipada no Brasil e chega aos cinemas em 13 de junho.<\/p><div class='code-block code-block-8' style='margin: 8px auto; text-align: center; display: block; clear: both;'>\n<script>\n  atOptions = {\n    'key' : '66e2e2111ca34da796271819fc334058',\n    'format' : 'iframe',\n    'height' : 250,\n    'width' : 300,\n    'params' : {}\n  };\n<\/script>\n<script src=\"https:\/\/www.highperformanceformat.com\/66e2e2111ca34da796271819fc334058\/invoke.js\"><\/script>\n<\/div>\n\n<p><strong>Sinopse oficial<\/strong><\/p>\n<p>Baseado em uma not\u00e1vel hist\u00f3ria ver\u00eddica, UMA VIDA DE ESPERAN\u00c7A conta a hist\u00f3ria de Sharon (Hilary Swank), uma cabeleireira cheia de atitude, lutadora, residente em uma pequena cidade do Kentucky, que descobre um prop\u00f3sito em sua vida quando conhece Ed (Alan Ritchson), um vi\u00favo que trabalha duro para sobreviver com suas duas filhas, sendo que a mais nova est\u00e1 esperando por um transplante de f\u00edgado. Sharon, ent\u00e3o, decide ajudar a fam\u00edlia e se mudar\u00e1 montanhas para fazer isso. O que se desenrola a partir de a\u00ed \u00e9 uma inspiradora hist\u00f3ria de f\u00e9, milagres cotidianos feitos por anjos e her\u00f3is do dia a dia, cuja miss\u00e3o \u00e9 promover uma vida de esperan\u00e7a a outras pessoas.<\/p>\n<div class=\"popito_fn_votewrap\">\n<h3 class=\"vote_title\">Como voc\u00ea vota? <\/h3>\n<div class=\"popito_fn_votes \" data-id=\"2564\">\n<p>1 People voted this article. 1 Upvotes &#8211; 0 Downvotes.<\/p>\n<\/div>\n<\/div>\n<\/div>\n<p><br \/>\n<br \/><a href=\"https:\/\/popito.com.br\/estrelado-por-hilary-swank-e-baseado-em-uma-historia-real-uma-vida-de-esperanca-ganha-trailer\/\">Source link <\/a><\/p>\n<div class='code-block code-block-4' style='margin: 8px auto 8px 0; text-align: left; display: block; clear: both;'>\n\ud83d\udce2 Aviso Legal\n\nO site ismaelcolosi.com.br atua apenas como um canal de divulga\u00e7\u00e3o de oportunidades de emprego e n\u00e3o se responsabiliza pelo processo seletivo, contrata\u00e7\u00e3o ou qualquer outra etapa relacionada \u00e0s vagas publicadas. Todas as informa\u00e7\u00f5es s\u00e3o de responsabilidade dos anunciantes.\n\n\u26a0\ufe0f Aten\u00e7\u00e3o! Nunca pague por promessas de emprego nem compre cursos que garantam contrata\u00e7\u00e3o. Desconfie de qualquer cobran\u00e7a para participar de sele\u00e7\u00f5es.\n\n\n<div data-type=\"_mgwidget\" data-widget-id=\"2000896\">\n<\/div>\n<script>(function(w,q){w[q]=w[q]||[];w[q].push([\"_mgc.load\"])})(window,\"_mgq\");\n<\/script>\n<\/div>\n<!-- CONTENT END 1 -->\n","protected":false},"excerpt":{"rendered":"<p>Casa \/ Cinema \/ Estrelado por Hilary Swank e baseado em uma hist\u00f3ria real, \u2018Uma Vida de Esperan\u00e7a\u2019 ganha trailer Estrelado por Hilary Swank e&#8230;<\/p>\n","protected":false},"author":1,"featured_media":49887,"comment_status":"open","ping_status":"open","sticky":false,"template":"","format":"standard","meta":{"om_disable_all_campaigns":false,"_uag_custom_page_level_css":"","jetpack_post_was_ever_published":false,"_jetpack_newsletter_access":"","_jetpack_dont_email_post_to_subs":false,"_jetpack_newsletter_tier_id":0,"_jetpack_memberships_contains_paywalled_content":false,"_jetpack_memberships_contains_paid_content":false,"_joinchat":[],"footnotes":"","jetpack_publicize_message":"","jetpack_publicize_feature_enabled":true,"jetpack_social_post_already_shared":true,"jetpack_social_options":{"image_generator_settings":{"template":"highway","default_image_id":0,"font":"","enabled":false},"version":2}},"categories":[11],"tags":[5789,5790,5786,1565,5787,478,134,2948,5788,5328,85,1046],"class_list":["post-49886","post","type-post","status-publish","format-standard","has-post-thumbnail","hentry","category-noticias-de-ribeirao-preto-sp-e-regiao-ismael-colosi","tag-baseado","tag-esperanca","tag-estrelado","tag-ganha","tag-hilary","tag-historia","tag-por","tag-real","tag-swank","tag-trailer","tag-uma","tag-vida"],"aioseo_notices":[],"jetpack_publicize_connections":[],"jetpack_featured_media_url":"https:\/\/i0.wp.com\/ismaelcolosi.com.br\/wp-content\/uploads\/2024\/05\/uma-vida-de-esperanca.jpg?fit=1300%2C731&ssl=1","uagb_featured_image_src":{"full":["https:\/\/i0.wp.com\/ismaelcolosi.com.br\/wp-content\/uploads\/2024\/05\/uma-vida-de-esperanca.jpg?fit=1300%2C731&ssl=1",1300,731,false],"thumbnail":["https:\/\/i0.wp.com\/ismaelcolosi.com.br\/wp-content\/uploads\/2024\/05\/uma-vida-de-esperanca.jpg?resize=150%2C150&ssl=1",150,150,true],"medium":["https:\/\/i0.wp.com\/ismaelcolosi.com.br\/wp-content\/uploads\/2024\/05\/uma-vida-de-esperanca.jpg?fit=300%2C169&ssl=1",300,169,true],"medium_large":["https:\/\/i0.wp.com\/ismaelcolosi.com.br\/wp-content\/uploads\/2024\/05\/uma-vida-de-esperanca.jpg?fit=768%2C432&ssl=1",768,432,true],"large":["https:\/\/i0.wp.com\/ismaelcolosi.com.br\/wp-content\/uploads\/2024\/05\/uma-vida-de-esperanca.jpg?fit=1024%2C576&ssl=1",1024,576,true],"1536x1536":["https:\/\/i0.wp.com\/ismaelcolosi.com.br\/wp-content\/uploads\/2024\/05\/uma-vida-de-esperanca.jpg?fit=1300%2C731&ssl=1",1300,731,true],"2048x2048":["https:\/\/i0.wp.com\/ismaelcolosi.com.br\/wp-content\/uploads\/2024\/05\/uma-vida-de-esperanca.jpg?fit=1300%2C731&ssl=1",1300,731,true],"really-simple-thumb":["https:\/\/i0.wp.com\/ismaelcolosi.com.br\/wp-content\/uploads\/2024\/05\/uma-vida-de-esperanca.jpg?resize=370%2C247&ssl=1",370,247,true]},"uagb_author_info":{"display_name":"ismaelcolosi.com.br","author_link":"https:\/\/ismaelcolosi.com.br\/index.php\/author\/vidareal-online\/"},"uagb_comment_info":0,"uagb_excerpt":"Casa \/ Cinema \/ Estrelado por Hilary Swank e baseado em uma hist\u00f3ria real, \u2018Uma Vida de Esperan\u00e7a\u2019 ganha trailer Estrelado por Hilary Swank e...","jetpack-related-posts":[{"id":53084,"url":"https:\/\/ismaelcolosi.com.br\/index.php\/2024\/06\/13\/mallandro-e-uma-vida-de-esperancas-estao-entre-as-estreias-nos-cinemas-confira\/","url_meta":{"origin":49886,"position":0},"title":"\u2018Mallandro\u2019 e \u2018Uma Vida de Esperan\u00e7as\u2019 est\u00e3o entre as estreias nos cinemas; Confira","author":"ismaelcolosi.com.br","date":"13 de June de 2024","format":false,"excerpt":"Hoje \u00e9 quinta-feira e voc\u00ea confere no acidade on as estreias dos cinemas de Ribeir\u00e3o Preto. \u2018Mallandro \u2013 O Errado Que Deu Certo\u2019 e \u2018Uma Vida de Esperan\u00e7as\u2019 est\u00e3o entre os destaques da programa\u00e7\u00e3o desta semana. Assista aos trailers abaixo. Ribeir\u00e3o Preto conta com quatro cinemas: UCI, localizado no Ribeir\u00e3oShopping;\u2026","rel":"","context":"In &quot;Not\u00edcias de Ribeir\u00e3o Preto-SP e Regi\u00e3o&quot;","block_context":{"text":"Not\u00edcias de Ribeir\u00e3o Preto-SP e Regi\u00e3o","link":"https:\/\/ismaelcolosi.com.br\/index.php\/category\/noticias-de-ribeirao-preto-sp-e-regiao-ismael-colosi\/"},"img":{"alt_text":"","src":"https:\/\/i0.wp.com\/ismaelcolosi.com.br\/wp-content\/uploads\/2024\/06\/Capturar_2024-06-13_12-44-35_jpg_2024-06-13_12-44-35.webp.webp?fit=940%2C625&ssl=1&resize=350%2C200","width":350,"height":200,"srcset":"https:\/\/i0.wp.com\/ismaelcolosi.com.br\/wp-content\/uploads\/2024\/06\/Capturar_2024-06-13_12-44-35_jpg_2024-06-13_12-44-35.webp.webp?fit=940%2C625&ssl=1&resize=350%2C200 1x, https:\/\/i0.wp.com\/ismaelcolosi.com.br\/wp-content\/uploads\/2024\/06\/Capturar_2024-06-13_12-44-35_jpg_2024-06-13_12-44-35.webp.webp?fit=940%2C625&ssl=1&resize=525%2C300 1.5x, https:\/\/i0.wp.com\/ismaelcolosi.com.br\/wp-content\/uploads\/2024\/06\/Capturar_2024-06-13_12-44-35_jpg_2024-06-13_12-44-35.webp.webp?fit=940%2C625&ssl=1&resize=700%2C400 2x"},"classes":[]},{"id":31688,"url":"https:\/\/ismaelcolosi.com.br\/index.php\/2024\/01\/23\/top-10-filmes-de-aventura-imperdiveis-para-maratonar\/","url_meta":{"origin":49886,"position":1},"title":"Top 10 Filmes de Aventura imperd\u00edveis para maratonar","author":"ismaelcolosi.com.br","date":"23 de January de 2024","format":false,"excerpt":"Se voc\u00ea \u00e9 apaixonado por filmes de aventura e busca inspira\u00e7\u00e3o para a sua pr\u00f3xima maratona, est\u00e1 no lugar certo! Neste artigo, apresentamos uma lista com 10 filmes incr\u00edveis do g\u00eanero que v\u00e3o fazer voc\u00ea se emocionar, vibrar e querer explorar mundos diferentes. Essa sele\u00e7\u00e3o contempla cl\u00e1ssicos atemporais, sucessos de\u2026","rel":"","context":"In &quot;Blog&quot;","block_context":{"text":"Blog","link":"https:\/\/ismaelcolosi.com.br\/index.php\/category\/blog\/"},"img":{"alt_text":"","src":"https:\/\/i0.wp.com\/ismaelcolosi.com.br\/wp-content\/uploads\/2024\/01\/Filmes-de-Aventura.jpg?fit=1200%2C717&ssl=1&resize=350%2C200","width":350,"height":200,"srcset":"https:\/\/i0.wp.com\/ismaelcolosi.com.br\/wp-content\/uploads\/2024\/01\/Filmes-de-Aventura.jpg?fit=1200%2C717&ssl=1&resize=350%2C200 1x, https:\/\/i0.wp.com\/ismaelcolosi.com.br\/wp-content\/uploads\/2024\/01\/Filmes-de-Aventura.jpg?fit=1200%2C717&ssl=1&resize=525%2C300 1.5x, https:\/\/i0.wp.com\/ismaelcolosi.com.br\/wp-content\/uploads\/2024\/01\/Filmes-de-Aventura.jpg?fit=1200%2C717&ssl=1&resize=700%2C400 2x, https:\/\/i0.wp.com\/ismaelcolosi.com.br\/wp-content\/uploads\/2024\/01\/Filmes-de-Aventura.jpg?fit=1200%2C717&ssl=1&resize=1050%2C600 3x"},"classes":[]},{"id":45473,"url":"https:\/\/ismaelcolosi.com.br\/index.php\/2024\/04\/04\/confira-os-lancamentos-nos-cinemas-em-ribeirao-preto-assista-aos-trailers\/","url_meta":{"origin":49886,"position":2},"title":"Confira os lan\u00e7amentos nos cinemas em Ribeir\u00e3o Preto; Assista aos trailers","author":"ismaelcolosi.com.br","date":"4 de April de 2024","format":false,"excerpt":"Os cinemas de Ribeir\u00e3o Preto t\u00eam estreias de filmes nacionais e internacionais de diferentes g\u00eaneros: \u201cUma Fam\u00edlia Feliz\u201d, \u201cUma Prova de Coragem\u201d e \u201cA Primeira Profecia\u201d s\u00e3o alguns dos nomes que chegam \u00e0s telas nesta quinta-feira (4). Confira: Uma Fam\u00edlia Feliz O drama brasileiro dirigido por Jos\u00e9 Eduardo Belmonte conta\u2026","rel":"","context":"In &quot;Not\u00edcias de Ribeir\u00e3o Preto-SP e Regi\u00e3o&quot;","block_context":{"text":"Not\u00edcias de Ribeir\u00e3o Preto-SP e Regi\u00e3o","link":"https:\/\/ismaelcolosi.com.br\/index.php\/category\/noticias-de-ribeirao-preto-sp-e-regiao-ismael-colosi\/"},"img":{"alt_text":"","src":"https:\/\/i0.wp.com\/ismaelcolosi.com.br\/wp-content\/uploads\/2024\/04\/1712253796_uma-familia-perfeita-reynaldo-gianecchini-e-grazi-massafera_8432.jpeg?fit=1200%2C675&ssl=1&resize=350%2C200","width":350,"height":200,"srcset":"https:\/\/i0.wp.com\/ismaelcolosi.com.br\/wp-content\/uploads\/2024\/04\/1712253796_uma-familia-perfeita-reynaldo-gianecchini-e-grazi-massafera_8432.jpeg?fit=1200%2C675&ssl=1&resize=350%2C200 1x, https:\/\/i0.wp.com\/ismaelcolosi.com.br\/wp-content\/uploads\/2024\/04\/1712253796_uma-familia-perfeita-reynaldo-gianecchini-e-grazi-massafera_8432.jpeg?fit=1200%2C675&ssl=1&resize=525%2C300 1.5x, https:\/\/i0.wp.com\/ismaelcolosi.com.br\/wp-content\/uploads\/2024\/04\/1712253796_uma-familia-perfeita-reynaldo-gianecchini-e-grazi-massafera_8432.jpeg?fit=1200%2C675&ssl=1&resize=700%2C400 2x, https:\/\/i0.wp.com\/ismaelcolosi.com.br\/wp-content\/uploads\/2024\/04\/1712253796_uma-familia-perfeita-reynaldo-gianecchini-e-grazi-massafera_8432.jpeg?fit=1200%2C675&ssl=1&resize=1050%2C600 3x"},"classes":[]},{"id":45465,"url":"https:\/\/ismaelcolosi.com.br\/index.php\/2024\/04\/04\/confira-os-lancamentos-dos-cinemas-em-ribeirao-preto-assista-aos-trailers\/","url_meta":{"origin":49886,"position":3},"title":"Confira os lan\u00e7amentos dos cinemas em Ribeir\u00e3o Preto; Assista aos trailers","author":"ismaelcolosi.com.br","date":"4 de April de 2024","format":false,"excerpt":"Os cinemas de Ribeir\u00e3o Preto t\u00eam estreias de filmes nacionais e internacionais de diferentes g\u00eaneros: \u201cUma Fam\u00edlia Feliz\u201d, \u201cUma Prova de Coragem\u201d e \u201cA Primeira Profecia\u201d s\u00e3o alguns dos nomes que chegam \u00e0s telas nesta quinta-feira (4). Confira: Uma Fam\u00edlia Feliz O drama brasileiro dirigido por Jos\u00e9 Eduardo Belmonte conta\u2026","rel":"","context":"In &quot;Not\u00edcias de Ribeir\u00e3o Preto-SP e Regi\u00e3o&quot;","block_context":{"text":"Not\u00edcias de Ribeir\u00e3o Preto-SP e Regi\u00e3o","link":"https:\/\/ismaelcolosi.com.br\/index.php\/category\/noticias-de-ribeirao-preto-sp-e-regiao-ismael-colosi\/"},"img":{"alt_text":"","src":"https:\/\/i0.wp.com\/ismaelcolosi.com.br\/wp-content\/uploads\/2024\/04\/uma-familia-perfeita-reynaldo-gianecchini-e-grazi-massafera_8432.jpeg?fit=1200%2C675&ssl=1&resize=350%2C200","width":350,"height":200,"srcset":"https:\/\/i0.wp.com\/ismaelcolosi.com.br\/wp-content\/uploads\/2024\/04\/uma-familia-perfeita-reynaldo-gianecchini-e-grazi-massafera_8432.jpeg?fit=1200%2C675&ssl=1&resize=350%2C200 1x, https:\/\/i0.wp.com\/ismaelcolosi.com.br\/wp-content\/uploads\/2024\/04\/uma-familia-perfeita-reynaldo-gianecchini-e-grazi-massafera_8432.jpeg?fit=1200%2C675&ssl=1&resize=525%2C300 1.5x, https:\/\/i0.wp.com\/ismaelcolosi.com.br\/wp-content\/uploads\/2024\/04\/uma-familia-perfeita-reynaldo-gianecchini-e-grazi-massafera_8432.jpeg?fit=1200%2C675&ssl=1&resize=700%2C400 2x, https:\/\/i0.wp.com\/ismaelcolosi.com.br\/wp-content\/uploads\/2024\/04\/uma-familia-perfeita-reynaldo-gianecchini-e-grazi-massafera_8432.jpeg?fit=1200%2C675&ssl=1&resize=1050%2C600 3x"},"classes":[]},{"id":31664,"url":"https:\/\/ismaelcolosi.com.br\/index.php\/2024\/01\/23\/top-10-filmes-de-suspense-que-vao-prender-sua-atencao\/","url_meta":{"origin":49886,"position":4},"title":"Top 10 Filmes de Suspense que v\u00e3o prender sua aten\u00e7\u00e3o","author":"ismaelcolosi.com.br","date":"23 de January de 2024","format":false,"excerpt":"Voc\u00ea \u00e9 um f\u00e3 de filmes de suspense? Se sim, este artigo foi feito especialmente para voc\u00ea! Afinal, nada melhor do que um bom suspense para despertar nossos sentidos e manter a adrenalina l\u00e1 em cima. Vamos mergulhar no mundo dos filmes de suspense e descobrir quais s\u00e3o os 10\u2026","rel":"","context":"In &quot;Blog&quot;","block_context":{"text":"Blog","link":"https:\/\/ismaelcolosi.com.br\/index.php\/category\/blog\/"},"img":{"alt_text":"","src":"https:\/\/i0.wp.com\/ismaelcolosi.com.br\/wp-content\/uploads\/2024\/01\/Filmes-de-Suspense.jpg?fit=1200%2C848&ssl=1&resize=350%2C200","width":350,"height":200,"srcset":"https:\/\/i0.wp.com\/ismaelcolosi.com.br\/wp-content\/uploads\/2024\/01\/Filmes-de-Suspense.jpg?fit=1200%2C848&ssl=1&resize=350%2C200 1x, https:\/\/i0.wp.com\/ismaelcolosi.com.br\/wp-content\/uploads\/2024\/01\/Filmes-de-Suspense.jpg?fit=1200%2C848&ssl=1&resize=525%2C300 1.5x, https:\/\/i0.wp.com\/ismaelcolosi.com.br\/wp-content\/uploads\/2024\/01\/Filmes-de-Suspense.jpg?fit=1200%2C848&ssl=1&resize=700%2C400 2x, https:\/\/i0.wp.com\/ismaelcolosi.com.br\/wp-content\/uploads\/2024\/01\/Filmes-de-Suspense.jpg?fit=1200%2C848&ssl=1&resize=1050%2C600 3x"},"classes":[]},{"id":48358,"url":"https:\/\/ismaelcolosi.com.br\/index.php\/2024\/05\/02\/veja-os-lancamentos-nos-cinemas-de-ribeirao-preto-nesta-quinta-feira\/","url_meta":{"origin":49886,"position":5},"title":"Veja os lan\u00e7amentos nos cinemas de Ribeir\u00e3o Preto nesta quinta-feira","author":"ismaelcolosi.com.br","date":"2 de May de 2024","format":false,"excerpt":"Os cinemas de Ribeir\u00e3o Preto contam com lan\u00e7amentos nesta quinta-feira (2). Al\u00e9m das op\u00e7\u00f5es como, \u201cO Dubl\u00ea\u201d, \u201cA Teia\u201d e \u201cF\u00e9rias Trocadas\u201d que estreiam hoje. Confira a programa\u00e7\u00e3o completa: Ribeir\u00e3o Preto conta com quatro cinemas nos shoppings: o UCI localizado no Ribeir\u00e3o Shopping, o Cinep\u00f3lis nos shoppings Santa \u00darsula e\u2026","rel":"","context":"In &quot;Not\u00edcias de Ribeir\u00e3o Preto-SP e Regi\u00e3o&quot;","block_context":{"text":"Not\u00edcias de Ribeir\u00e3o Preto-SP e Regi\u00e3o","link":"https:\/\/ismaelcolosi.com.br\/index.php\/category\/noticias-de-ribeirao-preto-sp-e-regiao-ismael-colosi\/"},"img":{"alt_text":"","src":"https:\/\/i0.wp.com\/ismaelcolosi.com.br\/wp-content\/uploads\/2024\/05\/o-duble-1024x576-1_2024-05-02_12-09-03_jpeg_2024-05-02_12-09-03.webp.webp?fit=904%2C508&ssl=1&resize=350%2C200","width":350,"height":200,"srcset":"https:\/\/i0.wp.com\/ismaelcolosi.com.br\/wp-content\/uploads\/2024\/05\/o-duble-1024x576-1_2024-05-02_12-09-03_jpeg_2024-05-02_12-09-03.webp.webp?fit=904%2C508&ssl=1&resize=350%2C200 1x, https:\/\/i0.wp.com\/ismaelcolosi.com.br\/wp-content\/uploads\/2024\/05\/o-duble-1024x576-1_2024-05-02_12-09-03_jpeg_2024-05-02_12-09-03.webp.webp?fit=904%2C508&ssl=1&resize=525%2C300 1.5x, https:\/\/i0.wp.com\/ismaelcolosi.com.br\/wp-content\/uploads\/2024\/05\/o-duble-1024x576-1_2024-05-02_12-09-03_jpeg_2024-05-02_12-09-03.webp.webp?fit=904%2C508&ssl=1&resize=700%2C400 2x"},"classes":[]}],"jetpack_sharing_enabled":true,"jetpack_shortlink":"https:\/\/wp.me\/pfMlyK-cYC","_links":{"self":[{"href":"https:\/\/ismaelcolosi.com.br\/index.php\/wp-json\/wp\/v2\/posts\/49886","targetHints":{"allow":["GET"]}}],"collection":[{"href":"https:\/\/ismaelcolosi.com.br\/index.php\/wp-json\/wp\/v2\/posts"}],"about":[{"href":"https:\/\/ismaelcolosi.com.br\/index.php\/wp-json\/wp\/v2\/types\/post"}],"author":[{"embeddable":true,"href":"https:\/\/ismaelcolosi.com.br\/index.php\/wp-json\/wp\/v2\/users\/1"}],"replies":[{"embeddable":true,"href":"https:\/\/ismaelcolosi.com.br\/index.php\/wp-json\/wp\/v2\/comments?post=49886"}],"version-history":[{"count":0,"href":"https:\/\/ismaelcolosi.com.br\/index.php\/wp-json\/wp\/v2\/posts\/49886\/revisions"}],"wp:featuredmedia":[{"embeddable":true,"href":"https:\/\/ismaelcolosi.com.br\/index.php\/wp-json\/wp\/v2\/media\/49887"}],"wp:attachment":[{"href":"https:\/\/ismaelcolosi.com.br\/index.php\/wp-json\/wp\/v2\/media?parent=49886"}],"wp:term":[{"taxonomy":"category","embeddable":true,"href":"https:\/\/ismaelcolosi.com.br\/index.php\/wp-json\/wp\/v2\/categories?post=49886"},{"taxonomy":"post_tag","embeddable":true,"href":"https:\/\/ismaelcolosi.com.br\/index.php\/wp-json\/wp\/v2\/tags?post=49886"}],"curies":[{"name":"wp","href":"https:\/\/api.w.org\/{rel}","templated":true}]}}