{"id":48019,"date":"2024-04-30T11:38:10","date_gmt":"2024-04-30T14:38:10","guid":{"rendered":"https:\/\/ismaelcolosi.com.br\/index.php\/2024\/04\/30\/entenda-a-origem-e-importancia-da-data\/"},"modified":"2024-04-30T11:38:10","modified_gmt":"2024-04-30T14:38:10","slug":"entenda-a-origem-e-importancia-da-data","status":"publish","type":"post","link":"https:\/\/ismaelcolosi.com.br\/index.php\/2024\/04\/30\/entenda-a-origem-e-importancia-da-data\/","title":{"rendered":"entenda a origem e import\u00e2ncia da data"},"content":{"rendered":"<p> <br \/>\n<\/p>\n<div>\n<p><span style=\"font-weight: 400;\">Todo ano no dia 1\u00ba de maio \u00e9 celebrado o <\/span><b>Dia do Trabalhador, <\/b>mas v<span style=\"font-weight: 400;\">oc\u00ea sabe a origem dessa data comemorativa e a sua import\u00e2ncia?<\/span><\/p>\n<p><span style=\"font-weight: 400;\">Descubra a seguir os motivos do surgimento dessa celebra\u00e7\u00e3o do <b>Dia do Trabalhador <\/b>e tamb\u00e9m como \u00e9 relevante a discuss\u00e3o sobre o termo trabalho em nosso pa\u00eds. <\/span>Vamos conferir?<\/p>\n<nav class=\"toc-container  active\">\n<hr\/>\n<\/nav>\n<h2 id=\"1o_de_maio_Dia_do_Trabalhador\"><strong>1\u00ba de maio: Dia do Trabalhador<\/strong><\/h2>\n<p><span style=\"font-weight: 400;\">A data que conhecemos hoje foi escolhida visando n\u00e3o apenas celebrar, mas tamb\u00e9m trazer para a conversa todos os tipos de profissionais que contribu\u00edram para o crescimento do Brasil.\u00a0<\/span><\/p>\n<p><span style=\"font-weight: 400;\">O dia 1 de maio foi escolhido com o intuito de homenagear trabalhadores dos Estados Unidos, que, na mesma data de 1886, foram \u00e0s ruas para pedir a redu\u00e7\u00e3o da carga hor\u00e1ria m\u00e1xima de trabalho por dia. Algo que hoje poder\u00edamos considerar como condi\u00e7\u00f5es escravas.\u00a0<\/span><\/p>\n<p><span style=\"font-weight: 400;\">Na \u00e9poca, essas pessoas eram oper\u00e1rios que atuavam em f\u00e1bricas com condi\u00e7\u00f5es de trabalho bem prec\u00e1rias. Para se ter no\u00e7\u00e3o, os ambientes eram lotados e com pouqu\u00edssimas janelas, com isso, muitos deles adoeciam e morriam para alimentar a era da Revolu\u00e7\u00e3o Industrial.\u00a0<\/span><\/p>\n<p><span style=\"font-weight: 400;\">J\u00e1 em nosso pa\u00eds, a men\u00e7\u00e3o ao Dia do Trabalhador acontece em 1890, quando come\u00e7ava o desenvolvimento da ind\u00fastria brasileira.\u00a0<\/span><\/p>\n<p><span style=\"font-weight: 400;\">No ano de 1917, a cidade de S\u00e3o Paulo teve uma das maiores greves gerais j\u00e1 registradas e a for\u00e7a que o movimento dos trabalhadores adquiriu era tamanha que, em 1924, a data passou a ser feriado nacional.\u00a0<\/span><\/p>\n<p><span style=\"font-weight: 400;\">O dia \u00e9 lembrado em v\u00e1rios outros pa\u00edses ocidentais e representa atualmente as manifesta\u00e7\u00f5es e lutas por direitos trabalhistas em v\u00e1rias partes do mundo.<\/span><\/p>\n<h3 id=\"1o_de_maio_e_feriado_ou_ponto_facultativo\"><strong>1\u00ba de maio \u00e9 feriado ou ponto facultativo?<\/strong><\/h3>\n<p>Conforme a lei P<span class=\"external-link\">ortaria do Primeiro-Secret\u00e1rio n.\u00ba 32, de 2021, do Senado Federal, o<\/span> dia 1\u00ba de maio \u00e9 considerado feriado nacional no Brasil.<\/p>\n<p>Saiba mais: <a href=\"http:\/\/Feriados%202024:%20confira%20as%20datas%20e%20organize%20suas%20folgas\" data-wplink-url-error=\"true\" data-wpel-link=\"external\" target=\"_blank\" rel=\"noopener\">Feriados 2024: confira as datas e organize suas folgas<\/a><\/p>\n<h2 id=\"Dia_do_Trabalho_mas_sem_trabalho\"><b>Dia do Trabalho, mas sem trabalho<\/b><\/h2>\n<p><span style=\"font-weight: 400;\">Al\u00e9m da import\u00e2ncia da luta contra o trabalho an\u00e1logo \u00e0 escravid\u00e3o ou com m\u00e1s condi\u00e7\u00f5es, o Dia do Trabalho \u00e9 uma bandeira v\u00e1lida tamb\u00e9m para aflorar discuss\u00f5es de cunho modernos: a grande massa do desemprego nacional.\u00a0<\/span><\/p>\n<p><span style=\"font-weight: 400;\">No Brasil, segundo IBGE, a taxa de desocupa\u00e7\u00e3o no primeiro trimestre de 2024 ficou em 7,9%. O resultado representa uma eleva\u00e7\u00e3o de 0,5 ponto percentual em rela\u00e7\u00e3o ao trimestre encerrado em dezembro de 2023 (7,4%). <\/span><\/p>\n<p><span style=\"font-weight: 400;\">Apesar da alta, o \u00edndice do primeiro trimestre \u00e9 o menor para o per\u00edodo desde 2014, quando alcan\u00e7ou 7,2%. A taxa m\u00e9dia de desemprego em janeiro, fevereiro e mar\u00e7o ficou abaixo dos 8,8% do primeiro trimestre de 2023. Os dados fazem parte da Pesquisa Nacional por Amostra de Domic\u00edlios (Pnad).<\/span><\/p>\n<p>O rendimento m\u00e9dio do trabalhador brasileiro ficou em R$ 3.123 nos tr\u00eas primeiros meses de 2024, representando alta em rela\u00e7\u00e3o ao quarto trimestre do ano anterior (1,5%), uma diferen\u00e7a de R$ 46 a mais, quanto em rela\u00e7\u00e3o ao primeiro trimestre de 2023 (4%), com diferen\u00e7a de R$ 119.<\/p>\n<p>O levantamento do IBGE apura todas as formas de ocupa\u00e7\u00e3o, seja emprego com ou sem carteira assinada, tempor\u00e1rio e por conta pr\u00f3pria.<\/p>\n<h2 id=\"Principais_causas_do_desemprego_no_Brasil\"><b>Principais causas do desemprego no Brasil\u00a0<\/b><\/h2>\n<p><span style=\"font-weight: 400;\">N\u00e3o podemos limitar as raz\u00f5es de tanta falta de emprego em nosso pa\u00eds, mas podemos ressaltar algumas. Confira a seguir:<\/span><\/p>\n<ol>\n<li style=\"font-weight: 400;\" aria-level=\"1\"><span style=\"font-weight: 400;\"><span style=\"font-weight: 400;\">Redu\u00e7\u00e3o dr\u00e1stica de investimento em setores estrat\u00e9gicos da economia: servi\u00e7os e ind\u00fastria;<\/span><\/span><\/li>\n<li aria-level=\"1\">Redu\u00e7\u00e3o de custos devido \u00e0 crise financeira Nacional ou Mundial;<\/li>\n<li style=\"font-weight: 400;\" aria-level=\"1\"><span style=\"font-weight: 400;\">Baixa capacita\u00e7\u00e3o da popula\u00e7\u00e3o devido \u00e0 falta de acesso a uma educa\u00e7\u00e3o p\u00fablica de qualidade;<\/span><\/li>\n<li><span style=\"font-weight: 400;\"><span style=\"font-weight: 400;\">Substitui\u00e7\u00e3o de m\u00e3o de obra por m\u00e1quinas;<\/span><\/span><span style=\"font-weight: 400;\">\u00a0<\/span><\/li>\n<\/ol>\n<h2 id=\"Consequencias_da_falta_de_trabalho\"><b>Consequ\u00eancias da falta de trabalho<\/b><\/h2>\n<p><span style=\"font-weight: 400;\">Essa lacuna no mercado de trabalho traz muitas consequ\u00eancias negativas para o pa\u00eds. Pontos cru\u00e9is tanto para o \u00e2mbito social quanto econ\u00f4mico. Confira a seguir:<\/span><\/p>\n<ol>\n<li style=\"font-weight: 400;\" aria-level=\"1\"><span style=\"font-weight: 400;\"><span style=\"font-weight: 400;\">Aumento de \u00edndices de criminalidade no Brasil todo;<\/span><\/span><\/li>\n<li style=\"font-weight: 400;\" aria-level=\"1\"><span style=\"font-weight: 400;\"><span style=\"font-weight: 400;\">Eleva\u00e7\u00e3o do n\u00famero de pessoas que est\u00e3o abaixo da linha da mis\u00e9ria no pa\u00eds;<\/span><\/span><\/li>\n<li style=\"font-weight: 400;\" aria-level=\"1\"><span style=\"font-weight: 400;\"><span style=\"font-weight: 400;\">Cria\u00e7\u00e3o e intensifica\u00e7\u00e3o de subempregos e informalidade, que geralmente tem um car\u00e1ter mais explorat\u00f3rio da popula\u00e7\u00e3o;<\/span><\/span><\/li>\n<li style=\"font-weight: 400;\" aria-level=\"1\"><span style=\"font-weight: 400;\"><span style=\"font-weight: 400;\">Piora da sa\u00fade em geral dos brasileiros, com o aumento da depress\u00e3o e dos sentimentos de frustra\u00e7\u00e3o;<\/span><\/span><\/li>\n<li style=\"font-weight: 400;\" aria-level=\"1\"><span style=\"font-weight: 400;\">Diminui\u00e7\u00e3o da educa\u00e7\u00e3o e capacita\u00e7\u00e3o de jovens e profissionais<\/span><\/li>\n<\/ol>\n<p>Saiba mais: <a href=\"http:\/\/Leis%20trabalhistas%202024:%20fique%20por%20dentro%20das%20principais%20novidades\" data-wplink-url-error=\"true\" data-wpel-link=\"external\" target=\"_blank\" rel=\"noopener\">Leis trabalhistas 2024: fique por dentro das principais novidades<\/a><\/p>\n<p><span style=\"font-weight: 400;\"><\/p>\n<h2>VAGAS ABERTAS | Principais \u00e1reas contratando<\/h2>\n<p>Se voc\u00ea est\u00e1 buscando um emprego, selecione abaixo a sua \u00e1rea de interesse e confira os cargos com oportunidades abertas!<\/p>\n<div class=\"search_jobs_list\"><select class=\"select_areas\" placeholder=\"Selecione uma \u00e1rea profissional\"><option value=\"0\">Seleciona uma \u00e1rea profissional<\/option><option value=\"1\">Administra\u00e7\u00e3o<\/option><option value=\"2\">Comercial e Vendas<\/option><option value=\"3\">Com\u00e9rcio Exterior<\/option><option value=\"4\">Educa\u00e7\u00e3o<\/option><option value=\"5\">Financeira<\/option><option value=\"6\">Hotelaria e Turismo<\/option><option value=\"7\">Inform\u00e1tica<\/option><option value=\"8\">Sa\u00fade<\/option><option value=\"9\">Suprimentos<\/option><option value=\"10\">Agricultura, Pecu\u00e1ria e Veterin\u00e1ria<\/option><option value=\"11\">Artes, Arquitetura e Design<\/option><option value=\"12\">Comunica\u00e7\u00e3o \/ Marketing<\/option><option value=\"13\">Engenharia<\/option><option value=\"14\">Industrial<\/option><option value=\"15\">Jur\u00eddica<\/option><option value=\"16\">T\u00e9cnica<\/option><option value=\"17\">Telemarketing<\/option><option value=\"18\">Telecomunica\u00e7\u00f5es<\/option><option value=\"20\">Servi\u00e7os Sociais<\/option><\/select><\/div>\n<p><\/span><\/p>\n<p><span style=\"font-weight: 400;\">Achou interessante saber mais sobre o Dia do Trabalhador? Ent\u00e3o, que tal compartilhar com seus amigos nas redes sociais? Basta copiar e colar o link desse texto!\u00a0<\/span><\/p>\n<div id=\"banner_bottom\"><img data-recalc-dims=\"1\" decoding=\"async\" style=\"with:100%\" data-gtm-event-category=\"catho:lp-carreira-sucesso\" data-gtm-event-action=\"carreira-sucesso:banner-artigo\" data-gtm-event-label=\"botao:banner\" src=\"https:\/\/i0.wp.com\/s24534.pcdn.co\/carreira-sucesso\/wp-content\/uploads\/sites\/3\/2024\/02\/Banner-Acelera-Catho-970x250-1.jpeg?ssl=1\"\/><img data-recalc-dims=\"1\" decoding=\"async\" src=\"https:\/\/i0.wp.com\/s24534.pcdn.co\/carreira-sucesso\/wp-content\/uploads\/sites\/3\/2024\/02\/Banner-Acelera-Catho-970x250-1.jpeg?ssl=1\" style=\"with:100%\" data-gtm-event-category=\"catho:lp-carreira-sucesso\" data-gtm-event-action=\"carreira-sucesso:banner-artigo\" data-gtm-event-label=\"botao:banner\"\/><\/div>\n<\/p><\/div>\n<p><br \/>\n<br \/><a href=\"https:\/\/www.catho.com.br\/carreira-sucesso\/dia-trabalhador-origem\/\">Source link <\/a><\/p>\n<div class='code-block code-block-4' style='margin: 8px auto 8px 0; text-align: left; display: block; clear: both;'>\n\ud83d\udce2 Aviso Legal\n\nO site ismaelcolosi.com.br atua apenas como um canal de divulga\u00e7\u00e3o de oportunidades de emprego e n\u00e3o se responsabiliza pelo processo seletivo, contrata\u00e7\u00e3o ou qualquer outra etapa relacionada \u00e0s vagas publicadas. Todas as informa\u00e7\u00f5es s\u00e3o de responsabilidade dos anunciantes.\n\n\u26a0\ufe0f Aten\u00e7\u00e3o! Nunca pague por promessas de emprego nem compre cursos que garantam contrata\u00e7\u00e3o. Desconfie de qualquer cobran\u00e7a para participar de sele\u00e7\u00f5es.\n\n\n\n<\/div>\n<!-- CONTENT END 1 -->\n","protected":false},"excerpt":{"rendered":"<p>Todo ano no dia 1\u00ba de maio \u00e9 celebrado o Dia do Trabalhador, mas voc\u00ea sabe a origem dessa data comemorativa e a sua import\u00e2ncia?&#8230;<\/p>\n","protected":false},"author":1,"featured_media":48020,"comment_status":"open","ping_status":"open","sticky":false,"template":"","format":"standard","meta":{"_uag_custom_page_level_css":"","advanced_seo_description":"","jetpack_seo_html_title":"","jetpack_seo_noindex":false,"jetpack_post_was_ever_published":false,"_jetpack_newsletter_access":"","_jetpack_dont_email_post_to_subs":false,"_jetpack_newsletter_tier_id":0,"_jetpack_memberships_contains_paywalled_content":false,"_jetpack_memberships_contains_paid_content":false,"footnotes":"","jetpack_publicize_message":"","jetpack_publicize_feature_enabled":true,"jetpack_social_post_already_shared":true,"jetpack_social_options":{"image_generator_settings":{"template":"highway","default_image_id":0,"font":"","enabled":false},"version":2}},"categories":[1964],"tags":[],"class_list":["post-48019","post","type-post","status-publish","format-standard","has-post-thumbnail","hentry","category-carreira-e-sucesso-dicas-para-carreira"],"jetpack_publicize_connections":[],"jetpack_featured_media_url":"https:\/\/i0.wp.com\/ismaelcolosi.com.br\/wp-content\/uploads\/2024\/04\/CEO-CFO-CIO-CMO.jpg?fit=1200%2C675&ssl=1","uagb_featured_image_src":{"full":["https:\/\/i0.wp.com\/ismaelcolosi.com.br\/wp-content\/uploads\/2024\/04\/CEO-CFO-CIO-CMO.jpg?fit=1200%2C675&ssl=1",1200,675,false],"thumbnail":["https:\/\/i0.wp.com\/ismaelcolosi.com.br\/wp-content\/uploads\/2024\/04\/CEO-CFO-CIO-CMO.jpg?resize=150%2C150&ssl=1",150,150,true],"medium":["https:\/\/i0.wp.com\/ismaelcolosi.com.br\/wp-content\/uploads\/2024\/04\/CEO-CFO-CIO-CMO.jpg?fit=300%2C169&ssl=1",300,169,true],"medium_large":["https:\/\/i0.wp.com\/ismaelcolosi.com.br\/wp-content\/uploads\/2024\/04\/CEO-CFO-CIO-CMO.jpg?fit=768%2C432&ssl=1",768,432,true],"large":["https:\/\/i0.wp.com\/ismaelcolosi.com.br\/wp-content\/uploads\/2024\/04\/CEO-CFO-CIO-CMO.jpg?fit=1024%2C576&ssl=1",1024,576,true],"1536x1536":["https:\/\/i0.wp.com\/ismaelcolosi.com.br\/wp-content\/uploads\/2024\/04\/CEO-CFO-CIO-CMO.jpg?fit=1200%2C675&ssl=1",1200,675,true],"2048x2048":["https:\/\/i0.wp.com\/ismaelcolosi.com.br\/wp-content\/uploads\/2024\/04\/CEO-CFO-CIO-CMO.jpg?fit=1200%2C675&ssl=1",1200,675,true],"really-simple-thumb":["https:\/\/i0.wp.com\/ismaelcolosi.com.br\/wp-content\/uploads\/2024\/04\/CEO-CFO-CIO-CMO.jpg?resize=370%2C247&ssl=1",370,247,true]},"uagb_author_info":{"display_name":"ismaelcolosi.com.br","author_link":"https:\/\/ismaelcolosi.com.br\/index.php\/author\/vidareal-online\/"},"uagb_comment_info":0,"uagb_excerpt":"Todo ano no dia 1\u00ba de maio \u00e9 celebrado o Dia do Trabalhador, mas voc\u00ea sabe a origem dessa data comemorativa e a sua import\u00e2ncia?...","jetpack-related-posts":[{"id":48195,"url":"https:\/\/ismaelcolosi.com.br\/index.php\/2024\/05\/01\/1o-de-maio-dia-do-trabalho-origem-historia-brasil-escola\/","url_meta":{"origin":48019,"position":0},"title":"1\u00ba de maio \u2013 Dia do Trabalho: origem, hist\u00f3ria &#8211; Brasil Escola","author":"ismaelcolosi.com.br","date":"1 de May de 2024","format":false,"excerpt":"O Dia do Trabalho ou Dia do Trabalhador \u00e9 celebrado anualmente no dia 1\u00ba\u00a0de maio. Celebrada internacionalmente, essa data remete \u00e0 luta hist\u00f3rica dos trabalhadores para conquistar melhores condi\u00e7\u00f5es de trabalho. A origem da data remonta ao movimento grevista puxado por trabalhadores estadunidenses em Chicago no final do s\u00e9culo XIX.\u2026","rel":"","context":"In &quot;Not\u00edcias de Ribeir\u00e3o Preto-SP e Regi\u00e3o&quot;","block_context":{"text":"Not\u00edcias de Ribeir\u00e3o Preto-SP e Regi\u00e3o","link":"https:\/\/ismaelcolosi.com.br\/index.php\/category\/noticias-de-ribeirao-preto-sp-e-regiao-ismael-colosi\/"},"img":{"alt_text":"","src":"https:\/\/i0.wp.com\/ismaelcolosi.com.br\/wp-content\/uploads\/2024\/05\/1-manifetacao.jpg?fit=600%2C400&ssl=1&resize=350%2C200","width":350,"height":200,"srcset":"https:\/\/i0.wp.com\/ismaelcolosi.com.br\/wp-content\/uploads\/2024\/05\/1-manifetacao.jpg?fit=600%2C400&ssl=1&resize=350%2C200 1x, https:\/\/i0.wp.com\/ismaelcolosi.com.br\/wp-content\/uploads\/2024\/05\/1-manifetacao.jpg?fit=600%2C400&ssl=1&resize=525%2C300 1.5x"},"classes":[]},{"id":48190,"url":"https:\/\/ismaelcolosi.com.br\/index.php\/2024\/05\/01\/dia-do-trabalhador-1o-de-maio-calendarr\/","url_meta":{"origin":48019,"position":1},"title":"Dia do Trabalhador | 1\u00ba de Maio &#8211; Calendarr","author":"ismaelcolosi.com.br","date":"1 de May de 2024","format":false,"excerpt":"O\u00a0Dia do Trabalho\u00a0ou\u00a0Dia do Trabalhador\u00a0\u00e9 comemorado anualmente em 1\u00ba de maio\u00a0em diversos pa\u00edses do mundo.O Dia do Trabalho \u00e9 feriado nacional no Brasil, em Portugal, R\u00fassia, Fran\u00e7a, Espanha, Argentina, entre outras na\u00e7\u00f5es. A data comemora\u00a0a luta dos trabalhadores que reivindicaram melhores condi\u00e7\u00f5es trabalhistas. Gra\u00e7as \u00e0 coragem e persist\u00eancia dessas pessoas,\u2026","rel":"","context":"In &quot;Not\u00edcias de Ribeir\u00e3o Preto-SP e Regi\u00e3o&quot;","block_context":{"text":"Not\u00edcias de Ribeir\u00e3o Preto-SP e Regi\u00e3o","link":"https:\/\/ismaelcolosi.com.br\/index.php\/category\/noticias-de-ribeirao-preto-sp-e-regiao-ismael-colosi\/"},"img":{"alt_text":"","src":"https:\/\/i0.wp.com\/ismaelcolosi.com.br\/wp-content\/uploads\/2024\/05\/dia-do-trabalho.jpg?fit=400%2C300&ssl=1&resize=350%2C200","width":350,"height":200},"classes":[]},{"id":48884,"url":"https:\/\/ismaelcolosi.com.br\/index.php\/2024\/05\/07\/trabalhadores-sao-resgatados-em-condicoes-analogas-a-escravidao-no-interior-de-sp\/","url_meta":{"origin":48019,"position":2},"title":"Trabalhadores s\u00e3o resgatados em condi\u00e7\u00f5es an\u00e1logas \u00e0 escravid\u00e3o no interior de SP","author":"ismaelcolosi.com.br","date":"7 de May de 2024","format":false,"excerpt":"O MPT (Minist\u00e9rio P\u00fablico do Trabalho) e a Pol\u00edcia Militar resgataram quatorze trabalhadores em condi\u00e7\u00f5es an\u00e1logas \u00e0 escravid\u00e3o em Guar\u00e1, no interior de S\u00e3o Paulo. A opera\u00e7\u00e3o aconteceu entre os dias 30 de abril e 3 de maio. Os trabalhadores s\u00e3o oriundos dos estados do Maranh\u00e3o, Pernambuco e Piau\u00ed foram\u2026","rel":"","context":"In &quot;Not\u00edcias de Ribeir\u00e3o Preto-SP e Regi\u00e3o&quot;","block_context":{"text":"Not\u00edcias de Ribeir\u00e3o Preto-SP e Regi\u00e3o","link":"https:\/\/ismaelcolosi.com.br\/index.php\/category\/noticias-de-ribeirao-preto-sp-e-regiao-ismael-colosi\/"},"img":{"alt_text":"","src":"https:\/\/i0.wp.com\/ismaelcolosi.com.br\/wp-content\/uploads\/2024\/05\/trabalho-escravo_2024-05-07_14-23-18_jpg_2024-05-07_14-23-18.webp.webp?fit=1199%2C851&ssl=1&resize=350%2C200","width":350,"height":200,"srcset":"https:\/\/i0.wp.com\/ismaelcolosi.com.br\/wp-content\/uploads\/2024\/05\/trabalho-escravo_2024-05-07_14-23-18_jpg_2024-05-07_14-23-18.webp.webp?fit=1199%2C851&ssl=1&resize=350%2C200 1x, https:\/\/i0.wp.com\/ismaelcolosi.com.br\/wp-content\/uploads\/2024\/05\/trabalho-escravo_2024-05-07_14-23-18_jpg_2024-05-07_14-23-18.webp.webp?fit=1199%2C851&ssl=1&resize=525%2C300 1.5x, https:\/\/i0.wp.com\/ismaelcolosi.com.br\/wp-content\/uploads\/2024\/05\/trabalho-escravo_2024-05-07_14-23-18_jpg_2024-05-07_14-23-18.webp.webp?fit=1199%2C851&ssl=1&resize=700%2C400 2x, https:\/\/i0.wp.com\/ismaelcolosi.com.br\/wp-content\/uploads\/2024\/05\/trabalho-escravo_2024-05-07_14-23-18_jpg_2024-05-07_14-23-18.webp.webp?fit=1199%2C851&ssl=1&resize=1050%2C600 3x"},"classes":[]},{"id":48388,"url":"https:\/\/ismaelcolosi.com.br\/index.php\/2024\/05\/02\/ribeirao-preto-tem-feriado-prolongado-em-maio-veja-quando\/","url_meta":{"origin":48019,"position":3},"title":"Ribeir\u00e3o Preto tem feriado prolongado em maio; Veja quando","author":"ismaelcolosi.com.br","date":"2 de May de 2024","format":false,"excerpt":"O Dia do Trabalhador foi celebrado nesta quarta-feira (1\u00ba) e garantiu o descanso de diversas pessoas no primeiro dia de maio. Quem foi beneficiado deve comemorar, afinal, o pr\u00f3ximo feriado nacional s\u00f3 acontece em setembro (Independ\u00eancia do Brasil). Em Ribeir\u00e3o Preto, contudo, os trabalhadores ter\u00e3o uma folga extra no dia\u2026","rel":"","context":"In &quot;Not\u00edcias de Ribeir\u00e3o Preto-SP e Regi\u00e3o&quot;","block_context":{"text":"Not\u00edcias de Ribeir\u00e3o Preto-SP e Regi\u00e3o","link":"https:\/\/ismaelcolosi.com.br\/index.php\/category\/noticias-de-ribeirao-preto-sp-e-regiao-ismael-colosi\/"},"img":{"alt_text":"","src":"https:\/\/i0.wp.com\/ismaelcolosi.com.br\/wp-content\/uploads\/2024\/05\/feriado-prolongado.jpg?fit=1200%2C800&ssl=1&resize=350%2C200","width":350,"height":200,"srcset":"https:\/\/i0.wp.com\/ismaelcolosi.com.br\/wp-content\/uploads\/2024\/05\/feriado-prolongado.jpg?fit=1200%2C800&ssl=1&resize=350%2C200 1x, https:\/\/i0.wp.com\/ismaelcolosi.com.br\/wp-content\/uploads\/2024\/05\/feriado-prolongado.jpg?fit=1200%2C800&ssl=1&resize=525%2C300 1.5x, https:\/\/i0.wp.com\/ismaelcolosi.com.br\/wp-content\/uploads\/2024\/05\/feriado-prolongado.jpg?fit=1200%2C800&ssl=1&resize=700%2C400 2x, https:\/\/i0.wp.com\/ismaelcolosi.com.br\/wp-content\/uploads\/2024\/05\/feriado-prolongado.jpg?fit=1200%2C800&ssl=1&resize=1050%2C600 3x"},"classes":[]},{"id":48803,"url":"https:\/\/ismaelcolosi.com.br\/index.php\/2024\/05\/06\/morre-trabalhador-atingido-por-barra-de-ferro-durante-agrishow-em-ribeirao-preto\/","url_meta":{"origin":48019,"position":4},"title":"Morre trabalhador atingido por barra de ferro durante Agrishow em Ribeir\u00e3o Preto","author":"ismaelcolosi.com.br","date":"6 de May de 2024","format":false,"excerpt":"Morreu o trabalhador que foi v\u00edtima de um acidente a\u00e9reo envolvendo um helic\u00f3ptero particular durante a Agrishow, em Ribeir\u00e3o Preto. A informa\u00e7\u00e3o foi confirmada pela organiza\u00e7\u00e3o da feira. M\u00e1rcio Sabino Silva tinha 27 anos e teria sido atingido na cabe\u00e7a por uma barra de ferro que caiu de uma tenda,\u2026","rel":"","context":"In &quot;Not\u00edcias de Ribeir\u00e3o Preto-SP e Regi\u00e3o&quot;","block_context":{"text":"Not\u00edcias de Ribeir\u00e3o Preto-SP e Regi\u00e3o","link":"https:\/\/ismaelcolosi.com.br\/index.php\/category\/noticias-de-ribeirao-preto-sp-e-regiao-ismael-colosi\/"},"img":{"alt_text":"","src":"https:\/\/i0.wp.com\/ismaelcolosi.com.br\/wp-content\/uploads\/2024\/05\/WhatsApp-Image-2024-05-02-at-10.12.11_2024-05-03_11-02-57_jpeg_2024-05-03_11-02-57.webp.webp?fit=1200%2C675&ssl=1&resize=350%2C200","width":350,"height":200,"srcset":"https:\/\/i0.wp.com\/ismaelcolosi.com.br\/wp-content\/uploads\/2024\/05\/WhatsApp-Image-2024-05-02-at-10.12.11_2024-05-03_11-02-57_jpeg_2024-05-03_11-02-57.webp.webp?fit=1200%2C675&ssl=1&resize=350%2C200 1x, https:\/\/i0.wp.com\/ismaelcolosi.com.br\/wp-content\/uploads\/2024\/05\/WhatsApp-Image-2024-05-02-at-10.12.11_2024-05-03_11-02-57_jpeg_2024-05-03_11-02-57.webp.webp?fit=1200%2C675&ssl=1&resize=525%2C300 1.5x, https:\/\/i0.wp.com\/ismaelcolosi.com.br\/wp-content\/uploads\/2024\/05\/WhatsApp-Image-2024-05-02-at-10.12.11_2024-05-03_11-02-57_jpeg_2024-05-03_11-02-57.webp.webp?fit=1200%2C675&ssl=1&resize=700%2C400 2x, https:\/\/i0.wp.com\/ismaelcolosi.com.br\/wp-content\/uploads\/2024\/05\/WhatsApp-Image-2024-05-02-at-10.12.11_2024-05-03_11-02-57_jpeg_2024-05-03_11-02-57.webp.webp?fit=1200%2C675&ssl=1&resize=1050%2C600 3x"},"classes":[]},{"id":35289,"url":"https:\/\/ismaelcolosi.com.br\/index.php\/2024\/02\/05\/carnaval-e-feriado-ou-nao-veja-se-o-trabalhador-tem-direito-a-folga\/","url_meta":{"origin":48019,"position":5},"title":"Carnaval \u00e9 feriado ou n\u00e3o? Veja se o trabalhador tem direito a folga","author":"ismaelcolosi.com.br","date":"5 de February de 2024","format":false,"excerpt":"O Carnaval \u00e9 a data respons\u00e1vel por colocar o Brasil em destaque em diversos lugares do mundo. No pa\u00eds, diversas pessoas aproveitam para realizar uma viagem em fam\u00edlia ou ent\u00e3o para curtir os dias na folia. No entanto, o que muita gente n\u00e3o sabe \u00e9 que oficialmente, a data n\u00e3o\u2026","rel":"","context":"In &quot;Not\u00edcias de Ribeir\u00e3o Preto-SP e Regi\u00e3o&quot;","block_context":{"text":"Not\u00edcias de Ribeir\u00e3o Preto-SP e Regi\u00e3o","link":"https:\/\/ismaelcolosi.com.br\/index.php\/category\/noticias-de-ribeirao-preto-sp-e-regiao-ismael-colosi\/"},"img":{"alt_text":"","src":"https:\/\/i0.wp.com\/ismaelcolosi.com.br\/wp-content\/uploads\/2024\/02\/carnaval_de_1200x675_09102021094726.jpg?fit=1200%2C675&ssl=1&resize=350%2C200","width":350,"height":200,"srcset":"https:\/\/i0.wp.com\/ismaelcolosi.com.br\/wp-content\/uploads\/2024\/02\/carnaval_de_1200x675_09102021094726.jpg?fit=1200%2C675&ssl=1&resize=350%2C200 1x, https:\/\/i0.wp.com\/ismaelcolosi.com.br\/wp-content\/uploads\/2024\/02\/carnaval_de_1200x675_09102021094726.jpg?fit=1200%2C675&ssl=1&resize=525%2C300 1.5x, https:\/\/i0.wp.com\/ismaelcolosi.com.br\/wp-content\/uploads\/2024\/02\/carnaval_de_1200x675_09102021094726.jpg?fit=1200%2C675&ssl=1&resize=700%2C400 2x, https:\/\/i0.wp.com\/ismaelcolosi.com.br\/wp-content\/uploads\/2024\/02\/carnaval_de_1200x675_09102021094726.jpg?fit=1200%2C675&ssl=1&resize=1050%2C600 3x"},"classes":[]}],"jetpack_sharing_enabled":true,"jetpack_shortlink":"https:\/\/wp.me\/pfMlyK-cuv","_links":{"self":[{"href":"https:\/\/ismaelcolosi.com.br\/index.php\/wp-json\/wp\/v2\/posts\/48019","targetHints":{"allow":["GET"]}}],"collection":[{"href":"https:\/\/ismaelcolosi.com.br\/index.php\/wp-json\/wp\/v2\/posts"}],"about":[{"href":"https:\/\/ismaelcolosi.com.br\/index.php\/wp-json\/wp\/v2\/types\/post"}],"author":[{"embeddable":true,"href":"https:\/\/ismaelcolosi.com.br\/index.php\/wp-json\/wp\/v2\/users\/1"}],"replies":[{"embeddable":true,"href":"https:\/\/ismaelcolosi.com.br\/index.php\/wp-json\/wp\/v2\/comments?post=48019"}],"version-history":[{"count":0,"href":"https:\/\/ismaelcolosi.com.br\/index.php\/wp-json\/wp\/v2\/posts\/48019\/revisions"}],"wp:featuredmedia":[{"embeddable":true,"href":"https:\/\/ismaelcolosi.com.br\/index.php\/wp-json\/wp\/v2\/media\/48020"}],"wp:attachment":[{"href":"https:\/\/ismaelcolosi.com.br\/index.php\/wp-json\/wp\/v2\/media?parent=48019"}],"wp:term":[{"taxonomy":"category","embeddable":true,"href":"https:\/\/ismaelcolosi.com.br\/index.php\/wp-json\/wp\/v2\/categories?post=48019"},{"taxonomy":"post_tag","embeddable":true,"href":"https:\/\/ismaelcolosi.com.br\/index.php\/wp-json\/wp\/v2\/tags?post=48019"}],"curies":[{"name":"wp","href":"https:\/\/api.w.org\/{rel}","templated":true}]}}