{"id":48017,"date":"2024-04-30T11:35:57","date_gmt":"2024-04-30T14:35:57","guid":{"rendered":"https:\/\/ismaelcolosi.com.br\/index.php\/2024\/04\/30\/avioes-helicopteros-drones-e-carro-voador-invadem-a-agrishow\/"},"modified":"2024-04-30T11:35:57","modified_gmt":"2024-04-30T14:35:57","slug":"avioes-helicopteros-drones-e-carro-voador-invadem-a-agrishow","status":"publish","type":"post","link":"https:\/\/ismaelcolosi.com.br\/index.php\/2024\/04\/30\/avioes-helicopteros-drones-e-carro-voador-invadem-a-agrishow\/","title":{"rendered":"Avi\u00f5es, helic\u00f3pteros, drones e carro-voador &#8216;invadem&#8217; a Agrishow"},"content":{"rendered":"<p> <br \/>\n<\/p>\n<div>\n<p>Al\u00e9m dos tratores super tecnol\u00f3gicos destaques da<strong> Agrishow<\/strong>, que come\u00e7ou em <strong>Ribeir\u00e3o Preto<\/strong> na \u00faltima segunda-feira (29), o c\u00e9u tamb\u00e9m est\u00e1 bem representado com<strong> avi\u00f5es<\/strong>, <strong>helic\u00f3pteros<\/strong>,<strong> drones<\/strong> e at\u00e9 <strong>carro-voador<\/strong>.<\/p>\n<p>Os passeios panor\u00e2micos de helic\u00f3ptero na Agrishow j\u00e1 s\u00e3o tradicionais na feira e acontecem durante todo o evento \u2013 que segue at\u00e9 sexta-feira (3). O voo panor\u00e2mico custa R$ 250 por pessoa e leva at\u00e9 tr\u00eas passageiros para o passeio que tem dura\u00e7\u00e3o de cinco minutos.<\/p>\n<h4 class=\"wp-block-heading\"><strong>Avi\u00f5es<\/strong><\/h4>\n<p>Al\u00e9m dos helic\u00f3pteros, os avi\u00f5es tamb\u00e9m est\u00e3o presentes na<strong> Agrishow<\/strong>. A Embraer conta com aeronaves na feira, voltadas para avia\u00e7\u00e3o agr\u00edcola com o<strong> EMB-203 Ipanema<\/strong>. <mark style=\"background-color:#fcb900\" class=\"has-inline-color has-black-color\">O Ipanema \u00e9 a \u00fanica aeronave certificada e produzida para voar com biocombust\u00edvel, como etanol.<\/mark><\/p>\n<p>A empresa anunciou que vai realizar testes para avaliar os aspectos t\u00e9cnicos necess\u00e1rios para melhorar a efici\u00eancia da pulveriza\u00e7\u00e3o.<\/p>\n<h4 class=\"wp-block-heading\"><strong>Drones<\/strong><\/h4>\n<p>Os drones tamb\u00e9m est\u00e3o presentes na <strong>Agrishow<\/strong>. Durante a feira foi lan\u00e7ada o sistema SPAD 150, que permite a dosagem de insumos a partir do comando de voz. O equipamento foi desenvolvido pela Xmobots, de <strong>S\u00e3o Carlos<\/strong>.<\/p>\n<p><mark style=\"background-color:#fcb900\" class=\"has-inline-color has-black-color\">O equipamento pode ser transportado para o campo e conta com \u00e1rea de pouso e decolagem elevada com \u00e1rea de 30 metros quadrados.<\/mark> Al\u00e9m disso, o equipamento conta com ilumina\u00e7\u00e3o para opera\u00e7\u00e3o noturna e espa\u00e7o para banheiro e cozinha.<\/p>\n<h4 class=\"wp-block-heading\"><strong>Carro-voador<\/strong><\/h4>\n<p>Presente nos desenhos animados futuristas, os carros-voadores tamb\u00e9m est\u00e3o na<strong> Agrishow<\/strong>. Em um dos expositores da feira \u00e9 poss\u00edvel conhecer e-VTOL 216-S da fabricante chinesa EHang.<\/p>\n<p>O carro-voador transporta at\u00e9 duas pessoas, al\u00e9m da bagagem de m\u00e3o, com capacidade de carga \u00fatil de 220 kg e alcance de 30 quil\u00f4metros. O ve\u00edculo opera com 12 baterias independentes e 16 motores.<\/p>\n<p>O piloto n\u00e3o voa dentro do carro-voador, j\u00e1 que o e-VTOL \u00e9 pilotado remotamente, por meio de um sistema inteligente de comando.<\/p>\n<p>SAIBA MAIS<br \/>1\u00ba de maio: Veja o hor\u00e1rio dos shoppings e com\u00e9rcio de rua no feriado em Ribeir\u00e3o<\/p>\n<h4 class=\"wp-block-heading\"><strong>FIQUE ON<\/strong><\/h4>\n<p>Fique ligado em tudo que acontece em Ribeir\u00e3o Preto e regi\u00e3o. Siga os perfis do<strong> acidade on<\/strong> no <a href=\"https:\/\/www.instagram.com\/acidadeonribeirao\" target=\"_blank\" rel=\"noreferrer noopener nofollow\">Instagram <\/a>e no <a href=\"https:\/\/www.facebook.com\/acidadeonribeirao\" target=\"_blank\" rel=\"noreferrer noopener nofollow\">Facebook<\/a>.<\/p>\n<p>Receba not\u00edcias do <strong>acidade on<\/strong> no WhatsApp. <a href=\"https:\/\/chat.whatsapp.com\/GFH9HUMUTHNFJdnyEd0xxq\" target=\"_blank\" rel=\"noreferrer noopener nofollow\">Para entrar no grupo, basta clicar aqui.<\/a><\/p>\n<p>Fa\u00e7a uma den\u00fancia ou sugira uma reportagem sobre Ribeir\u00e3o Preto e regi\u00e3o pelo WhatsApp: 16 99117 7802.<\/p>\n<p>VEJA TAMB\u00c9M<br \/>1\u00ba de maio \u00e9 feriado ou ponto facultativo?<\/p>\n<p><!-- AI CONTENT END 1 -->\n<\/div>\n<p><script async src=\"\/\/www.instagram.com\/embed.js\"><\/script><br \/>\n<br \/><br \/>\n<br \/><a href=\"https:\/\/www.acidadeon.com\/ribeiraopreto\/agrishow\/avioes-helicopteros-drones-e-carro-voador-invadem-a-agrishow\/\">Source link <\/a><\/p>\n<div class='code-block code-block-4' style='margin: 8px auto 8px 0; text-align: left; display: block; clear: both;'>\n\ud83d\udce2 Aviso Legal\n\nO site ismaelcolosi.com.br atua apenas como um canal de divulga\u00e7\u00e3o de oportunidades de emprego e n\u00e3o se responsabiliza pelo processo seletivo, contrata\u00e7\u00e3o ou qualquer outra etapa relacionada \u00e0s vagas publicadas. Todas as informa\u00e7\u00f5es s\u00e3o de responsabilidade dos anunciantes.\n\n\u26a0\ufe0f Aten\u00e7\u00e3o! Nunca pague por promessas de emprego nem compre cursos que garantam contrata\u00e7\u00e3o. Desconfie de qualquer cobran\u00e7a para participar de sele\u00e7\u00f5es.\n\n\n\n<\/div>\n<!-- CONTENT END 1 -->\n","protected":false},"excerpt":{"rendered":"<p>Al\u00e9m dos tratores super tecnol\u00f3gicos destaques da Agrishow, que come\u00e7ou em Ribeir\u00e3o Preto na \u00faltima segunda-feira (29), o c\u00e9u tamb\u00e9m est\u00e1 bem representado com avi\u00f5es,&#8230;<\/p>\n","protected":false},"author":1,"featured_media":48018,"comment_status":"open","ping_status":"open","sticky":false,"template":"","format":"standard","meta":{"_uag_custom_page_level_css":"","advanced_seo_description":"","jetpack_seo_html_title":"","jetpack_seo_noindex":false,"jetpack_post_was_ever_published":false,"_jetpack_newsletter_access":"","_jetpack_dont_email_post_to_subs":false,"_jetpack_newsletter_tier_id":0,"_jetpack_memberships_contains_paywalled_content":false,"_jetpack_memberships_contains_paid_content":false,"footnotes":"","jetpack_publicize_message":"","jetpack_publicize_feature_enabled":true,"jetpack_social_post_already_shared":true,"jetpack_social_options":{"image_generator_settings":{"template":"highway","default_image_id":0,"font":"","enabled":false},"version":2}},"categories":[11],"tags":[],"class_list":["post-48017","post","type-post","status-publish","format-standard","has-post-thumbnail","hentry","category-noticias-de-ribeirao-preto-sp-e-regiao-ismael-colosi"],"jetpack_publicize_connections":[],"jetpack_featured_media_url":"https:\/\/i0.wp.com\/ismaelcolosi.com.br\/wp-content\/uploads\/2024\/04\/AnyConv.com__aviao-drone-carro-voador-agrishow.webp.webp?fit=1600%2C900&ssl=1","uagb_featured_image_src":{"full":["https:\/\/i0.wp.com\/ismaelcolosi.com.br\/wp-content\/uploads\/2024\/04\/AnyConv.com__aviao-drone-carro-voador-agrishow.webp.webp?fit=1600%2C900&ssl=1",1600,900,false],"thumbnail":["https:\/\/i0.wp.com\/ismaelcolosi.com.br\/wp-content\/uploads\/2024\/04\/AnyConv.com__aviao-drone-carro-voador-agrishow.webp.webp?resize=150%2C150&ssl=1",150,150,true],"medium":["https:\/\/i0.wp.com\/ismaelcolosi.com.br\/wp-content\/uploads\/2024\/04\/AnyConv.com__aviao-drone-carro-voador-agrishow.webp.webp?fit=300%2C169&ssl=1",300,169,true],"medium_large":["https:\/\/i0.wp.com\/ismaelcolosi.com.br\/wp-content\/uploads\/2024\/04\/AnyConv.com__aviao-drone-carro-voador-agrishow.webp.webp?fit=768%2C432&ssl=1",768,432,true],"large":["https:\/\/i0.wp.com\/ismaelcolosi.com.br\/wp-content\/uploads\/2024\/04\/AnyConv.com__aviao-drone-carro-voador-agrishow.webp.webp?fit=1024%2C576&ssl=1",1024,576,true],"1536x1536":["https:\/\/i0.wp.com\/ismaelcolosi.com.br\/wp-content\/uploads\/2024\/04\/AnyConv.com__aviao-drone-carro-voador-agrishow.webp.webp?fit=1536%2C864&ssl=1",1536,864,true],"2048x2048":["https:\/\/i0.wp.com\/ismaelcolosi.com.br\/wp-content\/uploads\/2024\/04\/AnyConv.com__aviao-drone-carro-voador-agrishow.webp.webp?fit=1600%2C900&ssl=1",1600,900,true],"really-simple-thumb":["https:\/\/i0.wp.com\/ismaelcolosi.com.br\/wp-content\/uploads\/2024\/04\/AnyConv.com__aviao-drone-carro-voador-agrishow.webp.webp?resize=370%2C247&ssl=1",370,247,true]},"uagb_author_info":{"display_name":"ismaelcolosi.com.br","author_link":"https:\/\/ismaelcolosi.com.br\/index.php\/author\/vidareal-online\/"},"uagb_comment_info":0,"uagb_excerpt":"Al\u00e9m dos tratores super tecnol\u00f3gicos destaques da Agrishow, que come\u00e7ou em Ribeir\u00e3o Preto na \u00faltima segunda-feira (29), o c\u00e9u tamb\u00e9m est\u00e1 bem representado com avi\u00f5es,...","jetpack-related-posts":[{"id":48302,"url":"https:\/\/ismaelcolosi.com.br\/index.php\/2024\/05\/02\/equipes-de-socorro-sao-mobilizadas-em-area-com-helicopteros-na-agrishow-em-ribeirao\/","url_meta":{"origin":48017,"position":0},"title":"Equipes de socorro s\u00e3o mobilizadas em \u00e1rea com helic\u00f3pteros na Agrishow em Ribeir\u00e3o","author":"ismaelcolosi.com.br","date":"2 de May de 2024","format":false,"excerpt":"Equipes de socorro foram mobilizadas na manh\u00e3 desta quinta-feira (2) em uma \u00e1rea pr\u00f3xima ao heliponto da Agrishow, em Ribeir\u00e3o Preto. H\u00e1 pessoas sendo atendidas no local e uma lona que cobre um estande foi parcialmente removida. A assessoria da feira, contudo, disse que est\u00e1 apurando as informa\u00e7\u00f5es para emitir\u2026","rel":"","context":"In &quot;Not\u00edcias de Ribeir\u00e3o Preto-SP e Regi\u00e3o&quot;","block_context":{"text":"Not\u00edcias de Ribeir\u00e3o Preto-SP e Regi\u00e3o","link":"https:\/\/ismaelcolosi.com.br\/index.php\/category\/noticias-de-ribeirao-preto-sp-e-regiao-ismael-colosi\/"},"img":{"alt_text":"","src":"https:\/\/i0.wp.com\/ismaelcolosi.com.br\/wp-content\/uploads\/2024\/05\/WhatsApp-Image-2024-05-02-at-09.33.31_2024-05-02_12-40-27_jpeg_2024-05-02_12-40-27.webp.webp?fit=1200%2C675&ssl=1&resize=350%2C200","width":350,"height":200,"srcset":"https:\/\/i0.wp.com\/ismaelcolosi.com.br\/wp-content\/uploads\/2024\/05\/WhatsApp-Image-2024-05-02-at-09.33.31_2024-05-02_12-40-27_jpeg_2024-05-02_12-40-27.webp.webp?fit=1200%2C675&ssl=1&resize=350%2C200 1x, https:\/\/i0.wp.com\/ismaelcolosi.com.br\/wp-content\/uploads\/2024\/05\/WhatsApp-Image-2024-05-02-at-09.33.31_2024-05-02_12-40-27_jpeg_2024-05-02_12-40-27.webp.webp?fit=1200%2C675&ssl=1&resize=525%2C300 1.5x, https:\/\/i0.wp.com\/ismaelcolosi.com.br\/wp-content\/uploads\/2024\/05\/WhatsApp-Image-2024-05-02-at-09.33.31_2024-05-02_12-40-27_jpeg_2024-05-02_12-40-27.webp.webp?fit=1200%2C675&ssl=1&resize=700%2C400 2x, https:\/\/i0.wp.com\/ismaelcolosi.com.br\/wp-content\/uploads\/2024\/05\/WhatsApp-Image-2024-05-02-at-09.33.31_2024-05-02_12-40-27_jpeg_2024-05-02_12-40-27.webp.webp?fit=1200%2C675&ssl=1&resize=1050%2C600 3x"},"classes":[]},{"id":48043,"url":"https:\/\/ismaelcolosi.com.br\/index.php\/2024\/04\/30\/entenda-por-que-o-classico-come-fogo-sera-disputado-com-torcida-unica\/","url_meta":{"origin":48017,"position":1},"title":"Entenda por que o cl\u00e1ssico Come-Fogo ser\u00e1 disputado com torcida \u00fanica","author":"ismaelcolosi.com.br","date":"30 de April de 2024","format":false,"excerpt":"Os cl\u00e1ssicos Come-Fogo, que voltar\u00e3o a ser realizados em 2024, durante a Copa Paulista, ser\u00e3o disputados com torcida \u00fanica. A medida foi publicada na semana passada pela FPF (Federa\u00e7\u00e3o Paulista de Futebol). A norma j\u00e1 foi v\u00e1lida para o Come-Fogo sub-20, disputado no \u00faltimo s\u00e1bado (27), no est\u00e1dio Palma Travassos,\u2026","rel":"","context":"In &quot;Not\u00edcias de Ribeir\u00e3o Preto-SP e Regi\u00e3o&quot;","block_context":{"text":"Not\u00edcias de Ribeir\u00e3o Preto-SP e Regi\u00e3o","link":"https:\/\/ismaelcolosi.com.br\/index.php\/category\/noticias-de-ribeirao-preto-sp-e-regiao-ismael-colosi\/"},"img":{"alt_text":"","src":"https:\/\/i0.wp.com\/ismaelcolosi.com.br\/wp-content\/uploads\/2024\/04\/come-fogo.webp.webp?fit=979%2C648&ssl=1&resize=350%2C200","width":350,"height":200,"srcset":"https:\/\/i0.wp.com\/ismaelcolosi.com.br\/wp-content\/uploads\/2024\/04\/come-fogo.webp.webp?fit=979%2C648&ssl=1&resize=350%2C200 1x, https:\/\/i0.wp.com\/ismaelcolosi.com.br\/wp-content\/uploads\/2024\/04\/come-fogo.webp.webp?fit=979%2C648&ssl=1&resize=525%2C300 1.5x, https:\/\/i0.wp.com\/ismaelcolosi.com.br\/wp-content\/uploads\/2024\/04\/come-fogo.webp.webp?fit=979%2C648&ssl=1&resize=700%2C400 2x"},"classes":[]},{"id":68489,"url":"https:\/\/ismaelcolosi.com.br\/index.php\/2024\/09\/30\/cinco-avioes-e-dois-helicopteros-sao-utilizados-em-combate-a-incendio-no-interior-de-sp\/","url_meta":{"origin":48017,"position":2},"title":"Cinco avi\u00f5es e dois helic\u00f3pteros s\u00e3o utilizados em combate a inc\u00eandio no interior de SP","author":"ismaelcolosi.com.br","date":"30 de September de 2024","format":false,"excerpt":"Segue nesta segunda-feira (30) o combate ao inc\u00eandio que atinge a Reserva Jata\u00ed, em Luiz Ant\u00f4nio, no interior de S\u00e3o Paulo. O inc\u00eandio atinge o local desde a semana passada e, por conta disso, foi necess\u00e1rio refor\u00e7o no efetivo a\u00e9reo para o combate \u00e0s chamas. De acordo com a Defesa\u2026","rel":"","context":"In &quot;Not\u00edcias de Ribeir\u00e3o Preto-SP e Regi\u00e3o&quot;","block_context":{"text":"Not\u00edcias de Ribeir\u00e3o Preto-SP e Regi\u00e3o","link":"https:\/\/ismaelcolosi.com.br\/index.php\/category\/noticias-de-ribeirao-preto-sp-e-regiao-ismael-colosi\/"},"img":{"alt_text":"","src":"https:\/\/i0.wp.com\/ismaelcolosi.com.br\/wp-content\/uploads\/2024\/09\/jatai_2024-09-30_15-12-11_jpg_2024-09-30_15-12-11.webp.webp?fit=1200%2C668&ssl=1&resize=350%2C200","width":350,"height":200,"srcset":"https:\/\/i0.wp.com\/ismaelcolosi.com.br\/wp-content\/uploads\/2024\/09\/jatai_2024-09-30_15-12-11_jpg_2024-09-30_15-12-11.webp.webp?fit=1200%2C668&ssl=1&resize=350%2C200 1x, https:\/\/i0.wp.com\/ismaelcolosi.com.br\/wp-content\/uploads\/2024\/09\/jatai_2024-09-30_15-12-11_jpg_2024-09-30_15-12-11.webp.webp?fit=1200%2C668&ssl=1&resize=525%2C300 1.5x, https:\/\/i0.wp.com\/ismaelcolosi.com.br\/wp-content\/uploads\/2024\/09\/jatai_2024-09-30_15-12-11_jpg_2024-09-30_15-12-11.webp.webp?fit=1200%2C668&ssl=1&resize=700%2C400 2x, https:\/\/i0.wp.com\/ismaelcolosi.com.br\/wp-content\/uploads\/2024\/09\/jatai_2024-09-30_15-12-11_jpg_2024-09-30_15-12-11.webp.webp?fit=1200%2C668&ssl=1&resize=1050%2C600 3x"},"classes":[]},{"id":48582,"url":"https:\/\/ismaelcolosi.com.br\/index.php\/2024\/05\/03\/o-que-falta-esclarecer-sobre-o-acidente-com-feridos-na-agrishow-em-ribeirao-preto\/","url_meta":{"origin":48017,"position":3},"title":"O que falta esclarecer sobre o acidente com feridos na Agrishow em Ribeir\u00e3o Preto","author":"ismaelcolosi.com.br","date":"3 de May de 2024","format":false,"excerpt":"*Com informa\u00e7\u00f5es da EPTV A Pol\u00edcia Civil investiga quais foram os motivos do acidente pr\u00f3ximo a regi\u00e3o do heliponto da Agrishow, que aconteceu na manh\u00e3 desta quinta-feira (2), em Ribeir\u00e3o Preto. Duas pessoas ficaram feridas ap\u00f3s a tenda de um estande desabar devido \u00e0 for\u00e7a do vento da h\u00e9lice de\u2026","rel":"","context":"In &quot;Not\u00edcias de Ribeir\u00e3o Preto-SP e Regi\u00e3o&quot;","block_context":{"text":"Not\u00edcias de Ribeir\u00e3o Preto-SP e Regi\u00e3o","link":"https:\/\/ismaelcolosi.com.br\/index.php\/category\/noticias-de-ribeirao-preto-sp-e-regiao-ismael-colosi\/"},"img":{"alt_text":"","src":"https:\/\/i0.wp.com\/ismaelcolosi.com.br\/wp-content\/uploads\/2024\/05\/Copia-de-Copia-de-TAMANHO-EXATO-PARA-FOTOS-NO-SISTEMA-NOVO-25_2024-05-03_22-53-03_png_2024-05-03_22-53-04.webp.webp?fit=1200%2C675&ssl=1&resize=350%2C200","width":350,"height":200,"srcset":"https:\/\/i0.wp.com\/ismaelcolosi.com.br\/wp-content\/uploads\/2024\/05\/Copia-de-Copia-de-TAMANHO-EXATO-PARA-FOTOS-NO-SISTEMA-NOVO-25_2024-05-03_22-53-03_png_2024-05-03_22-53-04.webp.webp?fit=1200%2C675&ssl=1&resize=350%2C200 1x, https:\/\/i0.wp.com\/ismaelcolosi.com.br\/wp-content\/uploads\/2024\/05\/Copia-de-Copia-de-TAMANHO-EXATO-PARA-FOTOS-NO-SISTEMA-NOVO-25_2024-05-03_22-53-03_png_2024-05-03_22-53-04.webp.webp?fit=1200%2C675&ssl=1&resize=525%2C300 1.5x, https:\/\/i0.wp.com\/ismaelcolosi.com.br\/wp-content\/uploads\/2024\/05\/Copia-de-Copia-de-TAMANHO-EXATO-PARA-FOTOS-NO-SISTEMA-NOVO-25_2024-05-03_22-53-03_png_2024-05-03_22-53-04.webp.webp?fit=1200%2C675&ssl=1&resize=700%2C400 2x, https:\/\/i0.wp.com\/ismaelcolosi.com.br\/wp-content\/uploads\/2024\/05\/Copia-de-Copia-de-TAMANHO-EXATO-PARA-FOTOS-NO-SISTEMA-NOVO-25_2024-05-03_22-53-03_png_2024-05-03_22-53-04.webp.webp?fit=1200%2C675&ssl=1&resize=1050%2C600 3x"},"classes":[]},{"id":36590,"url":"https:\/\/ismaelcolosi.com.br\/index.php\/2024\/02\/10\/brasil-tem-a-17a-maior-forca-aerea-do-mundo\/","url_meta":{"origin":48017,"position":4},"title":"Brasil tem a 17\u00aa maior for\u00e7a a\u00e9rea do mundo\u00a0","author":"ismaelcolosi.com.br","date":"10 de February de 2024","format":false,"excerpt":"Em meio \u00e0 pol\u00eamica opera\u00e7\u00e3o da Pol\u00edcia Federal que investiga um suposto plano visando golpe de estado no Brasil, com a participa\u00e7\u00e3o das For\u00e7as Armadas, o Global Firepower, ranking especializado em pot\u00eancias militares, analisou o arsenal de 145 pa\u00edses para classificar a lista das maiores for\u00e7as a\u00e9reas do mundo. \u00a0\u00a0Dados\u2026","rel":"","context":"In &quot;Not\u00edcias de Ribeir\u00e3o Preto-SP e Regi\u00e3o&quot;","block_context":{"text":"Not\u00edcias de Ribeir\u00e3o Preto-SP e Regi\u00e3o","link":"https:\/\/ismaelcolosi.com.br\/index.php\/category\/noticias-de-ribeirao-preto-sp-e-regiao-ismael-colosi\/"},"img":{"alt_text":"","src":"https:\/\/i0.wp.com\/ismaelcolosi.com.br\/wp-content\/uploads\/2024\/02\/AereasFAB-Gov-BR-FAB-scaled.jpg?fit=956%2C645&ssl=1&resize=350%2C200","width":350,"height":200,"srcset":"https:\/\/i0.wp.com\/ismaelcolosi.com.br\/wp-content\/uploads\/2024\/02\/AereasFAB-Gov-BR-FAB-scaled.jpg?fit=956%2C645&ssl=1&resize=350%2C200 1x, https:\/\/i0.wp.com\/ismaelcolosi.com.br\/wp-content\/uploads\/2024\/02\/AereasFAB-Gov-BR-FAB-scaled.jpg?fit=956%2C645&ssl=1&resize=525%2C300 1.5x, https:\/\/i0.wp.com\/ismaelcolosi.com.br\/wp-content\/uploads\/2024\/02\/AereasFAB-Gov-BR-FAB-scaled.jpg?fit=956%2C645&ssl=1&resize=700%2C400 2x"},"classes":[]},{"id":48321,"url":"https:\/\/ismaelcolosi.com.br\/index.php\/2024\/05\/02\/o-que-se-sabe-sobre-acidente-com-feridos-na-agrishow-em-ribeirao-preto\/","url_meta":{"origin":48017,"position":5},"title":"O que se sabe sobre acidente com feridos na Agrishow em Ribeir\u00e3o Preto","author":"ismaelcolosi.com.br","date":"2 de May de 2024","format":false,"excerpt":"Um acidente pr\u00f3ximo da \u00e1rea do heliponto da Agrishow deixou duas pessoas feridas na manh\u00e3 desta quinta-feira (2), em Ribeir\u00e3o Preto. O acidente envolveu um helic\u00f3ptero particular e uma tenda de prestador de servi\u00e7os, cuja estrutura cedeu com a for\u00e7a do vento da h\u00e9lice da aeronave. O que diz a\u2026","rel":"","context":"In &quot;Not\u00edcias de Ribeir\u00e3o Preto-SP e Regi\u00e3o&quot;","block_context":{"text":"Not\u00edcias de Ribeir\u00e3o Preto-SP e Regi\u00e3o","link":"https:\/\/ismaelcolosi.com.br\/index.php\/category\/noticias-de-ribeirao-preto-sp-e-regiao-ismael-colosi\/"},"img":{"alt_text":"","src":"https:\/\/i0.wp.com\/ismaelcolosi.com.br\/wp-content\/uploads\/2024\/05\/WhatsApp-Image-2024-05-02-at-11.09.47_2024-05-02_14-10-38_jpeg_2024-05-02_14-10-38.webp.webp?fit=1200%2C965&ssl=1&resize=350%2C200","width":350,"height":200,"srcset":"https:\/\/i0.wp.com\/ismaelcolosi.com.br\/wp-content\/uploads\/2024\/05\/WhatsApp-Image-2024-05-02-at-11.09.47_2024-05-02_14-10-38_jpeg_2024-05-02_14-10-38.webp.webp?fit=1200%2C965&ssl=1&resize=350%2C200 1x, https:\/\/i0.wp.com\/ismaelcolosi.com.br\/wp-content\/uploads\/2024\/05\/WhatsApp-Image-2024-05-02-at-11.09.47_2024-05-02_14-10-38_jpeg_2024-05-02_14-10-38.webp.webp?fit=1200%2C965&ssl=1&resize=525%2C300 1.5x, https:\/\/i0.wp.com\/ismaelcolosi.com.br\/wp-content\/uploads\/2024\/05\/WhatsApp-Image-2024-05-02-at-11.09.47_2024-05-02_14-10-38_jpeg_2024-05-02_14-10-38.webp.webp?fit=1200%2C965&ssl=1&resize=700%2C400 2x, https:\/\/i0.wp.com\/ismaelcolosi.com.br\/wp-content\/uploads\/2024\/05\/WhatsApp-Image-2024-05-02-at-11.09.47_2024-05-02_14-10-38_jpeg_2024-05-02_14-10-38.webp.webp?fit=1200%2C965&ssl=1&resize=1050%2C600 3x"},"classes":[]}],"jetpack_sharing_enabled":true,"jetpack_shortlink":"https:\/\/wp.me\/pfMlyK-cut","_links":{"self":[{"href":"https:\/\/ismaelcolosi.com.br\/index.php\/wp-json\/wp\/v2\/posts\/48017","targetHints":{"allow":["GET"]}}],"collection":[{"href":"https:\/\/ismaelcolosi.com.br\/index.php\/wp-json\/wp\/v2\/posts"}],"about":[{"href":"https:\/\/ismaelcolosi.com.br\/index.php\/wp-json\/wp\/v2\/types\/post"}],"author":[{"embeddable":true,"href":"https:\/\/ismaelcolosi.com.br\/index.php\/wp-json\/wp\/v2\/users\/1"}],"replies":[{"embeddable":true,"href":"https:\/\/ismaelcolosi.com.br\/index.php\/wp-json\/wp\/v2\/comments?post=48017"}],"version-history":[{"count":0,"href":"https:\/\/ismaelcolosi.com.br\/index.php\/wp-json\/wp\/v2\/posts\/48017\/revisions"}],"wp:featuredmedia":[{"embeddable":true,"href":"https:\/\/ismaelcolosi.com.br\/index.php\/wp-json\/wp\/v2\/media\/48018"}],"wp:attachment":[{"href":"https:\/\/ismaelcolosi.com.br\/index.php\/wp-json\/wp\/v2\/media?parent=48017"}],"wp:term":[{"taxonomy":"category","embeddable":true,"href":"https:\/\/ismaelcolosi.com.br\/index.php\/wp-json\/wp\/v2\/categories?post=48017"},{"taxonomy":"post_tag","embeddable":true,"href":"https:\/\/ismaelcolosi.com.br\/index.php\/wp-json\/wp\/v2\/tags?post=48017"}],"curies":[{"name":"wp","href":"https:\/\/api.w.org\/{rel}","templated":true}]}}