{"id":4801,"date":"2023-11-22T09:40:00","date_gmt":"2023-11-22T12:40:00","guid":{"rendered":"https:\/\/ismaelcolosi.com.br\/index.php\/2023\/11\/22\/com-inflacao-mais-baixa-comercio-pode-faturar-r-464-bi-na-black-friday\/"},"modified":"2023-11-22T09:40:00","modified_gmt":"2023-11-22T12:40:00","slug":"com-inflacao-mais-baixa-comercio-pode-faturar-r-464-bi-na-black-friday","status":"publish","type":"post","link":"https:\/\/ismaelcolosi.com.br\/index.php\/2023\/11\/22\/com-inflacao-mais-baixa-comercio-pode-faturar-r-464-bi-na-black-friday\/","title":{"rendered":"Com infla\u00e7\u00e3o mais baixa, com\u00e9rcio pode faturar R$ 4,64 bi na Black Friday"},"content":{"rendered":"<p> <br \/>\n<\/p>\n<div>\n<p>O com\u00e9rcio brasileiro est\u00e1 otimista em rela\u00e7\u00e3o \u00e0s vendas da Black Friday, na pr\u00f3xima sexta-feira (24). <strong>A estimativa da Confedera\u00e7\u00e3o Nacional do Com\u00e9rcio de Bens, Servi\u00e7os e Turismo (CNC) \u00e9 de um faturamento de R$ 4,64 bilh\u00f5es, o que significa 4,3% a mais que em 2022.<\/strong><\/p>\n<p>Se a previs\u00e3o de concretizar, ser\u00e1 o maior volume de vendas para a data, trazida para o Brasil em 2010.\u00a0<img data-recalc-dims=\"1\" decoding=\"async\" src=\"https:\/\/i0.wp.com\/agenciabrasil.ebc.com.br\/ebc.gif?ssl=1\"\/><\/p><div class='code-block code-block-8' style='margin: 8px auto; text-align: center; display: block; clear: both;'>\n<script>\n  atOptions = {\n    'key' : '66e2e2111ca34da796271819fc334058',\n    'format' : 'iframe',\n    'height' : 250,\n    'width' : 300,\n    'params' : {}\n  };\n<\/script>\n<script src=\"https:\/\/www.highperformanceformat.com\/66e2e2111ca34da796271819fc334058\/invoke.js\"><\/script>\n<\/div>\n\n<p>Um levantamento da CNC mostra que os segmentos de eletroeletr\u00f4nicos e utilidades dom\u00e9sticas (R$ 1,28 bilh\u00e3o) e de m\u00f3veis e eletrodom\u00e9sticos (R$ 1,05 bilh\u00e3o) dever\u00e3o responder por quase metade (48%) da movimenta\u00e7\u00e3o financeira prevista.<\/p>\n<p>Na sequ\u00eancia, se destacam os ramos de hiper e supermercados (R$ 1,02 bilh\u00e3o) e de vestu\u00e1rio, cal\u00e7ados e acess\u00f3rios (R$ 0,73 bilh\u00e3o).\u00a0<\/p>\n<h4 class=\"wp-block-heading\"><strong>Infla\u00e7\u00e3o<\/strong><\/h4>\n<p><strong>A desacelera\u00e7\u00e3o da infla\u00e7\u00e3o \u00e9 um dos fatores que devem impulsionar as vendas<\/strong>, segundo a CNC. No ano passado, de acordo com a pesquisa, os pre\u00e7os livres da economia acumulavam alta de 9,7%. Este ano, a varia\u00e7\u00e3o \u00e9 de 3%. \u00a0<\/p>\n<p>A valoriza\u00e7\u00e3o de 7,5% do real ante o d\u00f3lar \u00e9 outro fator positivo, pois contribuiu para estrat\u00e9gias mais agressivas de pre\u00e7os por parte dos varejistas. \u00a0<\/p>\n<p>Os\u00a0<a href=\"http:\/\/(https\/\/agenciabrasil.ebc.com.br\/economia\/noticia\/2023-11\/copom-reduz-juros-basicos-da-economia-para-1225-ao-ano\">cortes recentes na taxa b\u00e1sica de juros por parte do Banco Central<\/a>, que favorecem o cr\u00e9dito, representam outro motivador para as compras, principalmente de bens dur\u00e1veis \u2013 geladeira, televis\u00e3o e celular. \u00a0<\/p>\n<p>\u201cO in\u00edcio da flexibiliza\u00e7\u00e3o da pol\u00edtica monet\u00e1ria a partir de agosto tende a distensionar o mercado de cr\u00e9dito em um evento caracterizado por um volume de vendas relativamente maior de bens dur\u00e1veis \u2013 tradicionalmente mais dependentes das condi\u00e7\u00f5es de cr\u00e9dito\u201d, argumenta o economista da CNC, Fabio Bentes, respons\u00e1vel pelo levantamento. \u00a0<\/p>\n<h4 class=\"wp-block-heading\"><strong>Produtos\u00a0<\/strong><\/h4>\n<p>A pesquisa indicou quais produtos est\u00e3o sendo mais procurados pelos consumidores na internet nos \u00faltimos 30 dias. Na semana em que o pa\u00eds enfrenta uma onda de calor, n\u00e3o chega a ser surpresa a presen\u00e7a de aparelho de ar condicionado no topo. As buscas cresceram 177%.<\/p>\n<p>Com muita gente procurando, o efeito negativo \u00e9 que os aparelhos t\u00eam ficado mais caros nos \u00faltimos 40 dias, com alta de 2,9%. \u00a0<\/p>\n<p>Dos 10 itens monitorados pela CNC, apenas o ar-condicionado e o videogame (+7,9%) est\u00e3o apresentando pre\u00e7o maior na data que costuma ser associada a promo\u00e7\u00f5es. Na sequ\u00eancia, os bens mais procurados s\u00e3o televis\u00e3o e fog\u00e3o. Os dois t\u00eam apresentado queda nos pre\u00e7os: -1,5% e -2,7%, respectivamente.\u00a0<\/p>\n<p>Os produtos com maiores descontos m\u00e9dios s\u00e3o smartwatches (-12,4%), notebooks (-9,2%), fones de ouvido (-6,1%) e caixas de som (-5,6%). \u00a0<\/p>\n<h4 class=\"wp-block-heading\"><strong>Anos de crescimento\u00a0<\/strong><\/h4>\n<p><strong>Desde 2017 a Black Friday tem apresentado crescimento seguido no volume de vendas. <\/strong>Atualmente \u00e9 a quinta data mais favor\u00e1vel para o com\u00e9rcio, atr\u00e1s do Natal, Dia das M\u00e3es, Dia das Crian\u00e7as e Dia dos Pais. \u00a0<\/p>\n<p>A partir de 2020, o crescimento se mostrou mais intenso, por causa da intensifica\u00e7\u00e3o do com\u00e9rcio online. Al\u00e9m disso, a facilidade para consulta e a compara\u00e7\u00e3o de pre\u00e7os pela internet explicam o ganho de import\u00e2ncia da Black Friday no calend\u00e1rio nacional, segundo a CNC.\u00a0<\/p>\n<h4 class=\"wp-block-heading\"><strong>Cuidados<\/strong><\/h4>\n<p>A Funda\u00e7\u00e3o de Prote\u00e7\u00e3o e Defesa do Consumidor (Procon-SP) divulgou orienta\u00e7\u00f5es aos consumidores para uma Black Friday mais segura. Confira as principais recomenda\u00e7\u00f5es:<\/p>\n<ul>\n<li>Analisar, durante a promo\u00e7\u00e3o, as condi\u00e7\u00f5es de pagamento oferecidas, as taxas de juros cobradas e os prazos para quita\u00e7\u00e3o<\/li>\n<\/ul>\n<ul>\n<li>Ponderar se a compra de determinado item, ainda que em valor promocional, cabe no bolso e n\u00e3o ir\u00e1 comprometer o or\u00e7amento;<\/li>\n<li>Verificar se o perfil ou o site possui reclama\u00e7\u00f5es (se n\u00e3o houver coment\u00e1rios, desconfie);<\/li>\n<li>Ter cuidado com pre\u00e7os baixos demais, que podem ser uma armadilha;<\/li>\n<li>Dar prefer\u00eancia a fornecedores que informem canais de atendimento, CNPJ e endere\u00e7o f\u00edsico;<\/li>\n<li>Evitar clicar em links enviados por e-mail, WhatsApp ou mensagens, sem antes checar no canal oficial do fornecedor se aquela forma de contato est\u00e1 correta;<\/li>\n<li>Observar atentamente os dados da empresa em boletos, a titularidade de contas para dep\u00f3sito e outras informa\u00e7\u00f5es, que tamb\u00e9m ajudam o consumidor a identificar poss\u00edveis fraudes.<\/li>\n<\/ul>\n<p>VEJA TAMB\u00c9M<br \/>Iguatemi Ribeir\u00e3o Preto tem desconto de at\u00e9 80% na Black Friday 2023<\/p>\n<h4 class=\"wp-block-heading\"><strong><span style=\"background-color:#f7cc62\" class=\"td_text_highlight_marker\">FIQUE ON<\/span><\/strong><\/h4>\n<p>Fique ligado em tudo que acontece em Ribeir\u00e3o Preto e regi\u00e3o. Siga os perfis do\u00a0<strong>acidade on<\/strong>\u00a0no\u00a0<a href=\"https:\/\/www.instagram.com\/acidadeonribeirao\" target=\"_blank\" rel=\"noreferrer noopener\">Instagram\u00a0<\/a>e no<a href=\"https:\/\/www.facebook.com\/acidadeonribeirao\" target=\"_blank\" rel=\"noreferrer noopener\">\u00a0Facebook.<\/a><\/p>\n<p>Receba not\u00edcias do\u00a0<strong>acidade on\u00a0<\/strong>no WhatsApp.\u00a0<a href=\"https:\/\/chat.whatsapp.com\/Bnv2w66ZT4VDyZW3oiZ69n\" target=\"_blank\" rel=\"noreferrer noopener\">Para entrar no grupo, basta clicar aqui.<\/a><\/p>\n<p>Fa\u00e7a uma den\u00fancia ou sugira uma reportagem sobre Ribeir\u00e3o Preto e regi\u00e3o pelo WhatsApp:\u00a0<strong>(16) 99117 7802.<\/strong><\/p>\n<p><a href=\"https:\/\/www.tudoep.com\/tudo-receitas\/NOT,0,0,1868069,donut-aprenda-a-fazer-essa-popular-receita-de-uma-forma-simples.aspx\" target=\"_blank\" rel=\"noreferrer noopener\">LEIA MAIS<br \/>Donut: aprenda a fazer essa popular receita de uma forma simples<\/a><\/p>\n<p><!-- AI CONTENT END 1 -->\n<\/div>\n<p><script async src=\"\/\/www.instagram.com\/embed.js\"><\/script><br \/>\n<br \/><br \/>\n<br \/><a href=\"https:\/\/www.acidadeon.com\/ribeiraopreto\/blackfriday\/com-inflacao-mais-baixa-comercio-pode-faturar-r-464-bi-na-black-friday\/\">Source link <\/a><\/p>\n<div class='code-block code-block-4' style='margin: 8px auto 8px 0; text-align: left; display: block; clear: both;'>\n\ud83d\udce2 Aviso Legal\n\nO site ismaelcolosi.com.br atua apenas como um canal de divulga\u00e7\u00e3o de oportunidades de emprego e n\u00e3o se responsabiliza pelo processo seletivo, contrata\u00e7\u00e3o ou qualquer outra etapa relacionada \u00e0s vagas publicadas. Todas as informa\u00e7\u00f5es s\u00e3o de responsabilidade dos anunciantes.\n\n\u26a0\ufe0f Aten\u00e7\u00e3o! Nunca pague por promessas de emprego nem compre cursos que garantam contrata\u00e7\u00e3o. Desconfie de qualquer cobran\u00e7a para participar de sele\u00e7\u00f5es.\n\n\n\n<\/div>\n<!-- CONTENT END 1 -->\n","protected":false},"excerpt":{"rendered":"<p>O com\u00e9rcio brasileiro est\u00e1 otimista em rela\u00e7\u00e3o \u00e0s vendas da Black Friday, na pr\u00f3xima sexta-feira (24). A estimativa da Confedera\u00e7\u00e3o Nacional do Com\u00e9rcio de Bens,&#8230;<\/p>\n","protected":false},"author":1,"featured_media":4802,"comment_status":"open","ping_status":"open","sticky":false,"template":"","format":"standard","meta":{"_uag_custom_page_level_css":"","advanced_seo_description":"","jetpack_seo_html_title":"","jetpack_seo_noindex":false,"jetpack_post_was_ever_published":false,"_jetpack_newsletter_access":"","_jetpack_dont_email_post_to_subs":false,"_jetpack_newsletter_tier_id":0,"_jetpack_memberships_contains_paywalled_content":false,"_jetpack_memberships_contains_paid_content":false,"footnotes":"","jetpack_publicize_message":"","jetpack_publicize_feature_enabled":true,"jetpack_social_post_already_shared":true,"jetpack_social_options":{"image_generator_settings":{"template":"highway","default_image_id":0,"font":"","enabled":false},"version":2}},"categories":[11],"tags":[511,106,386,240,107,510,276,217],"class_list":["post-4801","post","type-post","status-publish","format-standard","has-post-thumbnail","hentry","category-noticias-de-ribeirao-preto-sp-e-regiao-ismael-colosi","tag-baixa","tag-black","tag-comercio","tag-faturar","tag-friday","tag-inflacao","tag-mais","tag-pode"],"jetpack_publicize_connections":[],"jetpack_featured_media_url":"https:\/\/i0.wp.com\/ismaelcolosi.com.br\/wp-content\/uploads\/2023\/11\/987001-aaa_capa_abr2245-002.webp.webp?fit=1024%2C768&ssl=1","uagb_featured_image_src":{"full":["https:\/\/i0.wp.com\/ismaelcolosi.com.br\/wp-content\/uploads\/2023\/11\/987001-aaa_capa_abr2245-002.webp.webp?fit=1024%2C768&ssl=1",1024,768,false],"thumbnail":["https:\/\/i0.wp.com\/ismaelcolosi.com.br\/wp-content\/uploads\/2023\/11\/987001-aaa_capa_abr2245-002.webp.webp?resize=150%2C150&ssl=1",150,150,true],"medium":["https:\/\/i0.wp.com\/ismaelcolosi.com.br\/wp-content\/uploads\/2023\/11\/987001-aaa_capa_abr2245-002.webp.webp?fit=300%2C225&ssl=1",300,225,true],"medium_large":["https:\/\/i0.wp.com\/ismaelcolosi.com.br\/wp-content\/uploads\/2023\/11\/987001-aaa_capa_abr2245-002.webp.webp?fit=768%2C576&ssl=1",768,576,true],"large":["https:\/\/i0.wp.com\/ismaelcolosi.com.br\/wp-content\/uploads\/2023\/11\/987001-aaa_capa_abr2245-002.webp.webp?fit=1024%2C768&ssl=1",1024,768,true],"1536x1536":["https:\/\/i0.wp.com\/ismaelcolosi.com.br\/wp-content\/uploads\/2023\/11\/987001-aaa_capa_abr2245-002.webp.webp?fit=1024%2C768&ssl=1",1024,768,true],"2048x2048":["https:\/\/i0.wp.com\/ismaelcolosi.com.br\/wp-content\/uploads\/2023\/11\/987001-aaa_capa_abr2245-002.webp.webp?fit=1024%2C768&ssl=1",1024,768,true],"really-simple-thumb":["https:\/\/i0.wp.com\/ismaelcolosi.com.br\/wp-content\/uploads\/2023\/11\/987001-aaa_capa_abr2245-002.webp.webp?resize=370%2C247&ssl=1",370,247,true]},"uagb_author_info":{"display_name":"ismaelcolosi.com.br","author_link":"https:\/\/ismaelcolosi.com.br\/index.php\/author\/vidareal-online\/"},"uagb_comment_info":0,"uagb_excerpt":"O com\u00e9rcio brasileiro est\u00e1 otimista em rela\u00e7\u00e3o \u00e0s vendas da Black Friday, na pr\u00f3xima sexta-feira (24). A estimativa da Confedera\u00e7\u00e3o Nacional do Com\u00e9rcio de Bens,...","jetpack-related-posts":[{"id":3206,"url":"https:\/\/ismaelcolosi.com.br\/index.php\/2023\/11\/17\/varejo-deve-faturar-r-464-bi-com-recorde-de-vendas-na-black-friday\/","url_meta":{"origin":4801,"position":0},"title":"Varejo deve faturar R$ 4,64 bi com recorde de vendas na Black Friday","author":"ismaelcolosi.com.br","date":"17 de November de 2023","format":false,"excerpt":"O com\u00e9rcio varejista deve faturar R$ 4,64 bilh\u00f5es na campanha de promo\u00e7\u00f5es da Black Friday deste ano, prev\u00ea a Confedera\u00e7\u00e3o Nacional do Com\u00e9rcio de Bens, Servi\u00e7os e Turismo (CNC). O resultado representa crescimento de 4,3% em rela\u00e7\u00e3o ao ano passado, j\u00e1 descontada a infla\u00e7\u00e3o no per\u00edodo. As vendas alcan\u00e7ar\u00e3o assim\u2026","rel":"","context":"In &quot;Not\u00edcias de Ribeir\u00e3o Preto-SP e Regi\u00e3o&quot;","block_context":{"text":"Not\u00edcias de Ribeir\u00e3o Preto-SP e Regi\u00e3o","link":"https:\/\/ismaelcolosi.com.br\/index.php\/category\/noticias-de-ribeirao-preto-sp-e-regiao-ismael-colosi\/"},"img":{"alt_text":"","src":"https:\/\/i0.wp.com\/ismaelcolosi.com.br\/wp-content\/uploads\/2023\/11\/credit-cards-1583534_1280.jpg?fit=1200%2C800&ssl=1&resize=350%2C200","width":350,"height":200,"srcset":"https:\/\/i0.wp.com\/ismaelcolosi.com.br\/wp-content\/uploads\/2023\/11\/credit-cards-1583534_1280.jpg?fit=1200%2C800&ssl=1&resize=350%2C200 1x, https:\/\/i0.wp.com\/ismaelcolosi.com.br\/wp-content\/uploads\/2023\/11\/credit-cards-1583534_1280.jpg?fit=1200%2C800&ssl=1&resize=525%2C300 1.5x, https:\/\/i0.wp.com\/ismaelcolosi.com.br\/wp-content\/uploads\/2023\/11\/credit-cards-1583534_1280.jpg?fit=1200%2C800&ssl=1&resize=700%2C400 2x, https:\/\/i0.wp.com\/ismaelcolosi.com.br\/wp-content\/uploads\/2023\/11\/credit-cards-1583534_1280.jpg?fit=1200%2C800&ssl=1&resize=1050%2C600 3x"},"classes":[]},{"id":42609,"url":"https:\/\/ismaelcolosi.com.br\/index.php\/2024\/03\/15\/vendas-na-pascoa-devem-ser-recorde\/","url_meta":{"origin":4801,"position":1},"title":"Vendas na P\u00e1scoa devem ser recorde\u00a0","author":"ismaelcolosi.com.br","date":"15 de March de 2024","format":false,"excerpt":"15 de mar\u00e7o de 2024 | 15:0015 de mar\u00e7o de 2024 | 11:07 0O varejo brasileiro deve alcan\u00e7ar um recorde de vendas na P\u00e1scoa deste ano. O volume vendido deve totalizar R$ 3,44 bilh\u00f5es, o que representaria um crescimento de 4,5% em rela\u00e7\u00e3o \u00e0 mesma data do ano passado, j\u00e1\u2026","rel":"","context":"In &quot;Not\u00edcias de Ribeir\u00e3o Preto-SP e Regi\u00e3o&quot;","block_context":{"text":"Not\u00edcias de Ribeir\u00e3o Preto-SP e Regi\u00e3o","link":"https:\/\/ismaelcolosi.com.br\/index.php\/category\/noticias-de-ribeirao-preto-sp-e-regiao-ismael-colosi\/"},"img":{"alt_text":"","src":"https:\/\/i0.wp.com\/ismaelcolosi.com.br\/wp-content\/uploads\/2024\/03\/Pascoa-cHO-Marcelo-Camargo-Ag.Br_-scaled.jpg?fit=1000%2C598&ssl=1&resize=350%2C200","width":350,"height":200,"srcset":"https:\/\/i0.wp.com\/ismaelcolosi.com.br\/wp-content\/uploads\/2024\/03\/Pascoa-cHO-Marcelo-Camargo-Ag.Br_-scaled.jpg?fit=1000%2C598&ssl=1&resize=350%2C200 1x, https:\/\/i0.wp.com\/ismaelcolosi.com.br\/wp-content\/uploads\/2024\/03\/Pascoa-cHO-Marcelo-Camargo-Ag.Br_-scaled.jpg?fit=1000%2C598&ssl=1&resize=525%2C300 1.5x, https:\/\/i0.wp.com\/ismaelcolosi.com.br\/wp-content\/uploads\/2024\/03\/Pascoa-cHO-Marcelo-Camargo-Ag.Br_-scaled.jpg?fit=1000%2C598&ssl=1&resize=700%2C400 2x"},"classes":[]},{"id":44510,"url":"https:\/\/ismaelcolosi.com.br\/index.php\/2024\/03\/28\/pascoa-2024-vendas-do-comercio-brasileiro-devem-ultrapassar-os-r-3-bilhoes\/","url_meta":{"origin":4801,"position":2},"title":"P\u00e1scoa 2024: vendas do com\u00e9rcio brasileiro devem ultrapassar os R$ 3 bilh\u00f5es","author":"ismaelcolosi.com.br","date":"28 de March de 2024","format":false,"excerpt":"28 de mar\u00e7o de 2024 | 9:0327 de mar\u00e7o de 2024 | 12:04 0 Dados da Confedera\u00e7\u00e3o Nacional do Com\u00e9rcio de Bens, Servi\u00e7os e Turismo (CNC), apontam para um faturamento total de R$ 3,44 bilh\u00f5es em vendas relacionadas \u00e0 P\u00e1scoa. O valor representa um crescimento de 4,5% na compara\u00e7\u00e3o com\u2026","rel":"","context":"In &quot;Not\u00edcias de Ribeir\u00e3o Preto-SP e Regi\u00e3o&quot;","block_context":{"text":"Not\u00edcias de Ribeir\u00e3o Preto-SP e Regi\u00e3o","link":"https:\/\/ismaelcolosi.com.br\/index.php\/category\/noticias-de-ribeirao-preto-sp-e-regiao-ismael-colosi\/"},"img":{"alt_text":"","src":"https:\/\/i0.wp.com\/ismaelcolosi.com.br\/wp-content\/uploads\/2024\/03\/30-1.jpg?fit=771%2C500&ssl=1&resize=350%2C200","width":350,"height":200,"srcset":"https:\/\/i0.wp.com\/ismaelcolosi.com.br\/wp-content\/uploads\/2024\/03\/30-1.jpg?fit=771%2C500&ssl=1&resize=350%2C200 1x, https:\/\/i0.wp.com\/ismaelcolosi.com.br\/wp-content\/uploads\/2024\/03\/30-1.jpg?fit=771%2C500&ssl=1&resize=525%2C300 1.5x, https:\/\/i0.wp.com\/ismaelcolosi.com.br\/wp-content\/uploads\/2024\/03\/30-1.jpg?fit=771%2C500&ssl=1&resize=700%2C400 2x"},"classes":[]},{"id":19869,"url":"https:\/\/ismaelcolosi.com.br\/index.php\/2023\/12\/23\/turismo-deve-girar-r-155-bihoes\/","url_meta":{"origin":4801,"position":3},"title":"Turismo deve girar R$ 155 bih\u00f5es","author":"ismaelcolosi.com.br","date":"23 de December de 2023","format":false,"excerpt":"O setor de turismo brasileiro deve faturar R$ 155,87 bilh\u00f5es e gerar 85 mil novos empregos tempor\u00e1rios nesta alta temporada, que se estende de novembro deste ano a fevereiro de 2024, calculou a Confedera\u00e7\u00e3o Nacional do Com\u00e9rcio de Bens, Servi\u00e7os e Turismo (CNC). Se confirmado, o volume financeiro ser\u00e1 recorde\u2026","rel":"","context":"In &quot;Not\u00edcias de Ribeir\u00e3o Preto-SP e Regi\u00e3o&quot;","block_context":{"text":"Not\u00edcias de Ribeir\u00e3o Preto-SP e Regi\u00e3o","link":"https:\/\/ismaelcolosi.com.br\/index.php\/category\/noticias-de-ribeirao-preto-sp-e-regiao-ismael-colosi\/"},"img":{"alt_text":"","src":"https:\/\/i0.wp.com\/ismaelcolosi.com.br\/wp-content\/uploads\/2023\/12\/2-Turismo-Tania-Rego-Ag.Br_.ffff_-scaled.jpg?fit=1000%2C598&ssl=1&resize=350%2C200","width":350,"height":200,"srcset":"https:\/\/i0.wp.com\/ismaelcolosi.com.br\/wp-content\/uploads\/2023\/12\/2-Turismo-Tania-Rego-Ag.Br_.ffff_-scaled.jpg?fit=1000%2C598&ssl=1&resize=350%2C200 1x, https:\/\/i0.wp.com\/ismaelcolosi.com.br\/wp-content\/uploads\/2023\/12\/2-Turismo-Tania-Rego-Ag.Br_.ffff_-scaled.jpg?fit=1000%2C598&ssl=1&resize=525%2C300 1.5x, https:\/\/i0.wp.com\/ismaelcolosi.com.br\/wp-content\/uploads\/2023\/12\/2-Turismo-Tania-Rego-Ag.Br_.ffff_-scaled.jpg?fit=1000%2C598&ssl=1&resize=700%2C400 2x"},"classes":[]},{"id":75651,"url":"https:\/\/ismaelcolosi.com.br\/index.php\/2024\/11\/07\/black-friday-2024-maioria-dos-consumidores-deve-gastar-entre-r-201-e-r-500-aponta-pesquisa\/","url_meta":{"origin":4801,"position":4},"title":"Black Friday 2024: Maioria dos Consumidores Deve Gastar entre R$ 201 e R$ 500, Aponta Pesquisa","author":"ismaelcolosi.com.br","date":"7 de November de 2024","format":false,"excerpt":"A Black Friday 2024 promete movimentar o com\u00e9rcio nacional, mas com um perfil de consumo mais cauteloso. De acordo com uma pesquisa recente, a maioria dos brasileiros planeja gastar entre R$ 201 e R$ 500 nas promo\u00e7\u00f5es deste ano. A estrat\u00e9gia dos consumidores reflete o cen\u00e1rio de incerteza econ\u00f4mica, com\u2026","rel":"","context":"In &quot;Not\u00edcias de Ribeir\u00e3o Preto-SP e Regi\u00e3o&quot;","block_context":{"text":"Not\u00edcias de Ribeir\u00e3o Preto-SP e Regi\u00e3o","link":"https:\/\/ismaelcolosi.com.br\/index.php\/category\/noticias-de-ribeirao-preto-sp-e-regiao-ismael-colosi\/"},"img":{"alt_text":"","src":"https:\/\/i0.wp.com\/ismaelcolosi.com.br\/wp-content\/uploads\/2024\/11\/black_friday_11_0.webp.webp?fit=1170%2C700&ssl=1&resize=350%2C200","width":350,"height":200,"srcset":"https:\/\/i0.wp.com\/ismaelcolosi.com.br\/wp-content\/uploads\/2024\/11\/black_friday_11_0.webp.webp?fit=1170%2C700&ssl=1&resize=350%2C200 1x, https:\/\/i0.wp.com\/ismaelcolosi.com.br\/wp-content\/uploads\/2024\/11\/black_friday_11_0.webp.webp?fit=1170%2C700&ssl=1&resize=525%2C300 1.5x, https:\/\/i0.wp.com\/ismaelcolosi.com.br\/wp-content\/uploads\/2024\/11\/black_friday_11_0.webp.webp?fit=1170%2C700&ssl=1&resize=700%2C400 2x, https:\/\/i0.wp.com\/ismaelcolosi.com.br\/wp-content\/uploads\/2024\/11\/black_friday_11_0.webp.webp?fit=1170%2C700&ssl=1&resize=1050%2C600 3x"},"classes":[]},{"id":44606,"url":"https:\/\/ismaelcolosi.com.br\/index.php\/2024\/03\/28\/comercio-espera-alta-de-ate-6-nas-vendas-na-pascoa\/","url_meta":{"origin":4801,"position":5},"title":"Com\u00e9rcio espera alta\u00a0de at\u00e9 6% nas vendas na P\u00e1scoa","author":"ismaelcolosi.com.br","date":"28 de March de 2024","format":false,"excerpt":"28 de mar\u00e7o de 2024 | 18:0028 de mar\u00e7o de 2024 | 12:42 0 O com\u00e9rcio varejista de Ribeir\u00e3o Preto projeta crescimento m\u00e9dio de 4% a 6% nas vendas da P\u00e1scoa deste ano em rela\u00e7\u00e3o ao mesmo per\u00edodo de 2023. Com base em n\u00fameros da Confedera\u00e7\u00e3o Nacional de Dirigentes Lojistas\u2026","rel":"","context":"In &quot;Not\u00edcias de Ribeir\u00e3o Preto-SP e Regi\u00e3o&quot;","block_context":{"text":"Not\u00edcias de Ribeir\u00e3o Preto-SP e Regi\u00e3o","link":"https:\/\/ismaelcolosi.com.br\/index.php\/category\/noticias-de-ribeirao-preto-sp-e-regiao-ismael-colosi\/"},"img":{"alt_text":"","src":"https:\/\/i0.wp.com\/ismaelcolosi.com.br\/wp-content\/uploads\/2024\/03\/PascoaRP-Marcelo-Camargo-Ag.Br_.-01-scaled.jpg?fit=750%2C500&ssl=1&resize=350%2C200","width":350,"height":200,"srcset":"https:\/\/i0.wp.com\/ismaelcolosi.com.br\/wp-content\/uploads\/2024\/03\/PascoaRP-Marcelo-Camargo-Ag.Br_.-01-scaled.jpg?fit=750%2C500&ssl=1&resize=350%2C200 1x, https:\/\/i0.wp.com\/ismaelcolosi.com.br\/wp-content\/uploads\/2024\/03\/PascoaRP-Marcelo-Camargo-Ag.Br_.-01-scaled.jpg?fit=750%2C500&ssl=1&resize=525%2C300 1.5x, https:\/\/i0.wp.com\/ismaelcolosi.com.br\/wp-content\/uploads\/2024\/03\/PascoaRP-Marcelo-Camargo-Ag.Br_.-01-scaled.jpg?fit=750%2C500&ssl=1&resize=700%2C400 2x"},"classes":[]}],"jetpack_sharing_enabled":true,"jetpack_shortlink":"https:\/\/wp.me\/pfMlyK-1fr","_links":{"self":[{"href":"https:\/\/ismaelcolosi.com.br\/index.php\/wp-json\/wp\/v2\/posts\/4801","targetHints":{"allow":["GET"]}}],"collection":[{"href":"https:\/\/ismaelcolosi.com.br\/index.php\/wp-json\/wp\/v2\/posts"}],"about":[{"href":"https:\/\/ismaelcolosi.com.br\/index.php\/wp-json\/wp\/v2\/types\/post"}],"author":[{"embeddable":true,"href":"https:\/\/ismaelcolosi.com.br\/index.php\/wp-json\/wp\/v2\/users\/1"}],"replies":[{"embeddable":true,"href":"https:\/\/ismaelcolosi.com.br\/index.php\/wp-json\/wp\/v2\/comments?post=4801"}],"version-history":[{"count":0,"href":"https:\/\/ismaelcolosi.com.br\/index.php\/wp-json\/wp\/v2\/posts\/4801\/revisions"}],"wp:featuredmedia":[{"embeddable":true,"href":"https:\/\/ismaelcolosi.com.br\/index.php\/wp-json\/wp\/v2\/media\/4802"}],"wp:attachment":[{"href":"https:\/\/ismaelcolosi.com.br\/index.php\/wp-json\/wp\/v2\/media?parent=4801"}],"wp:term":[{"taxonomy":"category","embeddable":true,"href":"https:\/\/ismaelcolosi.com.br\/index.php\/wp-json\/wp\/v2\/categories?post=4801"},{"taxonomy":"post_tag","embeddable":true,"href":"https:\/\/ismaelcolosi.com.br\/index.php\/wp-json\/wp\/v2\/tags?post=4801"}],"curies":[{"name":"wp","href":"https:\/\/api.w.org\/{rel}","templated":true}]}}