{"id":48005,"date":"2024-04-30T10:33:55","date_gmt":"2024-04-30T13:33:55","guid":{"rendered":"https:\/\/ismaelcolosi.com.br\/index.php\/2024\/04\/30\/retorno-do-trabalho-presencial-beneficiara-fundos-imobiliarios-em-2024\/"},"modified":"2024-04-30T10:33:55","modified_gmt":"2024-04-30T13:33:55","slug":"retorno-do-trabalho-presencial-beneficiara-fundos-imobiliarios-em-2024","status":"publish","type":"post","link":"https:\/\/ismaelcolosi.com.br\/index.php\/2024\/04\/30\/retorno-do-trabalho-presencial-beneficiara-fundos-imobiliarios-em-2024\/","title":{"rendered":"Retorno do trabalho presencial beneficiar\u00e1 fundos imobili\u00e1rios em 2024"},"content":{"rendered":"<p> <br \/>\n<\/p>\n<div>\n<div id=\"attachment_608478\" class=\"wp-caption alignnone style=\" max-width:=\"\"><img data-recalc-dims=\"1\" fetchpriority=\"high\" decoding=\"async\" class=\"alignnone wp-image-608478 size-medium\" src=\"https:\/\/i0.wp.com\/forbes.com.br\/wp-content\/uploads\/2024\/04\/predio-768x511.jpg?resize=678%2C451&#038;ssl=1\" http:=\"\" alt=\"Getty Images\" width=\"678\" height=\"451\" data-lazy-src=\"https:\/\/forbes.com.br\/wp-content\/uploads\/2024\/04\/predio-768x511.jpg\"\/><img data-recalc-dims=\"1\" fetchpriority=\"high\" decoding=\"async\" class=\"alignnone wp-image-608478 size-medium\" src=\"https:\/\/i0.wp.com\/forbes.com.br\/wp-content\/uploads\/2024\/04\/predio-768x511.jpg?resize=678%2C451&#038;ssl=1\" alt=\"Getty Images\" width=\"678\" height=\"451\"\/><\/p>\n<p>Getty Images<\/p>\n<p class=\"wp-caption-text\">No in\u00edcio deste m\u00eas, o IFIX, indicador do desempenho m\u00e9dio dos FIIs, atingiu o recorde de 3,4 mil pontos<\/p>\n<\/div>\n<p>Os pr\u00f3ximos oito meses apresentam boas oportunidades para os investidores que buscam diversifica\u00e7\u00e3o e renda passiva por meio dos Fundos Imobili\u00e1rios (FIIs). Especialistas afirmam que o atual cen\u00e1rio de redu\u00e7\u00e3o da taxa b\u00e1sica de juros e a retomada do trabalho presencial est\u00e3o impulsionando esses ativos, que podem se valorizar ainda mais.<\/p>\n<ul>\n<li>\n<h3>Siga o canal da <a href=\"https:\/\/whatsapp.com\/channel\/0029Va9gQKwBFLgM96cJnu0u\" target=\"_blank\" rel=\"noopener\">Forbes<\/a> e de <a href=\"https:\/\/whatsapp.com\/channel\/0029VaAZk57JuyA9F4UwQc2I\" target=\"_blank\" rel=\"noopener\">Forbes Money<\/a> no WhatsApp e receba as principais not\u00edcias sobre neg\u00f3cios, carreira, tecnologia e estilo de vida<\/h3>\n<\/li>\n<\/ul>\n<p>Na pr\u00e1tica, os FIIs t\u00eam uma rela\u00e7\u00e3o inversa com os juros, ou seja, quando estes caem, os ativos tendem a subir. Atualmente, a Selic est\u00e1 em 10,75% ao ano (a.a.), mas economistas consultados pelo Banco Central preveem que, at\u00e9 o final de 2024, a taxa fique em torno de 9,50%. Al\u00e9m disso, os escrit\u00f3rios est\u00e3o retomando suas atividades com capacidade total de funcion\u00e1rios, aumentando a demanda por espa\u00e7os bem estruturados.<\/p>\n<p><strong>Leia tamb\u00e9m:\u00a0<\/strong><\/p>\n<p>\u201cO mercado de FIIs \u00e9 visto com otimismo, especialmente para fundos focados em lajes corporativas e localiza\u00e7\u00f5es estrat\u00e9gicas nas maiores cidades brasileiras\u201d, afirma Gabrielle Vieira, especialista da FHE Ventures. \u201cCom o retorno gradual ao trabalho presencial, h\u00e1 uma demanda crescente por espa\u00e7os de qualidade, o que potencializa a performance desses fundos\u201d.<\/p>\n<p>Danilo Bastos, analista de FIIs da Ticker Research, acrescenta que a vac\u00e2ncia observada durante a pandemia est\u00e1 diminuindo, e o pre\u00e7o dos alugu\u00e9is est\u00e1 aumentando. \u201cEsse cen\u00e1rio j\u00e1 est\u00e1 refletindo na distribui\u00e7\u00e3o de dividendos\u201d.<\/p>\n<p>No in\u00edcio deste m\u00eas, o IFIX, indicador do desempenho m\u00e9dio dos FIIs, atingiu o recorde de 3,4 mil pontos. Apenas nos primeiros quatro meses do ano, o \u00edndice valorizou 1,8%, em compara\u00e7\u00e3o com a queda de 4% do Ibovespa, principal \u00edndice da bolsa de valores.<\/p>\n<p>\u201cAtualmente, os FIIs est\u00e3o em uma situa\u00e7\u00e3o melhor do que as a\u00e7\u00f5es negociadas na bolsa brasileira, e a expectativa de retorno tamb\u00e9m \u00e9 melhor para a classe de ativos imobili\u00e1rios\u201d, afirma Rodrigo Cohen, analista da Escola de Investimentos.<\/p>\n<p>Para aqueles que desejam investir em FIIs, os especialistas recomendam quatro ativos. Eles tamb\u00e9m destacam a import\u00e2ncia do investimento de m\u00e9dio e longo prazo, dando o tempo necess\u00e1rio para que os fundos possam performar.<\/p>\n<h3>Veja quatro FIIs para investir:<\/h3>\n<ul>\n<li><strong>PVBI11:<\/strong> \u201cUm fundo que investe em im\u00f3veis comerciais de alto padr\u00e3o, particularmente em regi\u00f5es de grande demanda como S\u00e3o Paulo, o que o torna atraente para investidores buscando renda de aluguel est\u00e1vel\u201d, diz Gabrielle Vieira, especialista da FHE Ventures.<\/li>\n<li><strong>TGAR11:<\/strong>\u201cO fundo det\u00e9m participa\u00e7\u00e3o em 159 empreendimentos, sendo 115 loteamentos, 38 incorpora\u00e7\u00f5es, 4 multipropriedades, 1 shopping e 1 im\u00f3vel para renda. O FII tem como objetivo proporcionar rendimento aos cotistas mediante distribui\u00e7\u00e3o de lucros e valoriza\u00e7\u00e3o das cotas\u201d, informa o relat\u00f3rio de FIIs do BB Investimentos.<\/li>\n<li><strong>BRCR11:<\/strong>\u201cEste fundo \u00e9 frequentemente recomendado por suas propriedades de alto padr\u00e3o em localiza\u00e7\u00f5es corporativas estrat\u00e9gicas, apresentando uma gest\u00e3o ativa que busca agregar valor e maximizar rendimentos\u201d, diz Vieira.<\/li>\n<li><strong>HGRE11:\u201d<\/strong>O fundo possui 17 ativos espalhados do Rio de Janeiro ao Rio Grande do Sul, somando 186 mil m\u00b2 de \u00e1rea bruta loc\u00e1vel com 32 locat\u00e1rios e prazo m\u00e9dio de 4,1 anos. Ele tem como objetivo a aquisi\u00e7\u00e3o de ativos corporativos voltados para a renda\u201d, informa o relat\u00f3rio da Genial.<\/li>\n<\/ul>\n<\/div>\n<p><script type=\"rocketlazyloadscript\">\n\t\t\t\t(function(d, s, id){\n\t\t\t\t\tvar js, fjs = d.getElementsByTagName(s)[0];\n\t\t\t\t\tif (d.getElementById(id)) return;\n\t\t\t\t\tjs = d.createElement(s); js.id = id;\n\t\t\t\t\tjs.src = \"\/\/connect.facebook.net\/pt_BR\/sdk.js#xfbml=1&version=v2.9\";\n\t\t\t\t\tfjs.parentNode.insertBefore(js, fjs);\n\t\t\t\t}(document, 'script', 'facebook-jssdk'));\n\t\t\t<\/script><br \/>\n<br \/><br \/>\n<br \/><a href=\"https:\/\/forbes.com.br\/forbes-money\/2024\/04\/investimento-em-fiis-tem-futuro-promissor-em-2024\/\">Source link <\/a><\/p>\n<div class='code-block code-block-4' style='margin: 8px auto 8px 0; text-align: left; display: block; clear: both;'>\n\ud83d\udce2 Aviso Legal\n\nO site ismaelcolosi.com.br atua apenas como um canal de divulga\u00e7\u00e3o de oportunidades de emprego e n\u00e3o se responsabiliza pelo processo seletivo, contrata\u00e7\u00e3o ou qualquer outra etapa relacionada \u00e0s vagas publicadas. Todas as informa\u00e7\u00f5es s\u00e3o de responsabilidade dos anunciantes.\n\n\u26a0\ufe0f Aten\u00e7\u00e3o! Nunca pague por promessas de emprego nem compre cursos que garantam contrata\u00e7\u00e3o. Desconfie de qualquer cobran\u00e7a para participar de sele\u00e7\u00f5es.\n\n\n\n<\/div>\n<!-- CONTENT END 1 -->\n","protected":false},"excerpt":{"rendered":"<p>Getty Images No in\u00edcio deste m\u00eas, o IFIX, indicador do desempenho m\u00e9dio dos FIIs, atingiu o recorde de 3,4 mil pontos Os pr\u00f3ximos oito meses&#8230;<\/p>\n","protected":false},"author":1,"featured_media":48006,"comment_status":"open","ping_status":"open","sticky":false,"template":"","format":"standard","meta":{"_uag_custom_page_level_css":"","advanced_seo_description":"","jetpack_seo_html_title":"","jetpack_seo_noindex":false,"jetpack_post_was_ever_published":false,"_jetpack_newsletter_access":"","_jetpack_dont_email_post_to_subs":false,"_jetpack_newsletter_tier_id":0,"_jetpack_memberships_contains_paywalled_content":false,"_jetpack_memberships_contains_paid_content":false,"footnotes":"","jetpack_publicize_message":"","jetpack_publicize_feature_enabled":true,"jetpack_social_post_already_shared":true,"jetpack_social_options":{"image_generator_settings":{"template":"highway","default_image_id":0,"font":"","enabled":false},"version":2}},"categories":[1964],"tags":[],"class_list":["post-48005","post","type-post","status-publish","format-standard","has-post-thumbnail","hentry","category-carreira-e-sucesso-dicas-para-carreira"],"jetpack_publicize_connections":[],"jetpack_featured_media_url":"https:\/\/i0.wp.com\/ismaelcolosi.com.br\/wp-content\/uploads\/2024\/04\/predio-1024x681.jpg?fit=1024%2C681&ssl=1","uagb_featured_image_src":{"full":["https:\/\/i0.wp.com\/ismaelcolosi.com.br\/wp-content\/uploads\/2024\/04\/predio-1024x681.jpg?fit=1024%2C681&ssl=1",1024,681,false],"thumbnail":["https:\/\/i0.wp.com\/ismaelcolosi.com.br\/wp-content\/uploads\/2024\/04\/predio-1024x681.jpg?resize=150%2C150&ssl=1",150,150,true],"medium":["https:\/\/i0.wp.com\/ismaelcolosi.com.br\/wp-content\/uploads\/2024\/04\/predio-1024x681.jpg?fit=300%2C200&ssl=1",300,200,true],"medium_large":["https:\/\/i0.wp.com\/ismaelcolosi.com.br\/wp-content\/uploads\/2024\/04\/predio-1024x681.jpg?fit=768%2C511&ssl=1",768,511,true],"large":["https:\/\/i0.wp.com\/ismaelcolosi.com.br\/wp-content\/uploads\/2024\/04\/predio-1024x681.jpg?fit=1024%2C681&ssl=1",1024,681,true],"1536x1536":["https:\/\/i0.wp.com\/ismaelcolosi.com.br\/wp-content\/uploads\/2024\/04\/predio-1024x681.jpg?fit=1024%2C681&ssl=1",1024,681,true],"2048x2048":["https:\/\/i0.wp.com\/ismaelcolosi.com.br\/wp-content\/uploads\/2024\/04\/predio-1024x681.jpg?fit=1024%2C681&ssl=1",1024,681,true],"really-simple-thumb":["https:\/\/i0.wp.com\/ismaelcolosi.com.br\/wp-content\/uploads\/2024\/04\/predio-1024x681.jpg?resize=370%2C247&ssl=1",370,247,true]},"uagb_author_info":{"display_name":"ismaelcolosi.com.br","author_link":"https:\/\/ismaelcolosi.com.br\/index.php\/author\/vidareal-online\/"},"uagb_comment_info":0,"uagb_excerpt":"Getty Images No in\u00edcio deste m\u00eas, o IFIX, indicador do desempenho m\u00e9dio dos FIIs, atingiu o recorde de 3,4 mil pontos Os pr\u00f3ximos oito meses...","jetpack-related-posts":[{"id":55347,"url":"https:\/\/ismaelcolosi.com.br\/index.php\/2024\/07\/02\/vagas-de-emprego-app-ribeirao-jornalismo-puplicidade-social-media-videomaker-designer-grafico-redator-entre-outras-9\/","url_meta":{"origin":48005,"position":0},"title":"Vagas de Emprego \u2013 APP Ribeir\u00e3o: Jornalismo, Puplicidade, Social Media, Videomaker, Designer Gr\u00e1fico, Redator  entre outras","author":"ismaelcolosi.com.br","date":"2 de July de 2024","format":false,"excerpt":"RH \/ depto pessoal Vers\u00e3o Br Quer fazer parte do time VBR? Preencha o formul\u00e1rio atrav\u00e9s do link: https:\/\/forms.office.com\/r\/MqtBjc2t5C mais informa\u00e7\u00f5es Produ\u00e7\u00e3o de Eventos Ag\u00e1vea A Ag\u00e1vea est\u00e1 em busca de um(a) profissional para atuar na \u00e1rea de Produ\u00e7\u00e3o de Eventos. mais informa\u00e7\u00f5es Revisor(a) Ag\u00e1vea A Ag\u00e1vea est\u00e1 em busca\u2026","rel":"","context":"In &quot;Vagas de Emprego em Ribeir\u00e3o Preto-SP&quot;","block_context":{"text":"Vagas de Emprego em Ribeir\u00e3o Preto-SP","link":"https:\/\/ismaelcolosi.com.br\/index.php\/category\/empregos-classificados-vagas-trabalho\/vagas-de-empregos-em-ribeirao-preto-regiao-brasil\/"},"img":{"alt_text":"","src":"","width":0,"height":0},"classes":[]},{"id":53497,"url":"https:\/\/ismaelcolosi.com.br\/index.php\/2024\/06\/17\/vagas-de-emprego-app-ribeirao-jornalismo-puplicidade-social-media-videomaker-designer-grafico-redator-entre-outras-8\/","url_meta":{"origin":48005,"position":1},"title":"Vagas de Emprego \u2013 APP Ribeir\u00e3o: Jornalismo, Puplicidade, Social Media, Videomaker, Designer Gr\u00e1fico, Redator  entre outras","author":"ismaelcolosi.com.br","date":"17 de June de 2024","format":false,"excerpt":"Produ\u00e7\u00e3o de Eventos Ag\u00e1vea A Ag\u00e1vea est\u00e1 em busca de um(a) profissional para atuar na \u00e1rea de Produ\u00e7\u00e3o de Eventos. mais informa\u00e7\u00f5es Revisor(a) Ag\u00e1vea A Ag\u00e1vea est\u00e1 em busca de um(a) Revisor(a) Publicit\u00e1rio(a) apaixonado(a) por palavras e com um olhar afiado para os detalhes. mais informa\u00e7\u00f5es Gestor de tr\u00e1fego pago\u2026","rel":"","context":"In &quot;Vagas de Emprego em Ribeir\u00e3o Preto-SP&quot;","block_context":{"text":"Vagas de Emprego em Ribeir\u00e3o Preto-SP","link":"https:\/\/ismaelcolosi.com.br\/index.php\/category\/empregos-classificados-vagas-trabalho\/vagas-de-empregos-em-ribeirao-preto-regiao-brasil\/"},"img":{"alt_text":"","src":"","width":0,"height":0},"classes":[]},{"id":51933,"url":"https:\/\/ismaelcolosi.com.br\/index.php\/2024\/06\/02\/vagas-de-emprego-app-ribeirao-jornalismo-puplicidade-social-media-videomaker-designer-grafico-redator-entre-outras-7\/","url_meta":{"origin":48005,"position":2},"title":"Vagas de Emprego \u2013 APP Ribeir\u00e3o: Jornalismo, Puplicidade, Social Media, Videomaker, Designer Gr\u00e1fico, Redator  entre outras","author":"ismaelcolosi.com.br","date":"2 de June de 2024","format":false,"excerpt":"Gestor de tr\u00e1fego pago Musa Criativa Com disponibilidade para trabalhar presencial, que fa\u00e7a reuni\u00f5es com clientes e seja proativo. mais informa\u00e7\u00f5es DIRETOR DE ARTE - PRESENCIAL Suave Comunica\u00e7\u00e3o Interessados dever\u00e3o enviar por email o portf\u00f3lio e curr\u00edculo com o assunto \"Vaga Dire\u00e7\u00e3o de Arte\" para gisela@suave.ppg.br. mais informa\u00e7\u00f5es Designer Junior\u2026","rel":"","context":"In &quot;Vagas de Emprego em Ribeir\u00e3o Preto-SP&quot;","block_context":{"text":"Vagas de Emprego em Ribeir\u00e3o Preto-SP","link":"https:\/\/ismaelcolosi.com.br\/index.php\/category\/empregos-classificados-vagas-trabalho\/vagas-de-empregos-em-ribeirao-preto-regiao-brasil\/"},"img":{"alt_text":"","src":"","width":0,"height":0},"classes":[]},{"id":50709,"url":"https:\/\/ismaelcolosi.com.br\/index.php\/2024\/05\/18\/vagas-de-emprego-app-ribeirao-jornalismo-puplicidade-social-media-videomaker-designer-grafico-redator-entre-outras-6\/","url_meta":{"origin":48005,"position":3},"title":"Vagas de Emprego \u2013 APP Ribeir\u00e3o: Jornalismo, Puplicidade, Social Media, Videomaker, Designer Gr\u00e1fico, Redator  entre outras","author":"ismaelcolosi.com.br","date":"18 de May de 2024","format":false,"excerpt":"Gestor de tr\u00e1fego pago Musa Criativa Com disponibilidade para trabalhar presencial, que fa\u00e7a reuni\u00f5es com clientes e seja proativo. mais informa\u00e7\u00f5es Designer Musa Criativa Procuramos por profissionais que queiram crescer junto com a ag\u00eancia, que seja proativo e muito criativo(a) e tenha disponibilidade para trabalhar presencial. mais informa\u00e7\u00f5es DIRETOR DE\u2026","rel":"","context":"In &quot;Vagas de Emprego em Ribeir\u00e3o Preto-SP&quot;","block_context":{"text":"Vagas de Emprego em Ribeir\u00e3o Preto-SP","link":"https:\/\/ismaelcolosi.com.br\/index.php\/category\/empregos-classificados-vagas-trabalho\/vagas-de-empregos-em-ribeirao-preto-regiao-brasil\/"},"img":{"alt_text":"","src":"https:\/\/i0.wp.com\/ismaelcolosi.com.br\/wp-content\/uploads\/2024\/05\/VAGA-DE-EMPREGO-URGENTE.jpg?fit=1000%2C563&ssl=1&resize=350%2C200","width":350,"height":200,"srcset":"https:\/\/i0.wp.com\/ismaelcolosi.com.br\/wp-content\/uploads\/2024\/05\/VAGA-DE-EMPREGO-URGENTE.jpg?fit=1000%2C563&ssl=1&resize=350%2C200 1x, https:\/\/i0.wp.com\/ismaelcolosi.com.br\/wp-content\/uploads\/2024\/05\/VAGA-DE-EMPREGO-URGENTE.jpg?fit=1000%2C563&ssl=1&resize=525%2C300 1.5x, https:\/\/i0.wp.com\/ismaelcolosi.com.br\/wp-content\/uploads\/2024\/05\/VAGA-DE-EMPREGO-URGENTE.jpg?fit=1000%2C563&ssl=1&resize=700%2C400 2x"},"classes":[]},{"id":83041,"url":"https:\/\/ismaelcolosi.com.br\/index.php\/2025\/02\/17\/itau-abre-161-vagas-de-emprego-tanto-remoto-quanto-presencial-para-rib-preto-veja-mais-informacoes\/","url_meta":{"origin":48005,"position":4},"title":"Ita\u00fa abre vagas de emprego tanto remoto quanto presencial para Ribeir\u00e3o Preto-SP e todo Brasil. Veja mais informa\u00e7\u00f5es","author":"Arthur Tijolo","date":"17 de February de 2025","format":false,"excerpt":"O Banco Ita\u00fa est\u00e1 com 161 vagas de emprego para trabalho home office e presencial, em diversas \u00e1reas e n\u00edveis de experi\u00eancia, distribu\u00eddas por v\u00e1rias regi\u00f5es do Brasil. Principais Vagas: Analista de Seguran\u00e7a da Informa\u00e7\u00e3o (Azure) Gerente Geral Empresas Top Business Agente de Neg\u00f3cios Empresas (vagas em todo o Brasil)\u2026","rel":"","context":"In &quot;Vagas de Emprego Remoto - Home Office&quot;","block_context":{"text":"Vagas de Emprego Remoto - Home Office","link":"https:\/\/ismaelcolosi.com.br\/index.php\/category\/empregos-classificados-vagas-trabalho\/vagas-de-empregos-em-ribeirao-preto-regiao-brasil\/vagas-de-emprego-para-trabalhar-de-casa-home-office-remoto\/"},"img":{"alt_text":"","src":"https:\/\/i0.wp.com\/ismaelcolosi.com.br\/wp-content\/uploads\/2025\/02\/workplace-team-cooperation-businesswoman-laptop-office-scaled.jpg?fit=1200%2C800&ssl=1&resize=350%2C200","width":350,"height":200,"srcset":"https:\/\/i0.wp.com\/ismaelcolosi.com.br\/wp-content\/uploads\/2025\/02\/workplace-team-cooperation-businesswoman-laptop-office-scaled.jpg?fit=1200%2C800&ssl=1&resize=350%2C200 1x, https:\/\/i0.wp.com\/ismaelcolosi.com.br\/wp-content\/uploads\/2025\/02\/workplace-team-cooperation-businesswoman-laptop-office-scaled.jpg?fit=1200%2C800&ssl=1&resize=525%2C300 1.5x, https:\/\/i0.wp.com\/ismaelcolosi.com.br\/wp-content\/uploads\/2025\/02\/workplace-team-cooperation-businesswoman-laptop-office-scaled.jpg?fit=1200%2C800&ssl=1&resize=700%2C400 2x, https:\/\/i0.wp.com\/ismaelcolosi.com.br\/wp-content\/uploads\/2025\/02\/workplace-team-cooperation-businesswoman-laptop-office-scaled.jpg?fit=1200%2C800&ssl=1&resize=1050%2C600 3x"},"classes":[]},{"id":39666,"url":"https:\/\/ismaelcolosi.com.br\/index.php\/2024\/02\/27\/vagas-de-emprego-app-ribeirao-jornalismo-puplicidade-social-media-videomaker-designer-grafico-redator-entre-outras-2\/","url_meta":{"origin":48005,"position":5},"title":"Vagas de Emprego \u2013 APP Ribeir\u00e3o: Jornalismo, Puplicidade, Social Media, Videomaker, Designer Gr\u00e1fico, Redator  entre outras","author":"ismaelcolosi.com.br","date":"27 de February de 2024","format":false,"excerpt":"Executivo de Contas S\u00eanior Friday Comunica\u00e7\u00e3o Est\u00e1 afim de ver seu trabalho pelo Brasil inteiro? Ent\u00e3o, seu lugar \u00e9 aqui! 13 anos de atua\u00e7\u00e3o e especializados no mercado imobili\u00e1rios, somamos 140 lan\u00e7amento mais informa\u00e7\u00f5es Diretor de Arte S\u00eanior Friday Comunica\u00e7\u00e3o Est\u00e1 afim de ver seu trabalho pelo Brasil inteiro? Ent\u00e3o,\u2026","rel":"","context":"In &quot;Vagas de Emprego em Ribeir\u00e3o Preto-SP&quot;","block_context":{"text":"Vagas de Emprego em Ribeir\u00e3o Preto-SP","link":"https:\/\/ismaelcolosi.com.br\/index.php\/category\/empregos-classificados-vagas-trabalho\/vagas-de-empregos-em-ribeirao-preto-regiao-brasil\/"},"img":{"alt_text":"","src":"https:\/\/i0.wp.com\/ismaelcolosi.com.br\/wp-content\/uploads\/2024\/02\/VAGA-DE-EMPREGO-URGENTE.jpg?fit=1000%2C563&ssl=1&resize=350%2C200","width":350,"height":200,"srcset":"https:\/\/i0.wp.com\/ismaelcolosi.com.br\/wp-content\/uploads\/2024\/02\/VAGA-DE-EMPREGO-URGENTE.jpg?fit=1000%2C563&ssl=1&resize=350%2C200 1x, https:\/\/i0.wp.com\/ismaelcolosi.com.br\/wp-content\/uploads\/2024\/02\/VAGA-DE-EMPREGO-URGENTE.jpg?fit=1000%2C563&ssl=1&resize=525%2C300 1.5x, https:\/\/i0.wp.com\/ismaelcolosi.com.br\/wp-content\/uploads\/2024\/02\/VAGA-DE-EMPREGO-URGENTE.jpg?fit=1000%2C563&ssl=1&resize=700%2C400 2x"},"classes":[]}],"jetpack_sharing_enabled":true,"jetpack_shortlink":"https:\/\/wp.me\/pfMlyK-cuh","_links":{"self":[{"href":"https:\/\/ismaelcolosi.com.br\/index.php\/wp-json\/wp\/v2\/posts\/48005","targetHints":{"allow":["GET"]}}],"collection":[{"href":"https:\/\/ismaelcolosi.com.br\/index.php\/wp-json\/wp\/v2\/posts"}],"about":[{"href":"https:\/\/ismaelcolosi.com.br\/index.php\/wp-json\/wp\/v2\/types\/post"}],"author":[{"embeddable":true,"href":"https:\/\/ismaelcolosi.com.br\/index.php\/wp-json\/wp\/v2\/users\/1"}],"replies":[{"embeddable":true,"href":"https:\/\/ismaelcolosi.com.br\/index.php\/wp-json\/wp\/v2\/comments?post=48005"}],"version-history":[{"count":0,"href":"https:\/\/ismaelcolosi.com.br\/index.php\/wp-json\/wp\/v2\/posts\/48005\/revisions"}],"wp:featuredmedia":[{"embeddable":true,"href":"https:\/\/ismaelcolosi.com.br\/index.php\/wp-json\/wp\/v2\/media\/48006"}],"wp:attachment":[{"href":"https:\/\/ismaelcolosi.com.br\/index.php\/wp-json\/wp\/v2\/media?parent=48005"}],"wp:term":[{"taxonomy":"category","embeddable":true,"href":"https:\/\/ismaelcolosi.com.br\/index.php\/wp-json\/wp\/v2\/categories?post=48005"},{"taxonomy":"post_tag","embeddable":true,"href":"https:\/\/ismaelcolosi.com.br\/index.php\/wp-json\/wp\/v2\/tags?post=48005"}],"curies":[{"name":"wp","href":"https:\/\/api.w.org\/{rel}","templated":true}]}}