{"id":47997,"date":"2024-04-30T09:45:34","date_gmt":"2024-04-30T12:45:34","guid":{"rendered":"https:\/\/ismaelcolosi.com.br\/index.php\/2024\/04\/30\/sisprime-do-brasil-mantem-crescimento-no-primeiro-trimestre\/"},"modified":"2024-04-30T09:45:34","modified_gmt":"2024-04-30T12:45:34","slug":"sisprime-do-brasil-mantem-crescimento-no-primeiro-trimestre","status":"publish","type":"post","link":"https:\/\/ismaelcolosi.com.br\/index.php\/2024\/04\/30\/sisprime-do-brasil-mantem-crescimento-no-primeiro-trimestre\/","title":{"rendered":"Sisprime do Brasil mant\u00e9m crescimento no primeiro trimestre"},"content":{"rendered":"<p> <br \/>\n<\/p>\n<div>\n<p>A Sisprime do Brasil iniciou o ano de 2024 a todo vapor ap\u00f3s celebrar o excelente resultado obtido no exerc\u00edcio de 2023, quando atingiu a marca de R$ 253 milh\u00f5es em Sobras. Neste ano, vem mantendo o ritmo de crescimento, ao fechar o primeiro trimestre com resultados acima da meta projetada, mesmo com um cen\u00e1rio econ\u00f4mico turbulento.\u00a0<\/p>\n<p>A cooperativa, que conta com mais de 49 mil Cooperados e cerca de R$ 8 bilh\u00f5es em recursos administrados, apresentou um resultado de R$ 67 milh\u00f5es em Sobras Brutas neste primeiro trimestre de 2024, valor 37% acima do mesmo per\u00edodo do ano anterior.\u00a0<\/p>\n<p>S\u00e3o R$ 3,3 bilh\u00f5es em Opera\u00e7\u00f5es de Cr\u00e9dito e R$ 5,9 bilh\u00f5es em Recursos Captados, que representam, respectivamente, um crescimento de 17% e 20%, com um \u00cdndice de Efici\u00eancia (Custo Operacional) de 36,8%.\u00a0<\/p>\n<figure class=\"wp-block-image size-large\"><img data-recalc-dims=\"1\" loading=\"lazy\" decoding=\"async\" width=\"1024\" height=\"683\" src=\"https:\/\/i0.wp.com\/www.acidadeon.com\/ribeiraopreto\/wp-content\/uploads\/sites\/3\/2024\/04\/2_2024-04-30_12-36-40_png-1024x683.webp?resize=1024%2C683&#038;ssl=1\" alt=\"\" class=\"wp-image-79902\" srcset=\"https:\/\/www.acidadeon.com\/ribeiraopreto\/wp-content\/uploads\/sites\/3\/2024\/04\/2_2024-04-30_12-36-40_png-1024x683.webp 1024w, https:\/\/www.acidadeon.com\/ribeiraopreto\/wp-content\/uploads\/sites\/3\/2024\/04\/2_2024-04-30_12-36-40_png-300x200.webp 300w, https:\/\/www.acidadeon.com\/ribeiraopreto\/wp-content\/uploads\/sites\/3\/2024\/04\/2_2024-04-30_12-36-40_png-768x512.webp 768w, https:\/\/www.acidadeon.com\/ribeiraopreto\/wp-content\/uploads\/sites\/3\/2024\/04\/2_2024-04-30_12-36-40_png-696x464.webp 696w, https:\/\/www.acidadeon.com\/ribeiraopreto\/wp-content\/uploads\/sites\/3\/2024\/04\/2_2024-04-30_12-36-40_png-1068x712.webp 1068w, https:\/\/www.acidadeon.com\/ribeiraopreto\/wp-content\/uploads\/sites\/3\/2024\/04\/2_2024-04-30_12-36-40_png.webp 1200w\" sizes=\"auto, (max-width: 1024px) 100vw, 1024px\"\/><figcaption class=\"wp-element-caption\">Cr\u00e9dito: Divulga\u00e7\u00e3o<\/figcaption><\/figure>\n<p>A classifica\u00e7\u00e3o de risco de cr\u00e9dito da Sisprime, realizada pela Fitch Ratings, \u00e9 de F1(bra) para pagamentos \u00e0 curto prazo e A+(bra) para pagamentos \u00e0 longo prazo, avalia\u00e7\u00e3o que reflete a consist\u00eancia do perfil de neg\u00f3cios e a alta rentabilidade da cooperativa, com baixos n\u00edveis de inadimpl\u00eancia e elevada capitaliza\u00e7\u00e3o.\u00a0<\/p>\n<blockquote class=\"wp-block-quote\">\n<p>\u201cDesde 2023, nossa cooperativa gera em m\u00e9dia mais de R$ 1 milh\u00e3o de Sobras por dia \u00fatil. Estamos entre as tr\u00eas cooperativas de cr\u00e9dito que mais distribuem Sobras por cooperado no pa\u00eds\u201d afirma o Dr. Alvaro Jabur, presidente da Sisprime do Brasil.\u00a0<\/p>\n<\/blockquote>\n<p>As perspectivas de crescimento seguem otimistas e duas novas inaugura\u00e7\u00f5es est\u00e3o previstas para o segundo trimestre, somando-se a Toledo, inaugurada em fevereiro: Guarapuava (PR) e Joinville, a primeira ag\u00eancia em Santa Catarina. Com as novas ag\u00eancias, a cooperativa chegar\u00e1 a 48 postos de atendimento.\u00a0<\/p>\n<p>Venha cooperar conosco!\u00a0<\/p>\n<p><a href=\"\\Users\\andre\\Downloads\\www.sisprimedobrasil.com.br\" target=\"_blank\" rel=\"noreferrer noopener\"><em>www.sisprimedobrasil.com.br<\/em>\u00a0<\/a><\/p>\n<p><!-- AI CONTENT END 1 -->\n<\/div>\n<p><br \/>\n<br \/><a href=\"https:\/\/www.acidadeon.com\/ribeiraopreto\/conteudo-patrocinado\/sisprime\/sisprime-do-brasil-mantem-crescimento-no-primeiro-trimestre\/\">Source link <\/a><\/p>\n<div class='code-block code-block-4' style='margin: 8px auto 8px 0; text-align: left; display: block; clear: both;'>\n\ud83d\udce2 Aviso Legal\n\nO site ismaelcolosi.com.br atua apenas como um canal de divulga\u00e7\u00e3o de oportunidades de emprego e n\u00e3o se responsabiliza pelo processo seletivo, contrata\u00e7\u00e3o ou qualquer outra etapa relacionada \u00e0s vagas publicadas. Todas as informa\u00e7\u00f5es s\u00e3o de responsabilidade dos anunciantes.\n\n\u26a0\ufe0f Aten\u00e7\u00e3o! Nunca pague por promessas de emprego nem compre cursos que garantam contrata\u00e7\u00e3o. Desconfie de qualquer cobran\u00e7a para participar de sele\u00e7\u00f5es.\n\n\n\n<\/div>\n<!-- CONTENT END 1 -->\n","protected":false},"excerpt":{"rendered":"<p>A Sisprime do Brasil iniciou o ano de 2024 a todo vapor ap\u00f3s celebrar o excelente resultado obtido no exerc\u00edcio de 2023, quando atingiu a&#8230;<\/p>\n","protected":false},"author":1,"featured_media":47998,"comment_status":"open","ping_status":"open","sticky":false,"template":"","format":"standard","meta":{"_uag_custom_page_level_css":"","advanced_seo_description":"","jetpack_seo_html_title":"","jetpack_seo_noindex":false,"jetpack_post_was_ever_published":false,"_jetpack_newsletter_access":"","_jetpack_dont_email_post_to_subs":false,"_jetpack_newsletter_tier_id":0,"_jetpack_memberships_contains_paywalled_content":false,"_jetpack_memberships_contains_paid_content":false,"footnotes":"","jetpack_publicize_message":"","jetpack_publicize_feature_enabled":true,"jetpack_social_post_already_shared":true,"jetpack_social_options":{"image_generator_settings":{"template":"highway","default_image_id":0,"font":"","enabled":false},"version":2}},"categories":[11],"tags":[],"class_list":["post-47997","post","type-post","status-publish","format-standard","has-post-thumbnail","hentry","category-noticias-de-ribeirao-preto-sp-e-regiao-ismael-colosi"],"jetpack_publicize_connections":[],"jetpack_featured_media_url":"https:\/\/i0.wp.com\/ismaelcolosi.com.br\/wp-content\/uploads\/2024\/04\/Design-sem-nome_2024-04-30_12-29-32_png.webp.webp?fit=1200%2C800&ssl=1","uagb_featured_image_src":{"full":["https:\/\/i0.wp.com\/ismaelcolosi.com.br\/wp-content\/uploads\/2024\/04\/Design-sem-nome_2024-04-30_12-29-32_png.webp.webp?fit=1200%2C800&ssl=1",1200,800,false],"thumbnail":["https:\/\/i0.wp.com\/ismaelcolosi.com.br\/wp-content\/uploads\/2024\/04\/Design-sem-nome_2024-04-30_12-29-32_png.webp.webp?resize=150%2C150&ssl=1",150,150,true],"medium":["https:\/\/i0.wp.com\/ismaelcolosi.com.br\/wp-content\/uploads\/2024\/04\/Design-sem-nome_2024-04-30_12-29-32_png.webp.webp?fit=300%2C200&ssl=1",300,200,true],"medium_large":["https:\/\/i0.wp.com\/ismaelcolosi.com.br\/wp-content\/uploads\/2024\/04\/Design-sem-nome_2024-04-30_12-29-32_png.webp.webp?fit=768%2C512&ssl=1",768,512,true],"large":["https:\/\/i0.wp.com\/ismaelcolosi.com.br\/wp-content\/uploads\/2024\/04\/Design-sem-nome_2024-04-30_12-29-32_png.webp.webp?fit=1024%2C683&ssl=1",1024,683,true],"1536x1536":["https:\/\/i0.wp.com\/ismaelcolosi.com.br\/wp-content\/uploads\/2024\/04\/Design-sem-nome_2024-04-30_12-29-32_png.webp.webp?fit=1200%2C800&ssl=1",1200,800,true],"2048x2048":["https:\/\/i0.wp.com\/ismaelcolosi.com.br\/wp-content\/uploads\/2024\/04\/Design-sem-nome_2024-04-30_12-29-32_png.webp.webp?fit=1200%2C800&ssl=1",1200,800,true],"really-simple-thumb":["https:\/\/i0.wp.com\/ismaelcolosi.com.br\/wp-content\/uploads\/2024\/04\/Design-sem-nome_2024-04-30_12-29-32_png.webp.webp?resize=370%2C247&ssl=1",370,247,true]},"uagb_author_info":{"display_name":"ismaelcolosi.com.br","author_link":"https:\/\/ismaelcolosi.com.br\/index.php\/author\/vidareal-online\/"},"uagb_comment_info":0,"uagb_excerpt":"A Sisprime do Brasil iniciou o ano de 2024 a todo vapor ap\u00f3s celebrar o excelente resultado obtido no exerc\u00edcio de 2023, quando atingiu a...","jetpack-related-posts":[{"id":54505,"url":"https:\/\/ismaelcolosi.com.br\/index.php\/2024\/06\/25\/sisprime-oferece-credito-21-mais-barato-que-a-media-de-mercado\/","url_meta":{"origin":47997,"position":0},"title":"Sisprime oferece cr\u00e9dito 21% mais barato que a m\u00e9dia de mercado","author":"ismaelcolosi.com.br","date":"25 de June de 2024","format":false,"excerpt":"O cooperativismo de cr\u00e9dito ganha cada vez mais destaque como uma for\u00e7a transformadora, capaz de desencadear impactos significativos no desenvolvimento econ\u00f4mico local por meio do fortalecimento dos neg\u00f3cios e na gera\u00e7\u00e3o de empregos. Entre as vantagens do modelo cooperativista em compara\u00e7\u00e3o com outras institui\u00e7\u00f5es do Sistema Financeiro Nacional (SFN), destaca-se\u2026","rel":"","context":"In &quot;Not\u00edcias de Ribeir\u00e3o Preto-SP e Regi\u00e3o&quot;","block_context":{"text":"Not\u00edcias de Ribeir\u00e3o Preto-SP e Regi\u00e3o","link":"https:\/\/ismaelcolosi.com.br\/index.php\/category\/noticias-de-ribeirao-preto-sp-e-regiao-ismael-colosi\/"},"img":{"alt_text":"","src":"https:\/\/i0.wp.com\/ismaelcolosi.com.br\/wp-content\/uploads\/2024\/06\/1_2024-06-25_21-15-57_png_2024-06-25_21-15-57.webp.webp?fit=1200%2C675&ssl=1&resize=350%2C200","width":350,"height":200,"srcset":"https:\/\/i0.wp.com\/ismaelcolosi.com.br\/wp-content\/uploads\/2024\/06\/1_2024-06-25_21-15-57_png_2024-06-25_21-15-57.webp.webp?fit=1200%2C675&ssl=1&resize=350%2C200 1x, https:\/\/i0.wp.com\/ismaelcolosi.com.br\/wp-content\/uploads\/2024\/06\/1_2024-06-25_21-15-57_png_2024-06-25_21-15-57.webp.webp?fit=1200%2C675&ssl=1&resize=525%2C300 1.5x, https:\/\/i0.wp.com\/ismaelcolosi.com.br\/wp-content\/uploads\/2024\/06\/1_2024-06-25_21-15-57_png_2024-06-25_21-15-57.webp.webp?fit=1200%2C675&ssl=1&resize=700%2C400 2x, https:\/\/i0.wp.com\/ismaelcolosi.com.br\/wp-content\/uploads\/2024\/06\/1_2024-06-25_21-15-57_png_2024-06-25_21-15-57.webp.webp?fit=1200%2C675&ssl=1&resize=1050%2C600 3x"},"classes":[]},{"id":57469,"url":"https:\/\/ismaelcolosi.com.br\/index.php\/2024\/07\/22\/sisprime-supera-metas-e-apresenta-resultados-do-1o-semestre\/","url_meta":{"origin":47997,"position":1},"title":"Sisprime supera metas e apresenta resultados do 1\u00ba semestre","author":"ismaelcolosi.com.br","date":"22 de July de 2024","format":false,"excerpt":"A Sisprime do Brasil, maior e mais completa cooperativa de cr\u00e9dito independente do pa\u00eds e a maior com foco na \u00e1rea da sa\u00fade, apresenta um crescimento expressivo nos resultados do 1\u00ba semestre de 2024. A cooperativa ultrapassou a marca de 50 mil cooperados e alcan\u00e7ou o total de 48 ag\u00eancias\u2026","rel":"","context":"In &quot;Not\u00edcias de Ribeir\u00e3o Preto-SP e Regi\u00e3o&quot;","block_context":{"text":"Not\u00edcias de Ribeir\u00e3o Preto-SP e Regi\u00e3o","link":"https:\/\/ismaelcolosi.com.br\/index.php\/category\/noticias-de-ribeirao-preto-sp-e-regiao-ismael-colosi\/"},"img":{"alt_text":"","src":"https:\/\/i0.wp.com\/ismaelcolosi.com.br\/wp-content\/uploads\/2024\/07\/1-67_2024-07-22_12-54-45_png_2024-07-22_12-54-45.webp.webp?fit=1200%2C800&ssl=1&resize=350%2C200","width":350,"height":200,"srcset":"https:\/\/i0.wp.com\/ismaelcolosi.com.br\/wp-content\/uploads\/2024\/07\/1-67_2024-07-22_12-54-45_png_2024-07-22_12-54-45.webp.webp?fit=1200%2C800&ssl=1&resize=350%2C200 1x, https:\/\/i0.wp.com\/ismaelcolosi.com.br\/wp-content\/uploads\/2024\/07\/1-67_2024-07-22_12-54-45_png_2024-07-22_12-54-45.webp.webp?fit=1200%2C800&ssl=1&resize=525%2C300 1.5x, https:\/\/i0.wp.com\/ismaelcolosi.com.br\/wp-content\/uploads\/2024\/07\/1-67_2024-07-22_12-54-45_png_2024-07-22_12-54-45.webp.webp?fit=1200%2C800&ssl=1&resize=700%2C400 2x, https:\/\/i0.wp.com\/ismaelcolosi.com.br\/wp-content\/uploads\/2024\/07\/1-67_2024-07-22_12-54-45_png_2024-07-22_12-54-45.webp.webp?fit=1200%2C800&ssl=1&resize=1050%2C600 3x"},"classes":[]},{"id":84993,"url":"https:\/\/ismaelcolosi.com.br\/index.php\/2025\/04\/30\/brasil-tem-desemprego-de-70-no-trimestre-ate-marco-diz-ibge\/","url_meta":{"origin":47997,"position":2},"title":"Brasil Tem Desemprego de 7,0% no Trimestre at\u00e9 Mar\u00e7o, Diz IBGE","author":"ismaelcolosi.com.br","date":"30 de April de 2025","format":false,"excerpt":"\r Getty Images\r A taxa baixa de desemprego ajuda a estimular a atividade econ\u00f4mica, mas por outro lado dificulta o controle da infla\u00e7\u00e3o\r Acessibilidade \r L\r L\r A-\r A+\r \r \u25d0\r \r \u00a0 O\u00a0Brasil\u00a0fechou o primeiro trimestre com alta da taxa de\u00a0desemprego\u00a0em rela\u00e7\u00e3o ao final do ano passado devido ao\u2026","rel":"","context":"In &quot;Carreira e Sucesso&quot;","block_context":{"text":"Carreira e Sucesso","link":"https:\/\/ismaelcolosi.com.br\/index.php\/category\/carreira-e-sucesso-dicas-para-carreira\/"},"img":{"alt_text":"","src":"https:\/\/i0.wp.com\/ismaelcolosi.com.br\/wp-content\/uploads\/2025\/04\/carreira-desemprego-1200x675.jpg?fit=1200%2C675&ssl=1&resize=350%2C200","width":350,"height":200,"srcset":"https:\/\/i0.wp.com\/ismaelcolosi.com.br\/wp-content\/uploads\/2025\/04\/carreira-desemprego-1200x675.jpg?fit=1200%2C675&ssl=1&resize=350%2C200 1x, https:\/\/i0.wp.com\/ismaelcolosi.com.br\/wp-content\/uploads\/2025\/04\/carreira-desemprego-1200x675.jpg?fit=1200%2C675&ssl=1&resize=525%2C300 1.5x, https:\/\/i0.wp.com\/ismaelcolosi.com.br\/wp-content\/uploads\/2025\/04\/carreira-desemprego-1200x675.jpg?fit=1200%2C675&ssl=1&resize=700%2C400 2x, https:\/\/i0.wp.com\/ismaelcolosi.com.br\/wp-content\/uploads\/2025\/04\/carreira-desemprego-1200x675.jpg?fit=1200%2C675&ssl=1&resize=1050%2C600 3x"},"classes":[]},{"id":86880,"url":"https:\/\/ismaelcolosi.com.br\/index.php\/2025\/07\/31\/taxa-de-desemprego-do-brasil-cai-a-58-no-2o-tri-e-vai-ao-menor-nivel-da-serie-renda-e-recorde\/","url_meta":{"origin":47997,"position":3},"title":"Taxa de Desemprego do Brasil Cai a 5,8% no 2\u00ba Tri e Vai Ao Menor N\u00edvel da S\u00e9rie; Renda \u00c9 Recorde","author":"ismaelcolosi.com.br","date":"31 de July de 2025","format":false,"excerpt":"\r RUNSTUDIO\/Getty Images\r No mesmo per\u00edodo do ano anterior, a taxa de desemprego foi de 6,9%\r Acessibilidade \r L\r L\r A-\r A+\r \r \u25d0\r \r A taxa de desemprego brasileira recuou mais do que o esperado e foi a 5,8% no segundo trimestre, marcando o resultado mais baixo na s\u00e9rie\u2026","rel":"","context":"In &quot;Carreira e Sucesso&quot;","block_context":{"text":"Carreira e Sucesso","link":"https:\/\/ismaelcolosi.com.br\/index.php\/category\/carreira-e-sucesso-dicas-para-carreira\/"},"img":{"alt_text":"","src":"https:\/\/i0.wp.com\/ismaelcolosi.com.br\/wp-content\/uploads\/2025\/07\/money-demissao-desemprego-1200x675.jpg?fit=1200%2C675&ssl=1&resize=350%2C200","width":350,"height":200,"srcset":"https:\/\/i0.wp.com\/ismaelcolosi.com.br\/wp-content\/uploads\/2025\/07\/money-demissao-desemprego-1200x675.jpg?fit=1200%2C675&ssl=1&resize=350%2C200 1x, https:\/\/i0.wp.com\/ismaelcolosi.com.br\/wp-content\/uploads\/2025\/07\/money-demissao-desemprego-1200x675.jpg?fit=1200%2C675&ssl=1&resize=525%2C300 1.5x, https:\/\/i0.wp.com\/ismaelcolosi.com.br\/wp-content\/uploads\/2025\/07\/money-demissao-desemprego-1200x675.jpg?fit=1200%2C675&ssl=1&resize=700%2C400 2x, https:\/\/i0.wp.com\/ismaelcolosi.com.br\/wp-content\/uploads\/2025\/07\/money-demissao-desemprego-1200x675.jpg?fit=1200%2C675&ssl=1&resize=1050%2C600 3x"},"classes":[]},{"id":37686,"url":"https:\/\/ismaelcolosi.com.br\/index.php\/2024\/02\/17\/rendimento-de-mulheres-em-2023-e-20-menor-que-o-dos-homens\/","url_meta":{"origin":47997,"position":4},"title":"Rendimento de mulheres em 2023 \u00e9 20% menor que o dos homens","author":"ismaelcolosi.com.br","date":"17 de February de 2024","format":false,"excerpt":"17 de fevereiro de 2024 | 17:0017 de fevereiro de 2024 | 9:03 0As trabalhadoras brasileiras tiveram no quarto trimestre de 2023 um rendimento m\u00e9dio real 20,8% menor que o dos homens. Enquanto o valor recebido por eles no trabalho principal alcan\u00e7ava R$ 3.233, o delas foi\u00a0R$ 2.562.O dado faz\u2026","rel":"","context":"In &quot;Not\u00edcias de Ribeir\u00e3o Preto-SP e Regi\u00e3o&quot;","block_context":{"text":"Not\u00edcias de Ribeir\u00e3o Preto-SP e Regi\u00e3o","link":"https:\/\/ismaelcolosi.com.br\/index.php\/category\/noticias-de-ribeirao-preto-sp-e-regiao-ismael-colosi\/"},"img":{"alt_text":"","src":"https:\/\/i0.wp.com\/ismaelcolosi.com.br\/wp-content\/uploads\/2024\/02\/desigualdade-salarial-scaled.jpg?fit=1000%2C563&ssl=1&resize=350%2C200","width":350,"height":200,"srcset":"https:\/\/i0.wp.com\/ismaelcolosi.com.br\/wp-content\/uploads\/2024\/02\/desigualdade-salarial-scaled.jpg?fit=1000%2C563&ssl=1&resize=350%2C200 1x, https:\/\/i0.wp.com\/ismaelcolosi.com.br\/wp-content\/uploads\/2024\/02\/desigualdade-salarial-scaled.jpg?fit=1000%2C563&ssl=1&resize=525%2C300 1.5x, https:\/\/i0.wp.com\/ismaelcolosi.com.br\/wp-content\/uploads\/2024\/02\/desigualdade-salarial-scaled.jpg?fit=1000%2C563&ssl=1&resize=700%2C400 2x"},"classes":[]},{"id":42556,"url":"https:\/\/ismaelcolosi.com.br\/index.php\/2024\/03\/15\/renner-tem-lucro-liquido-de-r-5269-milhoes\/","url_meta":{"origin":47997,"position":5},"title":"Renner tem lucro l\u00edquido de R$ 526,9 milh\u00f5es","author":"ismaelcolosi.com.br","date":"15 de March de 2024","format":false,"excerpt":"ReutersAs vendas da Lojas Renner no per\u00edodo ficaram em linha com as expectativas de um per\u00edodo de maior crescimento, impulsionado por datas como a Black Friday e o Natal A Lojas\u00a0Renner\u00a0registrou lucro l\u00edquido de R$ 526,9 milh\u00f5es no quarto trimestre de 2023, alta de 9,4% ano a ano, mostrou balan\u00e7o\u2026","rel":"","context":"In &quot;Carreira e Sucesso&quot;","block_context":{"text":"Carreira e Sucesso","link":"https:\/\/ismaelcolosi.com.br\/index.php\/category\/carreira-e-sucesso-dicas-para-carreira\/"},"img":{"alt_text":"","src":"https:\/\/i0.wp.com\/ismaelcolosi.com.br\/wp-content\/uploads\/2024\/03\/money-lojas-renner-1024x683.jpg?fit=1024%2C683&ssl=1&resize=350%2C200","width":350,"height":200,"srcset":"https:\/\/i0.wp.com\/ismaelcolosi.com.br\/wp-content\/uploads\/2024\/03\/money-lojas-renner-1024x683.jpg?fit=1024%2C683&ssl=1&resize=350%2C200 1x, https:\/\/i0.wp.com\/ismaelcolosi.com.br\/wp-content\/uploads\/2024\/03\/money-lojas-renner-1024x683.jpg?fit=1024%2C683&ssl=1&resize=525%2C300 1.5x, https:\/\/i0.wp.com\/ismaelcolosi.com.br\/wp-content\/uploads\/2024\/03\/money-lojas-renner-1024x683.jpg?fit=1024%2C683&ssl=1&resize=700%2C400 2x"},"classes":[]}],"jetpack_sharing_enabled":true,"jetpack_shortlink":"https:\/\/wp.me\/pfMlyK-cu9","_links":{"self":[{"href":"https:\/\/ismaelcolosi.com.br\/index.php\/wp-json\/wp\/v2\/posts\/47997","targetHints":{"allow":["GET"]}}],"collection":[{"href":"https:\/\/ismaelcolosi.com.br\/index.php\/wp-json\/wp\/v2\/posts"}],"about":[{"href":"https:\/\/ismaelcolosi.com.br\/index.php\/wp-json\/wp\/v2\/types\/post"}],"author":[{"embeddable":true,"href":"https:\/\/ismaelcolosi.com.br\/index.php\/wp-json\/wp\/v2\/users\/1"}],"replies":[{"embeddable":true,"href":"https:\/\/ismaelcolosi.com.br\/index.php\/wp-json\/wp\/v2\/comments?post=47997"}],"version-history":[{"count":0,"href":"https:\/\/ismaelcolosi.com.br\/index.php\/wp-json\/wp\/v2\/posts\/47997\/revisions"}],"wp:featuredmedia":[{"embeddable":true,"href":"https:\/\/ismaelcolosi.com.br\/index.php\/wp-json\/wp\/v2\/media\/47998"}],"wp:attachment":[{"href":"https:\/\/ismaelcolosi.com.br\/index.php\/wp-json\/wp\/v2\/media?parent=47997"}],"wp:term":[{"taxonomy":"category","embeddable":true,"href":"https:\/\/ismaelcolosi.com.br\/index.php\/wp-json\/wp\/v2\/categories?post=47997"},{"taxonomy":"post_tag","embeddable":true,"href":"https:\/\/ismaelcolosi.com.br\/index.php\/wp-json\/wp\/v2\/tags?post=47997"}],"curies":[{"name":"wp","href":"https:\/\/api.w.org\/{rel}","templated":true}]}}