{"id":47990,"date":"2024-04-30T09:00:37","date_gmt":"2024-04-30T12:00:37","guid":{"rendered":"https:\/\/ismaelcolosi.com.br\/index.php\/2024\/04\/30\/identificado-motociclista-morto-apos-batida-contra-poste-em-ribeirao-preto\/"},"modified":"2024-04-30T09:00:37","modified_gmt":"2024-04-30T12:00:37","slug":"identificado-motociclista-morto-apos-batida-contra-poste-em-ribeirao-preto","status":"publish","type":"post","link":"https:\/\/ismaelcolosi.com.br\/index.php\/2024\/04\/30\/identificado-motociclista-morto-apos-batida-contra-poste-em-ribeirao-preto\/","title":{"rendered":"Identificado motociclista morto ap\u00f3s batida contra poste em Ribeir\u00e3o Preto"},"content":{"rendered":"<p> <br \/>\n<\/p>\n<div data-td-block-uid=\"tdi_101\">\n<div class=\"tdb-block-inner td-fix-index\">\n<p><strong>A Pol\u00edcia Civil identificou o motociclista que morreu nesta segunda-feira (29), ap\u00f3s atingir um poste com a moto na avenida Maur\u00edlio Biagi, em Ribeir\u00e3o Preto.<\/strong><\/p>\n<p>Segundo o boletim de ocorr\u00eancia (BO), a <strong>v\u00edtima<\/strong>, <strong>Danilo Henrique da Silva, de 35 anos<\/strong>, atuava como <strong>motoboy<\/strong> e morreu ainda no local do <strong>acidente<\/strong>, apesar da tentativa de <strong>socorro <\/strong>pelo <strong>Samu<\/strong>. A <strong>PM (Pol\u00edcia Militar) <\/strong>tamb\u00e9m foi mobilizada.<\/p>\n<p>Ainda consta que n\u00e3o foram encontradas <strong>c\u00e2meras <\/strong>de <strong>seguran\u00e7a <\/strong>que pudessem ter registrado a batida, j\u00e1 que a colis\u00e3o ocorreu pr\u00f3ximo a um terreno baldio, nem <strong>testemunhas<\/strong>. \u00a0<\/p>\n<p>O <strong>BO <\/strong>foi registrado na <strong>CPJ (Central de Pol\u00edcia Judici\u00e1ria) Permanente<\/strong> como <strong>morte suspeita e acidental<\/strong>, al\u00e9m de <strong>choque <\/strong>para <strong>investiga\u00e7\u00e3o <\/strong>da <strong>Pol\u00edcia Civil<\/strong>.<\/p>\n<p>SAIBA MAIS<\/p>\n<p>Veja at\u00e9 quando vai a onda de calor e confira as temperaturas no interior de SP<\/p>\n<h4 class=\"wp-block-heading\"><strong>FIQUE ON<\/strong><\/h4>\n<p>Fique ligado em tudo que acontece em Ribeir\u00e3o Preto e regi\u00e3o. Siga os perfis do\u00a0<strong>acidade on\u00a0<\/strong>no\u00a0<a href=\"https:\/\/www.instagram.com\/acidadeonribeirao\" target=\"_blank\" rel=\"noreferrer noopener\">Instagram<\/a>\u00a0e no\u00a0<a href=\"https:\/\/www.facebook.com\/acidadeonribeirao\" target=\"_blank\" rel=\"noreferrer noopener\">Facebook<\/a>.<\/p>\n<p>Receba not\u00edcias do acidade on no WhatsApp. Para entrar no grupo, basta\u00a0<a href=\"https:\/\/chat.whatsapp.com\/GFH9HUMUTHNFJdnyEd0xxq\" target=\"_blank\" rel=\"noreferrer noopener\">clicar aqui<\/a>.<\/p>\n<p>Fa\u00e7a uma den\u00fancia ou sugira uma reportagem sobre Ribeir\u00e3o Preto e regi\u00e3o pelo WhatsApp: 16 99117 7802.<\/p>\n<p>VEJA TAMB\u00c9M<\/p>\n<p>Quem s\u00e3o os principais nomes brasileiros do Pop Rock?<\/p>\n<p><!-- AI CONTENT END 1 -->\n<\/div>\n<\/div>\n<p><script async src=\"\/\/www.instagram.com\/embed.js\"><\/script><br \/>\n<br \/><br \/>\n<br \/><a href=\"https:\/\/www.acidadeon.com\/ribeiraopreto\/cotidiano\/identificado-motociclista-morto-apos-batida-contra-poste-em-ribeirao-preto\/\">Source link <\/a><\/p>\n<div class='code-block code-block-4' style='margin: 8px auto 8px 0; text-align: left; display: block; clear: both;'>\n\ud83d\udce2 Aviso Legal\n\nO site ismaelcolosi.com.br atua apenas como um canal de divulga\u00e7\u00e3o de oportunidades de emprego e n\u00e3o se responsabiliza pelo processo seletivo, contrata\u00e7\u00e3o ou qualquer outra etapa relacionada \u00e0s vagas publicadas. Todas as informa\u00e7\u00f5es s\u00e3o de responsabilidade dos anunciantes.\n\n\u26a0\ufe0f Aten\u00e7\u00e3o! Nunca pague por promessas de emprego nem compre cursos que garantam contrata\u00e7\u00e3o. Desconfie de qualquer cobran\u00e7a para participar de sele\u00e7\u00f5es.\n\n\n\n<\/div>\n<!-- CONTENT END 1 -->\n","protected":false},"excerpt":{"rendered":"<p>A Pol\u00edcia Civil identificou o motociclista que morreu nesta segunda-feira (29), ap\u00f3s atingir um poste com a moto na avenida Maur\u00edlio Biagi, em Ribeir\u00e3o Preto&#8230;.<\/p>\n","protected":false},"author":1,"featured_media":47991,"comment_status":"open","ping_status":"open","sticky":false,"template":"","format":"standard","meta":{"_uag_custom_page_level_css":"","advanced_seo_description":"","jetpack_seo_html_title":"","jetpack_seo_noindex":false,"jetpack_post_was_ever_published":false,"_jetpack_newsletter_access":"","_jetpack_dont_email_post_to_subs":false,"_jetpack_newsletter_tier_id":0,"_jetpack_memberships_contains_paywalled_content":false,"_jetpack_memberships_contains_paid_content":false,"footnotes":"","jetpack_publicize_message":"","jetpack_publicize_feature_enabled":true,"jetpack_social_post_already_shared":true,"jetpack_social_options":{"image_generator_settings":{"template":"highway","default_image_id":0,"font":"","enabled":false},"version":2}},"categories":[11],"tags":[],"class_list":["post-47990","post","type-post","status-publish","format-standard","has-post-thumbnail","hentry","category-noticias-de-ribeirao-preto-sp-e-regiao-ismael-colosi"],"jetpack_publicize_connections":[],"jetpack_featured_media_url":"https:\/\/i0.wp.com\/ismaelcolosi.com.br\/wp-content\/uploads\/2024\/04\/ACIDENTE-MOTO-1_2024-04-30_11-37-51_jpg.webp.webp?fit=2000%2C1184&ssl=1","uagb_featured_image_src":{"full":["https:\/\/i0.wp.com\/ismaelcolosi.com.br\/wp-content\/uploads\/2024\/04\/ACIDENTE-MOTO-1_2024-04-30_11-37-51_jpg.webp.webp?fit=2000%2C1184&ssl=1",2000,1184,false],"thumbnail":["https:\/\/i0.wp.com\/ismaelcolosi.com.br\/wp-content\/uploads\/2024\/04\/ACIDENTE-MOTO-1_2024-04-30_11-37-51_jpg.webp.webp?resize=150%2C150&ssl=1",150,150,true],"medium":["https:\/\/i0.wp.com\/ismaelcolosi.com.br\/wp-content\/uploads\/2024\/04\/ACIDENTE-MOTO-1_2024-04-30_11-37-51_jpg.webp.webp?fit=300%2C178&ssl=1",300,178,true],"medium_large":["https:\/\/i0.wp.com\/ismaelcolosi.com.br\/wp-content\/uploads\/2024\/04\/ACIDENTE-MOTO-1_2024-04-30_11-37-51_jpg.webp.webp?fit=768%2C455&ssl=1",768,455,true],"large":["https:\/\/i0.wp.com\/ismaelcolosi.com.br\/wp-content\/uploads\/2024\/04\/ACIDENTE-MOTO-1_2024-04-30_11-37-51_jpg.webp.webp?fit=1024%2C606&ssl=1",1024,606,true],"1536x1536":["https:\/\/i0.wp.com\/ismaelcolosi.com.br\/wp-content\/uploads\/2024\/04\/ACIDENTE-MOTO-1_2024-04-30_11-37-51_jpg.webp.webp?fit=1536%2C909&ssl=1",1536,909,true],"2048x2048":["https:\/\/i0.wp.com\/ismaelcolosi.com.br\/wp-content\/uploads\/2024\/04\/ACIDENTE-MOTO-1_2024-04-30_11-37-51_jpg.webp.webp?fit=2000%2C1184&ssl=1",2000,1184,true],"really-simple-thumb":["https:\/\/i0.wp.com\/ismaelcolosi.com.br\/wp-content\/uploads\/2024\/04\/ACIDENTE-MOTO-1_2024-04-30_11-37-51_jpg.webp.webp?resize=370%2C247&ssl=1",370,247,true]},"uagb_author_info":{"display_name":"ismaelcolosi.com.br","author_link":"https:\/\/ismaelcolosi.com.br\/index.php\/author\/vidareal-online\/"},"uagb_comment_info":0,"uagb_excerpt":"A Pol\u00edcia Civil identificou o motociclista que morreu nesta segunda-feira (29), ap\u00f3s atingir um poste com a moto na avenida Maur\u00edlio Biagi, em Ribeir\u00e3o Preto....","jetpack-related-posts":[{"id":51376,"url":"https:\/\/ismaelcolosi.com.br\/index.php\/2024\/05\/27\/identificado-motociclista-morto-apos-batida-na-avenida-dom-pedro-i-em-ribeirao-preto\/","url_meta":{"origin":47990,"position":0},"title":"Identificado motociclista morto ap\u00f3s batida na avenida Dom Pedro I em Ribeir\u00e3o Preto","author":"ismaelcolosi.com.br","date":"27 de May de 2024","format":false,"excerpt":"A Pol\u00edcia Civil identificou o motociclista que morreu na tarde deste domingo (26), depois de ter a moto atingida por um carro na avenida Dom Pedro I, no bairro Ipiranga, zona Norte de Ribeir\u00e3o Preto. \u00a0 Segundo o boletim de ocorr\u00eancia (BO), Manoel Neris de Oliveira tinha 48 anos e\u2026","rel":"","context":"In &quot;Not\u00edcias de Ribeir\u00e3o Preto-SP e Regi\u00e3o&quot;","block_context":{"text":"Not\u00edcias de Ribeir\u00e3o Preto-SP e Regi\u00e3o","link":"https:\/\/ismaelcolosi.com.br\/index.php\/category\/noticias-de-ribeirao-preto-sp-e-regiao-ismael-colosi\/"},"img":{"alt_text":"","src":"https:\/\/i0.wp.com\/ismaelcolosi.com.br\/wp-content\/uploads\/2024\/05\/ACIDENTE_2024-05-27_12-52-23_jpg_2024-05-27_12-52-24.webp.webp?fit=1200%2C737&ssl=1&resize=350%2C200","width":350,"height":200,"srcset":"https:\/\/i0.wp.com\/ismaelcolosi.com.br\/wp-content\/uploads\/2024\/05\/ACIDENTE_2024-05-27_12-52-23_jpg_2024-05-27_12-52-24.webp.webp?fit=1200%2C737&ssl=1&resize=350%2C200 1x, https:\/\/i0.wp.com\/ismaelcolosi.com.br\/wp-content\/uploads\/2024\/05\/ACIDENTE_2024-05-27_12-52-23_jpg_2024-05-27_12-52-24.webp.webp?fit=1200%2C737&ssl=1&resize=525%2C300 1.5x, https:\/\/i0.wp.com\/ismaelcolosi.com.br\/wp-content\/uploads\/2024\/05\/ACIDENTE_2024-05-27_12-52-23_jpg_2024-05-27_12-52-24.webp.webp?fit=1200%2C737&ssl=1&resize=700%2C400 2x, https:\/\/i0.wp.com\/ismaelcolosi.com.br\/wp-content\/uploads\/2024\/05\/ACIDENTE_2024-05-27_12-52-23_jpg_2024-05-27_12-52-24.webp.webp?fit=1200%2C737&ssl=1&resize=1050%2C600 3x"},"classes":[]},{"id":63846,"url":"https:\/\/ismaelcolosi.com.br\/index.php\/2024\/09\/04\/motociclista-morre-apos-batida-com-caminhao-em-ribeirao-preto\/","url_meta":{"origin":47990,"position":1},"title":"Motociclista morre ap\u00f3s batida com caminh\u00e3o em Ribeir\u00e3o Preto","author":"ismaelcolosi.com.br","date":"4 de September de 2024","format":false,"excerpt":"Um motociclista de 45 anos morreu nesta ter\u00e7a-feira (3), depois de se envolver em uma batida com um caminh\u00e3o no Jardim Independ\u00eancia, zona Norte de Ribeir\u00e3o Preto. Segundo o boletim de ocorr\u00eancia (BO), a v\u00edtima, identificada como Jeova Cardoso dos Anjos, n\u00e3o resistiu e faleceu no local da colis\u00e3o. Ainda\u2026","rel":"","context":"In &quot;Not\u00edcias de Ribeir\u00e3o Preto-SP e Regi\u00e3o&quot;","block_context":{"text":"Not\u00edcias de Ribeir\u00e3o Preto-SP e Regi\u00e3o","link":"https:\/\/ismaelcolosi.com.br\/index.php\/category\/noticias-de-ribeirao-preto-sp-e-regiao-ismael-colosi\/"},"img":{"alt_text":"","src":"https:\/\/i0.wp.com\/ismaelcolosi.com.br\/wp-content\/uploads\/2024\/09\/policia_2.jpg?fit=1200%2C900&ssl=1&resize=350%2C200","width":350,"height":200,"srcset":"https:\/\/i0.wp.com\/ismaelcolosi.com.br\/wp-content\/uploads\/2024\/09\/policia_2.jpg?fit=1200%2C900&ssl=1&resize=350%2C200 1x, https:\/\/i0.wp.com\/ismaelcolosi.com.br\/wp-content\/uploads\/2024\/09\/policia_2.jpg?fit=1200%2C900&ssl=1&resize=525%2C300 1.5x, https:\/\/i0.wp.com\/ismaelcolosi.com.br\/wp-content\/uploads\/2024\/09\/policia_2.jpg?fit=1200%2C900&ssl=1&resize=700%2C400 2x, https:\/\/i0.wp.com\/ismaelcolosi.com.br\/wp-content\/uploads\/2024\/09\/policia_2.jpg?fit=1200%2C900&ssl=1&resize=1050%2C600 3x"},"classes":[]},{"id":55270,"url":"https:\/\/ismaelcolosi.com.br\/index.php\/2024\/07\/01\/identificado-jovem-que-morreu-em-acidente-na-marginal-do-anel-viario-sul-de-ribeirao-preto\/","url_meta":{"origin":47990,"position":2},"title":"Identificado jovem que morreu em acidente na marginal do Anel Vi\u00e1rio Sul de Ribeir\u00e3o Preto","author":"ismaelcolosi.com.br","date":"1 de July de 2024","format":false,"excerpt":"O motociclista de 22 anos, que morreu ap\u00f3s bater a moto em que dirigia contra um poste de ilumina\u00e7\u00e3o e uma placa de sinaliza\u00e7\u00e3o, na manh\u00e3 desta segunda-feira (1), foi identificado como Victor Hugo dos Anjos Ambrosio. A batida aconteceu na rua Hermenegildo Ulian, marginal do Anel Vi\u00e1rio Sul (rodovia\u2026","rel":"","context":"In &quot;Not\u00edcias de Ribeir\u00e3o Preto-SP e Regi\u00e3o&quot;","block_context":{"text":"Not\u00edcias de Ribeir\u00e3o Preto-SP e Regi\u00e3o","link":"https:\/\/ismaelcolosi.com.br\/index.php\/category\/noticias-de-ribeirao-preto-sp-e-regiao-ismael-colosi\/"},"img":{"alt_text":"","src":"https:\/\/i0.wp.com\/ismaelcolosi.com.br\/wp-content\/uploads\/2024\/07\/Capturar_2024-07-01_20-34-55_jpg_2024-07-01_20-34-55.webp.webp?fit=871%2C527&ssl=1&resize=350%2C200","width":350,"height":200,"srcset":"https:\/\/i0.wp.com\/ismaelcolosi.com.br\/wp-content\/uploads\/2024\/07\/Capturar_2024-07-01_20-34-55_jpg_2024-07-01_20-34-55.webp.webp?fit=871%2C527&ssl=1&resize=350%2C200 1x, https:\/\/i0.wp.com\/ismaelcolosi.com.br\/wp-content\/uploads\/2024\/07\/Capturar_2024-07-01_20-34-55_jpg_2024-07-01_20-34-55.webp.webp?fit=871%2C527&ssl=1&resize=525%2C300 1.5x, https:\/\/i0.wp.com\/ismaelcolosi.com.br\/wp-content\/uploads\/2024\/07\/Capturar_2024-07-01_20-34-55_jpg_2024-07-01_20-34-55.webp.webp?fit=871%2C527&ssl=1&resize=700%2C400 2x"},"classes":[]},{"id":58936,"url":"https:\/\/ismaelcolosi.com.br\/index.php\/2024\/08\/04\/identificada-motociclista-que-morreu-em-acidente-na-zona-sul-de-ribeirao-preto\/","url_meta":{"origin":47990,"position":3},"title":"Identificada motociclista que morreu em acidente na zona Sul de Ribeir\u00e3o Preto","author":"ismaelcolosi.com.br","date":"4 de August de 2024","format":false,"excerpt":"Foi identificada como Isa Kely Cristina Mota a mulher de 31 anos que morreu ap\u00f3s um acidente de tr\u00e2nsito no Anel Vi\u00e1rio Sul (rodovia Ant\u00f4nio Duarte Nogueira, SP-322), em Ribeir\u00e3o Preto, neste s\u00e1bado (3). De acordo com as informa\u00e7\u00f5es da Secretaria de Seguran\u00e7a P\u00fablica (SSP) do Estado de S\u00e3o Paulo,\u2026","rel":"","context":"In &quot;Not\u00edcias de Ribeir\u00e3o Preto-SP e Regi\u00e3o&quot;","block_context":{"text":"Not\u00edcias de Ribeir\u00e3o Preto-SP e Regi\u00e3o","link":"https:\/\/ismaelcolosi.com.br\/index.php\/category\/noticias-de-ribeirao-preto-sp-e-regiao-ismael-colosi\/"},"img":{"alt_text":"","src":"https:\/\/i0.wp.com\/ismaelcolosi.com.br\/wp-content\/uploads\/2024\/08\/Copia-de-Copia-de-TAMANHO-EXATO-PARA-FOTOS-NO-SISTEMA-NOVO-2024-08-04T163219.987_2024-08-04_19-32-27_png_2024-08-04_19-32-27.webp.webp?fit=1200%2C675&ssl=1&resize=350%2C200","width":350,"height":200,"srcset":"https:\/\/i0.wp.com\/ismaelcolosi.com.br\/wp-content\/uploads\/2024\/08\/Copia-de-Copia-de-TAMANHO-EXATO-PARA-FOTOS-NO-SISTEMA-NOVO-2024-08-04T163219.987_2024-08-04_19-32-27_png_2024-08-04_19-32-27.webp.webp?fit=1200%2C675&ssl=1&resize=350%2C200 1x, https:\/\/i0.wp.com\/ismaelcolosi.com.br\/wp-content\/uploads\/2024\/08\/Copia-de-Copia-de-TAMANHO-EXATO-PARA-FOTOS-NO-SISTEMA-NOVO-2024-08-04T163219.987_2024-08-04_19-32-27_png_2024-08-04_19-32-27.webp.webp?fit=1200%2C675&ssl=1&resize=525%2C300 1.5x, https:\/\/i0.wp.com\/ismaelcolosi.com.br\/wp-content\/uploads\/2024\/08\/Copia-de-Copia-de-TAMANHO-EXATO-PARA-FOTOS-NO-SISTEMA-NOVO-2024-08-04T163219.987_2024-08-04_19-32-27_png_2024-08-04_19-32-27.webp.webp?fit=1200%2C675&ssl=1&resize=700%2C400 2x, https:\/\/i0.wp.com\/ismaelcolosi.com.br\/wp-content\/uploads\/2024\/08\/Copia-de-Copia-de-TAMANHO-EXATO-PARA-FOTOS-NO-SISTEMA-NOVO-2024-08-04T163219.987_2024-08-04_19-32-27_png_2024-08-04_19-32-27.webp.webp?fit=1200%2C675&ssl=1&resize=1050%2C600 3x"},"classes":[]},{"id":50392,"url":"https:\/\/ismaelcolosi.com.br\/index.php\/2024\/05\/16\/identificado-motorista-de-24-anos-morto-apos-batida-em-rodovia-de-ribeirao-preto\/","url_meta":{"origin":47990,"position":4},"title":"Identificado motorista de 24 anos morto ap\u00f3s batida em rodovia de Ribeir\u00e3o Preto","author":"ismaelcolosi.com.br","date":"16 de May de 2024","format":false,"excerpt":"A Pol\u00edcia Civil identificou o motorista de um carro que morreu nesta quarta-feira (15), ap\u00f3s se envolver em uma batida com um caminh\u00e3o, no km 2 da rodovia M\u00e1rio Doneg\u00e1 (SP-291), em Ribeir\u00e3o Preto. Segundo o boletim de ocorr\u00eancia (BO), a v\u00edtima Guilherme Roberto Gonzaga Moreschi, de 24 anos, n\u00e3o\u2026","rel":"","context":"In &quot;Not\u00edcias de Ribeir\u00e3o Preto-SP e Regi\u00e3o&quot;","block_context":{"text":"Not\u00edcias de Ribeir\u00e3o Preto-SP e Regi\u00e3o","link":"https:\/\/ismaelcolosi.com.br\/index.php\/category\/noticias-de-ribeirao-preto-sp-e-regiao-ismael-colosi\/"},"img":{"alt_text":"","src":"https:\/\/i0.wp.com\/ismaelcolosi.com.br\/wp-content\/uploads\/2024\/05\/ACIDENTE_2024-05-16_11-13-46_jpg_2024-05-16_11-13-47.webp.webp?fit=1200%2C916&ssl=1&resize=350%2C200","width":350,"height":200,"srcset":"https:\/\/i0.wp.com\/ismaelcolosi.com.br\/wp-content\/uploads\/2024\/05\/ACIDENTE_2024-05-16_11-13-46_jpg_2024-05-16_11-13-47.webp.webp?fit=1200%2C916&ssl=1&resize=350%2C200 1x, https:\/\/i0.wp.com\/ismaelcolosi.com.br\/wp-content\/uploads\/2024\/05\/ACIDENTE_2024-05-16_11-13-46_jpg_2024-05-16_11-13-47.webp.webp?fit=1200%2C916&ssl=1&resize=525%2C300 1.5x, https:\/\/i0.wp.com\/ismaelcolosi.com.br\/wp-content\/uploads\/2024\/05\/ACIDENTE_2024-05-16_11-13-46_jpg_2024-05-16_11-13-47.webp.webp?fit=1200%2C916&ssl=1&resize=700%2C400 2x, https:\/\/i0.wp.com\/ismaelcolosi.com.br\/wp-content\/uploads\/2024\/05\/ACIDENTE_2024-05-16_11-13-46_jpg_2024-05-16_11-13-47.webp.webp?fit=1200%2C916&ssl=1&resize=1050%2C600 3x"},"classes":[]},{"id":51465,"url":"https:\/\/ismaelcolosi.com.br\/index.php\/2024\/05\/28\/motociclista-de-19-anos-morre-apos-bater-moto-em-poste-na-regiao-de-ribeirao-preto\/","url_meta":{"origin":47990,"position":5},"title":"Motociclista de 19 anos morre ap\u00f3s bater moto em poste na regi\u00e3o de Ribeir\u00e3o Preto","author":"ismaelcolosi.com.br","date":"28 de May de 2024","format":false,"excerpt":"Um motociclista de 19 anos morreu na manh\u00e3 desta ter\u00e7a-feira (28), depois de bater a moto em um poste na avenida Ricarte Soares Silva, no bairro Miramontes, em Franca, cidade a aproximadamente 80 quil\u00f4metros de Ribeir\u00e3o Preto. Segundo informa\u00e7\u00f5es, o Samu foi chamado, mas a v\u00edtima n\u00e3o resistiu e morreu\u2026","rel":"","context":"In &quot;Not\u00edcias de Ribeir\u00e3o Preto-SP e Regi\u00e3o&quot;","block_context":{"text":"Not\u00edcias de Ribeir\u00e3o Preto-SP e Regi\u00e3o","link":"https:\/\/ismaelcolosi.com.br\/index.php\/category\/noticias-de-ribeirao-preto-sp-e-regiao-ismael-colosi\/"},"img":{"alt_text":"","src":"https:\/\/i0.wp.com\/ismaelcolosi.com.br\/wp-content\/uploads\/2024\/05\/ACIDENTE_2024-05-28_13-07-18_jpg_2024-05-28_13-07-19.webp.webp?fit=1200%2C704&ssl=1&resize=350%2C200","width":350,"height":200,"srcset":"https:\/\/i0.wp.com\/ismaelcolosi.com.br\/wp-content\/uploads\/2024\/05\/ACIDENTE_2024-05-28_13-07-18_jpg_2024-05-28_13-07-19.webp.webp?fit=1200%2C704&ssl=1&resize=350%2C200 1x, https:\/\/i0.wp.com\/ismaelcolosi.com.br\/wp-content\/uploads\/2024\/05\/ACIDENTE_2024-05-28_13-07-18_jpg_2024-05-28_13-07-19.webp.webp?fit=1200%2C704&ssl=1&resize=525%2C300 1.5x, https:\/\/i0.wp.com\/ismaelcolosi.com.br\/wp-content\/uploads\/2024\/05\/ACIDENTE_2024-05-28_13-07-18_jpg_2024-05-28_13-07-19.webp.webp?fit=1200%2C704&ssl=1&resize=700%2C400 2x, https:\/\/i0.wp.com\/ismaelcolosi.com.br\/wp-content\/uploads\/2024\/05\/ACIDENTE_2024-05-28_13-07-18_jpg_2024-05-28_13-07-19.webp.webp?fit=1200%2C704&ssl=1&resize=1050%2C600 3x"},"classes":[]}],"jetpack_sharing_enabled":true,"jetpack_shortlink":"https:\/\/wp.me\/pfMlyK-cu2","_links":{"self":[{"href":"https:\/\/ismaelcolosi.com.br\/index.php\/wp-json\/wp\/v2\/posts\/47990","targetHints":{"allow":["GET"]}}],"collection":[{"href":"https:\/\/ismaelcolosi.com.br\/index.php\/wp-json\/wp\/v2\/posts"}],"about":[{"href":"https:\/\/ismaelcolosi.com.br\/index.php\/wp-json\/wp\/v2\/types\/post"}],"author":[{"embeddable":true,"href":"https:\/\/ismaelcolosi.com.br\/index.php\/wp-json\/wp\/v2\/users\/1"}],"replies":[{"embeddable":true,"href":"https:\/\/ismaelcolosi.com.br\/index.php\/wp-json\/wp\/v2\/comments?post=47990"}],"version-history":[{"count":0,"href":"https:\/\/ismaelcolosi.com.br\/index.php\/wp-json\/wp\/v2\/posts\/47990\/revisions"}],"wp:featuredmedia":[{"embeddable":true,"href":"https:\/\/ismaelcolosi.com.br\/index.php\/wp-json\/wp\/v2\/media\/47991"}],"wp:attachment":[{"href":"https:\/\/ismaelcolosi.com.br\/index.php\/wp-json\/wp\/v2\/media?parent=47990"}],"wp:term":[{"taxonomy":"category","embeddable":true,"href":"https:\/\/ismaelcolosi.com.br\/index.php\/wp-json\/wp\/v2\/categories?post=47990"},{"taxonomy":"post_tag","embeddable":true,"href":"https:\/\/ismaelcolosi.com.br\/index.php\/wp-json\/wp\/v2\/tags?post=47990"}],"curies":[{"name":"wp","href":"https:\/\/api.w.org\/{rel}","templated":true}]}}