{"id":47975,"date":"2024-04-29T22:03:22","date_gmt":"2024-04-30T01:03:22","guid":{"rendered":"https:\/\/ismaelcolosi.com.br\/index.php\/2024\/04\/29\/o-que-se-sabe-sobre-morte-de-jovem-baleada-por-marido-em-ribeirao-preto\/"},"modified":"2024-04-29T22:03:22","modified_gmt":"2024-04-30T01:03:22","slug":"o-que-se-sabe-sobre-morte-de-jovem-baleada-por-marido-em-ribeirao-preto","status":"publish","type":"post","link":"https:\/\/ismaelcolosi.com.br\/index.php\/2024\/04\/29\/o-que-se-sabe-sobre-morte-de-jovem-baleada-por-marido-em-ribeirao-preto\/","title":{"rendered":"O que se sabe sobre morte de jovem baleada por marido em Ribeir\u00e3o Preto"},"content":{"rendered":"<p> <br \/>\n<\/p>\n<div>\n<p>A jovem <strong>Ana J\u00falia dos Santos Borsoi<\/strong>, de <strong>19 anos<\/strong>, que <strong>morreu ap\u00f3s ser atingida no t\u00f3rax por um disparo de arma de fogo realizado pelo marido, foi sepultada nesta segunda-feira<\/strong> (29).<\/p>\n<p>A <strong>vers\u00e3o apresentada<\/strong> por <strong>Matheus Augusto Pinto<\/strong>, companheiro de Ana J\u00falia, de que o <strong>disparo foi acidental<\/strong>, est\u00e1 sendo <strong>contestada por familiares da jovem<\/strong>.<\/p>\n<p>Segundo Josiane Aparecida dos Santos Borges,<strong> tia da v\u00edtima<\/strong>, a <strong>fam\u00edlia<\/strong> quer saber o que realmente <strong>aconteceu dentro do apartamento <\/strong>onde o casal morava.<\/p>\n<p><em>\u201cEla [Ana J\u00falia] chegou comentar com a m\u00e3e que estava pensando em largar, que n\u00e3o estava dando certo. Comentou que estava se sentindo muito sozinha, que o Matheus n\u00e3o era participativo na vida da fam\u00edlia. Em nenhum momento, ela falou sobre agress\u00e3o, que estava sendo amea\u00e7ada e nem que tinha um rev\u00f3lver dentro de casa.\u201d<\/em><\/p>\n<p>Em um<strong> v\u00eddeo<\/strong>, a <strong>irm\u00e3 da v\u00edtima <\/strong>disse que a <strong>fam\u00edlia<\/strong> foi <strong>avisada<\/strong> <strong>horas depois do ocorrido<\/strong>, por meio de uma liga\u00e7\u00e3o do Hospital das Cl\u00ednicas, onde Ana J\u00falia morreu.<\/p>\n<h4 class=\"wp-block-heading\"><strong>O que diz a defesa do marido<\/strong><\/h4>\n<p>\u00c0 <strong>EPTV<\/strong>, Rafael Aparecido da Silva Anast\u00e1cio, advogado de Matheus e do amigo dele \u2013 que teria escondido a arma \u2013 disse que foi o caso foi um acidente.<\/p>\n<p><em>\u201cEle [Matheus] estava manuseando a arma. Houve a fatalidade e, por acidente, ela acabou disparando e ferindo ela [Ana J\u00falia].\u201d<\/em><\/p>\n<h4 class=\"wp-block-heading\"><strong>A ocorr\u00eancia<\/strong><\/h4>\n<p>A jovem de 19 anos <strong>v\u00edtima de um disparo realizado pelo companheiro<\/strong>, em um apartamento da zona Leste de\u00a0<strong>Ribeir\u00e3o Preto<\/strong>, <strong>morreu no domingo<\/strong> (28). Ela <strong>deixou um beb\u00ea de 11 meses<\/strong>.<\/p>\n<p>O caso aconteceu no \u00faltimo s\u00e1bado (27), na avenida Professora Edul Rangel Rabello.<\/p>\n<p>A v\u00edtima foi atingida na regi\u00e3o do t\u00f3rax e levada para a\u00a0<strong>UPA (Unidade de Pronto Atendimento) Treze de Maio<\/strong>, contudo, devido \u00e0 gravidade do ferimento, foi transferida para o\u00a0<strong>Hospital das Cl\u00ednicas Unidade de Emerg\u00eancia (HC-UE)<\/strong>.<\/p>\n<p>No boletim de ocorr\u00eancia consta que o companheiro da v\u00edtima informou a PM que estavam em uma pra\u00e7a quando ele ouviu um estampido e se deparou com a companheira ferida.\u00a0No entanto, durante depoimento a pol\u00edcia,<strong>\u00a0o homem confessou ter realizado o disparo acidental<\/strong>\u00a0<strong>dentro do apartamento onde residiam.<\/strong><\/p>\n<p>Ainda de acordo com o \u00f3rg\u00e3o, ap\u00f3s o ocorrido, o homem ligou para um amigo\u00a0<strong>retirar a arma do apartamento<\/strong>. Conforme as informa\u00e7\u00f5es da\u00a0<strong>SSP<\/strong>, os agentes foram at\u00e9 o apartamento e realizaram a abordagem do segundo suspeito,\u00a0<strong>que mostrou a pra\u00e7a em que havia escondido a arma.<\/strong><\/p>\n<p>Os envolvidos chegaram ser presos, mas ap\u00f3s passar por audi\u00eancia de cust\u00f3dia foram liberados.<\/p>\n<p>O <strong>caso<\/strong> foi registrado como\u00a0<strong>homic\u00eddio<\/strong> e a <strong>pol\u00edcia investiga o caso<\/strong>.<\/p>\n<p><em>*Com informa\u00e7\u00f5es EPTV.<\/em><\/p>\n<p>SAIBA MAIS <\/p>\n<p>Exposi\u00e7\u00e3o com r\u00e9plicas de carros de F\u00f3rmula 1 \u00e9 prorrogada em Ribeir\u00e3o Preto; Confira<\/p>\n<h4 class=\"wp-block-heading\"><strong>FIQUE ON<\/strong><\/h4>\n<p>Fique ligado em tudo que acontece em Ribeir\u00e3o Preto e regi\u00e3o. Siga os perfis do\u00a0<strong>acidade on\u00a0<\/strong>no\u00a0<a href=\"https:\/\/www.instagram.com\/acidadeonribeirao\" target=\"_blank\" rel=\"noreferrer noopener\">Instagram<\/a>\u00a0e no\u00a0<a href=\"https:\/\/www.facebook.com\/acidadeonribeirao\" target=\"_blank\" rel=\"noreferrer noopener\">Facebook<\/a>.<\/p>\n<p>Receba not\u00edcias do acidade on no WhatsApp. Para entrar no grupo, basta\u00a0<a href=\"https:\/\/chat.whatsapp.com\/GFH9HUMUTHNFJdnyEd0xxq\" target=\"_blank\" rel=\"noreferrer noopener\">clicar aqui<\/a>.<\/p>\n<p>Fa\u00e7a uma den\u00fancia ou sugira uma reportagem sobre Ribeir\u00e3o Preto e regi\u00e3o pelo WhatsApp: 16 99117 7802.<\/p>\n<p>VEJA TAMB\u00c9M<\/p>\n<p>Quando estreia o document\u00e1rio sobre o Ayrton Senna?<\/p>\n<p><!-- AI CONTENT END 1 -->\n<\/div>\n<p><script async src=\"\/\/www.instagram.com\/embed.js\"><\/script><br \/>\n<br \/><br \/>\n<br \/><a href=\"https:\/\/www.acidadeon.com\/ribeiraopreto\/cotidiano\/o-que-se-sabe-sobre-morte-de-jovem-baleada-por-marido-em-ribeirao-preto\/\">Source link <\/a><\/p>\n<div class='code-block code-block-4' style='margin: 8px auto 8px 0; text-align: left; display: block; clear: both;'>\n\ud83d\udce2 Aviso Legal\n\nO site ismaelcolosi.com.br atua apenas como um canal de divulga\u00e7\u00e3o de oportunidades de emprego e n\u00e3o se responsabiliza pelo processo seletivo, contrata\u00e7\u00e3o ou qualquer outra etapa relacionada \u00e0s vagas publicadas. Todas as informa\u00e7\u00f5es s\u00e3o de responsabilidade dos anunciantes.\n\n\u26a0\ufe0f Aten\u00e7\u00e3o! Nunca pague por promessas de emprego nem compre cursos que garantam contrata\u00e7\u00e3o. Desconfie de qualquer cobran\u00e7a para participar de sele\u00e7\u00f5es.\n\n\n\n<\/div>\n<!-- CONTENT END 1 -->\n","protected":false},"excerpt":{"rendered":"<p>A jovem Ana J\u00falia dos Santos Borsoi, de 19 anos, que morreu ap\u00f3s ser atingida no t\u00f3rax por um disparo de arma de fogo realizado&#8230;<\/p>\n","protected":false},"author":1,"featured_media":47976,"comment_status":"open","ping_status":"open","sticky":false,"template":"","format":"standard","meta":{"_uag_custom_page_level_css":"","advanced_seo_description":"","jetpack_seo_html_title":"","jetpack_seo_noindex":false,"jetpack_post_was_ever_published":false,"_jetpack_newsletter_access":"","_jetpack_dont_email_post_to_subs":false,"_jetpack_newsletter_tier_id":0,"_jetpack_memberships_contains_paywalled_content":false,"_jetpack_memberships_contains_paid_content":false,"footnotes":"","jetpack_publicize_message":"","jetpack_publicize_feature_enabled":true,"jetpack_social_post_already_shared":true,"jetpack_social_options":{"image_generator_settings":{"template":"highway","default_image_id":0,"font":"","enabled":false},"version":2}},"categories":[11],"tags":[],"class_list":["post-47975","post","type-post","status-publish","format-standard","has-post-thumbnail","hentry","category-noticias-de-ribeirao-preto-sp-e-regiao-ismael-colosi"],"jetpack_publicize_connections":[],"jetpack_featured_media_url":"https:\/\/i0.wp.com\/ismaelcolosi.com.br\/wp-content\/uploads\/2024\/04\/Copia-de-Copia-de-TAMANHO-EXATO-PARA-FOTOS-NO-SISTEMA-NOVO-23-1_2024-04-29_23-57-41_jpg.webp.webp?fit=1200%2C675&ssl=1","uagb_featured_image_src":{"full":["https:\/\/i0.wp.com\/ismaelcolosi.com.br\/wp-content\/uploads\/2024\/04\/Copia-de-Copia-de-TAMANHO-EXATO-PARA-FOTOS-NO-SISTEMA-NOVO-23-1_2024-04-29_23-57-41_jpg.webp.webp?fit=1200%2C675&ssl=1",1200,675,false],"thumbnail":["https:\/\/i0.wp.com\/ismaelcolosi.com.br\/wp-content\/uploads\/2024\/04\/Copia-de-Copia-de-TAMANHO-EXATO-PARA-FOTOS-NO-SISTEMA-NOVO-23-1_2024-04-29_23-57-41_jpg.webp.webp?resize=150%2C150&ssl=1",150,150,true],"medium":["https:\/\/i0.wp.com\/ismaelcolosi.com.br\/wp-content\/uploads\/2024\/04\/Copia-de-Copia-de-TAMANHO-EXATO-PARA-FOTOS-NO-SISTEMA-NOVO-23-1_2024-04-29_23-57-41_jpg.webp.webp?fit=300%2C169&ssl=1",300,169,true],"medium_large":["https:\/\/i0.wp.com\/ismaelcolosi.com.br\/wp-content\/uploads\/2024\/04\/Copia-de-Copia-de-TAMANHO-EXATO-PARA-FOTOS-NO-SISTEMA-NOVO-23-1_2024-04-29_23-57-41_jpg.webp.webp?fit=768%2C432&ssl=1",768,432,true],"large":["https:\/\/i0.wp.com\/ismaelcolosi.com.br\/wp-content\/uploads\/2024\/04\/Copia-de-Copia-de-TAMANHO-EXATO-PARA-FOTOS-NO-SISTEMA-NOVO-23-1_2024-04-29_23-57-41_jpg.webp.webp?fit=1024%2C576&ssl=1",1024,576,true],"1536x1536":["https:\/\/i0.wp.com\/ismaelcolosi.com.br\/wp-content\/uploads\/2024\/04\/Copia-de-Copia-de-TAMANHO-EXATO-PARA-FOTOS-NO-SISTEMA-NOVO-23-1_2024-04-29_23-57-41_jpg.webp.webp?fit=1200%2C675&ssl=1",1200,675,true],"2048x2048":["https:\/\/i0.wp.com\/ismaelcolosi.com.br\/wp-content\/uploads\/2024\/04\/Copia-de-Copia-de-TAMANHO-EXATO-PARA-FOTOS-NO-SISTEMA-NOVO-23-1_2024-04-29_23-57-41_jpg.webp.webp?fit=1200%2C675&ssl=1",1200,675,true],"really-simple-thumb":["https:\/\/i0.wp.com\/ismaelcolosi.com.br\/wp-content\/uploads\/2024\/04\/Copia-de-Copia-de-TAMANHO-EXATO-PARA-FOTOS-NO-SISTEMA-NOVO-23-1_2024-04-29_23-57-41_jpg.webp.webp?resize=370%2C247&ssl=1",370,247,true]},"uagb_author_info":{"display_name":"ismaelcolosi.com.br","author_link":"https:\/\/ismaelcolosi.com.br\/index.php\/author\/vidareal-online\/"},"uagb_comment_info":0,"uagb_excerpt":"A jovem Ana J\u00falia dos Santos Borsoi, de 19 anos, que morreu ap\u00f3s ser atingida no t\u00f3rax por um disparo de arma de fogo realizado...","jetpack-related-posts":[{"id":53690,"url":"https:\/\/ismaelcolosi.com.br\/index.php\/2024\/06\/18\/policia-reconstitui-morte-de-jovem-baleada-em-condominio-na-zona-leste-de-ribeirao-preto\/","url_meta":{"origin":47975,"position":0},"title":"Pol\u00edcia reconstitui morte de jovem baleada em condom\u00ednio na zona Leste de Ribeir\u00e3o Preto","author":"ismaelcolosi.com.br","date":"18 de June de 2024","format":false,"excerpt":"A Pol\u00edcia Civil realizou nesta ter\u00e7a-feira (18), a reconstitui\u00e7\u00e3o da morte de Ana J\u00falia dos Santos Borsoi, de 19 anos, em um condom\u00ednio na zona Leste de Ribeir\u00e3o Preto. A jovem morreu ap\u00f3s ser atingida no t\u00f3rax por um disparo de arma de fogo, realizado no dia 27 de abril,\u2026","rel":"","context":"In &quot;Not\u00edcias de Ribeir\u00e3o Preto-SP e Regi\u00e3o&quot;","block_context":{"text":"Not\u00edcias de Ribeir\u00e3o Preto-SP e Regi\u00e3o","link":"https:\/\/ismaelcolosi.com.br\/index.php\/category\/noticias-de-ribeirao-preto-sp-e-regiao-ismael-colosi\/"},"img":{"alt_text":"","src":"https:\/\/i0.wp.com\/ismaelcolosi.com.br\/wp-content\/uploads\/2024\/04\/Copia-de-Copia-de-TAMANHO-EXATO-PARA-FOTOS-NO-SISTEMA-NOVO-23-1_2024-04-29_23-57-41_jpg.webp.webp?fit=1200%2C675&ssl=1&resize=350%2C200","width":350,"height":200,"srcset":"https:\/\/i0.wp.com\/ismaelcolosi.com.br\/wp-content\/uploads\/2024\/04\/Copia-de-Copia-de-TAMANHO-EXATO-PARA-FOTOS-NO-SISTEMA-NOVO-23-1_2024-04-29_23-57-41_jpg.webp.webp?fit=1200%2C675&ssl=1&resize=350%2C200 1x, https:\/\/i0.wp.com\/ismaelcolosi.com.br\/wp-content\/uploads\/2024\/04\/Copia-de-Copia-de-TAMANHO-EXATO-PARA-FOTOS-NO-SISTEMA-NOVO-23-1_2024-04-29_23-57-41_jpg.webp.webp?fit=1200%2C675&ssl=1&resize=525%2C300 1.5x, https:\/\/i0.wp.com\/ismaelcolosi.com.br\/wp-content\/uploads\/2024\/04\/Copia-de-Copia-de-TAMANHO-EXATO-PARA-FOTOS-NO-SISTEMA-NOVO-23-1_2024-04-29_23-57-41_jpg.webp.webp?fit=1200%2C675&ssl=1&resize=700%2C400 2x, https:\/\/i0.wp.com\/ismaelcolosi.com.br\/wp-content\/uploads\/2024\/04\/Copia-de-Copia-de-TAMANHO-EXATO-PARA-FOTOS-NO-SISTEMA-NOVO-23-1_2024-04-29_23-57-41_jpg.webp.webp?fit=1200%2C675&ssl=1&resize=1050%2C600 3x"},"classes":[]},{"id":68674,"url":"https:\/\/ismaelcolosi.com.br\/index.php\/2024\/10\/01\/mp-denuncia-duas-pessoas-por-morte-de-jovem-em-ribeirao-preto\/","url_meta":{"origin":47975,"position":1},"title":"MP denuncia duas pessoas por morte de jovem em Ribeir\u00e3o Preto","author":"ismaelcolosi.com.br","date":"1 de October de 2024","format":false,"excerpt":"O Minist\u00e9rio P\u00fablico denunciou duas pessoas pela morte de Ana J\u00falia dos Santos Borsoi Pereira, de 19 anos, v\u00edtima de um disparo de arma de fogo dentro do apartamento que morava, em Ribeir\u00e3o Preto, no dia 27 de abril de 2024. O primeiro acusado \u00e9 Matheus Augusto Pinto, marido da\u2026","rel":"","context":"In &quot;Not\u00edcias de Ribeir\u00e3o Preto-SP e Regi\u00e3o&quot;","block_context":{"text":"Not\u00edcias de Ribeir\u00e3o Preto-SP e Regi\u00e3o","link":"https:\/\/ismaelcolosi.com.br\/index.php\/category\/noticias-de-ribeirao-preto-sp-e-regiao-ismael-colosi\/"},"img":{"alt_text":"","src":"https:\/\/i0.wp.com\/ismaelcolosi.com.br\/wp-content\/uploads\/2024\/04\/Copia-de-Copia-de-TAMANHO-EXATO-PARA-FOTOS-NO-SISTEMA-NOVO-23-1_2024-04-29_23-57-41_jpg.webp.webp?fit=1200%2C675&ssl=1&resize=350%2C200","width":350,"height":200,"srcset":"https:\/\/i0.wp.com\/ismaelcolosi.com.br\/wp-content\/uploads\/2024\/04\/Copia-de-Copia-de-TAMANHO-EXATO-PARA-FOTOS-NO-SISTEMA-NOVO-23-1_2024-04-29_23-57-41_jpg.webp.webp?fit=1200%2C675&ssl=1&resize=350%2C200 1x, https:\/\/i0.wp.com\/ismaelcolosi.com.br\/wp-content\/uploads\/2024\/04\/Copia-de-Copia-de-TAMANHO-EXATO-PARA-FOTOS-NO-SISTEMA-NOVO-23-1_2024-04-29_23-57-41_jpg.webp.webp?fit=1200%2C675&ssl=1&resize=525%2C300 1.5x, https:\/\/i0.wp.com\/ismaelcolosi.com.br\/wp-content\/uploads\/2024\/04\/Copia-de-Copia-de-TAMANHO-EXATO-PARA-FOTOS-NO-SISTEMA-NOVO-23-1_2024-04-29_23-57-41_jpg.webp.webp?fit=1200%2C675&ssl=1&resize=700%2C400 2x, https:\/\/i0.wp.com\/ismaelcolosi.com.br\/wp-content\/uploads\/2024\/04\/Copia-de-Copia-de-TAMANHO-EXATO-PARA-FOTOS-NO-SISTEMA-NOVO-23-1_2024-04-29_23-57-41_jpg.webp.webp?fit=1200%2C675&ssl=1&resize=1050%2C600 3x"},"classes":[]},{"id":48145,"url":"https:\/\/ismaelcolosi.com.br\/index.php\/2024\/04\/30\/mp-acompanha-investigacoes-sobre-jovem-morta-baleada-pelo-marido-em-ribeirao-preto\/","url_meta":{"origin":47975,"position":2},"title":"MP acompanha investiga\u00e7\u00f5es sobre jovem morta baleada pelo marido em Ribeir\u00e3o Preto","author":"ismaelcolosi.com.br","date":"30 de April de 2024","format":false,"excerpt":"O MP-SP (Minist\u00e9rio P\u00fablico de S\u00e3o Paulo) est\u00e1 acompanhando o caso da jovem Ana J\u00falia dos Santos Borsoi, de 19 anos, que morreu no domingo (28), ap\u00f3s ser atingida no t\u00f3rax por um disparo de arma de fogo realizado pelo marido. A\u00a0vers\u00e3o apresentada\u00a0por\u00a0Matheus Augusto Pinto, companheiro de Ana J\u00falia, de\u2026","rel":"","context":"In &quot;Not\u00edcias de Ribeir\u00e3o Preto-SP e Regi\u00e3o&quot;","block_context":{"text":"Not\u00edcias de Ribeir\u00e3o Preto-SP e Regi\u00e3o","link":"https:\/\/ismaelcolosi.com.br\/index.php\/category\/noticias-de-ribeirao-preto-sp-e-regiao-ismael-colosi\/"},"img":{"alt_text":"","src":"https:\/\/i0.wp.com\/ismaelcolosi.com.br\/wp-content\/uploads\/2024\/04\/Copia-de-Copia-de-TAMANHO-EXATO-PARA-FOTOS-NO-SISTEMA-NOVO-23-1_2024-04-29_23-57-41_jpg.webp.webp?fit=1200%2C675&ssl=1&resize=350%2C200","width":350,"height":200,"srcset":"https:\/\/i0.wp.com\/ismaelcolosi.com.br\/wp-content\/uploads\/2024\/04\/Copia-de-Copia-de-TAMANHO-EXATO-PARA-FOTOS-NO-SISTEMA-NOVO-23-1_2024-04-29_23-57-41_jpg.webp.webp?fit=1200%2C675&ssl=1&resize=350%2C200 1x, https:\/\/i0.wp.com\/ismaelcolosi.com.br\/wp-content\/uploads\/2024\/04\/Copia-de-Copia-de-TAMANHO-EXATO-PARA-FOTOS-NO-SISTEMA-NOVO-23-1_2024-04-29_23-57-41_jpg.webp.webp?fit=1200%2C675&ssl=1&resize=525%2C300 1.5x, https:\/\/i0.wp.com\/ismaelcolosi.com.br\/wp-content\/uploads\/2024\/04\/Copia-de-Copia-de-TAMANHO-EXATO-PARA-FOTOS-NO-SISTEMA-NOVO-23-1_2024-04-29_23-57-41_jpg.webp.webp?fit=1200%2C675&ssl=1&resize=700%2C400 2x, https:\/\/i0.wp.com\/ismaelcolosi.com.br\/wp-content\/uploads\/2024\/04\/Copia-de-Copia-de-TAMANHO-EXATO-PARA-FOTOS-NO-SISTEMA-NOVO-23-1_2024-04-29_23-57-41_jpg.webp.webp?fit=1200%2C675&ssl=1&resize=1050%2C600 3x"},"classes":[]},{"id":47895,"url":"https:\/\/ismaelcolosi.com.br\/index.php\/2024\/04\/29\/morre-jovem-baleada-por-companheiro-em-ribeirao-preto\/","url_meta":{"origin":47975,"position":3},"title":"Morre jovem baleada por companheiro em Ribeir\u00e3o Preto","author":"ismaelcolosi.com.br","date":"29 de April de 2024","format":false,"excerpt":"A jovem de 19 anos, identificada como Ana Julia dos Santos Borsoi Pereira, v\u00edtima de um disparo acidental realizado pelo companheiro, em um apartamento da zona Leste de Ribeir\u00e3o Preto, morreu neste domingo (28). A informa\u00e7\u00e3o foi confirmada por familiares da v\u00edtima ao portal acidade on. O caso aconteceu no\u2026","rel":"","context":"In &quot;Not\u00edcias de Ribeir\u00e3o Preto-SP e Regi\u00e3o&quot;","block_context":{"text":"Not\u00edcias de Ribeir\u00e3o Preto-SP e Regi\u00e3o","link":"https:\/\/ismaelcolosi.com.br\/index.php\/category\/noticias-de-ribeirao-preto-sp-e-regiao-ismael-colosi\/"},"img":{"alt_text":"","src":"https:\/\/i0.wp.com\/ismaelcolosi.com.br\/wp-content\/uploads\/2024\/04\/1714407794_cpj_1024x576_21012021092745.jpg?fit=1024%2C575&ssl=1&resize=350%2C200","width":350,"height":200,"srcset":"https:\/\/i0.wp.com\/ismaelcolosi.com.br\/wp-content\/uploads\/2024\/04\/1714407794_cpj_1024x576_21012021092745.jpg?fit=1024%2C575&ssl=1&resize=350%2C200 1x, https:\/\/i0.wp.com\/ismaelcolosi.com.br\/wp-content\/uploads\/2024\/04\/1714407794_cpj_1024x576_21012021092745.jpg?fit=1024%2C575&ssl=1&resize=525%2C300 1.5x, https:\/\/i0.wp.com\/ismaelcolosi.com.br\/wp-content\/uploads\/2024\/04\/1714407794_cpj_1024x576_21012021092745.jpg?fit=1024%2C575&ssl=1&resize=700%2C400 2x"},"classes":[]},{"id":19043,"url":"https:\/\/ismaelcolosi.com.br\/index.php\/2023\/12\/21\/casal-de-namorados-nao-resiste-a-caminho-de-igreja-no-al-motivo-foi-exposto-por-delegada\/","url_meta":{"origin":47975,"position":4},"title":"Casal de namorados n\u00e3o resiste a caminho de igreja no AL; motivo foi exposto por delegada","author":"ismaelcolosi.com.br","date":"21 de December de 2023","format":false,"excerpt":"Na noite desta \u00faltima segunda-feira, dia 18 de dezembro, um ataque a tiros deixou um casal morto na regi\u00e3o de Macei\u00f3, no Alagoas. Inicialmente, a Pol\u00edcia Militar divulgou que a jovem D\u00e9bora Vit\u00f3ria Silva dos Santos, de 21 anos estava gr\u00e1vida.Contudo, ap\u00f3s uma an\u00e1lise realizada pelo IML (Instituto M\u00e9dico Legal),\u2026","rel":"","context":"In &quot;Blog&quot;","block_context":{"text":"Blog","link":"https:\/\/ismaelcolosi.com.br\/index.php\/category\/blog\/"},"img":{"alt_text":"","src":"https:\/\/i0.wp.com\/ismaelcolosi.com.br\/wp-content\/uploads\/2023\/12\/postimg-65847f35767388414.jpg?fit=1200%2C628&ssl=1&resize=350%2C200","width":350,"height":200,"srcset":"https:\/\/i0.wp.com\/ismaelcolosi.com.br\/wp-content\/uploads\/2023\/12\/postimg-65847f35767388414.jpg?fit=1200%2C628&ssl=1&resize=350%2C200 1x, https:\/\/i0.wp.com\/ismaelcolosi.com.br\/wp-content\/uploads\/2023\/12\/postimg-65847f35767388414.jpg?fit=1200%2C628&ssl=1&resize=525%2C300 1.5x, https:\/\/i0.wp.com\/ismaelcolosi.com.br\/wp-content\/uploads\/2023\/12\/postimg-65847f35767388414.jpg?fit=1200%2C628&ssl=1&resize=700%2C400 2x, https:\/\/i0.wp.com\/ismaelcolosi.com.br\/wp-content\/uploads\/2023\/12\/postimg-65847f35767388414.jpg?fit=1200%2C628&ssl=1&resize=1050%2C600 3x"},"classes":[]},{"id":1571,"url":"https:\/\/ismaelcolosi.com.br\/index.php\/2023\/11\/13\/ana-hickmann-o-que-se-sabe-sobre-a-denuncia-contra-o-marido\/","url_meta":{"origin":47975,"position":5},"title":"Ana Hickmann: o que se sabe sobre a den\u00fancia contra o marido","author":"ismaelcolosi.com.br","date":"13 de November de 2023","format":false,"excerpt":"A apresentadora e ex-modelo Ana Hickmann registrou um boletim de ocorr\u00eancia por viol\u00eancia dom\u00e9stica e les\u00e3o corporal contra o marido, o empres\u00e1rio Alexandre Correa, no \u00faltimo s\u00e1bado, 11. Em nota divulgada neste domingo, 12, Ana afirmou que teve um \u201cdesentendimento\u201d com o parceiro. Em outra nota, Correa negou a agress\u00e3o.Em\u2026","rel":"","context":"In &quot;Not\u00edcias de Ribeir\u00e3o Preto-SP e Regi\u00e3o&quot;","block_context":{"text":"Not\u00edcias de Ribeir\u00e3o Preto-SP e Regi\u00e3o","link":"https:\/\/ismaelcolosi.com.br\/index.php\/category\/noticias-de-ribeirao-preto-sp-e-regiao-ismael-colosi\/"},"img":{"alt_text":"","src":"https:\/\/i0.wp.com\/ismaelcolosi.com.br\/wp-content\/uploads\/2023\/11\/ana-scaled.jpg?fit=1000%2C552&ssl=1&resize=350%2C200","width":350,"height":200,"srcset":"https:\/\/i0.wp.com\/ismaelcolosi.com.br\/wp-content\/uploads\/2023\/11\/ana-scaled.jpg?fit=1000%2C552&ssl=1&resize=350%2C200 1x, https:\/\/i0.wp.com\/ismaelcolosi.com.br\/wp-content\/uploads\/2023\/11\/ana-scaled.jpg?fit=1000%2C552&ssl=1&resize=525%2C300 1.5x, https:\/\/i0.wp.com\/ismaelcolosi.com.br\/wp-content\/uploads\/2023\/11\/ana-scaled.jpg?fit=1000%2C552&ssl=1&resize=700%2C400 2x"},"classes":[]}],"jetpack_sharing_enabled":true,"jetpack_shortlink":"https:\/\/wp.me\/pfMlyK-ctN","_links":{"self":[{"href":"https:\/\/ismaelcolosi.com.br\/index.php\/wp-json\/wp\/v2\/posts\/47975","targetHints":{"allow":["GET"]}}],"collection":[{"href":"https:\/\/ismaelcolosi.com.br\/index.php\/wp-json\/wp\/v2\/posts"}],"about":[{"href":"https:\/\/ismaelcolosi.com.br\/index.php\/wp-json\/wp\/v2\/types\/post"}],"author":[{"embeddable":true,"href":"https:\/\/ismaelcolosi.com.br\/index.php\/wp-json\/wp\/v2\/users\/1"}],"replies":[{"embeddable":true,"href":"https:\/\/ismaelcolosi.com.br\/index.php\/wp-json\/wp\/v2\/comments?post=47975"}],"version-history":[{"count":0,"href":"https:\/\/ismaelcolosi.com.br\/index.php\/wp-json\/wp\/v2\/posts\/47975\/revisions"}],"wp:featuredmedia":[{"embeddable":true,"href":"https:\/\/ismaelcolosi.com.br\/index.php\/wp-json\/wp\/v2\/media\/47976"}],"wp:attachment":[{"href":"https:\/\/ismaelcolosi.com.br\/index.php\/wp-json\/wp\/v2\/media?parent=47975"}],"wp:term":[{"taxonomy":"category","embeddable":true,"href":"https:\/\/ismaelcolosi.com.br\/index.php\/wp-json\/wp\/v2\/categories?post=47975"},{"taxonomy":"post_tag","embeddable":true,"href":"https:\/\/ismaelcolosi.com.br\/index.php\/wp-json\/wp\/v2\/tags?post=47975"}],"curies":[{"name":"wp","href":"https:\/\/api.w.org\/{rel}","templated":true}]}}