{"id":4797,"date":"2023-11-22T10:43:23","date_gmt":"2023-11-22T13:43:23","guid":{"rendered":"https:\/\/ismaelcolosi.com.br\/index.php\/2023\/11\/22\/trabalhador-descobre-larvas-e-corpo-estranho-em-massa-de-tomate-imagens-viralizam-e-provocam-nojo\/"},"modified":"2023-11-22T10:43:23","modified_gmt":"2023-11-22T13:43:23","slug":"trabalhador-descobre-larvas-e-corpo-estranho-em-massa-de-tomate-imagens-viralizam-e-provocam-nojo","status":"publish","type":"post","link":"https:\/\/ismaelcolosi.com.br\/index.php\/2023\/11\/22\/trabalhador-descobre-larvas-e-corpo-estranho-em-massa-de-tomate-imagens-viralizam-e-provocam-nojo\/","title":{"rendered":"Trabalhador descobre larvas e corpo estranho em massa de tomate, imagens viralizam e provocam nojo"},"content":{"rendered":"<p> <br \/>\n<\/p>\n<div itemprop=\"text\">\n<p>Nas \u00faltimas horas um v\u00eddeo viralizou nas redes sociais e vem gerando asco por causa de seu conte\u00fado. Um trabalhador da constru\u00e7\u00e3o civil se deparou com um corpo estranho contendo larvas em um molho de tomate enquanto utilizava o produto para preparar uma macarronada na cidade de Miracatu, localizado no interior de S\u00e3o Paulo.<\/p>\n<p>Imagens que ganharam destaque nesta ter\u00e7a-feira (21), mostram os elementos presentes sobre a embalagem. Em comunicado, a Fugini Alimentos esclareceu que as caracter\u00edsticas observadas correspondem a bolor, o qual pode surgir devido a danos provocados na embalagem durante o manuseio, transporte ou armazenamento inadequados.<\/p>\n<p>Doriedson de Borba Martins, de 26 anos, relatou que adquiriu o pacote de molho de tomate em 11 de novembro. No \u00faltimo s\u00e1bado (18), ele afirmou ter aberto a embalagem e utilizado parte do conte\u00fado para preparar uma refei\u00e7\u00e3o.<\/p>\n<p><i>\u201cPeguei um pouco do molho \u00e0 noite, abri o saquinho, coloquei um pouco no macarr\u00e3o e eu e minha filha comemos\u201d. <\/i><\/p>\n<p>Contudo, somente no \u00faltimo domingo (19), quando foi usar o restante do molho de tomate teve a terr\u00edvel surpresa ao perceber as larvas e um corpo estranho. Ele apenas teve conhecimento do que realmente havia dentro do pacote de massa de tomate quanto virou o resto do produto em uma panela,\u00a0se\u00a0deparou com o peda\u00e7o esquisito com larvas.<\/p>\n<p><img data-recalc-dims=\"1\" decoding=\"async\" title=\"Image: https:\/\/fnmais.com\/wp-content\/uploads\/2023\/11\/postiimg-655def6a665936431.png\" src=\"https:\/\/i0.wp.com\/fnmais.com\/wp-content\/uploads\/2023\/11\/postiimg-655def6a665936431.png?ssl=1\" alt=\"Pedreiro encontrou objeto estranho dentro de molho de tomate em Miracatu SP Foto Reproduo\"\/><\/p>\n<p><iframe loading=\"lazy\" title=\"Pedreiro acha larvas em molho de tomate da Fugini; veja v\u00eddeo\" width=\"500\" height=\"281\" src=\"https:\/\/www.youtube.com\/embed\/CUO_BnUW64o?feature=oembed\" frameborder=\"0\" allow=\"accelerometer; autoplay; clipboard-write; encrypted-media; gyroscope; picture-in-picture; web-share\" referrerpolicy=\"strict-origin-when-cross-origin\" allowfullscreen><\/iframe><\/p>\n<p><i>\u00a0<\/i><\/p>\n<p>Ainda de acordo com Doriedson, o corpo estranho lembra o a pele de um rato que continha pelos e estava infestado de bicbos. O pedreiro afirmou que tanto ele quanto sua filha de 8 anos est\u00e3o experimentando desconforto abdominal e n\u00e1useas ap\u00f3s terem consumido o produto<\/p>\n<p>Em nota oficial a empresa respons\u00e1vel pelo produto afirmou que produ\u00e7\u00e3o, enchimento e fechamento das embalagens \u00e9 feito de maneira automatizada e que j\u00e1 entrou em contado com o consumidor.<\/p>\n<\/div>\n<p><br \/>\n<br \/><a href=\"https:\/\/fnmais.com\/video-trabalhador-descobre-larvas-corpo-estranho-em-massa-tomate-imagens-viralizam-provocam-nojo\/\">Source link <\/a><\/p>\n<div class='code-block code-block-4' style='margin: 8px auto 8px 0; text-align: left; display: block; clear: both;'>\n\ud83d\udce2 Aviso Legal\n\nO site ismaelcolosi.com.br atua apenas como um canal de divulga\u00e7\u00e3o de oportunidades de emprego e n\u00e3o se responsabiliza pelo processo seletivo, contrata\u00e7\u00e3o ou qualquer outra etapa relacionada \u00e0s vagas publicadas. Todas as informa\u00e7\u00f5es s\u00e3o de responsabilidade dos anunciantes.\n\n\u26a0\ufe0f Aten\u00e7\u00e3o! Nunca pague por promessas de emprego nem compre cursos que garantam contrata\u00e7\u00e3o. Desconfie de qualquer cobran\u00e7a para participar de sele\u00e7\u00f5es.\n\n\n\n<\/div>\n<!-- CONTENT END 1 -->\n","protected":false},"excerpt":{"rendered":"<p>Nas \u00faltimas horas um v\u00eddeo viralizou nas redes sociais e vem gerando asco por causa de seu conte\u00fado. Um trabalhador da constru\u00e7\u00e3o civil se deparou&#8230;<\/p>\n","protected":false},"author":1,"featured_media":4798,"comment_status":"open","ping_status":"open","sticky":false,"template":"","format":"standard","meta":{"_uag_custom_page_level_css":"","advanced_seo_description":"","jetpack_seo_html_title":"","jetpack_seo_noindex":false,"jetpack_post_was_ever_published":false,"_jetpack_newsletter_access":"","_jetpack_dont_email_post_to_subs":false,"_jetpack_newsletter_tier_id":0,"_jetpack_memberships_contains_paywalled_content":false,"_jetpack_memberships_contains_paid_content":false,"footnotes":"","jetpack_publicize_message":"","jetpack_publicize_feature_enabled":true,"jetpack_social_post_already_shared":true,"jetpack_social_options":{"image_generator_settings":{"template":"highway","default_image_id":0,"font":"","enabled":false},"version":2}},"categories":[1],"tags":[],"class_list":["post-4797","post","type-post","status-publish","format-standard","has-post-thumbnail","hentry","category-blog"],"jetpack_publicize_connections":[],"jetpack_featured_media_url":"https:\/\/i0.wp.com\/ismaelcolosi.com.br\/wp-content\/uploads\/2023\/11\/postimg-655def6ca9d069409.jpg?fit=1200%2C628&ssl=1","uagb_featured_image_src":{"full":["https:\/\/i0.wp.com\/ismaelcolosi.com.br\/wp-content\/uploads\/2023\/11\/postimg-655def6ca9d069409.jpg?fit=1200%2C628&ssl=1",1200,628,false],"thumbnail":["https:\/\/i0.wp.com\/ismaelcolosi.com.br\/wp-content\/uploads\/2023\/11\/postimg-655def6ca9d069409.jpg?resize=150%2C150&ssl=1",150,150,true],"medium":["https:\/\/i0.wp.com\/ismaelcolosi.com.br\/wp-content\/uploads\/2023\/11\/postimg-655def6ca9d069409.jpg?fit=300%2C157&ssl=1",300,157,true],"medium_large":["https:\/\/i0.wp.com\/ismaelcolosi.com.br\/wp-content\/uploads\/2023\/11\/postimg-655def6ca9d069409.jpg?fit=768%2C402&ssl=1",768,402,true],"large":["https:\/\/i0.wp.com\/ismaelcolosi.com.br\/wp-content\/uploads\/2023\/11\/postimg-655def6ca9d069409.jpg?fit=1024%2C536&ssl=1",1024,536,true],"1536x1536":["https:\/\/i0.wp.com\/ismaelcolosi.com.br\/wp-content\/uploads\/2023\/11\/postimg-655def6ca9d069409.jpg?fit=1200%2C628&ssl=1",1200,628,true],"2048x2048":["https:\/\/i0.wp.com\/ismaelcolosi.com.br\/wp-content\/uploads\/2023\/11\/postimg-655def6ca9d069409.jpg?fit=1200%2C628&ssl=1",1200,628,true],"really-simple-thumb":["https:\/\/i0.wp.com\/ismaelcolosi.com.br\/wp-content\/uploads\/2023\/11\/postimg-655def6ca9d069409.jpg?resize=370%2C247&ssl=1",370,247,true]},"uagb_author_info":{"display_name":"ismaelcolosi.com.br","author_link":"https:\/\/ismaelcolosi.com.br\/index.php\/author\/vidareal-online\/"},"uagb_comment_info":0,"uagb_excerpt":"Nas \u00faltimas horas um v\u00eddeo viralizou nas redes sociais e vem gerando asco por causa de seu conte\u00fado. Um trabalhador da constru\u00e7\u00e3o civil se deparou...","jetpack-related-posts":[{"id":79075,"url":"https:\/\/ismaelcolosi.com.br\/index.php\/2024\/12\/12\/cliente-reclama-de-corpo-estranho-em-molho-de-tomate-fugini-confirma-presenca-de-fungo\/","url_meta":{"origin":4797,"position":0},"title":"Cliente Reclama de Corpo Estranho em Molho de Tomate; Fugini Confirma Presen\u00e7a de Fungo","author":"ismaelcolosi.com.br","date":"12 de December de 2024","format":false,"excerpt":"Um cliente de Ribeir\u00e3o Preto (SP) relatou ter encontrado um corpo estranho em um molho de tomate produzido pela Fugini, uma das marcas mais conhecidas no mercado de alimentos. Ap\u00f3s an\u00e1lise t\u00e9cnica, a empresa confirmou que o material identificado no produto era um fungo, o que levantou preocupa\u00e7\u00f5es sobre a\u2026","rel":"","context":"In &quot;Not\u00edcias de Ribeir\u00e3o Preto-SP e Regi\u00e3o&quot;","block_context":{"text":"Not\u00edcias de Ribeir\u00e3o Preto-SP e Regi\u00e3o","link":"https:\/\/ismaelcolosi.com.br\/index.php\/category\/noticias-de-ribeirao-preto-sp-e-regiao-ismael-colosi\/"},"img":{"alt_text":"","src":"https:\/\/i0.wp.com\/ismaelcolosi.com.br\/wp-content\/uploads\/2024\/12\/Captura-de-tela-2024-12-12-130916.png?fit=1200%2C849&ssl=1&resize=350%2C200","width":350,"height":200,"srcset":"https:\/\/i0.wp.com\/ismaelcolosi.com.br\/wp-content\/uploads\/2024\/12\/Captura-de-tela-2024-12-12-130916.png?fit=1200%2C849&ssl=1&resize=350%2C200 1x, https:\/\/i0.wp.com\/ismaelcolosi.com.br\/wp-content\/uploads\/2024\/12\/Captura-de-tela-2024-12-12-130916.png?fit=1200%2C849&ssl=1&resize=525%2C300 1.5x, https:\/\/i0.wp.com\/ismaelcolosi.com.br\/wp-content\/uploads\/2024\/12\/Captura-de-tela-2024-12-12-130916.png?fit=1200%2C849&ssl=1&resize=700%2C400 2x, https:\/\/i0.wp.com\/ismaelcolosi.com.br\/wp-content\/uploads\/2024\/12\/Captura-de-tela-2024-12-12-130916.png?fit=1200%2C849&ssl=1&resize=1050%2C600 3x"},"classes":[]},{"id":78931,"url":"https:\/\/ismaelcolosi.com.br\/index.php\/2024\/12\/10\/mulher-encontra-corpo-estranho-dentro-de-molho-de-tomate-em-ribeirao-preto\/","url_meta":{"origin":4797,"position":1},"title":"Mulher encontra &#8216;corpo estranho&#8217; dentro de molho de tomate em Ribeir\u00e3o Preto","author":"ismaelcolosi.com.br","date":"10 de December de 2024","format":false,"excerpt":"No dia 30 de novembro, uma mulher encontrou um \u2018corpo estranho\u2019 dentro de um molho de tomate, em Ribeir\u00e3o Preto. De acordo com Ivanicleide Barbosa, ao abrir a embalagem do molho e derramar na panela, ela se deparou com algo que pensou ser um rato. Ela havia comprado o produto\u2026","rel":"","context":"In &quot;Not\u00edcias de Ribeir\u00e3o Preto-SP e Regi\u00e3o&quot;","block_context":{"text":"Not\u00edcias de Ribeir\u00e3o Preto-SP e Regi\u00e3o","link":"https:\/\/ismaelcolosi.com.br\/index.php\/category\/noticias-de-ribeirao-preto-sp-e-regiao-ismael-colosi\/"},"img":{"alt_text":"","src":"https:\/\/i0.wp.com\/ismaelcolosi.com.br\/wp-content\/uploads\/2024\/12\/Copia-de-Copia-de-Copia-de-TAMANHO-EXATO-PARA-FOTOS-NO-SISTEMA-NOVO-2024-12-10T175739.533_2024-12-10_21-17-08_png_2024-12-10_21-17-08.webp.webp?fit=1200%2C675&ssl=1&resize=350%2C200","width":350,"height":200,"srcset":"https:\/\/i0.wp.com\/ismaelcolosi.com.br\/wp-content\/uploads\/2024\/12\/Copia-de-Copia-de-Copia-de-TAMANHO-EXATO-PARA-FOTOS-NO-SISTEMA-NOVO-2024-12-10T175739.533_2024-12-10_21-17-08_png_2024-12-10_21-17-08.webp.webp?fit=1200%2C675&ssl=1&resize=350%2C200 1x, https:\/\/i0.wp.com\/ismaelcolosi.com.br\/wp-content\/uploads\/2024\/12\/Copia-de-Copia-de-Copia-de-TAMANHO-EXATO-PARA-FOTOS-NO-SISTEMA-NOVO-2024-12-10T175739.533_2024-12-10_21-17-08_png_2024-12-10_21-17-08.webp.webp?fit=1200%2C675&ssl=1&resize=525%2C300 1.5x, https:\/\/i0.wp.com\/ismaelcolosi.com.br\/wp-content\/uploads\/2024\/12\/Copia-de-Copia-de-Copia-de-TAMANHO-EXATO-PARA-FOTOS-NO-SISTEMA-NOVO-2024-12-10T175739.533_2024-12-10_21-17-08_png_2024-12-10_21-17-08.webp.webp?fit=1200%2C675&ssl=1&resize=700%2C400 2x, https:\/\/i0.wp.com\/ismaelcolosi.com.br\/wp-content\/uploads\/2024\/12\/Copia-de-Copia-de-Copia-de-TAMANHO-EXATO-PARA-FOTOS-NO-SISTEMA-NOVO-2024-12-10T175739.533_2024-12-10_21-17-08_png_2024-12-10_21-17-08.webp.webp?fit=1200%2C675&ssl=1&resize=1050%2C600 3x"},"classes":[]},{"id":21236,"url":"https:\/\/ismaelcolosi.com.br\/index.php\/2023\/12\/27\/aprenda-a-preparar-camarao-na-moranga\/","url_meta":{"origin":4797,"position":2},"title":"Aprenda a preparar camar\u00e3o na moranga","author":"ismaelcolosi.com.br","date":"27 de December de 2023","format":false,"excerpt":"27 de dezembro de 2023 \u00e0s 12:03 Por: Reda\u00e7\u00e3o Cr\u00e9ditos: IStockCamar\u00e3o na moranga Nada como saborear um prato saboroso \u00e0 beira-mar, e o camar\u00e3o na moranga \u00e9 uma op\u00e7\u00e3o que combina o melhor dos sabores do mar e da terra. Trazemos para voc\u00ea uma receita irresist\u00edvel para surpreender seus amigos\u2026","rel":"","context":"In &quot;Variedades&quot;","block_context":{"text":"Variedades","link":"https:\/\/ismaelcolosi.com.br\/index.php\/category\/variedades\/"},"img":{"alt_text":"","src":"https:\/\/i0.wp.com\/ismaelcolosi.com.br\/wp-content\/uploads\/2023\/12\/istock-1415024477-scaled.jpg?fit=1200%2C638&ssl=1&resize=350%2C200","width":350,"height":200,"srcset":"https:\/\/i0.wp.com\/ismaelcolosi.com.br\/wp-content\/uploads\/2023\/12\/istock-1415024477-scaled.jpg?fit=1200%2C638&ssl=1&resize=350%2C200 1x, https:\/\/i0.wp.com\/ismaelcolosi.com.br\/wp-content\/uploads\/2023\/12\/istock-1415024477-scaled.jpg?fit=1200%2C638&ssl=1&resize=525%2C300 1.5x, https:\/\/i0.wp.com\/ismaelcolosi.com.br\/wp-content\/uploads\/2023\/12\/istock-1415024477-scaled.jpg?fit=1200%2C638&ssl=1&resize=700%2C400 2x, https:\/\/i0.wp.com\/ismaelcolosi.com.br\/wp-content\/uploads\/2023\/12\/istock-1415024477-scaled.jpg?fit=1200%2C638&ssl=1&resize=1050%2C600 3x"},"classes":[]},{"id":5470,"url":"https:\/\/ismaelcolosi.com.br\/index.php\/2023\/11\/23\/ribeirao-preto-restaurant-week-tem-menus-veganos-e-vegetarianos\/","url_meta":{"origin":4797,"position":3},"title":"Ribeir\u00e3o Preto Restaurant Week tem menus veganos e vegetarianos","author":"ismaelcolosi.com.br","date":"23 de November de 2023","format":false,"excerpt":"18 Cerca de 14% dos brasileiros s\u00e3o vegetarianos, segundo pesquisa IBOPE divulgada pela Sociedade Vegetariana Brasileira, em 2018. Para atender a um p\u00fablico crescente que adotou novos h\u00e1bitos alimentares ou aqueles que adoram experimentar novas op\u00e7\u00f5es gastron\u00f4micas, a Ribeir\u00e3o Preto Restaurant Week, que termina no pr\u00f3ximo domingo, 26 de novembro,\u2026","rel":"","context":"In &quot;Not\u00edcias de Ribeir\u00e3o Preto-SP e Regi\u00e3o&quot;","block_context":{"text":"Not\u00edcias de Ribeir\u00e3o Preto-SP e Regi\u00e3o","link":"https:\/\/ismaelcolosi.com.br\/index.php\/category\/noticias-de-ribeirao-preto-sp-e-regiao-ismael-colosi\/"},"img":{"alt_text":"","src":"https:\/\/i0.wp.com\/ismaelcolosi.com.br\/wp-content\/uploads\/2023\/11\/Imagem-do-WhatsApp-de-2023-11-21-as-15.21.36_ef8a3cdd.jpg?fit=1200%2C675&ssl=1&resize=350%2C200","width":350,"height":200,"srcset":"https:\/\/i0.wp.com\/ismaelcolosi.com.br\/wp-content\/uploads\/2023\/11\/Imagem-do-WhatsApp-de-2023-11-21-as-15.21.36_ef8a3cdd.jpg?fit=1200%2C675&ssl=1&resize=350%2C200 1x, https:\/\/i0.wp.com\/ismaelcolosi.com.br\/wp-content\/uploads\/2023\/11\/Imagem-do-WhatsApp-de-2023-11-21-as-15.21.36_ef8a3cdd.jpg?fit=1200%2C675&ssl=1&resize=525%2C300 1.5x, https:\/\/i0.wp.com\/ismaelcolosi.com.br\/wp-content\/uploads\/2023\/11\/Imagem-do-WhatsApp-de-2023-11-21-as-15.21.36_ef8a3cdd.jpg?fit=1200%2C675&ssl=1&resize=700%2C400 2x, https:\/\/i0.wp.com\/ismaelcolosi.com.br\/wp-content\/uploads\/2023\/11\/Imagem-do-WhatsApp-de-2023-11-21-as-15.21.36_ef8a3cdd.jpg?fit=1200%2C675&ssl=1&resize=1050%2C600 3x"},"classes":[]},{"id":51704,"url":"https:\/\/ismaelcolosi.com.br\/index.php\/2024\/05\/29\/confira-qual-e-o-bar-campeao-do-comida-di-buteco-em-ribeirao-preto\/","url_meta":{"origin":4797,"position":4},"title":"Confira qual \u00e9 o bar campe\u00e3o do Comida di Buteco em Ribeir\u00e3o Preto","author":"ismaelcolosi.com.br","date":"29 de May de 2024","format":false,"excerpt":"O Federal Bar \u00e9 o grande vencedor do Comida di Buteco 2024 em Ribeir\u00e3o Preto. O resultado do concurso foi anunciado na noite desta quarta-feira (29). Essa \u00e9 a segunda vez que o bar participa da competi\u00e7\u00e3o. Localizada na rua Daniel Kujawski, 930, no Jardim Jardim Macedo, o prato do\u2026","rel":"","context":"In &quot;Not\u00edcias de Ribeir\u00e3o Preto-SP e Regi\u00e3o&quot;","block_context":{"text":"Not\u00edcias de Ribeir\u00e3o Preto-SP e Regi\u00e3o","link":"https:\/\/ismaelcolosi.com.br\/index.php\/category\/noticias-de-ribeirao-preto-sp-e-regiao-ismael-colosi\/"},"img":{"alt_text":"","src":"https:\/\/i0.wp.com\/ismaelcolosi.com.br\/wp-content\/uploads\/2024\/05\/WhatsApp-Image-2024-05-29-at-21.27.47_2024-05-30_00-29-17_jpeg_2024-05-30_00-29-18-scaled.webp.webp?fit=1200%2C763&ssl=1&resize=350%2C200","width":350,"height":200,"srcset":"https:\/\/i0.wp.com\/ismaelcolosi.com.br\/wp-content\/uploads\/2024\/05\/WhatsApp-Image-2024-05-29-at-21.27.47_2024-05-30_00-29-17_jpeg_2024-05-30_00-29-18-scaled.webp.webp?fit=1200%2C763&ssl=1&resize=350%2C200 1x, https:\/\/i0.wp.com\/ismaelcolosi.com.br\/wp-content\/uploads\/2024\/05\/WhatsApp-Image-2024-05-29-at-21.27.47_2024-05-30_00-29-17_jpeg_2024-05-30_00-29-18-scaled.webp.webp?fit=1200%2C763&ssl=1&resize=525%2C300 1.5x, https:\/\/i0.wp.com\/ismaelcolosi.com.br\/wp-content\/uploads\/2024\/05\/WhatsApp-Image-2024-05-29-at-21.27.47_2024-05-30_00-29-17_jpeg_2024-05-30_00-29-18-scaled.webp.webp?fit=1200%2C763&ssl=1&resize=700%2C400 2x, https:\/\/i0.wp.com\/ismaelcolosi.com.br\/wp-content\/uploads\/2024\/05\/WhatsApp-Image-2024-05-29-at-21.27.47_2024-05-30_00-29-17_jpeg_2024-05-30_00-29-18-scaled.webp.webp?fit=1200%2C763&ssl=1&resize=1050%2C600 3x"},"classes":[]},{"id":44780,"url":"https:\/\/ismaelcolosi.com.br\/index.php\/2024\/03\/30\/veja-quais-sao-os-pratos-do-comida-di-buteco-2024-em-ribeirao-preto\/","url_meta":{"origin":4797,"position":5},"title":"Veja quais s\u00e3o os pratos do \u2018Comida Di Buteco 2024\u2019 em Ribeir\u00e3o Preto","author":"ismaelcolosi.com.br","date":"30 de March de 2024","format":false,"excerpt":"A\u00a024\u00aa edi\u00e7\u00e3o do Comida di Buteco\u00a0em\u00a0Ribeir\u00e3o Preto\u00a0acontece de\u00a05 a 28 de abril. Este ano, com o lema\u00a0\u201cSomos Todos Buteco\u201d, o concurso re\u00fane\u00a028 estabelecimentos de regi\u00f5es diversas da cidade. Este ano\u00a0n\u00e3o tem tema espec\u00edfico\u00a0e os\u00a0estabelecimentos\u00a0criaram\u00a0receitas autorais (veja abaixo), que ter\u00e3o\u00a0pre\u00e7o fixo de R$ 35. Confira os bares e os pratos deste\u2026","rel":"","context":"In &quot;Not\u00edcias de Ribeir\u00e3o Preto-SP e Regi\u00e3o&quot;","block_context":{"text":"Not\u00edcias de Ribeir\u00e3o Preto-SP e Regi\u00e3o","link":"https:\/\/ismaelcolosi.com.br\/index.php\/category\/noticias-de-ribeirao-preto-sp-e-regiao-ismael-colosi\/"},"img":{"alt_text":"","src":"https:\/\/i0.wp.com\/ismaelcolosi.com.br\/wp-content\/uploads\/2024\/03\/Copia-de-Copia-de-TAMANHO-EXATO-PARA-FOTOS-NO-SISTEMA-NOVO-6-2.jpg?fit=1200%2C675&ssl=1&resize=350%2C200","width":350,"height":200,"srcset":"https:\/\/i0.wp.com\/ismaelcolosi.com.br\/wp-content\/uploads\/2024\/03\/Copia-de-Copia-de-TAMANHO-EXATO-PARA-FOTOS-NO-SISTEMA-NOVO-6-2.jpg?fit=1200%2C675&ssl=1&resize=350%2C200 1x, https:\/\/i0.wp.com\/ismaelcolosi.com.br\/wp-content\/uploads\/2024\/03\/Copia-de-Copia-de-TAMANHO-EXATO-PARA-FOTOS-NO-SISTEMA-NOVO-6-2.jpg?fit=1200%2C675&ssl=1&resize=525%2C300 1.5x, https:\/\/i0.wp.com\/ismaelcolosi.com.br\/wp-content\/uploads\/2024\/03\/Copia-de-Copia-de-TAMANHO-EXATO-PARA-FOTOS-NO-SISTEMA-NOVO-6-2.jpg?fit=1200%2C675&ssl=1&resize=700%2C400 2x, https:\/\/i0.wp.com\/ismaelcolosi.com.br\/wp-content\/uploads\/2024\/03\/Copia-de-Copia-de-TAMANHO-EXATO-PARA-FOTOS-NO-SISTEMA-NOVO-6-2.jpg?fit=1200%2C675&ssl=1&resize=1050%2C600 3x"},"classes":[]}],"jetpack_sharing_enabled":true,"jetpack_shortlink":"https:\/\/wp.me\/pfMlyK-1fn","_links":{"self":[{"href":"https:\/\/ismaelcolosi.com.br\/index.php\/wp-json\/wp\/v2\/posts\/4797","targetHints":{"allow":["GET"]}}],"collection":[{"href":"https:\/\/ismaelcolosi.com.br\/index.php\/wp-json\/wp\/v2\/posts"}],"about":[{"href":"https:\/\/ismaelcolosi.com.br\/index.php\/wp-json\/wp\/v2\/types\/post"}],"author":[{"embeddable":true,"href":"https:\/\/ismaelcolosi.com.br\/index.php\/wp-json\/wp\/v2\/users\/1"}],"replies":[{"embeddable":true,"href":"https:\/\/ismaelcolosi.com.br\/index.php\/wp-json\/wp\/v2\/comments?post=4797"}],"version-history":[{"count":0,"href":"https:\/\/ismaelcolosi.com.br\/index.php\/wp-json\/wp\/v2\/posts\/4797\/revisions"}],"wp:featuredmedia":[{"embeddable":true,"href":"https:\/\/ismaelcolosi.com.br\/index.php\/wp-json\/wp\/v2\/media\/4798"}],"wp:attachment":[{"href":"https:\/\/ismaelcolosi.com.br\/index.php\/wp-json\/wp\/v2\/media?parent=4797"}],"wp:term":[{"taxonomy":"category","embeddable":true,"href":"https:\/\/ismaelcolosi.com.br\/index.php\/wp-json\/wp\/v2\/categories?post=4797"},{"taxonomy":"post_tag","embeddable":true,"href":"https:\/\/ismaelcolosi.com.br\/index.php\/wp-json\/wp\/v2\/tags?post=4797"}],"curies":[{"name":"wp","href":"https:\/\/api.w.org\/{rel}","templated":true}]}}