{"id":47965,"date":"2024-04-29T20:46:49","date_gmt":"2024-04-29T23:46:49","guid":{"rendered":"https:\/\/ismaelcolosi.com.br\/index.php\/2024\/04\/29\/exposicao-com-replicas-de-carros-de-formula-1-e-prorrogada-em-ribeirao-preto-confira\/"},"modified":"2024-04-29T20:46:49","modified_gmt":"2024-04-29T23:46:49","slug":"exposicao-com-replicas-de-carros-de-formula-1-e-prorrogada-em-ribeirao-preto-confira","status":"publish","type":"post","link":"https:\/\/ismaelcolosi.com.br\/index.php\/2024\/04\/29\/exposicao-com-replicas-de-carros-de-formula-1-e-prorrogada-em-ribeirao-preto-confira\/","title":{"rendered":"Exposi\u00e7\u00e3o com r\u00e9plicas de carros de F\u00f3rmula 1 \u00e9 prorrogada em Ribeir\u00e3o Preto; Confira"},"content":{"rendered":"<p> <br \/>\n<\/p>\n<div data-td-block-uid=\"tdi_101\">\n<div class=\"tdb-block-inner td-fix-index\">\n<p>A <strong>exposi\u00e7\u00e3o de r\u00e9plicas de carros da F\u00f3rmula 1<\/strong> e de o<strong>bjetos do mundo automobil\u00edstico<\/strong>, que acontece no Ribeir\u00e3o Shopping, na zona Sul de <strong>Ribeir\u00e3o Preto<\/strong>, foi <strong>prorrogada<\/strong> at\u00e9 o dia <strong>5 de maio<\/strong>.<\/p>\n<p>Com<strong> entrada de gra\u00e7a<\/strong>, a mostra<strong> \u201cF\u00f3rmula Design &amp; Best of The Best\u201d<\/strong> tem como <strong>destaque<\/strong> <strong>tr\u00eas r\u00e9plicas de carros de F\u00f3rmula 1<\/strong> desenvolvidos por Adhemar Cabral, que \u00e9 colecionador e designer.<\/p>\n<p>Entre as c\u00f3pias est\u00e3o os <span style=\"background-color:#f7cc62\" class=\"td_text_highlight_marker\"><mark style=\"background-color:rgba(0, 0, 0, 0)\" class=\"has-inline-color has-black-color\">carros da <strong>McLaren MP 4\/4 da temporada de 1988<\/strong>, que foi <strong>pilotado<\/strong> pelo<strong> brasileiro Ayrton Senna<\/strong> e pelo <strong>franc\u00eas Alain Prost<\/strong> e o da Mercedes-Benz W 196, conhecido como o \u201cFlecha de Prata\u201d \u2013 carro mais caro do mundo vendido em leil\u00e3o<\/mark><\/span>.<\/p>\n<p>Al\u00e9m das r\u00e9plicas, lan\u00e7amentos de<strong> carros de luxo<\/strong> importados tamb\u00e9m est\u00e3o em exposi\u00e7\u00e3o.<\/p>\n<p><strong>Servi\u00e7o:<\/strong><\/p>\n<p><strong>Exposi\u00e7\u00e3o F\u00f3rmula Design &amp; Best of The Best<\/strong><br \/>Data: at\u00e9 5 de maio<br \/>Local: Ribeir\u00e3o Shopping<br \/>Entrada de gra\u00e7a<\/p>\n<p>SAIBA MAIS <\/p>\n<p>Inc\u00eandio em academia na zona Oeste de Ribeir\u00e3o Preto mobiliza bombeiros; Veja v\u00eddeo<\/p>\n<h4 class=\"wp-block-heading\"><strong>FIQUE ON<\/strong><\/h4>\n<p>Fique ligado em tudo que acontece em Ribeir\u00e3o Preto e regi\u00e3o. Siga os perfis do\u00a0<strong>acidade on\u00a0<\/strong>no\u00a0<a href=\"https:\/\/www.instagram.com\/acidadeonribeirao\" target=\"_blank\" rel=\"noreferrer noopener\">Instagram<\/a>\u00a0e no\u00a0<a href=\"https:\/\/www.facebook.com\/acidadeonribeirao\" target=\"_blank\" rel=\"noreferrer noopener\">Facebook<\/a>.<\/p>\n<p>Receba not\u00edcias do acidade on no WhatsApp. Para entrar no grupo, basta\u00a0<a href=\"https:\/\/chat.whatsapp.com\/GFH9HUMUTHNFJdnyEd0xxq\" target=\"_blank\" rel=\"noreferrer noopener\">clicar aqui<\/a>.<\/p>\n<p>Fa\u00e7a uma den\u00fancia ou sugira uma reportagem sobre Ribeir\u00e3o Preto e regi\u00e3o pelo WhatsApp: 16 99117 7802.<\/p>\n<p>VEJA TAMB\u00c9M<\/p>\n<p>Quando estreia o document\u00e1rio sobre o Ayrton Senna?<\/p>\n<p><!-- AI CONTENT END 1 -->\n<\/div>\n<\/div>\n<p><script async src=\"\/\/www.instagram.com\/embed.js\"><\/script><br \/>\n<br \/><br \/>\n<br \/><a href=\"https:\/\/www.acidadeon.com\/ribeiraopreto\/lazer-e-cultura\/exposicao-com-replicas-de-carros-de-formula-1-e-prorrogada-em-ribeirao-preto-confira\/\">Source link <\/a><\/p>\n<div class='code-block code-block-4' style='margin: 8px auto 8px 0; text-align: left; display: block; clear: both;'>\n\ud83d\udce2 Aviso Legal\n\nO site ismaelcolosi.com.br atua apenas como um canal de divulga\u00e7\u00e3o de oportunidades de emprego e n\u00e3o se responsabiliza pelo processo seletivo, contrata\u00e7\u00e3o ou qualquer outra etapa relacionada \u00e0s vagas publicadas. Todas as informa\u00e7\u00f5es s\u00e3o de responsabilidade dos anunciantes.\n\n\u26a0\ufe0f Aten\u00e7\u00e3o! Nunca pague por promessas de emprego nem compre cursos que garantam contrata\u00e7\u00e3o. Desconfie de qualquer cobran\u00e7a para participar de sele\u00e7\u00f5es.\n\n\n\n<\/div>\n<!-- CONTENT END 1 -->\n","protected":false},"excerpt":{"rendered":"<p>A exposi\u00e7\u00e3o de r\u00e9plicas de carros da F\u00f3rmula 1 e de objetos do mundo automobil\u00edstico, que acontece no Ribeir\u00e3o Shopping, na zona Sul de Ribeir\u00e3o&#8230;<\/p>\n","protected":false},"author":1,"featured_media":47966,"comment_status":"open","ping_status":"open","sticky":false,"template":"","format":"standard","meta":{"_uag_custom_page_level_css":"","advanced_seo_description":"","jetpack_seo_html_title":"","jetpack_seo_noindex":false,"jetpack_post_was_ever_published":false,"_jetpack_newsletter_access":"","_jetpack_dont_email_post_to_subs":false,"_jetpack_newsletter_tier_id":0,"_jetpack_memberships_contains_paywalled_content":false,"_jetpack_memberships_contains_paid_content":false,"footnotes":"","jetpack_publicize_message":"","jetpack_publicize_feature_enabled":true,"jetpack_social_post_already_shared":true,"jetpack_social_options":{"image_generator_settings":{"template":"highway","default_image_id":0,"font":"","enabled":false},"version":2}},"categories":[11],"tags":[],"class_list":["post-47965","post","type-post","status-publish","format-standard","has-post-thumbnail","hentry","category-noticias-de-ribeirao-preto-sp-e-regiao-ismael-colosi"],"jetpack_publicize_connections":[],"jetpack_featured_media_url":"https:\/\/i0.wp.com\/ismaelcolosi.com.br\/wp-content\/uploads\/2024\/04\/Copia-de-Copia-de-TAMANHO-EXATO-PARA-FOTOS-NO-SISTEMA-NOVO-22-1_2024-04-29_23-20-10_jpg.webp.webp?fit=1200%2C675&ssl=1","uagb_featured_image_src":{"full":["https:\/\/i0.wp.com\/ismaelcolosi.com.br\/wp-content\/uploads\/2024\/04\/Copia-de-Copia-de-TAMANHO-EXATO-PARA-FOTOS-NO-SISTEMA-NOVO-22-1_2024-04-29_23-20-10_jpg.webp.webp?fit=1200%2C675&ssl=1",1200,675,false],"thumbnail":["https:\/\/i0.wp.com\/ismaelcolosi.com.br\/wp-content\/uploads\/2024\/04\/Copia-de-Copia-de-TAMANHO-EXATO-PARA-FOTOS-NO-SISTEMA-NOVO-22-1_2024-04-29_23-20-10_jpg.webp.webp?resize=150%2C150&ssl=1",150,150,true],"medium":["https:\/\/i0.wp.com\/ismaelcolosi.com.br\/wp-content\/uploads\/2024\/04\/Copia-de-Copia-de-TAMANHO-EXATO-PARA-FOTOS-NO-SISTEMA-NOVO-22-1_2024-04-29_23-20-10_jpg.webp.webp?fit=300%2C169&ssl=1",300,169,true],"medium_large":["https:\/\/i0.wp.com\/ismaelcolosi.com.br\/wp-content\/uploads\/2024\/04\/Copia-de-Copia-de-TAMANHO-EXATO-PARA-FOTOS-NO-SISTEMA-NOVO-22-1_2024-04-29_23-20-10_jpg.webp.webp?fit=768%2C432&ssl=1",768,432,true],"large":["https:\/\/i0.wp.com\/ismaelcolosi.com.br\/wp-content\/uploads\/2024\/04\/Copia-de-Copia-de-TAMANHO-EXATO-PARA-FOTOS-NO-SISTEMA-NOVO-22-1_2024-04-29_23-20-10_jpg.webp.webp?fit=1024%2C576&ssl=1",1024,576,true],"1536x1536":["https:\/\/i0.wp.com\/ismaelcolosi.com.br\/wp-content\/uploads\/2024\/04\/Copia-de-Copia-de-TAMANHO-EXATO-PARA-FOTOS-NO-SISTEMA-NOVO-22-1_2024-04-29_23-20-10_jpg.webp.webp?fit=1200%2C675&ssl=1",1200,675,true],"2048x2048":["https:\/\/i0.wp.com\/ismaelcolosi.com.br\/wp-content\/uploads\/2024\/04\/Copia-de-Copia-de-TAMANHO-EXATO-PARA-FOTOS-NO-SISTEMA-NOVO-22-1_2024-04-29_23-20-10_jpg.webp.webp?fit=1200%2C675&ssl=1",1200,675,true],"really-simple-thumb":["https:\/\/i0.wp.com\/ismaelcolosi.com.br\/wp-content\/uploads\/2024\/04\/Copia-de-Copia-de-TAMANHO-EXATO-PARA-FOTOS-NO-SISTEMA-NOVO-22-1_2024-04-29_23-20-10_jpg.webp.webp?resize=370%2C247&ssl=1",370,247,true]},"uagb_author_info":{"display_name":"ismaelcolosi.com.br","author_link":"https:\/\/ismaelcolosi.com.br\/index.php\/author\/vidareal-online\/"},"uagb_comment_info":0,"uagb_excerpt":"A exposi\u00e7\u00e3o de r\u00e9plicas de carros da F\u00f3rmula 1 e de objetos do mundo automobil\u00edstico, que acontece no Ribeir\u00e3o Shopping, na zona Sul de Ribeir\u00e3o...","jetpack-related-posts":[{"id":43887,"url":"https:\/\/ismaelcolosi.com.br\/index.php\/2024\/03\/23\/exposicao-traz-replicas-da-f1\/","url_meta":{"origin":47965,"position":0},"title":"Exposi\u00e7\u00e3o traz r\u00e9plicas da F1\u00a0","author":"ismaelcolosi.com.br","date":"23 de March de 2024","format":false,"excerpt":"Os f\u00e3s do automobilismo j\u00e1 t\u00eam programa garantido em Ribeir\u00e3o Preto. Desde esta sexta-feira, 22 de mar\u00e7o, e at\u00e9 21 de abril, o Ribeir\u00e3oShopping recebe, no Setor Terra Vermelha, a exposi\u00e7\u00e3o F\u00f3rmula Design & Best of The Best, que traz r\u00e9plicas e objetos do mundo automobil\u00edstico com destaque para tr\u00eas\u2026","rel":"","context":"In &quot;Not\u00edcias de Ribeir\u00e3o Preto-SP e Regi\u00e3o&quot;","block_context":{"text":"Not\u00edcias de Ribeir\u00e3o Preto-SP e Regi\u00e3o","link":"https:\/\/ismaelcolosi.com.br\/index.php\/category\/noticias-de-ribeirao-preto-sp-e-regiao-ismael-colosi\/"},"img":{"alt_text":"","src":"https:\/\/i0.wp.com\/ismaelcolosi.com.br\/wp-content\/uploads\/2024\/03\/MostraF1-Sen-Divulgacao-01-scaled.jpg?fit=1200%2C900&ssl=1&resize=350%2C200","width":350,"height":200,"srcset":"https:\/\/i0.wp.com\/ismaelcolosi.com.br\/wp-content\/uploads\/2024\/03\/MostraF1-Sen-Divulgacao-01-scaled.jpg?fit=1200%2C900&ssl=1&resize=350%2C200 1x, https:\/\/i0.wp.com\/ismaelcolosi.com.br\/wp-content\/uploads\/2024\/03\/MostraF1-Sen-Divulgacao-01-scaled.jpg?fit=1200%2C900&ssl=1&resize=525%2C300 1.5x, https:\/\/i0.wp.com\/ismaelcolosi.com.br\/wp-content\/uploads\/2024\/03\/MostraF1-Sen-Divulgacao-01-scaled.jpg?fit=1200%2C900&ssl=1&resize=700%2C400 2x, https:\/\/i0.wp.com\/ismaelcolosi.com.br\/wp-content\/uploads\/2024\/03\/MostraF1-Sen-Divulgacao-01-scaled.jpg?fit=1200%2C900&ssl=1&resize=1050%2C600 3x"},"classes":[]},{"id":48201,"url":"https:\/\/ismaelcolosi.com.br\/index.php\/2024\/05\/01\/senna-30-anos-ribeirao-preto-tem-exposicoes-em-homenagem-a-trajetoria-do-piloto\/","url_meta":{"origin":47965,"position":1},"title":"Senna 30 anos: Ribeir\u00e3o Preto tem exposi\u00e7\u00f5es em homenagem a trajet\u00f3ria do piloto","author":"ismaelcolosi.com.br","date":"1 de May de 2024","format":false,"excerpt":"Ribeir\u00e3o Preto recebe uma exposi\u00e7\u00e3o gratuita em homenagem ao brasileiro Ayrton Senna, a partir desta quarta-feira (1\u00ba), data que marca os trinta anos da morte do brasileiro. A mostra acontece no Shopping Santa \u00darsula, localizado no Centro de Ribeir\u00e3o. O p\u00fablico que comparecer ao local poder\u00e1 ver de perto mais\u2026","rel":"","context":"In &quot;Not\u00edcias de Ribeir\u00e3o Preto-SP e Regi\u00e3o&quot;","block_context":{"text":"Not\u00edcias de Ribeir\u00e3o Preto-SP e Regi\u00e3o","link":"https:\/\/ismaelcolosi.com.br\/index.php\/category\/noticias-de-ribeirao-preto-sp-e-regiao-ismael-colosi\/"},"img":{"alt_text":"","src":"https:\/\/i0.wp.com\/ismaelcolosi.com.br\/wp-content\/uploads\/2024\/05\/AnyConv.com__Ayrton_Senna_1988_Canada_cropped.webp.webp?fit=640%2C400&ssl=1&resize=350%2C200","width":350,"height":200,"srcset":"https:\/\/i0.wp.com\/ismaelcolosi.com.br\/wp-content\/uploads\/2024\/05\/AnyConv.com__Ayrton_Senna_1988_Canada_cropped.webp.webp?fit=640%2C400&ssl=1&resize=350%2C200 1x, https:\/\/i0.wp.com\/ismaelcolosi.com.br\/wp-content\/uploads\/2024\/05\/AnyConv.com__Ayrton_Senna_1988_Canada_cropped.webp.webp?fit=640%2C400&ssl=1&resize=525%2C300 1.5x"},"classes":[]},{"id":48076,"url":"https:\/\/ismaelcolosi.com.br\/index.php\/2024\/04\/30\/ribeirao-preto-tem-quermesse-especial-para-celebrar-o-dia-das-maes-veja-quando\/","url_meta":{"origin":47965,"position":2},"title":"Ribeir\u00e3o Preto tem quermesse especial para celebrar o Dia das M\u00e3es; Veja quando","author":"ismaelcolosi.com.br","date":"30 de April de 2024","format":false,"excerpt":"As Par\u00f3quias S\u00e3o Mateus Ap\u00f3stolo e Santa Teresinha do Menino Jesus, em Ribeir\u00e3o Preto, est\u00e3o organizando quermesses especiais para celebrar o Dia das M\u00e3es. Os eventos ter\u00e3o comidas e bebidas t\u00edpicas, al\u00e9m de sorteios de pr\u00eamios em dinheiro. Confira a programa\u00e7\u00e3o: Par\u00f3quia S\u00e3o Mateus Ap\u00f3stolo O evento acontece nos dias\u2026","rel":"","context":"In &quot;Not\u00edcias de Ribeir\u00e3o Preto-SP e Regi\u00e3o&quot;","block_context":{"text":"Not\u00edcias de Ribeir\u00e3o Preto-SP e Regi\u00e3o","link":"https:\/\/ismaelcolosi.com.br\/index.php\/category\/noticias-de-ribeirao-preto-sp-e-regiao-ismael-colosi\/"},"img":{"alt_text":"","src":"https:\/\/i0.wp.com\/ismaelcolosi.com.br\/wp-content\/uploads\/2024\/04\/esta_aberta_500x320_01062018112058.jpg?fit=500%2C322&ssl=1&resize=350%2C200","width":350,"height":200},"classes":[]},{"id":47975,"url":"https:\/\/ismaelcolosi.com.br\/index.php\/2024\/04\/29\/o-que-se-sabe-sobre-morte-de-jovem-baleada-por-marido-em-ribeirao-preto\/","url_meta":{"origin":47965,"position":3},"title":"O que se sabe sobre morte de jovem baleada por marido em Ribeir\u00e3o Preto","author":"ismaelcolosi.com.br","date":"29 de April de 2024","format":false,"excerpt":"A jovem Ana J\u00falia dos Santos Borsoi, de 19 anos, que morreu ap\u00f3s ser atingida no t\u00f3rax por um disparo de arma de fogo realizado pelo marido, foi sepultada nesta segunda-feira (29). A vers\u00e3o apresentada por Matheus Augusto Pinto, companheiro de Ana J\u00falia, de que o disparo foi acidental, est\u00e1\u2026","rel":"","context":"In &quot;Not\u00edcias de Ribeir\u00e3o Preto-SP e Regi\u00e3o&quot;","block_context":{"text":"Not\u00edcias de Ribeir\u00e3o Preto-SP e Regi\u00e3o","link":"https:\/\/ismaelcolosi.com.br\/index.php\/category\/noticias-de-ribeirao-preto-sp-e-regiao-ismael-colosi\/"},"img":{"alt_text":"","src":"https:\/\/i0.wp.com\/ismaelcolosi.com.br\/wp-content\/uploads\/2024\/04\/Copia-de-Copia-de-TAMANHO-EXATO-PARA-FOTOS-NO-SISTEMA-NOVO-23-1_2024-04-29_23-57-41_jpg.webp.webp?fit=1200%2C675&ssl=1&resize=350%2C200","width":350,"height":200,"srcset":"https:\/\/i0.wp.com\/ismaelcolosi.com.br\/wp-content\/uploads\/2024\/04\/Copia-de-Copia-de-TAMANHO-EXATO-PARA-FOTOS-NO-SISTEMA-NOVO-23-1_2024-04-29_23-57-41_jpg.webp.webp?fit=1200%2C675&ssl=1&resize=350%2C200 1x, https:\/\/i0.wp.com\/ismaelcolosi.com.br\/wp-content\/uploads\/2024\/04\/Copia-de-Copia-de-TAMANHO-EXATO-PARA-FOTOS-NO-SISTEMA-NOVO-23-1_2024-04-29_23-57-41_jpg.webp.webp?fit=1200%2C675&ssl=1&resize=525%2C300 1.5x, https:\/\/i0.wp.com\/ismaelcolosi.com.br\/wp-content\/uploads\/2024\/04\/Copia-de-Copia-de-TAMANHO-EXATO-PARA-FOTOS-NO-SISTEMA-NOVO-23-1_2024-04-29_23-57-41_jpg.webp.webp?fit=1200%2C675&ssl=1&resize=700%2C400 2x, https:\/\/i0.wp.com\/ismaelcolosi.com.br\/wp-content\/uploads\/2024\/04\/Copia-de-Copia-de-TAMANHO-EXATO-PARA-FOTOS-NO-SISTEMA-NOVO-23-1_2024-04-29_23-57-41_jpg.webp.webp?fit=1200%2C675&ssl=1&resize=1050%2C600 3x"},"classes":[]},{"id":69962,"url":"https:\/\/ismaelcolosi.com.br\/index.php\/2024\/10\/08\/predios-historicos-de-ribeirao-preto-ganham-versao-lego\/","url_meta":{"origin":47965,"position":4},"title":"Pr\u00e9dios hist\u00f3ricos de Ribeir\u00e3o Preto ganham vers\u00e3o Lego","author":"ismaelcolosi.com.br","date":"8 de October de 2024","format":false,"excerpt":"Pr\u00e9dio hist\u00f3ricos e tradicionais de Ribeir\u00e3o Preto ganham vida no mundo do Lego. Recria\u00e7\u00f5es de conjuntos arquitet\u00f4nicos que comp\u00f5em o famoso \u201cQuarteir\u00e3o Paulista\u201d de Ribeir\u00e3o Preto, como o Theatro Pedro II e o Pinguim est\u00e3o expostos na 2\u00aa edi\u00e7\u00e3o do POW Festival. A mostra acontece nos dias 19 e 20\u2026","rel":"","context":"In &quot;Not\u00edcias de Ribeir\u00e3o Preto-SP e Regi\u00e3o&quot;","block_context":{"text":"Not\u00edcias de Ribeir\u00e3o Preto-SP e Regi\u00e3o","link":"https:\/\/ismaelcolosi.com.br\/index.php\/category\/noticias-de-ribeirao-preto-sp-e-regiao-ismael-colosi\/"},"img":{"alt_text":"","src":"https:\/\/i0.wp.com\/ismaelcolosi.com.br\/wp-content\/uploads\/2024\/10\/Imagem-do-WhatsApp-de-2024-10-08-as-17.33.53_6a1ac251_2024-10-08_21-06-23_jpg_2024-10-08_21-06-23.webp.webp?fit=800%2C800&ssl=1&resize=350%2C200","width":350,"height":200,"srcset":"https:\/\/i0.wp.com\/ismaelcolosi.com.br\/wp-content\/uploads\/2024\/10\/Imagem-do-WhatsApp-de-2024-10-08-as-17.33.53_6a1ac251_2024-10-08_21-06-23_jpg_2024-10-08_21-06-23.webp.webp?fit=800%2C800&ssl=1&resize=350%2C200 1x, https:\/\/i0.wp.com\/ismaelcolosi.com.br\/wp-content\/uploads\/2024\/10\/Imagem-do-WhatsApp-de-2024-10-08-as-17.33.53_6a1ac251_2024-10-08_21-06-23_jpg_2024-10-08_21-06-23.webp.webp?fit=800%2C800&ssl=1&resize=525%2C300 1.5x, https:\/\/i0.wp.com\/ismaelcolosi.com.br\/wp-content\/uploads\/2024\/10\/Imagem-do-WhatsApp-de-2024-10-08-as-17.33.53_6a1ac251_2024-10-08_21-06-23_jpg_2024-10-08_21-06-23.webp.webp?fit=800%2C800&ssl=1&resize=700%2C400 2x"},"classes":[]},{"id":69968,"url":"https:\/\/ismaelcolosi.com.br\/index.php\/2024\/10\/08\/predios-historicos-de-ribeirao-preto-ganham-versao-lego-2\/","url_meta":{"origin":47965,"position":5},"title":"Pr\u00e9dios hist\u00f3ricos de Ribeir\u00e3o Preto ganham vers\u00e3o Lego","author":"ismaelcolosi.com.br","date":"8 de October de 2024","format":false,"excerpt":"Pr\u00e9dios hist\u00f3ricos e tradicionais de Ribeir\u00e3o Preto ganham vida no mundo do Lego. Recria\u00e7\u00f5es de conjuntos arquitet\u00f4nicos que comp\u00f5em o famoso \u201cQuarteir\u00e3o Paulista\u201d de Ribeir\u00e3o Preto, como o Theatro Pedro II e o Pinguim est\u00e3o expostos na 2\u00aa edi\u00e7\u00e3o do POW Festival. A mostra acontece nos dias 19 e 20\u2026","rel":"","context":"In &quot;Not\u00edcias de Ribeir\u00e3o Preto-SP e Regi\u00e3o&quot;","block_context":{"text":"Not\u00edcias de Ribeir\u00e3o Preto-SP e Regi\u00e3o","link":"https:\/\/ismaelcolosi.com.br\/index.php\/category\/noticias-de-ribeirao-preto-sp-e-regiao-ismael-colosi\/"},"img":{"alt_text":"","src":"https:\/\/i0.wp.com\/ismaelcolosi.com.br\/wp-content\/uploads\/2024\/10\/Imagem-do-WhatsApp-de-2024-10-08-as-17.33.53_6a1ac251_2024-10-08_21-06-23_jpg_2024-10-08_21-06-23.webp.webp?fit=800%2C800&ssl=1&resize=350%2C200","width":350,"height":200,"srcset":"https:\/\/i0.wp.com\/ismaelcolosi.com.br\/wp-content\/uploads\/2024\/10\/Imagem-do-WhatsApp-de-2024-10-08-as-17.33.53_6a1ac251_2024-10-08_21-06-23_jpg_2024-10-08_21-06-23.webp.webp?fit=800%2C800&ssl=1&resize=350%2C200 1x, https:\/\/i0.wp.com\/ismaelcolosi.com.br\/wp-content\/uploads\/2024\/10\/Imagem-do-WhatsApp-de-2024-10-08-as-17.33.53_6a1ac251_2024-10-08_21-06-23_jpg_2024-10-08_21-06-23.webp.webp?fit=800%2C800&ssl=1&resize=525%2C300 1.5x, https:\/\/i0.wp.com\/ismaelcolosi.com.br\/wp-content\/uploads\/2024\/10\/Imagem-do-WhatsApp-de-2024-10-08-as-17.33.53_6a1ac251_2024-10-08_21-06-23_jpg_2024-10-08_21-06-23.webp.webp?fit=800%2C800&ssl=1&resize=700%2C400 2x"},"classes":[]}],"jetpack_sharing_enabled":true,"jetpack_shortlink":"https:\/\/wp.me\/pfMlyK-ctD","_links":{"self":[{"href":"https:\/\/ismaelcolosi.com.br\/index.php\/wp-json\/wp\/v2\/posts\/47965","targetHints":{"allow":["GET"]}}],"collection":[{"href":"https:\/\/ismaelcolosi.com.br\/index.php\/wp-json\/wp\/v2\/posts"}],"about":[{"href":"https:\/\/ismaelcolosi.com.br\/index.php\/wp-json\/wp\/v2\/types\/post"}],"author":[{"embeddable":true,"href":"https:\/\/ismaelcolosi.com.br\/index.php\/wp-json\/wp\/v2\/users\/1"}],"replies":[{"embeddable":true,"href":"https:\/\/ismaelcolosi.com.br\/index.php\/wp-json\/wp\/v2\/comments?post=47965"}],"version-history":[{"count":0,"href":"https:\/\/ismaelcolosi.com.br\/index.php\/wp-json\/wp\/v2\/posts\/47965\/revisions"}],"wp:featuredmedia":[{"embeddable":true,"href":"https:\/\/ismaelcolosi.com.br\/index.php\/wp-json\/wp\/v2\/media\/47966"}],"wp:attachment":[{"href":"https:\/\/ismaelcolosi.com.br\/index.php\/wp-json\/wp\/v2\/media?parent=47965"}],"wp:term":[{"taxonomy":"category","embeddable":true,"href":"https:\/\/ismaelcolosi.com.br\/index.php\/wp-json\/wp\/v2\/categories?post=47965"},{"taxonomy":"post_tag","embeddable":true,"href":"https:\/\/ismaelcolosi.com.br\/index.php\/wp-json\/wp\/v2\/tags?post=47965"}],"curies":[{"name":"wp","href":"https:\/\/api.w.org\/{rel}","templated":true}]}}