{"id":4795,"date":"2023-11-22T10:41:10","date_gmt":"2023-11-22T13:41:10","guid":{"rendered":"https:\/\/ismaelcolosi.com.br\/index.php\/2023\/11\/22\/rs-oferece-mais-de-22-mil-vagas-em-cursos-tecnicos-gratuitos\/"},"modified":"2023-11-22T10:41:10","modified_gmt":"2023-11-22T13:41:10","slug":"rs-oferece-mais-de-22-mil-vagas-em-cursos-tecnicos-gratuitos","status":"publish","type":"post","link":"https:\/\/ismaelcolosi.com.br\/index.php\/2023\/11\/22\/rs-oferece-mais-de-22-mil-vagas-em-cursos-tecnicos-gratuitos\/","title":{"rendered":"RS oferece mais de 22 mil vagas em cursos t\u00e9cnicos gratuitos"},"content":{"rendered":"<p> <br \/>\n<\/p>\n<div>\n<p>O governo do Rio Grande do Sul est\u00e1 com inscri\u00e7\u00f5es abertas para 63 cursos t\u00e9cnicos gratuitos. Ao todo, s\u00e3o oferecidas mais de 22 mil vagas.<\/p>\n<p>A inscri\u00e7\u00e3o para as pr\u00e9-matr\u00edculas segue aberta at\u00e9 dia 1\u00ba de dezembro. \u00c9 poss\u00edvel se inscrever pelo <a href=\"https:\/\/servicos.educacao.rs.gov.br\/pse\/srv\/matricula.jsp?ACAO=acao5\">site da Secretaria da Educa\u00e7\u00e3o (Seduc)<\/a>, na aba \u201cmatr\u00edculas\u201d.<\/p><div class='code-block code-block-8' style='margin: 8px auto; text-align: center; display: block; clear: both;'>\n<script>\n  atOptions = {\n    'key' : '66e2e2111ca34da796271819fc334058',\n    'format' : 'iframe',\n    'height' : 250,\n    'width' : 300,\n    'params' : {}\n  };\n<\/script>\n<script src=\"https:\/\/www.highperformanceformat.com\/66e2e2111ca34da796271819fc334058\/invoke.js\"><\/script>\n<\/div>\n\n<div class=\"d-flex justify-content-center\" data-attachment-id=\"2312937\">\n<div class=\"position-relative d-inline-block\"><img data-recalc-dims=\"1\" data-portal-copyright=\"Pal\u00e1cio Piratini\/Divulga\u00e7\u00e3o\" decoding=\"async\" fetchpriority=\"high\" class=\"aligncenter size-full wp-image-2312937\" src=\"https:\/\/i0.wp.com\/catracalivre.com.br\/wp-content\/uploads\/2023\/11\/cursos-gratuitos-rs.jpg?resize=800%2C533&#038;ssl=1\" alt=\"\" width=\"800\" height=\"533\" srcset=\"https:\/\/catracalivre.com.br\/wp-content\/uploads\/2023\/11\/cursos-gratuitos-rs.jpg 800w, https:\/\/catracalivre.com.br\/wp-content\/uploads\/2023\/11\/cursos-gratuitos-rs-450x300.jpg 450w, https:\/\/catracalivre.com.br\/wp-content\/uploads\/2023\/11\/cursos-gratuitos-rs-768x512.jpg 768w\" sizes=\"(max-width: 800px) 100vw, 800px\"\/><\/p>\n<p>Cr\u00e9ditos: Pal\u00e1cio Piratini\/Divulga\u00e7\u00e3o<\/p>\n<\/div>\n<\/div>\n<p>A oferta dos cursos t\u00e9cnicos gratuitos \u00e9 bastante ampla e diversificada. Eles atendem a diferentes demandas do mercado de trabalho, oferecendo forma\u00e7\u00e3o em \u00e1reas como eletr\u00f4nica, mec\u00e2nica, inform\u00e1tica, sa\u00fade, gastronomia e administra\u00e7\u00e3o, entre outras.<\/p>\n<p>A principal caracter\u00edstica dos cursos t\u00e9cnicos \u00e9 a \u00eanfase na pr\u00e1tica profissional. Os alunos recebem treinamento espec\u00edfico em <a href=\"https:\/\/catracalivre.com.br\/educacao\/senai-tem-mais-de-35-mil-vagas-abertas-em-cursos-gratuitos\/\">laborat\u00f3rios e ambientes simulados<\/a>, o que lhes proporciona viv\u00eancia real das tarefas que ir\u00e3o executar em suas futuras ocupa\u00e7\u00f5es.<\/p>\n<h2>Matr\u00edculas nos cursos t\u00e9cnicos gratuitos<\/h2>\n<p>A partir de 29 de dezembro ocorrer\u00e3o as designa\u00e7\u00f5es dos estudantes para as escolas pretendidas.<\/p>\n<p>Na ocasi\u00e3o, os respons\u00e1veis pelos alunos receber\u00e3o todas as informa\u00e7\u00f5es pelo e-mail cadastrado no sistema ou poder\u00e3o realizar a consulta no site da Seduc, clicando em Matr\u00edculas e selecionando Consulta candidato.<\/p>\n<p>Posteriormente, entre 4 e 17 de janeiro de 2024, os candidatos e seus respectivos respons\u00e1veis precisar\u00e3o confirmar a matr\u00edcula de forma presencial na escola de designa\u00e7\u00e3o, apresentando as documenta\u00e7\u00f5es necess\u00e1rias para confirmar a vaga.<\/p>\n<h3>Eixos tecnol\u00f3gicos<\/h3>\n<p>A oferta dos cursos ocorre de forma integrada, concomitante ou subsequente ao Ensino M\u00e9dio. As \u00e1reas profissionais est\u00e3o divididas em 11 eixos tecnol\u00f3gicos.<\/p>\n<p>S\u00e3o eles: Recursos Naturais; Turismo, Hospitalidade e Lazer; Produ\u00e7\u00e3o Industrial; Seguran\u00e7a; Produ\u00e7\u00e3o Cultural e Design; Produ\u00e7\u00e3o Aliment\u00edcia; Infraestrutura; Informa\u00e7\u00e3o e Comunica\u00e7\u00e3o; Gest\u00e3o e Neg\u00f3cios; Controle e Processos Industriais; e Ambiente e Sa\u00fade.<\/p>\n<\/div>\n<p><script>\n\t\t! function(f, b, e, v, n, t, s) {\n\t\t\tif (f.fbq) return;\n\t\t\tn = f.fbq = function() {\n\t\t\t\tn.callMethod ?\n\t\t\t\t\tn.callMethod.apply(n, arguments) : n.queue.push(arguments)\n\t\t\t};\n\t\t\tif (!f._fbq) f._fbq = n;\n\t\t\tn.push = n;\n\t\t\tn.loaded = !0;\n\t\t\tn.version = '2.0';\n\t\t\tn.queue = [];\n\t\t\tt = b.createElement(e);\n\t\t\tt.async = !0;\n\t\t\tt.src = v;\n\t\t\ts = b.getElementsByTagName(e)[0];\n\t\t\ts.parentNode.insertBefore(t, s)\n\t\t}(window, document, 'script',\n\t\t\t'https:\/\/connect.facebook.net\/en_US\/fbevents.js');\n\t\tfbq('init', '338315473262380');\n\t\tfbq('track', 'PageView');\n\t<\/script><br \/>\n<br \/><br \/>\n<br \/><a href=\"https:\/\/catracalivre.com.br\/educacao\/rs-oferece-mais-de-22-mil-vagas-em-cursos-tecnicos-gratuitos\/\">Source link <\/a><\/p>\n<div class='code-block code-block-4' style='margin: 8px auto 8px 0; text-align: left; display: block; clear: both;'>\n\ud83d\udce2 Aviso Legal\n\nO site ismaelcolosi.com.br atua apenas como um canal de divulga\u00e7\u00e3o de oportunidades de emprego e n\u00e3o se responsabiliza pelo processo seletivo, contrata\u00e7\u00e3o ou qualquer outra etapa relacionada \u00e0s vagas publicadas. Todas as informa\u00e7\u00f5es s\u00e3o de responsabilidade dos anunciantes.\n\n\u26a0\ufe0f Aten\u00e7\u00e3o! Nunca pague por promessas de emprego nem compre cursos que garantam contrata\u00e7\u00e3o. Desconfie de qualquer cobran\u00e7a para participar de sele\u00e7\u00f5es.\n\n\n<div data-type=\"_mgwidget\" data-widget-id=\"2000896\">\n<\/div>\n<script>(function(w,q){w[q]=w[q]||[];w[q].push([\"_mgc.load\"])})(window,\"_mgq\");\n<\/script>\n<\/div>\n<!-- CONTENT END 1 -->\n","protected":false},"excerpt":{"rendered":"<p>O governo do Rio Grande do Sul est\u00e1 com inscri\u00e7\u00f5es abertas para 63 cursos t\u00e9cnicos gratuitos. Ao todo, s\u00e3o oferecidas mais de 22 mil vagas&#8230;.<\/p>\n","protected":false},"author":1,"featured_media":4796,"comment_status":"open","ping_status":"open","sticky":false,"template":"","format":"standard","meta":{"_uag_custom_page_level_css":"","jetpack_post_was_ever_published":false,"_jetpack_newsletter_access":"","_jetpack_dont_email_post_to_subs":false,"_jetpack_newsletter_tier_id":0,"_jetpack_memberships_contains_paywalled_content":false,"_jetpack_memberships_contains_paid_content":false,"footnotes":"","jetpack_publicize_message":"","jetpack_publicize_feature_enabled":true,"jetpack_social_post_already_shared":true,"jetpack_social_options":{"image_generator_settings":{"template":"highway","default_image_id":0,"font":"","enabled":false},"version":2}},"categories":[19],"tags":[],"class_list":["post-4795","post","type-post","status-publish","format-standard","has-post-thumbnail","hentry","category-variedades"],"aioseo_notices":[],"jetpack_publicize_connections":[],"jetpack_featured_media_url":"https:\/\/i0.wp.com\/ismaelcolosi.com.br\/wp-content\/uploads\/2023\/11\/cursos-gratuitos-rs.jpg?fit=1200%2C638&ssl=1","uagb_featured_image_src":{"full":["https:\/\/i0.wp.com\/ismaelcolosi.com.br\/wp-content\/uploads\/2023\/11\/cursos-gratuitos-rs.jpg?fit=1200%2C638&ssl=1",1200,638,false],"thumbnail":["https:\/\/i0.wp.com\/ismaelcolosi.com.br\/wp-content\/uploads\/2023\/11\/cursos-gratuitos-rs.jpg?resize=150%2C150&ssl=1",150,150,true],"medium":["https:\/\/i0.wp.com\/ismaelcolosi.com.br\/wp-content\/uploads\/2023\/11\/cursos-gratuitos-rs.jpg?fit=300%2C160&ssl=1",300,160,true],"medium_large":["https:\/\/i0.wp.com\/ismaelcolosi.com.br\/wp-content\/uploads\/2023\/11\/cursos-gratuitos-rs.jpg?fit=768%2C408&ssl=1",768,408,true],"large":["https:\/\/i0.wp.com\/ismaelcolosi.com.br\/wp-content\/uploads\/2023\/11\/cursos-gratuitos-rs.jpg?fit=1024%2C544&ssl=1",1024,544,true],"1536x1536":["https:\/\/i0.wp.com\/ismaelcolosi.com.br\/wp-content\/uploads\/2023\/11\/cursos-gratuitos-rs.jpg?fit=1200%2C638&ssl=1",1200,638,true],"2048x2048":["https:\/\/i0.wp.com\/ismaelcolosi.com.br\/wp-content\/uploads\/2023\/11\/cursos-gratuitos-rs.jpg?fit=1200%2C638&ssl=1",1200,638,true],"really-simple-thumb":["https:\/\/i0.wp.com\/ismaelcolosi.com.br\/wp-content\/uploads\/2023\/11\/cursos-gratuitos-rs.jpg?resize=370%2C247&ssl=1",370,247,true]},"uagb_author_info":{"display_name":"ismaelcolosi.com.br","author_link":"https:\/\/ismaelcolosi.com.br\/index.php\/author\/vidareal-online\/"},"uagb_comment_info":0,"uagb_excerpt":"O governo do Rio Grande do Sul est\u00e1 com inscri\u00e7\u00f5es abertas para 63 cursos t\u00e9cnicos gratuitos. Ao todo, s\u00e3o oferecidas mais de 22 mil vagas....","jetpack-related-posts":[{"id":8932,"url":"https:\/\/ismaelcolosi.com.br\/index.php\/2023\/12\/01\/secretaria-de-educacao-e-esportes-de-pernambuco-abre-18-mil-vagas-em-cursos-tecnicos-gratuitos\/","url_meta":{"origin":4795,"position":0},"title":"Secretaria de Educa\u00e7\u00e3o e Esportes de Pernambuco abre 18 mil vagas em cursos t\u00e9cnicos gratuitos","author":"ismaelcolosi.com.br","date":"1 de December de 2023","format":false,"excerpt":"A Secretaria de Educa\u00e7\u00e3o e Esportes de Pernambuco (SEE) abriu as inscri\u00e7\u00f5es para cursos t\u00e9cnicos gratuitos presenciais subsequentes na modalidade presencial e para a Educa\u00e7\u00e3o a Dist\u00e2ncia (EaD) semipresencial. S\u00e3o ofertadas 18.209 vagas em todas as regi\u00f5es do Estado para quem est\u00e1 cursando ou j\u00e1 concluiu o ensino m\u00e9dio. Cr\u00e9ditos:\u2026","rel":"","context":"In &quot;Variedades&quot;","block_context":{"text":"Variedades","link":"https:\/\/ismaelcolosi.com.br\/index.php\/category\/variedades\/"},"img":{"alt_text":"","src":"https:\/\/i0.wp.com\/ismaelcolosi.com.br\/wp-content\/uploads\/2023\/12\/ong-oferece-cursos-tecnicos-gratuitos-para-jovens-da-periferia-de-sp.jpg?fit=1200%2C638&ssl=1&resize=350%2C200","width":350,"height":200,"srcset":"https:\/\/i0.wp.com\/ismaelcolosi.com.br\/wp-content\/uploads\/2023\/12\/ong-oferece-cursos-tecnicos-gratuitos-para-jovens-da-periferia-de-sp.jpg?fit=1200%2C638&ssl=1&resize=350%2C200 1x, https:\/\/i0.wp.com\/ismaelcolosi.com.br\/wp-content\/uploads\/2023\/12\/ong-oferece-cursos-tecnicos-gratuitos-para-jovens-da-periferia-de-sp.jpg?fit=1200%2C638&ssl=1&resize=525%2C300 1.5x, https:\/\/i0.wp.com\/ismaelcolosi.com.br\/wp-content\/uploads\/2023\/12\/ong-oferece-cursos-tecnicos-gratuitos-para-jovens-da-periferia-de-sp.jpg?fit=1200%2C638&ssl=1&resize=700%2C400 2x, https:\/\/i0.wp.com\/ismaelcolosi.com.br\/wp-content\/uploads\/2023\/12\/ong-oferece-cursos-tecnicos-gratuitos-para-jovens-da-periferia-de-sp.jpg?fit=1200%2C638&ssl=1&resize=1050%2C600 3x"},"classes":[]},{"id":84343,"url":"https:\/\/ismaelcolosi.com.br\/index.php\/2025\/04\/07\/vestibular-fatecs-20-mil-vagas-para-cursos-gratuitos-em-tecnologia-no-segundo-semestre-invista-no-seu-futuro-com-os-cursos-superiores\/","url_meta":{"origin":4795,"position":1},"title":"Vestibular Fatecs: 20 Mil Vagas para Cursos Gratuitos em Tecnologia no Segundo Semestre! Invista No seu futuro com os cursos superiores!","author":"Arthur Tijolo","date":"7 de April de 2025","format":false,"excerpt":"As Faculdades de Tecnologia do Estado de S\u00e3o Paulo (Fatecs) iniciaram nesta segunda-feira, 7 de abril de 2025, as inscri\u00e7\u00f5es para o vestibular do segundo semestre, oferecendo um total de 20.020 vagas em cursos superiores gratuitos de tecnologia. As oportunidades est\u00e3o distribu\u00eddas entre 82 unidades em todo o estado de\u2026","rel":"","context":"In &quot;Cursos Gratuitos e Bolsas de Estudos&quot;","block_context":{"text":"Cursos Gratuitos e Bolsas de Estudos","link":"https:\/\/ismaelcolosi.com.br\/index.php\/category\/cursos-gratuitos-e-bolsas-de-estudos-ribeirao-preto\/"},"img":{"alt_text":"","src":"https:\/\/i0.wp.com\/ismaelcolosi.com.br\/wp-content\/uploads\/2025\/04\/group-women-looking-together-through-laptop-scaled.jpg?fit=1200%2C1200&ssl=1&resize=350%2C200","width":350,"height":200,"srcset":"https:\/\/i0.wp.com\/ismaelcolosi.com.br\/wp-content\/uploads\/2025\/04\/group-women-looking-together-through-laptop-scaled.jpg?fit=1200%2C1200&ssl=1&resize=350%2C200 1x, https:\/\/i0.wp.com\/ismaelcolosi.com.br\/wp-content\/uploads\/2025\/04\/group-women-looking-together-through-laptop-scaled.jpg?fit=1200%2C1200&ssl=1&resize=525%2C300 1.5x, https:\/\/i0.wp.com\/ismaelcolosi.com.br\/wp-content\/uploads\/2025\/04\/group-women-looking-together-through-laptop-scaled.jpg?fit=1200%2C1200&ssl=1&resize=700%2C400 2x, https:\/\/i0.wp.com\/ismaelcolosi.com.br\/wp-content\/uploads\/2025\/04\/group-women-looking-together-through-laptop-scaled.jpg?fit=1200%2C1200&ssl=1&resize=1050%2C600 3x"},"classes":[]},{"id":10628,"url":"https:\/\/ismaelcolosi.com.br\/index.php\/2023\/12\/04\/pernambuco-oferece-18-mil-vagas-em-cursos-tecnicos-gratuitos\/","url_meta":{"origin":4795,"position":2},"title":"Pernambuco oferece 18 mil vagas em cursos t\u00e9cnicos gratuitos","author":"ismaelcolosi.com.br","date":"4 de December de 2023","format":false,"excerpt":"O governo de Pernambuco, atrav\u00e9s da Secretaria de Educa\u00e7\u00e3o e Esportes, est\u00e1 com inscri\u00e7\u00f5es abertas at\u00e9 7 de dezembro para mais de 40 cursos t\u00e9cnicos gratuitos subsequentes na modalidade presencial e para Educa\u00e7\u00e3o a Dist\u00e2ncia (EAD) semipresencial. Ao todo, s\u00e3o oferecidas 18.209 vagas. Os cursos t\u00e9cnicos gratuitos na modalidade subsequente\u2026","rel":"","context":"In &quot;Variedades&quot;","block_context":{"text":"Variedades","link":"https:\/\/ismaelcolosi.com.br\/index.php\/category\/variedades\/"},"img":{"alt_text":"","src":"https:\/\/i0.wp.com\/ismaelcolosi.com.br\/wp-content\/uploads\/2023\/12\/cursos-gratuitos-ete.jpeg?fit=1200%2C638&ssl=1&resize=350%2C200","width":350,"height":200,"srcset":"https:\/\/i0.wp.com\/ismaelcolosi.com.br\/wp-content\/uploads\/2023\/12\/cursos-gratuitos-ete.jpeg?fit=1200%2C638&ssl=1&resize=350%2C200 1x, https:\/\/i0.wp.com\/ismaelcolosi.com.br\/wp-content\/uploads\/2023\/12\/cursos-gratuitos-ete.jpeg?fit=1200%2C638&ssl=1&resize=525%2C300 1.5x, https:\/\/i0.wp.com\/ismaelcolosi.com.br\/wp-content\/uploads\/2023\/12\/cursos-gratuitos-ete.jpeg?fit=1200%2C638&ssl=1&resize=700%2C400 2x, https:\/\/i0.wp.com\/ismaelcolosi.com.br\/wp-content\/uploads\/2023\/12\/cursos-gratuitos-ete.jpeg?fit=1200%2C638&ssl=1&resize=1050%2C600 3x"},"classes":[]},{"id":7934,"url":"https:\/\/ismaelcolosi.com.br\/index.php\/2023\/11\/29\/estado-de-pernambuco-oferece-mais-de-18-mil-vagas-em-cursos-gratuitos\/","url_meta":{"origin":4795,"position":3},"title":"Estado de Pernambuco oferece mais de 18 mil vagas em cursos gratuitos","author":"ismaelcolosi.com.br","date":"29 de November de 2023","format":false,"excerpt":"Quer aprender uma profiss\u00e3o ou dar uma turbinada no curr\u00edculo? A Secretaria de Educa\u00e7\u00e3o e Esportes de Pernambuco (SEE) est\u00e1 ofertando 18.209 vagas para cursos gratuitos. S\u00e3o vagas para cursos t\u00e9cnicos presenciais subsequentes na modalidade presencial e Educa\u00e7\u00e3o a Dist\u00e2ncia (EaD) semipresencial, para quem est\u00e1 cursando ou j\u00e1 concluiu o\u2026","rel":"","context":"In &quot;Variedades&quot;","block_context":{"text":"Variedades","link":"https:\/\/ismaelcolosi.com.br\/index.php\/category\/variedades\/"},"img":{"alt_text":"","src":"https:\/\/i0.wp.com\/ismaelcolosi.com.br\/wp-content\/uploads\/2023\/11\/cursos-gratuitos-ete.jpeg?fit=1200%2C638&ssl=1&resize=350%2C200","width":350,"height":200,"srcset":"https:\/\/i0.wp.com\/ismaelcolosi.com.br\/wp-content\/uploads\/2023\/11\/cursos-gratuitos-ete.jpeg?fit=1200%2C638&ssl=1&resize=350%2C200 1x, https:\/\/i0.wp.com\/ismaelcolosi.com.br\/wp-content\/uploads\/2023\/11\/cursos-gratuitos-ete.jpeg?fit=1200%2C638&ssl=1&resize=525%2C300 1.5x, https:\/\/i0.wp.com\/ismaelcolosi.com.br\/wp-content\/uploads\/2023\/11\/cursos-gratuitos-ete.jpeg?fit=1200%2C638&ssl=1&resize=700%2C400 2x, https:\/\/i0.wp.com\/ismaelcolosi.com.br\/wp-content\/uploads\/2023\/11\/cursos-gratuitos-ete.jpeg?fit=1200%2C638&ssl=1&resize=1050%2C600 3x"},"classes":[]},{"id":10694,"url":"https:\/\/ismaelcolosi.com.br\/index.php\/2023\/12\/04\/senai-abre-36-mil-vagas-em-cursos-gratuitos-no-distrito-federal-e-em-santa-catarina\/","url_meta":{"origin":4795,"position":4},"title":"Senai abre 36 mil vagas em cursos gratuitos no Distrito Federal e em Santa Catarina","author":"ismaelcolosi.com.br","date":"4 de December de 2023","format":false,"excerpt":"O Servi\u00e7o Nacional de Aprendizagem Industrial (Senai) est\u00e1 com 36.673 vagas abertas em cursos gratuitos de qualifica\u00e7\u00e3o profissional em dois estados e tamb\u00e9m no Distrito Federal. H\u00e1 oportunidades em cursos gratuitos nos formatos presencial e remoto em diferentes \u00e1reas, como Alimentos e Bebidas, Comunica\u00e7\u00e3o, Engenharia, Inform\u00e1tica, Mec\u00e2nica e muito mais.\u2026","rel":"","context":"In &quot;Variedades&quot;","block_context":{"text":"Variedades","link":"https:\/\/ismaelcolosi.com.br\/index.php\/category\/variedades\/"},"img":{"alt_text":"","src":"https:\/\/i0.wp.com\/ismaelcolosi.com.br\/wp-content\/uploads\/2023\/12\/cursos-gratuitos-senai.jpg?fit=1200%2C638&ssl=1&resize=350%2C200","width":350,"height":200,"srcset":"https:\/\/i0.wp.com\/ismaelcolosi.com.br\/wp-content\/uploads\/2023\/12\/cursos-gratuitos-senai.jpg?fit=1200%2C638&ssl=1&resize=350%2C200 1x, https:\/\/i0.wp.com\/ismaelcolosi.com.br\/wp-content\/uploads\/2023\/12\/cursos-gratuitos-senai.jpg?fit=1200%2C638&ssl=1&resize=525%2C300 1.5x, https:\/\/i0.wp.com\/ismaelcolosi.com.br\/wp-content\/uploads\/2023\/12\/cursos-gratuitos-senai.jpg?fit=1200%2C638&ssl=1&resize=700%2C400 2x, https:\/\/i0.wp.com\/ismaelcolosi.com.br\/wp-content\/uploads\/2023\/12\/cursos-gratuitos-senai.jpg?fit=1200%2C638&ssl=1&resize=1050%2C600 3x"},"classes":[]},{"id":5206,"url":"https:\/\/ismaelcolosi.com.br\/index.php\/2023\/11\/23\/ifms-oferece-13-mil-vagas-em-cursos-gratuitos-online\/","url_meta":{"origin":4795,"position":5},"title":"IFMS oferece 1,3 mil vagas em cursos gratuitos online","author":"ismaelcolosi.com.br","date":"23 de November de 2023","format":false,"excerpt":"O IFMS (Instituto Federal de Mato Grosso do Sul) est\u00e1 com inscri\u00e7\u00f5es abertas de processo seletivo para preencher 1.348 vagas em cursos gratuitos subsequentes ao ensino m\u00e9dio na modalidade a dist\u00e2ncia. As vagas s\u00e3o para cursos no primeiro semestre letivo de 2024, com in\u00edcio das aulas entre 19 e 24\u2026","rel":"","context":"In &quot;Variedades&quot;","block_context":{"text":"Variedades","link":"https:\/\/ismaelcolosi.com.br\/index.php\/category\/variedades\/"},"img":{"alt_text":"","src":"https:\/\/i0.wp.com\/ismaelcolosi.com.br\/wp-content\/uploads\/2023\/11\/cursos-gratuitos-ifms.jpg?fit=1200%2C638&ssl=1&resize=350%2C200","width":350,"height":200,"srcset":"https:\/\/i0.wp.com\/ismaelcolosi.com.br\/wp-content\/uploads\/2023\/11\/cursos-gratuitos-ifms.jpg?fit=1200%2C638&ssl=1&resize=350%2C200 1x, https:\/\/i0.wp.com\/ismaelcolosi.com.br\/wp-content\/uploads\/2023\/11\/cursos-gratuitos-ifms.jpg?fit=1200%2C638&ssl=1&resize=525%2C300 1.5x, https:\/\/i0.wp.com\/ismaelcolosi.com.br\/wp-content\/uploads\/2023\/11\/cursos-gratuitos-ifms.jpg?fit=1200%2C638&ssl=1&resize=700%2C400 2x, https:\/\/i0.wp.com\/ismaelcolosi.com.br\/wp-content\/uploads\/2023\/11\/cursos-gratuitos-ifms.jpg?fit=1200%2C638&ssl=1&resize=1050%2C600 3x"},"classes":[]}],"jetpack_sharing_enabled":true,"jetpack_shortlink":"https:\/\/wp.me\/pfMlyK-1fl","_links":{"self":[{"href":"https:\/\/ismaelcolosi.com.br\/index.php\/wp-json\/wp\/v2\/posts\/4795","targetHints":{"allow":["GET"]}}],"collection":[{"href":"https:\/\/ismaelcolosi.com.br\/index.php\/wp-json\/wp\/v2\/posts"}],"about":[{"href":"https:\/\/ismaelcolosi.com.br\/index.php\/wp-json\/wp\/v2\/types\/post"}],"author":[{"embeddable":true,"href":"https:\/\/ismaelcolosi.com.br\/index.php\/wp-json\/wp\/v2\/users\/1"}],"replies":[{"embeddable":true,"href":"https:\/\/ismaelcolosi.com.br\/index.php\/wp-json\/wp\/v2\/comments?post=4795"}],"version-history":[{"count":0,"href":"https:\/\/ismaelcolosi.com.br\/index.php\/wp-json\/wp\/v2\/posts\/4795\/revisions"}],"wp:featuredmedia":[{"embeddable":true,"href":"https:\/\/ismaelcolosi.com.br\/index.php\/wp-json\/wp\/v2\/media\/4796"}],"wp:attachment":[{"href":"https:\/\/ismaelcolosi.com.br\/index.php\/wp-json\/wp\/v2\/media?parent=4795"}],"wp:term":[{"taxonomy":"category","embeddable":true,"href":"https:\/\/ismaelcolosi.com.br\/index.php\/wp-json\/wp\/v2\/categories?post=4795"},{"taxonomy":"post_tag","embeddable":true,"href":"https:\/\/ismaelcolosi.com.br\/index.php\/wp-json\/wp\/v2\/tags?post=4795"}],"curies":[{"name":"wp","href":"https:\/\/api.w.org\/{rel}","templated":true}]}}