{"id":47949,"date":"2024-04-29T18:23:48","date_gmt":"2024-04-29T21:23:48","guid":{"rendered":"https:\/\/ismaelcolosi.com.br\/index.php\/2024\/04\/29\/confira-ate-quando-vao-as-inscricoes-para-os-cursos-do-ifsp-com-vagas-na-regiao-de-ribeirao\/"},"modified":"2024-04-29T18:23:48","modified_gmt":"2024-04-29T21:23:48","slug":"confira-ate-quando-vao-as-inscricoes-para-os-cursos-do-ifsp-com-vagas-na-regiao-de-ribeirao","status":"publish","type":"post","link":"https:\/\/ismaelcolosi.com.br\/index.php\/2024\/04\/29\/confira-ate-quando-vao-as-inscricoes-para-os-cursos-do-ifsp-com-vagas-na-regiao-de-ribeirao\/","title":{"rendered":"Confira at\u00e9 quando v\u00e3o as inscri\u00e7\u00f5es para os cursos do IFSP com vagas na regi\u00e3o de Ribeir\u00e3o"},"content":{"rendered":"<p> <br \/>\n<\/p>\n<div data-td-block-uid=\"tdi_101\">\n<div class=\"tdb-block-inner td-fix-index\">\n<p>As <strong>inscri\u00e7\u00f5es<\/strong> para os <strong>cursos t\u00e9cnicos gratuitos<\/strong> do <strong>IFSP<\/strong> (Instituto Federal de S\u00e3o Paulo) <strong>v\u00e3o at\u00e9 \u00e0s 23h59 do dia 5 de maio<\/strong>. Os interessados devem se inscrever no <strong>site do instituto<\/strong> (<strong><a href=\"https:\/\/processoseletivo.ifsp.edu.br\/cursos-tecnicos-2024-2\/\" target=\"_blank\" rel=\"noreferrer noopener nofollow\">clique aqui<\/a><\/strong>). <\/p>\n<p>A <strong>taxa <\/strong>\u00e9 de <strong>R$ 20<\/strong> e pode ser paga com pix, cart\u00e3o de cr\u00e9dito ou GRU (Guia de Recolhimento da Uni\u00e3o).<\/p>\n<h4 class=\"wp-block-heading\"><strong>Vagas<\/strong><\/h4>\n<p>Com <strong>vagas dispon\u00edveis nos 30 campi<\/strong>, entre eles, o de <strong>Sert\u00e3ozinho<\/strong>, na regi\u00e3o de Ribeir\u00e3o Preto, <strong>ao todo<\/strong> s\u00e3o <strong>2.410 oportunidades<\/strong> oferecidas em <strong>todo estado de S\u00e3o Paulo<\/strong>. Dessas, <strong>40<\/strong> s\u00e3o para o campus de Sert\u00e3ozinho para o curso de marketing.<\/p>\n<p>Para <strong>concorrer<\/strong> a uma das vagas, os <strong>estudantes<\/strong> devem ter <strong>conclu\u00eddo<\/strong> ou estar <strong>cursando<\/strong> o segundo ou terceiro ano do <strong>ensino m\u00e9dio<\/strong>.<\/p>\n<h4 class=\"wp-block-heading\"><strong>Provas<\/strong><\/h4>\n<p>A\u00a0<strong>prova<\/strong>\u00a0do processo seletivo acontece no dia\u00a0<strong>16 de junho<\/strong>, na mesma cidade ou na regi\u00e3o do campus escolhido na inscri\u00e7\u00e3o.<\/p>\n<p>O\u00a0<strong>hor\u00e1rio e local<\/strong>\u00a0da aplica\u00e7\u00e3o da prova ser\u00e3o\u00a0<strong>divulgados<\/strong>\u00a0no dia\u00a0<strong>13 de junho<\/strong>, ap\u00f3s \u00e0s 20h.<\/p>\n<p>Com\u00a0<strong>30 quest\u00f5es de m\u00faltipla escolha<\/strong>, quatro alternativas cada, os conte\u00fados de\u00a0<strong>Portugu\u00eas<\/strong>\u00a0e\u00a0<strong>Matem\u00e1tica<\/strong>\u00a0ser\u00e3o os que foram abordados no\u00a0<strong>6\u00ba e 9\u00ba ano<\/strong>\u00a0do ensino fundamental.<\/p>\n<p>Para mais detalhes, o<strong>\u00a0IFSP<\/strong>\u00a0disponibiliza o\u00a0<strong>edital<\/strong>\u00a0completo no\u00a0<strong><a href=\"https:\/\/processoseletivo.ifsp.edu.br\/media\/public\/4\/4j5iswtq76sepqvr3yk9034eh\/5c\/5cx7eiqv3pn3a1hrc3kjh3328.pdf\" target=\"_blank\" rel=\"noreferrer noopener\">site<\/a><\/strong>.<\/p>\n<p>SAIBA MAIS <\/p>\n<p>Vazamento de \u00e1gua limpa chama aten\u00e7\u00e3o de moradores na zona Sul de Ribeir\u00e3o; Veja o v\u00eddeo<\/p>\n<h4 class=\"wp-block-heading\"><strong>FIQUE ON<\/strong><\/h4>\n<p>Fique ligado em tudo que acontece em Ribeir\u00e3o Preto e regi\u00e3o. Siga os perfis do\u00a0<strong>acidade on\u00a0<\/strong>no\u00a0<a href=\"https:\/\/www.instagram.com\/acidadeonribeirao\" target=\"_blank\" rel=\"noreferrer noopener\">Instagram<\/a>\u00a0e no\u00a0<a href=\"https:\/\/www.facebook.com\/acidadeonribeirao\" target=\"_blank\" rel=\"noreferrer noopener\">Facebook<\/a>.<\/p>\n<p>Receba not\u00edcias do acidade on no WhatsApp. Para entrar no grupo, basta\u00a0<a href=\"https:\/\/chat.whatsapp.com\/GFH9HUMUTHNFJdnyEd0xxq\" target=\"_blank\" rel=\"noreferrer noopener\">clicar aqui<\/a>.<\/p>\n<p>Fa\u00e7a uma den\u00fancia ou sugira uma reportagem sobre Ribeir\u00e3o Preto e regi\u00e3o pelo WhatsApp: 16 99117 7802.<\/p>\n<p>VEJA TAMB\u00c9M<\/p>\n<p>Por onde anda Priscila Fantin, Serena de \u201cAlma G\u00eamea\u201d?<\/p>\n<p><!-- AI CONTENT END 1 -->\n<\/div>\n<\/div>\n<p><script async src=\"\/\/www.instagram.com\/embed.js\"><\/script><br \/>\n<br \/><br \/>\n<br \/><a href=\"https:\/\/www.acidadeon.com\/ribeiraopreto\/cotidiano\/confira-ate-quando-vao-as-inscricoes-para-os-cursos-do-ifsp-com-vagas-na-regiao-de-ribeirao1\/\">Source link <\/a><\/p>\n<div class='code-block code-block-4' style='margin: 8px auto 8px 0; text-align: left; display: block; clear: both;'>\n\ud83d\udce2 Aviso Legal\n\nO site ismaelcolosi.com.br atua apenas como um canal de divulga\u00e7\u00e3o de oportunidades de emprego e n\u00e3o se responsabiliza pelo processo seletivo, contrata\u00e7\u00e3o ou qualquer outra etapa relacionada \u00e0s vagas publicadas. Todas as informa\u00e7\u00f5es s\u00e3o de responsabilidade dos anunciantes.\n\n\u26a0\ufe0f Aten\u00e7\u00e3o! Nunca pague por promessas de emprego nem compre cursos que garantam contrata\u00e7\u00e3o. Desconfie de qualquer cobran\u00e7a para participar de sele\u00e7\u00f5es.\n\n\n\n<\/div>\n<!-- CONTENT END 1 -->\n","protected":false},"excerpt":{"rendered":"<p>As inscri\u00e7\u00f5es para os cursos t\u00e9cnicos gratuitos do IFSP (Instituto Federal de S\u00e3o Paulo) v\u00e3o at\u00e9 \u00e0s 23h59 do dia 5 de maio. Os interessados&#8230;<\/p>\n","protected":false},"author":1,"featured_media":47950,"comment_status":"open","ping_status":"open","sticky":false,"template":"","format":"standard","meta":{"_uag_custom_page_level_css":"","advanced_seo_description":"","jetpack_seo_html_title":"","jetpack_seo_noindex":false,"jetpack_post_was_ever_published":false,"_jetpack_newsletter_access":"","_jetpack_dont_email_post_to_subs":false,"_jetpack_newsletter_tier_id":0,"_jetpack_memberships_contains_paywalled_content":false,"_jetpack_memberships_contains_paid_content":false,"footnotes":"","jetpack_publicize_message":"","jetpack_publicize_feature_enabled":true,"jetpack_social_post_already_shared":true,"jetpack_social_options":{"image_generator_settings":{"template":"highway","default_image_id":0,"font":"","enabled":false},"version":2}},"categories":[11],"tags":[],"class_list":["post-47949","post","type-post","status-publish","format-standard","has-post-thumbnail","hentry","category-noticias-de-ribeirao-preto-sp-e-regiao-ismael-colosi"],"jetpack_publicize_connections":[],"jetpack_featured_media_url":"https:\/\/i0.wp.com\/ismaelcolosi.com.br\/wp-content\/uploads\/2024\/04\/ifsp-de-sertaozinho.jpg?fit=1200%2C751&ssl=1","uagb_featured_image_src":{"full":["https:\/\/i0.wp.com\/ismaelcolosi.com.br\/wp-content\/uploads\/2024\/04\/ifsp-de-sertaozinho.jpg?fit=1200%2C751&ssl=1",1200,751,false],"thumbnail":["https:\/\/i0.wp.com\/ismaelcolosi.com.br\/wp-content\/uploads\/2024\/04\/ifsp-de-sertaozinho.jpg?resize=150%2C150&ssl=1",150,150,true],"medium":["https:\/\/i0.wp.com\/ismaelcolosi.com.br\/wp-content\/uploads\/2024\/04\/ifsp-de-sertaozinho.jpg?fit=300%2C188&ssl=1",300,188,true],"medium_large":["https:\/\/i0.wp.com\/ismaelcolosi.com.br\/wp-content\/uploads\/2024\/04\/ifsp-de-sertaozinho.jpg?fit=768%2C481&ssl=1",768,481,true],"large":["https:\/\/i0.wp.com\/ismaelcolosi.com.br\/wp-content\/uploads\/2024\/04\/ifsp-de-sertaozinho.jpg?fit=1024%2C641&ssl=1",1024,641,true],"1536x1536":["https:\/\/i0.wp.com\/ismaelcolosi.com.br\/wp-content\/uploads\/2024\/04\/ifsp-de-sertaozinho.jpg?fit=1200%2C751&ssl=1",1200,751,true],"2048x2048":["https:\/\/i0.wp.com\/ismaelcolosi.com.br\/wp-content\/uploads\/2024\/04\/ifsp-de-sertaozinho.jpg?fit=1200%2C751&ssl=1",1200,751,true],"really-simple-thumb":["https:\/\/i0.wp.com\/ismaelcolosi.com.br\/wp-content\/uploads\/2024\/04\/ifsp-de-sertaozinho.jpg?resize=370%2C247&ssl=1",370,247,true]},"uagb_author_info":{"display_name":"ismaelcolosi.com.br","author_link":"https:\/\/ismaelcolosi.com.br\/index.php\/author\/vidareal-online\/"},"uagb_comment_info":0,"uagb_excerpt":"As inscri\u00e7\u00f5es para os cursos t\u00e9cnicos gratuitos do IFSP (Instituto Federal de S\u00e3o Paulo) v\u00e3o at\u00e9 \u00e0s 23h59 do dia 5 de maio. Os interessados...","jetpack-related-posts":[{"id":46304,"url":"https:\/\/ismaelcolosi.com.br\/index.php\/2024\/04\/10\/ifsp-esta-com-inscricoes-abertas-na-regiao-de-ribeirao-preto\/","url_meta":{"origin":47949,"position":0},"title":"IFSP est\u00e1 com inscri\u00e7\u00f5es abertas na regi\u00e3o de Ribeir\u00e3o Preto","author":"ismaelcolosi.com.br","date":"10 de April de 2024","format":false,"excerpt":"O IFSP (Instituto Federal de S\u00e3o Paulo) est\u00e1 com inscri\u00e7\u00f5es abertas para cursos t\u00e9cnicos em 30 campi, entre eles, o de Sert\u00e3ozinho, cidade a 21 quil\u00f4metros de Ribeir\u00e3o Preto. Os interessados t\u00eam at\u00e9 o dia 5 de maio para se inscreverem. Ao todo, no estado de S\u00e3o Paulo s\u00e3o 2.410\u2026","rel":"","context":"In &quot;Not\u00edcias de Ribeir\u00e3o Preto-SP e Regi\u00e3o&quot;","block_context":{"text":"Not\u00edcias de Ribeir\u00e3o Preto-SP e Regi\u00e3o","link":"https:\/\/ismaelcolosi.com.br\/index.php\/category\/noticias-de-ribeirao-preto-sp-e-regiao-ismael-colosi\/"},"img":{"alt_text":"","src":"https:\/\/i0.wp.com\/ismaelcolosi.com.br\/wp-content\/uploads\/2024\/04\/Copia-de-Copia-de-TAMANHO-EXATO-PARA-FOTOS-NO-SISTEMA-NOVO-16-1.jpg?fit=1200%2C675&ssl=1&resize=350%2C200","width":350,"height":200,"srcset":"https:\/\/i0.wp.com\/ismaelcolosi.com.br\/wp-content\/uploads\/2024\/04\/Copia-de-Copia-de-TAMANHO-EXATO-PARA-FOTOS-NO-SISTEMA-NOVO-16-1.jpg?fit=1200%2C675&ssl=1&resize=350%2C200 1x, https:\/\/i0.wp.com\/ismaelcolosi.com.br\/wp-content\/uploads\/2024\/04\/Copia-de-Copia-de-TAMANHO-EXATO-PARA-FOTOS-NO-SISTEMA-NOVO-16-1.jpg?fit=1200%2C675&ssl=1&resize=525%2C300 1.5x, https:\/\/i0.wp.com\/ismaelcolosi.com.br\/wp-content\/uploads\/2024\/04\/Copia-de-Copia-de-TAMANHO-EXATO-PARA-FOTOS-NO-SISTEMA-NOVO-16-1.jpg?fit=1200%2C675&ssl=1&resize=700%2C400 2x, https:\/\/i0.wp.com\/ismaelcolosi.com.br\/wp-content\/uploads\/2024\/04\/Copia-de-Copia-de-TAMANHO-EXATO-PARA-FOTOS-NO-SISTEMA-NOVO-16-1.jpg?fit=1200%2C675&ssl=1&resize=1050%2C600 3x"},"classes":[]},{"id":59852,"url":"https:\/\/ismaelcolosi.com.br\/index.php\/2024\/08\/12\/ifsp-esta-com-440-vagas-em-cursos-tecnicos-gratuitos-na-regiao-de-ribeirao-preto\/","url_meta":{"origin":47949,"position":1},"title":"IFSP est\u00e1 com 440 vagas em cursos t\u00e9cnicos gratuitos na regi\u00e3o de Ribeir\u00e3o Preto","author":"ismaelcolosi.com.br","date":"12 de August de 2024","format":false,"excerpt":"O Instituto Federal de S\u00e3o Paulo (IFSP) est\u00e1 oferecendo 440 vagas de cursos t\u00e9cnicos gratuitos nas modalidades integrado, concomitante ou subsequente ao ensino m\u00e9dio, em Sert\u00e3ozinho e Barretos, cidades na regi\u00e3o de Ribeir\u00e3o Preto. As inscri\u00e7\u00f5es devem ser realizadas de forma on-line, atrav\u00e9s do site da institui\u00e7\u00e3o (clique aqui), at\u00e9\u2026","rel":"","context":"In &quot;Not\u00edcias de Ribeir\u00e3o Preto-SP e Regi\u00e3o&quot;","block_context":{"text":"Not\u00edcias de Ribeir\u00e3o Preto-SP e Regi\u00e3o","link":"https:\/\/ismaelcolosi.com.br\/index.php\/category\/noticias-de-ribeirao-preto-sp-e-regiao-ismael-colosi\/"},"img":{"alt_text":"","src":"https:\/\/i0.wp.com\/ismaelcolosi.com.br\/wp-content\/uploads\/2024\/08\/ifsp_1200x675_17022022161056.jpg?fit=1200%2C675&ssl=1&resize=350%2C200","width":350,"height":200,"srcset":"https:\/\/i0.wp.com\/ismaelcolosi.com.br\/wp-content\/uploads\/2024\/08\/ifsp_1200x675_17022022161056.jpg?fit=1200%2C675&ssl=1&resize=350%2C200 1x, https:\/\/i0.wp.com\/ismaelcolosi.com.br\/wp-content\/uploads\/2024\/08\/ifsp_1200x675_17022022161056.jpg?fit=1200%2C675&ssl=1&resize=525%2C300 1.5x, https:\/\/i0.wp.com\/ismaelcolosi.com.br\/wp-content\/uploads\/2024\/08\/ifsp_1200x675_17022022161056.jpg?fit=1200%2C675&ssl=1&resize=700%2C400 2x, https:\/\/i0.wp.com\/ismaelcolosi.com.br\/wp-content\/uploads\/2024\/08\/ifsp_1200x675_17022022161056.jpg?fit=1200%2C675&ssl=1&resize=1050%2C600 3x"},"classes":[]},{"id":63851,"url":"https:\/\/ismaelcolosi.com.br\/index.php\/2024\/09\/04\/ifsp-de-sertaozinho-abre-processo-seletivo-com-salarios-de-r-4-mil\/","url_meta":{"origin":47949,"position":2},"title":"IFSP de Sert\u00e3ozinho abre processo seletivo com sal\u00e1rios de R$ 4 mil","author":"ismaelcolosi.com.br","date":"4 de September de 2024","format":false,"excerpt":"O IFSP (Instituto Federal de S\u00e3o Paulo) abriu processo seletivo para contrata\u00e7\u00e3o, por tempo determinado, um t\u00e9cnico especializado em linguagem de sinais. Os sal\u00e1rios para o cargo s\u00e3o de R$ 4.556,92. As inscri\u00e7\u00f5es devem ser realizadas no site do IFSP (clique aqui) at\u00e9 o dia 18 de setembro. A taxa\u2026","rel":"","context":"In &quot;Not\u00edcias de Ribeir\u00e3o Preto-SP e Regi\u00e3o&quot;","block_context":{"text":"Not\u00edcias de Ribeir\u00e3o Preto-SP e Regi\u00e3o","link":"https:\/\/ismaelcolosi.com.br\/index.php\/category\/noticias-de-ribeirao-preto-sp-e-regiao-ismael-colosi\/"},"img":{"alt_text":"","src":"https:\/\/i0.wp.com\/ismaelcolosi.com.br\/wp-content\/uploads\/2024\/09\/ifsp_sertaozinho_1024x576_04062021110105.jpg?fit=1024%2C576&ssl=1&resize=350%2C200","width":350,"height":200,"srcset":"https:\/\/i0.wp.com\/ismaelcolosi.com.br\/wp-content\/uploads\/2024\/09\/ifsp_sertaozinho_1024x576_04062021110105.jpg?fit=1024%2C576&ssl=1&resize=350%2C200 1x, https:\/\/i0.wp.com\/ismaelcolosi.com.br\/wp-content\/uploads\/2024\/09\/ifsp_sertaozinho_1024x576_04062021110105.jpg?fit=1024%2C576&ssl=1&resize=525%2C300 1.5x, https:\/\/i0.wp.com\/ismaelcolosi.com.br\/wp-content\/uploads\/2024\/09\/ifsp_sertaozinho_1024x576_04062021110105.jpg?fit=1024%2C576&ssl=1&resize=700%2C400 2x"},"classes":[]},{"id":63859,"url":"https:\/\/ismaelcolosi.com.br\/index.php\/2024\/09\/04\/ifsp-de-sertaozinho-abre-processo-seletivo-com-salarios-de-r-4-mil-2\/","url_meta":{"origin":47949,"position":3},"title":"IFSP de Sert\u00e3ozinho abre processo seletivo com sal\u00e1rios de R$ 4 mil","author":"ismaelcolosi.com.br","date":"4 de September de 2024","format":false,"excerpt":"O IFSP (Instituto Federal de S\u00e3o Paulo) abriu processo seletivo para contrata\u00e7\u00e3o, por tempo determinado, um t\u00e9cnico especializado em linguagem de sinais. Os sal\u00e1rios para o cargo s\u00e3o de R$ 4.556,92. As inscri\u00e7\u00f5es devem ser realizadas no site do IFSP (clique aqui) at\u00e9 o dia 18 de setembro. A taxa\u2026","rel":"","context":"In &quot;Not\u00edcias de Ribeir\u00e3o Preto-SP e Regi\u00e3o&quot;","block_context":{"text":"Not\u00edcias de Ribeir\u00e3o Preto-SP e Regi\u00e3o","link":"https:\/\/ismaelcolosi.com.br\/index.php\/category\/noticias-de-ribeirao-preto-sp-e-regiao-ismael-colosi\/"},"img":{"alt_text":"","src":"https:\/\/i0.wp.com\/ismaelcolosi.com.br\/wp-content\/uploads\/2024\/08\/concurso-publico-ribeirao-preto_2024-08-13_10-44-40_jpg_2024-08-13_10-44-40.webp.webp?fit=1200%2C800&ssl=1&resize=350%2C200","width":350,"height":200,"srcset":"https:\/\/i0.wp.com\/ismaelcolosi.com.br\/wp-content\/uploads\/2024\/08\/concurso-publico-ribeirao-preto_2024-08-13_10-44-40_jpg_2024-08-13_10-44-40.webp.webp?fit=1200%2C800&ssl=1&resize=350%2C200 1x, https:\/\/i0.wp.com\/ismaelcolosi.com.br\/wp-content\/uploads\/2024\/08\/concurso-publico-ribeirao-preto_2024-08-13_10-44-40_jpg_2024-08-13_10-44-40.webp.webp?fit=1200%2C800&ssl=1&resize=525%2C300 1.5x, https:\/\/i0.wp.com\/ismaelcolosi.com.br\/wp-content\/uploads\/2024\/08\/concurso-publico-ribeirao-preto_2024-08-13_10-44-40_jpg_2024-08-13_10-44-40.webp.webp?fit=1200%2C800&ssl=1&resize=700%2C400 2x, https:\/\/i0.wp.com\/ismaelcolosi.com.br\/wp-content\/uploads\/2024\/08\/concurso-publico-ribeirao-preto_2024-08-13_10-44-40_jpg_2024-08-13_10-44-40.webp.webp?fit=1200%2C800&ssl=1&resize=1050%2C600 3x"},"classes":[]},{"id":81821,"url":"https:\/\/ismaelcolosi.com.br\/index.php\/2025\/01\/17\/regiao-de-ribeirao-tem-400-vagas-para-cursos-superiores-gratuitos-veja-como-participar\/","url_meta":{"origin":47949,"position":4},"title":"Regi\u00e3o de Ribeir\u00e3o tem 400 vagas para cursos superiores gratuitos; veja como participar","author":"Arthur Tijolo","date":"17 de January de 2025","format":false,"excerpt":"O\u00a0Instituto Federal de Educa\u00e7\u00e3o, Ci\u00eancia e Tecnologia de S\u00e3o Paulo (IFSP)\u00a0est\u00e1 com\u00a0400 vagas para cursos superiores gratuitos\u00a0no primeiro semestre de 2025, em seus campi de\u00a0Barretos\u00a0e\u00a0Sert\u00e3ozinho, na regi\u00e3o de\u00a0Ribeir\u00e3o Preto. As inscri\u00e7\u00f5es acontecem entre os dias 17 e 21 de janeiro e s\u00e3o gratuitas. Interessados devem se candidatar\u00a0exclusivamente\u00a0pela internet, por meio\u2026","rel":"","context":"In &quot;Blog&quot;","block_context":{"text":"Blog","link":"https:\/\/ismaelcolosi.com.br\/index.php\/category\/blog\/"},"img":{"alt_text":"","src":"https:\/\/i0.wp.com\/ismaelcolosi.com.br\/wp-content\/uploads\/2025\/01\/concentrated-black-european-male-student-with-beard-preparing-examination-test-sitting-university-canteen-eating-sandwich-searching-information-internet-using-laptop-scaled.jpg?fit=1200%2C800&ssl=1&resize=350%2C200","width":350,"height":200,"srcset":"https:\/\/i0.wp.com\/ismaelcolosi.com.br\/wp-content\/uploads\/2025\/01\/concentrated-black-european-male-student-with-beard-preparing-examination-test-sitting-university-canteen-eating-sandwich-searching-information-internet-using-laptop-scaled.jpg?fit=1200%2C800&ssl=1&resize=350%2C200 1x, https:\/\/i0.wp.com\/ismaelcolosi.com.br\/wp-content\/uploads\/2025\/01\/concentrated-black-european-male-student-with-beard-preparing-examination-test-sitting-university-canteen-eating-sandwich-searching-information-internet-using-laptop-scaled.jpg?fit=1200%2C800&ssl=1&resize=525%2C300 1.5x, https:\/\/i0.wp.com\/ismaelcolosi.com.br\/wp-content\/uploads\/2025\/01\/concentrated-black-european-male-student-with-beard-preparing-examination-test-sitting-university-canteen-eating-sandwich-searching-information-internet-using-laptop-scaled.jpg?fit=1200%2C800&ssl=1&resize=700%2C400 2x, https:\/\/i0.wp.com\/ismaelcolosi.com.br\/wp-content\/uploads\/2025\/01\/concentrated-black-european-male-student-with-beard-preparing-examination-test-sitting-university-canteen-eating-sandwich-searching-information-internet-using-laptop-scaled.jpg?fit=1200%2C800&ssl=1&resize=1050%2C600 3x"},"classes":[]},{"id":13718,"url":"https:\/\/ismaelcolosi.com.br\/index.php\/2023\/12\/11\/instituto-federal-de-sp-tem-vagas-em-cursos-gratuitos-da-eja\/","url_meta":{"origin":47949,"position":5},"title":"Instituto Federal de SP tem vagas em cursos gratuitos da EJA","author":"ismaelcolosi.com.br","date":"11 de December de 2023","format":false,"excerpt":"O Instituto Federal de Educa\u00e7\u00e3o, Ci\u00eancia e Tecnologia de S\u00e3o Paulo (IFSP) recebe inscri\u00e7\u00f5es para o processo seletivo dos cursos gratuitos no programa Educa\u00e7\u00e3o de Jovens e Adultos (EJA) para o 1\u00ba semestre de 2024. As inscri\u00e7\u00f5es est\u00e3o abertas at\u00e9 11 de janeiro e devem ser feitas exclusivamente de forma\u2026","rel":"","context":"In &quot;Variedades&quot;","block_context":{"text":"Variedades","link":"https:\/\/ismaelcolosi.com.br\/index.php\/category\/variedades\/"},"img":{"alt_text":"","src":"https:\/\/i0.wp.com\/ismaelcolosi.com.br\/wp-content\/uploads\/2023\/12\/ifsp-cursos-tecnicos-gratuitos.jpg?fit=1200%2C638&ssl=1&resize=350%2C200","width":350,"height":200,"srcset":"https:\/\/i0.wp.com\/ismaelcolosi.com.br\/wp-content\/uploads\/2023\/12\/ifsp-cursos-tecnicos-gratuitos.jpg?fit=1200%2C638&ssl=1&resize=350%2C200 1x, https:\/\/i0.wp.com\/ismaelcolosi.com.br\/wp-content\/uploads\/2023\/12\/ifsp-cursos-tecnicos-gratuitos.jpg?fit=1200%2C638&ssl=1&resize=525%2C300 1.5x, https:\/\/i0.wp.com\/ismaelcolosi.com.br\/wp-content\/uploads\/2023\/12\/ifsp-cursos-tecnicos-gratuitos.jpg?fit=1200%2C638&ssl=1&resize=700%2C400 2x, https:\/\/i0.wp.com\/ismaelcolosi.com.br\/wp-content\/uploads\/2023\/12\/ifsp-cursos-tecnicos-gratuitos.jpg?fit=1200%2C638&ssl=1&resize=1050%2C600 3x"},"classes":[]}],"jetpack_sharing_enabled":true,"jetpack_shortlink":"https:\/\/wp.me\/pfMlyK-ctn","_links":{"self":[{"href":"https:\/\/ismaelcolosi.com.br\/index.php\/wp-json\/wp\/v2\/posts\/47949","targetHints":{"allow":["GET"]}}],"collection":[{"href":"https:\/\/ismaelcolosi.com.br\/index.php\/wp-json\/wp\/v2\/posts"}],"about":[{"href":"https:\/\/ismaelcolosi.com.br\/index.php\/wp-json\/wp\/v2\/types\/post"}],"author":[{"embeddable":true,"href":"https:\/\/ismaelcolosi.com.br\/index.php\/wp-json\/wp\/v2\/users\/1"}],"replies":[{"embeddable":true,"href":"https:\/\/ismaelcolosi.com.br\/index.php\/wp-json\/wp\/v2\/comments?post=47949"}],"version-history":[{"count":0,"href":"https:\/\/ismaelcolosi.com.br\/index.php\/wp-json\/wp\/v2\/posts\/47949\/revisions"}],"wp:featuredmedia":[{"embeddable":true,"href":"https:\/\/ismaelcolosi.com.br\/index.php\/wp-json\/wp\/v2\/media\/47950"}],"wp:attachment":[{"href":"https:\/\/ismaelcolosi.com.br\/index.php\/wp-json\/wp\/v2\/media?parent=47949"}],"wp:term":[{"taxonomy":"category","embeddable":true,"href":"https:\/\/ismaelcolosi.com.br\/index.php\/wp-json\/wp\/v2\/categories?post=47949"},{"taxonomy":"post_tag","embeddable":true,"href":"https:\/\/ismaelcolosi.com.br\/index.php\/wp-json\/wp\/v2\/tags?post=47949"}],"curies":[{"name":"wp","href":"https:\/\/api.w.org\/{rel}","templated":true}]}}