{"id":47945,"date":"2024-04-29T18:02:47","date_gmt":"2024-04-29T21:02:47","guid":{"rendered":"https:\/\/ismaelcolosi.com.br\/index.php\/2024\/04\/29\/alerta-de-temperaturas-acima-da-media-e-emitido-para-o-interior-de-sp-veja-regioes-afetadas\/"},"modified":"2024-04-29T18:02:47","modified_gmt":"2024-04-29T21:02:47","slug":"alerta-de-temperaturas-acima-da-media-e-emitido-para-o-interior-de-sp-veja-regioes-afetadas","status":"publish","type":"post","link":"https:\/\/ismaelcolosi.com.br\/index.php\/2024\/04\/29\/alerta-de-temperaturas-acima-da-media-e-emitido-para-o-interior-de-sp-veja-regioes-afetadas\/","title":{"rendered":"Alerta de temperaturas acima da m\u00e9dia \u00e9 emitido para o interior de SP; Veja regi\u00f5es afetadas"},"content":{"rendered":"<p> <br \/>\n<\/p>\n<div>\n<p>O <strong>Instituto Nacional de Meteorologia (Inmet)<\/strong> emitiu um <strong>alerta laranja<\/strong> para temperaturas acima da m\u00e9dia no <strong>interior do estado de S\u00e3o Paulo<\/strong> nos pr\u00f3ximos dias.<\/p>\n<p>Uma nova <strong>onda de calor<\/strong> afeta o estado desde a \u00faltima segunda-feira (22). Segundo a <strong>Climatempo<\/strong>, um sistema de alta press\u00e3o em m\u00e9dios n\u00edveis da atmosfera est\u00e1 <strong>bloqueando o avan\u00e7o de nuvens carregadas<\/strong> sobre a regi\u00e3o.<\/p>\n<h2 class=\"wp-block-heading\"><strong>O que diz o alerta laranja?<\/strong><\/h2>\n<p>O comunicado do <strong>Inmet <\/strong>prev\u00ea <strong><mark style=\"background-color:#fcb900\" class=\"has-inline-color\">temperaturas 5\u00baC acima da m\u00e9dia pelo per\u00edodo de 03 a 05 dias nas regi\u00f5es afetadas<\/mark><\/strong>. Ainda de acordo com o \u00f3rg\u00e3o, esse cen\u00e1rio pode trazer <strong>riscos \u00e0 sa\u00fade<\/strong>.<\/p>\n<h4 class=\"wp-block-heading\"><strong>At\u00e9 quando o comunicado \u00e9 v\u00e1lido?<\/strong><\/h4>\n<p>O <strong>alerta do Inmet<\/strong> \u00e9 v\u00e1lido at\u00e9 \u00e0s 18h do dia <strong>1\u00ba de maio<\/strong>. Contudo, a <strong>Climatempo <\/strong>informou que o per\u00edodo desta <strong>onda de calor<\/strong> foi estendido at\u00e9 ao menos o dia <strong>10 de maio<\/strong>.<\/p>\n<p>Sendo assim, existe a possibilidade do<strong> Instituto Nacional de Meteorologia<\/strong> estender o alerta nos pr\u00f3ximos dias.<\/p>\n<h3 class=\"wp-block-heading\"><strong>Quais s\u00e3o as regi\u00f5es afetadas?<\/strong><\/h3>\n<p>As regi\u00f5es do <strong>interior de S\u00e3o Paulo<\/strong> que aparecem no comunicado de altas temperaturas s\u00e3o:<\/p>\n<h4 class=\"wp-block-heading\"><strong>Recomenda\u00e7\u00f5es para o alerta de altas temperaturas<\/strong><\/h4>\n<p>Durante os per\u00edodos de o<strong>nda de calor<\/strong>, a umidade do ar fica muito baixa, principalmente no per\u00edodo da tarde, deixando o <strong>tempo mais seco<\/strong>.<\/p>\n<p>Por esse motivo, \u00e9 importante <strong>aumentar o consumo de \u00e1gua durante o dia<\/strong>, principalmente por crian\u00e7as e idosos, j\u00e1 que a hidrata\u00e7\u00e3o \u00e9 fundamental para a sa\u00fade.<\/p>\n<p>Outra orienta\u00e7\u00e3o da <strong>Defesa Civil<\/strong> \u00e9 de que a popula\u00e7\u00e3o evite realizar atividades f\u00edsicas externas no per\u00edodo das 11h \u00e0s 17h, evitando o choque de calor.<\/p>\n<p>Roupas leves, alimenta\u00e7\u00e3o com frutas e verduras, ambientes fechados umidificados e uso de protetor solar fazem parte das recomenda\u00e7\u00f5es. O \u00f3rg\u00e3o tamb\u00e9m pode ser acionado atrav\u00e9s do telefone 199 <\/p>\n<hr class=\"wp-block-separator has-alpha-channel-opacity\"\/>\n<p>SAIBA MAIS<\/p>\n<p>Tarifas de ped\u00e1gios ter\u00e3o reajustes no interior de SP; Veja quais     <mark style=\"background-color:#ffffff\" class=\"has-inline-color has-white-color\"> contudo<\/mark><\/p>\n<h4 class=\"wp-block-heading\"><strong>FIQUE ON<\/strong><\/h4>\n<p>Fique ligado em tudo que acontece em Ribeir\u00e3o Preto e regi\u00e3o. Siga os perfis do\u00a0<strong>acidade on\u00a0<\/strong>no\u00a0<a href=\"https:\/\/www.instagram.com\/acidadeonribeirao\" target=\"_blank\" rel=\"noreferrer noopener\">Instagram<\/a>\u00a0e no\u00a0<a href=\"https:\/\/www.facebook.com\/acidadeonribeirao\" target=\"_blank\" rel=\"noreferrer noopener\">Facebook<\/a>.<\/p>\n<p>Receba not\u00edcias do acidade on no WhatsApp. Para entrar no grupo, basta\u00a0<a href=\"https:\/\/chat.whatsapp.com\/GFH9HUMUTHNFJdnyEd0xxq\" target=\"_blank\" rel=\"noreferrer noopener\">clicar aqui<\/a>.<\/p>\n<p>Fa\u00e7a uma den\u00fancia ou sugira uma reportagem sobre Ribeir\u00e3o Preto e regi\u00e3o pelo WhatsApp: 16 99117 7802.<\/p>\n<p>SAIBA MAIS<\/p>\n<p>Lygia morre em \u201cCheias de Charme\u201d? <mark style=\"background-color:#ffffff\" class=\"has-inline-color has-white-color\">entretanto,<\/mark><\/p>\n<p><!-- AI CONTENT END 1 -->\n<\/div>\n<p><script async src=\"\/\/www.instagram.com\/embed.js\"><\/script><br \/>\n<br \/><br \/>\n<br \/><a href=\"https:\/\/www.acidadeon.com\/ribeiraopreto\/cotidiano\/alerta-de-temperaturas-acima-da-media-e-emitido-para-o-interior-de-sp-veja-regioes-afetadas\/\">Source link <\/a><\/p>\n<div class='code-block code-block-4' style='margin: 8px auto 8px 0; text-align: left; display: block; clear: both;'>\n\ud83d\udce2 Aviso Legal\n\nO site ismaelcolosi.com.br atua apenas como um canal de divulga\u00e7\u00e3o de oportunidades de emprego e n\u00e3o se responsabiliza pelo processo seletivo, contrata\u00e7\u00e3o ou qualquer outra etapa relacionada \u00e0s vagas publicadas. Todas as informa\u00e7\u00f5es s\u00e3o de responsabilidade dos anunciantes.\n\n\u26a0\ufe0f Aten\u00e7\u00e3o! Nunca pague por promessas de emprego nem compre cursos que garantam contrata\u00e7\u00e3o. Desconfie de qualquer cobran\u00e7a para participar de sele\u00e7\u00f5es.\n\n\n\n<\/div>\n<!-- CONTENT END 1 -->\n","protected":false},"excerpt":{"rendered":"<p>O Instituto Nacional de Meteorologia (Inmet) emitiu um alerta laranja para temperaturas acima da m\u00e9dia no interior do estado de S\u00e3o Paulo nos pr\u00f3ximos dias&#8230;.<\/p>\n","protected":false},"author":1,"featured_media":47946,"comment_status":"open","ping_status":"open","sticky":false,"template":"","format":"standard","meta":{"_uag_custom_page_level_css":"","advanced_seo_description":"","jetpack_seo_html_title":"","jetpack_seo_noindex":false,"jetpack_post_was_ever_published":false,"_jetpack_newsletter_access":"","_jetpack_dont_email_post_to_subs":false,"_jetpack_newsletter_tier_id":0,"_jetpack_memberships_contains_paywalled_content":false,"_jetpack_memberships_contains_paid_content":false,"footnotes":"","jetpack_publicize_message":"","jetpack_publicize_feature_enabled":true,"jetpack_social_post_already_shared":true,"jetpack_social_options":{"image_generator_settings":{"template":"highway","default_image_id":0,"font":"","enabled":false},"version":2}},"categories":[11],"tags":[],"class_list":["post-47945","post","type-post","status-publish","format-standard","has-post-thumbnail","hentry","category-noticias-de-ribeirao-preto-sp-e-regiao-ismael-colosi"],"jetpack_publicize_connections":[],"jetpack_featured_media_url":"https:\/\/i0.wp.com\/ismaelcolosi.com.br\/wp-content\/uploads\/2024\/04\/trbr5837.png?fit=1170%2C700&ssl=1","uagb_featured_image_src":{"full":["https:\/\/i0.wp.com\/ismaelcolosi.com.br\/wp-content\/uploads\/2024\/04\/trbr5837.png?fit=1170%2C700&ssl=1",1170,700,false],"thumbnail":["https:\/\/i0.wp.com\/ismaelcolosi.com.br\/wp-content\/uploads\/2024\/04\/trbr5837.png?resize=150%2C150&ssl=1",150,150,true],"medium":["https:\/\/i0.wp.com\/ismaelcolosi.com.br\/wp-content\/uploads\/2024\/04\/trbr5837.png?fit=300%2C179&ssl=1",300,179,true],"medium_large":["https:\/\/i0.wp.com\/ismaelcolosi.com.br\/wp-content\/uploads\/2024\/04\/trbr5837.png?fit=768%2C459&ssl=1",768,459,true],"large":["https:\/\/i0.wp.com\/ismaelcolosi.com.br\/wp-content\/uploads\/2024\/04\/trbr5837.png?fit=1024%2C613&ssl=1",1024,613,true],"1536x1536":["https:\/\/i0.wp.com\/ismaelcolosi.com.br\/wp-content\/uploads\/2024\/04\/trbr5837.png?fit=1170%2C700&ssl=1",1170,700,true],"2048x2048":["https:\/\/i0.wp.com\/ismaelcolosi.com.br\/wp-content\/uploads\/2024\/04\/trbr5837.png?fit=1170%2C700&ssl=1",1170,700,true],"really-simple-thumb":["https:\/\/i0.wp.com\/ismaelcolosi.com.br\/wp-content\/uploads\/2024\/04\/trbr5837.png?resize=370%2C247&ssl=1",370,247,true]},"uagb_author_info":{"display_name":"ismaelcolosi.com.br","author_link":"https:\/\/ismaelcolosi.com.br\/index.php\/author\/vidareal-online\/"},"uagb_comment_info":0,"uagb_excerpt":"O Instituto Nacional de Meteorologia (Inmet) emitiu um alerta laranja para temperaturas acima da m\u00e9dia no interior do estado de S\u00e3o Paulo nos pr\u00f3ximos dias....","jetpack-related-posts":[{"id":48107,"url":"https:\/\/ismaelcolosi.com.br\/index.php\/2024\/04\/30\/mais-cidades-sao-incluidas-no-alerta-para-ondas-de-calor-no-interior-de-sp-veja-regioes-afetadas\/","url_meta":{"origin":47945,"position":0},"title":"Mais cidades s\u00e3o inclu\u00eddas no alerta para ondas de calor no interior de SP; Veja regi\u00f5es afetadas","author":"ismaelcolosi.com.br","date":"30 de April de 2024","format":false,"excerpt":"O calor\u00e3o que atinge o estado de S\u00e3o Paulo e outras regi\u00f5es do Brasil n\u00e3o deve ir embora at\u00e9 pelo menos o dia 10 de maio, de acordo com a Climatempo. Essa onda de calor afeta o estado desde o dia 22 de abril. Nesta ter\u00e7a-feira (30), o Instituto Nacional\u2026","rel":"","context":"In &quot;Not\u00edcias de Ribeir\u00e3o Preto-SP e Regi\u00e3o&quot;","block_context":{"text":"Not\u00edcias de Ribeir\u00e3o Preto-SP e Regi\u00e3o","link":"https:\/\/ismaelcolosi.com.br\/index.php\/category\/noticias-de-ribeirao-preto-sp-e-regiao-ismael-colosi\/"},"img":{"alt_text":"","src":"https:\/\/i0.wp.com\/ismaelcolosi.com.br\/wp-content\/uploads\/2024\/04\/20230824_153104-1.jpg?fit=1200%2C823&ssl=1&resize=350%2C200","width":350,"height":200,"srcset":"https:\/\/i0.wp.com\/ismaelcolosi.com.br\/wp-content\/uploads\/2024\/04\/20230824_153104-1.jpg?fit=1200%2C823&ssl=1&resize=350%2C200 1x, https:\/\/i0.wp.com\/ismaelcolosi.com.br\/wp-content\/uploads\/2024\/04\/20230824_153104-1.jpg?fit=1200%2C823&ssl=1&resize=525%2C300 1.5x, https:\/\/i0.wp.com\/ismaelcolosi.com.br\/wp-content\/uploads\/2024\/04\/20230824_153104-1.jpg?fit=1200%2C823&ssl=1&resize=700%2C400 2x, https:\/\/i0.wp.com\/ismaelcolosi.com.br\/wp-content\/uploads\/2024\/04\/20230824_153104-1.jpg?fit=1200%2C823&ssl=1&resize=1050%2C600 3x"},"classes":[]},{"id":51203,"url":"https:\/\/ismaelcolosi.com.br\/index.php\/2024\/05\/23\/interior-de-sp-recebe-alerta-para-baixas-temperaturas-veja-regioes-afetadas\/","url_meta":{"origin":47945,"position":1},"title":"Interior de SP recebe alerta para baixas temperaturas; Veja regi\u00f5es afetadas","author":"ismaelcolosi.com.br","date":"23 de May de 2024","format":false,"excerpt":"O interior do estado de S\u00e3o Paulo recebeu um alerta de perigo potencial para decl\u00ednio de temperatura, a partir desta quinta-feira (24). De acordo com a Climatempo, a chegada de uma nova frente fria no fim de semana ir\u00e1 proporcionar uma queda mais significativa de temperatura nos estados do Centro-Sul\u2026","rel":"","context":"In &quot;Not\u00edcias de Ribeir\u00e3o Preto-SP e Regi\u00e3o&quot;","block_context":{"text":"Not\u00edcias de Ribeir\u00e3o Preto-SP e Regi\u00e3o","link":"https:\/\/ismaelcolosi.com.br\/index.php\/category\/noticias-de-ribeirao-preto-sp-e-regiao-ismael-colosi\/"},"img":{"alt_text":"","src":"https:\/\/i0.wp.com\/ismaelcolosi.com.br\/wp-content\/uploads\/2024\/05\/1716501818_calcadao_ribeirao_1024x576_22052020190437.jpg?fit=1024%2C576&ssl=1&resize=350%2C200","width":350,"height":200,"srcset":"https:\/\/i0.wp.com\/ismaelcolosi.com.br\/wp-content\/uploads\/2024\/05\/1716501818_calcadao_ribeirao_1024x576_22052020190437.jpg?fit=1024%2C576&ssl=1&resize=350%2C200 1x, https:\/\/i0.wp.com\/ismaelcolosi.com.br\/wp-content\/uploads\/2024\/05\/1716501818_calcadao_ribeirao_1024x576_22052020190437.jpg?fit=1024%2C576&ssl=1&resize=525%2C300 1.5x, https:\/\/i0.wp.com\/ismaelcolosi.com.br\/wp-content\/uploads\/2024\/05\/1716501818_calcadao_ribeirao_1024x576_22052020190437.jpg?fit=1024%2C576&ssl=1&resize=700%2C400 2x"},"classes":[]},{"id":63971,"url":"https:\/\/ismaelcolosi.com.br\/index.php\/2024\/09\/04\/interior-de-sp-pode-registrar-ventos-de-ate-50-km-h-veja-quando\/","url_meta":{"origin":47945,"position":2},"title":"Interior de SP pode registrar ventos de at\u00e9 50 km\/h; Veja quando","author":"ismaelcolosi.com.br","date":"4 de September de 2024","format":false,"excerpt":"Uma nova frente fria deve chegar nesta semana e mudar o tempo em algumas cidades do interior de S\u00e3o Paulo, da capital e litoral paulista, de acordo com os meteorologistas. Por conta desse cen\u00e1rio, a Defesa Civil publicou um aviso para ventos fortes em todo o estado de S\u00e3o Paulo.\u2026","rel":"","context":"In &quot;Not\u00edcias de Ribeir\u00e3o Preto-SP e Regi\u00e3o&quot;","block_context":{"text":"Not\u00edcias de Ribeir\u00e3o Preto-SP e Regi\u00e3o","link":"https:\/\/ismaelcolosi.com.br\/index.php\/category\/noticias-de-ribeirao-preto-sp-e-regiao-ismael-colosi\/"},"img":{"alt_text":"","src":"https:\/\/i0.wp.com\/ismaelcolosi.com.br\/wp-content\/uploads\/2024\/06\/WhatsApp-Image-2024-06-05-at-08.22.06_2024-06-05_11-29-47_jpeg_2024-06-05_11-29-48.webp.webp?fit=1200%2C540&ssl=1&resize=350%2C200","width":350,"height":200,"srcset":"https:\/\/i0.wp.com\/ismaelcolosi.com.br\/wp-content\/uploads\/2024\/06\/WhatsApp-Image-2024-06-05-at-08.22.06_2024-06-05_11-29-47_jpeg_2024-06-05_11-29-48.webp.webp?fit=1200%2C540&ssl=1&resize=350%2C200 1x, https:\/\/i0.wp.com\/ismaelcolosi.com.br\/wp-content\/uploads\/2024\/06\/WhatsApp-Image-2024-06-05-at-08.22.06_2024-06-05_11-29-47_jpeg_2024-06-05_11-29-48.webp.webp?fit=1200%2C540&ssl=1&resize=525%2C300 1.5x, https:\/\/i0.wp.com\/ismaelcolosi.com.br\/wp-content\/uploads\/2024\/06\/WhatsApp-Image-2024-06-05-at-08.22.06_2024-06-05_11-29-47_jpeg_2024-06-05_11-29-48.webp.webp?fit=1200%2C540&ssl=1&resize=700%2C400 2x, https:\/\/i0.wp.com\/ismaelcolosi.com.br\/wp-content\/uploads\/2024\/06\/WhatsApp-Image-2024-06-05-at-08.22.06_2024-06-05_11-29-47_jpeg_2024-06-05_11-29-48.webp.webp?fit=1200%2C540&ssl=1&resize=1050%2C600 3x"},"classes":[]},{"id":48258,"url":"https:\/\/ismaelcolosi.com.br\/index.php\/2024\/05\/01\/interior-de-sp-esta-em-alerta-vermelho-para-onda-de-calor-veja-os-municipios-afetados\/","url_meta":{"origin":47945,"position":3},"title":"Interior de SP est\u00e1 em alerta vermelho para onda de calor; Veja os munic\u00edpios afetados","author":"ismaelcolosi.com.br","date":"1 de May de 2024","format":false,"excerpt":"O Instituto Nacional de Meteorologia (Inmet) elevou o grau de severidade do alerta de onda de calor para o interior de S\u00e3o Paulo, no come\u00e7o da noite desta quarta-feira (1\u00ba). A partir de agora, diversas cidades se encontram no alerta vermelho, que representa grande perigo. Desde o dia 22 de\u2026","rel":"","context":"In &quot;Not\u00edcias de Ribeir\u00e3o Preto-SP e Regi\u00e3o&quot;","block_context":{"text":"Not\u00edcias de Ribeir\u00e3o Preto-SP e Regi\u00e3o","link":"https:\/\/ismaelcolosi.com.br\/index.php\/category\/noticias-de-ribeirao-preto-sp-e-regiao-ismael-colosi\/"},"img":{"alt_text":"","src":"https:\/\/i0.wp.com\/ismaelcolosi.com.br\/wp-content\/uploads\/2024\/05\/AnyConv.com__trbr5828-scaled.webp.webp?fit=1200%2C800&ssl=1&resize=350%2C200","width":350,"height":200,"srcset":"https:\/\/i0.wp.com\/ismaelcolosi.com.br\/wp-content\/uploads\/2024\/05\/AnyConv.com__trbr5828-scaled.webp.webp?fit=1200%2C800&ssl=1&resize=350%2C200 1x, https:\/\/i0.wp.com\/ismaelcolosi.com.br\/wp-content\/uploads\/2024\/05\/AnyConv.com__trbr5828-scaled.webp.webp?fit=1200%2C800&ssl=1&resize=525%2C300 1.5x, https:\/\/i0.wp.com\/ismaelcolosi.com.br\/wp-content\/uploads\/2024\/05\/AnyConv.com__trbr5828-scaled.webp.webp?fit=1200%2C800&ssl=1&resize=700%2C400 2x, https:\/\/i0.wp.com\/ismaelcolosi.com.br\/wp-content\/uploads\/2024\/05\/AnyConv.com__trbr5828-scaled.webp.webp?fit=1200%2C800&ssl=1&resize=1050%2C600 3x"},"classes":[]},{"id":63563,"url":"https:\/\/ismaelcolosi.com.br\/index.php\/2024\/09\/02\/interior-de-sp-tem-dois-novos-alertas-de-perigo-potencial-veja-regioes-afetadas\/","url_meta":{"origin":47945,"position":4},"title":"Interior de SP tem dois novos alertas de perigo potencial; Veja regi\u00f5es afetadas","author":"ismaelcolosi.com.br","date":"2 de September de 2024","format":false,"excerpt":"O Instituto Nacional de Meteorologia (Inmet) emitiu dois novos alertas de perigo potencial para o interior de S\u00e3o Paulo, nesta segunda-feira (2). Um \u00e9 para onda de calor e o outro para baixa umidade do ar. De acordo com a Climatempo, o tempo seco e com temperaturas acima da m\u00e9dia\u2026","rel":"","context":"In &quot;Not\u00edcias de Ribeir\u00e3o Preto-SP e Regi\u00e3o&quot;","block_context":{"text":"Not\u00edcias de Ribeir\u00e3o Preto-SP e Regi\u00e3o","link":"https:\/\/ismaelcolosi.com.br\/index.php\/category\/noticias-de-ribeirao-preto-sp-e-regiao-ismael-colosi\/"},"img":{"alt_text":"","src":"https:\/\/i0.wp.com\/ismaelcolosi.com.br\/wp-content\/uploads\/2024\/09\/mulher-mais-velha-lutando-com-alta-temperatura-scaled.jpg?fit=1200%2C800&ssl=1&resize=350%2C200","width":350,"height":200,"srcset":"https:\/\/i0.wp.com\/ismaelcolosi.com.br\/wp-content\/uploads\/2024\/09\/mulher-mais-velha-lutando-com-alta-temperatura-scaled.jpg?fit=1200%2C800&ssl=1&resize=350%2C200 1x, https:\/\/i0.wp.com\/ismaelcolosi.com.br\/wp-content\/uploads\/2024\/09\/mulher-mais-velha-lutando-com-alta-temperatura-scaled.jpg?fit=1200%2C800&ssl=1&resize=525%2C300 1.5x, https:\/\/i0.wp.com\/ismaelcolosi.com.br\/wp-content\/uploads\/2024\/09\/mulher-mais-velha-lutando-com-alta-temperatura-scaled.jpg?fit=1200%2C800&ssl=1&resize=700%2C400 2x, https:\/\/i0.wp.com\/ismaelcolosi.com.br\/wp-content\/uploads\/2024\/09\/mulher-mais-velha-lutando-com-alta-temperatura-scaled.jpg?fit=1200%2C800&ssl=1&resize=1050%2C600 3x"},"classes":[]},{"id":58005,"url":"https:\/\/ismaelcolosi.com.br\/index.php\/2024\/07\/26\/interior-de-sp-tem-novo-alerta-laranja-de-perigo-veja-as-regioes-afetadas\/","url_meta":{"origin":47945,"position":5},"title":"Interior de SP tem novo alerta laranja de perigo; Veja as regi\u00f5es afetadas","author":"ismaelcolosi.com.br","date":"26 de July de 2024","format":false,"excerpt":"O Inmet (Instituto Nacional de Meteorologia) emitiu um novo alerta de perigo para a baixa umidade do ar em parte do interior de S\u00e3o Paulo. O aviso tem validade entre 12h e 17h desta sexta-feira (26), e inclui Ribeir\u00e3o Preto e cidades da regi\u00e3o. O alerta \u00e9 na cor laranja\u2026","rel":"","context":"In &quot;Not\u00edcias de Ribeir\u00e3o Preto-SP e Regi\u00e3o&quot;","block_context":{"text":"Not\u00edcias de Ribeir\u00e3o Preto-SP e Regi\u00e3o","link":"https:\/\/ismaelcolosi.com.br\/index.php\/category\/noticias-de-ribeirao-preto-sp-e-regiao-ismael-colosi\/"},"img":{"alt_text":"","src":"https:\/\/i0.wp.com\/ismaelcolosi.com.br\/wp-content\/uploads\/2024\/07\/20230711_174150-scaled.jpg?fit=1200%2C540&ssl=1&resize=350%2C200","width":350,"height":200,"srcset":"https:\/\/i0.wp.com\/ismaelcolosi.com.br\/wp-content\/uploads\/2024\/07\/20230711_174150-scaled.jpg?fit=1200%2C540&ssl=1&resize=350%2C200 1x, https:\/\/i0.wp.com\/ismaelcolosi.com.br\/wp-content\/uploads\/2024\/07\/20230711_174150-scaled.jpg?fit=1200%2C540&ssl=1&resize=525%2C300 1.5x, https:\/\/i0.wp.com\/ismaelcolosi.com.br\/wp-content\/uploads\/2024\/07\/20230711_174150-scaled.jpg?fit=1200%2C540&ssl=1&resize=700%2C400 2x, https:\/\/i0.wp.com\/ismaelcolosi.com.br\/wp-content\/uploads\/2024\/07\/20230711_174150-scaled.jpg?fit=1200%2C540&ssl=1&resize=1050%2C600 3x"},"classes":[]}],"jetpack_sharing_enabled":true,"jetpack_shortlink":"https:\/\/wp.me\/pfMlyK-ctj","_links":{"self":[{"href":"https:\/\/ismaelcolosi.com.br\/index.php\/wp-json\/wp\/v2\/posts\/47945","targetHints":{"allow":["GET"]}}],"collection":[{"href":"https:\/\/ismaelcolosi.com.br\/index.php\/wp-json\/wp\/v2\/posts"}],"about":[{"href":"https:\/\/ismaelcolosi.com.br\/index.php\/wp-json\/wp\/v2\/types\/post"}],"author":[{"embeddable":true,"href":"https:\/\/ismaelcolosi.com.br\/index.php\/wp-json\/wp\/v2\/users\/1"}],"replies":[{"embeddable":true,"href":"https:\/\/ismaelcolosi.com.br\/index.php\/wp-json\/wp\/v2\/comments?post=47945"}],"version-history":[{"count":0,"href":"https:\/\/ismaelcolosi.com.br\/index.php\/wp-json\/wp\/v2\/posts\/47945\/revisions"}],"wp:featuredmedia":[{"embeddable":true,"href":"https:\/\/ismaelcolosi.com.br\/index.php\/wp-json\/wp\/v2\/media\/47946"}],"wp:attachment":[{"href":"https:\/\/ismaelcolosi.com.br\/index.php\/wp-json\/wp\/v2\/media?parent=47945"}],"wp:term":[{"taxonomy":"category","embeddable":true,"href":"https:\/\/ismaelcolosi.com.br\/index.php\/wp-json\/wp\/v2\/categories?post=47945"},{"taxonomy":"post_tag","embeddable":true,"href":"https:\/\/ismaelcolosi.com.br\/index.php\/wp-json\/wp\/v2\/tags?post=47945"}],"curies":[{"name":"wp","href":"https:\/\/api.w.org\/{rel}","templated":true}]}}