{"id":47943,"date":"2024-04-29T17:37:35","date_gmt":"2024-04-29T20:37:35","guid":{"rendered":"https:\/\/ismaelcolosi.com.br\/index.php\/2024\/04\/29\/show-da-banda-dire-straits-legacy-acontece-sabado-em-ribeirao-preto-ainda-ha-ingressos\/"},"modified":"2024-04-29T17:37:35","modified_gmt":"2024-04-29T20:37:35","slug":"show-da-banda-dire-straits-legacy-acontece-sabado-em-ribeirao-preto-ainda-ha-ingressos","status":"publish","type":"post","link":"https:\/\/ismaelcolosi.com.br\/index.php\/2024\/04\/29\/show-da-banda-dire-straits-legacy-acontece-sabado-em-ribeirao-preto-ainda-ha-ingressos\/","title":{"rendered":"Show da banda Dire Straits Legacy acontece s\u00e1bado em Ribeir\u00e3o Preto; Ainda h\u00e1 ingressos"},"content":{"rendered":"<p> <br \/>\n<\/p>\n<div>\n<p>O <strong>show da banda brit\u00e2nica<\/strong> <strong>Dire Straits Legacy<\/strong>, com a apresenta\u00e7\u00e3o da<strong> turn\u00ea \u201cFor You South America Tour 2024\u201d<\/strong>, acontece neste <strong>s\u00e1bado<\/strong> (4) em <strong>Ribeir\u00e3o Preto<\/strong>. <strong>Ainda h\u00e1 ingressos dispon\u00edveis<\/strong> para venda <strong>(veja abaixo)<\/strong>.<\/p>\n<p>Com <strong>m\u00fasicos que fizeram parte de diferentes fases da carreira da banda<\/strong>, a turn\u00ea promete <strong>levar o p\u00fablico<\/strong> a uma <strong>viagem no tempo<\/strong> com os <strong>hits do grupo<\/strong> que <strong>marcaram \u00e9pocas<\/strong>.<\/p>\n<h4 class=\"wp-block-heading\"><strong>Confira as informa\u00e7\u00f5es sobre o show<\/strong><\/h4>\n<p><strong>Hor\u00e1rios<\/strong><\/p>\n<p>A <strong>abertura<\/strong> dos <strong>port\u00f5es<\/strong> para o show, que ser\u00e1 <strong>no est\u00e1dio Santa Cruz Arena Nicnet<\/strong>, acontece <strong>\u00e0s 19h<\/strong> e o <strong>in\u00edcio<\/strong> da <strong>apresenta\u00e7\u00e3o<\/strong> est\u00e1 prevista para <strong>\u00e0s 22h<\/strong>.<\/p>\n<p><strong>Entrada permitida<\/strong><\/p>\n<p>Ser\u00e1 permitida somente a <strong>entrada<\/strong> de <strong>maiores de 18 anos<\/strong> de idade.<\/p>\n<p><strong>Ingressos<\/strong><\/p>\n<p>Os <strong>ingressos<\/strong> para a <strong>\u00e1rea Vip<\/strong> e <strong>para as cadeiras<\/strong>, ainda <strong>est\u00e3o dispon\u00edveis<\/strong> pelo <strong>site<\/strong> (<strong><a href=\"https:\/\/www.guicheweb.com.br\/dire-straits-em-ribeirao-preto_30056\" target=\"_blank\" rel=\"noreferrer noopener nofollow\">clique aqui<\/a><\/strong>) e nos <strong>pontos f\u00edsicos de vendas<\/strong> (endere\u00e7os no fim da p\u00e1gina da venda on-line).<\/p>\n<ul>\n<li>Setor So Far Away (cadeira premium) \u2013 <strong>R$ 200 (solid\u00e1rio)<\/strong><\/li>\n<li>Setor Money for Nothing (\u00e1rea vip) \u2013 R$ 280 (solid\u00e1rio)<\/li>\n<\/ul>\n<p><strong>Bistr\u00f4s fechados para grupos de 4 pessoas com banquetas<\/strong><\/p>\n<ul>\n<li>Setor Sultans of Swing Silver \u2013 R$ 2.000<\/li>\n<li>Setor Sultans of Swing Gold \u2013 R$ 2.400<\/li>\n<li>Setor Sultans of Swing Diamante \u2013 <strong>R$ 2.800<\/strong><\/li>\n<\/ul>\n<h4 class=\"wp-block-heading\"><strong>Sobre o Dire Straits Legacy<\/strong><\/h4>\n<p>A <strong>banda atual<\/strong> tem os seguintes <strong>integrantes<\/strong>: Alan Clark (teclados), Phil Palmer (guitarra), Mel Collins (sax), Marco Caviglia (voz e guitarra), Danny Cummings (percuss\u00e3o e voz), Primiano Dibiase (teclados), Steve Walters (baixo) e Alex Polifrone (bateria).<\/p>\n<p>O <span style=\"background-color:#f7cc62\" class=\"td_text_highlight_marker\"><mark style=\"background-color:rgba(0, 0, 0, 0)\" class=\"has-inline-color has-black-color\">Dire Straits vendeu mais de 120 milh\u00f5es de \u00e1lbuns em todo o mundo<\/mark><\/span>. Atualmente, a Dire Straits Legacy traz de volta seu trabalho ic\u00f4nico, interpretado por m\u00fasicos que gravaram e excursionaram com o Dire Straits h\u00e1 mais de 30 anos.<\/p>\n<p>SAIBA MAIS <\/p>\n<p>Funda\u00e7\u00e3o na regi\u00e3o de Ribeir\u00e3o Preto abre processo seletivo; Veja como participar<\/p>\n<h4 class=\"wp-block-heading\"><strong>FIQUE ON<\/strong><\/h4>\n<p>Fique ligado em tudo que acontece em Ribeir\u00e3o Preto e regi\u00e3o. Siga os perfis do\u00a0<strong>acidade on\u00a0<\/strong>no\u00a0<a href=\"https:\/\/www.instagram.com\/acidadeonribeirao\" target=\"_blank\" rel=\"noreferrer noopener\">Instagram<\/a>\u00a0e no\u00a0<a href=\"https:\/\/www.facebook.com\/acidadeonribeirao\" target=\"_blank\" rel=\"noreferrer noopener\">Facebook<\/a>.<\/p>\n<p>Receba not\u00edcias do acidade on no WhatsApp. Para entrar no grupo, basta\u00a0<a href=\"https:\/\/chat.whatsapp.com\/GFH9HUMUTHNFJdnyEd0xxq\" target=\"_blank\" rel=\"noreferrer noopener\">clicar aqui<\/a>.<\/p>\n<p>Fa\u00e7a uma den\u00fancia ou sugira uma reportagem sobre Ribeir\u00e3o Preto e regi\u00e3o pelo WhatsApp: 16 99117 7802.<\/p>\n<p>VEJA TAMB\u00c9M<\/p>\n<p>Atriz Alice Carvalho, de \u201cRenascer\u201d, \u00e9 casada?\u00a0<\/p>\n<p><!-- AI CONTENT END 1 -->\n<\/div>\n<p><script async src=\"\/\/www.instagram.com\/embed.js\"><\/script><br \/>\n<br \/><br \/>\n<br \/><a href=\"https:\/\/www.acidadeon.com\/ribeiraopreto\/lazer-e-cultura\/show-da-banda-dire-straits-legacy-acontece-sabado-em-ribeirao-preto-ainda-ha-ingressos\/\">Source link <\/a><\/p>\n<div class='code-block code-block-4' style='margin: 8px auto 8px 0; text-align: left; display: block; clear: both;'>\n\ud83d\udce2 Aviso Legal\n\nO site ismaelcolosi.com.br atua apenas como um canal de divulga\u00e7\u00e3o de oportunidades de emprego e n\u00e3o se responsabiliza pelo processo seletivo, contrata\u00e7\u00e3o ou qualquer outra etapa relacionada \u00e0s vagas publicadas. Todas as informa\u00e7\u00f5es s\u00e3o de responsabilidade dos anunciantes.\n\n\u26a0\ufe0f Aten\u00e7\u00e3o! Nunca pague por promessas de emprego nem compre cursos que garantam contrata\u00e7\u00e3o. Desconfie de qualquer cobran\u00e7a para participar de sele\u00e7\u00f5es.\n\n\n\n<\/div>\n<!-- CONTENT END 1 -->\n","protected":false},"excerpt":{"rendered":"<p>O show da banda brit\u00e2nica Dire Straits Legacy, com a apresenta\u00e7\u00e3o da turn\u00ea \u201cFor You South America Tour 2024\u201d, acontece neste s\u00e1bado (4) em Ribeir\u00e3o&#8230;<\/p>\n","protected":false},"author":1,"featured_media":47944,"comment_status":"open","ping_status":"open","sticky":false,"template":"","format":"standard","meta":{"_uag_custom_page_level_css":"","advanced_seo_description":"","jetpack_seo_html_title":"","jetpack_seo_noindex":false,"jetpack_post_was_ever_published":false,"_jetpack_newsletter_access":"","_jetpack_dont_email_post_to_subs":false,"_jetpack_newsletter_tier_id":0,"_jetpack_memberships_contains_paywalled_content":false,"_jetpack_memberships_contains_paid_content":false,"footnotes":"","jetpack_publicize_message":"","jetpack_publicize_feature_enabled":true,"jetpack_social_post_already_shared":true,"jetpack_social_options":{"image_generator_settings":{"template":"highway","default_image_id":0,"font":"","enabled":false},"version":2}},"categories":[11],"tags":[],"class_list":["post-47943","post","type-post","status-publish","format-standard","has-post-thumbnail","hentry","category-noticias-de-ribeirao-preto-sp-e-regiao-ismael-colosi"],"jetpack_publicize_connections":[],"jetpack_featured_media_url":"https:\/\/i0.wp.com\/ismaelcolosi.com.br\/wp-content\/uploads\/2024\/04\/Copia-de-Copia-de-TAMANHO-EXATO-PARA-FOTOS-NO-SISTEMA-NOVO-20-3_2024-04-29_20-08-21_jpg.webp.webp?fit=1200%2C675&ssl=1","uagb_featured_image_src":{"full":["https:\/\/i0.wp.com\/ismaelcolosi.com.br\/wp-content\/uploads\/2024\/04\/Copia-de-Copia-de-TAMANHO-EXATO-PARA-FOTOS-NO-SISTEMA-NOVO-20-3_2024-04-29_20-08-21_jpg.webp.webp?fit=1200%2C675&ssl=1",1200,675,false],"thumbnail":["https:\/\/i0.wp.com\/ismaelcolosi.com.br\/wp-content\/uploads\/2024\/04\/Copia-de-Copia-de-TAMANHO-EXATO-PARA-FOTOS-NO-SISTEMA-NOVO-20-3_2024-04-29_20-08-21_jpg.webp.webp?resize=150%2C150&ssl=1",150,150,true],"medium":["https:\/\/i0.wp.com\/ismaelcolosi.com.br\/wp-content\/uploads\/2024\/04\/Copia-de-Copia-de-TAMANHO-EXATO-PARA-FOTOS-NO-SISTEMA-NOVO-20-3_2024-04-29_20-08-21_jpg.webp.webp?fit=300%2C169&ssl=1",300,169,true],"medium_large":["https:\/\/i0.wp.com\/ismaelcolosi.com.br\/wp-content\/uploads\/2024\/04\/Copia-de-Copia-de-TAMANHO-EXATO-PARA-FOTOS-NO-SISTEMA-NOVO-20-3_2024-04-29_20-08-21_jpg.webp.webp?fit=768%2C432&ssl=1",768,432,true],"large":["https:\/\/i0.wp.com\/ismaelcolosi.com.br\/wp-content\/uploads\/2024\/04\/Copia-de-Copia-de-TAMANHO-EXATO-PARA-FOTOS-NO-SISTEMA-NOVO-20-3_2024-04-29_20-08-21_jpg.webp.webp?fit=1024%2C576&ssl=1",1024,576,true],"1536x1536":["https:\/\/i0.wp.com\/ismaelcolosi.com.br\/wp-content\/uploads\/2024\/04\/Copia-de-Copia-de-TAMANHO-EXATO-PARA-FOTOS-NO-SISTEMA-NOVO-20-3_2024-04-29_20-08-21_jpg.webp.webp?fit=1200%2C675&ssl=1",1200,675,true],"2048x2048":["https:\/\/i0.wp.com\/ismaelcolosi.com.br\/wp-content\/uploads\/2024\/04\/Copia-de-Copia-de-TAMANHO-EXATO-PARA-FOTOS-NO-SISTEMA-NOVO-20-3_2024-04-29_20-08-21_jpg.webp.webp?fit=1200%2C675&ssl=1",1200,675,true],"really-simple-thumb":["https:\/\/i0.wp.com\/ismaelcolosi.com.br\/wp-content\/uploads\/2024\/04\/Copia-de-Copia-de-TAMANHO-EXATO-PARA-FOTOS-NO-SISTEMA-NOVO-20-3_2024-04-29_20-08-21_jpg.webp.webp?resize=370%2C247&ssl=1",370,247,true]},"uagb_author_info":{"display_name":"ismaelcolosi.com.br","author_link":"https:\/\/ismaelcolosi.com.br\/index.php\/author\/vidareal-online\/"},"uagb_comment_info":0,"uagb_excerpt":"O show da banda brit\u00e2nica Dire Straits Legacy, com a apresenta\u00e7\u00e3o da turn\u00ea \u201cFor You South America Tour 2024\u201d, acontece neste s\u00e1bado (4) em Ribeir\u00e3o...","jetpack-related-posts":[{"id":48612,"url":"https:\/\/ismaelcolosi.com.br\/index.php\/2024\/05\/04\/tudo-o-que-voce-precisa-saber-sobre-o-show-do-dire-straits-legacy-em-ribeirao\/","url_meta":{"origin":47943,"position":0},"title":"Tudo o que voc\u00ea precisa saber sobre o show do Dire Straits Legacy em Ribeir\u00e3o","author":"ismaelcolosi.com.br","date":"4 de May de 2024","format":false,"excerpt":"A banda brit\u00e2nica\u00a0Dire Straits Legacy chega a Ribeir\u00e3o Preto com o show da\u00a0turn\u00ea \u201cFor You South America Tour 2024\u201d, na noite deste s\u00e1bado\u00a0(4), no est\u00e1dio Santa Cruz Arena Nicnet.\u00a0Ainda h\u00e1 ingressos dispon\u00edveis\u00a0(Veja abaixo como comprar). A\u00a0banda\u00a0conta com\u00a0m\u00fasicos\u00a0que fizeram parte de diferentes\u00a0fases\u00a0da\u00a0carreira\u00a0do\u00a0Dire Straits. A\u00a0apresenta\u00e7\u00e3o\u00a0\u00e9 considerada um\u00a0show \u00fanico e emocional, que revive\u2026","rel":"","context":"In &quot;Not\u00edcias de Ribeir\u00e3o Preto-SP e Regi\u00e3o&quot;","block_context":{"text":"Not\u00edcias de Ribeir\u00e3o Preto-SP e Regi\u00e3o","link":"https:\/\/ismaelcolosi.com.br\/index.php\/category\/noticias-de-ribeirao-preto-sp-e-regiao-ismael-colosi\/"},"img":{"alt_text":"","src":"https:\/\/i0.wp.com\/ismaelcolosi.com.br\/wp-content\/uploads\/2024\/05\/dire-straits-legacy-_2024-05-04_13-30-46_jpg_2024-05-04_13-30-46.webp.webp?fit=1200%2C628&ssl=1&resize=350%2C200","width":350,"height":200,"srcset":"https:\/\/i0.wp.com\/ismaelcolosi.com.br\/wp-content\/uploads\/2024\/05\/dire-straits-legacy-_2024-05-04_13-30-46_jpg_2024-05-04_13-30-46.webp.webp?fit=1200%2C628&ssl=1&resize=350%2C200 1x, https:\/\/i0.wp.com\/ismaelcolosi.com.br\/wp-content\/uploads\/2024\/05\/dire-straits-legacy-_2024-05-04_13-30-46_jpg_2024-05-04_13-30-46.webp.webp?fit=1200%2C628&ssl=1&resize=525%2C300 1.5x, https:\/\/i0.wp.com\/ismaelcolosi.com.br\/wp-content\/uploads\/2024\/05\/dire-straits-legacy-_2024-05-04_13-30-46_jpg_2024-05-04_13-30-46.webp.webp?fit=1200%2C628&ssl=1&resize=700%2C400 2x, https:\/\/i0.wp.com\/ismaelcolosi.com.br\/wp-content\/uploads\/2024\/05\/dire-straits-legacy-_2024-05-04_13-30-46_jpg_2024-05-04_13-30-46.webp.webp?fit=1200%2C628&ssl=1&resize=1050%2C600 3x"},"classes":[]},{"id":41518,"url":"https:\/\/ismaelcolosi.com.br\/index.php\/2024\/03\/08\/dire-straits-legacy-confirma-show-em-ribeirao-preto-saiba-a-data-e-como-comprar-ingressos\/","url_meta":{"origin":47943,"position":1},"title":"Dire Straits Legacy confirma show em Ribeir\u00e3o Preto; Saiba a data e como comprar ingressos","author":"ismaelcolosi.com.br","date":"8 de March de 2024","format":false,"excerpt":"A banda Dire Straits Legacy retorna ao Brasil e confirma show em Ribeir\u00e3o Preto com a turn\u00ea For You South America Tour 2024. O evento acontece no dia 4 de maio, na Arena Nicnet Eurobike. Os ingressos come\u00e7am a ser vendidos no dia 10 de mar\u00e7o, por\u00e9m, a pr\u00e9-venda exclusiva\u2026","rel":"","context":"In &quot;Not\u00edcias de Ribeir\u00e3o Preto-SP e Regi\u00e3o&quot;","block_context":{"text":"Not\u00edcias de Ribeir\u00e3o Preto-SP e Regi\u00e3o","link":"https:\/\/ismaelcolosi.com.br\/index.php\/category\/noticias-de-ribeirao-preto-sp-e-regiao-ismael-colosi\/"},"img":{"alt_text":"","src":"https:\/\/i0.wp.com\/ismaelcolosi.com.br\/wp-content\/uploads\/2024\/03\/DSL-Band-Credit-RON-ELKAM-USA-TODAY-NETWORK-scaled.jpg?fit=1200%2C688&ssl=1&resize=350%2C200","width":350,"height":200,"srcset":"https:\/\/i0.wp.com\/ismaelcolosi.com.br\/wp-content\/uploads\/2024\/03\/DSL-Band-Credit-RON-ELKAM-USA-TODAY-NETWORK-scaled.jpg?fit=1200%2C688&ssl=1&resize=350%2C200 1x, https:\/\/i0.wp.com\/ismaelcolosi.com.br\/wp-content\/uploads\/2024\/03\/DSL-Band-Credit-RON-ELKAM-USA-TODAY-NETWORK-scaled.jpg?fit=1200%2C688&ssl=1&resize=525%2C300 1.5x, https:\/\/i0.wp.com\/ismaelcolosi.com.br\/wp-content\/uploads\/2024\/03\/DSL-Band-Credit-RON-ELKAM-USA-TODAY-NETWORK-scaled.jpg?fit=1200%2C688&ssl=1&resize=700%2C400 2x, https:\/\/i0.wp.com\/ismaelcolosi.com.br\/wp-content\/uploads\/2024\/03\/DSL-Band-Credit-RON-ELKAM-USA-TODAY-NETWORK-scaled.jpg?fit=1200%2C688&ssl=1&resize=1050%2C600 3x"},"classes":[]},{"id":45705,"url":"https:\/\/ismaelcolosi.com.br\/index.php\/2024\/04\/05\/saiba-tudo-sobre-o-show-da-banda-dire-straits-em-ribeirao-preto\/","url_meta":{"origin":47943,"position":2},"title":"Saiba tudo sobre o show da banda Dire Straits em Ribeir\u00e3o Preto","author":"ismaelcolosi.com.br","date":"5 de April de 2024","format":false,"excerpt":"A banda Dire Straits confirmou algumas apresenta\u00e7\u00f5es no Brasil e Ribeir\u00e3o Preto \u00e9 uma das cidades que vai receber a turn\u00ea \u2018For You South America Tour 2024\u2019. O grupo conta com m\u00fasicos que fizeram parte de diferentes fases da carreira do Dire Straits. A apresenta\u00e7\u00e3o \u00e9 considerada um show \u00fanico\u2026","rel":"","context":"In &quot;Not\u00edcias de Ribeir\u00e3o Preto-SP e Regi\u00e3o&quot;","block_context":{"text":"Not\u00edcias de Ribeir\u00e3o Preto-SP e Regi\u00e3o","link":"https:\/\/ismaelcolosi.com.br\/index.php\/category\/noticias-de-ribeirao-preto-sp-e-regiao-ismael-colosi\/"},"img":{"alt_text":"","src":"https:\/\/i0.wp.com\/ismaelcolosi.com.br\/wp-content\/uploads\/2024\/04\/DSL-Band-Credit-RON-ELKAM-USA-TODAY-NETWORK-scaled.jpg?fit=1200%2C688&ssl=1&resize=350%2C200","width":350,"height":200,"srcset":"https:\/\/i0.wp.com\/ismaelcolosi.com.br\/wp-content\/uploads\/2024\/04\/DSL-Band-Credit-RON-ELKAM-USA-TODAY-NETWORK-scaled.jpg?fit=1200%2C688&ssl=1&resize=350%2C200 1x, https:\/\/i0.wp.com\/ismaelcolosi.com.br\/wp-content\/uploads\/2024\/04\/DSL-Band-Credit-RON-ELKAM-USA-TODAY-NETWORK-scaled.jpg?fit=1200%2C688&ssl=1&resize=525%2C300 1.5x, https:\/\/i0.wp.com\/ismaelcolosi.com.br\/wp-content\/uploads\/2024\/04\/DSL-Band-Credit-RON-ELKAM-USA-TODAY-NETWORK-scaled.jpg?fit=1200%2C688&ssl=1&resize=700%2C400 2x, https:\/\/i0.wp.com\/ismaelcolosi.com.br\/wp-content\/uploads\/2024\/04\/DSL-Band-Credit-RON-ELKAM-USA-TODAY-NETWORK-scaled.jpg?fit=1200%2C688&ssl=1&resize=1050%2C600 3x"},"classes":[]},{"id":42549,"url":"https:\/\/ismaelcolosi.com.br\/index.php\/2024\/03\/15\/veja-quanto-custa-o-ingresso-para-o-show-do-dire-straits-legacy-em-ribeirao-preto\/","url_meta":{"origin":47943,"position":3},"title":"Veja quanto custa o ingresso para o show do Dire Straits Legacy em Ribeir\u00e3o Preto","author":"ismaelcolosi.com.br","date":"15 de March de 2024","format":false,"excerpt":"Os ingressos para o show da banda brit\u00e2nica Dire Straits Legacy em Ribeir\u00e3o Preto est\u00e3o sendo vendidos desde o dia 10 de mar\u00e7o. Para os f\u00e3s que queiram garantir presen\u00e7a no evento, os valores dos ingressos variam entre R$ 150 a R$ 2.800. A apresenta\u00e7\u00e3o internacional acontece na cidade no\u2026","rel":"","context":"In &quot;Not\u00edcias de Ribeir\u00e3o Preto-SP e Regi\u00e3o&quot;","block_context":{"text":"Not\u00edcias de Ribeir\u00e3o Preto-SP e Regi\u00e3o","link":"https:\/\/ismaelcolosi.com.br\/index.php\/category\/noticias-de-ribeirao-preto-sp-e-regiao-ismael-colosi\/"},"img":{"alt_text":"","src":"https:\/\/i0.wp.com\/ismaelcolosi.com.br\/wp-content\/uploads\/2024\/03\/1710509090_DSL-Band-Credit-RON-ELKAM-USA-TODAY-NETWORK-scaled.jpg?fit=1200%2C688&ssl=1&resize=350%2C200","width":350,"height":200,"srcset":"https:\/\/i0.wp.com\/ismaelcolosi.com.br\/wp-content\/uploads\/2024\/03\/1710509090_DSL-Band-Credit-RON-ELKAM-USA-TODAY-NETWORK-scaled.jpg?fit=1200%2C688&ssl=1&resize=350%2C200 1x, https:\/\/i0.wp.com\/ismaelcolosi.com.br\/wp-content\/uploads\/2024\/03\/1710509090_DSL-Band-Credit-RON-ELKAM-USA-TODAY-NETWORK-scaled.jpg?fit=1200%2C688&ssl=1&resize=525%2C300 1.5x, https:\/\/i0.wp.com\/ismaelcolosi.com.br\/wp-content\/uploads\/2024\/03\/1710509090_DSL-Band-Credit-RON-ELKAM-USA-TODAY-NETWORK-scaled.jpg?fit=1200%2C688&ssl=1&resize=700%2C400 2x, https:\/\/i0.wp.com\/ismaelcolosi.com.br\/wp-content\/uploads\/2024\/03\/1710509090_DSL-Band-Credit-RON-ELKAM-USA-TODAY-NETWORK-scaled.jpg?fit=1200%2C688&ssl=1&resize=1050%2C600 3x"},"classes":[]},{"id":41604,"url":"https:\/\/ismaelcolosi.com.br\/index.php\/2024\/03\/09\/dire-straits-legacy-confirma-show-em-ribeirao-preto\/","url_meta":{"origin":47943,"position":4},"title":"Dire Straits Legacy confirma show em Ribeir\u00e3o Preto","author":"ismaelcolosi.com.br","date":"9 de March de 2024","format":false,"excerpt":"Ap\u00f3s bem sucedida turn\u00ea pelo Brasil, a banda DIRE STRAITS LEGACY volta ao pa\u00eds e confirma show em Ribeir\u00e3o Preto com a turn\u00ea For You South America Tour 2024. Formada por m\u00fasicos que fizeram parte de diferentes fases da carreira do Dire Straits, a banda apresenta um show \u00fanico e\u2026","rel":"","context":"In &quot;Not\u00edcias de Ribeir\u00e3o Preto-SP e Regi\u00e3o&quot;","block_context":{"text":"Not\u00edcias de Ribeir\u00e3o Preto-SP e Regi\u00e3o","link":"https:\/\/ismaelcolosi.com.br\/index.php\/category\/noticias-de-ribeirao-preto-sp-e-regiao-ismael-colosi\/"},"img":{"alt_text":"","src":"https:\/\/i0.wp.com\/ismaelcolosi.com.br\/wp-content\/uploads\/2024\/03\/1710004276_DSL-Band-Credit-RON-ELKAM-USA-TODAY-NETWORK-scaled.jpg?fit=1000%2C573&ssl=1&resize=350%2C200","width":350,"height":200,"srcset":"https:\/\/i0.wp.com\/ismaelcolosi.com.br\/wp-content\/uploads\/2024\/03\/1710004276_DSL-Band-Credit-RON-ELKAM-USA-TODAY-NETWORK-scaled.jpg?fit=1000%2C573&ssl=1&resize=350%2C200 1x, https:\/\/i0.wp.com\/ismaelcolosi.com.br\/wp-content\/uploads\/2024\/03\/1710004276_DSL-Band-Credit-RON-ELKAM-USA-TODAY-NETWORK-scaled.jpg?fit=1000%2C573&ssl=1&resize=525%2C300 1.5x, https:\/\/i0.wp.com\/ismaelcolosi.com.br\/wp-content\/uploads\/2024\/03\/1710004276_DSL-Band-Credit-RON-ELKAM-USA-TODAY-NETWORK-scaled.jpg?fit=1000%2C573&ssl=1&resize=700%2C400 2x"},"classes":[]},{"id":48467,"url":"https:\/\/ismaelcolosi.com.br\/index.php\/2024\/05\/03\/blues-dire-straits-abba-e-micareta-veja-a-programacao-deste-final-de-semana-em-ribeirao\/","url_meta":{"origin":47943,"position":5},"title":"Blues, Dire Straits, Abba e Micareta: Veja a programa\u00e7\u00e3o deste final de semana em Ribeir\u00e3o","author":"ismaelcolosi.com.br","date":"3 de May de 2024","format":false,"excerpt":"O primeiro fim de semana de maio de 2024 chegou e Ribeir\u00e3o Preto oferece diversas atra\u00e7\u00f5es para quem n\u00e3o quer ficar em casa. Entre as atra\u00e7\u00f5es est\u00e3o o Arena Blues Festival, Abba The Show, micareta universit\u00e1ria e muito mais. Confira a programa\u00e7\u00e3o cultural completa: Arena Blues Festival A programa\u00e7\u00e3o cultural\u2026","rel":"","context":"In &quot;Not\u00edcias de Ribeir\u00e3o Preto-SP e Regi\u00e3o&quot;","block_context":{"text":"Not\u00edcias de Ribeir\u00e3o Preto-SP e Regi\u00e3o","link":"https:\/\/ismaelcolosi.com.br\/index.php\/category\/noticias-de-ribeirao-preto-sp-e-regiao-ismael-colosi\/"},"img":{"alt_text":"","src":"https:\/\/i0.wp.com\/ismaelcolosi.com.br\/wp-content\/uploads\/2024\/05\/abba-the-show-scaled.jpg?fit=1200%2C800&ssl=1&resize=350%2C200","width":350,"height":200,"srcset":"https:\/\/i0.wp.com\/ismaelcolosi.com.br\/wp-content\/uploads\/2024\/05\/abba-the-show-scaled.jpg?fit=1200%2C800&ssl=1&resize=350%2C200 1x, https:\/\/i0.wp.com\/ismaelcolosi.com.br\/wp-content\/uploads\/2024\/05\/abba-the-show-scaled.jpg?fit=1200%2C800&ssl=1&resize=525%2C300 1.5x, https:\/\/i0.wp.com\/ismaelcolosi.com.br\/wp-content\/uploads\/2024\/05\/abba-the-show-scaled.jpg?fit=1200%2C800&ssl=1&resize=700%2C400 2x, https:\/\/i0.wp.com\/ismaelcolosi.com.br\/wp-content\/uploads\/2024\/05\/abba-the-show-scaled.jpg?fit=1200%2C800&ssl=1&resize=1050%2C600 3x"},"classes":[]}],"jetpack_sharing_enabled":true,"jetpack_shortlink":"https:\/\/wp.me\/pfMlyK-cth","_links":{"self":[{"href":"https:\/\/ismaelcolosi.com.br\/index.php\/wp-json\/wp\/v2\/posts\/47943","targetHints":{"allow":["GET"]}}],"collection":[{"href":"https:\/\/ismaelcolosi.com.br\/index.php\/wp-json\/wp\/v2\/posts"}],"about":[{"href":"https:\/\/ismaelcolosi.com.br\/index.php\/wp-json\/wp\/v2\/types\/post"}],"author":[{"embeddable":true,"href":"https:\/\/ismaelcolosi.com.br\/index.php\/wp-json\/wp\/v2\/users\/1"}],"replies":[{"embeddable":true,"href":"https:\/\/ismaelcolosi.com.br\/index.php\/wp-json\/wp\/v2\/comments?post=47943"}],"version-history":[{"count":0,"href":"https:\/\/ismaelcolosi.com.br\/index.php\/wp-json\/wp\/v2\/posts\/47943\/revisions"}],"wp:featuredmedia":[{"embeddable":true,"href":"https:\/\/ismaelcolosi.com.br\/index.php\/wp-json\/wp\/v2\/media\/47944"}],"wp:attachment":[{"href":"https:\/\/ismaelcolosi.com.br\/index.php\/wp-json\/wp\/v2\/media?parent=47943"}],"wp:term":[{"taxonomy":"category","embeddable":true,"href":"https:\/\/ismaelcolosi.com.br\/index.php\/wp-json\/wp\/v2\/categories?post=47943"},{"taxonomy":"post_tag","embeddable":true,"href":"https:\/\/ismaelcolosi.com.br\/index.php\/wp-json\/wp\/v2\/tags?post=47943"}],"curies":[{"name":"wp","href":"https:\/\/api.w.org\/{rel}","templated":true}]}}