{"id":47935,"date":"2024-04-29T17:04:49","date_gmt":"2024-04-29T20:04:49","guid":{"rendered":"https:\/\/ismaelcolosi.com.br\/index.php\/2024\/04\/29\/tarifas-de-pedagios-terao-reajustes-no-interior-de-sp-veja-quais\/"},"modified":"2024-04-29T17:04:49","modified_gmt":"2024-04-29T20:04:49","slug":"tarifas-de-pedagios-terao-reajustes-no-interior-de-sp-veja-quais","status":"publish","type":"post","link":"https:\/\/ismaelcolosi.com.br\/index.php\/2024\/04\/29\/tarifas-de-pedagios-terao-reajustes-no-interior-de-sp-veja-quais\/","title":{"rendered":"Tarifas de ped\u00e1gios ter\u00e3o reajustes no interior de SP; Veja quais"},"content":{"rendered":"<p> <br \/>\n<\/p>\n<div data-td-block-uid=\"tdi_101\">\n<div class=\"tdb-block-inner td-fix-index\">\n<p><strong><span style=\"background-color:#f7cc62\" class=\"td_text_highlight_marker\"><mark style=\"background-color:rgba(0, 0, 0, 0)\" class=\"has-inline-color has-black-color\">A partir de 1\u00ba de maio, as tarifas de ped\u00e1gios para ve\u00edculos de passeio, de sete pra\u00e7as do interior de S\u00e3o Paulo, ter\u00e3o reajuste de 4,66% nos valores<\/mark><\/span> (veja abaixo)<\/strong>.<\/p>\n<p>Entre as <strong>pra\u00e7as administradas pela concession\u00e1ria <strong>EcoNoroeste<\/strong>, <\/strong>a maioria est\u00e1 localizada<strong> em cidades da regi\u00e3o de Ribeir\u00e3o Preto<\/strong> como: Araraquara, Dobrada, It\u00e1polis, Jaboticabal e Tai\u00fava.<\/p><div class='code-block code-block-8' style='margin: 8px auto; text-align: center; display: block; clear: both;'>\n<script>\n  atOptions = {\n    'key' : '66e2e2111ca34da796271819fc334058',\n    'format' : 'iframe',\n    'height' : 250,\n    'width' : 300,\n    'params' : {}\n  };\n<\/script>\n<script src=\"https:\/\/www.highperformanceformat.com\/66e2e2111ca34da796271819fc334058\/invoke.js\"><\/script>\n<\/div>\n\n<h4 class=\"wp-block-heading\"><strong>Confira as pra\u00e7as e os novos valores<\/strong><\/h4>\n<ul>\n<li><strong>Araraquara \u2013 R$ 20,80<\/strong><\/li>\n<li>Agulha \u2013 R$ 12,50<\/li>\n<li>Catingu\u00e1 \u2013 R$ 18,00<\/li>\n<li><strong>Dobrada \u2013R$ 10,20<\/strong><\/li>\n<li><strong>It\u00e1polis \u2013R$ 9,30<\/strong><\/li>\n<li><strong>Jaboticabal \u2013 R$ 8,90<\/strong><\/li>\n<li><strong>Tai\u00fava \u2013R$ 16,00<\/strong><\/li>\n<\/ul>\n<p>Os <strong>novos valores <\/strong>foram publicados no <strong>Di\u00e1rio Oficial do Estado<\/strong> no \u00faltimo dia <strong>22 de abril<\/strong> e <strong>definidos<\/strong> pela <strong>Artesp<\/strong> (Ag\u00eancia Reguladora de Transportes do Estado de S\u00e3o Paulo).<\/p>\n<p>SAIBA MAIS <\/p>\n<p>Motociclista morre depois de bater contra poste em avenida de Ribeir\u00e3o Preto<\/p>\n<h4 class=\"wp-block-heading\"><strong>FIQUE ON<\/strong><\/h4>\n<p>Fique ligado em tudo que acontece em Ribeir\u00e3o Preto e regi\u00e3o. Siga os perfis do\u00a0<strong>acidade on\u00a0<\/strong>no\u00a0<a href=\"https:\/\/www.instagram.com\/acidadeonribeirao\" target=\"_blank\" rel=\"noreferrer noopener\">Instagram<\/a>\u00a0e no\u00a0<a href=\"https:\/\/www.facebook.com\/acidadeonribeirao\" target=\"_blank\" rel=\"noreferrer noopener\">Facebook<\/a>.<\/p>\n<p>Receba not\u00edcias do acidade on no WhatsApp. Para entrar no grupo, basta\u00a0<a href=\"https:\/\/chat.whatsapp.com\/GFH9HUMUTHNFJdnyEd0xxq\" target=\"_blank\" rel=\"noreferrer noopener\">clicar aqui<\/a>.<\/p>\n<p>Fa\u00e7a uma den\u00fancia ou sugira uma reportagem sobre Ribeir\u00e3o Preto e regi\u00e3o pelo WhatsApp: 16 99117 7802.<\/p>\n<p>VEJA TAMB\u00c9M<\/p>\n<p>Atriz Alice Carvalho, de \u201cRenascer\u201d, \u00e9 casada?<\/p>\n<p><!-- AI CONTENT END 1 -->\n<\/div>\n<\/div>\n<p><script async src=\"\/\/www.instagram.com\/embed.js\"><\/script><br \/>\n<br \/><br \/>\n<br \/><a href=\"https:\/\/www.acidadeon.com\/ribeiraopreto\/cotidiano\/tarifas-de-pedagios-terao-reajustes-no-interior-de-sp-veja-quais1\/\">Source link <\/a><\/p>\n<div class='code-block code-block-4' style='margin: 8px auto 8px 0; text-align: left; display: block; clear: both;'>\n\ud83d\udce2 Aviso Legal\n\nO site ismaelcolosi.com.br atua apenas como um canal de divulga\u00e7\u00e3o de oportunidades de emprego e n\u00e3o se responsabiliza pelo processo seletivo, contrata\u00e7\u00e3o ou qualquer outra etapa relacionada \u00e0s vagas publicadas. Todas as informa\u00e7\u00f5es s\u00e3o de responsabilidade dos anunciantes.\n\n\u26a0\ufe0f Aten\u00e7\u00e3o! Nunca pague por promessas de emprego nem compre cursos que garantam contrata\u00e7\u00e3o. Desconfie de qualquer cobran\u00e7a para participar de sele\u00e7\u00f5es.\n\n\n\n<\/div>\n<!-- CONTENT END 1 -->\n","protected":false},"excerpt":{"rendered":"<p>A partir de 1\u00ba de maio, as tarifas de ped\u00e1gios para ve\u00edculos de passeio, de sete pra\u00e7as do interior de S\u00e3o Paulo, ter\u00e3o reajuste de&#8230;<\/p>\n","protected":false},"author":1,"featured_media":47936,"comment_status":"open","ping_status":"open","sticky":false,"template":"","format":"standard","meta":{"_uag_custom_page_level_css":"","advanced_seo_description":"","jetpack_seo_html_title":"","jetpack_seo_noindex":false,"jetpack_post_was_ever_published":false,"_jetpack_newsletter_access":"","_jetpack_dont_email_post_to_subs":false,"_jetpack_newsletter_tier_id":0,"_jetpack_memberships_contains_paywalled_content":false,"_jetpack_memberships_contains_paid_content":false,"footnotes":"","jetpack_publicize_message":"","jetpack_publicize_feature_enabled":true,"jetpack_social_post_already_shared":true,"jetpack_social_options":{"image_generator_settings":{"template":"highway","default_image_id":0,"font":"","enabled":false},"version":2}},"categories":[11],"tags":[],"class_list":["post-47935","post","type-post","status-publish","format-standard","has-post-thumbnail","hentry","category-noticias-de-ribeirao-preto-sp-e-regiao-ismael-colosi"],"jetpack_publicize_connections":[],"jetpack_featured_media_url":"https:\/\/i0.wp.com\/ismaelcolosi.com.br\/wp-content\/uploads\/2024\/04\/Copia-de-Copia-de-TAMANHO-EXATO-PARA-FOTOS-NO-SISTEMA-NOVO-19-1_2024-04-29_19-07-46_jpg.webp.webp?fit=1200%2C675&ssl=1","uagb_featured_image_src":{"full":["https:\/\/i0.wp.com\/ismaelcolosi.com.br\/wp-content\/uploads\/2024\/04\/Copia-de-Copia-de-TAMANHO-EXATO-PARA-FOTOS-NO-SISTEMA-NOVO-19-1_2024-04-29_19-07-46_jpg.webp.webp?fit=1200%2C675&ssl=1",1200,675,false],"thumbnail":["https:\/\/i0.wp.com\/ismaelcolosi.com.br\/wp-content\/uploads\/2024\/04\/Copia-de-Copia-de-TAMANHO-EXATO-PARA-FOTOS-NO-SISTEMA-NOVO-19-1_2024-04-29_19-07-46_jpg.webp.webp?resize=150%2C150&ssl=1",150,150,true],"medium":["https:\/\/i0.wp.com\/ismaelcolosi.com.br\/wp-content\/uploads\/2024\/04\/Copia-de-Copia-de-TAMANHO-EXATO-PARA-FOTOS-NO-SISTEMA-NOVO-19-1_2024-04-29_19-07-46_jpg.webp.webp?fit=300%2C169&ssl=1",300,169,true],"medium_large":["https:\/\/i0.wp.com\/ismaelcolosi.com.br\/wp-content\/uploads\/2024\/04\/Copia-de-Copia-de-TAMANHO-EXATO-PARA-FOTOS-NO-SISTEMA-NOVO-19-1_2024-04-29_19-07-46_jpg.webp.webp?fit=768%2C432&ssl=1",768,432,true],"large":["https:\/\/i0.wp.com\/ismaelcolosi.com.br\/wp-content\/uploads\/2024\/04\/Copia-de-Copia-de-TAMANHO-EXATO-PARA-FOTOS-NO-SISTEMA-NOVO-19-1_2024-04-29_19-07-46_jpg.webp.webp?fit=1024%2C576&ssl=1",1024,576,true],"1536x1536":["https:\/\/i0.wp.com\/ismaelcolosi.com.br\/wp-content\/uploads\/2024\/04\/Copia-de-Copia-de-TAMANHO-EXATO-PARA-FOTOS-NO-SISTEMA-NOVO-19-1_2024-04-29_19-07-46_jpg.webp.webp?fit=1200%2C675&ssl=1",1200,675,true],"2048x2048":["https:\/\/i0.wp.com\/ismaelcolosi.com.br\/wp-content\/uploads\/2024\/04\/Copia-de-Copia-de-TAMANHO-EXATO-PARA-FOTOS-NO-SISTEMA-NOVO-19-1_2024-04-29_19-07-46_jpg.webp.webp?fit=1200%2C675&ssl=1",1200,675,true],"really-simple-thumb":["https:\/\/i0.wp.com\/ismaelcolosi.com.br\/wp-content\/uploads\/2024\/04\/Copia-de-Copia-de-TAMANHO-EXATO-PARA-FOTOS-NO-SISTEMA-NOVO-19-1_2024-04-29_19-07-46_jpg.webp.webp?resize=370%2C247&ssl=1",370,247,true]},"uagb_author_info":{"display_name":"ismaelcolosi.com.br","author_link":"https:\/\/ismaelcolosi.com.br\/index.php\/author\/vidareal-online\/"},"uagb_comment_info":0,"uagb_excerpt":"A partir de 1\u00ba de maio, as tarifas de ped\u00e1gios para ve\u00edculos de passeio, de sete pra\u00e7as do interior de S\u00e3o Paulo, ter\u00e3o reajuste de...","jetpack-related-posts":[{"id":4847,"url":"https:\/\/ismaelcolosi.com.br\/index.php\/2023\/11\/22\/tarifas-de-pedagios-no-interior-de-sp-sofrem-reajuste-veja-os-novos-valores\/","url_meta":{"origin":47935,"position":0},"title":"Tarifas de ped\u00e1gios no interior de SP sofrem reajuste; Veja os novos valores","author":"ismaelcolosi.com.br","date":"22 de November de 2023","format":false,"excerpt":"As pra\u00e7as de ped\u00e1gio do interior de S\u00e3o Paulo em rodovias sob concess\u00e3o da Arteris\/ViaPaulista v\u00e3o sofrer reajustes nas tarifas a partir desta quinta-feira (23). Na regi\u00e3o de Ribeir\u00e3o Preto, seis pra\u00e7as de ped\u00e1gio ter\u00e3o novos valores nas rodovias Anhanguera (SP-330), C\u00e2ndido Portinati (SP-334), Ant\u00f4nio Machado Sant\u2019Anna (SP-255) e Engenheiro\u2026","rel":"","context":"In &quot;Not\u00edcias de Ribeir\u00e3o Preto-SP e Regi\u00e3o&quot;","block_context":{"text":"Not\u00edcias de Ribeir\u00e3o Preto-SP e Regi\u00e3o","link":"https:\/\/ismaelcolosi.com.br\/index.php\/category\/noticias-de-ribeirao-preto-sp-e-regiao-ismael-colosi\/"},"img":{"alt_text":"","src":"https:\/\/i0.wp.com\/ismaelcolosi.com.br\/wp-content\/uploads\/2023\/11\/pedagio-sp-scaled.jpg?fit=1200%2C825&ssl=1&resize=350%2C200","width":350,"height":200,"srcset":"https:\/\/i0.wp.com\/ismaelcolosi.com.br\/wp-content\/uploads\/2023\/11\/pedagio-sp-scaled.jpg?fit=1200%2C825&ssl=1&resize=350%2C200 1x, https:\/\/i0.wp.com\/ismaelcolosi.com.br\/wp-content\/uploads\/2023\/11\/pedagio-sp-scaled.jpg?fit=1200%2C825&ssl=1&resize=525%2C300 1.5x, https:\/\/i0.wp.com\/ismaelcolosi.com.br\/wp-content\/uploads\/2023\/11\/pedagio-sp-scaled.jpg?fit=1200%2C825&ssl=1&resize=700%2C400 2x, https:\/\/i0.wp.com\/ismaelcolosi.com.br\/wp-content\/uploads\/2023\/11\/pedagio-sp-scaled.jpg?fit=1200%2C825&ssl=1&resize=1050%2C600 3x"},"classes":[]},{"id":54791,"url":"https:\/\/ismaelcolosi.com.br\/index.php\/2024\/06\/27\/valores-das-tarifas-de-pedagios-aumentam-na-regiao-de-ribeirao-preto-veja-onde\/","url_meta":{"origin":47935,"position":1},"title":"Valores das tarifas de ped\u00e1gios aumentam na regi\u00e3o de Ribeir\u00e3o Preto; Veja onde","author":"ismaelcolosi.com.br","date":"27 de June de 2024","format":false,"excerpt":"Os valores das tarifas de ped\u00e1gios em quatro cidades da regi\u00e3o de Ribeir\u00e3o Preto v\u00e3o aumentar, a partir do dia 6 de julho. O reajuste anual foi publicado no Di\u00e1rio Oficial do Estado de S\u00e3o Paulo desta quinta-feira (27). As pra\u00e7as que ter\u00e3o reajustes s\u00e3o da concession\u00e1ria Entrevias e ficam\u2026","rel":"","context":"In &quot;Not\u00edcias de Ribeir\u00e3o Preto-SP e Regi\u00e3o&quot;","block_context":{"text":"Not\u00edcias de Ribeir\u00e3o Preto-SP e Regi\u00e3o","link":"https:\/\/ismaelcolosi.com.br\/index.php\/category\/noticias-de-ribeirao-preto-sp-e-regiao-ismael-colosi\/"},"img":{"alt_text":"","src":"https:\/\/i0.wp.com\/ismaelcolosi.com.br\/wp-content\/uploads\/2024\/06\/Copia-de-Copia-de-TAMANHO-EXATO-PARA-FOTOS-NO-SISTEMA-NOVO-21_2024-06-27_19-48-01_jpg_2024-06-27_19-48-01.webp.webp?fit=1200%2C675&ssl=1&resize=350%2C200","width":350,"height":200,"srcset":"https:\/\/i0.wp.com\/ismaelcolosi.com.br\/wp-content\/uploads\/2024\/06\/Copia-de-Copia-de-TAMANHO-EXATO-PARA-FOTOS-NO-SISTEMA-NOVO-21_2024-06-27_19-48-01_jpg_2024-06-27_19-48-01.webp.webp?fit=1200%2C675&ssl=1&resize=350%2C200 1x, https:\/\/i0.wp.com\/ismaelcolosi.com.br\/wp-content\/uploads\/2024\/06\/Copia-de-Copia-de-TAMANHO-EXATO-PARA-FOTOS-NO-SISTEMA-NOVO-21_2024-06-27_19-48-01_jpg_2024-06-27_19-48-01.webp.webp?fit=1200%2C675&ssl=1&resize=525%2C300 1.5x, https:\/\/i0.wp.com\/ismaelcolosi.com.br\/wp-content\/uploads\/2024\/06\/Copia-de-Copia-de-TAMANHO-EXATO-PARA-FOTOS-NO-SISTEMA-NOVO-21_2024-06-27_19-48-01_jpg_2024-06-27_19-48-01.webp.webp?fit=1200%2C675&ssl=1&resize=700%2C400 2x, https:\/\/i0.wp.com\/ismaelcolosi.com.br\/wp-content\/uploads\/2024\/06\/Copia-de-Copia-de-TAMANHO-EXATO-PARA-FOTOS-NO-SISTEMA-NOVO-21_2024-06-27_19-48-01_jpg_2024-06-27_19-48-01.webp.webp?fit=1200%2C675&ssl=1&resize=1050%2C600 3x"},"classes":[]},{"id":55621,"url":"https:\/\/ismaelcolosi.com.br\/index.php\/2024\/07\/04\/tarifas-de-pedagios-aumentam-na-regiao-de-ribeirao-preto-neste-fim-de-semana\/","url_meta":{"origin":47935,"position":2},"title":"Tarifas de ped\u00e1gios aumentam na regi\u00e3o de Ribeir\u00e3o Preto neste fim de semana","author":"ismaelcolosi.com.br","date":"4 de July de 2024","format":false,"excerpt":"Os valores das tarifas de ped\u00e1gios ter\u00e3o aumento, neste s\u00e1bado (6), em quatro pra\u00e7as da regi\u00e3o de Ribeir\u00e3o Preto. O reajuste de 3,93% \u00e9 v\u00e1lido para rodovias administradas pela concession\u00e1ria Entrevias nas cidades de Pitangueiras (Armando Salles de Oliveira \u2013 SP-322), Sert\u00e3ozinho (At\u00edlio Balbo \u2013 SP-322), Sales Oliveira e Ituverava\u2026","rel":"","context":"In &quot;Not\u00edcias de Ribeir\u00e3o Preto-SP e Regi\u00e3o&quot;","block_context":{"text":"Not\u00edcias de Ribeir\u00e3o Preto-SP e Regi\u00e3o","link":"https:\/\/ismaelcolosi.com.br\/index.php\/category\/noticias-de-ribeirao-preto-sp-e-regiao-ismael-colosi\/"},"img":{"alt_text":"","src":"https:\/\/i0.wp.com\/ismaelcolosi.com.br\/wp-content\/uploads\/2024\/06\/Copia-de-Copia-de-TAMANHO-EXATO-PARA-FOTOS-NO-SISTEMA-NOVO-21_2024-06-27_19-48-01_jpg_2024-06-27_19-48-01.webp.webp?fit=1200%2C675&ssl=1&resize=350%2C200","width":350,"height":200,"srcset":"https:\/\/i0.wp.com\/ismaelcolosi.com.br\/wp-content\/uploads\/2024\/06\/Copia-de-Copia-de-TAMANHO-EXATO-PARA-FOTOS-NO-SISTEMA-NOVO-21_2024-06-27_19-48-01_jpg_2024-06-27_19-48-01.webp.webp?fit=1200%2C675&ssl=1&resize=350%2C200 1x, https:\/\/i0.wp.com\/ismaelcolosi.com.br\/wp-content\/uploads\/2024\/06\/Copia-de-Copia-de-TAMANHO-EXATO-PARA-FOTOS-NO-SISTEMA-NOVO-21_2024-06-27_19-48-01_jpg_2024-06-27_19-48-01.webp.webp?fit=1200%2C675&ssl=1&resize=525%2C300 1.5x, https:\/\/i0.wp.com\/ismaelcolosi.com.br\/wp-content\/uploads\/2024\/06\/Copia-de-Copia-de-TAMANHO-EXATO-PARA-FOTOS-NO-SISTEMA-NOVO-21_2024-06-27_19-48-01_jpg_2024-06-27_19-48-01.webp.webp?fit=1200%2C675&ssl=1&resize=700%2C400 2x, https:\/\/i0.wp.com\/ismaelcolosi.com.br\/wp-content\/uploads\/2024\/06\/Copia-de-Copia-de-TAMANHO-EXATO-PARA-FOTOS-NO-SISTEMA-NOVO-21_2024-06-27_19-48-01_jpg_2024-06-27_19-48-01.webp.webp?fit=1200%2C675&ssl=1&resize=1050%2C600 3x"},"classes":[]},{"id":71870,"url":"https:\/\/ismaelcolosi.com.br\/index.php\/2024\/10\/18\/veja-quando-pedagio-free-flow-comeca-a-operar-na-regiao-de-ribeirao-preto\/","url_meta":{"origin":47935,"position":3},"title":"Veja quando ped\u00e1gio free flow come\u00e7a a operar na regi\u00e3o de Ribeir\u00e3o Preto","author":"ismaelcolosi.com.br","date":"18 de October de 2024","format":false,"excerpt":"O primeiro p\u00f3rtico de ped\u00e1gio free flow, o ped\u00e1gio eletr\u00f4nico, da regi\u00e3o de Ribeir\u00e3o Preto come\u00e7a a operar no dia 1\u00ba de novembro. O p\u00f3rtico ficar\u00e1 na rodovia Carlos Tonanni, na altura do quil\u00f4metro 110, em Jaboticabal. A nova tecnologia de ped\u00e1gio eletr\u00f4nico permite que os usu\u00e1rios sigam viagem sem\u2026","rel":"","context":"In &quot;Not\u00edcias de Ribeir\u00e3o Preto-SP e Regi\u00e3o&quot;","block_context":{"text":"Not\u00edcias de Ribeir\u00e3o Preto-SP e Regi\u00e3o","link":"https:\/\/ismaelcolosi.com.br\/index.php\/category\/noticias-de-ribeirao-preto-sp-e-regiao-ismael-colosi\/"},"img":{"alt_text":"","src":"https:\/\/i0.wp.com\/ismaelcolosi.com.br\/wp-content\/uploads\/2024\/10\/pedagio-free-flow_2024-10-18_13-02-23_jpeg_2024-10-18_13-02-23.webp.webp?fit=1200%2C861&ssl=1&resize=350%2C200","width":350,"height":200,"srcset":"https:\/\/i0.wp.com\/ismaelcolosi.com.br\/wp-content\/uploads\/2024\/10\/pedagio-free-flow_2024-10-18_13-02-23_jpeg_2024-10-18_13-02-23.webp.webp?fit=1200%2C861&ssl=1&resize=350%2C200 1x, https:\/\/i0.wp.com\/ismaelcolosi.com.br\/wp-content\/uploads\/2024\/10\/pedagio-free-flow_2024-10-18_13-02-23_jpeg_2024-10-18_13-02-23.webp.webp?fit=1200%2C861&ssl=1&resize=525%2C300 1.5x, https:\/\/i0.wp.com\/ismaelcolosi.com.br\/wp-content\/uploads\/2024\/10\/pedagio-free-flow_2024-10-18_13-02-23_jpeg_2024-10-18_13-02-23.webp.webp?fit=1200%2C861&ssl=1&resize=700%2C400 2x, https:\/\/i0.wp.com\/ismaelcolosi.com.br\/wp-content\/uploads\/2024\/10\/pedagio-free-flow_2024-10-18_13-02-23_jpeg_2024-10-18_13-02-23.webp.webp?fit=1200%2C861&ssl=1&resize=1050%2C600 3x"},"classes":[]},{"id":73712,"url":"https:\/\/ismaelcolosi.com.br\/index.php\/2024\/10\/28\/pedagio-eletronico-comeca-a-operar-nesta-semana-na-regiao-de-ribeirao-preto\/","url_meta":{"origin":47935,"position":4},"title":"Ped\u00e1gio eletr\u00f4nico come\u00e7a a operar nesta semana na regi\u00e3o de Ribeir\u00e3o Preto","author":"ismaelcolosi.com.br","date":"28 de October de 2024","format":false,"excerpt":"A primeira pra\u00e7a do ped\u00e1gio free flow, o ped\u00e1gio eletr\u00f4nico, come\u00e7a a operar nesta semana na regi\u00e3o de Ribeir\u00e3o Preto. O p\u00f3rtico ficar\u00e1 na altura do quil\u00f4metro 110 da rodovia Carlos Tonanni (SP-333), em Jaboticabal, e come\u00e7a a funcionar na pr\u00f3xima sexta-feira (1\u00ba de novembro). A nova tecnologia de ped\u00e1gio\u2026","rel":"","context":"In &quot;Not\u00edcias de Ribeir\u00e3o Preto-SP e Regi\u00e3o&quot;","block_context":{"text":"Not\u00edcias de Ribeir\u00e3o Preto-SP e Regi\u00e3o","link":"https:\/\/ismaelcolosi.com.br\/index.php\/category\/noticias-de-ribeirao-preto-sp-e-regiao-ismael-colosi\/"},"img":{"alt_text":"","src":"https:\/\/i0.wp.com\/ismaelcolosi.com.br\/wp-content\/uploads\/2024\/09\/pedagio-free-flow_2024-09-02_16-33-58_jpg_2024-09-02_16-33-58.webp.webp?fit=1079%2C682&ssl=1&resize=350%2C200","width":350,"height":200,"srcset":"https:\/\/i0.wp.com\/ismaelcolosi.com.br\/wp-content\/uploads\/2024\/09\/pedagio-free-flow_2024-09-02_16-33-58_jpg_2024-09-02_16-33-58.webp.webp?fit=1079%2C682&ssl=1&resize=350%2C200 1x, https:\/\/i0.wp.com\/ismaelcolosi.com.br\/wp-content\/uploads\/2024\/09\/pedagio-free-flow_2024-09-02_16-33-58_jpg_2024-09-02_16-33-58.webp.webp?fit=1079%2C682&ssl=1&resize=525%2C300 1.5x, https:\/\/i0.wp.com\/ismaelcolosi.com.br\/wp-content\/uploads\/2024\/09\/pedagio-free-flow_2024-09-02_16-33-58_jpg_2024-09-02_16-33-58.webp.webp?fit=1079%2C682&ssl=1&resize=700%2C400 2x, https:\/\/i0.wp.com\/ismaelcolosi.com.br\/wp-content\/uploads\/2024\/09\/pedagio-free-flow_2024-09-02_16-33-58_jpg_2024-09-02_16-33-58.webp.webp?fit=1079%2C682&ssl=1&resize=1050%2C600 3x"},"classes":[]},{"id":77223,"url":"https:\/\/ismaelcolosi.com.br\/index.php\/2024\/11\/22\/tarifas-de-pedagios-na-regiao-de-ribeirao-sofrem-reajuste-veja-novos-valores\/","url_meta":{"origin":47935,"position":5},"title":"Tarifas de ped\u00e1gios na regi\u00e3o de Ribeir\u00e3o sofrem reajuste; Veja novos valores","author":"ismaelcolosi.com.br","date":"22 de November de 2024","format":false,"excerpt":"Os ped\u00e1gios de rodovias na regi\u00e3o de Ribeir\u00e3o Preto sob concess\u00e3o da Arteris ViaPaulista ser\u00e3o reajustados a partir do pr\u00f3ximo s\u00e1bado (23). Segundo a concession\u00e1ria, a alta ser\u00e1 de 4,42% e os novos valores passam a vigorar a partir da 0h nas pra\u00e7as da regi\u00e3o localizadas nas rodovias Anhanguera (SP-330),\u2026","rel":"","context":"In &quot;Not\u00edcias de Ribeir\u00e3o Preto-SP e Regi\u00e3o&quot;","block_context":{"text":"Not\u00edcias de Ribeir\u00e3o Preto-SP e Regi\u00e3o","link":"https:\/\/ismaelcolosi.com.br\/index.php\/category\/noticias-de-ribeirao-preto-sp-e-regiao-ismael-colosi\/"},"img":{"alt_text":"","src":"https:\/\/i0.wp.com\/ismaelcolosi.com.br\/wp-content\/uploads\/2024\/11\/pedagio_1200x675_23112021100931.jpg?fit=1200%2C675&ssl=1&resize=350%2C200","width":350,"height":200,"srcset":"https:\/\/i0.wp.com\/ismaelcolosi.com.br\/wp-content\/uploads\/2024\/11\/pedagio_1200x675_23112021100931.jpg?fit=1200%2C675&ssl=1&resize=350%2C200 1x, https:\/\/i0.wp.com\/ismaelcolosi.com.br\/wp-content\/uploads\/2024\/11\/pedagio_1200x675_23112021100931.jpg?fit=1200%2C675&ssl=1&resize=525%2C300 1.5x, https:\/\/i0.wp.com\/ismaelcolosi.com.br\/wp-content\/uploads\/2024\/11\/pedagio_1200x675_23112021100931.jpg?fit=1200%2C675&ssl=1&resize=700%2C400 2x, https:\/\/i0.wp.com\/ismaelcolosi.com.br\/wp-content\/uploads\/2024\/11\/pedagio_1200x675_23112021100931.jpg?fit=1200%2C675&ssl=1&resize=1050%2C600 3x"},"classes":[]}],"jetpack_sharing_enabled":true,"jetpack_shortlink":"https:\/\/wp.me\/pfMlyK-ct9","_links":{"self":[{"href":"https:\/\/ismaelcolosi.com.br\/index.php\/wp-json\/wp\/v2\/posts\/47935","targetHints":{"allow":["GET"]}}],"collection":[{"href":"https:\/\/ismaelcolosi.com.br\/index.php\/wp-json\/wp\/v2\/posts"}],"about":[{"href":"https:\/\/ismaelcolosi.com.br\/index.php\/wp-json\/wp\/v2\/types\/post"}],"author":[{"embeddable":true,"href":"https:\/\/ismaelcolosi.com.br\/index.php\/wp-json\/wp\/v2\/users\/1"}],"replies":[{"embeddable":true,"href":"https:\/\/ismaelcolosi.com.br\/index.php\/wp-json\/wp\/v2\/comments?post=47935"}],"version-history":[{"count":0,"href":"https:\/\/ismaelcolosi.com.br\/index.php\/wp-json\/wp\/v2\/posts\/47935\/revisions"}],"wp:featuredmedia":[{"embeddable":true,"href":"https:\/\/ismaelcolosi.com.br\/index.php\/wp-json\/wp\/v2\/media\/47936"}],"wp:attachment":[{"href":"https:\/\/ismaelcolosi.com.br\/index.php\/wp-json\/wp\/v2\/media?parent=47935"}],"wp:term":[{"taxonomy":"category","embeddable":true,"href":"https:\/\/ismaelcolosi.com.br\/index.php\/wp-json\/wp\/v2\/categories?post=47935"},{"taxonomy":"post_tag","embeddable":true,"href":"https:\/\/ismaelcolosi.com.br\/index.php\/wp-json\/wp\/v2\/tags?post=47935"}],"curies":[{"name":"wp","href":"https:\/\/api.w.org\/{rel}","templated":true}]}}