{"id":47933,"date":"2024-04-29T16:49:44","date_gmt":"2024-04-29T19:49:44","guid":{"rendered":"https:\/\/ismaelcolosi.com.br\/index.php\/2024\/04\/29\/fundacao-na-regiao-de-ribeirao-preto-abre-processo-seletivo-veja-como-participar\/"},"modified":"2024-04-29T16:49:44","modified_gmt":"2024-04-29T19:49:44","slug":"fundacao-na-regiao-de-ribeirao-preto-abre-processo-seletivo-veja-como-participar","status":"publish","type":"post","link":"https:\/\/ismaelcolosi.com.br\/index.php\/2024\/04\/29\/fundacao-na-regiao-de-ribeirao-preto-abre-processo-seletivo-veja-como-participar\/","title":{"rendered":"Funda\u00e7\u00e3o na regi\u00e3o de Ribeir\u00e3o Preto abre processo seletivo; Veja como participar"},"content":{"rendered":"<p> <br \/>\n<\/p>\n<div>\n<p>A <strong>Funda\u00e7\u00e3o para o Desenvolvimento Educacional e Cultural da Alta Mogiana (Fundam)<\/strong> de <strong>Sert\u00e3ozinho<\/strong>, cidade a cerca de 22 quil\u00f4metros de <strong>Ribeir\u00e3o Preto<\/strong>, est\u00e1 com inscri\u00e7\u00f5es abertas para processo seletivo de duas fun\u00e7\u00f5es.<\/p>\n<p>De acordo com a Prefeitura da cidade, as vagas s\u00e3o para os cargos de <strong>monitor de trabalhos manuais na \u00e1rea da beleza<\/strong> e <strong>assistente administrativo<\/strong> \u2013 veja abaixo.<\/p>\n<p><mark style=\"background-color:#fcb900\" class=\"has-inline-color\">As inscri\u00e7\u00f5es devem ser realizadas de forma on-line, atrav\u00e9s do portal <strong>Integri Brasil (<a href=\"https:\/\/www.integribrasil.com.br\/Concurso\/Detail\/362?origem=H\" target=\"_blank\" rel=\"noreferrer noopener\">clique aqui<\/a>)<\/strong> at\u00e9 o dia <strong>6 de maio<\/strong>. A taxa de inscri\u00e7\u00e3o \u00e9 de <strong>R$ 35<\/strong>.<\/mark><\/p>\n<h3 class=\"wp-block-heading\"><strong>Confira as vagas<\/strong><\/h3>\n<ul>\n<li><strong><em>Monitor de Trabalhos Manuais na \u00c1rea da Beleza (uma vaga de in\u00edcio imediato)<\/em><\/strong><\/li>\n<\/ul>\n<p>Necess\u00e1rio ensino m\u00e9dio completo, curso de especializa\u00e7\u00e3o na \u00e1rea de cabeleireiro e manicure, e experi\u00eancia comprovada como monitor de cursos de qualifica\u00e7\u00e3o nas \u00e1reas de cabeleireiro, manicure e pedicure, depila\u00e7\u00e3o, maquiagem e designer de sobrancelhas.<\/p>\n<p>O<strong> sal\u00e1rio \u00e9 de R$ 1.998,17<\/strong>, mais <strong>vale-alimenta\u00e7\u00e3o de R$ 572,00<\/strong>, com carga hor\u00e1ria semanal de 44 horas.<\/p>\n<ul>\n<li><strong><em>Assistente Administrativo (forma\u00e7\u00e3o de cadastro reserva)<\/em><\/strong><\/li>\n<\/ul>\n<p>Necess\u00e1rio ensino m\u00e9dio completo. O <strong>sal\u00e1rio \u00e9 de R$ 2.599,18<\/strong>, mais <strong>vale-alimenta\u00e7\u00e3o de R$ 572,00<\/strong>, com carga hor\u00e1ria semanal de 44 horas.<\/p>\n<p>As provas objetivas est\u00e3o previstas para acontecer no dia<strong> 19 de maio de 2024<\/strong>, no munic\u00edpio de Sert\u00e3ozinho. O edital completo pode ser conferido <a href=\"https:\/\/www.integribrasil.com.br\/Concurso\/Detail\/362?origem=H\" target=\"_blank\" rel=\"noreferrer noopener\">clicando aqui<\/a>.<\/p>\n<hr class=\"wp-block-separator has-alpha-channel-opacity\"\/>\n<p>SAIBA MAIS<\/p>\n<p>Inscri\u00e7\u00f5es abertas para concurso p\u00fablico no interior de SP com 103 vagas<\/p>\n<h4 class=\"wp-block-heading\"><strong>FIQUE ON<\/strong><\/h4>\n<p>Fique ligado em tudo que acontece em Ribeir\u00e3o Preto e regi\u00e3o. Siga os perfis do\u00a0<strong>acidade on\u00a0<\/strong>no\u00a0<a href=\"https:\/\/www.instagram.com\/acidadeonribeirao\" target=\"_blank\" rel=\"noreferrer noopener\">Instagram<\/a>\u00a0e no\u00a0<a href=\"https:\/\/www.facebook.com\/acidadeonribeirao\" target=\"_blank\" rel=\"noreferrer noopener\">Facebook<\/a>.<\/p>\n<p>Receba not\u00edcias do acidade on no WhatsApp. Para entrar no grupo, basta\u00a0<a href=\"https:\/\/chat.whatsapp.com\/GFH9HUMUTHNFJdnyEd0xxq\" target=\"_blank\" rel=\"noreferrer noopener\">clicar aqui<\/a>.<\/p>\n<p>Fa\u00e7a uma den\u00fancia ou sugira uma reportagem sobre Ribeir\u00e3o Preto e regi\u00e3o pelo WhatsApp: 16 99117 7802.<\/p>\n<p>VEJA TAMB\u00c9M<\/p>\n<p>Atriz Alice Carvalho, de \u201cRenascer\u201d, \u00e9 casada?<\/p>\n<p><!-- AI CONTENT END 1 -->\n<\/div>\n<p><script async src=\"\/\/www.instagram.com\/embed.js\"><\/script><br \/>\n<br \/><br \/>\n<br \/><a href=\"https:\/\/www.acidadeon.com\/ribeiraopreto\/economia\/fundacao-na-regiao-de-ribeirao-preto-abre-processo-seletivo-veja-como-participar\/\">Source link <\/a><\/p>\n<div class='code-block code-block-4' style='margin: 8px auto 8px 0; text-align: left; display: block; clear: both;'>\n\ud83d\udce2 Aviso Legal\n\nO site ismaelcolosi.com.br atua apenas como um canal de divulga\u00e7\u00e3o de oportunidades de emprego e n\u00e3o se responsabiliza pelo processo seletivo, contrata\u00e7\u00e3o ou qualquer outra etapa relacionada \u00e0s vagas publicadas. Todas as informa\u00e7\u00f5es s\u00e3o de responsabilidade dos anunciantes.\n\n\u26a0\ufe0f Aten\u00e7\u00e3o! Nunca pague por promessas de emprego nem compre cursos que garantam contrata\u00e7\u00e3o. Desconfie de qualquer cobran\u00e7a para participar de sele\u00e7\u00f5es.\n\n\n\n<\/div>\n<!-- CONTENT END 1 -->\n","protected":false},"excerpt":{"rendered":"<p>A Funda\u00e7\u00e3o para o Desenvolvimento Educacional e Cultural da Alta Mogiana (Fundam) de Sert\u00e3ozinho, cidade a cerca de 22 quil\u00f4metros de Ribeir\u00e3o Preto, est\u00e1 com&#8230;<\/p>\n","protected":false},"author":1,"featured_media":47934,"comment_status":"open","ping_status":"open","sticky":false,"template":"","format":"standard","meta":{"_uag_custom_page_level_css":"","advanced_seo_description":"","jetpack_seo_html_title":"","jetpack_seo_noindex":false,"jetpack_post_was_ever_published":false,"_jetpack_newsletter_access":"","_jetpack_dont_email_post_to_subs":false,"_jetpack_newsletter_tier_id":0,"_jetpack_memberships_contains_paywalled_content":false,"_jetpack_memberships_contains_paid_content":false,"footnotes":"","jetpack_publicize_message":"","jetpack_publicize_feature_enabled":true,"jetpack_social_post_already_shared":true,"jetpack_social_options":{"image_generator_settings":{"template":"highway","default_image_id":0,"font":"","enabled":false},"version":2}},"categories":[11],"tags":[],"class_list":["post-47933","post","type-post","status-publish","format-standard","has-post-thumbnail","hentry","category-noticias-de-ribeirao-preto-sp-e-regiao-ismael-colosi"],"jetpack_publicize_connections":[],"jetpack_featured_media_url":"https:\/\/i0.wp.com\/ismaelcolosi.com.br\/wp-content\/uploads\/2024\/04\/concurso-publico-12.jpg?fit=1500%2C1000&ssl=1","uagb_featured_image_src":{"full":["https:\/\/i0.wp.com\/ismaelcolosi.com.br\/wp-content\/uploads\/2024\/04\/concurso-publico-12.jpg?fit=1500%2C1000&ssl=1",1500,1000,false],"thumbnail":["https:\/\/i0.wp.com\/ismaelcolosi.com.br\/wp-content\/uploads\/2024\/04\/concurso-publico-12.jpg?resize=150%2C150&ssl=1",150,150,true],"medium":["https:\/\/i0.wp.com\/ismaelcolosi.com.br\/wp-content\/uploads\/2024\/04\/concurso-publico-12.jpg?fit=300%2C200&ssl=1",300,200,true],"medium_large":["https:\/\/i0.wp.com\/ismaelcolosi.com.br\/wp-content\/uploads\/2024\/04\/concurso-publico-12.jpg?fit=768%2C512&ssl=1",768,512,true],"large":["https:\/\/i0.wp.com\/ismaelcolosi.com.br\/wp-content\/uploads\/2024\/04\/concurso-publico-12.jpg?fit=1024%2C683&ssl=1",1024,683,true],"1536x1536":["https:\/\/i0.wp.com\/ismaelcolosi.com.br\/wp-content\/uploads\/2024\/04\/concurso-publico-12.jpg?fit=1500%2C1000&ssl=1",1500,1000,true],"2048x2048":["https:\/\/i0.wp.com\/ismaelcolosi.com.br\/wp-content\/uploads\/2024\/04\/concurso-publico-12.jpg?fit=1500%2C1000&ssl=1",1500,1000,true],"really-simple-thumb":["https:\/\/i0.wp.com\/ismaelcolosi.com.br\/wp-content\/uploads\/2024\/04\/concurso-publico-12.jpg?resize=370%2C247&ssl=1",370,247,true]},"uagb_author_info":{"display_name":"ismaelcolosi.com.br","author_link":"https:\/\/ismaelcolosi.com.br\/index.php\/author\/vidareal-online\/"},"uagb_comment_info":0,"uagb_excerpt":"A Funda\u00e7\u00e3o para o Desenvolvimento Educacional e Cultural da Alta Mogiana (Fundam) de Sert\u00e3ozinho, cidade a cerca de 22 quil\u00f4metros de Ribeir\u00e3o Preto, est\u00e1 com...","jetpack-related-posts":[{"id":51847,"url":"https:\/\/ismaelcolosi.com.br\/index.php\/2024\/05\/31\/fundacao-educandario-abre-inscricoes-para-novas-vagas-em-ribeirao-preto\/","url_meta":{"origin":47933,"position":0},"title":"Funda\u00e7\u00e3o Educand\u00e1rio abre inscri\u00e7\u00f5es para novas vagas em Ribeir\u00e3o Preto","author":"ismaelcolosi.com.br","date":"31 de May de 2024","format":false,"excerpt":"O col\u00e9gio Camillo de Mattos, da Funda\u00e7\u00e3o Educand\u00e1rio \u201cCoronel Quito Junqueira\u201d, em Ribeir\u00e3o Preto, abre na segunda-feira (3), as inscri\u00e7\u00f5es para o processo seletivo do ano letivo de 2025. As vagas s\u00e3o, a princ\u00edpio, para o preenchimento das turmas da pr\u00e9-escola I e a lista de espera para a pr\u00e9-escola\u2026","rel":"","context":"In &quot;Not\u00edcias de Ribeir\u00e3o Preto-SP e Regi\u00e3o&quot;","block_context":{"text":"Not\u00edcias de Ribeir\u00e3o Preto-SP e Regi\u00e3o","link":"https:\/\/ismaelcolosi.com.br\/index.php\/category\/noticias-de-ribeirao-preto-sp-e-regiao-ismael-colosi\/"},"img":{"alt_text":"","src":"https:\/\/i0.wp.com\/ismaelcolosi.com.br\/wp-content\/uploads\/2024\/05\/Copia-de-Copia-de-TAMANHO-EXATO-PARA-FOTOS-NO-SISTEMA-NOVO_2024-05-31_18-50-42_jpg_2024-05-31_18-50-42.webp.webp?fit=1200%2C675&ssl=1&resize=350%2C200","width":350,"height":200,"srcset":"https:\/\/i0.wp.com\/ismaelcolosi.com.br\/wp-content\/uploads\/2024\/05\/Copia-de-Copia-de-TAMANHO-EXATO-PARA-FOTOS-NO-SISTEMA-NOVO_2024-05-31_18-50-42_jpg_2024-05-31_18-50-42.webp.webp?fit=1200%2C675&ssl=1&resize=350%2C200 1x, https:\/\/i0.wp.com\/ismaelcolosi.com.br\/wp-content\/uploads\/2024\/05\/Copia-de-Copia-de-TAMANHO-EXATO-PARA-FOTOS-NO-SISTEMA-NOVO_2024-05-31_18-50-42_jpg_2024-05-31_18-50-42.webp.webp?fit=1200%2C675&ssl=1&resize=525%2C300 1.5x, https:\/\/i0.wp.com\/ismaelcolosi.com.br\/wp-content\/uploads\/2024\/05\/Copia-de-Copia-de-TAMANHO-EXATO-PARA-FOTOS-NO-SISTEMA-NOVO_2024-05-31_18-50-42_jpg_2024-05-31_18-50-42.webp.webp?fit=1200%2C675&ssl=1&resize=700%2C400 2x, https:\/\/i0.wp.com\/ismaelcolosi.com.br\/wp-content\/uploads\/2024\/05\/Copia-de-Copia-de-TAMANHO-EXATO-PARA-FOTOS-NO-SISTEMA-NOVO_2024-05-31_18-50-42_jpg_2024-05-31_18-50-42.webp.webp?fit=1200%2C675&ssl=1&resize=1050%2C600 3x"},"classes":[]},{"id":16130,"url":"https:\/\/ismaelcolosi.com.br\/index.php\/2023\/12\/15\/hemocentro-de-ribeirao-preto-tem-processo-seletivo-com-salarios-de-r-6-mil\/","url_meta":{"origin":47933,"position":1},"title":"Hemocentro de Ribeir\u00e3o Preto tem processo seletivo com sal\u00e1rios de R$ 6 mil","author":"ismaelcolosi.com.br","date":"15 de December de 2023","format":false,"excerpt":"A Funda\u00e7\u00e3o Hemocentro de Ribeir\u00e3o Preto publicou 5 editais de processo seletivo com 15 vagas dispon\u00edveis. As oportunidades s\u00e3o de n\u00edvel t\u00e9cnico e superior e os sal\u00e1rios variam entre R$ 4.560 e R$ 6.500. As inscri\u00e7\u00f5es devem ser realizadas pela internet, no site do Hemocentro de Ribeir\u00e3o Preto, at\u00e9 as\u2026","rel":"","context":"In &quot;Not\u00edcias de Ribeir\u00e3o Preto-SP e Regi\u00e3o&quot;","block_context":{"text":"Not\u00edcias de Ribeir\u00e3o Preto-SP e Regi\u00e3o","link":"https:\/\/ismaelcolosi.com.br\/index.php\/category\/noticias-de-ribeirao-preto-sp-e-regiao-ismael-colosi\/"},"img":{"alt_text":"","src":"https:\/\/i0.wp.com\/ismaelcolosi.com.br\/wp-content\/uploads\/2023\/12\/hemocentro.png?fit=800%2C420&ssl=1&resize=350%2C200","width":350,"height":200,"srcset":"https:\/\/i0.wp.com\/ismaelcolosi.com.br\/wp-content\/uploads\/2023\/12\/hemocentro.png?fit=800%2C420&ssl=1&resize=350%2C200 1x, https:\/\/i0.wp.com\/ismaelcolosi.com.br\/wp-content\/uploads\/2023\/12\/hemocentro.png?fit=800%2C420&ssl=1&resize=525%2C300 1.5x, https:\/\/i0.wp.com\/ismaelcolosi.com.br\/wp-content\/uploads\/2023\/12\/hemocentro.png?fit=800%2C420&ssl=1&resize=700%2C400 2x"},"classes":[]},{"id":35590,"url":"https:\/\/ismaelcolosi.com.br\/index.php\/2024\/02\/06\/hospital-santa-lydia-abre-processo-seletivo-em-ribeirao-preto-veja-as-vagas\/","url_meta":{"origin":47933,"position":2},"title":"Hospital Santa Lydia abre processo seletivo em Ribeir\u00e3o Preto; Veja as vagas","author":"ismaelcolosi.com.br","date":"6 de February de 2024","format":false,"excerpt":"A Funda\u00e7\u00e3o Hospital Santa Lydia de Ribeir\u00e3o Preto abriu um processo seletivo emergencial com quatro vagas de n\u00edvel m\u00e9dio e t\u00e9cnico com sal\u00e1rios que variam de R$ 1,4 mil e R$ 2,3 mil. As inscri\u00e7\u00f5es come\u00e7aram nesta ter\u00e7a-feira (6) e devem ser realizadas at\u00e9 as 16h do dia 15 de\u2026","rel":"","context":"In &quot;Not\u00edcias de Ribeir\u00e3o Preto-SP e Regi\u00e3o&quot;","block_context":{"text":"Not\u00edcias de Ribeir\u00e3o Preto-SP e Regi\u00e3o","link":"https:\/\/ismaelcolosi.com.br\/index.php\/category\/noticias-de-ribeirao-preto-sp-e-regiao-ismael-colosi\/"},"img":{"alt_text":"","src":"https:\/\/i0.wp.com\/ismaelcolosi.com.br\/wp-content\/uploads\/2024\/02\/hospital_santa_1200x675_10022022125527.jpg?fit=1200%2C675&ssl=1&resize=350%2C200","width":350,"height":200,"srcset":"https:\/\/i0.wp.com\/ismaelcolosi.com.br\/wp-content\/uploads\/2024\/02\/hospital_santa_1200x675_10022022125527.jpg?fit=1200%2C675&ssl=1&resize=350%2C200 1x, https:\/\/i0.wp.com\/ismaelcolosi.com.br\/wp-content\/uploads\/2024\/02\/hospital_santa_1200x675_10022022125527.jpg?fit=1200%2C675&ssl=1&resize=525%2C300 1.5x, https:\/\/i0.wp.com\/ismaelcolosi.com.br\/wp-content\/uploads\/2024\/02\/hospital_santa_1200x675_10022022125527.jpg?fit=1200%2C675&ssl=1&resize=700%2C400 2x, https:\/\/i0.wp.com\/ismaelcolosi.com.br\/wp-content\/uploads\/2024\/02\/hospital_santa_1200x675_10022022125527.jpg?fit=1200%2C675&ssl=1&resize=1050%2C600 3x"},"classes":[]},{"id":36102,"url":"https:\/\/ismaelcolosi.com.br\/index.php\/2024\/02\/08\/faepa-abre-processo-seletivo-com-vagas-em-ribeirao-preto-e-serrana\/","url_meta":{"origin":47933,"position":3},"title":"Faepa abre processo seletivo com vagas em Ribeir\u00e3o Preto e Serrana","author":"ismaelcolosi.com.br","date":"8 de February de 2024","format":false,"excerpt":"A Faepa (Funda\u00e7\u00e3o de Apoio ao Ensino, Pesquisa e Assist\u00eancia do Hospital das Cl\u00ednicas da Faculdade de Medicina de Ribeir\u00e3o Preto) da USP (Universidade de S\u00e3o Paulo) conta com processo seletivo para cinco vagas em Ribeir\u00e3o Preto e Serrana. Os sal\u00e1rios para as fun\u00e7\u00f5es variam entre R$ 2,3 mil e\u2026","rel":"","context":"In &quot;Not\u00edcias de Ribeir\u00e3o Preto-SP e Regi\u00e3o&quot;","block_context":{"text":"Not\u00edcias de Ribeir\u00e3o Preto-SP e Regi\u00e3o","link":"https:\/\/ismaelcolosi.com.br\/index.php\/category\/noticias-de-ribeirao-preto-sp-e-regiao-ismael-colosi\/"},"img":{"alt_text":"","src":"https:\/\/i0.wp.com\/ismaelcolosi.com.br\/wp-content\/uploads\/2024\/02\/hc-ribeirao-preto.jpg?fit=1200%2C675&ssl=1&resize=350%2C200","width":350,"height":200,"srcset":"https:\/\/i0.wp.com\/ismaelcolosi.com.br\/wp-content\/uploads\/2024\/02\/hc-ribeirao-preto.jpg?fit=1200%2C675&ssl=1&resize=350%2C200 1x, https:\/\/i0.wp.com\/ismaelcolosi.com.br\/wp-content\/uploads\/2024\/02\/hc-ribeirao-preto.jpg?fit=1200%2C675&ssl=1&resize=525%2C300 1.5x, https:\/\/i0.wp.com\/ismaelcolosi.com.br\/wp-content\/uploads\/2024\/02\/hc-ribeirao-preto.jpg?fit=1200%2C675&ssl=1&resize=700%2C400 2x, https:\/\/i0.wp.com\/ismaelcolosi.com.br\/wp-content\/uploads\/2024\/02\/hc-ribeirao-preto.jpg?fit=1200%2C675&ssl=1&resize=1050%2C600 3x"},"classes":[]},{"id":37294,"url":"https:\/\/ismaelcolosi.com.br\/index.php\/2024\/02\/15\/cidade-na-regiao-de-ribeirao-abre-processo-seletivo-com-11-vagas-veja-como-participar\/","url_meta":{"origin":47933,"position":4},"title":"Cidade na regi\u00e3o de Ribeir\u00e3o abre processo seletivo com 11 vagas; Veja como participar","author":"ismaelcolosi.com.br","date":"15 de February de 2024","format":false,"excerpt":"A Prefeitura de Altin\u00f3polis, na regi\u00e3o de Ribeir\u00e3o Preto, abriu processo seletivo com 11 vagas para \u00e1rea da educa\u00e7\u00e3o. As oportunidades s\u00e3o para professores PEB I e PEB II, com sal\u00e1rios de R4 22,10 hora\/aula. As inscri\u00e7\u00f5es devem ser realizadas pela internet (clique aqui) at\u00e9 o dia 4 de mar\u00e7o.\u2026","rel":"","context":"In &quot;Not\u00edcias de Ribeir\u00e3o Preto-SP e Regi\u00e3o&quot;","block_context":{"text":"Not\u00edcias de Ribeir\u00e3o Preto-SP e Regi\u00e3o","link":"https:\/\/ismaelcolosi.com.br\/index.php\/category\/noticias-de-ribeirao-preto-sp-e-regiao-ismael-colosi\/"},"img":{"alt_text":"","src":"https:\/\/i0.wp.com\/ismaelcolosi.com.br\/wp-content\/uploads\/2024\/02\/lousa-escola.jpg?fit=1200%2C799&ssl=1&resize=350%2C200","width":350,"height":200,"srcset":"https:\/\/i0.wp.com\/ismaelcolosi.com.br\/wp-content\/uploads\/2024\/02\/lousa-escola.jpg?fit=1200%2C799&ssl=1&resize=350%2C200 1x, https:\/\/i0.wp.com\/ismaelcolosi.com.br\/wp-content\/uploads\/2024\/02\/lousa-escola.jpg?fit=1200%2C799&ssl=1&resize=525%2C300 1.5x, https:\/\/i0.wp.com\/ismaelcolosi.com.br\/wp-content\/uploads\/2024\/02\/lousa-escola.jpg?fit=1200%2C799&ssl=1&resize=700%2C400 2x, https:\/\/i0.wp.com\/ismaelcolosi.com.br\/wp-content\/uploads\/2024\/02\/lousa-escola.jpg?fit=1200%2C799&ssl=1&resize=1050%2C600 3x"},"classes":[]},{"id":44011,"url":"https:\/\/ismaelcolosi.com.br\/index.php\/2024\/03\/25\/faepa-abre-processo-seletivo-em-ribeirao-preto-com-salarios-de-r-4-mil\/","url_meta":{"origin":47933,"position":5},"title":"Faepa abre processo seletivo em Ribeir\u00e3o Preto com sal\u00e1rios de R$ 4 mil","author":"ismaelcolosi.com.br","date":"25 de March de 2024","format":false,"excerpt":"A Faepa (Funda\u00e7\u00e3o de Apoio ao Ensino, Pesquisa e Assist\u00eancia do Hospital das Cl\u00ednicas) de Ribeir\u00e3o Preto abriu as inscri\u00e7\u00f5es para processo seletivo com quadro vagas e sal\u00e1rios de at\u00e9 R$ 4.461,47. As inscri\u00e7\u00f5es devem ser realizadas pela internet (clique aqui) at\u00e9 as 14h do dia 27 de mar\u00e7o. O\u2026","rel":"","context":"In &quot;Not\u00edcias de Ribeir\u00e3o Preto-SP e Regi\u00e3o&quot;","block_context":{"text":"Not\u00edcias de Ribeir\u00e3o Preto-SP e Regi\u00e3o","link":"https:\/\/ismaelcolosi.com.br\/index.php\/category\/noticias-de-ribeirao-preto-sp-e-regiao-ismael-colosi\/"},"img":{"alt_text":"","src":"https:\/\/i0.wp.com\/ismaelcolosi.com.br\/wp-content\/uploads\/2024\/03\/AnyConv.com__concurso-publico-2.webp.webp?fit=1200%2C800&ssl=1&resize=350%2C200","width":350,"height":200,"srcset":"https:\/\/i0.wp.com\/ismaelcolosi.com.br\/wp-content\/uploads\/2024\/03\/AnyConv.com__concurso-publico-2.webp.webp?fit=1200%2C800&ssl=1&resize=350%2C200 1x, https:\/\/i0.wp.com\/ismaelcolosi.com.br\/wp-content\/uploads\/2024\/03\/AnyConv.com__concurso-publico-2.webp.webp?fit=1200%2C800&ssl=1&resize=525%2C300 1.5x, https:\/\/i0.wp.com\/ismaelcolosi.com.br\/wp-content\/uploads\/2024\/03\/AnyConv.com__concurso-publico-2.webp.webp?fit=1200%2C800&ssl=1&resize=700%2C400 2x, https:\/\/i0.wp.com\/ismaelcolosi.com.br\/wp-content\/uploads\/2024\/03\/AnyConv.com__concurso-publico-2.webp.webp?fit=1200%2C800&ssl=1&resize=1050%2C600 3x"},"classes":[]}],"jetpack_sharing_enabled":true,"jetpack_shortlink":"https:\/\/wp.me\/pfMlyK-ct7","_links":{"self":[{"href":"https:\/\/ismaelcolosi.com.br\/index.php\/wp-json\/wp\/v2\/posts\/47933","targetHints":{"allow":["GET"]}}],"collection":[{"href":"https:\/\/ismaelcolosi.com.br\/index.php\/wp-json\/wp\/v2\/posts"}],"about":[{"href":"https:\/\/ismaelcolosi.com.br\/index.php\/wp-json\/wp\/v2\/types\/post"}],"author":[{"embeddable":true,"href":"https:\/\/ismaelcolosi.com.br\/index.php\/wp-json\/wp\/v2\/users\/1"}],"replies":[{"embeddable":true,"href":"https:\/\/ismaelcolosi.com.br\/index.php\/wp-json\/wp\/v2\/comments?post=47933"}],"version-history":[{"count":0,"href":"https:\/\/ismaelcolosi.com.br\/index.php\/wp-json\/wp\/v2\/posts\/47933\/revisions"}],"wp:featuredmedia":[{"embeddable":true,"href":"https:\/\/ismaelcolosi.com.br\/index.php\/wp-json\/wp\/v2\/media\/47934"}],"wp:attachment":[{"href":"https:\/\/ismaelcolosi.com.br\/index.php\/wp-json\/wp\/v2\/media?parent=47933"}],"wp:term":[{"taxonomy":"category","embeddable":true,"href":"https:\/\/ismaelcolosi.com.br\/index.php\/wp-json\/wp\/v2\/categories?post=47933"},{"taxonomy":"post_tag","embeddable":true,"href":"https:\/\/ismaelcolosi.com.br\/index.php\/wp-json\/wp\/v2\/tags?post=47933"}],"curies":[{"name":"wp","href":"https:\/\/api.w.org\/{rel}","templated":true}]}}