{"id":47929,"date":"2024-04-29T16:24:09","date_gmt":"2024-04-29T19:24:09","guid":{"rendered":"https:\/\/ismaelcolosi.com.br\/index.php\/2024\/04\/29\/quem-sao-os-lideres-com-melhor-reputacao-no-brasil\/"},"modified":"2024-04-29T16:24:09","modified_gmt":"2024-04-29T19:24:09","slug":"quem-sao-os-lideres-com-melhor-reputacao-no-brasil","status":"publish","type":"post","link":"https:\/\/ismaelcolosi.com.br\/index.php\/2024\/04\/29\/quem-sao-os-lideres-com-melhor-reputacao-no-brasil\/","title":{"rendered":"Quem s\u00e3o os l\u00edderes com melhor reputa\u00e7\u00e3o no Brasil?"},"content":{"rendered":"<p> <br \/>\n<\/p>\n<div>\n<div id=\"attachment_608431\" class=\"wp-caption alignnone style=\" max-width:=\"\"><img data-recalc-dims=\"1\" fetchpriority=\"high\" decoding=\"async\" class=\"alignnone wp-image-608431 size-full\" src=\"https:\/\/i0.wp.com\/forbes.com.br\/wp-content\/uploads\/2024\/04\/mulher-luiza-trajano-768x512.jpg?resize=678%2C452&#038;ssl=1\" http:=\"\" alt=\"Luiza Trajano \" width=\"678\" height=\"452\" data-lazy-src=\"https:\/\/forbes.com.br\/wp-content\/uploads\/2024\/04\/mulher-luiza-trajano-768x512.jpg\"\/><img data-recalc-dims=\"1\" fetchpriority=\"high\" decoding=\"async\" class=\"alignnone wp-image-608431 size-full\" src=\"https:\/\/i0.wp.com\/forbes.com.br\/wp-content\/uploads\/2024\/04\/mulher-luiza-trajano-768x512.jpg?resize=678%2C452&#038;ssl=1\" alt=\"Luiza Trajano \" width=\"678\" height=\"452\"\/><\/p>\n<p>Tomas Arthuzzi<\/p><div class='code-block code-block-8' style='margin: 8px auto; text-align: center; display: block; clear: both;'>\n<script>\n  atOptions = {\n    'key' : '66e2e2111ca34da796271819fc334058',\n    'format' : 'iframe',\n    'height' : 250,\n    'width' : 300,\n    'params' : {}\n  };\n<\/script>\n<script src=\"https:\/\/www.highperformanceformat.com\/66e2e2111ca34da796271819fc334058\/invoke.js\"><\/script>\n<\/div>\n\n<p class=\"wp-caption-text\">Luiza Trajano ocupa o 1\u00ba lugar pelo 7\u00ba ano consecutivo e presen\u00e7a de mulheres entre os l\u00edderes com melhor reputa\u00e7\u00e3o cresce<\/p>\n<\/div>\n<p><span style=\"font-weight: 400;\">Pelo s\u00e9timo ano consecutivo, <strong>Luiza Helena Trajano lidera o ranking dos l\u00edderes com melhor reputa\u00e7\u00e3o no Brasil<\/strong> da consultoria <strong>Merco<\/strong>. \u201c<\/span><span style=\"font-weight: 400;\">Fiquei muito honrada. Minha responsabilidade e meu comprometimento com o pa\u00eds s\u00f3 aumentam\u201d, escreveu a presidente do conselho do Magazine Luiza no seu perfil do LinkedIn.<\/span><\/p>\n<p><span style=\"font-weight: 400;\">A 10\u00ba edi\u00e7\u00e3o do ranking Merco L\u00edderes Empresariais, ainda traz<strong> F\u00e1bio Barbosa, CEO da Natura, e Cristina Junqueira, do Nubank<\/strong>, completando o top tr\u00eas. Entre os 10 primeiros, est\u00e3o profissionais que fundaram suas empresas, como Junqueira e <strong>Al\u00ea Costa, da Cacau Show<\/strong>, e executivos que conquistaram espa\u00e7o na lideran\u00e7a de grandes companhias, como <strong>F\u00e1bio Coelho e T\u00e2nia Cosentino<\/strong>, CEOs do Google e Microsoft, respectivamente.<\/span><\/p>\n<p><span style=\"font-weight: 400;\">A presen\u00e7a feminina se destaca: nos \u00faltimos 10 anos \u2013 entre 2013 e 2023 \u2013, o <strong>n\u00famero de mulheres na lista aumentou em 350%<\/strong>. \u201cEsse avan\u00e7o reflete n\u00e3o apenas uma mudan\u00e7a positiva nas percep\u00e7\u00f5es, mas tamb\u00e9m um reconhecimento da contribui\u00e7\u00e3o das mulheres no cen\u00e1rio corporativo\u201d, destaca Lylian Brand\u00e3o, CEO da Merco Brasil.\u00a0<\/span><\/p>\n<p><span style=\"font-weight: 400;\">A consultoria faz levantamentos corporativos em 16 pa\u00edses da Am\u00e9rica Latina e Europa. O ranking de L\u00edderes Empresariais foi elaborado a partir de uma pesquisa com 522 diretores de empresas que faturam mais de R$ 200 milh\u00f5es no pa\u00eds.\u00a0<\/span><\/p>\n<p><span style=\"font-weight: 400;\">De todos os indicados, os 100 mais bem classificados s\u00e3o submetidos \u00e0 an\u00e1lise de especialistas que avaliam as habilidades de comunica\u00e7\u00e3o, gest\u00e3o e vis\u00e3o estrat\u00e9gica, vis\u00e3o comercial, lideran\u00e7a, incentivo \u00e0 responsabilidade social corporativa, talento e proje\u00e7\u00e3o internacional. O levantamento foi realizado entre abril e dezembro de 2023 e contou com 762 entrevistas. Confira<\/span><strong><a href=\"https:\/\/www.merco.info\/br\/ranking-merco-lideres?edicion=2023\"> aqui<\/a><\/strong><span style=\"font-weight: 400;\"> a lista completa.<\/span><\/p>\n<p><strong>Leia tamb\u00e9m:<\/strong><\/p>\n<h3 id=\"l\u00edderes-melhor-reputa\u00e7\u00e3o\">Veja quem s\u00e3o os 10 l\u00edderes com a melhor reputa\u00e7\u00e3o no Brasil:<\/h3>\n<div class=\"pksGallery\">\n<p>\n<span class=\"credito\"\/><\/p>\n<h3>10. Alexandre Costa, fundador e CEO da Cacau Show<\/h3>\n<\/p>\n<\/div>\n<\/div>\n<p><script type=\"rocketlazyloadscript\">\n\t\t\t\t(function(d, s, id){\n\t\t\t\t\tvar js, fjs = d.getElementsByTagName(s)[0];\n\t\t\t\t\tif (d.getElementById(id)) return;\n\t\t\t\t\tjs = d.createElement(s); js.id = id;\n\t\t\t\t\tjs.src = \"\/\/connect.facebook.net\/pt_BR\/sdk.js#xfbml=1&version=v2.9\";\n\t\t\t\t\tfjs.parentNode.insertBefore(js, fjs);\n\t\t\t\t}(document, 'script', 'facebook-jssdk'));\n\t\t\t<\/script><br \/>\n<br \/><br \/>\n<br \/><a href=\"https:\/\/forbes.com.br\/carreira\/2024\/04\/quem-sao-os-lideres-com-melhor-reputacao-no-brasil\/\">Source link <\/a><\/p>\n<div class='code-block code-block-4' style='margin: 8px auto 8px 0; text-align: left; display: block; clear: both;'>\n\ud83d\udce2 Aviso Legal\n\nO site ismaelcolosi.com.br atua apenas como um canal de divulga\u00e7\u00e3o de oportunidades de emprego e n\u00e3o se responsabiliza pelo processo seletivo, contrata\u00e7\u00e3o ou qualquer outra etapa relacionada \u00e0s vagas publicadas. Todas as informa\u00e7\u00f5es s\u00e3o de responsabilidade dos anunciantes.\n\n\u26a0\ufe0f Aten\u00e7\u00e3o! Nunca pague por promessas de emprego nem compre cursos que garantam contrata\u00e7\u00e3o. Desconfie de qualquer cobran\u00e7a para participar de sele\u00e7\u00f5es.\n\n\n\n<\/div>\n<!-- CONTENT END 1 -->\n","protected":false},"excerpt":{"rendered":"<p>Tomas Arthuzzi Luiza Trajano ocupa o 1\u00ba lugar pelo 7\u00ba ano consecutivo e presen\u00e7a de mulheres entre os l\u00edderes com melhor reputa\u00e7\u00e3o cresce Pelo s\u00e9timo&#8230;<\/p>\n","protected":false},"author":1,"featured_media":47930,"comment_status":"open","ping_status":"open","sticky":false,"template":"","format":"standard","meta":{"_uag_custom_page_level_css":"","advanced_seo_description":"","jetpack_seo_html_title":"","jetpack_seo_noindex":false,"jetpack_post_was_ever_published":false,"_jetpack_newsletter_access":"","_jetpack_dont_email_post_to_subs":false,"_jetpack_newsletter_tier_id":0,"_jetpack_memberships_contains_paywalled_content":false,"_jetpack_memberships_contains_paid_content":false,"footnotes":"","jetpack_publicize_message":"","jetpack_publicize_feature_enabled":true,"jetpack_social_post_already_shared":true,"jetpack_social_options":{"image_generator_settings":{"template":"highway","default_image_id":0,"font":"","enabled":false},"version":2}},"categories":[1964],"tags":[],"class_list":["post-47929","post","type-post","status-publish","format-standard","has-post-thumbnail","hentry","category-carreira-e-sucesso-dicas-para-carreira"],"jetpack_publicize_connections":[],"jetpack_featured_media_url":"https:\/\/i0.wp.com\/ismaelcolosi.com.br\/wp-content\/uploads\/2024\/04\/mulher-luiza-trajano-1024x683.jpg?fit=1024%2C683&ssl=1","uagb_featured_image_src":{"full":["https:\/\/i0.wp.com\/ismaelcolosi.com.br\/wp-content\/uploads\/2024\/04\/mulher-luiza-trajano-1024x683.jpg?fit=1024%2C683&ssl=1",1024,683,false],"thumbnail":["https:\/\/i0.wp.com\/ismaelcolosi.com.br\/wp-content\/uploads\/2024\/04\/mulher-luiza-trajano-1024x683.jpg?resize=150%2C150&ssl=1",150,150,true],"medium":["https:\/\/i0.wp.com\/ismaelcolosi.com.br\/wp-content\/uploads\/2024\/04\/mulher-luiza-trajano-1024x683.jpg?fit=300%2C200&ssl=1",300,200,true],"medium_large":["https:\/\/i0.wp.com\/ismaelcolosi.com.br\/wp-content\/uploads\/2024\/04\/mulher-luiza-trajano-1024x683.jpg?fit=768%2C512&ssl=1",768,512,true],"large":["https:\/\/i0.wp.com\/ismaelcolosi.com.br\/wp-content\/uploads\/2024\/04\/mulher-luiza-trajano-1024x683.jpg?fit=1024%2C683&ssl=1",1024,683,true],"1536x1536":["https:\/\/i0.wp.com\/ismaelcolosi.com.br\/wp-content\/uploads\/2024\/04\/mulher-luiza-trajano-1024x683.jpg?fit=1024%2C683&ssl=1",1024,683,true],"2048x2048":["https:\/\/i0.wp.com\/ismaelcolosi.com.br\/wp-content\/uploads\/2024\/04\/mulher-luiza-trajano-1024x683.jpg?fit=1024%2C683&ssl=1",1024,683,true],"really-simple-thumb":["https:\/\/i0.wp.com\/ismaelcolosi.com.br\/wp-content\/uploads\/2024\/04\/mulher-luiza-trajano-1024x683.jpg?resize=370%2C247&ssl=1",370,247,true]},"uagb_author_info":{"display_name":"ismaelcolosi.com.br","author_link":"https:\/\/ismaelcolosi.com.br\/index.php\/author\/vidareal-online\/"},"uagb_comment_info":0,"uagb_excerpt":"Tomas Arthuzzi Luiza Trajano ocupa o 1\u00ba lugar pelo 7\u00ba ano consecutivo e presen\u00e7a de mulheres entre os l\u00edderes com melhor reputa\u00e7\u00e3o cresce Pelo s\u00e9timo...","jetpack-related-posts":[{"id":82594,"url":"https:\/\/ismaelcolosi.com.br\/index.php\/2025\/02\/05\/quais-sao-as-prioridades-da-lideranca-para-2025\/","url_meta":{"origin":47929,"position":0},"title":"Quais S\u00e3o as Prioridades da Lideran\u00e7a para 2025?","author":"ismaelcolosi.com.br","date":"5 de February de 2025","format":false,"excerpt":"\r Getty Images\r Para a maioria dos l\u00edderes, vis\u00e3o de 2025 no ambiente profissional \u00e9 positiva \r Acessibilidade \r L\r L\r A-\r A+\r \r \u25d0\r \r \u00a0 Desenvolvimento de pessoas, atualiza\u00e7\u00e3o tecnol\u00f3gica e transforma\u00e7\u00e3o digital s\u00e3o as prioridades da alta lideran\u00e7a para 2025. Segundo um levantamento da consultoria ANK Reputation,\u2026","rel":"","context":"In &quot;Carreira e Sucesso&quot;","block_context":{"text":"Carreira e Sucesso","link":"https:\/\/ismaelcolosi.com.br\/index.php\/category\/carreira-e-sucesso-dicas-para-carreira\/"},"img":{"alt_text":"","src":"https:\/\/i0.wp.com\/ismaelcolosi.com.br\/wp-content\/uploads\/2025\/02\/forbes-lideranca-lideres-1-1200x675.jpg?fit=1200%2C675&ssl=1&resize=350%2C200","width":350,"height":200,"srcset":"https:\/\/i0.wp.com\/ismaelcolosi.com.br\/wp-content\/uploads\/2025\/02\/forbes-lideranca-lideres-1-1200x675.jpg?fit=1200%2C675&ssl=1&resize=350%2C200 1x, https:\/\/i0.wp.com\/ismaelcolosi.com.br\/wp-content\/uploads\/2025\/02\/forbes-lideranca-lideres-1-1200x675.jpg?fit=1200%2C675&ssl=1&resize=525%2C300 1.5x, https:\/\/i0.wp.com\/ismaelcolosi.com.br\/wp-content\/uploads\/2025\/02\/forbes-lideranca-lideres-1-1200x675.jpg?fit=1200%2C675&ssl=1&resize=700%2C400 2x, https:\/\/i0.wp.com\/ismaelcolosi.com.br\/wp-content\/uploads\/2025\/02\/forbes-lideranca-lideres-1-1200x675.jpg?fit=1200%2C675&ssl=1&resize=1050%2C600 3x"},"classes":[]},{"id":14099,"url":"https:\/\/ismaelcolosi.com.br\/index.php\/2023\/12\/11\/rizz-e-a-palavra-do-ano-o-carisma-dos-grandes-lideres\/","url_meta":{"origin":47929,"position":1},"title":"&#8220;Rizz&#8221; \u00e9 a palavra do ano: o carisma dos grandes l\u00edderes","author":"ismaelcolosi.com.br","date":"11 de December de 2023","format":false,"excerpt":"Getty ImagesBarack Obama \u00e9 um exemplo de lideran\u00e7a carism\u00e1tica, pessoa que se comunica com facilidade com diversos p\u00fablicos e demonstra autoconfian\u00e7a Termo usado pela Gera\u00e7\u00e3o Z nas redes sociais, \u201crizz\u201d, uma redu\u00e7\u00e3o de \u201ccharisma\u201d (carisma, em ingl\u00eas) , foi eleita a palavra do ano pelo dicion\u00e1rio Oxford.\u00a0 De acordo com\u2026","rel":"","context":"In &quot;Carreira e Sucesso&quot;","block_context":{"text":"Carreira e Sucesso","link":"https:\/\/ismaelcolosi.com.br\/index.php\/category\/carreira-e-sucesso-dicas-para-carreira\/"},"img":{"alt_text":"","src":"https:\/\/i0.wp.com\/ismaelcolosi.com.br\/wp-content\/uploads\/2023\/12\/carreira-barack-obama-carisma-1024x683.jpg?fit=1024%2C683&ssl=1&resize=350%2C200","width":350,"height":200,"srcset":"https:\/\/i0.wp.com\/ismaelcolosi.com.br\/wp-content\/uploads\/2023\/12\/carreira-barack-obama-carisma-1024x683.jpg?fit=1024%2C683&ssl=1&resize=350%2C200 1x, https:\/\/i0.wp.com\/ismaelcolosi.com.br\/wp-content\/uploads\/2023\/12\/carreira-barack-obama-carisma-1024x683.jpg?fit=1024%2C683&ssl=1&resize=525%2C300 1.5x, https:\/\/i0.wp.com\/ismaelcolosi.com.br\/wp-content\/uploads\/2023\/12\/carreira-barack-obama-carisma-1024x683.jpg?fit=1024%2C683&ssl=1&resize=700%2C400 2x"},"classes":[]},{"id":36794,"url":"https:\/\/ismaelcolosi.com.br\/index.php\/2024\/02\/12\/saiba-quem-foi-luiza-trajano-donato-fundadora-do-magazine-luiza\/","url_meta":{"origin":47929,"position":2},"title":"Saiba quem foi Luiza Trajano Donato, fundadora do Magazine Luiza","author":"ismaelcolosi.com.br","date":"12 de February de 2024","format":false,"excerpt":"A fundadora do Magazine Luiza, Luiza Trajano Donato, morreu aos 97 anos na madrugada desta segunda-feira (12), em Franca, regi\u00e3o de Ribeir\u00e3o Preto. Ela era tia da atual presidente do Magazine Luiza, Luiza Helena Trajano. Luiza Trajano Donato era conhecida como Tia Luiza, nasceu em uma fam\u00edlia de comerciantes. Aos\u2026","rel":"","context":"In &quot;Not\u00edcias de Ribeir\u00e3o Preto-SP e Regi\u00e3o&quot;","block_context":{"text":"Not\u00edcias de Ribeir\u00e3o Preto-SP e Regi\u00e3o","link":"https:\/\/ismaelcolosi.com.br\/index.php\/category\/noticias-de-ribeirao-preto-sp-e-regiao-ismael-colosi\/"},"img":{"alt_text":"","src":"https:\/\/i0.wp.com\/ismaelcolosi.com.br\/wp-content\/uploads\/2024\/02\/luiza-trajano-donato.jpg?fit=1063%2C862&ssl=1&resize=350%2C200","width":350,"height":200,"srcset":"https:\/\/i0.wp.com\/ismaelcolosi.com.br\/wp-content\/uploads\/2024\/02\/luiza-trajano-donato.jpg?fit=1063%2C862&ssl=1&resize=350%2C200 1x, https:\/\/i0.wp.com\/ismaelcolosi.com.br\/wp-content\/uploads\/2024\/02\/luiza-trajano-donato.jpg?fit=1063%2C862&ssl=1&resize=525%2C300 1.5x, https:\/\/i0.wp.com\/ismaelcolosi.com.br\/wp-content\/uploads\/2024\/02\/luiza-trajano-donato.jpg?fit=1063%2C862&ssl=1&resize=700%2C400 2x, https:\/\/i0.wp.com\/ismaelcolosi.com.br\/wp-content\/uploads\/2024\/02\/luiza-trajano-donato.jpg?fit=1063%2C862&ssl=1&resize=1050%2C600 3x"},"classes":[]},{"id":14123,"url":"https:\/\/ismaelcolosi.com.br\/index.php\/2023\/12\/11\/evento-ensina-brasileiros-a-estudarem-em-londres-com-bolsa\/","url_meta":{"origin":47929,"position":3},"title":"Evento ensina brasileiros a estudarem em Londres com bolsa","author":"ismaelcolosi.com.br","date":"11 de December de 2023","format":false,"excerpt":"Eleita pelo quinto ano consecutivo como a melhor cidade mundial para estudantes pelo QS Best Student Cities, Londres atrai, todos os anos, alunos brasileiros que sonham em estudar fora. Cr\u00e9ditos: LUNAMARINA\/iStockLondon Trafalgar Square in UK england Para quem deseja trilhar essa jornada ganhando bolsa de estudos, a Funda\u00e7\u00e3o Estudar e\u2026","rel":"","context":"In &quot;Variedades&quot;","block_context":{"text":"Variedades","link":"https:\/\/ismaelcolosi.com.br\/index.php\/category\/variedades\/"},"img":{"alt_text":"","src":"https:\/\/i0.wp.com\/ismaelcolosi.com.br\/wp-content\/uploads\/2023\/12\/londres-dicas-de-passeio.jpg?fit=1200%2C638&ssl=1&resize=350%2C200","width":350,"height":200,"srcset":"https:\/\/i0.wp.com\/ismaelcolosi.com.br\/wp-content\/uploads\/2023\/12\/londres-dicas-de-passeio.jpg?fit=1200%2C638&ssl=1&resize=350%2C200 1x, https:\/\/i0.wp.com\/ismaelcolosi.com.br\/wp-content\/uploads\/2023\/12\/londres-dicas-de-passeio.jpg?fit=1200%2C638&ssl=1&resize=525%2C300 1.5x, https:\/\/i0.wp.com\/ismaelcolosi.com.br\/wp-content\/uploads\/2023\/12\/londres-dicas-de-passeio.jpg?fit=1200%2C638&ssl=1&resize=700%2C400 2x, https:\/\/i0.wp.com\/ismaelcolosi.com.br\/wp-content\/uploads\/2023\/12\/londres-dicas-de-passeio.jpg?fit=1200%2C638&ssl=1&resize=1050%2C600 3x"},"classes":[]},{"id":11475,"url":"https:\/\/ismaelcolosi.com.br\/index.php\/2023\/12\/06\/caminhada-pede-basta-a-violencia\/","url_meta":{"origin":47929,"position":4},"title":"Caminhada pede basta \u00e0 viol\u00eancia \u00a0","author":"ismaelcolosi.com.br","date":"6 de December de 2023","format":false,"excerpt":"6 de dezembro de 2023 | 9:305 de dezembro de 2023 | 19:40 0Em sua sexta edi\u00e7\u00e3o, a Caminhada pelo Fim da Viol\u00eancia contra mulheres e Meninas, organizada pelo Grupo Mulheres do Brasil, ser\u00e1 realizada em 10 de dezembro, domingo, em v\u00e1rias cidades no Brasil e no exterior. Em Ribeir\u00e3o\u2026","rel":"","context":"In &quot;Not\u00edcias de Ribeir\u00e3o Preto-SP e Regi\u00e3o&quot;","block_context":{"text":"Not\u00edcias de Ribeir\u00e3o Preto-SP e Regi\u00e3o","link":"https:\/\/ismaelcolosi.com.br\/index.php\/category\/noticias-de-ribeirao-preto-sp-e-regiao-ismael-colosi\/"},"img":{"alt_text":"","src":"https:\/\/i0.wp.com\/ismaelcolosi.com.br\/wp-content\/uploads\/2023\/12\/Violencia-Divulgacao-scaled.jpg?fit=961%2C645&ssl=1&resize=350%2C200","width":350,"height":200,"srcset":"https:\/\/i0.wp.com\/ismaelcolosi.com.br\/wp-content\/uploads\/2023\/12\/Violencia-Divulgacao-scaled.jpg?fit=961%2C645&ssl=1&resize=350%2C200 1x, https:\/\/i0.wp.com\/ismaelcolosi.com.br\/wp-content\/uploads\/2023\/12\/Violencia-Divulgacao-scaled.jpg?fit=961%2C645&ssl=1&resize=525%2C300 1.5x, https:\/\/i0.wp.com\/ismaelcolosi.com.br\/wp-content\/uploads\/2023\/12\/Violencia-Divulgacao-scaled.jpg?fit=961%2C645&ssl=1&resize=700%2C400 2x"},"classes":[]},{"id":36780,"url":"https:\/\/ismaelcolosi.com.br\/index.php\/2024\/02\/12\/morre-luiza-trajano-donato-fundadora-do-magazine-luiza-aos-97-anos\/","url_meta":{"origin":47929,"position":5},"title":"Morre Luiza Trajano Donato, fundadora do Magazine Luiza, aos 97 anos","author":"ismaelcolosi.com.br","date":"12 de February de 2024","format":false,"excerpt":"A fundadora do Magazine Luiza, Luiza Trajano Donato, morreu aos 97 anos na madrugada desta segunda-feira (12), em Franca, na regi\u00e3o de Ribeir\u00e3o Preto. Luiza Donato fundou a empresa do ramo de varejo em 1957 \u2013 atualmente o Magazine Luiza \u00e9 comandado pela sobrinha, Luiza Helena Trajano. O vel\u00f3rio est\u00e1\u2026","rel":"","context":"In &quot;Not\u00edcias de Ribeir\u00e3o Preto-SP e Regi\u00e3o&quot;","block_context":{"text":"Not\u00edcias de Ribeir\u00e3o Preto-SP e Regi\u00e3o","link":"https:\/\/ismaelcolosi.com.br\/index.php\/category\/noticias-de-ribeirao-preto-sp-e-regiao-ismael-colosi\/"},"img":{"alt_text":"","src":"https:\/\/i0.wp.com\/ismaelcolosi.com.br\/wp-content\/uploads\/2024\/02\/luiza-trajano-donato.jpeg?fit=1200%2C730&ssl=1&resize=350%2C200","width":350,"height":200,"srcset":"https:\/\/i0.wp.com\/ismaelcolosi.com.br\/wp-content\/uploads\/2024\/02\/luiza-trajano-donato.jpeg?fit=1200%2C730&ssl=1&resize=350%2C200 1x, https:\/\/i0.wp.com\/ismaelcolosi.com.br\/wp-content\/uploads\/2024\/02\/luiza-trajano-donato.jpeg?fit=1200%2C730&ssl=1&resize=525%2C300 1.5x, https:\/\/i0.wp.com\/ismaelcolosi.com.br\/wp-content\/uploads\/2024\/02\/luiza-trajano-donato.jpeg?fit=1200%2C730&ssl=1&resize=700%2C400 2x, https:\/\/i0.wp.com\/ismaelcolosi.com.br\/wp-content\/uploads\/2024\/02\/luiza-trajano-donato.jpeg?fit=1200%2C730&ssl=1&resize=1050%2C600 3x"},"classes":[]}],"jetpack_sharing_enabled":true,"jetpack_shortlink":"https:\/\/wp.me\/pfMlyK-ct3","_links":{"self":[{"href":"https:\/\/ismaelcolosi.com.br\/index.php\/wp-json\/wp\/v2\/posts\/47929","targetHints":{"allow":["GET"]}}],"collection":[{"href":"https:\/\/ismaelcolosi.com.br\/index.php\/wp-json\/wp\/v2\/posts"}],"about":[{"href":"https:\/\/ismaelcolosi.com.br\/index.php\/wp-json\/wp\/v2\/types\/post"}],"author":[{"embeddable":true,"href":"https:\/\/ismaelcolosi.com.br\/index.php\/wp-json\/wp\/v2\/users\/1"}],"replies":[{"embeddable":true,"href":"https:\/\/ismaelcolosi.com.br\/index.php\/wp-json\/wp\/v2\/comments?post=47929"}],"version-history":[{"count":0,"href":"https:\/\/ismaelcolosi.com.br\/index.php\/wp-json\/wp\/v2\/posts\/47929\/revisions"}],"wp:featuredmedia":[{"embeddable":true,"href":"https:\/\/ismaelcolosi.com.br\/index.php\/wp-json\/wp\/v2\/media\/47930"}],"wp:attachment":[{"href":"https:\/\/ismaelcolosi.com.br\/index.php\/wp-json\/wp\/v2\/media?parent=47929"}],"wp:term":[{"taxonomy":"category","embeddable":true,"href":"https:\/\/ismaelcolosi.com.br\/index.php\/wp-json\/wp\/v2\/categories?post=47929"},{"taxonomy":"post_tag","embeddable":true,"href":"https:\/\/ismaelcolosi.com.br\/index.php\/wp-json\/wp\/v2\/tags?post=47929"}],"curies":[{"name":"wp","href":"https:\/\/api.w.org\/{rel}","templated":true}]}}