{"id":47925,"date":"2024-04-29T16:07:46","date_gmt":"2024-04-29T19:07:46","guid":{"rendered":"https:\/\/ismaelcolosi.com.br\/index.php\/2024\/04\/29\/inscricoes-abertas-para-concurso-publico-no-interior-de-sp-com-103-vagas\/"},"modified":"2024-04-29T16:07:46","modified_gmt":"2024-04-29T19:07:46","slug":"inscricoes-abertas-para-concurso-publico-no-interior-de-sp-com-103-vagas","status":"publish","type":"post","link":"https:\/\/ismaelcolosi.com.br\/index.php\/2024\/04\/29\/inscricoes-abertas-para-concurso-publico-no-interior-de-sp-com-103-vagas\/","title":{"rendered":"Inscri\u00e7\u00f5es abertas para concurso p\u00fablico no interior de SP com 103 vagas"},"content":{"rendered":"<p> <br \/>\n<\/p>\n<div>\n<p>As <strong><span style=\"background-color:#f7cc62\" class=\"td_text_highlight_marker\"><mark style=\"background-color:rgba(0, 0, 0, 0)\" class=\"has-inline-color has-black-color\">inscri\u00e7\u00f5es para o concurso p\u00fablico da Prefeitura de Monte Alto, no interior de S\u00e3o Paulo, com 103 vagas, foram abertas \u00e0s 10h desta segunda-feira (29)<\/mark><\/span><\/strong>.<\/p>\n<p>Os <strong>interessados <\/strong>devem se inscrever pelo <strong>site da <a href=\"https:\/\/www.vunesp.com.br\/PMAL2303\" target=\"_blank\" rel=\"noreferrer noopener nofollow\">Vunesp<\/a><\/strong>, at\u00e9 \u00e0s <strong>23h59 do dia 4 de junho<\/strong>. O <strong>valor<\/strong> da <strong>taxa <\/strong>de <strong>inscri\u00e7\u00e3o<\/strong> varia entre <strong>R$ 54,90<\/strong> e <strong>R$ 98,80<\/strong>. \u00a0<\/p><div class='code-block code-block-8' style='margin: 8px auto; text-align: center; display: block; clear: both;'>\n<script>\n  atOptions = {\n    'key' : '66e2e2111ca34da796271819fc334058',\n    'format' : 'iframe',\n    'height' : 250,\n    'width' : 300,\n    'params' : {}\n  };\n<\/script>\n<script src=\"https:\/\/www.highperformanceformat.com\/66e2e2111ca34da796271819fc334058\/invoke.js\"><\/script>\n<\/div>\n\n<h4 class=\"wp-block-heading\"><strong>Sal\u00e1rios e cargos<\/strong><\/h4>\n<p>As <strong>oportunidades<\/strong> s\u00e3o para <strong>cargos<\/strong> que exigem <strong>escolaridade<\/strong> do <strong>ensino fundamental incompleto<\/strong> a <strong>n\u00edvel superior<\/strong>, os <strong>sal\u00e1rios<\/strong> oferecidos <strong>s\u00e3o de at\u00e9 R$ 10 mil<\/strong>.<\/p>\n<p>Al\u00e9m do sal\u00e1rio, a <strong>prefeitura oferecer\u00e1 o benef\u00edcio<\/strong> de<strong>\u00a0aux\u00edlio alimenta\u00e7\u00e3o no valor de R$ 1.000,00<\/strong>\u00a0(a informa\u00e7\u00e3o consta no\u00a0<strong>edital de retifica\u00e7\u00e3o<\/strong>, publicado no dia 26 de abril).<\/p>\n<p><strong>Edital 1\/2024<\/strong><\/p>\n<ul>\n<li>Jardinagem, opera\u00e7\u00e3o de ve\u00edculos pesados, opera\u00e7\u00e3o de ve\u00edculos semi pesados, soldagem, trabalhos bra\u00e7ais, coveiro, cuidador de idoso, motorista-socorrista, padaria, salva-vidas, agente comunit\u00e1rio de sa\u00fade, agente de desenvolvimento tur\u00edstico, agente especializado em sa\u00fade, analista de suporte de tecnologia da informa\u00e7\u00e3o, consult\u00f3rio dent\u00e1rio, entrevistador social, escritura\u00e7\u00e3o intermedi\u00e1ria, fiscaliza\u00e7\u00e3o, orientador social, seguran\u00e7a do trabalho, t\u00e9cnico em enfermagem, telefonia, agente de educa\u00e7\u00e3o infantil, assistente social, bibliotec\u00e1rio, cirurgi\u00e3o dentista, contador, diretor de escola, diretor escolar musical, enfermeiro de sa\u00fade de fam\u00edlia e comunicado, enfermeiro padr\u00e3o, engenheiro ambiental, fisioterapeuta, fonoaudi\u00f3logo, m\u00e9dico cardiologista, cl\u00ednico geral, m\u00e9dico de sa\u00fade da fam\u00edlia, m\u00e9dico do trabalho, endocrinologista, ginecologista, neurologista, oftalmologista, ortopedista, otorrinolaringologista, pediatra, pneumologista, psiquiatra, reumatologista, urologista, muse\u00f3logo, nutricionista, procurador municipal, professor I, psic\u00f3logo, fiscaliza\u00e7\u00e3o de rendas e tributos, terapeuta ocupacional, veterin\u00e1rio.<\/li>\n<\/ul>\n<p><strong>Edital 2\/2024<\/strong><\/p>\n<ul>\n<li>Guarda patrimonial e Guarda Civil Iniciante<\/li>\n<\/ul>\n<p>Os <strong>cargos com mais vagas s\u00e3o para<\/strong> assistente social (5), guarda patrimonial (5), t\u00e9cnico em enfermagem (5), guarda civil iniciante (5), coveiro (5), trabalhos bra\u00e7ais (5), professor I de ensino fundamental (3), enfermeiro (3), orientador social (3) e entrevistador social (3).<\/p>\n<p>As <strong>provas objetivas<\/strong> e <strong>pr\u00e1tica<\/strong> ser\u00e3o aplicadas no<strong> dia 4 de agosto.<\/strong><\/p>\n<p>Os <strong>editais podem ser conferidos<\/strong>\u00a0<strong><a href=\"https:\/\/www.vunesp.com.br\/PMAL2303\" target=\"_blank\" rel=\"noreferrer noopener\">clicando aqui.<\/a><\/strong><\/p>\n<p>SAIBA MAIS <\/p>\n<p>Micareta tem Jammil, MC Melody e mais 14 atra\u00e7\u00f5es em Ribeir\u00e3o; Veja como comprar ingressos<\/p>\n<h4 class=\"wp-block-heading\"><strong>FIQUE ON<\/strong><\/h4>\n<p>Fique ligado em tudo que acontece em Ribeir\u00e3o Preto e regi\u00e3o. Siga os perfis do\u00a0<strong>acidade on\u00a0<\/strong>no\u00a0<a href=\"https:\/\/www.instagram.com\/acidadeonribeirao\" target=\"_blank\" rel=\"noreferrer noopener\">Instagram<\/a>\u00a0e no\u00a0<a href=\"https:\/\/www.facebook.com\/acidadeonribeirao\" target=\"_blank\" rel=\"noreferrer noopener\">Facebook<\/a>.<\/p>\n<p>Receba not\u00edcias do acidade on no WhatsApp. Para entrar no grupo, basta\u00a0<a href=\"https:\/\/chat.whatsapp.com\/GFH9HUMUTHNFJdnyEd0xxq\" target=\"_blank\" rel=\"noreferrer noopener\">clicar aqui<\/a>.<\/p>\n<p>Fa\u00e7a uma den\u00fancia ou sugira uma reportagem sobre Ribeir\u00e3o Preto e regi\u00e3o pelo WhatsApp: 16 99117 7802.<\/p>\n<p>VEJA TAMB\u00c9M<br \/>Quantas vezes \u201cAlma G\u00eamea\u201d foi reprisada?<\/p>\n<p><!-- AI CONTENT END 1 -->\n<\/div>\n<p><script async src=\"\/\/www.instagram.com\/embed.js\"><\/script><br \/>\n<br \/><br \/>\n<br \/><a href=\"https:\/\/www.acidadeon.com\/ribeiraopreto\/economia\/inscricoes-abertas-para-concurso-publico-no-interior-de-sp-com-103-vagas\/\">Source link <\/a><\/p>\n<div class='code-block code-block-4' style='margin: 8px auto 8px 0; text-align: left; display: block; clear: both;'>\n\ud83d\udce2 Aviso Legal\n\nO site ismaelcolosi.com.br atua apenas como um canal de divulga\u00e7\u00e3o de oportunidades de emprego e n\u00e3o se responsabiliza pelo processo seletivo, contrata\u00e7\u00e3o ou qualquer outra etapa relacionada \u00e0s vagas publicadas. Todas as informa\u00e7\u00f5es s\u00e3o de responsabilidade dos anunciantes.\n\n\u26a0\ufe0f Aten\u00e7\u00e3o! Nunca pague por promessas de emprego nem compre cursos que garantam contrata\u00e7\u00e3o. Desconfie de qualquer cobran\u00e7a para participar de sele\u00e7\u00f5es.\n\n\n\n<\/div>\n<!-- CONTENT END 1 -->\n","protected":false},"excerpt":{"rendered":"<p>As inscri\u00e7\u00f5es para o concurso p\u00fablico da Prefeitura de Monte Alto, no interior de S\u00e3o Paulo, com 103 vagas, foram abertas \u00e0s 10h desta segunda-feira&#8230;<\/p>\n","protected":false},"author":1,"featured_media":47926,"comment_status":"open","ping_status":"open","sticky":false,"template":"","format":"standard","meta":{"_uag_custom_page_level_css":"","advanced_seo_description":"","jetpack_seo_html_title":"","jetpack_seo_noindex":false,"jetpack_post_was_ever_published":false,"_jetpack_newsletter_access":"","_jetpack_dont_email_post_to_subs":false,"_jetpack_newsletter_tier_id":0,"_jetpack_memberships_contains_paywalled_content":false,"_jetpack_memberships_contains_paid_content":false,"footnotes":"","jetpack_publicize_message":"","jetpack_publicize_feature_enabled":true,"jetpack_social_post_already_shared":true,"jetpack_social_options":{"image_generator_settings":{"template":"highway","default_image_id":0,"font":"","enabled":false},"version":2}},"categories":[11],"tags":[],"class_list":["post-47925","post","type-post","status-publish","format-standard","has-post-thumbnail","hentry","category-noticias-de-ribeirao-preto-sp-e-regiao-ismael-colosi"],"jetpack_publicize_connections":[],"jetpack_featured_media_url":"https:\/\/i0.wp.com\/ismaelcolosi.com.br\/wp-content\/uploads\/2024\/04\/Copia-de-Copia-de-TAMANHO-EXATO-PARA-FOTOS-NO-SISTEMA-NOVO-17-2_2024-04-29_17-36-39_jpg.webp.webp?fit=1200%2C675&ssl=1","uagb_featured_image_src":{"full":["https:\/\/i0.wp.com\/ismaelcolosi.com.br\/wp-content\/uploads\/2024\/04\/Copia-de-Copia-de-TAMANHO-EXATO-PARA-FOTOS-NO-SISTEMA-NOVO-17-2_2024-04-29_17-36-39_jpg.webp.webp?fit=1200%2C675&ssl=1",1200,675,false],"thumbnail":["https:\/\/i0.wp.com\/ismaelcolosi.com.br\/wp-content\/uploads\/2024\/04\/Copia-de-Copia-de-TAMANHO-EXATO-PARA-FOTOS-NO-SISTEMA-NOVO-17-2_2024-04-29_17-36-39_jpg.webp.webp?resize=150%2C150&ssl=1",150,150,true],"medium":["https:\/\/i0.wp.com\/ismaelcolosi.com.br\/wp-content\/uploads\/2024\/04\/Copia-de-Copia-de-TAMANHO-EXATO-PARA-FOTOS-NO-SISTEMA-NOVO-17-2_2024-04-29_17-36-39_jpg.webp.webp?fit=300%2C169&ssl=1",300,169,true],"medium_large":["https:\/\/i0.wp.com\/ismaelcolosi.com.br\/wp-content\/uploads\/2024\/04\/Copia-de-Copia-de-TAMANHO-EXATO-PARA-FOTOS-NO-SISTEMA-NOVO-17-2_2024-04-29_17-36-39_jpg.webp.webp?fit=768%2C432&ssl=1",768,432,true],"large":["https:\/\/i0.wp.com\/ismaelcolosi.com.br\/wp-content\/uploads\/2024\/04\/Copia-de-Copia-de-TAMANHO-EXATO-PARA-FOTOS-NO-SISTEMA-NOVO-17-2_2024-04-29_17-36-39_jpg.webp.webp?fit=1024%2C576&ssl=1",1024,576,true],"1536x1536":["https:\/\/i0.wp.com\/ismaelcolosi.com.br\/wp-content\/uploads\/2024\/04\/Copia-de-Copia-de-TAMANHO-EXATO-PARA-FOTOS-NO-SISTEMA-NOVO-17-2_2024-04-29_17-36-39_jpg.webp.webp?fit=1200%2C675&ssl=1",1200,675,true],"2048x2048":["https:\/\/i0.wp.com\/ismaelcolosi.com.br\/wp-content\/uploads\/2024\/04\/Copia-de-Copia-de-TAMANHO-EXATO-PARA-FOTOS-NO-SISTEMA-NOVO-17-2_2024-04-29_17-36-39_jpg.webp.webp?fit=1200%2C675&ssl=1",1200,675,true],"really-simple-thumb":["https:\/\/i0.wp.com\/ismaelcolosi.com.br\/wp-content\/uploads\/2024\/04\/Copia-de-Copia-de-TAMANHO-EXATO-PARA-FOTOS-NO-SISTEMA-NOVO-17-2_2024-04-29_17-36-39_jpg.webp.webp?resize=370%2C247&ssl=1",370,247,true]},"uagb_author_info":{"display_name":"ismaelcolosi.com.br","author_link":"https:\/\/ismaelcolosi.com.br\/index.php\/author\/vidareal-online\/"},"uagb_comment_info":0,"uagb_excerpt":"As inscri\u00e7\u00f5es para o concurso p\u00fablico da Prefeitura de Monte Alto, no interior de S\u00e3o Paulo, com 103 vagas, foram abertas \u00e0s 10h desta segunda-feira...","jetpack-related-posts":[{"id":45782,"url":"https:\/\/ismaelcolosi.com.br\/index.php\/2024\/04\/07\/veja-quatro-concursos-publicos-com-as-inscricoes-abertas-no-interior-de-sp\/","url_meta":{"origin":47925,"position":0},"title":"Veja quatro concursos p\u00fablicos com as inscri\u00e7\u00f5es abertas no interior de SP","author":"ismaelcolosi.com.br","date":"7 de April de 2024","format":false,"excerpt":"Para quem est\u00e1 em busca de uma oportunidade de emprego no servi\u00e7o p\u00fablico, o acidade on Ribeir\u00e3o separou quatro concursos p\u00fablicos com as inscri\u00e7\u00f5es abertas no interior de S\u00e3o Paulo. S\u00e3o mais de 400 vagas e sal\u00e1rios de at\u00e9 R$ 8 mil. Prefeitura de Ribeir\u00e3o Preto A Prefeitura de Ribeir\u00e3o\u2026","rel":"","context":"In &quot;Not\u00edcias de Ribeir\u00e3o Preto-SP e Regi\u00e3o&quot;","block_context":{"text":"Not\u00edcias de Ribeir\u00e3o Preto-SP e Regi\u00e3o","link":"https:\/\/ismaelcolosi.com.br\/index.php\/category\/noticias-de-ribeirao-preto-sp-e-regiao-ismael-colosi\/"},"img":{"alt_text":"","src":"https:\/\/i0.wp.com\/ismaelcolosi.com.br\/wp-content\/uploads\/2024\/04\/prova-concurso-publico-2.jpg?fit=1200%2C801&ssl=1&resize=350%2C200","width":350,"height":200,"srcset":"https:\/\/i0.wp.com\/ismaelcolosi.com.br\/wp-content\/uploads\/2024\/04\/prova-concurso-publico-2.jpg?fit=1200%2C801&ssl=1&resize=350%2C200 1x, https:\/\/i0.wp.com\/ismaelcolosi.com.br\/wp-content\/uploads\/2024\/04\/prova-concurso-publico-2.jpg?fit=1200%2C801&ssl=1&resize=525%2C300 1.5x, https:\/\/i0.wp.com\/ismaelcolosi.com.br\/wp-content\/uploads\/2024\/04\/prova-concurso-publico-2.jpg?fit=1200%2C801&ssl=1&resize=700%2C400 2x, https:\/\/i0.wp.com\/ismaelcolosi.com.br\/wp-content\/uploads\/2024\/04\/prova-concurso-publico-2.jpg?fit=1200%2C801&ssl=1&resize=1050%2C600 3x"},"classes":[]},{"id":23719,"url":"https:\/\/ismaelcolosi.com.br\/index.php\/2024\/01\/02\/estao-abertas-inscricoes-para-concurso-publico-em-rp\/","url_meta":{"origin":47925,"position":1},"title":"Est\u00e3o abertas inscri\u00e7\u00f5es para concurso p\u00fablico em RP","author":"ismaelcolosi.com.br","date":"2 de January de 2024","format":false,"excerpt":"Destaque Empregos e Est\u00e1gios 2 de janeiro de 2024 | 17:282 de janeiro de 2024 | 17:29 0A prefeitura de Ribeir\u00e3o Preto, por meio da Secretaria Municipal da Administra\u00e7\u00e3o, publicou, no Di\u00e1rio Oficial do Munic\u00edpio de sexta-feira, 22 de dezembro, o Edital n\u00ba06\/2023 para a realiza\u00e7\u00e3o de um novo concurso\u2026","rel":"","context":"In &quot;Not\u00edcias de Ribeir\u00e3o Preto-SP e Regi\u00e3o&quot;","block_context":{"text":"Not\u00edcias de Ribeir\u00e3o Preto-SP e Regi\u00e3o","link":"https:\/\/ismaelcolosi.com.br\/index.php\/category\/noticias-de-ribeirao-preto-sp-e-regiao-ismael-colosi\/"},"img":{"alt_text":"","src":"https:\/\/i0.wp.com\/ismaelcolosi.com.br\/wp-content\/uploads\/2024\/01\/concurso1-scaled.jpeg?fit=968%2C645&ssl=1&resize=350%2C200","width":350,"height":200,"srcset":"https:\/\/i0.wp.com\/ismaelcolosi.com.br\/wp-content\/uploads\/2024\/01\/concurso1-scaled.jpeg?fit=968%2C645&ssl=1&resize=350%2C200 1x, https:\/\/i0.wp.com\/ismaelcolosi.com.br\/wp-content\/uploads\/2024\/01\/concurso1-scaled.jpeg?fit=968%2C645&ssl=1&resize=525%2C300 1.5x, https:\/\/i0.wp.com\/ismaelcolosi.com.br\/wp-content\/uploads\/2024\/01\/concurso1-scaled.jpeg?fit=968%2C645&ssl=1&resize=700%2C400 2x"},"classes":[]},{"id":1105,"url":"https:\/\/ismaelcolosi.com.br\/index.php\/2023\/11\/10\/veja-cinco-concursos-publicos-no-interior-de-sp-com-salarios-de-ate-r-21-mil\/","url_meta":{"origin":47925,"position":2},"title":"Veja cinco concursos p\u00fablicos no interior de SP com sal\u00e1rios de at\u00e9 R$ 21 mil","author":"ismaelcolosi.com.br","date":"10 de November de 2023","format":false,"excerpt":"Nesta semana, diversos concursos p\u00fablicos foram abertos no interior de S\u00e3o Paulo. O acidade on Ribeir\u00e3o separou cinco concursos com vagas de n\u00edvel fundamental, m\u00e9dio, t\u00e9cnico e superior e sal\u00e1rios de at\u00e9 R$ 21 mil. Veja os concursos p\u00fablicos: Prefeitura de Ribeir\u00e3o Preto A Prefeitura de Ribeir\u00e3o Preto publicou edital\u2026","rel":"","context":"In &quot;Not\u00edcias de Ribeir\u00e3o Preto-SP e Regi\u00e3o&quot;","block_context":{"text":"Not\u00edcias de Ribeir\u00e3o Preto-SP e Regi\u00e3o","link":"https:\/\/ismaelcolosi.com.br\/index.php\/category\/noticias-de-ribeirao-preto-sp-e-regiao-ismael-colosi\/"},"img":{"alt_text":"","src":"https:\/\/i0.wp.com\/ismaelcolosi.com.br\/wp-content\/uploads\/2023\/11\/concurso-publico-9.jpg?fit=1200%2C800&ssl=1&resize=350%2C200","width":350,"height":200,"srcset":"https:\/\/i0.wp.com\/ismaelcolosi.com.br\/wp-content\/uploads\/2023\/11\/concurso-publico-9.jpg?fit=1200%2C800&ssl=1&resize=350%2C200 1x, https:\/\/i0.wp.com\/ismaelcolosi.com.br\/wp-content\/uploads\/2023\/11\/concurso-publico-9.jpg?fit=1200%2C800&ssl=1&resize=525%2C300 1.5x, https:\/\/i0.wp.com\/ismaelcolosi.com.br\/wp-content\/uploads\/2023\/11\/concurso-publico-9.jpg?fit=1200%2C800&ssl=1&resize=700%2C400 2x, https:\/\/i0.wp.com\/ismaelcolosi.com.br\/wp-content\/uploads\/2023\/11\/concurso-publico-9.jpg?fit=1200%2C800&ssl=1&resize=1050%2C600 3x"},"classes":[]},{"id":52649,"url":"https:\/\/ismaelcolosi.com.br\/index.php\/2024\/06\/09\/prefeitura-no-interior-de-sp-tem-20-vagas-em-concurso-publico-veja-como-se-inscrever\/","url_meta":{"origin":47925,"position":3},"title":"Prefeitura no interior de SP tem 20 vagas em concurso p\u00fablico; Veja como se inscrever","author":"ismaelcolosi.com.br","date":"9 de June de 2024","format":false,"excerpt":"A Prefeitura de Colina, cidade no interior de S\u00e3o Paulo, est\u00e1 com as inscri\u00e7\u00f5es abertas para concurso com 20 vagas, al\u00e9m de oportunidades para cadastro de reserva. As vagas s\u00e3o de n\u00edvel fundamental, m\u00e9dio e superior. Os sal\u00e1rios variam entre R$ 1,5 mil e R$ 2,8 mil. Para os cargos\u2026","rel":"","context":"In &quot;Not\u00edcias de Ribeir\u00e3o Preto-SP e Regi\u00e3o&quot;","block_context":{"text":"Not\u00edcias de Ribeir\u00e3o Preto-SP e Regi\u00e3o","link":"https:\/\/ismaelcolosi.com.br\/index.php\/category\/noticias-de-ribeirao-preto-sp-e-regiao-ismael-colosi\/"},"img":{"alt_text":"","src":"https:\/\/i0.wp.com\/ismaelcolosi.com.br\/wp-content\/uploads\/2024\/06\/concuso-publico.jpg?fit=1200%2C801&ssl=1&resize=350%2C200","width":350,"height":200,"srcset":"https:\/\/i0.wp.com\/ismaelcolosi.com.br\/wp-content\/uploads\/2024\/06\/concuso-publico.jpg?fit=1200%2C801&ssl=1&resize=350%2C200 1x, https:\/\/i0.wp.com\/ismaelcolosi.com.br\/wp-content\/uploads\/2024\/06\/concuso-publico.jpg?fit=1200%2C801&ssl=1&resize=525%2C300 1.5x, https:\/\/i0.wp.com\/ismaelcolosi.com.br\/wp-content\/uploads\/2024\/06\/concuso-publico.jpg?fit=1200%2C801&ssl=1&resize=700%2C400 2x, https:\/\/i0.wp.com\/ismaelcolosi.com.br\/wp-content\/uploads\/2024\/06\/concuso-publico.jpg?fit=1200%2C801&ssl=1&resize=1050%2C600 3x"},"classes":[]},{"id":51749,"url":"https:\/\/ismaelcolosi.com.br\/index.php\/2024\/05\/30\/ultimos-dias-para-inscricoes-de-concurso-publico-com-103-vagas-no-interior-de-sp\/","url_meta":{"origin":47925,"position":4},"title":"\u00daltimos dias para inscri\u00e7\u00f5es de concurso p\u00fablico com 103 vagas no interior de SP","author":"ismaelcolosi.com.br","date":"30 de May de 2024","format":false,"excerpt":"As inscri\u00e7\u00f5es para o concurso p\u00fablico da Prefeitura de Monte Alto, no interior de S\u00e3o Paulo, com 103 vagas, v\u00e3o at\u00e9 \u00e0s 23h59 do dia 4 de junho. Os interessados devem se inscrever pelo site da Funda\u00e7\u00e3o Vunesp (clique aqui). O valor da taxa de inscri\u00e7\u00e3o varia entre R$ 54,90\u2026","rel":"","context":"In &quot;Not\u00edcias de Ribeir\u00e3o Preto-SP e Regi\u00e3o&quot;","block_context":{"text":"Not\u00edcias de Ribeir\u00e3o Preto-SP e Regi\u00e3o","link":"https:\/\/ismaelcolosi.com.br\/index.php\/category\/noticias-de-ribeirao-preto-sp-e-regiao-ismael-colosi\/"},"img":{"alt_text":"","src":"https:\/\/i0.wp.com\/ismaelcolosi.com.br\/wp-content\/uploads\/2024\/05\/1717101207_acidadeon_logos_Prancheta-1-copia-12_edited.jpg?fit=1199%2C1200&ssl=1&resize=350%2C200","width":350,"height":200,"srcset":"https:\/\/i0.wp.com\/ismaelcolosi.com.br\/wp-content\/uploads\/2024\/05\/1717101207_acidadeon_logos_Prancheta-1-copia-12_edited.jpg?fit=1199%2C1200&ssl=1&resize=350%2C200 1x, https:\/\/i0.wp.com\/ismaelcolosi.com.br\/wp-content\/uploads\/2024\/05\/1717101207_acidadeon_logos_Prancheta-1-copia-12_edited.jpg?fit=1199%2C1200&ssl=1&resize=525%2C300 1.5x, https:\/\/i0.wp.com\/ismaelcolosi.com.br\/wp-content\/uploads\/2024\/05\/1717101207_acidadeon_logos_Prancheta-1-copia-12_edited.jpg?fit=1199%2C1200&ssl=1&resize=700%2C400 2x, https:\/\/i0.wp.com\/ismaelcolosi.com.br\/wp-content\/uploads\/2024\/05\/1717101207_acidadeon_logos_Prancheta-1-copia-12_edited.jpg?fit=1199%2C1200&ssl=1&resize=1050%2C600 3x"},"classes":[]},{"id":39632,"url":"https:\/\/ismaelcolosi.com.br\/index.php\/2024\/02\/27\/veja-cinco-concursos-publicos-com-vagas-abertas-em-ribeirao-preto-e-regiao\/","url_meta":{"origin":47925,"position":5},"title":"Veja cinco concursos p\u00fablicos com vagas abertas em Ribeir\u00e3o Preto e regi\u00e3o","author":"ismaelcolosi.com.br","date":"27 de February de 2024","format":false,"excerpt":"Os interessados em concorrer a uma vaga de concurso p\u00fablico contam com cinco processos seletivos dispon\u00edveis em Ribeir\u00e3o Preto e regi\u00e3o. Ao todo, s\u00e3o 87 vagas com sal\u00e1rios que podem chegar a R$ 10,2 mil. Confira os concursos p\u00fablicos: USP de Ribeir\u00e3o Preto A USP (Universidade de S\u00e3o Paulo) abriu\u2026","rel":"","context":"In &quot;Not\u00edcias de Ribeir\u00e3o Preto-SP e Regi\u00e3o&quot;","block_context":{"text":"Not\u00edcias de Ribeir\u00e3o Preto-SP e Regi\u00e3o","link":"https:\/\/ismaelcolosi.com.br\/index.php\/category\/noticias-de-ribeirao-preto-sp-e-regiao-ismael-colosi\/"},"img":{"alt_text":"","src":"https:\/\/i0.wp.com\/ismaelcolosi.com.br\/wp-content\/uploads\/2024\/02\/1709045486_concurso-publico-nacional-unificado-cesgranrio.jpg?fit=1200%2C798&ssl=1&resize=350%2C200","width":350,"height":200,"srcset":"https:\/\/i0.wp.com\/ismaelcolosi.com.br\/wp-content\/uploads\/2024\/02\/1709045486_concurso-publico-nacional-unificado-cesgranrio.jpg?fit=1200%2C798&ssl=1&resize=350%2C200 1x, https:\/\/i0.wp.com\/ismaelcolosi.com.br\/wp-content\/uploads\/2024\/02\/1709045486_concurso-publico-nacional-unificado-cesgranrio.jpg?fit=1200%2C798&ssl=1&resize=525%2C300 1.5x, https:\/\/i0.wp.com\/ismaelcolosi.com.br\/wp-content\/uploads\/2024\/02\/1709045486_concurso-publico-nacional-unificado-cesgranrio.jpg?fit=1200%2C798&ssl=1&resize=700%2C400 2x, https:\/\/i0.wp.com\/ismaelcolosi.com.br\/wp-content\/uploads\/2024\/02\/1709045486_concurso-publico-nacional-unificado-cesgranrio.jpg?fit=1200%2C798&ssl=1&resize=1050%2C600 3x"},"classes":[]}],"jetpack_sharing_enabled":true,"jetpack_shortlink":"https:\/\/wp.me\/pfMlyK-csZ","_links":{"self":[{"href":"https:\/\/ismaelcolosi.com.br\/index.php\/wp-json\/wp\/v2\/posts\/47925","targetHints":{"allow":["GET"]}}],"collection":[{"href":"https:\/\/ismaelcolosi.com.br\/index.php\/wp-json\/wp\/v2\/posts"}],"about":[{"href":"https:\/\/ismaelcolosi.com.br\/index.php\/wp-json\/wp\/v2\/types\/post"}],"author":[{"embeddable":true,"href":"https:\/\/ismaelcolosi.com.br\/index.php\/wp-json\/wp\/v2\/users\/1"}],"replies":[{"embeddable":true,"href":"https:\/\/ismaelcolosi.com.br\/index.php\/wp-json\/wp\/v2\/comments?post=47925"}],"version-history":[{"count":0,"href":"https:\/\/ismaelcolosi.com.br\/index.php\/wp-json\/wp\/v2\/posts\/47925\/revisions"}],"wp:featuredmedia":[{"embeddable":true,"href":"https:\/\/ismaelcolosi.com.br\/index.php\/wp-json\/wp\/v2\/media\/47926"}],"wp:attachment":[{"href":"https:\/\/ismaelcolosi.com.br\/index.php\/wp-json\/wp\/v2\/media?parent=47925"}],"wp:term":[{"taxonomy":"category","embeddable":true,"href":"https:\/\/ismaelcolosi.com.br\/index.php\/wp-json\/wp\/v2\/categories?post=47925"},{"taxonomy":"post_tag","embeddable":true,"href":"https:\/\/ismaelcolosi.com.br\/index.php\/wp-json\/wp\/v2\/tags?post=47925"}],"curies":[{"name":"wp","href":"https:\/\/api.w.org\/{rel}","templated":true}]}}