{"id":47921,"date":"2024-04-29T15:52:37","date_gmt":"2024-04-29T18:52:37","guid":{"rendered":"https:\/\/ismaelcolosi.com.br\/index.php\/2024\/04\/29\/ex-jogadora-do-corinthians-e-diagnosticada-com-linfoma-de-hodgkin\/"},"modified":"2024-04-29T15:52:37","modified_gmt":"2024-04-29T18:52:37","slug":"ex-jogadora-do-corinthians-e-diagnosticada-com-linfoma-de-hodgkin","status":"publish","type":"post","link":"https:\/\/ismaelcolosi.com.br\/index.php\/2024\/04\/29\/ex-jogadora-do-corinthians-e-diagnosticada-com-linfoma-de-hodgkin\/","title":{"rendered":"Ex-jogadora do Corinthians \u00e9 diagnosticada com Linfoma de Hodgkin"},"content":{"rendered":"<p> <br \/>\n<\/p>\n<div>\n<p>A meio-campista da <strong>sele\u00e7\u00e3o brasileira feminina de futebol<\/strong>,<strong> Luana Bertolucci<\/strong>, ex-jogadora do<strong> Corinthians<\/strong>, revelou nesta segunda-feira (29) que foi diagnosticada com<strong> Linfoma de Hodgkin<\/strong>, <mark style=\"background-color:#fcb900\" class=\"has-inline-color has-black-color\">um tipo de c\u00e2ncer que ser origina no sistema linf\u00e1tico.<\/mark><\/p>\n<p>Em comunicado em rede social, a jogadora de 30 anos disse que recebeu o diagn\u00f3stico ap\u00f3s exames detalhados e que iniciar\u00e1 o tratamento de quimioterapia no <strong>Orlando Health Cancer Institute<\/strong>.<\/p><div class='code-block code-block-8' style='margin: 8px auto; text-align: center; display: block; clear: both;'>\n<script>\n  atOptions = {\n    'key' : '66e2e2111ca34da796271819fc334058',\n    'format' : 'iframe',\n    'height' : 250,\n    'width' : 300,\n    'params' : {}\n  };\n<\/script>\n<script src=\"https:\/\/www.highperformanceformat.com\/66e2e2111ca34da796271819fc334058\/invoke.js\"><\/script>\n<\/div>\n\n<p>\u201cComo atleta profissional j\u00e1 passei por muitos desafios dentro e fora de campo. Sempre enfrentei tudo com coragem e determina\u00e7\u00e3o e dessa vez n\u00e3o ser\u00e1 diferente. Ap\u00f3s realizar exames detalhados nas \u00faltimas semanas, fui diagnosticada com Linfoma de Hodgkin. Farei tratamento de quimioterapia e conto com o apoio e as ora\u00e7\u00f5es de voc\u00eas. Quero tamb\u00e9m agradecer o apoio da minha fam\u00edlia e dos amigos que t\u00eam me fortalecido nesse momento. Agrade\u00e7o \u00e0 sele\u00e7\u00e3o brasileira e tamb\u00e9m ao Orlando Pride pelo apoio incondicional. Pe\u00e7o tamb\u00e9m respeito \u00e0 minha privacidade nesse momento. Vamos juntos\u201d, disse a jogadora em comunicado oficial no Instagram.<\/p>\n<p>Ex-jogadora do Corinthians, Luana foi contratada pelo <strong>Orlando Pride (Estados Unidos)<\/strong>, mesmo clube da atacante Marta, em dezembro do ano passado. Em sua primeira temporada na nova casa, jogou apenas tr\u00eas partidas.<\/p>\n<p>O clube manifestou apoio \u00e0 brasileira nas redes sociais e logo se criou uma rede de solidariedade \u00e0 atleta, com publica\u00e7\u00f5es de solidariedade de v\u00e1rios outros times da Am\u00e9rica do Norte, como <strong>Chicago Red Stars<\/strong>, <strong>Washington Spirit<\/strong>, e <strong>Angel City FC<\/strong>, entre outros.<\/p>\n<p>\u201cLutamos nossas batalhas juntos, dentro e fora do campo, e os atletas e funcion\u00e1rios do Orlando Pride estar\u00e3o lado a lado com Luana e unidos em nosso apoio a ela durante todo esse processo\u201d, disse a gerente-geral Haley Carter,\u00a0 que refor\u00e7ou o apoio tamb\u00e9m em sua conta pessoal no X.<\/p>\n<h4 class=\"wp-block-heading\"><strong>Copa do Mundo<\/strong><\/h4>\n<p>Luana defendeu a sele\u00e7\u00e3o brasileira em duas Copas do Mundos. A \u00faltima convoca\u00e7\u00e3o ocorreu em 15 de mar\u00e7o, para disputar o torneio SheBelieves, nos Estados Unidos. No entanto, 19 dias depois, a meio-campista foi cortada por motivos pessoais, sendo substitu\u00edda por Julia Bianchi.<\/p>\n<p>SAIBA MAIS<br \/>Chit\u00e3ozinho &amp; Xoror\u00f3 s\u00e3o os primeiros artistas sertanejos no Rock in Rio<\/p>\n<h4 class=\"wp-block-heading\"><strong>FIQUE ON<\/strong><\/h4>\n<p>Fique ligado em tudo que acontece em Ribeir\u00e3o Preto e regi\u00e3o. Siga os perfis do <strong>acidade on <\/strong>no <a href=\"https:\/\/www.instagram.com\/acidadeonribeirao\" target=\"_blank\" rel=\"noreferrer noopener nofollow\">Instagram<\/a> e no <a href=\"https:\/\/www.facebook.com\/acidadeonribeirao\" target=\"_blank\" rel=\"noreferrer noopener nofollow\">Facebook<\/a>.<\/p>\n<p>Receba not\u00edcias do <strong>acidade on <\/strong>no WhatsApp.<a href=\"https:\/\/chat.whatsapp.com\/GFH9HUMUTHNFJdnyEd0xxq\" target=\"_blank\" rel=\"noreferrer noopener nofollow\"> Para entrar no grupo, basta clicar aqui.<\/a><\/p>\n<p>Fa\u00e7a uma den\u00fancia ou sugira uma reportagem sobre Ribeir\u00e3o Preto e regi\u00e3o pelo WhatsApp: 16 99117 7802.<\/p>\n<p>VEJA TAMB\u00c9M<br \/>Quando ser\u00e1 o sorteio das oitavas da Libertadores?<\/p>\n<p><!-- AI CONTENT END 1 -->\n<\/div>\n<p><script async src=\"\/\/www.instagram.com\/embed.js\"><\/script><br \/>\n<br \/><br \/>\n<br \/><a href=\"https:\/\/www.acidadeon.com\/ribeiraopreto\/esportes\/ex-jogadora-do-corinthians-e-diagnosticada-com-linfoma-de-hodgkin\/\">Source link <\/a><\/p>\n<div class='code-block code-block-4' style='margin: 8px auto 8px 0; text-align: left; display: block; clear: both;'>\n\ud83d\udce2 Aviso Legal\n\nO site ismaelcolosi.com.br atua apenas como um canal de divulga\u00e7\u00e3o de oportunidades de emprego e n\u00e3o se responsabiliza pelo processo seletivo, contrata\u00e7\u00e3o ou qualquer outra etapa relacionada \u00e0s vagas publicadas. Todas as informa\u00e7\u00f5es s\u00e3o de responsabilidade dos anunciantes.\n\n\u26a0\ufe0f Aten\u00e7\u00e3o! Nunca pague por promessas de emprego nem compre cursos que garantam contrata\u00e7\u00e3o. Desconfie de qualquer cobran\u00e7a para participar de sele\u00e7\u00f5es.\n\n\n\n<\/div>\n<!-- CONTENT END 1 -->\n","protected":false},"excerpt":{"rendered":"<p>A meio-campista da sele\u00e7\u00e3o brasileira feminina de futebol, Luana Bertolucci, ex-jogadora do Corinthians, revelou nesta segunda-feira (29) que foi diagnosticada com Linfoma de Hodgkin, um&#8230;<\/p>\n","protected":false},"author":1,"featured_media":47922,"comment_status":"open","ping_status":"open","sticky":false,"template":"","format":"standard","meta":{"_uag_custom_page_level_css":"","advanced_seo_description":"","jetpack_seo_html_title":"","jetpack_seo_noindex":false,"jetpack_post_was_ever_published":false,"_jetpack_newsletter_access":"","_jetpack_dont_email_post_to_subs":false,"_jetpack_newsletter_tier_id":0,"_jetpack_memberships_contains_paywalled_content":false,"_jetpack_memberships_contains_paid_content":false,"footnotes":"","jetpack_publicize_message":"","jetpack_publicize_feature_enabled":true,"jetpack_social_post_already_shared":true,"jetpack_social_options":{"image_generator_settings":{"template":"highway","default_image_id":0,"font":"","enabled":false},"version":2}},"categories":[11],"tags":[],"class_list":["post-47921","post","type-post","status-publish","format-standard","has-post-thumbnail","hentry","category-noticias-de-ribeirao-preto-sp-e-regiao-ismael-colosi"],"jetpack_publicize_connections":[],"jetpack_featured_media_url":"https:\/\/i0.wp.com\/ismaelcolosi.com.br\/wp-content\/uploads\/2024\/04\/luana_2024-04-29_17-56-21_jpg.webp.webp?fit=941%2C627&ssl=1","uagb_featured_image_src":{"full":["https:\/\/i0.wp.com\/ismaelcolosi.com.br\/wp-content\/uploads\/2024\/04\/luana_2024-04-29_17-56-21_jpg.webp.webp?fit=941%2C627&ssl=1",941,627,false],"thumbnail":["https:\/\/i0.wp.com\/ismaelcolosi.com.br\/wp-content\/uploads\/2024\/04\/luana_2024-04-29_17-56-21_jpg.webp.webp?resize=150%2C150&ssl=1",150,150,true],"medium":["https:\/\/i0.wp.com\/ismaelcolosi.com.br\/wp-content\/uploads\/2024\/04\/luana_2024-04-29_17-56-21_jpg.webp.webp?fit=300%2C200&ssl=1",300,200,true],"medium_large":["https:\/\/i0.wp.com\/ismaelcolosi.com.br\/wp-content\/uploads\/2024\/04\/luana_2024-04-29_17-56-21_jpg.webp.webp?fit=768%2C512&ssl=1",768,512,true],"large":["https:\/\/i0.wp.com\/ismaelcolosi.com.br\/wp-content\/uploads\/2024\/04\/luana_2024-04-29_17-56-21_jpg.webp.webp?fit=941%2C627&ssl=1",941,627,true],"1536x1536":["https:\/\/i0.wp.com\/ismaelcolosi.com.br\/wp-content\/uploads\/2024\/04\/luana_2024-04-29_17-56-21_jpg.webp.webp?fit=941%2C627&ssl=1",941,627,true],"2048x2048":["https:\/\/i0.wp.com\/ismaelcolosi.com.br\/wp-content\/uploads\/2024\/04\/luana_2024-04-29_17-56-21_jpg.webp.webp?fit=941%2C627&ssl=1",941,627,true],"really-simple-thumb":["https:\/\/i0.wp.com\/ismaelcolosi.com.br\/wp-content\/uploads\/2024\/04\/luana_2024-04-29_17-56-21_jpg.webp.webp?resize=370%2C247&ssl=1",370,247,true]},"uagb_author_info":{"display_name":"ismaelcolosi.com.br","author_link":"https:\/\/ismaelcolosi.com.br\/index.php\/author\/vidareal-online\/"},"uagb_comment_info":0,"uagb_excerpt":"A meio-campista da sele\u00e7\u00e3o brasileira feminina de futebol, Luana Bertolucci, ex-jogadora do Corinthians, revelou nesta segunda-feira (29) que foi diagnosticada com Linfoma de Hodgkin, um...","jetpack-related-posts":[{"id":73761,"url":"https:\/\/ismaelcolosi.com.br\/index.php\/2024\/10\/28\/linfoma-nao-hodgkin-entenda-o-cancer-de-eduardo-suplicy\/","url_meta":{"origin":47921,"position":0},"title":"Linfoma n\u00e3o-Hodgkin: entenda o c\u00e2ncer de Eduardo Suplicy","author":"ismaelcolosi.com.br","date":"28 de October de 2024","format":false,"excerpt":"Nesta segunda-feira (28), o deputado Eduardo Suplicy (PT) anunciou que est\u00e1 com linfoma n\u00e3o-Hodgkin. Em comunicado publicado nas redes sociais, Suplicy confirmou que recebeu o diagn\u00f3stico em julho e que est\u00e1 realizando tratamento imunoquimioter\u00e1pico para a doen\u00e7a. O que \u00e9 Linfoma n\u00e3o-Hodgkin? De acordo com o Instituto Nacional do C\u00e2ncer\u2026","rel":"","context":"In &quot;Not\u00edcias de Ribeir\u00e3o Preto-SP e Regi\u00e3o&quot;","block_context":{"text":"Not\u00edcias de Ribeir\u00e3o Preto-SP e Regi\u00e3o","link":"https:\/\/ismaelcolosi.com.br\/index.php\/category\/noticias-de-ribeirao-preto-sp-e-regiao-ismael-colosi\/"},"img":{"alt_text":"","src":"https:\/\/i0.wp.com\/ismaelcolosi.com.br\/wp-content\/uploads\/2024\/10\/Copia-de-Copia-de-Copia-de-TAMANHO-EXATO-PARA-FOTOS-NO-SISTEMA-NOVO-51_2024-10-28_18-52-14_png_2024-10-28_18-52-14.webp.webp?fit=1200%2C675&ssl=1&resize=350%2C200","width":350,"height":200,"srcset":"https:\/\/i0.wp.com\/ismaelcolosi.com.br\/wp-content\/uploads\/2024\/10\/Copia-de-Copia-de-Copia-de-TAMANHO-EXATO-PARA-FOTOS-NO-SISTEMA-NOVO-51_2024-10-28_18-52-14_png_2024-10-28_18-52-14.webp.webp?fit=1200%2C675&ssl=1&resize=350%2C200 1x, https:\/\/i0.wp.com\/ismaelcolosi.com.br\/wp-content\/uploads\/2024\/10\/Copia-de-Copia-de-Copia-de-TAMANHO-EXATO-PARA-FOTOS-NO-SISTEMA-NOVO-51_2024-10-28_18-52-14_png_2024-10-28_18-52-14.webp.webp?fit=1200%2C675&ssl=1&resize=525%2C300 1.5x, https:\/\/i0.wp.com\/ismaelcolosi.com.br\/wp-content\/uploads\/2024\/10\/Copia-de-Copia-de-Copia-de-TAMANHO-EXATO-PARA-FOTOS-NO-SISTEMA-NOVO-51_2024-10-28_18-52-14_png_2024-10-28_18-52-14.webp.webp?fit=1200%2C675&ssl=1&resize=700%2C400 2x, https:\/\/i0.wp.com\/ismaelcolosi.com.br\/wp-content\/uploads\/2024\/10\/Copia-de-Copia-de-Copia-de-TAMANHO-EXATO-PARA-FOTOS-NO-SISTEMA-NOVO-51_2024-10-28_18-52-14_png_2024-10-28_18-52-14.webp.webp?fit=1200%2C675&ssl=1&resize=1050%2C600 3x"},"classes":[]},{"id":46418,"url":"https:\/\/ismaelcolosi.com.br\/index.php\/2024\/04\/11\/saiba-qual-e-o-cancer-terminal-enfrentado-por-jovem-que-vai-se-casar\/","url_meta":{"origin":47921,"position":1},"title":"Saiba qual \u00e9 o c\u00e2ncer terminal enfrentado por jovem que vai se casar","author":"ismaelcolosi.com.br","date":"11 de April de 2024","format":false,"excerpt":"A jovem Isabel Veloso, de 17 anos, emocionou milh\u00f5es de seguidores nas redes sociais ap\u00f3s revelar que em podcasts que enfrenta um c\u00e2ncer terminal. Ela vai se casar no pr\u00f3ximo s\u00e1bado (13), com o namorado Lucas Borbas, um sonho que pretende realizar. Isabel Veloso foi diagnosticada com linfoma de Hodgkin\u2026","rel":"","context":"In &quot;Not\u00edcias de Ribeir\u00e3o Preto-SP e Regi\u00e3o&quot;","block_context":{"text":"Not\u00edcias de Ribeir\u00e3o Preto-SP e Regi\u00e3o","link":"https:\/\/ismaelcolosi.com.br\/index.php\/category\/noticias-de-ribeirao-preto-sp-e-regiao-ismael-colosi\/"},"img":{"alt_text":"","src":"https:\/\/i0.wp.com\/ismaelcolosi.com.br\/wp-content\/uploads\/2024\/04\/AnyConv.com__isabel-veloso.webp.webp?fit=1080%2C865&ssl=1&resize=350%2C200","width":350,"height":200,"srcset":"https:\/\/i0.wp.com\/ismaelcolosi.com.br\/wp-content\/uploads\/2024\/04\/AnyConv.com__isabel-veloso.webp.webp?fit=1080%2C865&ssl=1&resize=350%2C200 1x, https:\/\/i0.wp.com\/ismaelcolosi.com.br\/wp-content\/uploads\/2024\/04\/AnyConv.com__isabel-veloso.webp.webp?fit=1080%2C865&ssl=1&resize=525%2C300 1.5x, https:\/\/i0.wp.com\/ismaelcolosi.com.br\/wp-content\/uploads\/2024\/04\/AnyConv.com__isabel-veloso.webp.webp?fit=1080%2C865&ssl=1&resize=700%2C400 2x, https:\/\/i0.wp.com\/ismaelcolosi.com.br\/wp-content\/uploads\/2024\/04\/AnyConv.com__isabel-veloso.webp.webp?fit=1080%2C865&ssl=1&resize=1050%2C600 3x"},"classes":[]},{"id":25501,"url":"https:\/\/ismaelcolosi.com.br\/index.php\/2024\/01\/07\/entenda-como-funciona-a-terapia-celular-car-t-cell-contra-o-cancer\/","url_meta":{"origin":47921,"position":2},"title":"Entenda como funciona a terapia celular CAR-T Cell contra o c\u00e2ncer\u00a0","author":"ismaelcolosi.com.br","date":"7 de January de 2024","format":false,"excerpt":"A terapia celular CAR-T Cell tem obtido resultado importante no tratamento de alguns tipos de c\u00e2ncer, por meio da reprograma\u00e7\u00e3o das c\u00e9lulas de defesa do corpo. A tecnologia celular CAR-T \u00e9 um tipo de imunoterapia que utiliza linf\u00f3citos T, c\u00e9lulas do sistema imunol\u00f3gico respons\u00e1veis por combater agentes patog\u00eanicos e c\u00e9lulas\u2026","rel":"","context":"In &quot;Not\u00edcias de Ribeir\u00e3o Preto-SP e Regi\u00e3o&quot;","block_context":{"text":"Not\u00edcias de Ribeir\u00e3o Preto-SP e Regi\u00e3o","link":"https:\/\/ismaelcolosi.com.br\/index.php\/category\/noticias-de-ribeirao-preto-sp-e-regiao-ismael-colosi\/"},"img":{"alt_text":"","src":"https:\/\/i0.wp.com\/ismaelcolosi.com.br\/wp-content\/uploads\/2024\/01\/2-cancer-foto-2-antes_depois-scaled.jpg?fit=1000%2C598&ssl=1&resize=350%2C200","width":350,"height":200,"srcset":"https:\/\/i0.wp.com\/ismaelcolosi.com.br\/wp-content\/uploads\/2024\/01\/2-cancer-foto-2-antes_depois-scaled.jpg?fit=1000%2C598&ssl=1&resize=350%2C200 1x, https:\/\/i0.wp.com\/ismaelcolosi.com.br\/wp-content\/uploads\/2024\/01\/2-cancer-foto-2-antes_depois-scaled.jpg?fit=1000%2C598&ssl=1&resize=525%2C300 1.5x, https:\/\/i0.wp.com\/ismaelcolosi.com.br\/wp-content\/uploads\/2024\/01\/2-cancer-foto-2-antes_depois-scaled.jpg?fit=1000%2C598&ssl=1&resize=700%2C400 2x"},"classes":[]},{"id":42017,"url":"https:\/\/ismaelcolosi.com.br\/index.php\/2024\/03\/12\/usp-inicia-teste-contra-o-cancer\/","url_meta":{"origin":47921,"position":3},"title":"USP inicia teste contra o c\u00e2ncer\u00a0","author":"ismaelcolosi.com.br","date":"12 de March de 2024","format":false,"excerpt":"12 de mar\u00e7o de 2024 | 15:0012 de mar\u00e7o de 2024 | 9:27 0Com informa\u00e7\u00f5es de Carlos Fioravanti \u00a0(Revista Fapesp)\u00a0\u00a0Come\u00e7a na pr\u00f3xima sexta-feira, 15 de mar\u00e7o, o estudo cl\u00ednico com o uso de terapia CAR-T conduzido pelo Hemocentro de Ribeir\u00e3o Preto, em parceria com o Hospital das Cl\u00ednicas da Faculdade\u2026","rel":"","context":"In &quot;Not\u00edcias de Ribeir\u00e3o Preto-SP e Regi\u00e3o&quot;","block_context":{"text":"Not\u00edcias de Ribeir\u00e3o Preto-SP e Regi\u00e3o","link":"https:\/\/ismaelcolosi.com.br\/index.php\/category\/noticias-de-ribeirao-preto-sp-e-regiao-ismael-colosi\/"},"img":{"alt_text":"","src":"https:\/\/i0.wp.com\/ismaelcolosi.com.br\/wp-content\/uploads\/2024\/03\/Linfoma-Nut-Guilherme-Sircili-scaled.jpg?fit=1000%2C585&ssl=1&resize=350%2C200","width":350,"height":200,"srcset":"https:\/\/i0.wp.com\/ismaelcolosi.com.br\/wp-content\/uploads\/2024\/03\/Linfoma-Nut-Guilherme-Sircili-scaled.jpg?fit=1000%2C585&ssl=1&resize=350%2C200 1x, https:\/\/i0.wp.com\/ismaelcolosi.com.br\/wp-content\/uploads\/2024\/03\/Linfoma-Nut-Guilherme-Sircili-scaled.jpg?fit=1000%2C585&ssl=1&resize=525%2C300 1.5x, https:\/\/i0.wp.com\/ismaelcolosi.com.br\/wp-content\/uploads\/2024\/03\/Linfoma-Nut-Guilherme-Sircili-scaled.jpg?fit=1000%2C585&ssl=1&resize=700%2C400 2x"},"classes":[]},{"id":42294,"url":"https:\/\/ismaelcolosi.com.br\/index.php\/2024\/03\/13\/entenda-como-funciona-a-terapia-celular-contra-o-cancer-do-hc-de-ribeirao\/","url_meta":{"origin":47921,"position":4},"title":"Entenda como funciona a terapia celular contra o c\u00e2ncer do HC de Ribeir\u00e3o","author":"ismaelcolosi.com.br","date":"13 de March de 2024","format":false,"excerpt":"O Hospital das Cl\u00ednicas de Ribeir\u00e3o Preto come\u00e7a nesta sexta-feira (15) os testes sobre o tratamento celular contra o c\u00e2ncer. Na primeira etapa, o tratamento com c\u00e9lulas CAR-T ser\u00e1 aplicado em quatro pacientes com linfoma e leucemia. O tratamento com c\u00e9lulas CAR-T foi desenvolvido em 2017 nos Estados Unidos e,\u2026","rel":"","context":"In &quot;Not\u00edcias de Ribeir\u00e3o Preto-SP e Regi\u00e3o&quot;","block_context":{"text":"Not\u00edcias de Ribeir\u00e3o Preto-SP e Regi\u00e3o","link":"https:\/\/ismaelcolosi.com.br\/index.php\/category\/noticias-de-ribeirao-preto-sp-e-regiao-ismael-colosi\/"},"img":{"alt_text":"","src":"https:\/\/i0.wp.com\/ismaelcolosi.com.br\/wp-content\/uploads\/2024\/03\/AnyConv.com__celula-cart.webp.webp?fit=1200%2C630&ssl=1&resize=350%2C200","width":350,"height":200,"srcset":"https:\/\/i0.wp.com\/ismaelcolosi.com.br\/wp-content\/uploads\/2024\/03\/AnyConv.com__celula-cart.webp.webp?fit=1200%2C630&ssl=1&resize=350%2C200 1x, https:\/\/i0.wp.com\/ismaelcolosi.com.br\/wp-content\/uploads\/2024\/03\/AnyConv.com__celula-cart.webp.webp?fit=1200%2C630&ssl=1&resize=525%2C300 1.5x, https:\/\/i0.wp.com\/ismaelcolosi.com.br\/wp-content\/uploads\/2024\/03\/AnyConv.com__celula-cart.webp.webp?fit=1200%2C630&ssl=1&resize=700%2C400 2x, https:\/\/i0.wp.com\/ismaelcolosi.com.br\/wp-content\/uploads\/2024\/03\/AnyConv.com__celula-cart.webp.webp?fit=1200%2C630&ssl=1&resize=1050%2C600 3x"},"classes":[]},{"id":19664,"url":"https:\/\/ismaelcolosi.com.br\/index.php\/2023\/12\/22\/hemocentro-rp-ministerio-da-saude-libera-r-100-milhoes-para-terapia-car-t-cell\/","url_meta":{"origin":47921,"position":5},"title":"Hemocentro RP: Minist\u00e9rio da Sa\u00fade libera R$ 100 milh\u00f5es para terapia CAR-T Cell\u00a0","author":"ismaelcolosi.com.br","date":"22 de December de 2023","format":false,"excerpt":"Verba ser\u00e1 liberada pelo Programa de Acelera\u00e7\u00e3o do Crescimento\u00a0 22 de dezembro de 2023 | 17:0022 de dezembro de 2023 | 15:43 0O Minist\u00e9rio da Sa\u00fade confirmou o repasse de R$ 100 milh\u00f5es para o financiamento da pesquisa de desenvolvimento da terapia celular CAR-T Cell na Funda\u00e7\u00e3o Hemocentro de Ribeir\u00e3o\u2026","rel":"","context":"In &quot;Not\u00edcias de Ribeir\u00e3o Preto-SP e Regi\u00e3o&quot;","block_context":{"text":"Not\u00edcias de Ribeir\u00e3o Preto-SP e Regi\u00e3o","link":"https:\/\/ismaelcolosi.com.br\/index.php\/category\/noticias-de-ribeirao-preto-sp-e-regiao-ismael-colosi\/"},"img":{"alt_text":"","src":"https:\/\/i0.wp.com\/ismaelcolosi.com.br\/wp-content\/uploads\/2023\/12\/2-hermocentro-energia_nuclear_usada_para_diagnostico_de_cancer-scaled.jpg?fit=1000%2C598&ssl=1&resize=350%2C200","width":350,"height":200,"srcset":"https:\/\/i0.wp.com\/ismaelcolosi.com.br\/wp-content\/uploads\/2023\/12\/2-hermocentro-energia_nuclear_usada_para_diagnostico_de_cancer-scaled.jpg?fit=1000%2C598&ssl=1&resize=350%2C200 1x, https:\/\/i0.wp.com\/ismaelcolosi.com.br\/wp-content\/uploads\/2023\/12\/2-hermocentro-energia_nuclear_usada_para_diagnostico_de_cancer-scaled.jpg?fit=1000%2C598&ssl=1&resize=525%2C300 1.5x, https:\/\/i0.wp.com\/ismaelcolosi.com.br\/wp-content\/uploads\/2023\/12\/2-hermocentro-energia_nuclear_usada_para_diagnostico_de_cancer-scaled.jpg?fit=1000%2C598&ssl=1&resize=700%2C400 2x"},"classes":[]}],"jetpack_sharing_enabled":true,"jetpack_shortlink":"https:\/\/wp.me\/pfMlyK-csV","_links":{"self":[{"href":"https:\/\/ismaelcolosi.com.br\/index.php\/wp-json\/wp\/v2\/posts\/47921","targetHints":{"allow":["GET"]}}],"collection":[{"href":"https:\/\/ismaelcolosi.com.br\/index.php\/wp-json\/wp\/v2\/posts"}],"about":[{"href":"https:\/\/ismaelcolosi.com.br\/index.php\/wp-json\/wp\/v2\/types\/post"}],"author":[{"embeddable":true,"href":"https:\/\/ismaelcolosi.com.br\/index.php\/wp-json\/wp\/v2\/users\/1"}],"replies":[{"embeddable":true,"href":"https:\/\/ismaelcolosi.com.br\/index.php\/wp-json\/wp\/v2\/comments?post=47921"}],"version-history":[{"count":0,"href":"https:\/\/ismaelcolosi.com.br\/index.php\/wp-json\/wp\/v2\/posts\/47921\/revisions"}],"wp:featuredmedia":[{"embeddable":true,"href":"https:\/\/ismaelcolosi.com.br\/index.php\/wp-json\/wp\/v2\/media\/47922"}],"wp:attachment":[{"href":"https:\/\/ismaelcolosi.com.br\/index.php\/wp-json\/wp\/v2\/media?parent=47921"}],"wp:term":[{"taxonomy":"category","embeddable":true,"href":"https:\/\/ismaelcolosi.com.br\/index.php\/wp-json\/wp\/v2\/categories?post=47921"},{"taxonomy":"post_tag","embeddable":true,"href":"https:\/\/ismaelcolosi.com.br\/index.php\/wp-json\/wp\/v2\/tags?post=47921"}],"curies":[{"name":"wp","href":"https:\/\/api.w.org\/{rel}","templated":true}]}}